{"id":12461,"date":"2018-02-12T14:00:30","date_gmt":"2018-02-12T13:00:30","guid":{"rendered":"http:\/\/dicodusport.fr\/blog\/?p=12461"},"modified":"2018-02-12T14:15:19","modified_gmt":"2018-02-12T13:15:19","slug":"homme-week-end-renaud-lavillenie-senvole-a-nouveau","status":"publish","type":"post","link":"https:\/\/dicodusport.fr\/blog\/homme-week-end-renaud-lavillenie-senvole-a-nouveau\/","title":{"rendered":"L&rsquo;homme du week-end : Renaud Lavillenie s&rsquo;envole \u00e0 nouveau"},"content":{"rendered":"<p style=\"text-align: justify;\"><em><strong>Au meeting de Rouen, Renaud Lavillenie a remport\u00e9 le concours, ex-aequo avec son bourreau de Rio, Thiago Braz. Tout deux ont \u00e9tabli la meilleure performance de la saison.\u00a0<\/strong><\/em><\/p>\n<p style=\"text-align: justify;\">Il y a encore quelques temps, une performance de Renaud Lavillenie \u00e0 5 m\u00e8tres 90 ne faisait plus r\u00e9agir les observateurs, tellement le Clermontois avait r\u00e9ussi \u00e0 banaliser la performance. M\u00eame s&rsquo;il a d\u00e9croch\u00e9 une m\u00e9daille de bronze aux championnats du Mondes \u00e0 Londres en ao\u00fbt, sa saison 2017 a \u00e9t\u00e9 d\u00e9cevante pour Renaud Lavillenie \u00e0 cause d&rsquo;une saison hivernale tronqu\u00e9e par des blessures.<\/p>\n<p style=\"text-align: justify;\">En 2017, il a franchi une seule fois 5m\u00e8tres 90 ou plus, \u00e0 Varsovie quelques jours apr\u00e8s les Mondiaux. Alors cette performance, si t\u00f4t dans la saison, nous laisse \u00e0 penser que le Fran\u00e7aise est de retour au premier plan et que ses soucis de sant\u00e9 sont maintenant loin derri\u00e8re lui. Le 25 f\u00e9vrier prochain, il aura l&rsquo;occasion de briller \u00e0 nouveau au <a href=\"http:\/\/dicodusport.fr\/blog\/renaud-lavillenie-lance-3eme-edition-all-star-perche\/\" target=\"_blank\" rel=\"noopener\">All Star Perche<\/a>, comp\u00e9tition qu&rsquo;il organise pour la troisi\u00e8me saison cons\u00e9cutive.<\/p>\n<p style=\"text-align: justify;\">\u00a0<em><strong>Nicolas Jacquemard<\/strong><br \/>\n<\/em><a style=\"color: #000000;\" href=\"https:\/\/twitter.com\/Nico_Jacquemard\" target=\"_blank\" rel=\"noopener noreferrer\"><img loading=\"lazy\" decoding=\"async\" class=\"alignnone wp-image-2908\" src=\"http:\/\/dicodusport.fr\/blog\/wp-content\/uploads\/2017\/07\/logo-twitter-150x150.png\" alt=\"\" width=\"39\" height=\"39\" \/><\/a><a style=\"color: #000000;\" href=\"https:\/\/www.facebook.com\/dicodusport\/\" target=\"_blank\" rel=\"noopener noreferrer\"><img loading=\"lazy\" decoding=\"async\" class=\"alignnone wp-image-2909\" src=\"http:\/\/dicodusport.fr\/blog\/wp-content\/uploads\/2017\/07\/logo-facebook-150x150.png\" alt=\"\" width=\"40\" height=\"40\" \/><\/a><\/p>\n","protected":false},"excerpt":{"rendered":"<p>Au meeting de Rouen, Renaud Lavillenie a remport\u00e9 le concours, ex aequo avec son de Rio Thiago Braz, en \u00e9tablissant tout deux la meilleur performance de la saison.\u00a0<\/p>\n","protected":false},"author":1,"featured_media":12462,"comment_status":"open","ping_status":"closed","sticky":false,"template":"","format":"standard","meta":{"_acf_changed":false,"_daextam_enable_autolinks":"","footnotes":""},"categories":[2,2308],"tags":[1028,1036,1426],"class_list":["post-12461","post","type-post","status-publish","format-standard","has-post-thumbnail","hentry","category-actualites","category-athletisme","tag-perche","tag-renaud-lavillenie","tag-saut-a-la-perche"],"acf":[],"yoast_head":"<!-- This site is optimized with the Yoast SEO Premium plugin v26.7 (Yoast SEO v26.7) - https:\/\/yoast.com\/wordpress\/plugins\/seo\/ -->\n<title>L&#039;homme du week-end : Renaud Lavillenie s&#039;envole \u00e0 nouveau<\/title>\n<meta name=\"description\" content=\"Au meeting de Rouen, Renaud Lavillenie a remport\u00e9 le concours, ex aequo avec son de Rio Thiago Braz, en \u00e9tablissant tout deux la meilleur performance de la saison.\u00a0\" \/>\n<meta name=\"robots\" content=\"index, follow, max-snippet:-1, max-image-preview:large, max-video-preview:-1\" \/>\n<link rel=\"canonical\" href=\"https:\/\/dicodusport.fr\/blog\/homme-week-end-renaud-lavillenie-senvole-a-nouveau\/\" \/>\n<meta property=\"og:locale\" content=\"fr_FR\" \/>\n<meta property=\"og:type\" content=\"article\" \/>\n<meta property=\"og:title\" content=\"L&#039;homme du week-end : Renaud Lavillenie s&#039;envole \u00e0 nouveau\" \/>\n<meta property=\"og:description\" content=\"Au meeting de Rouen, Renaud Lavillenie a remport\u00e9 le concours, ex aequo avec son de Rio Thiago Braz, en \u00e9tablissant tout deux la meilleur performance de la saison.\u00a0\" \/>\n<meta property=\"og:url\" content=\"https:\/\/dicodusport.fr\/blog\/homme-week-end-renaud-lavillenie-senvole-a-nouveau\/\" \/>\n<meta property=\"og:site_name\" content=\"Dicodusport\" \/>\n<meta property=\"article:publisher\" content=\"https:\/\/www.facebook.com\/dicodusport\" \/>\n<meta property=\"article:author\" content=\"https:\/\/www.facebook.com\/dicodusport\" \/>\n<meta property=\"article:published_time\" content=\"2018-02-12T13:00:30+00:00\" \/>\n<meta property=\"article:modified_time\" content=\"2018-02-12T13:15:19+00:00\" \/>\n<meta property=\"og:image\" content=\"https:\/\/dicodusport.fr\/blog\/wp-content\/uploads\/2018\/02\/Renaud-Lavillenie-1.png\" \/>\n\t<meta property=\"og:image:width\" content=\"800\" \/>\n\t<meta property=\"og:image:height\" content=\"445\" \/>\n\t<meta property=\"og:image:type\" content=\"image\/png\" \/>\n<meta name=\"author\" content=\"Nicolas Jacquemard\" \/>\n<meta name=\"twitter:card\" content=\"summary_large_image\" \/>\n<meta name=\"twitter:creator\" content=\"@https:\/\/twitter.com\/Nico_Jacquemard\" \/>\n<meta name=\"twitter:site\" content=\"@dicodusport\" \/>\n<script type=\"application\/ld+json\" class=\"yoast-schema-graph\">{\"@context\":\"https:\/\/schema.org\",\"@graph\":[{\"@type\":\"NewsArticle\",\"@id\":\"https:\/\/dicodusport.fr\/blog\/homme-week-end-renaud-lavillenie-senvole-a-nouveau\/#article\",\"isPartOf\":{\"@id\":\"https:\/\/dicodusport.fr\/blog\/homme-week-end-renaud-lavillenie-senvole-a-nouveau\/\"},\"author\":{\"name\":\"Nicolas Jacquemard\",\"@id\":\"https:\/\/dicodusport.fr\/blog\/#\/schema\/person\/55dcb50ad410894e431ed812bbb70191\"},\"headline\":\"L&rsquo;homme du week-end : Renaud Lavillenie s&rsquo;envole \u00e0 nouveau\",\"datePublished\":\"2018-02-12T13:00:30+00:00\",\"dateModified\":\"2018-02-12T13:15:19+00:00\",\"mainEntityOfPage\":{\"@id\":\"https:\/\/dicodusport.fr\/blog\/homme-week-end-renaud-lavillenie-senvole-a-nouveau\/\"},\"wordCount\":186,\"commentCount\":0,\"publisher\":{\"@id\":\"https:\/\/dicodusport.fr\/blog\/#organization\"},\"image\":{\"@id\":\"https:\/\/dicodusport.fr\/blog\/homme-week-end-renaud-lavillenie-senvole-a-nouveau\/#primaryimage\"},\"thumbnailUrl\":\"https:\/\/dicodusport.fr\/blog\/wp-content\/uploads\/2018\/02\/Renaud-Lavillenie-1.png\",\"keywords\":[\"perche\",\"renaud lavillenie\",\"saut \u00e0 la perche\"],\"articleSection\":[\"Actualit\u00e9s\",\"Athl\u00e9tisme\"],\"inLanguage\":\"fr-FR\",\"potentialAction\":[{\"@type\":\"CommentAction\",\"name\":\"Comment\",\"target\":[\"https:\/\/dicodusport.fr\/blog\/homme-week-end-renaud-lavillenie-senvole-a-nouveau\/#respond\"]}],\"copyrightYear\":\"2018\",\"copyrightHolder\":{\"@id\":\"https:\/\/dicodusport.fr\/blog\/#organization\"}},{\"@type\":\"WebPage\",\"@id\":\"https:\/\/dicodusport.fr\/blog\/homme-week-end-renaud-lavillenie-senvole-a-nouveau\/\",\"url\":\"https:\/\/dicodusport.fr\/blog\/homme-week-end-renaud-lavillenie-senvole-a-nouveau\/\",\"name\":\"L'homme du week-end : Renaud Lavillenie s'envole \u00e0 nouveau\",\"isPartOf\":{\"@id\":\"https:\/\/dicodusport.fr\/blog\/#website\"},\"primaryImageOfPage\":{\"@id\":\"https:\/\/dicodusport.fr\/blog\/homme-week-end-renaud-lavillenie-senvole-a-nouveau\/#primaryimage\"},\"image\":{\"@id\":\"https:\/\/dicodusport.fr\/blog\/homme-week-end-renaud-lavillenie-senvole-a-nouveau\/#primaryimage\"},\"thumbnailUrl\":\"https:\/\/dicodusport.fr\/blog\/wp-content\/uploads\/2018\/02\/Renaud-Lavillenie-1.png\",\"datePublished\":\"2018-02-12T13:00:30+00:00\",\"dateModified\":\"2018-02-12T13:15:19+00:00\",\"description\":\"Au meeting de Rouen, Renaud Lavillenie a remport\u00e9 le concours, ex aequo avec son de Rio Thiago Braz, en \u00e9tablissant tout deux la meilleur performance de la saison.\u00a0\",\"breadcrumb\":{\"@id\":\"https:\/\/dicodusport.fr\/blog\/homme-week-end-renaud-lavillenie-senvole-a-nouveau\/#breadcrumb\"},\"inLanguage\":\"fr-FR\",\"potentialAction\":[{\"@type\":\"ReadAction\",\"target\":[\"https:\/\/dicodusport.fr\/blog\/homme-week-end-renaud-lavillenie-senvole-a-nouveau\/\"]}]},{\"@type\":\"ImageObject\",\"inLanguage\":\"fr-FR\",\"@id\":\"https:\/\/dicodusport.fr\/blog\/homme-week-end-renaud-lavillenie-senvole-a-nouveau\/#primaryimage\",\"url\":\"https:\/\/dicodusport.fr\/blog\/wp-content\/uploads\/2018\/02\/Renaud-Lavillenie-1.png\",\"contentUrl\":\"https:\/\/dicodusport.fr\/blog\/wp-content\/uploads\/2018\/02\/Renaud-Lavillenie-1.png\",\"width\":800,\"height\":445,\"caption\":\"Renaud Lavillenie\"},{\"@type\":\"BreadcrumbList\",\"@id\":\"https:\/\/dicodusport.fr\/blog\/homme-week-end-renaud-lavillenie-senvole-a-nouveau\/#breadcrumb\",\"itemListElement\":[{\"@type\":\"ListItem\",\"position\":1,\"name\":\"Accueil\",\"item\":\"https:\/\/dicodusport.fr\/blog\/\"},{\"@type\":\"ListItem\",\"position\":2,\"name\":\"L&rsquo;homme du week-end : Renaud Lavillenie s&rsquo;envole \u00e0 nouveau\"}]},{\"@type\":\"WebSite\",\"@id\":\"https:\/\/dicodusport.fr\/blog\/#website\",\"url\":\"https:\/\/dicodusport.fr\/blog\/\",\"name\":\"Dicodusport\",\"description\":\"L&#039;encyclop\u00e9die de l&#039;actualit\u00e9 sportive\",\"publisher\":{\"@id\":\"https:\/\/dicodusport.fr\/blog\/#organization\"},\"potentialAction\":[{\"@type\":\"SearchAction\",\"target\":{\"@type\":\"EntryPoint\",\"urlTemplate\":\"https:\/\/dicodusport.fr\/blog\/?s={search_term_string}\"},\"query-input\":{\"@type\":\"PropertyValueSpecification\",\"valueRequired\":true,\"valueName\":\"search_term_string\"}}],\"inLanguage\":\"fr-FR\"},{\"@type\":\"NewsMediaOrganization\",\"@id\":\"https:\/\/dicodusport.fr\/blog\/#organization\",\"name\":\"Dicodusport\",\"url\":\"https:\/\/dicodusport.fr\/blog\/\",\"logo\":{\"@type\":\"ImageObject\",\"inLanguage\":\"fr-FR\",\"@id\":\"https:\/\/dicodusport.fr\/blog\/#\/schema\/logo\/image\/\",\"url\":\"https:\/\/dicodusport.fr\/blog\/wp-content\/uploads\/2020\/06\/cropped-LOGO-DICODUSPORT-2020-SANS-FOND-SANS-TEXTE.png\",\"contentUrl\":\"https:\/\/dicodusport.fr\/blog\/wp-content\/uploads\/2020\/06\/cropped-LOGO-DICODUSPORT-2020-SANS-FOND-SANS-TEXTE.png\",\"width\":512,\"height\":512,\"caption\":\"Dicodusport\"},\"image\":{\"@id\":\"https:\/\/dicodusport.fr\/blog\/#\/schema\/logo\/image\/\"},\"sameAs\":[\"https:\/\/www.facebook.com\/dicodusport\",\"https:\/\/x.com\/dicodusport\",\"https:\/\/www.instagram.com\/dicodusport\/\",\"https:\/\/www.youtube.com\/channel\/UC7V2KZ5sd3htJivAbA4ZG3w\"],\"description\":\"Dicodusport est l'encyclop\u00e9die de l'actualit\u00e9 sportive.\",\"email\":\"bonjour@dicodusport.fr\",\"legalName\":\"DICODUSPORT\",\"foundingDate\":\"2018-01-14\",\"vatID\":\"FR71834470973\",\"taxID\":\"83447097300043\",\"numberOfEmployees\":{\"@type\":\"QuantitativeValue\",\"minValue\":\"1\",\"maxValue\":\"10\"}},{\"@type\":\"Person\",\"@id\":\"https:\/\/dicodusport.fr\/blog\/#\/schema\/person\/55dcb50ad410894e431ed812bbb70191\",\"name\":\"Nicolas Jacquemard\",\"image\":{\"@type\":\"ImageObject\",\"inLanguage\":\"fr-FR\",\"@id\":\"https:\/\/dicodusport.fr\/blog\/#\/schema\/person\/image\/\",\"url\":\"https:\/\/dicodusport.fr\/blog\/wp-content\/uploads\/2021\/05\/Nicolas-Jacquemard-150x150.jpeg\",\"contentUrl\":\"https:\/\/dicodusport.fr\/blog\/wp-content\/uploads\/2021\/05\/Nicolas-Jacquemard-150x150.jpeg\",\"caption\":\"Nicolas Jacquemard\"},\"description\":\"Passionn\u00e9 de sport et entrepreneur depuis mes 18 ans, la cr\u00e9ation de Dicodusport m'a sembl\u00e9 \u00e9vidente pour participer \u00e0 la m\u00e9diatisation d'un plus grand nombre de sports. Le chemin est long mais avec une \u00e9quipe des plus motiv\u00e9es et les Jeux Olympiques de Paris 2024 en point de mire, nous y arriverons ! Journaliste dans le monde du sport depuis plus de 5 ans, je traite aussi bien de football, de rugby, de biathlon que de cyclisme.\",\"sameAs\":[\"https:\/\/www.facebook.com\/dicodusport\",\"https:\/\/x.com\/https:\/\/twitter.com\/Nico_Jacquemard\"],\"url\":\"https:\/\/dicodusport.fr\/blog\/author\/dicodusport\/\"}]}<\/script>\n<!-- \/ Yoast SEO Premium plugin. -->","yoast_head_json":{"title":"L'homme du week-end : Renaud Lavillenie s'envole \u00e0 nouveau","description":"Au meeting de Rouen, Renaud Lavillenie a remport\u00e9 le concours, ex aequo avec son de Rio Thiago Braz, en \u00e9tablissant tout deux la meilleur performance de la saison.\u00a0","robots":{"index":"index","follow":"follow","max-snippet":"max-snippet:-1","max-image-preview":"max-image-preview:large","max-video-preview":"max-video-preview:-1"},"canonical":"https:\/\/dicodusport.fr\/blog\/homme-week-end-renaud-lavillenie-senvole-a-nouveau\/","og_locale":"fr_FR","og_type":"article","og_title":"L'homme du week-end : Renaud Lavillenie s'envole \u00e0 nouveau","og_description":"Au meeting de Rouen, Renaud Lavillenie a remport\u00e9 le concours, ex aequo avec son de Rio Thiago Braz, en \u00e9tablissant tout deux la meilleur performance de la saison.\u00a0","og_url":"https:\/\/dicodusport.fr\/blog\/homme-week-end-renaud-lavillenie-senvole-a-nouveau\/","og_site_name":"Dicodusport","article_publisher":"https:\/\/www.facebook.com\/dicodusport","article_author":"https:\/\/www.facebook.com\/dicodusport","article_published_time":"2018-02-12T13:00:30+00:00","article_modified_time":"2018-02-12T13:15:19+00:00","og_image":[{"width":800,"height":445,"url":"https:\/\/dicodusport.fr\/blog\/wp-content\/uploads\/2018\/02\/Renaud-Lavillenie-1.png","type":"image\/png"}],"author":"Nicolas Jacquemard","twitter_card":"summary_large_image","twitter_creator":"@https:\/\/twitter.com\/Nico_Jacquemard","twitter_site":"@dicodusport","schema":{"@context":"https:\/\/schema.org","@graph":[{"@type":"NewsArticle","@id":"https:\/\/dicodusport.fr\/blog\/homme-week-end-renaud-lavillenie-senvole-a-nouveau\/#article","isPartOf":{"@id":"https:\/\/dicodusport.fr\/blog\/homme-week-end-renaud-lavillenie-senvole-a-nouveau\/"},"author":{"name":"Nicolas Jacquemard","@id":"https:\/\/dicodusport.fr\/blog\/#\/schema\/person\/55dcb50ad410894e431ed812bbb70191"},"headline":"L&rsquo;homme du week-end : Renaud Lavillenie s&rsquo;envole \u00e0 nouveau","datePublished":"2018-02-12T13:00:30+00:00","dateModified":"2018-02-12T13:15:19+00:00","mainEntityOfPage":{"@id":"https:\/\/dicodusport.fr\/blog\/homme-week-end-renaud-lavillenie-senvole-a-nouveau\/"},"wordCount":186,"commentCount":0,"publisher":{"@id":"https:\/\/dicodusport.fr\/blog\/#organization"},"image":{"@id":"https:\/\/dicodusport.fr\/blog\/homme-week-end-renaud-lavillenie-senvole-a-nouveau\/#primaryimage"},"thumbnailUrl":"https:\/\/dicodusport.fr\/blog\/wp-content\/uploads\/2018\/02\/Renaud-Lavillenie-1.png","keywords":["perche","renaud lavillenie","saut \u00e0 la perche"],"articleSection":["Actualit\u00e9s","Athl\u00e9tisme"],"inLanguage":"fr-FR","potentialAction":[{"@type":"CommentAction","name":"Comment","target":["https:\/\/dicodusport.fr\/blog\/homme-week-end-renaud-lavillenie-senvole-a-nouveau\/#respond"]}],"copyrightYear":"2018","copyrightHolder":{"@id":"https:\/\/dicodusport.fr\/blog\/#organization"}},{"@type":"WebPage","@id":"https:\/\/dicodusport.fr\/blog\/homme-week-end-renaud-lavillenie-senvole-a-nouveau\/","url":"https:\/\/dicodusport.fr\/blog\/homme-week-end-renaud-lavillenie-senvole-a-nouveau\/","name":"L'homme du week-end : Renaud Lavillenie s'envole \u00e0 nouveau","isPartOf":{"@id":"https:\/\/dicodusport.fr\/blog\/#website"},"primaryImageOfPage":{"@id":"https:\/\/dicodusport.fr\/blog\/homme-week-end-renaud-lavillenie-senvole-a-nouveau\/#primaryimage"},"image":{"@id":"https:\/\/dicodusport.fr\/blog\/homme-week-end-renaud-lavillenie-senvole-a-nouveau\/#primaryimage"},"thumbnailUrl":"https:\/\/dicodusport.fr\/blog\/wp-content\/uploads\/2018\/02\/Renaud-Lavillenie-1.png","datePublished":"2018-02-12T13:00:30+00:00","dateModified":"2018-02-12T13:15:19+00:00","description":"Au meeting de Rouen, Renaud Lavillenie a remport\u00e9 le concours, ex aequo avec son de Rio Thiago Braz, en \u00e9tablissant tout deux la meilleur performance de la saison.\u00a0","breadcrumb":{"@id":"https:\/\/dicodusport.fr\/blog\/homme-week-end-renaud-lavillenie-senvole-a-nouveau\/#breadcrumb"},"inLanguage":"fr-FR","potentialAction":[{"@type":"ReadAction","target":["https:\/\/dicodusport.fr\/blog\/homme-week-end-renaud-lavillenie-senvole-a-nouveau\/"]}]},{"@type":"ImageObject","inLanguage":"fr-FR","@id":"https:\/\/dicodusport.fr\/blog\/homme-week-end-renaud-lavillenie-senvole-a-nouveau\/#primaryimage","url":"https:\/\/dicodusport.fr\/blog\/wp-content\/uploads\/2018\/02\/Renaud-Lavillenie-1.png","contentUrl":"https:\/\/dicodusport.fr\/blog\/wp-content\/uploads\/2018\/02\/Renaud-Lavillenie-1.png","width":800,"height":445,"caption":"Renaud Lavillenie"},{"@type":"BreadcrumbList","@id":"https:\/\/dicodusport.fr\/blog\/homme-week-end-renaud-lavillenie-senvole-a-nouveau\/#breadcrumb","itemListElement":[{"@type":"ListItem","position":1,"name":"Accueil","item":"https:\/\/dicodusport.fr\/blog\/"},{"@type":"ListItem","position":2,"name":"L&rsquo;homme du week-end : Renaud Lavillenie s&rsquo;envole \u00e0 nouveau"}]},{"@type":"WebSite","@id":"https:\/\/dicodusport.fr\/blog\/#website","url":"https:\/\/dicodusport.fr\/blog\/","name":"Dicodusport","description":"L&#039;encyclop\u00e9die de l&#039;actualit\u00e9 sportive","publisher":{"@id":"https:\/\/dicodusport.fr\/blog\/#organization"},"potentialAction":[{"@type":"SearchAction","target":{"@type":"EntryPoint","urlTemplate":"https:\/\/dicodusport.fr\/blog\/?s={search_term_string}"},"query-input":{"@type":"PropertyValueSpecification","valueRequired":true,"valueName":"search_term_string"}}],"inLanguage":"fr-FR"},{"@type":"NewsMediaOrganization","@id":"https:\/\/dicodusport.fr\/blog\/#organization","name":"Dicodusport","url":"https:\/\/dicodusport.fr\/blog\/","logo":{"@type":"ImageObject","inLanguage":"fr-FR","@id":"https:\/\/dicodusport.fr\/blog\/#\/schema\/logo\/image\/","url":"https:\/\/dicodusport.fr\/blog\/wp-content\/uploads\/2020\/06\/cropped-LOGO-DICODUSPORT-2020-SANS-FOND-SANS-TEXTE.png","contentUrl":"https:\/\/dicodusport.fr\/blog\/wp-content\/uploads\/2020\/06\/cropped-LOGO-DICODUSPORT-2020-SANS-FOND-SANS-TEXTE.png","width":512,"height":512,"caption":"Dicodusport"},"image":{"@id":"https:\/\/dicodusport.fr\/blog\/#\/schema\/logo\/image\/"},"sameAs":["https:\/\/www.facebook.com\/dicodusport","https:\/\/x.com\/dicodusport","https:\/\/www.instagram.com\/dicodusport\/","https:\/\/www.youtube.com\/channel\/UC7V2KZ5sd3htJivAbA4ZG3w"],"description":"Dicodusport est l'encyclop\u00e9die de l'actualit\u00e9 sportive.","email":"bonjour@dicodusport.fr","legalName":"DICODUSPORT","foundingDate":"2018-01-14","vatID":"FR71834470973","taxID":"83447097300043","numberOfEmployees":{"@type":"QuantitativeValue","minValue":"1","maxValue":"10"}},{"@type":"Person","@id":"https:\/\/dicodusport.fr\/blog\/#\/schema\/person\/55dcb50ad410894e431ed812bbb70191","name":"Nicolas Jacquemard","image":{"@type":"ImageObject","inLanguage":"fr-FR","@id":"https:\/\/dicodusport.fr\/blog\/#\/schema\/person\/image\/","url":"https:\/\/dicodusport.fr\/blog\/wp-content\/uploads\/2021\/05\/Nicolas-Jacquemard-150x150.jpeg","contentUrl":"https:\/\/dicodusport.fr\/blog\/wp-content\/uploads\/2021\/05\/Nicolas-Jacquemard-150x150.jpeg","caption":"Nicolas Jacquemard"},"description":"Passionn\u00e9 de sport et entrepreneur depuis mes 18 ans, la cr\u00e9ation de Dicodusport m'a sembl\u00e9 \u00e9vidente pour participer \u00e0 la m\u00e9diatisation d'un plus grand nombre de sports. Le chemin est long mais avec une \u00e9quipe des plus motiv\u00e9es et les Jeux Olympiques de Paris 2024 en point de mire, nous y arriverons ! Journaliste dans le monde du sport depuis plus de 5 ans, je traite aussi bien de football, de rugby, de biathlon que de cyclisme.","sameAs":["https:\/\/www.facebook.com\/dicodusport","https:\/\/x.com\/https:\/\/twitter.com\/Nico_Jacquemard"],"url":"https:\/\/dicodusport.fr\/blog\/author\/dicodusport\/"}]}},"_links":{"self":[{"href":"https:\/\/dicodusport.fr\/blog\/wp-json\/wp\/v2\/posts\/12461","targetHints":{"allow":["GET"]}}],"collection":[{"href":"https:\/\/dicodusport.fr\/blog\/wp-json\/wp\/v2\/posts"}],"about":[{"href":"https:\/\/dicodusport.fr\/blog\/wp-json\/wp\/v2\/types\/post"}],"author":[{"embeddable":true,"href":"https:\/\/dicodusport.fr\/blog\/wp-json\/wp\/v2\/users\/1"}],"replies":[{"embeddable":true,"href":"https:\/\/dicodusport.fr\/blog\/wp-json\/wp\/v2\/comments?post=12461"}],"version-history":[{"count":0,"href":"https:\/\/dicodusport.fr\/blog\/wp-json\/wp\/v2\/posts\/12461\/revisions"}],"wp:featuredmedia":[{"embeddable":true,"href":"https:\/\/dicodusport.fr\/blog\/wp-json\/wp\/v2\/media\/12462"}],"wp:attachment":[{"href":"https:\/\/dicodusport.fr\/blog\/wp-json\/wp\/v2\/media?parent=12461"}],"wp:term":[{"taxonomy":"category","embeddable":true,"href":"https:\/\/dicodusport.fr\/blog\/wp-json\/wp\/v2\/categories?post=12461"},{"taxonomy":"post_tag","embeddable":true,"href":"https:\/\/dicodusport.fr\/blog\/wp-json\/wp\/v2\/tags?post=12461"}],"curies":[{"name":"wp","href":"https:\/\/api.w.org\/{rel}","templated":true}]}}