{"id":1250,"date":"2017-03-17T14:40:01","date_gmt":"2017-03-17T13:40:01","guid":{"rendered":"http:\/\/dicodusport.fr\/blog\/?p=1250"},"modified":"2021-04-13T23:27:31","modified_gmt":"2021-04-13T21:27:31","slug":"maryam-ismaili-decrocher-medaille-aux-championnats-monde","status":"publish","type":"post","link":"https:\/\/dicodusport.fr\/blog\/maryam-ismaili-decrocher-medaille-aux-championnats-monde\/","title":{"rendered":"Maryam Ismaili, d\u00e9crocher une m\u00e9daille aux championnats du monde"},"content":{"rendered":"<p style=\"text-align: justify;\"><span style=\"color: #000000;\"><em>On a rencontr\u00e9\u00a0Maryam Ismaili, championne belge de <span style=\"color: #0000ff;\"><a style=\"color: #0000ff;\" href=\"http:\/\/dicodusport.fr\/definition-sport\/taekwondo\/\" target=\"_blank\" rel=\"noopener\">taekwondo<\/a><\/span>, qui esseyera de d\u00e9crocher une m\u00e9daille aux championnats du monde en Juin.<\/em><\/span><\/p>\n<p style=\"text-align: justify;\"><span style=\"text-decoration: underline;\"><strong><span style=\"color: #000000; text-decoration: underline;\">Maryam, peux-tu te pr\u00e9senter en quelques mots\u00a0? A quel \u00e2ge et comment as-tu commenc\u00e9 le taekwondo ?<\/span><\/strong><\/span><\/p>\n<p style=\"text-align: justify;\"><span style=\"color: #000000;\">Maryam Ismaili, athl\u00e8te de Haut Niveau en <span style=\"color: #0000ff;\"><a style=\"color: #0000ff;\" href=\"http:\/\/dicodusport.fr\/definition-sport\/taekwondo\/\" target=\"_blank\" rel=\"noopener\">taekwondo<\/a><\/span>. J\u2019ai d\u00e9but\u00e9 le taekwondo \u00e0 l\u2019\u00e2ge de 17 ans, par hasard. Ayant directement accroch\u00e9 je me lance dans la comp\u00e9tition tr\u00e8s rapidement. En 2007, j\u2019obtiens ma ceinture noire\u00a01\u00e8re Dan. De 2009 \u00e0 2016 j\u2019ai pu remporter plusieurs m\u00e9dailles internationales et participer \u00e0 divers championnats du Monde et d\u2019Europe. En ce moment je suis 8<sup>i\u00e8me<\/sup> Mondiale dans ma cat\u00e9gorie des -46kg et 23<sup>i\u00e8me<\/sup> dans le ranking Olympique des -49kg.<\/span><\/p>\n<p style=\"text-align: justify;\"><span style=\"text-decoration: underline;\"><strong><span style=\"color: #000000; text-decoration: underline;\">Quels sont tes objectifs pour la saison 2017\u00a0?<\/span><\/strong><\/span><\/p>\n<p style=\"text-align: justify;\"><span style=\"color: #000000;\">Aller chercher une m\u00e9daille au Championnat du Monde en Juin 2017. Apr\u00e8s cela participer aux 3 futurs Grand Prix (Ao\u00fbt, septembre et octobre) accessible uniquement au TOP 32 du ranking Olympique.<\/span><\/p>\n<p style=\"text-align: justify;\"><span style=\"text-decoration: underline;\"><strong><span style=\"color: #000000; text-decoration: underline;\">Pourquoi avoir lanc\u00e9 une campagne de crowdfunding ?<\/span><\/strong><\/span><\/p>\n<p style=\"text-align: justify;\"><span style=\"color: #000000;\">Le crownfunding me permet de collecter des fonds pour ma pr\u00e9paration pour le Championnat du Monde. Je paye \u00e9norm\u00e9ment de ma poche et les nombreux d\u00e9placements co\u00fbtent chers. Des amis dans mon entourage mon encourag\u00e9 \u00e0 lancer cette campagne.<\/span><\/p>\n<p style=\"text-align: justify;\"><span style=\"text-decoration: underline;\"><strong><span style=\"color: #000000; text-decoration: underline;\">Pourquoi avoir choisi <span style=\"color: #0000ff;\"><a style=\"color: #0000ff; text-decoration: underline;\" href=\"http:\/\/fosburit.com\" target=\"_blank\" rel=\"noopener\">Fosburit<\/a><\/span>\u00a0?<\/span><\/strong><\/span><\/p>\n<p style=\"text-align: justify;\"><span style=\"color: #000000;\">Un ami m\u2019avait envoy\u00e9 un lien, celui de Fosburit. J\u2019ai regard\u00e9 sur d\u2019autres site de crownfunding \u00e9galement et j\u2019ai finalement opt\u00e9 pour Fosburit. Facile et convivial.<\/span><\/p>\n<p style=\"text-align: justify;\"><span style=\"text-decoration: underline;\"><strong><span style=\"color: #000000; text-decoration: underline;\">Qu\u2019est que tu aurais envie de dire \u00e0 des jeunes pour les inciter \u00e0 d\u00e9couvrir ton sport\u00a0?<\/span><\/strong><\/span><\/p>\n<p style=\"text-align: justify;\"><span style=\"color: #000000;\">Le taekwondo est un sport complet. Il travaille la souplesse, la force, l\u2019\u00e9quilibre, l\u2019explosivit\u00e9, l\u2019endurance et le mental. Les combats de taekwondo sont spectaculaires et tr\u00e8s beau \u00e0 voir. Une fois qu\u2019on commence on peut plus s\u2019en passer.<\/span><\/p>\n<p style=\"text-align: justify;\"><strong><span style=\"text-decoration: underline;\"><span style=\"color: #000000; text-decoration: underline;\">Le mot de la fin\u00a0?<\/span><\/span><\/strong><\/p>\n<p style=\"text-align: justify;\"><span style=\"color: #000000;\">J\u2019ai besoin de vous\u00a0! Merci \u00e0 tous ceux qui m\u2019ont soutenu jusqu\u2019\u00e0 pr\u00e9sent et j\u2019esp\u00e8re qu\u2019ensemble nous pourrons aller chercher cette m\u00e9daille.<\/span><\/p>\n<p style=\"text-align: justify;\"><span style=\"color: #000000;\"><strong>Pour soutenir Maryam et sa qu\u00eate de m\u00e9daille mondiale, c&rsquo;est par <span style=\"color: #0000ff;\"><a style=\"color: #0000ff;\" href=\"https:\/\/www.fosburit.com\/projets\/projet\/route-vers-muju-championnat-monde-de-taekwondo\/\" target=\"_blank\" rel=\"noopener\">ici<\/a><\/span> !<\/strong><\/span><\/p>\n<p style=\"text-align: justify;\"><img loading=\"lazy\" decoding=\"async\" class=\"size-thumbnail wp-image-999 aligncenter\" src=\"http:\/\/dicodusport.fr\/blog\/wp-content\/uploads\/2017\/01\/cropped-logo-dicodusport-sans-fond-150x150.png\" alt=\"\" width=\"150\" height=\"150\" srcset=\"https:\/\/dicodusport.fr\/blog\/wp-content\/uploads\/2017\/01\/cropped-logo-dicodusport-sans-fond-150x150.png 150w, https:\/\/dicodusport.fr\/blog\/wp-content\/uploads\/2017\/01\/cropped-logo-dicodusport-sans-fond-300x300.png 300w, https:\/\/dicodusport.fr\/blog\/wp-content\/uploads\/2017\/01\/cropped-logo-dicodusport-sans-fond-270x270.png 270w, https:\/\/dicodusport.fr\/blog\/wp-content\/uploads\/2017\/01\/cropped-logo-dicodusport-sans-fond-192x192.png 192w, https:\/\/dicodusport.fr\/blog\/wp-content\/uploads\/2017\/01\/cropped-logo-dicodusport-sans-fond-180x180.png 180w, https:\/\/dicodusport.fr\/blog\/wp-content\/uploads\/2017\/01\/cropped-logo-dicodusport-sans-fond-32x32.png 32w, https:\/\/dicodusport.fr\/blog\/wp-content\/uploads\/2017\/01\/cropped-logo-dicodusport-sans-fond.png 512w\" sizes=\"auto, (max-width: 150px) 100vw, 150px\" \/><\/p>\n","protected":false},"excerpt":{"rendered":"<p>On a rencontr\u00e9\u00a0Maryam Ismaili, championne belge de taekwondo, qui esseyera de d\u00e9crocher une m\u00e9daille aux championnats du monde en Juin. Maryam, peux-tu te pr\u00e9senter en quelques mots\u00a0? A quel \u00e2ge et comment as-tu commenc\u00e9 le taekwondo ? Maryam Ismaili, athl\u00e8te de Haut Niveau en taekwondo. J\u2019ai d\u00e9but\u00e9 le taekwondo \u00e0 l\u2019\u00e2ge de 17 ans, par [&hellip;]<\/p>\n","protected":false},"author":1,"featured_media":1251,"comment_status":"open","ping_status":"closed","sticky":false,"template":"","format":"standard","meta":{"_acf_changed":false,"_daextam_enable_autolinks":"","footnotes":""},"categories":[4],"tags":[96,926],"class_list":["post-1250","post","type-post","status-publish","format-standard","has-post-thumbnail","hentry","category-portraits","tag-fosburit","tag-taekwondo"],"acf":[],"yoast_head":"<!-- This site is optimized with the Yoast SEO Premium plugin v26.7 (Yoast SEO v26.7) - https:\/\/yoast.com\/wordpress\/plugins\/seo\/ -->\n<title>Maryam Ismaili, d\u00e9crocher une m\u00e9daille aux championnats du monde<\/title>\n<meta name=\"robots\" content=\"index, follow, max-snippet:-1, max-image-preview:large, max-video-preview:-1\" \/>\n<link rel=\"canonical\" href=\"https:\/\/dicodusport.fr\/blog\/maryam-ismaili-decrocher-medaille-aux-championnats-monde\/\" \/>\n<meta property=\"og:locale\" content=\"fr_FR\" \/>\n<meta property=\"og:type\" content=\"article\" \/>\n<meta property=\"og:title\" content=\"Maryam Ismaili, d\u00e9crocher une m\u00e9daille aux championnats du monde\" \/>\n<meta property=\"og:description\" content=\"On a rencontr\u00e9\u00a0Maryam Ismaili, championne belge de taekwondo, qui esseyera de d\u00e9crocher une m\u00e9daille aux championnats du monde en Juin. Maryam, peux-tu te pr\u00e9senter en quelques mots\u00a0? A quel \u00e2ge et comment as-tu commenc\u00e9 le taekwondo ? Maryam Ismaili, athl\u00e8te de Haut Niveau en taekwondo. J\u2019ai d\u00e9but\u00e9 le taekwondo \u00e0 l\u2019\u00e2ge de 17 ans, par [&hellip;]\" \/>\n<meta property=\"og:url\" content=\"https:\/\/dicodusport.fr\/blog\/maryam-ismaili-decrocher-medaille-aux-championnats-monde\/\" \/>\n<meta property=\"og:site_name\" content=\"Dicodusport\" \/>\n<meta property=\"article:publisher\" content=\"https:\/\/www.facebook.com\/dicodusport\" \/>\n<meta property=\"article:author\" content=\"https:\/\/www.facebook.com\/dicodusport\" \/>\n<meta property=\"article:published_time\" content=\"2017-03-17T13:40:01+00:00\" \/>\n<meta property=\"article:modified_time\" content=\"2021-04-13T21:27:31+00:00\" \/>\n<meta property=\"og:image\" content=\"https:\/\/dicodusport.fr\/blog\/wp-content\/uploads\/2017\/03\/Maryam-Ismaili.png\" \/>\n\t<meta property=\"og:image:width\" content=\"1200\" \/>\n\t<meta property=\"og:image:height\" content=\"670\" \/>\n\t<meta property=\"og:image:type\" content=\"image\/png\" \/>\n<meta name=\"author\" content=\"Nicolas Jacquemard\" \/>\n<meta name=\"twitter:card\" content=\"summary_large_image\" \/>\n<meta name=\"twitter:creator\" content=\"@https:\/\/twitter.com\/Nico_Jacquemard\" \/>\n<meta name=\"twitter:site\" content=\"@dicodusport\" \/>\n<script type=\"application\/ld+json\" class=\"yoast-schema-graph\">{\"@context\":\"https:\/\/schema.org\",\"@graph\":[{\"@type\":\"NewsArticle\",\"@id\":\"https:\/\/dicodusport.fr\/blog\/maryam-ismaili-decrocher-medaille-aux-championnats-monde\/#article\",\"isPartOf\":{\"@id\":\"https:\/\/dicodusport.fr\/blog\/maryam-ismaili-decrocher-medaille-aux-championnats-monde\/\"},\"author\":{\"name\":\"Nicolas Jacquemard\",\"@id\":\"https:\/\/dicodusport.fr\/blog\/#\/schema\/person\/55dcb50ad410894e431ed812bbb70191\"},\"headline\":\"Maryam Ismaili, d\u00e9crocher une m\u00e9daille aux championnats du monde\",\"datePublished\":\"2017-03-17T13:40:01+00:00\",\"dateModified\":\"2021-04-13T21:27:31+00:00\",\"mainEntityOfPage\":{\"@id\":\"https:\/\/dicodusport.fr\/blog\/maryam-ismaili-decrocher-medaille-aux-championnats-monde\/\"},\"wordCount\":365,\"commentCount\":0,\"publisher\":{\"@id\":\"https:\/\/dicodusport.fr\/blog\/#organization\"},\"image\":{\"@id\":\"https:\/\/dicodusport.fr\/blog\/maryam-ismaili-decrocher-medaille-aux-championnats-monde\/#primaryimage\"},\"thumbnailUrl\":\"https:\/\/dicodusport.fr\/blog\/wp-content\/uploads\/2017\/03\/Maryam-Ismaili.png\",\"keywords\":[\"fosburit\",\"taekwondo\"],\"articleSection\":[\"Portraits\"],\"inLanguage\":\"fr-FR\",\"potentialAction\":[{\"@type\":\"CommentAction\",\"name\":\"Comment\",\"target\":[\"https:\/\/dicodusport.fr\/blog\/maryam-ismaili-decrocher-medaille-aux-championnats-monde\/#respond\"]}],\"copyrightYear\":\"2017\",\"copyrightHolder\":{\"@id\":\"https:\/\/dicodusport.fr\/blog\/#organization\"}},{\"@type\":\"WebPage\",\"@id\":\"https:\/\/dicodusport.fr\/blog\/maryam-ismaili-decrocher-medaille-aux-championnats-monde\/\",\"url\":\"https:\/\/dicodusport.fr\/blog\/maryam-ismaili-decrocher-medaille-aux-championnats-monde\/\",\"name\":\"Maryam Ismaili, d\u00e9crocher une m\u00e9daille aux championnats du monde\",\"isPartOf\":{\"@id\":\"https:\/\/dicodusport.fr\/blog\/#website\"},\"primaryImageOfPage\":{\"@id\":\"https:\/\/dicodusport.fr\/blog\/maryam-ismaili-decrocher-medaille-aux-championnats-monde\/#primaryimage\"},\"image\":{\"@id\":\"https:\/\/dicodusport.fr\/blog\/maryam-ismaili-decrocher-medaille-aux-championnats-monde\/#primaryimage\"},\"thumbnailUrl\":\"https:\/\/dicodusport.fr\/blog\/wp-content\/uploads\/2017\/03\/Maryam-Ismaili.png\",\"datePublished\":\"2017-03-17T13:40:01+00:00\",\"dateModified\":\"2021-04-13T21:27:31+00:00\",\"breadcrumb\":{\"@id\":\"https:\/\/dicodusport.fr\/blog\/maryam-ismaili-decrocher-medaille-aux-championnats-monde\/#breadcrumb\"},\"inLanguage\":\"fr-FR\",\"potentialAction\":[{\"@type\":\"ReadAction\",\"target\":[\"https:\/\/dicodusport.fr\/blog\/maryam-ismaili-decrocher-medaille-aux-championnats-monde\/\"]}]},{\"@type\":\"ImageObject\",\"inLanguage\":\"fr-FR\",\"@id\":\"https:\/\/dicodusport.fr\/blog\/maryam-ismaili-decrocher-medaille-aux-championnats-monde\/#primaryimage\",\"url\":\"https:\/\/dicodusport.fr\/blog\/wp-content\/uploads\/2017\/03\/Maryam-Ismaili.png\",\"contentUrl\":\"https:\/\/dicodusport.fr\/blog\/wp-content\/uploads\/2017\/03\/Maryam-Ismaili.png\",\"width\":1200,\"height\":670,\"caption\":\"Maryam Ismaili\"},{\"@type\":\"BreadcrumbList\",\"@id\":\"https:\/\/dicodusport.fr\/blog\/maryam-ismaili-decrocher-medaille-aux-championnats-monde\/#breadcrumb\",\"itemListElement\":[{\"@type\":\"ListItem\",\"position\":1,\"name\":\"Accueil\",\"item\":\"https:\/\/dicodusport.fr\/blog\/\"},{\"@type\":\"ListItem\",\"position\":2,\"name\":\"Maryam Ismaili, d\u00e9crocher une m\u00e9daille aux championnats du monde\"}]},{\"@type\":\"WebSite\",\"@id\":\"https:\/\/dicodusport.fr\/blog\/#website\",\"url\":\"https:\/\/dicodusport.fr\/blog\/\",\"name\":\"Dicodusport\",\"description\":\"L&#039;encyclop\u00e9die de l&#039;actualit\u00e9 sportive\",\"publisher\":{\"@id\":\"https:\/\/dicodusport.fr\/blog\/#organization\"},\"potentialAction\":[{\"@type\":\"SearchAction\",\"target\":{\"@type\":\"EntryPoint\",\"urlTemplate\":\"https:\/\/dicodusport.fr\/blog\/?s={search_term_string}\"},\"query-input\":{\"@type\":\"PropertyValueSpecification\",\"valueRequired\":true,\"valueName\":\"search_term_string\"}}],\"inLanguage\":\"fr-FR\"},{\"@type\":\"NewsMediaOrganization\",\"@id\":\"https:\/\/dicodusport.fr\/blog\/#organization\",\"name\":\"Dicodusport\",\"url\":\"https:\/\/dicodusport.fr\/blog\/\",\"logo\":{\"@type\":\"ImageObject\",\"inLanguage\":\"fr-FR\",\"@id\":\"https:\/\/dicodusport.fr\/blog\/#\/schema\/logo\/image\/\",\"url\":\"https:\/\/dicodusport.fr\/blog\/wp-content\/uploads\/2020\/06\/cropped-LOGO-DICODUSPORT-2020-SANS-FOND-SANS-TEXTE.png\",\"contentUrl\":\"https:\/\/dicodusport.fr\/blog\/wp-content\/uploads\/2020\/06\/cropped-LOGO-DICODUSPORT-2020-SANS-FOND-SANS-TEXTE.png\",\"width\":512,\"height\":512,\"caption\":\"Dicodusport\"},\"image\":{\"@id\":\"https:\/\/dicodusport.fr\/blog\/#\/schema\/logo\/image\/\"},\"sameAs\":[\"https:\/\/www.facebook.com\/dicodusport\",\"https:\/\/x.com\/dicodusport\",\"https:\/\/www.instagram.com\/dicodusport\/\",\"https:\/\/www.youtube.com\/channel\/UC7V2KZ5sd3htJivAbA4ZG3w\"],\"description\":\"Dicodusport est l'encyclop\u00e9die de l'actualit\u00e9 sportive.\",\"email\":\"bonjour@dicodusport.fr\",\"legalName\":\"DICODUSPORT\",\"foundingDate\":\"2018-01-14\",\"vatID\":\"FR71834470973\",\"taxID\":\"83447097300043\",\"numberOfEmployees\":{\"@type\":\"QuantitativeValue\",\"minValue\":\"1\",\"maxValue\":\"10\"}},{\"@type\":\"Person\",\"@id\":\"https:\/\/dicodusport.fr\/blog\/#\/schema\/person\/55dcb50ad410894e431ed812bbb70191\",\"name\":\"Nicolas Jacquemard\",\"image\":{\"@type\":\"ImageObject\",\"inLanguage\":\"fr-FR\",\"@id\":\"https:\/\/dicodusport.fr\/blog\/#\/schema\/person\/image\/\",\"url\":\"https:\/\/dicodusport.fr\/blog\/wp-content\/uploads\/2021\/05\/Nicolas-Jacquemard-150x150.jpeg\",\"contentUrl\":\"https:\/\/dicodusport.fr\/blog\/wp-content\/uploads\/2021\/05\/Nicolas-Jacquemard-150x150.jpeg\",\"caption\":\"Nicolas Jacquemard\"},\"description\":\"Passionn\u00e9 de sport et entrepreneur depuis mes 18 ans, la cr\u00e9ation de Dicodusport m'a sembl\u00e9 \u00e9vidente pour participer \u00e0 la m\u00e9diatisation d'un plus grand nombre de sports. Le chemin est long mais avec une \u00e9quipe des plus motiv\u00e9es et les Jeux Olympiques de Paris 2024 en point de mire, nous y arriverons ! Journaliste dans le monde du sport depuis plus de 5 ans, je traite aussi bien de football, de rugby, de biathlon que de cyclisme.\",\"sameAs\":[\"https:\/\/www.facebook.com\/dicodusport\",\"https:\/\/x.com\/https:\/\/twitter.com\/Nico_Jacquemard\"],\"url\":\"https:\/\/dicodusport.fr\/blog\/author\/dicodusport\/\"}]}<\/script>\n<!-- \/ Yoast SEO Premium plugin. -->","yoast_head_json":{"title":"Maryam Ismaili, d\u00e9crocher une m\u00e9daille aux championnats du monde","robots":{"index":"index","follow":"follow","max-snippet":"max-snippet:-1","max-image-preview":"max-image-preview:large","max-video-preview":"max-video-preview:-1"},"canonical":"https:\/\/dicodusport.fr\/blog\/maryam-ismaili-decrocher-medaille-aux-championnats-monde\/","og_locale":"fr_FR","og_type":"article","og_title":"Maryam Ismaili, d\u00e9crocher une m\u00e9daille aux championnats du monde","og_description":"On a rencontr\u00e9\u00a0Maryam Ismaili, championne belge de taekwondo, qui esseyera de d\u00e9crocher une m\u00e9daille aux championnats du monde en Juin. Maryam, peux-tu te pr\u00e9senter en quelques mots\u00a0? A quel \u00e2ge et comment as-tu commenc\u00e9 le taekwondo ? Maryam Ismaili, athl\u00e8te de Haut Niveau en taekwondo. J\u2019ai d\u00e9but\u00e9 le taekwondo \u00e0 l\u2019\u00e2ge de 17 ans, par [&hellip;]","og_url":"https:\/\/dicodusport.fr\/blog\/maryam-ismaili-decrocher-medaille-aux-championnats-monde\/","og_site_name":"Dicodusport","article_publisher":"https:\/\/www.facebook.com\/dicodusport","article_author":"https:\/\/www.facebook.com\/dicodusport","article_published_time":"2017-03-17T13:40:01+00:00","article_modified_time":"2021-04-13T21:27:31+00:00","og_image":[{"width":1200,"height":670,"url":"https:\/\/dicodusport.fr\/blog\/wp-content\/uploads\/2017\/03\/Maryam-Ismaili.png","type":"image\/png"}],"author":"Nicolas Jacquemard","twitter_card":"summary_large_image","twitter_creator":"@https:\/\/twitter.com\/Nico_Jacquemard","twitter_site":"@dicodusport","schema":{"@context":"https:\/\/schema.org","@graph":[{"@type":"NewsArticle","@id":"https:\/\/dicodusport.fr\/blog\/maryam-ismaili-decrocher-medaille-aux-championnats-monde\/#article","isPartOf":{"@id":"https:\/\/dicodusport.fr\/blog\/maryam-ismaili-decrocher-medaille-aux-championnats-monde\/"},"author":{"name":"Nicolas Jacquemard","@id":"https:\/\/dicodusport.fr\/blog\/#\/schema\/person\/55dcb50ad410894e431ed812bbb70191"},"headline":"Maryam Ismaili, d\u00e9crocher une m\u00e9daille aux championnats du monde","datePublished":"2017-03-17T13:40:01+00:00","dateModified":"2021-04-13T21:27:31+00:00","mainEntityOfPage":{"@id":"https:\/\/dicodusport.fr\/blog\/maryam-ismaili-decrocher-medaille-aux-championnats-monde\/"},"wordCount":365,"commentCount":0,"publisher":{"@id":"https:\/\/dicodusport.fr\/blog\/#organization"},"image":{"@id":"https:\/\/dicodusport.fr\/blog\/maryam-ismaili-decrocher-medaille-aux-championnats-monde\/#primaryimage"},"thumbnailUrl":"https:\/\/dicodusport.fr\/blog\/wp-content\/uploads\/2017\/03\/Maryam-Ismaili.png","keywords":["fosburit","taekwondo"],"articleSection":["Portraits"],"inLanguage":"fr-FR","potentialAction":[{"@type":"CommentAction","name":"Comment","target":["https:\/\/dicodusport.fr\/blog\/maryam-ismaili-decrocher-medaille-aux-championnats-monde\/#respond"]}],"copyrightYear":"2017","copyrightHolder":{"@id":"https:\/\/dicodusport.fr\/blog\/#organization"}},{"@type":"WebPage","@id":"https:\/\/dicodusport.fr\/blog\/maryam-ismaili-decrocher-medaille-aux-championnats-monde\/","url":"https:\/\/dicodusport.fr\/blog\/maryam-ismaili-decrocher-medaille-aux-championnats-monde\/","name":"Maryam Ismaili, d\u00e9crocher une m\u00e9daille aux championnats du monde","isPartOf":{"@id":"https:\/\/dicodusport.fr\/blog\/#website"},"primaryImageOfPage":{"@id":"https:\/\/dicodusport.fr\/blog\/maryam-ismaili-decrocher-medaille-aux-championnats-monde\/#primaryimage"},"image":{"@id":"https:\/\/dicodusport.fr\/blog\/maryam-ismaili-decrocher-medaille-aux-championnats-monde\/#primaryimage"},"thumbnailUrl":"https:\/\/dicodusport.fr\/blog\/wp-content\/uploads\/2017\/03\/Maryam-Ismaili.png","datePublished":"2017-03-17T13:40:01+00:00","dateModified":"2021-04-13T21:27:31+00:00","breadcrumb":{"@id":"https:\/\/dicodusport.fr\/blog\/maryam-ismaili-decrocher-medaille-aux-championnats-monde\/#breadcrumb"},"inLanguage":"fr-FR","potentialAction":[{"@type":"ReadAction","target":["https:\/\/dicodusport.fr\/blog\/maryam-ismaili-decrocher-medaille-aux-championnats-monde\/"]}]},{"@type":"ImageObject","inLanguage":"fr-FR","@id":"https:\/\/dicodusport.fr\/blog\/maryam-ismaili-decrocher-medaille-aux-championnats-monde\/#primaryimage","url":"https:\/\/dicodusport.fr\/blog\/wp-content\/uploads\/2017\/03\/Maryam-Ismaili.png","contentUrl":"https:\/\/dicodusport.fr\/blog\/wp-content\/uploads\/2017\/03\/Maryam-Ismaili.png","width":1200,"height":670,"caption":"Maryam Ismaili"},{"@type":"BreadcrumbList","@id":"https:\/\/dicodusport.fr\/blog\/maryam-ismaili-decrocher-medaille-aux-championnats-monde\/#breadcrumb","itemListElement":[{"@type":"ListItem","position":1,"name":"Accueil","item":"https:\/\/dicodusport.fr\/blog\/"},{"@type":"ListItem","position":2,"name":"Maryam Ismaili, d\u00e9crocher une m\u00e9daille aux championnats du monde"}]},{"@type":"WebSite","@id":"https:\/\/dicodusport.fr\/blog\/#website","url":"https:\/\/dicodusport.fr\/blog\/","name":"Dicodusport","description":"L&#039;encyclop\u00e9die de l&#039;actualit\u00e9 sportive","publisher":{"@id":"https:\/\/dicodusport.fr\/blog\/#organization"},"potentialAction":[{"@type":"SearchAction","target":{"@type":"EntryPoint","urlTemplate":"https:\/\/dicodusport.fr\/blog\/?s={search_term_string}"},"query-input":{"@type":"PropertyValueSpecification","valueRequired":true,"valueName":"search_term_string"}}],"inLanguage":"fr-FR"},{"@type":"NewsMediaOrganization","@id":"https:\/\/dicodusport.fr\/blog\/#organization","name":"Dicodusport","url":"https:\/\/dicodusport.fr\/blog\/","logo":{"@type":"ImageObject","inLanguage":"fr-FR","@id":"https:\/\/dicodusport.fr\/blog\/#\/schema\/logo\/image\/","url":"https:\/\/dicodusport.fr\/blog\/wp-content\/uploads\/2020\/06\/cropped-LOGO-DICODUSPORT-2020-SANS-FOND-SANS-TEXTE.png","contentUrl":"https:\/\/dicodusport.fr\/blog\/wp-content\/uploads\/2020\/06\/cropped-LOGO-DICODUSPORT-2020-SANS-FOND-SANS-TEXTE.png","width":512,"height":512,"caption":"Dicodusport"},"image":{"@id":"https:\/\/dicodusport.fr\/blog\/#\/schema\/logo\/image\/"},"sameAs":["https:\/\/www.facebook.com\/dicodusport","https:\/\/x.com\/dicodusport","https:\/\/www.instagram.com\/dicodusport\/","https:\/\/www.youtube.com\/channel\/UC7V2KZ5sd3htJivAbA4ZG3w"],"description":"Dicodusport est l'encyclop\u00e9die de l'actualit\u00e9 sportive.","email":"bonjour@dicodusport.fr","legalName":"DICODUSPORT","foundingDate":"2018-01-14","vatID":"FR71834470973","taxID":"83447097300043","numberOfEmployees":{"@type":"QuantitativeValue","minValue":"1","maxValue":"10"}},{"@type":"Person","@id":"https:\/\/dicodusport.fr\/blog\/#\/schema\/person\/55dcb50ad410894e431ed812bbb70191","name":"Nicolas Jacquemard","image":{"@type":"ImageObject","inLanguage":"fr-FR","@id":"https:\/\/dicodusport.fr\/blog\/#\/schema\/person\/image\/","url":"https:\/\/dicodusport.fr\/blog\/wp-content\/uploads\/2021\/05\/Nicolas-Jacquemard-150x150.jpeg","contentUrl":"https:\/\/dicodusport.fr\/blog\/wp-content\/uploads\/2021\/05\/Nicolas-Jacquemard-150x150.jpeg","caption":"Nicolas Jacquemard"},"description":"Passionn\u00e9 de sport et entrepreneur depuis mes 18 ans, la cr\u00e9ation de Dicodusport m'a sembl\u00e9 \u00e9vidente pour participer \u00e0 la m\u00e9diatisation d'un plus grand nombre de sports. Le chemin est long mais avec une \u00e9quipe des plus motiv\u00e9es et les Jeux Olympiques de Paris 2024 en point de mire, nous y arriverons ! Journaliste dans le monde du sport depuis plus de 5 ans, je traite aussi bien de football, de rugby, de biathlon que de cyclisme.","sameAs":["https:\/\/www.facebook.com\/dicodusport","https:\/\/x.com\/https:\/\/twitter.com\/Nico_Jacquemard"],"url":"https:\/\/dicodusport.fr\/blog\/author\/dicodusport\/"}]}},"_links":{"self":[{"href":"https:\/\/dicodusport.fr\/blog\/wp-json\/wp\/v2\/posts\/1250","targetHints":{"allow":["GET"]}}],"collection":[{"href":"https:\/\/dicodusport.fr\/blog\/wp-json\/wp\/v2\/posts"}],"about":[{"href":"https:\/\/dicodusport.fr\/blog\/wp-json\/wp\/v2\/types\/post"}],"author":[{"embeddable":true,"href":"https:\/\/dicodusport.fr\/blog\/wp-json\/wp\/v2\/users\/1"}],"replies":[{"embeddable":true,"href":"https:\/\/dicodusport.fr\/blog\/wp-json\/wp\/v2\/comments?post=1250"}],"version-history":[{"count":0,"href":"https:\/\/dicodusport.fr\/blog\/wp-json\/wp\/v2\/posts\/1250\/revisions"}],"wp:featuredmedia":[{"embeddable":true,"href":"https:\/\/dicodusport.fr\/blog\/wp-json\/wp\/v2\/media\/1251"}],"wp:attachment":[{"href":"https:\/\/dicodusport.fr\/blog\/wp-json\/wp\/v2\/media?parent=1250"}],"wp:term":[{"taxonomy":"category","embeddable":true,"href":"https:\/\/dicodusport.fr\/blog\/wp-json\/wp\/v2\/categories?post=1250"},{"taxonomy":"post_tag","embeddable":true,"href":"https:\/\/dicodusport.fr\/blog\/wp-json\/wp\/v2\/tags?post=1250"}],"curies":[{"name":"wp","href":"https:\/\/api.w.org\/{rel}","templated":true}]}}