{"id":125066,"date":"2021-04-28T08:30:35","date_gmt":"2021-04-28T06:30:35","guid":{"rendered":"https:\/\/dicodusport.fr\/blog\/?p=125066"},"modified":"2021-04-28T08:04:01","modified_gmt":"2021-04-28T06:04:01","slug":"championnats-d-europe-de-natation-la-selection-francaise","status":"publish","type":"post","link":"https:\/\/dicodusport.fr\/blog\/championnats-d-europe-de-natation-la-selection-francaise\/","title":{"rendered":"Championnats d&rsquo;Europe de natation : la s\u00e9lection fran\u00e7aise"},"content":{"rendered":"<p style=\"text-align: justify;\"><strong><em>CHAMPIONNATS D&rsquo;EUROPE DE NATATION &#8211; A trois semaines du d\u00e9but de la comp\u00e9tition \u00e0 Budapest (Hongrie) du 17 au 23 mai, l&rsquo;\u00e9quipe de France doit faire face aux restrictions sanitaires. En effet, ces restrictions ont forc\u00e9 l&rsquo;\u00e9quipe \u00e0 r\u00e9duire son effectif. Si les grands noms seront l\u00e0, d&rsquo;autres ont d\u00fb renoncer.\u00a0\u00a0<\/em><\/strong><\/p>\n<h2 style=\"text-align: justify;\">5 nageurs font l&rsquo;impasse<\/h2>\n<p style=\"text-align: justify;\">Il a fallu faire des choix pour quelques nageurs et nageuses fran\u00e7ais, le calendrier \u00e9tant \u00e9galement pour beaucoup dans leur d\u00e9cision. Entre les s\u00e9lections olympiques qui auront lieu du 15 au 20 juin \u00e0 Chartres et les JO dans la foul\u00e9e, <strong>Cl\u00e9ment Mignon<\/strong>, <strong>Stanislas Huille<\/strong> et <strong>Geoffroy Mathieu<\/strong> ont d\u00e9clin\u00e9 leur s\u00e9lection. On ajoute \u00e9galement les forfaits de <strong>B\u00e9ryl Gastaldello<\/strong> et <a href=\"https:\/\/dicodusport.fr\/blog\/fantine-lesaffre-diversite-c-est-ce-que-j-aime-par-dessus-tout-4-nages\/\"><strong>Fantine Lesaffre<\/strong><\/a>. L&rsquo;\u00e9quipe aura pour objectif de faire mieux que les 12 m\u00e9dailles (dont 4 titres) de Glasgow en 2018.<\/p>\n<h2 style=\"text-align: justify;\">La s\u00e9lection<\/h2>\n<h3 style=\"text-align: justify;\"><strong>Les femmes<\/strong><\/h3>\n<ul style=\"text-align: justify;\">\n<li><strong>Charlotte Bonnet<\/strong><\/li>\n<li><strong>Oc\u00e9ane Carnez<\/strong><\/li>\n<li><strong>Mathilde Cini<\/strong><\/li>\n<li><strong>Justine Delmas<\/strong><\/li>\n<li><strong>Cyrielle Duhamel<\/strong><\/li>\n<li><strong>Margaux Fabre<\/strong><\/li>\n<li><strong>M\u00e9lanie H\u00e9nique<\/strong><\/li>\n<li><strong>Anouchla Martin<\/strong><\/li>\n<li><strong>Lison Nowazcyk<\/strong><\/li>\n<li><strong>Lucile Tessariol<\/strong><\/li>\n<li><strong>Assia Touati<\/strong><\/li>\n<li><strong>Marie Wattel<\/strong><\/li>\n<\/ul>\n<h3 style=\"text-align: justify;\"><strong>Les hommes<\/strong><\/h3>\n<ul>\n<li style=\"text-align: justify;\"><strong>Jonathan Atsu<\/strong><\/li>\n<li style=\"text-align: justify;\"><strong>David Aubry<\/strong><\/li>\n<li style=\"text-align: justify;\"><strong>Julien B\u00e9rol<\/strong><\/li>\n<li style=\"text-align: justify;\"><strong>Cl\u00e9ment Bidard<\/strong><\/li>\n<li style=\"text-align: justify;\"><strong>Joris Bouchaut<\/strong><\/li>\n<li style=\"text-align: justify;\"><strong>Th\u00e9o Bussi\u00e8re<\/strong><\/li>\n<li style=\"text-align: justify;\"><strong>Roman Fuchs<\/strong><\/li>\n<li style=\"text-align: justify;\"><strong>Maxime Grousset<\/strong><\/li>\n<li style=\"text-align: justify;\"><strong>Antoine Herlem<\/strong><\/li>\n<li style=\"text-align: justify;\"><strong>Damien Joly<\/strong><\/li>\n<li style=\"text-align: justify;\"><strong>Florent Manaudou<\/strong><\/li>\n<li style=\"text-align: justify;\"><strong>L\u00e9on Marchand<\/strong><\/li>\n<li style=\"text-align: justify;\"><strong>Emilien Mattenet<\/strong><\/li>\n<li style=\"text-align: justify;\"><strong>Mehdy Metella<\/strong><\/li>\n<li style=\"text-align: justify;\"><strong>Yohann Ndoye-Brouard<\/strong><\/li>\n<li style=\"text-align: justify;\"><strong>Marc-Antoine Olivier<\/strong><\/li>\n<li style=\"text-align: justify;\"><strong>Maxence Orange<\/strong><\/li>\n<li style=\"text-align: justify;\"><strong>Jordan Pothain<\/strong><\/li>\n<li style=\"text-align: justify;\"><strong>Charles Rihoux<\/strong><\/li>\n<li style=\"text-align: justify;\"><strong>Enzo Tesic<\/strong><\/li>\n<li style=\"text-align: justify;\"><strong>Mewen Tomac<\/strong><\/li>\n<li style=\"text-align: justify;\"><strong>Antoine Viquerat<\/strong><\/li>\n<\/ul>\n","protected":false},"excerpt":{"rendered":"<p>CHAMPIONNATS D&rsquo;EUROPE DE NATATION &#8211; A trois semaines du d\u00e9but de la comp\u00e9tition \u00e0 Budapest (Hongrie) du 17 au 23 mai, l&rsquo;\u00e9quipe de France doit faire face aux restrictions sanitaires. En effet, ces restrictions ont forc\u00e9 l&rsquo;\u00e9quipe \u00e0 r\u00e9duire son effectif. Si les grands noms seront l\u00e0, d&rsquo;autres ont d\u00fb renoncer.\u00a0\u00a0<\/p>\n","protected":false},"author":43,"featured_media":125129,"comment_status":"open","ping_status":"closed","sticky":false,"template":"","format":"standard","meta":{"_acf_changed":false,"_daextam_enable_autolinks":"","footnotes":""},"categories":[2306],"tags":[7840,5631,69],"class_list":["post-125066","post","type-post","status-publish","format-standard","has-post-thumbnail","hentry","category-natation","tag-budapest","tag-championnats-deurope-de-natation","tag-natation"],"acf":[],"yoast_head":"<!-- This site is optimized with the Yoast SEO Premium plugin v26.7 (Yoast SEO v26.7) - https:\/\/yoast.com\/wordpress\/plugins\/seo\/ -->\n<title>Championnats d&#039;Europe de natation : la s\u00e9lection fran\u00e7aise<\/title>\n<meta name=\"description\" content=\"CHAMPIONNATS D&#039;EUROPE DE NATATION - A trois semaines du d\u00e9but de la comp\u00e9tition \u00e0 Budapest (Hongrie) du 17 au 23 mai, l&#039;\u00e9quipe de France doit faire face aux restrictions sanitaires.\" \/>\n<meta name=\"robots\" content=\"index, follow, max-snippet:-1, max-image-preview:large, max-video-preview:-1\" \/>\n<link rel=\"canonical\" href=\"https:\/\/dicodusport.fr\/blog\/championnats-d-europe-de-natation-la-selection-francaise\/\" \/>\n<meta property=\"og:locale\" content=\"fr_FR\" \/>\n<meta property=\"og:type\" content=\"article\" \/>\n<meta property=\"og:title\" content=\"Championnats d&#039;Europe de natation : la s\u00e9lection fran\u00e7aise\" \/>\n<meta property=\"og:description\" content=\"CHAMPIONNATS D&#039;EUROPE DE NATATION - A trois semaines du d\u00e9but de la comp\u00e9tition \u00e0 Budapest (Hongrie) du 17 au 23 mai, l&#039;\u00e9quipe de France doit faire face aux restrictions sanitaires.\" \/>\n<meta property=\"og:url\" content=\"https:\/\/dicodusport.fr\/blog\/championnats-d-europe-de-natation-la-selection-francaise\/\" \/>\n<meta property=\"og:site_name\" content=\"Dicodusport\" \/>\n<meta property=\"article:publisher\" content=\"https:\/\/www.facebook.com\/dicodusport\" \/>\n<meta property=\"article:author\" content=\"https:\/\/www.facebook.com\/Max.Bld2\/\" \/>\n<meta property=\"article:published_time\" content=\"2021-04-28T06:30:35+00:00\" \/>\n<meta property=\"og:image\" content=\"https:\/\/dicodusport.fr\/blog\/wp-content\/uploads\/2021\/04\/Championnats-dEurope-de-natation-La-selection-francaise.png\" \/>\n\t<meta property=\"og:image:width\" content=\"800\" \/>\n\t<meta property=\"og:image:height\" content=\"445\" \/>\n\t<meta property=\"og:image:type\" content=\"image\/png\" \/>\n<meta name=\"author\" content=\"Maxime Boulard\" \/>\n<meta name=\"twitter:card\" content=\"summary_large_image\" \/>\n<meta name=\"twitter:title\" content=\"Championnats d&#039;Europe de natation : la s\u00e9lection fran\u00e7aise\" \/>\n<meta name=\"twitter:creator\" content=\"@https:\/\/twitter.com\/MaximeB_2\" \/>\n<meta name=\"twitter:site\" content=\"@dicodusport\" \/>\n<script type=\"application\/ld+json\" class=\"yoast-schema-graph\">{\"@context\":\"https:\/\/schema.org\",\"@graph\":[{\"@type\":\"NewsArticle\",\"@id\":\"https:\/\/dicodusport.fr\/blog\/championnats-d-europe-de-natation-la-selection-francaise\/#article\",\"isPartOf\":{\"@id\":\"https:\/\/dicodusport.fr\/blog\/championnats-d-europe-de-natation-la-selection-francaise\/\"},\"author\":{\"name\":\"Maxime Boulard\",\"@id\":\"https:\/\/dicodusport.fr\/blog\/#\/schema\/person\/5aab10ee856e86ac63e9819a9da34784\"},\"headline\":\"Championnats d&rsquo;Europe de natation : la s\u00e9lection fran\u00e7aise\",\"datePublished\":\"2021-04-28T06:30:35+00:00\",\"mainEntityOfPage\":{\"@id\":\"https:\/\/dicodusport.fr\/blog\/championnats-d-europe-de-natation-la-selection-francaise\/\"},\"wordCount\":236,\"commentCount\":0,\"publisher\":{\"@id\":\"https:\/\/dicodusport.fr\/blog\/#organization\"},\"image\":{\"@id\":\"https:\/\/dicodusport.fr\/blog\/championnats-d-europe-de-natation-la-selection-francaise\/#primaryimage\"},\"thumbnailUrl\":\"https:\/\/dicodusport.fr\/blog\/wp-content\/uploads\/2021\/04\/Championnats-dEurope-de-natation-La-selection-francaise.png\",\"keywords\":[\"Budapest\",\"Championnats d'Europe de natation\",\"natation\"],\"articleSection\":[\"Natation\"],\"inLanguage\":\"fr-FR\",\"potentialAction\":[{\"@type\":\"CommentAction\",\"name\":\"Comment\",\"target\":[\"https:\/\/dicodusport.fr\/blog\/championnats-d-europe-de-natation-la-selection-francaise\/#respond\"]}],\"copyrightYear\":\"2021\",\"copyrightHolder\":{\"@id\":\"https:\/\/dicodusport.fr\/blog\/#organization\"}},{\"@type\":\"WebPage\",\"@id\":\"https:\/\/dicodusport.fr\/blog\/championnats-d-europe-de-natation-la-selection-francaise\/\",\"url\":\"https:\/\/dicodusport.fr\/blog\/championnats-d-europe-de-natation-la-selection-francaise\/\",\"name\":\"Championnats d'Europe de natation : la s\u00e9lection fran\u00e7aise\",\"isPartOf\":{\"@id\":\"https:\/\/dicodusport.fr\/blog\/#website\"},\"primaryImageOfPage\":{\"@id\":\"https:\/\/dicodusport.fr\/blog\/championnats-d-europe-de-natation-la-selection-francaise\/#primaryimage\"},\"image\":{\"@id\":\"https:\/\/dicodusport.fr\/blog\/championnats-d-europe-de-natation-la-selection-francaise\/#primaryimage\"},\"thumbnailUrl\":\"https:\/\/dicodusport.fr\/blog\/wp-content\/uploads\/2021\/04\/Championnats-dEurope-de-natation-La-selection-francaise.png\",\"datePublished\":\"2021-04-28T06:30:35+00:00\",\"description\":\"CHAMPIONNATS D'EUROPE DE NATATION - A trois semaines du d\u00e9but de la comp\u00e9tition \u00e0 Budapest (Hongrie) du 17 au 23 mai, l'\u00e9quipe de France doit faire face aux restrictions sanitaires.\",\"breadcrumb\":{\"@id\":\"https:\/\/dicodusport.fr\/blog\/championnats-d-europe-de-natation-la-selection-francaise\/#breadcrumb\"},\"inLanguage\":\"fr-FR\",\"potentialAction\":[{\"@type\":\"ReadAction\",\"target\":[\"https:\/\/dicodusport.fr\/blog\/championnats-d-europe-de-natation-la-selection-francaise\/\"]}]},{\"@type\":\"ImageObject\",\"inLanguage\":\"fr-FR\",\"@id\":\"https:\/\/dicodusport.fr\/blog\/championnats-d-europe-de-natation-la-selection-francaise\/#primaryimage\",\"url\":\"https:\/\/dicodusport.fr\/blog\/wp-content\/uploads\/2021\/04\/Championnats-dEurope-de-natation-La-selection-francaise.png\",\"contentUrl\":\"https:\/\/dicodusport.fr\/blog\/wp-content\/uploads\/2021\/04\/Championnats-dEurope-de-natation-La-selection-francaise.png\",\"width\":800,\"height\":445,\"caption\":\"Championnats d'Europe de natation - La s\u00e9lection fran\u00e7aise\"},{\"@type\":\"BreadcrumbList\",\"@id\":\"https:\/\/dicodusport.fr\/blog\/championnats-d-europe-de-natation-la-selection-francaise\/#breadcrumb\",\"itemListElement\":[{\"@type\":\"ListItem\",\"position\":1,\"name\":\"Accueil\",\"item\":\"https:\/\/dicodusport.fr\/blog\/\"},{\"@type\":\"ListItem\",\"position\":2,\"name\":\"Championnats d&rsquo;Europe de natation : la s\u00e9lection fran\u00e7aise\"}]},{\"@type\":\"WebSite\",\"@id\":\"https:\/\/dicodusport.fr\/blog\/#website\",\"url\":\"https:\/\/dicodusport.fr\/blog\/\",\"name\":\"Dicodusport\",\"description\":\"L&#039;encyclop\u00e9die de l&#039;actualit\u00e9 sportive\",\"publisher\":{\"@id\":\"https:\/\/dicodusport.fr\/blog\/#organization\"},\"potentialAction\":[{\"@type\":\"SearchAction\",\"target\":{\"@type\":\"EntryPoint\",\"urlTemplate\":\"https:\/\/dicodusport.fr\/blog\/?s={search_term_string}\"},\"query-input\":{\"@type\":\"PropertyValueSpecification\",\"valueRequired\":true,\"valueName\":\"search_term_string\"}}],\"inLanguage\":\"fr-FR\"},{\"@type\":\"NewsMediaOrganization\",\"@id\":\"https:\/\/dicodusport.fr\/blog\/#organization\",\"name\":\"Dicodusport\",\"url\":\"https:\/\/dicodusport.fr\/blog\/\",\"logo\":{\"@type\":\"ImageObject\",\"inLanguage\":\"fr-FR\",\"@id\":\"https:\/\/dicodusport.fr\/blog\/#\/schema\/logo\/image\/\",\"url\":\"https:\/\/dicodusport.fr\/blog\/wp-content\/uploads\/2020\/06\/cropped-LOGO-DICODUSPORT-2020-SANS-FOND-SANS-TEXTE.png\",\"contentUrl\":\"https:\/\/dicodusport.fr\/blog\/wp-content\/uploads\/2020\/06\/cropped-LOGO-DICODUSPORT-2020-SANS-FOND-SANS-TEXTE.png\",\"width\":512,\"height\":512,\"caption\":\"Dicodusport\"},\"image\":{\"@id\":\"https:\/\/dicodusport.fr\/blog\/#\/schema\/logo\/image\/\"},\"sameAs\":[\"https:\/\/www.facebook.com\/dicodusport\",\"https:\/\/x.com\/dicodusport\",\"https:\/\/www.instagram.com\/dicodusport\/\",\"https:\/\/www.youtube.com\/channel\/UC7V2KZ5sd3htJivAbA4ZG3w\"],\"description\":\"Dicodusport est l'encyclop\u00e9die de l'actualit\u00e9 sportive.\",\"email\":\"bonjour@dicodusport.fr\",\"legalName\":\"DICODUSPORT\",\"foundingDate\":\"2018-01-14\",\"vatID\":\"FR71834470973\",\"taxID\":\"83447097300043\",\"numberOfEmployees\":{\"@type\":\"QuantitativeValue\",\"minValue\":\"1\",\"maxValue\":\"10\"}},{\"@type\":\"Person\",\"@id\":\"https:\/\/dicodusport.fr\/blog\/#\/schema\/person\/5aab10ee856e86ac63e9819a9da34784\",\"name\":\"Maxime Boulard\",\"image\":{\"@type\":\"ImageObject\",\"inLanguage\":\"fr-FR\",\"@id\":\"https:\/\/dicodusport.fr\/blog\/#\/schema\/person\/image\/\",\"url\":\"https:\/\/dicodusport.fr\/blog\/wp-content\/uploads\/2021\/05\/Maxime-Boulard-150x150.jpg\",\"contentUrl\":\"https:\/\/dicodusport.fr\/blog\/wp-content\/uploads\/2021\/05\/Maxime-Boulard-150x150.jpg\",\"caption\":\"Maxime Boulard\"},\"description\":\"Journaliste\/r\u00e9dacteur depuis octobre 2020 - Si mon plus vieux souvenir de sport aurait pu m'en d\u00e9go\u00fbter, la finale de la Coupe du monde 2006 a \u00e9t\u00e9 tout le contraire. V\u00e9ritable d\u00e9clencheur d'une passion qui aujourd'hui ne fait que grandir avec le temps, mon leitmotiv est la France qui brille ! Je relate les exploits pass\u00e9s et pr\u00e9sents du sport bleu-blanc-rouge sans m\u00e9nagement depuis octobre 2020. Sport valide ou handisport, aucune diff\u00e9rence, il n'y a que du sport et plusieurs fa\u00e7ons de le pratiquer.\",\"sameAs\":[\"https:\/\/www.facebook.com\/Max.Bld2\/\",\"https:\/\/x.com\/https:\/\/twitter.com\/MaximeB_2\"],\"url\":\"https:\/\/dicodusport.fr\/blog\/author\/maxime-b\/\"}]}<\/script>\n<!-- \/ Yoast SEO Premium plugin. -->","yoast_head_json":{"title":"Championnats d'Europe de natation : la s\u00e9lection fran\u00e7aise","description":"CHAMPIONNATS D'EUROPE DE NATATION - A trois semaines du d\u00e9but de la comp\u00e9tition \u00e0 Budapest (Hongrie) du 17 au 23 mai, l'\u00e9quipe de France doit faire face aux restrictions sanitaires.","robots":{"index":"index","follow":"follow","max-snippet":"max-snippet:-1","max-image-preview":"max-image-preview:large","max-video-preview":"max-video-preview:-1"},"canonical":"https:\/\/dicodusport.fr\/blog\/championnats-d-europe-de-natation-la-selection-francaise\/","og_locale":"fr_FR","og_type":"article","og_title":"Championnats d'Europe de natation : la s\u00e9lection fran\u00e7aise","og_description":"CHAMPIONNATS D'EUROPE DE NATATION - A trois semaines du d\u00e9but de la comp\u00e9tition \u00e0 Budapest (Hongrie) du 17 au 23 mai, l'\u00e9quipe de France doit faire face aux restrictions sanitaires.","og_url":"https:\/\/dicodusport.fr\/blog\/championnats-d-europe-de-natation-la-selection-francaise\/","og_site_name":"Dicodusport","article_publisher":"https:\/\/www.facebook.com\/dicodusport","article_author":"https:\/\/www.facebook.com\/Max.Bld2\/","article_published_time":"2021-04-28T06:30:35+00:00","og_image":[{"width":800,"height":445,"url":"https:\/\/dicodusport.fr\/blog\/wp-content\/uploads\/2021\/04\/Championnats-dEurope-de-natation-La-selection-francaise.png","type":"image\/png"}],"author":"Maxime Boulard","twitter_card":"summary_large_image","twitter_title":"Championnats d'Europe de natation : la s\u00e9lection fran\u00e7aise","twitter_creator":"@https:\/\/twitter.com\/MaximeB_2","twitter_site":"@dicodusport","schema":{"@context":"https:\/\/schema.org","@graph":[{"@type":"NewsArticle","@id":"https:\/\/dicodusport.fr\/blog\/championnats-d-europe-de-natation-la-selection-francaise\/#article","isPartOf":{"@id":"https:\/\/dicodusport.fr\/blog\/championnats-d-europe-de-natation-la-selection-francaise\/"},"author":{"name":"Maxime Boulard","@id":"https:\/\/dicodusport.fr\/blog\/#\/schema\/person\/5aab10ee856e86ac63e9819a9da34784"},"headline":"Championnats d&rsquo;Europe de natation : la s\u00e9lection fran\u00e7aise","datePublished":"2021-04-28T06:30:35+00:00","mainEntityOfPage":{"@id":"https:\/\/dicodusport.fr\/blog\/championnats-d-europe-de-natation-la-selection-francaise\/"},"wordCount":236,"commentCount":0,"publisher":{"@id":"https:\/\/dicodusport.fr\/blog\/#organization"},"image":{"@id":"https:\/\/dicodusport.fr\/blog\/championnats-d-europe-de-natation-la-selection-francaise\/#primaryimage"},"thumbnailUrl":"https:\/\/dicodusport.fr\/blog\/wp-content\/uploads\/2021\/04\/Championnats-dEurope-de-natation-La-selection-francaise.png","keywords":["Budapest","Championnats d'Europe de natation","natation"],"articleSection":["Natation"],"inLanguage":"fr-FR","potentialAction":[{"@type":"CommentAction","name":"Comment","target":["https:\/\/dicodusport.fr\/blog\/championnats-d-europe-de-natation-la-selection-francaise\/#respond"]}],"copyrightYear":"2021","copyrightHolder":{"@id":"https:\/\/dicodusport.fr\/blog\/#organization"}},{"@type":"WebPage","@id":"https:\/\/dicodusport.fr\/blog\/championnats-d-europe-de-natation-la-selection-francaise\/","url":"https:\/\/dicodusport.fr\/blog\/championnats-d-europe-de-natation-la-selection-francaise\/","name":"Championnats d'Europe de natation : la s\u00e9lection fran\u00e7aise","isPartOf":{"@id":"https:\/\/dicodusport.fr\/blog\/#website"},"primaryImageOfPage":{"@id":"https:\/\/dicodusport.fr\/blog\/championnats-d-europe-de-natation-la-selection-francaise\/#primaryimage"},"image":{"@id":"https:\/\/dicodusport.fr\/blog\/championnats-d-europe-de-natation-la-selection-francaise\/#primaryimage"},"thumbnailUrl":"https:\/\/dicodusport.fr\/blog\/wp-content\/uploads\/2021\/04\/Championnats-dEurope-de-natation-La-selection-francaise.png","datePublished":"2021-04-28T06:30:35+00:00","description":"CHAMPIONNATS D'EUROPE DE NATATION - A trois semaines du d\u00e9but de la comp\u00e9tition \u00e0 Budapest (Hongrie) du 17 au 23 mai, l'\u00e9quipe de France doit faire face aux restrictions sanitaires.","breadcrumb":{"@id":"https:\/\/dicodusport.fr\/blog\/championnats-d-europe-de-natation-la-selection-francaise\/#breadcrumb"},"inLanguage":"fr-FR","potentialAction":[{"@type":"ReadAction","target":["https:\/\/dicodusport.fr\/blog\/championnats-d-europe-de-natation-la-selection-francaise\/"]}]},{"@type":"ImageObject","inLanguage":"fr-FR","@id":"https:\/\/dicodusport.fr\/blog\/championnats-d-europe-de-natation-la-selection-francaise\/#primaryimage","url":"https:\/\/dicodusport.fr\/blog\/wp-content\/uploads\/2021\/04\/Championnats-dEurope-de-natation-La-selection-francaise.png","contentUrl":"https:\/\/dicodusport.fr\/blog\/wp-content\/uploads\/2021\/04\/Championnats-dEurope-de-natation-La-selection-francaise.png","width":800,"height":445,"caption":"Championnats d'Europe de natation - La s\u00e9lection fran\u00e7aise"},{"@type":"BreadcrumbList","@id":"https:\/\/dicodusport.fr\/blog\/championnats-d-europe-de-natation-la-selection-francaise\/#breadcrumb","itemListElement":[{"@type":"ListItem","position":1,"name":"Accueil","item":"https:\/\/dicodusport.fr\/blog\/"},{"@type":"ListItem","position":2,"name":"Championnats d&rsquo;Europe de natation : la s\u00e9lection fran\u00e7aise"}]},{"@type":"WebSite","@id":"https:\/\/dicodusport.fr\/blog\/#website","url":"https:\/\/dicodusport.fr\/blog\/","name":"Dicodusport","description":"L&#039;encyclop\u00e9die de l&#039;actualit\u00e9 sportive","publisher":{"@id":"https:\/\/dicodusport.fr\/blog\/#organization"},"potentialAction":[{"@type":"SearchAction","target":{"@type":"EntryPoint","urlTemplate":"https:\/\/dicodusport.fr\/blog\/?s={search_term_string}"},"query-input":{"@type":"PropertyValueSpecification","valueRequired":true,"valueName":"search_term_string"}}],"inLanguage":"fr-FR"},{"@type":"NewsMediaOrganization","@id":"https:\/\/dicodusport.fr\/blog\/#organization","name":"Dicodusport","url":"https:\/\/dicodusport.fr\/blog\/","logo":{"@type":"ImageObject","inLanguage":"fr-FR","@id":"https:\/\/dicodusport.fr\/blog\/#\/schema\/logo\/image\/","url":"https:\/\/dicodusport.fr\/blog\/wp-content\/uploads\/2020\/06\/cropped-LOGO-DICODUSPORT-2020-SANS-FOND-SANS-TEXTE.png","contentUrl":"https:\/\/dicodusport.fr\/blog\/wp-content\/uploads\/2020\/06\/cropped-LOGO-DICODUSPORT-2020-SANS-FOND-SANS-TEXTE.png","width":512,"height":512,"caption":"Dicodusport"},"image":{"@id":"https:\/\/dicodusport.fr\/blog\/#\/schema\/logo\/image\/"},"sameAs":["https:\/\/www.facebook.com\/dicodusport","https:\/\/x.com\/dicodusport","https:\/\/www.instagram.com\/dicodusport\/","https:\/\/www.youtube.com\/channel\/UC7V2KZ5sd3htJivAbA4ZG3w"],"description":"Dicodusport est l'encyclop\u00e9die de l'actualit\u00e9 sportive.","email":"bonjour@dicodusport.fr","legalName":"DICODUSPORT","foundingDate":"2018-01-14","vatID":"FR71834470973","taxID":"83447097300043","numberOfEmployees":{"@type":"QuantitativeValue","minValue":"1","maxValue":"10"}},{"@type":"Person","@id":"https:\/\/dicodusport.fr\/blog\/#\/schema\/person\/5aab10ee856e86ac63e9819a9da34784","name":"Maxime Boulard","image":{"@type":"ImageObject","inLanguage":"fr-FR","@id":"https:\/\/dicodusport.fr\/blog\/#\/schema\/person\/image\/","url":"https:\/\/dicodusport.fr\/blog\/wp-content\/uploads\/2021\/05\/Maxime-Boulard-150x150.jpg","contentUrl":"https:\/\/dicodusport.fr\/blog\/wp-content\/uploads\/2021\/05\/Maxime-Boulard-150x150.jpg","caption":"Maxime Boulard"},"description":"Journaliste\/r\u00e9dacteur depuis octobre 2020 - Si mon plus vieux souvenir de sport aurait pu m'en d\u00e9go\u00fbter, la finale de la Coupe du monde 2006 a \u00e9t\u00e9 tout le contraire. V\u00e9ritable d\u00e9clencheur d'une passion qui aujourd'hui ne fait que grandir avec le temps, mon leitmotiv est la France qui brille ! Je relate les exploits pass\u00e9s et pr\u00e9sents du sport bleu-blanc-rouge sans m\u00e9nagement depuis octobre 2020. Sport valide ou handisport, aucune diff\u00e9rence, il n'y a que du sport et plusieurs fa\u00e7ons de le pratiquer.","sameAs":["https:\/\/www.facebook.com\/Max.Bld2\/","https:\/\/x.com\/https:\/\/twitter.com\/MaximeB_2"],"url":"https:\/\/dicodusport.fr\/blog\/author\/maxime-b\/"}]}},"_links":{"self":[{"href":"https:\/\/dicodusport.fr\/blog\/wp-json\/wp\/v2\/posts\/125066","targetHints":{"allow":["GET"]}}],"collection":[{"href":"https:\/\/dicodusport.fr\/blog\/wp-json\/wp\/v2\/posts"}],"about":[{"href":"https:\/\/dicodusport.fr\/blog\/wp-json\/wp\/v2\/types\/post"}],"author":[{"embeddable":true,"href":"https:\/\/dicodusport.fr\/blog\/wp-json\/wp\/v2\/users\/43"}],"replies":[{"embeddable":true,"href":"https:\/\/dicodusport.fr\/blog\/wp-json\/wp\/v2\/comments?post=125066"}],"version-history":[{"count":0,"href":"https:\/\/dicodusport.fr\/blog\/wp-json\/wp\/v2\/posts\/125066\/revisions"}],"wp:featuredmedia":[{"embeddable":true,"href":"https:\/\/dicodusport.fr\/blog\/wp-json\/wp\/v2\/media\/125129"}],"wp:attachment":[{"href":"https:\/\/dicodusport.fr\/blog\/wp-json\/wp\/v2\/media?parent=125066"}],"wp:term":[{"taxonomy":"category","embeddable":true,"href":"https:\/\/dicodusport.fr\/blog\/wp-json\/wp\/v2\/categories?post=125066"},{"taxonomy":"post_tag","embeddable":true,"href":"https:\/\/dicodusport.fr\/blog\/wp-json\/wp\/v2\/tags?post=125066"}],"curies":[{"name":"wp","href":"https:\/\/api.w.org\/{rel}","templated":true}]}}