{"id":125102,"date":"2021-05-06T12:00:31","date_gmt":"2021-05-06T10:00:31","guid":{"rendered":"https:\/\/dicodusport.fr\/blog\/?p=125102"},"modified":"2021-05-07T21:08:50","modified_gmt":"2021-05-07T19:08:50","slug":"tour-d-italie-2021-contre-la-montre-parcours-en-detail","status":"publish","type":"post","link":"https:\/\/dicodusport.fr\/blog\/tour-d-italie-2021-contre-la-montre-parcours-en-detail\/","title":{"rendered":"Tour d&rsquo;Italie 2021 &#8211; 1\u00e8re \u00e9tape (Contre-la-montre) : le parcours en d\u00e9tail"},"content":{"rendered":"<p style=\"text-align: justify;\"><span class=\"tojvnm2t a6sixzi8 abs2jz4q a8s20v7p t1p8iaqh k5wvi7nf q3lfd5jv pk4s997a bipmatt0 cebpdrjk qowsmv63 owwhemhu dp1hu0rb dhp61c6y iyyx5f41\"><em><strong><a href=\"https:\/\/dicodusport.fr\/blog\/actualites\/cyclisme\/\">CYCLISME<\/a> &#8211;<\/strong> <strong>Le <a href=\"https:\/\/dicodusport.fr\/blog\/tour-d-italie-2021-profil-des-21-etapes\/\">Tour d&rsquo;Italie 2021<\/a> s&rsquo;ouvrira avec un contre-la-montre individuel de 9 kilom\u00e8tres \u00e0 Turin, la capitale du Pi\u00e9mont. D\u00e9couvrez le parcours dans le d\u00e9tail.<\/strong><\/em><\/span><\/p>\n<h2 style=\"text-align: justify;\">Un d\u00e9part sur la c\u00e9l\u00e8bre <span class=\"tojvnm2t a6sixzi8 abs2jz4q a8s20v7p t1p8iaqh k5wvi7nf q3lfd5jv pk4s997a bipmatt0 cebpdrjk qowsmv63 owwhemhu dp1hu0rb dhp61c6y iyyx5f41\"><strong>Piazza Castello<\/strong><\/span><\/h2>\n<p style=\"text-align: justify;\"><span class=\"tojvnm2t a6sixzi8 abs2jz4q a8s20v7p t1p8iaqh k5wvi7nf q3lfd5jv pk4s997a bipmatt0 cebpdrjk qowsmv63 owwhemhu dp1hu0rb dhp61c6y iyyx5f41\">D&rsquo;abord, le d\u00e9part aura lieu sur la <strong>Piazza Castello<\/strong>. Cette place, con\u00e7ue en 1584, est la deuxi\u00e8me plus grande de la ville de Turin avec le Palais Royal, faisant partie des r\u00e9sidences de la famille royale de Savoie, class\u00e9es au patrimoine mondial depuis 1997. <\/span><\/p>\n<div id=\"attachment_125114\" style=\"width: 1386px\" class=\"wp-caption aligncenter\"><a href=\"https:\/\/dicodusport.fr\/blog\/wp-content\/uploads\/2021\/04\/01.png\"><img loading=\"lazy\" decoding=\"async\" aria-describedby=\"caption-attachment-125114\" class=\"wp-image-125114 size-full\" src=\"https:\/\/dicodusport.fr\/blog\/wp-content\/uploads\/2021\/04\/01.png\" alt=\"Piazza Castello Turin D\u00e9part Tour d'Italie\" width=\"1376\" height=\"738\" srcset=\"https:\/\/dicodusport.fr\/blog\/wp-content\/uploads\/2021\/04\/01.png 1376w, https:\/\/dicodusport.fr\/blog\/wp-content\/uploads\/2021\/04\/01-300x161.png 300w, https:\/\/dicodusport.fr\/blog\/wp-content\/uploads\/2021\/04\/01-1024x549.png 1024w, https:\/\/dicodusport.fr\/blog\/wp-content\/uploads\/2021\/04\/01-768x412.png 768w\" sizes=\"auto, (max-width: 1376px) 100vw, 1376px\" \/><\/a><p id=\"caption-attachment-125114\" class=\"wp-caption-text\">Google Earth<\/p><\/div>\n<p style=\"text-align: justify;\"><span class=\"tojvnm2t a6sixzi8 abs2jz4q a8s20v7p t1p8iaqh k5wvi7nf q3lfd5jv pk4s997a bipmatt0 cebpdrjk qowsmv63 owwhemhu dp1hu0rb dhp61c6y iyyx5f41\">Le premier kilom\u00e8tre de ce chrono sera la section la plus technique avec trois virages en angle droit et une courbe rapide. Surtout, pour quitter la <strong>Piazza Castello<\/strong>, les coureurs seront sur des pav\u00e9s de ville avant de passer sous une petite voute pour atteindre la <\/span><strong>Viale 1\u00ba Maggio<\/strong>.<\/p>\n<h2 style=\"text-align: justify;\">Une premi\u00e8re moiti\u00e9 de course dans les grandes art\u00e8res Turinoise<\/h2>\n<p style=\"text-align: justify;\"><span class=\"tojvnm2t a6sixzi8 abs2jz4q a8s20v7p t1p8iaqh k5wvi7nf q3lfd5jv pk4s997a bipmatt0 cebpdrjk qowsmv63 owwhemhu dp1hu0rb dhp61c6y iyyx5f41\">Puis, le temps interm\u00e9diaire se trouvera apr\u00e8s 3,7 kilom\u00e8tres devant le <strong>Castello del Valentino<\/strong> apr\u00e8s \u00eatre pass\u00e9 par de longues lignes droites sur le <strong>Corso San Maurizio <\/strong>(longue de pr\u00e8s de 600 m\u00e8tres)<strong>, <\/strong>le<strong> Lungo Po Cardona<\/strong> et un petit tunnel au <strong>Parco Valentino<\/strong>, 900 m\u00e8tres apr\u00e8s le temps interm\u00e9diaire avant d&rsquo;aller sur le <\/span><strong>Ponte Isabella<\/strong>.<\/p>\n<div id=\"attachment_125608\" style=\"width: 1387px\" class=\"wp-caption aligncenter\"><a href=\"https:\/\/dicodusport.fr\/blog\/wp-content\/uploads\/2021\/04\/02-1.png\"><img loading=\"lazy\" decoding=\"async\" aria-describedby=\"caption-attachment-125608\" class=\"wp-image-125608 size-full\" src=\"https:\/\/dicodusport.fr\/blog\/wp-content\/uploads\/2021\/04\/02-1.png\" alt=\"Pont Isabella\" width=\"1377\" height=\"741\" srcset=\"https:\/\/dicodusport.fr\/blog\/wp-content\/uploads\/2021\/04\/02-1.png 1377w, https:\/\/dicodusport.fr\/blog\/wp-content\/uploads\/2021\/04\/02-1-300x161.png 300w, https:\/\/dicodusport.fr\/blog\/wp-content\/uploads\/2021\/04\/02-1-1024x551.png 1024w, https:\/\/dicodusport.fr\/blog\/wp-content\/uploads\/2021\/04\/02-1-768x413.png 768w\" sizes=\"auto, (max-width: 1377px) 100vw, 1377px\" \/><\/a><p id=\"caption-attachment-125608\" class=\"wp-caption-text\">Google Earth<\/p><\/div>\n<h2 style=\"text-align: justify;\">Une seconde moiti\u00e9 de chrono sur un boulevard<\/h2>\n<p style=\"text-align: justify;\"><span class=\"tojvnm2t a6sixzi8 abs2jz4q a8s20v7p t1p8iaqh k5wvi7nf q3lfd5jv pk4s997a bipmatt0 cebpdrjk qowsmv63 owwhemhu dp1hu0rb dhp61c6y iyyx5f41\">Ensuite, la seconde moiti\u00e9 du chrono s&rsquo;effectuera sur la rive-est du P\u00f4 sur avec une petite partie plus technique dans le quartier de <\/span><strong>Borgo Pilonetto <\/strong>avant de rejoindre le <span class=\"tojvnm2t a6sixzi8 abs2jz4q a8s20v7p t1p8iaqh k5wvi7nf q3lfd5jv pk4s997a bipmatt0 cebpdrjk qowsmv63 owwhemhu dp1hu0rb dhp61c6y iyyx5f41\"><strong>Corso Moncalieri <\/strong>pour <\/span><span class=\"tojvnm2t a6sixzi8 abs2jz4q a8s20v7p t1p8iaqh k5wvi7nf q3lfd5jv pk4s997a bipmatt0 cebpdrjk qowsmv63 owwhemhu dp1hu0rb dhp61c6y iyyx5f41\">une derni\u00e8re ligne droite longue de 2800 m\u00e8tres dans la verdure avec notamment le <strong>Parco Giacomo Leopardi<\/strong>.\u00a0<\/span><\/p>\n<p style=\"text-align: justify;\"><span class=\"tojvnm2t a6sixzi8 abs2jz4q a8s20v7p t1p8iaqh k5wvi7nf q3lfd5jv pk4s997a bipmatt0 cebpdrjk qowsmv63 owwhemhu dp1hu0rb dhp61c6y iyyx5f41\">Enfin, l&rsquo;arriv\u00e9e sera jug\u00e9e pr\u00e8s de l&rsquo;\u00e9glise de <strong>Gran Madre di Dio<\/strong> peu avant le pont Vittorio Emanuele I. Le but de cette \u00e9glise avec sa coupole \u00e9tait de c\u00e9l\u00e9brer le retour sur le tr\u00f4ne du roi Victor-Emmanuel 1er.<br \/>\n<\/span><\/p>\n<div id=\"attachment_125113\" style=\"width: 1359px\" class=\"wp-caption aligncenter\"><a href=\"https:\/\/dicodusport.fr\/blog\/wp-content\/uploads\/2021\/04\/00.png\"><img loading=\"lazy\" decoding=\"async\" aria-describedby=\"caption-attachment-125113\" class=\"wp-image-125113 size-full\" src=\"https:\/\/dicodusport.fr\/blog\/wp-content\/uploads\/2021\/04\/00.png\" alt=\"\" width=\"1349\" height=\"745\" srcset=\"https:\/\/dicodusport.fr\/blog\/wp-content\/uploads\/2021\/04\/00.png 1349w, https:\/\/dicodusport.fr\/blog\/wp-content\/uploads\/2021\/04\/00-300x166.png 300w, https:\/\/dicodusport.fr\/blog\/wp-content\/uploads\/2021\/04\/00-1024x566.png 1024w, https:\/\/dicodusport.fr\/blog\/wp-content\/uploads\/2021\/04\/00-768x424.png 768w\" sizes=\"auto, (max-width: 1349px) 100vw, 1349px\" \/><\/a><p id=\"caption-attachment-125113\" class=\"wp-caption-text\">Google Earth<\/p><\/div>\n<p style=\"text-align: justify;\"><span class=\"tojvnm2t a6sixzi8 abs2jz4q a8s20v7p t1p8iaqh k5wvi7nf q3lfd5jv pk4s997a bipmatt0 cebpdrjk qowsmv63 owwhemhu dp1hu0rb dhp61c6y iyyx5f41\">Le premier coureur s&rsquo;\u00e9lancera \u00e0 14h tandis que le dernier partira \u00e0 17h15. Nul doute, qu&rsquo;avec ce type de parcours, un sp\u00e9cialiste du contre-la-montre s&rsquo;imposera et endossera le premier maillot rose de ce Giro.<br \/>\n<\/span><\/p>\n<p style=\"text-align: justify;\"><span class=\"tojvnm2t a6sixzi8 abs2jz4q a8s20v7p t1p8iaqh k5wvi7nf q3lfd5jv pk4s997a bipmatt0 cebpdrjk qowsmv63 owwhemhu dp1hu0rb dhp61c6y iyyx5f41\">Turin a \u00e9galement accueilli la Grande Partenza il y a dix ans. L&rsquo;\u00e9quipe <strong>HTC-High Road<\/strong> avait remport\u00e9 le contre-la-montre par \u00e9quipes, Marco Pinotti \u00e9tait le premier coureur \u00e0 s&#8217;emparer de la tunique rose de leader.<\/span><\/p>\n<h2 style=\"text-align: justify;\">La carte de la 1\u00e8re \u00e9tape<\/h2>\n<div id=\"attachment_127024\" style=\"width: 862px\" class=\"wp-caption aligncenter\"><a href=\"https:\/\/dicodusport.fr\/blog\/wp-content\/uploads\/2021\/05\/Carte-du-parcours-de-la-1ere-etape-du-Tour-dItalie-2021.jpg\"><img loading=\"lazy\" decoding=\"async\" aria-describedby=\"caption-attachment-127024\" class=\"size-full wp-image-127024\" src=\"https:\/\/dicodusport.fr\/blog\/wp-content\/uploads\/2021\/05\/Carte-du-parcours-de-la-1ere-etape-du-Tour-dItalie-2021.jpg\" alt=\"Carte du parcours de la 1\u00e8re \u00e9tape du Tour d'Italie 2021\" width=\"852\" height=\"853\" srcset=\"https:\/\/dicodusport.fr\/blog\/wp-content\/uploads\/2021\/05\/Carte-du-parcours-de-la-1ere-etape-du-Tour-dItalie-2021.jpg 852w, https:\/\/dicodusport.fr\/blog\/wp-content\/uploads\/2021\/05\/Carte-du-parcours-de-la-1ere-etape-du-Tour-dItalie-2021-300x300.jpg 300w, https:\/\/dicodusport.fr\/blog\/wp-content\/uploads\/2021\/05\/Carte-du-parcours-de-la-1ere-etape-du-Tour-dItalie-2021-150x150.jpg 150w, https:\/\/dicodusport.fr\/blog\/wp-content\/uploads\/2021\/05\/Carte-du-parcours-de-la-1ere-etape-du-Tour-dItalie-2021-768x769.jpg 768w, https:\/\/dicodusport.fr\/blog\/wp-content\/uploads\/2021\/05\/Carte-du-parcours-de-la-1ere-etape-du-Tour-dItalie-2021-80x80.jpg 80w\" sizes=\"auto, (max-width: 852px) 100vw, 852px\" \/><\/a><p id=\"caption-attachment-127024\" class=\"wp-caption-text\">Carte du parcours de la 1\u00e8re \u00e9tape du Tour d&rsquo;Italie 2021<\/p><\/div>\n<h2 style=\"text-align: justify;\">\u00c0 lire aussi<\/h2>\n<ul>\n<li style=\"text-align: justify;\"><a href=\"https:\/\/dicodusport.fr\/blog\/tour-d-italie-2021-profil-1ere-etape\/\"><strong>Le profil de la 1\u00e8re \u00e9tape<\/strong><\/a><\/li>\n<li style=\"text-align: justify;\"><a href=\"https:\/\/dicodusport.fr\/blog\/tour-d-italie-1ere-etape-ordre-et-horaires-de-depart-contre-la-montre\/\"><strong>Ordre et horaires de d\u00e9part du contre-la-montre de la 1\u00e8re \u00e9tape<\/strong><\/a><\/li>\n<li style=\"text-align: justify;\"><a href=\"https:\/\/dicodusport.fr\/blog\/tour-d-italie-2021-favoris-1ere-etape\/\"><strong>Nos favoris pour la 1\u00e8re \u00e9tape<\/strong><\/a><\/li>\n<\/ul>\n","protected":false},"excerpt":{"rendered":"<p>CYCLISME &#8211; Le Tour d&rsquo;Italie 2021 s&rsquo;ouvrira avec un contre-la-montre individuel de 9 kilom\u00e8tres \u00e0 Turin, la capitale du Pi\u00e9mont. D\u00e9couvrez le parcours dans le d\u00e9tail.<\/p>\n","protected":false},"author":48,"featured_media":126411,"comment_status":"open","ping_status":"closed","sticky":false,"template":"","format":"standard","meta":{"_acf_changed":false,"_daextam_enable_autolinks":"","footnotes":""},"categories":[47041],"tags":[3119,4722],"class_list":["post-125102","post","type-post","status-publish","format-standard","has-post-thumbnail","hentry","category-tour-d-italie","tag-actualite-cyclisme","tag-tour-ditalie"],"acf":[],"yoast_head":"<!-- This site is optimized with the Yoast SEO Premium plugin v26.7 (Yoast SEO v26.7) - https:\/\/yoast.com\/wordpress\/plugins\/seo\/ -->\n<title>Tour d&#039;Italie 2021 - 1\u00e8re \u00e9tape (Contre-la-montre) : le parcours en d\u00e9tail<\/title>\n<meta name=\"description\" content=\"CYCLISME - Le Tour d&#039;Italie 2021 s&#039;ouvrira avec un contre-la-montre individuel de 9 kilom\u00e8tres \u00e0 Turin. Le parcours dans le d\u00e9tail.\" \/>\n<meta name=\"robots\" content=\"index, follow, max-snippet:-1, max-image-preview:large, max-video-preview:-1\" \/>\n<link rel=\"canonical\" href=\"https:\/\/dicodusport.fr\/blog\/tour-d-italie-2021-contre-la-montre-parcours-en-detail\/\" \/>\n<meta property=\"og:locale\" content=\"fr_FR\" \/>\n<meta property=\"og:type\" content=\"article\" \/>\n<meta property=\"og:title\" content=\"Tour d&#039;Italie 2021 - 1\u00e8re \u00e9tape (Contre-la-montre) : le parcours en d\u00e9tail\" \/>\n<meta property=\"og:description\" content=\"CYCLISME - Le Tour d&#039;Italie 2021 s&#039;ouvrira avec un contre-la-montre individuel de 9 kilom\u00e8tres \u00e0 Turin. Le parcours dans le d\u00e9tail.\" \/>\n<meta property=\"og:url\" content=\"https:\/\/dicodusport.fr\/blog\/tour-d-italie-2021-contre-la-montre-parcours-en-detail\/\" \/>\n<meta property=\"og:site_name\" content=\"Dicodusport\" \/>\n<meta property=\"article:publisher\" content=\"https:\/\/www.facebook.com\/dicodusport\" \/>\n<meta property=\"article:author\" content=\"https:\/\/www.facebook.com\/groups\/LesRoisDuPeloton\" \/>\n<meta property=\"article:published_time\" content=\"2021-05-06T10:00:31+00:00\" \/>\n<meta property=\"article:modified_time\" content=\"2021-05-07T19:08:50+00:00\" \/>\n<meta property=\"og:image\" content=\"https:\/\/dicodusport.fr\/blog\/wp-content\/uploads\/2021\/05\/Cyclisme-Tour-de-Romandie-2021-Remi-Cavagna-remporte-le-chrono-final-Thomas-sacre.png\" \/>\n\t<meta property=\"og:image:width\" content=\"800\" \/>\n\t<meta property=\"og:image:height\" content=\"445\" \/>\n\t<meta property=\"og:image:type\" content=\"image\/png\" \/>\n<meta name=\"author\" content=\"Emilien Descampiaux\" \/>\n<meta name=\"twitter:card\" content=\"summary_large_image\" \/>\n<meta name=\"twitter:title\" content=\"Tour d&#039;Italie 2021 - 1\u00e8re \u00e9tape (Contre-la-montre) : le parcours en d\u00e9tail\" \/>\n<meta name=\"twitter:creator\" content=\"@https:\/\/twitter.com\/LRoisDuPeloton\" \/>\n<meta name=\"twitter:site\" content=\"@dicodusport\" \/>\n<script type=\"application\/ld+json\" class=\"yoast-schema-graph\">{\"@context\":\"https:\/\/schema.org\",\"@graph\":[{\"@type\":\"NewsArticle\",\"@id\":\"https:\/\/dicodusport.fr\/blog\/tour-d-italie-2021-contre-la-montre-parcours-en-detail\/#article\",\"isPartOf\":{\"@id\":\"https:\/\/dicodusport.fr\/blog\/tour-d-italie-2021-contre-la-montre-parcours-en-detail\/\"},\"author\":{\"name\":\"Emilien Descampiaux\",\"@id\":\"https:\/\/dicodusport.fr\/blog\/#\/schema\/person\/6db4bae06b171592211be385b32876a7\"},\"headline\":\"Tour d&rsquo;Italie 2021 &#8211; 1\u00e8re \u00e9tape (Contre-la-montre) : le parcours en d\u00e9tail\",\"datePublished\":\"2021-05-06T10:00:31+00:00\",\"dateModified\":\"2021-05-07T19:08:50+00:00\",\"mainEntityOfPage\":{\"@id\":\"https:\/\/dicodusport.fr\/blog\/tour-d-italie-2021-contre-la-montre-parcours-en-detail\/\"},\"wordCount\":479,\"commentCount\":0,\"publisher\":{\"@id\":\"https:\/\/dicodusport.fr\/blog\/#organization\"},\"image\":{\"@id\":\"https:\/\/dicodusport.fr\/blog\/tour-d-italie-2021-contre-la-montre-parcours-en-detail\/#primaryimage\"},\"thumbnailUrl\":\"https:\/\/dicodusport.fr\/blog\/wp-content\/uploads\/2021\/05\/Cyclisme-Tour-de-Romandie-2021-Remi-Cavagna-remporte-le-chrono-final-Thomas-sacre.png\",\"keywords\":[\"Actualit\u00e9 Cyclisme\",\"Tour d'Italie\"],\"articleSection\":[\"Tour d'Italie\"],\"inLanguage\":\"fr-FR\",\"potentialAction\":[{\"@type\":\"CommentAction\",\"name\":\"Comment\",\"target\":[\"https:\/\/dicodusport.fr\/blog\/tour-d-italie-2021-contre-la-montre-parcours-en-detail\/#respond\"]}],\"copyrightYear\":\"2021\",\"copyrightHolder\":{\"@id\":\"https:\/\/dicodusport.fr\/blog\/#organization\"}},{\"@type\":\"WebPage\",\"@id\":\"https:\/\/dicodusport.fr\/blog\/tour-d-italie-2021-contre-la-montre-parcours-en-detail\/\",\"url\":\"https:\/\/dicodusport.fr\/blog\/tour-d-italie-2021-contre-la-montre-parcours-en-detail\/\",\"name\":\"Tour d'Italie 2021 - 1\u00e8re \u00e9tape (Contre-la-montre) : le parcours en d\u00e9tail\",\"isPartOf\":{\"@id\":\"https:\/\/dicodusport.fr\/blog\/#website\"},\"primaryImageOfPage\":{\"@id\":\"https:\/\/dicodusport.fr\/blog\/tour-d-italie-2021-contre-la-montre-parcours-en-detail\/#primaryimage\"},\"image\":{\"@id\":\"https:\/\/dicodusport.fr\/blog\/tour-d-italie-2021-contre-la-montre-parcours-en-detail\/#primaryimage\"},\"thumbnailUrl\":\"https:\/\/dicodusport.fr\/blog\/wp-content\/uploads\/2021\/05\/Cyclisme-Tour-de-Romandie-2021-Remi-Cavagna-remporte-le-chrono-final-Thomas-sacre.png\",\"datePublished\":\"2021-05-06T10:00:31+00:00\",\"dateModified\":\"2021-05-07T19:08:50+00:00\",\"description\":\"CYCLISME - Le Tour d'Italie 2021 s'ouvrira avec un contre-la-montre individuel de 9 kilom\u00e8tres \u00e0 Turin. Le parcours dans le d\u00e9tail.\",\"breadcrumb\":{\"@id\":\"https:\/\/dicodusport.fr\/blog\/tour-d-italie-2021-contre-la-montre-parcours-en-detail\/#breadcrumb\"},\"inLanguage\":\"fr-FR\",\"potentialAction\":[{\"@type\":\"ReadAction\",\"target\":[\"https:\/\/dicodusport.fr\/blog\/tour-d-italie-2021-contre-la-montre-parcours-en-detail\/\"]}]},{\"@type\":\"ImageObject\",\"inLanguage\":\"fr-FR\",\"@id\":\"https:\/\/dicodusport.fr\/blog\/tour-d-italie-2021-contre-la-montre-parcours-en-detail\/#primaryimage\",\"url\":\"https:\/\/dicodusport.fr\/blog\/wp-content\/uploads\/2021\/05\/Cyclisme-Tour-de-Romandie-2021-Remi-Cavagna-remporte-le-chrono-final-Thomas-sacre.png\",\"contentUrl\":\"https:\/\/dicodusport.fr\/blog\/wp-content\/uploads\/2021\/05\/Cyclisme-Tour-de-Romandie-2021-Remi-Cavagna-remporte-le-chrono-final-Thomas-sacre.png\",\"width\":800,\"height\":445,\"caption\":\"Tour d'Italie 2021 - 1\u00e8re \u00e9tape (Contre-la-montre) : le parcours en d\u00e9tail\"},{\"@type\":\"BreadcrumbList\",\"@id\":\"https:\/\/dicodusport.fr\/blog\/tour-d-italie-2021-contre-la-montre-parcours-en-detail\/#breadcrumb\",\"itemListElement\":[{\"@type\":\"ListItem\",\"position\":1,\"name\":\"Accueil\",\"item\":\"https:\/\/dicodusport.fr\/blog\/\"},{\"@type\":\"ListItem\",\"position\":2,\"name\":\"Tour d&rsquo;Italie 2021 &#8211; 1\u00e8re \u00e9tape (Contre-la-montre) : le parcours en d\u00e9tail\"}]},{\"@type\":\"WebSite\",\"@id\":\"https:\/\/dicodusport.fr\/blog\/#website\",\"url\":\"https:\/\/dicodusport.fr\/blog\/\",\"name\":\"Dicodusport\",\"description\":\"L&#039;encyclop\u00e9die de l&#039;actualit\u00e9 sportive\",\"publisher\":{\"@id\":\"https:\/\/dicodusport.fr\/blog\/#organization\"},\"potentialAction\":[{\"@type\":\"SearchAction\",\"target\":{\"@type\":\"EntryPoint\",\"urlTemplate\":\"https:\/\/dicodusport.fr\/blog\/?s={search_term_string}\"},\"query-input\":{\"@type\":\"PropertyValueSpecification\",\"valueRequired\":true,\"valueName\":\"search_term_string\"}}],\"inLanguage\":\"fr-FR\"},{\"@type\":\"NewsMediaOrganization\",\"@id\":\"https:\/\/dicodusport.fr\/blog\/#organization\",\"name\":\"Dicodusport\",\"url\":\"https:\/\/dicodusport.fr\/blog\/\",\"logo\":{\"@type\":\"ImageObject\",\"inLanguage\":\"fr-FR\",\"@id\":\"https:\/\/dicodusport.fr\/blog\/#\/schema\/logo\/image\/\",\"url\":\"https:\/\/dicodusport.fr\/blog\/wp-content\/uploads\/2020\/06\/cropped-LOGO-DICODUSPORT-2020-SANS-FOND-SANS-TEXTE.png\",\"contentUrl\":\"https:\/\/dicodusport.fr\/blog\/wp-content\/uploads\/2020\/06\/cropped-LOGO-DICODUSPORT-2020-SANS-FOND-SANS-TEXTE.png\",\"width\":512,\"height\":512,\"caption\":\"Dicodusport\"},\"image\":{\"@id\":\"https:\/\/dicodusport.fr\/blog\/#\/schema\/logo\/image\/\"},\"sameAs\":[\"https:\/\/www.facebook.com\/dicodusport\",\"https:\/\/x.com\/dicodusport\",\"https:\/\/www.instagram.com\/dicodusport\/\",\"https:\/\/www.youtube.com\/channel\/UC7V2KZ5sd3htJivAbA4ZG3w\"],\"description\":\"Dicodusport est l'encyclop\u00e9die de l'actualit\u00e9 sportive.\",\"email\":\"bonjour@dicodusport.fr\",\"legalName\":\"DICODUSPORT\",\"foundingDate\":\"2018-01-14\",\"vatID\":\"FR71834470973\",\"taxID\":\"83447097300043\",\"numberOfEmployees\":{\"@type\":\"QuantitativeValue\",\"minValue\":\"1\",\"maxValue\":\"10\"}},{\"@type\":\"Person\",\"@id\":\"https:\/\/dicodusport.fr\/blog\/#\/schema\/person\/6db4bae06b171592211be385b32876a7\",\"name\":\"Emilien Descampiaux\",\"image\":{\"@type\":\"ImageObject\",\"inLanguage\":\"fr-FR\",\"@id\":\"https:\/\/dicodusport.fr\/blog\/#\/schema\/person\/image\/\",\"url\":\"https:\/\/dicodusport.fr\/blog\/wp-content\/uploads\/2021\/05\/Emilien-Descampiaux-150x150.jpg\",\"contentUrl\":\"https:\/\/dicodusport.fr\/blog\/wp-content\/uploads\/2021\/05\/Emilien-Descampiaux-150x150.jpg\",\"caption\":\"Emilien Descampiaux\"},\"description\":\"Journaliste\/r\u00e9dacteur depuis 2014 - Fan de la classe de Frank Vandenbroucke, je vis cyclisme (et de ses paysages) depuis plus de 20 ans. Je suis tr\u00e8s impliqu\u00e9 sur mes diff\u00e9rents r\u00e9seaux sociaux pour partager ma passion sur le monde et l'Histoire de la bicyclette avec ma voix sur les images en noir et blanc du succ\u00e8s de Rik Van Steenbergen lors du Ronde sur le V\u00e9lodrome de Gand.\",\"sameAs\":[\"https:\/\/www.facebook.com\/groups\/LesRoisDuPeloton\",\"https:\/\/x.com\/https:\/\/twitter.com\/LRoisDuPeloton\"],\"url\":\"https:\/\/dicodusport.fr\/blog\/author\/emiliend\/\"}]}<\/script>\n<!-- \/ Yoast SEO Premium plugin. -->","yoast_head_json":{"title":"Tour d'Italie 2021 - 1\u00e8re \u00e9tape (Contre-la-montre) : le parcours en d\u00e9tail","description":"CYCLISME - Le Tour d'Italie 2021 s'ouvrira avec un contre-la-montre individuel de 9 kilom\u00e8tres \u00e0 Turin. Le parcours dans le d\u00e9tail.","robots":{"index":"index","follow":"follow","max-snippet":"max-snippet:-1","max-image-preview":"max-image-preview:large","max-video-preview":"max-video-preview:-1"},"canonical":"https:\/\/dicodusport.fr\/blog\/tour-d-italie-2021-contre-la-montre-parcours-en-detail\/","og_locale":"fr_FR","og_type":"article","og_title":"Tour d'Italie 2021 - 1\u00e8re \u00e9tape (Contre-la-montre) : le parcours en d\u00e9tail","og_description":"CYCLISME - Le Tour d'Italie 2021 s'ouvrira avec un contre-la-montre individuel de 9 kilom\u00e8tres \u00e0 Turin. Le parcours dans le d\u00e9tail.","og_url":"https:\/\/dicodusport.fr\/blog\/tour-d-italie-2021-contre-la-montre-parcours-en-detail\/","og_site_name":"Dicodusport","article_publisher":"https:\/\/www.facebook.com\/dicodusport","article_author":"https:\/\/www.facebook.com\/groups\/LesRoisDuPeloton","article_published_time":"2021-05-06T10:00:31+00:00","article_modified_time":"2021-05-07T19:08:50+00:00","og_image":[{"width":800,"height":445,"url":"https:\/\/dicodusport.fr\/blog\/wp-content\/uploads\/2021\/05\/Cyclisme-Tour-de-Romandie-2021-Remi-Cavagna-remporte-le-chrono-final-Thomas-sacre.png","type":"image\/png"}],"author":"Emilien Descampiaux","twitter_card":"summary_large_image","twitter_title":"Tour d'Italie 2021 - 1\u00e8re \u00e9tape (Contre-la-montre) : le parcours en d\u00e9tail","twitter_creator":"@https:\/\/twitter.com\/LRoisDuPeloton","twitter_site":"@dicodusport","schema":{"@context":"https:\/\/schema.org","@graph":[{"@type":"NewsArticle","@id":"https:\/\/dicodusport.fr\/blog\/tour-d-italie-2021-contre-la-montre-parcours-en-detail\/#article","isPartOf":{"@id":"https:\/\/dicodusport.fr\/blog\/tour-d-italie-2021-contre-la-montre-parcours-en-detail\/"},"author":{"name":"Emilien Descampiaux","@id":"https:\/\/dicodusport.fr\/blog\/#\/schema\/person\/6db4bae06b171592211be385b32876a7"},"headline":"Tour d&rsquo;Italie 2021 &#8211; 1\u00e8re \u00e9tape (Contre-la-montre) : le parcours en d\u00e9tail","datePublished":"2021-05-06T10:00:31+00:00","dateModified":"2021-05-07T19:08:50+00:00","mainEntityOfPage":{"@id":"https:\/\/dicodusport.fr\/blog\/tour-d-italie-2021-contre-la-montre-parcours-en-detail\/"},"wordCount":479,"commentCount":0,"publisher":{"@id":"https:\/\/dicodusport.fr\/blog\/#organization"},"image":{"@id":"https:\/\/dicodusport.fr\/blog\/tour-d-italie-2021-contre-la-montre-parcours-en-detail\/#primaryimage"},"thumbnailUrl":"https:\/\/dicodusport.fr\/blog\/wp-content\/uploads\/2021\/05\/Cyclisme-Tour-de-Romandie-2021-Remi-Cavagna-remporte-le-chrono-final-Thomas-sacre.png","keywords":["Actualit\u00e9 Cyclisme","Tour d'Italie"],"articleSection":["Tour d'Italie"],"inLanguage":"fr-FR","potentialAction":[{"@type":"CommentAction","name":"Comment","target":["https:\/\/dicodusport.fr\/blog\/tour-d-italie-2021-contre-la-montre-parcours-en-detail\/#respond"]}],"copyrightYear":"2021","copyrightHolder":{"@id":"https:\/\/dicodusport.fr\/blog\/#organization"}},{"@type":"WebPage","@id":"https:\/\/dicodusport.fr\/blog\/tour-d-italie-2021-contre-la-montre-parcours-en-detail\/","url":"https:\/\/dicodusport.fr\/blog\/tour-d-italie-2021-contre-la-montre-parcours-en-detail\/","name":"Tour d'Italie 2021 - 1\u00e8re \u00e9tape (Contre-la-montre) : le parcours en d\u00e9tail","isPartOf":{"@id":"https:\/\/dicodusport.fr\/blog\/#website"},"primaryImageOfPage":{"@id":"https:\/\/dicodusport.fr\/blog\/tour-d-italie-2021-contre-la-montre-parcours-en-detail\/#primaryimage"},"image":{"@id":"https:\/\/dicodusport.fr\/blog\/tour-d-italie-2021-contre-la-montre-parcours-en-detail\/#primaryimage"},"thumbnailUrl":"https:\/\/dicodusport.fr\/blog\/wp-content\/uploads\/2021\/05\/Cyclisme-Tour-de-Romandie-2021-Remi-Cavagna-remporte-le-chrono-final-Thomas-sacre.png","datePublished":"2021-05-06T10:00:31+00:00","dateModified":"2021-05-07T19:08:50+00:00","description":"CYCLISME - Le Tour d'Italie 2021 s'ouvrira avec un contre-la-montre individuel de 9 kilom\u00e8tres \u00e0 Turin. Le parcours dans le d\u00e9tail.","breadcrumb":{"@id":"https:\/\/dicodusport.fr\/blog\/tour-d-italie-2021-contre-la-montre-parcours-en-detail\/#breadcrumb"},"inLanguage":"fr-FR","potentialAction":[{"@type":"ReadAction","target":["https:\/\/dicodusport.fr\/blog\/tour-d-italie-2021-contre-la-montre-parcours-en-detail\/"]}]},{"@type":"ImageObject","inLanguage":"fr-FR","@id":"https:\/\/dicodusport.fr\/blog\/tour-d-italie-2021-contre-la-montre-parcours-en-detail\/#primaryimage","url":"https:\/\/dicodusport.fr\/blog\/wp-content\/uploads\/2021\/05\/Cyclisme-Tour-de-Romandie-2021-Remi-Cavagna-remporte-le-chrono-final-Thomas-sacre.png","contentUrl":"https:\/\/dicodusport.fr\/blog\/wp-content\/uploads\/2021\/05\/Cyclisme-Tour-de-Romandie-2021-Remi-Cavagna-remporte-le-chrono-final-Thomas-sacre.png","width":800,"height":445,"caption":"Tour d'Italie 2021 - 1\u00e8re \u00e9tape (Contre-la-montre) : le parcours en d\u00e9tail"},{"@type":"BreadcrumbList","@id":"https:\/\/dicodusport.fr\/blog\/tour-d-italie-2021-contre-la-montre-parcours-en-detail\/#breadcrumb","itemListElement":[{"@type":"ListItem","position":1,"name":"Accueil","item":"https:\/\/dicodusport.fr\/blog\/"},{"@type":"ListItem","position":2,"name":"Tour d&rsquo;Italie 2021 &#8211; 1\u00e8re \u00e9tape (Contre-la-montre) : le parcours en d\u00e9tail"}]},{"@type":"WebSite","@id":"https:\/\/dicodusport.fr\/blog\/#website","url":"https:\/\/dicodusport.fr\/blog\/","name":"Dicodusport","description":"L&#039;encyclop\u00e9die de l&#039;actualit\u00e9 sportive","publisher":{"@id":"https:\/\/dicodusport.fr\/blog\/#organization"},"potentialAction":[{"@type":"SearchAction","target":{"@type":"EntryPoint","urlTemplate":"https:\/\/dicodusport.fr\/blog\/?s={search_term_string}"},"query-input":{"@type":"PropertyValueSpecification","valueRequired":true,"valueName":"search_term_string"}}],"inLanguage":"fr-FR"},{"@type":"NewsMediaOrganization","@id":"https:\/\/dicodusport.fr\/blog\/#organization","name":"Dicodusport","url":"https:\/\/dicodusport.fr\/blog\/","logo":{"@type":"ImageObject","inLanguage":"fr-FR","@id":"https:\/\/dicodusport.fr\/blog\/#\/schema\/logo\/image\/","url":"https:\/\/dicodusport.fr\/blog\/wp-content\/uploads\/2020\/06\/cropped-LOGO-DICODUSPORT-2020-SANS-FOND-SANS-TEXTE.png","contentUrl":"https:\/\/dicodusport.fr\/blog\/wp-content\/uploads\/2020\/06\/cropped-LOGO-DICODUSPORT-2020-SANS-FOND-SANS-TEXTE.png","width":512,"height":512,"caption":"Dicodusport"},"image":{"@id":"https:\/\/dicodusport.fr\/blog\/#\/schema\/logo\/image\/"},"sameAs":["https:\/\/www.facebook.com\/dicodusport","https:\/\/x.com\/dicodusport","https:\/\/www.instagram.com\/dicodusport\/","https:\/\/www.youtube.com\/channel\/UC7V2KZ5sd3htJivAbA4ZG3w"],"description":"Dicodusport est l'encyclop\u00e9die de l'actualit\u00e9 sportive.","email":"bonjour@dicodusport.fr","legalName":"DICODUSPORT","foundingDate":"2018-01-14","vatID":"FR71834470973","taxID":"83447097300043","numberOfEmployees":{"@type":"QuantitativeValue","minValue":"1","maxValue":"10"}},{"@type":"Person","@id":"https:\/\/dicodusport.fr\/blog\/#\/schema\/person\/6db4bae06b171592211be385b32876a7","name":"Emilien Descampiaux","image":{"@type":"ImageObject","inLanguage":"fr-FR","@id":"https:\/\/dicodusport.fr\/blog\/#\/schema\/person\/image\/","url":"https:\/\/dicodusport.fr\/blog\/wp-content\/uploads\/2021\/05\/Emilien-Descampiaux-150x150.jpg","contentUrl":"https:\/\/dicodusport.fr\/blog\/wp-content\/uploads\/2021\/05\/Emilien-Descampiaux-150x150.jpg","caption":"Emilien Descampiaux"},"description":"Journaliste\/r\u00e9dacteur depuis 2014 - Fan de la classe de Frank Vandenbroucke, je vis cyclisme (et de ses paysages) depuis plus de 20 ans. Je suis tr\u00e8s impliqu\u00e9 sur mes diff\u00e9rents r\u00e9seaux sociaux pour partager ma passion sur le monde et l'Histoire de la bicyclette avec ma voix sur les images en noir et blanc du succ\u00e8s de Rik Van Steenbergen lors du Ronde sur le V\u00e9lodrome de Gand.","sameAs":["https:\/\/www.facebook.com\/groups\/LesRoisDuPeloton","https:\/\/x.com\/https:\/\/twitter.com\/LRoisDuPeloton"],"url":"https:\/\/dicodusport.fr\/blog\/author\/emiliend\/"}]}},"_links":{"self":[{"href":"https:\/\/dicodusport.fr\/blog\/wp-json\/wp\/v2\/posts\/125102","targetHints":{"allow":["GET"]}}],"collection":[{"href":"https:\/\/dicodusport.fr\/blog\/wp-json\/wp\/v2\/posts"}],"about":[{"href":"https:\/\/dicodusport.fr\/blog\/wp-json\/wp\/v2\/types\/post"}],"author":[{"embeddable":true,"href":"https:\/\/dicodusport.fr\/blog\/wp-json\/wp\/v2\/users\/48"}],"replies":[{"embeddable":true,"href":"https:\/\/dicodusport.fr\/blog\/wp-json\/wp\/v2\/comments?post=125102"}],"version-history":[{"count":0,"href":"https:\/\/dicodusport.fr\/blog\/wp-json\/wp\/v2\/posts\/125102\/revisions"}],"wp:featuredmedia":[{"embeddable":true,"href":"https:\/\/dicodusport.fr\/blog\/wp-json\/wp\/v2\/media\/126411"}],"wp:attachment":[{"href":"https:\/\/dicodusport.fr\/blog\/wp-json\/wp\/v2\/media?parent=125102"}],"wp:term":[{"taxonomy":"category","embeddable":true,"href":"https:\/\/dicodusport.fr\/blog\/wp-json\/wp\/v2\/categories?post=125102"},{"taxonomy":"post_tag","embeddable":true,"href":"https:\/\/dicodusport.fr\/blog\/wp-json\/wp\/v2\/tags?post=125102"}],"curies":[{"name":"wp","href":"https:\/\/api.w.org\/{rel}","templated":true}]}}