{"id":125146,"date":"2021-04-28T10:10:55","date_gmt":"2021-04-28T08:10:55","guid":{"rendered":"https:\/\/dicodusport.fr\/blog\/?p=125146&#038;preview=true&#038;preview_id=125146"},"modified":"2021-04-28T10:41:32","modified_gmt":"2021-04-28T08:41:32","slug":"le-psg-revient-a-la-charge-pour-messi","status":"publish","type":"post","link":"https:\/\/dicodusport.fr\/blog\/le-psg-revient-a-la-charge-pour-messi\/","title":{"rendered":"Le PSG revient \u00e0 la charge pour Messi"},"content":{"rendered":"<p style=\"text-align: justify;\"><strong><em>FOOTBALL &#8211; Le journaliste br\u00e9silien Marcelo Bechler a r\u00e9v\u00e9l\u00e9 hier dans la soir\u00e9e que le PSG allait pr\u00e9parer une offre de contrat pour Leo Messi, en fin de contrat au FC Barcelone. <\/em><\/strong><\/p>\n<p style=\"text-align: justify;\"><strong>Marcelo Bechler<\/strong> n&rsquo;est pas du genre \u00e0 tweeter sans raison, et tout le monde se souvient de son annonce en exclusivit\u00e9 concernant l&rsquo;arriv\u00e9e de Neymar au PSG. Cette fois, <strong>Bechler<\/strong> d\u00e9voile que le club de la capitale va s&rsquo;attaquer \u00e0 <a href=\"https:\/\/dicodusport.fr\/blog\/tag\/lionel-messi\/\"><strong>Messi<\/strong><\/a>. La star argentine est en fin de contrat avec le FC Barcelone et nul ne sait quelle sera la d\u00e9cision du joueur. Si le pr\u00e9sident du Bar\u00e7a, Joan Laporta, a promis de tout faire pour le retenir, la situation \u00e9conomique du club catalan, avec pr\u00e8s d&rsquo;1 milliard d&rsquo;euros de dettes, pourrait contrecarrer ses plans. Et c&rsquo;est l\u00e0 que Paris entre en jeu.<\/p>\n<h2 style=\"text-align: justify;\">Le PSG \u00e0 l&rsquo;attaque pour Messi<\/h2>\n<p style=\"text-align: justify;\">En effet, le <strong>PSG<\/strong> proposerait un contrat de deux ans avec un an en option \u00e0 <strong>Lionel Messi<\/strong>. Une offre \u00e9conomique que le journaliste d\u00e9clare sup\u00e9rieure \u00e0 ce que n&rsquo;importe quel club pourrait proposer au joueur. <strong>Messi<\/strong>, de son c\u00f4t\u00e9, a d\u00e9clar\u00e9 qu&rsquo;il ne prendrait de d\u00e9cision qu&rsquo;une fois la saison termin\u00e9e. N\u00e9anmoins, l&rsquo;Argentin vient d&rsquo;acheter une villa \u00e0 Miami, et les rumeurs d&rsquo;un contrat lucratif \u00e0 l&rsquo;<strong>Inter Miami<\/strong>, club de David Beckham, sont aussi \u00e9voqu\u00e9es. <strong>Marcelo Bechler<\/strong> confirme ainsi les dires du journaliste fran\u00e7ais <strong>Daniel Riolo<\/strong> qui avait annonc\u00e9 il y a quelques mois que le PSG allait tout faire pour recruter Messi. Ce sera, \u00e0 n&rsquo;en pas douter, le feuilleton de l&rsquo;\u00e9t\u00e9 du c\u00f4t\u00e9 du mercato.<\/p>\n<blockquote class=\"twitter-tweet\">\n<p dir=\"ltr\" lang=\"pt\">EXCLUSIVO! &#x1f525; Em apura\u00e7\u00e3o do nosso rep\u00f3rter <a href=\"https:\/\/twitter.com\/marcelobechler?ref_src=twsrc%5Etfw\">@marcelobechler<\/a>, o PSG toma a frente na corrida por Lionel Messi e j\u00e1 apresentou um contrato de DOIS ANOS com mais um opcional! E a\u00ed, ser\u00e1 que veremos o craque com uma nova camisa dessa vez? <a href=\"https:\/\/twitter.com\/hashtag\/PSG?src=hash&amp;ref_src=twsrc%5Etfw\">#PSG<\/a> <a href=\"https:\/\/twitter.com\/hashtag\/Messi?src=hash&amp;ref_src=twsrc%5Etfw\">#Messi<\/a> <a href=\"https:\/\/t.co\/Ltc4VOg6L4\">pic.twitter.com\/Ltc4VOg6L4<\/a><\/p>\n<p>\u2014 TNT Sports Brasil (@TNTSportsBR) <a href=\"https:\/\/twitter.com\/TNTSportsBR\/status\/1387102857439191041?ref_src=twsrc%5Etfw\">April 27, 2021<\/a><\/p><\/blockquote>\n<p style=\"text-align: justify;\"><script async src=\"https:\/\/platform.twitter.com\/widgets.js\" charset=\"utf-8\"><\/script><\/p>\n","protected":false},"excerpt":{"rendered":"<p>FOOTBALL &#8211; Le journaliste br\u00e9silien Marcelo Bechler a r\u00e9v\u00e9l\u00e9 hier dans la soir\u00e9e que le PSG allait pr\u00e9parer une offre de contrat pour Leo Messi, en fin de contrat au FC Barcelone.<\/p>\n","protected":false},"author":49,"featured_media":125155,"comment_status":"open","ping_status":"closed","sticky":false,"template":"","format":"standard","meta":{"_acf_changed":false,"_daextam_enable_autolinks":"","footnotes":""},"categories":[2301],"tags":[75,3070,910],"class_list":["post-125146","post","type-post","status-publish","format-standard","has-post-thumbnail","hentry","category-football","tag-football","tag-messi","tag-psg"],"acf":[],"yoast_head":"<!-- This site is optimized with the Yoast SEO Premium plugin v26.7 (Yoast SEO v26.7) - https:\/\/yoast.com\/wordpress\/plugins\/seo\/ -->\n<title>Le PSG revient \u00e0 la charge pour Messi<\/title>\n<meta name=\"description\" content=\"FOOTBALL - Le journaliste br\u00e9silien Marcelo Bechler a r\u00e9v\u00e9l\u00e9 hier dans la soir\u00e9e que le PSG allait pr\u00e9parer une offre de contrat pour Leo Messi, en fin de contrat au FC Barcelone.\" \/>\n<meta name=\"robots\" content=\"index, follow, max-snippet:-1, max-image-preview:large, max-video-preview:-1\" \/>\n<link rel=\"canonical\" href=\"https:\/\/dicodusport.fr\/blog\/le-psg-revient-a-la-charge-pour-messi\/\" \/>\n<meta property=\"og:locale\" content=\"fr_FR\" \/>\n<meta property=\"og:type\" content=\"article\" \/>\n<meta property=\"og:title\" content=\"Le PSG revient \u00e0 la charge pour Messi\" \/>\n<meta property=\"og:description\" content=\"FOOTBALL - Le journaliste br\u00e9silien Marcelo Bechler a r\u00e9v\u00e9l\u00e9 hier dans la soir\u00e9e que le PSG allait pr\u00e9parer une offre de contrat pour Leo Messi, en fin de contrat au FC Barcelone.\" \/>\n<meta property=\"og:url\" content=\"https:\/\/dicodusport.fr\/blog\/le-psg-revient-a-la-charge-pour-messi\/\" \/>\n<meta property=\"og:site_name\" content=\"Dicodusport\" \/>\n<meta property=\"article:publisher\" content=\"https:\/\/www.facebook.com\/dicodusport\" \/>\n<meta property=\"article:published_time\" content=\"2021-04-28T08:10:55+00:00\" \/>\n<meta property=\"article:modified_time\" content=\"2021-04-28T08:41:32+00:00\" \/>\n<meta property=\"og:image\" content=\"https:\/\/dicodusport.fr\/blog\/wp-content\/uploads\/2021\/04\/Le-PSG-revient-a-la-charge-pour-Messi.png\" \/>\n\t<meta property=\"og:image:width\" content=\"800\" \/>\n\t<meta property=\"og:image:height\" content=\"445\" \/>\n\t<meta property=\"og:image:type\" content=\"image\/png\" \/>\n<meta name=\"author\" content=\"Gregory Caffort\" \/>\n<meta name=\"twitter:card\" content=\"summary_large_image\" \/>\n<meta name=\"twitter:title\" content=\"Le PSG revient \u00e0 la charge pour Messi\" \/>\n<meta name=\"twitter:creator\" content=\"@https:\/\/twitter.com\/GregCaffort\" \/>\n<meta name=\"twitter:site\" content=\"@dicodusport\" \/>\n<script type=\"application\/ld+json\" class=\"yoast-schema-graph\">{\"@context\":\"https:\/\/schema.org\",\"@graph\":[{\"@type\":\"NewsArticle\",\"@id\":\"https:\/\/dicodusport.fr\/blog\/le-psg-revient-a-la-charge-pour-messi\/#article\",\"isPartOf\":{\"@id\":\"https:\/\/dicodusport.fr\/blog\/le-psg-revient-a-la-charge-pour-messi\/\"},\"author\":{\"name\":\"Gregory Caffort\",\"@id\":\"https:\/\/dicodusport.fr\/blog\/#\/schema\/person\/1d9e54defe16cbb5468f150418483f7e\"},\"headline\":\"Le PSG revient \u00e0 la charge pour Messi\",\"datePublished\":\"2021-04-28T08:10:55+00:00\",\"dateModified\":\"2021-04-28T08:41:32+00:00\",\"mainEntityOfPage\":{\"@id\":\"https:\/\/dicodusport.fr\/blog\/le-psg-revient-a-la-charge-pour-messi\/\"},\"wordCount\":353,\"commentCount\":0,\"publisher\":{\"@id\":\"https:\/\/dicodusport.fr\/blog\/#organization\"},\"image\":{\"@id\":\"https:\/\/dicodusport.fr\/blog\/le-psg-revient-a-la-charge-pour-messi\/#primaryimage\"},\"thumbnailUrl\":\"https:\/\/dicodusport.fr\/blog\/wp-content\/uploads\/2021\/04\/Le-PSG-revient-a-la-charge-pour-Messi.png\",\"keywords\":[\"Football\",\"messi\",\"PSG\"],\"articleSection\":[\"Football\"],\"inLanguage\":\"fr-FR\",\"potentialAction\":[{\"@type\":\"CommentAction\",\"name\":\"Comment\",\"target\":[\"https:\/\/dicodusport.fr\/blog\/le-psg-revient-a-la-charge-pour-messi\/#respond\"]}],\"copyrightYear\":\"2021\",\"copyrightHolder\":{\"@id\":\"https:\/\/dicodusport.fr\/blog\/#organization\"}},{\"@type\":\"WebPage\",\"@id\":\"https:\/\/dicodusport.fr\/blog\/le-psg-revient-a-la-charge-pour-messi\/\",\"url\":\"https:\/\/dicodusport.fr\/blog\/le-psg-revient-a-la-charge-pour-messi\/\",\"name\":\"Le PSG revient \u00e0 la charge pour Messi\",\"isPartOf\":{\"@id\":\"https:\/\/dicodusport.fr\/blog\/#website\"},\"primaryImageOfPage\":{\"@id\":\"https:\/\/dicodusport.fr\/blog\/le-psg-revient-a-la-charge-pour-messi\/#primaryimage\"},\"image\":{\"@id\":\"https:\/\/dicodusport.fr\/blog\/le-psg-revient-a-la-charge-pour-messi\/#primaryimage\"},\"thumbnailUrl\":\"https:\/\/dicodusport.fr\/blog\/wp-content\/uploads\/2021\/04\/Le-PSG-revient-a-la-charge-pour-Messi.png\",\"datePublished\":\"2021-04-28T08:10:55+00:00\",\"dateModified\":\"2021-04-28T08:41:32+00:00\",\"description\":\"FOOTBALL - Le journaliste br\u00e9silien Marcelo Bechler a r\u00e9v\u00e9l\u00e9 hier dans la soir\u00e9e que le PSG allait pr\u00e9parer une offre de contrat pour Leo Messi, en fin de contrat au FC Barcelone.\",\"breadcrumb\":{\"@id\":\"https:\/\/dicodusport.fr\/blog\/le-psg-revient-a-la-charge-pour-messi\/#breadcrumb\"},\"inLanguage\":\"fr-FR\",\"potentialAction\":[{\"@type\":\"ReadAction\",\"target\":[\"https:\/\/dicodusport.fr\/blog\/le-psg-revient-a-la-charge-pour-messi\/\"]}]},{\"@type\":\"ImageObject\",\"inLanguage\":\"fr-FR\",\"@id\":\"https:\/\/dicodusport.fr\/blog\/le-psg-revient-a-la-charge-pour-messi\/#primaryimage\",\"url\":\"https:\/\/dicodusport.fr\/blog\/wp-content\/uploads\/2021\/04\/Le-PSG-revient-a-la-charge-pour-Messi.png\",\"contentUrl\":\"https:\/\/dicodusport.fr\/blog\/wp-content\/uploads\/2021\/04\/Le-PSG-revient-a-la-charge-pour-Messi.png\",\"width\":800,\"height\":445,\"caption\":\"Le PSG revient \u00e0 la charge pour Messi\"},{\"@type\":\"BreadcrumbList\",\"@id\":\"https:\/\/dicodusport.fr\/blog\/le-psg-revient-a-la-charge-pour-messi\/#breadcrumb\",\"itemListElement\":[{\"@type\":\"ListItem\",\"position\":1,\"name\":\"Accueil\",\"item\":\"https:\/\/dicodusport.fr\/blog\/\"},{\"@type\":\"ListItem\",\"position\":2,\"name\":\"Le PSG revient \u00e0 la charge pour Messi\"}]},{\"@type\":\"WebSite\",\"@id\":\"https:\/\/dicodusport.fr\/blog\/#website\",\"url\":\"https:\/\/dicodusport.fr\/blog\/\",\"name\":\"Dicodusport\",\"description\":\"L&#039;encyclop\u00e9die de l&#039;actualit\u00e9 sportive\",\"publisher\":{\"@id\":\"https:\/\/dicodusport.fr\/blog\/#organization\"},\"potentialAction\":[{\"@type\":\"SearchAction\",\"target\":{\"@type\":\"EntryPoint\",\"urlTemplate\":\"https:\/\/dicodusport.fr\/blog\/?s={search_term_string}\"},\"query-input\":{\"@type\":\"PropertyValueSpecification\",\"valueRequired\":true,\"valueName\":\"search_term_string\"}}],\"inLanguage\":\"fr-FR\"},{\"@type\":\"NewsMediaOrganization\",\"@id\":\"https:\/\/dicodusport.fr\/blog\/#organization\",\"name\":\"Dicodusport\",\"url\":\"https:\/\/dicodusport.fr\/blog\/\",\"logo\":{\"@type\":\"ImageObject\",\"inLanguage\":\"fr-FR\",\"@id\":\"https:\/\/dicodusport.fr\/blog\/#\/schema\/logo\/image\/\",\"url\":\"https:\/\/dicodusport.fr\/blog\/wp-content\/uploads\/2020\/06\/cropped-LOGO-DICODUSPORT-2020-SANS-FOND-SANS-TEXTE.png\",\"contentUrl\":\"https:\/\/dicodusport.fr\/blog\/wp-content\/uploads\/2020\/06\/cropped-LOGO-DICODUSPORT-2020-SANS-FOND-SANS-TEXTE.png\",\"width\":512,\"height\":512,\"caption\":\"Dicodusport\"},\"image\":{\"@id\":\"https:\/\/dicodusport.fr\/blog\/#\/schema\/logo\/image\/\"},\"sameAs\":[\"https:\/\/www.facebook.com\/dicodusport\",\"https:\/\/x.com\/dicodusport\",\"https:\/\/www.instagram.com\/dicodusport\/\",\"https:\/\/www.youtube.com\/channel\/UC7V2KZ5sd3htJivAbA4ZG3w\"],\"description\":\"Dicodusport est l'encyclop\u00e9die de l'actualit\u00e9 sportive.\",\"email\":\"bonjour@dicodusport.fr\",\"legalName\":\"DICODUSPORT\",\"foundingDate\":\"2018-01-14\",\"vatID\":\"FR71834470973\",\"taxID\":\"83447097300043\",\"numberOfEmployees\":{\"@type\":\"QuantitativeValue\",\"minValue\":\"1\",\"maxValue\":\"10\"}},{\"@type\":\"Person\",\"@id\":\"https:\/\/dicodusport.fr\/blog\/#\/schema\/person\/1d9e54defe16cbb5468f150418483f7e\",\"name\":\"Gregory Caffort\",\"image\":{\"@type\":\"ImageObject\",\"inLanguage\":\"fr-FR\",\"@id\":\"https:\/\/dicodusport.fr\/blog\/#\/schema\/person\/image\/\",\"url\":\"https:\/\/dicodusport.fr\/blog\/wp-content\/uploads\/2021\/04\/Maillot-Greg-Dicodusport-150x150.png\",\"contentUrl\":\"https:\/\/dicodusport.fr\/blog\/wp-content\/uploads\/2021\/04\/Maillot-Greg-Dicodusport-150x150.png\",\"caption\":\"Gregory Caffort\"},\"description\":\"Apr\u00e8s une carri\u00e8re de pr\u00e8s de 13 ans dans le secteur bancaire, ma passion pour le sport m'a rattrap\u00e9. C'est tout naturellement que j'ai accept\u00e9 de me joindre \u00e0 l'aventure Dicodusport avec l'id\u00e9e de faire grandir ce m\u00e9dia consacr\u00e9 aux sports du plus connu au plus confidentiel.\",\"sameAs\":[\"https:\/\/x.com\/https:\/\/twitter.com\/GregCaffort\"],\"url\":\"https:\/\/dicodusport.fr\/blog\/author\/greg\/\"}]}<\/script>\n<!-- \/ Yoast SEO Premium plugin. -->","yoast_head_json":{"title":"Le PSG revient \u00e0 la charge pour Messi","description":"FOOTBALL - Le journaliste br\u00e9silien Marcelo Bechler a r\u00e9v\u00e9l\u00e9 hier dans la soir\u00e9e que le PSG allait pr\u00e9parer une offre de contrat pour Leo Messi, en fin de contrat au FC Barcelone.","robots":{"index":"index","follow":"follow","max-snippet":"max-snippet:-1","max-image-preview":"max-image-preview:large","max-video-preview":"max-video-preview:-1"},"canonical":"https:\/\/dicodusport.fr\/blog\/le-psg-revient-a-la-charge-pour-messi\/","og_locale":"fr_FR","og_type":"article","og_title":"Le PSG revient \u00e0 la charge pour Messi","og_description":"FOOTBALL - Le journaliste br\u00e9silien Marcelo Bechler a r\u00e9v\u00e9l\u00e9 hier dans la soir\u00e9e que le PSG allait pr\u00e9parer une offre de contrat pour Leo Messi, en fin de contrat au FC Barcelone.","og_url":"https:\/\/dicodusport.fr\/blog\/le-psg-revient-a-la-charge-pour-messi\/","og_site_name":"Dicodusport","article_publisher":"https:\/\/www.facebook.com\/dicodusport","article_published_time":"2021-04-28T08:10:55+00:00","article_modified_time":"2021-04-28T08:41:32+00:00","og_image":[{"width":800,"height":445,"url":"https:\/\/dicodusport.fr\/blog\/wp-content\/uploads\/2021\/04\/Le-PSG-revient-a-la-charge-pour-Messi.png","type":"image\/png"}],"author":"Gregory Caffort","twitter_card":"summary_large_image","twitter_title":"Le PSG revient \u00e0 la charge pour Messi","twitter_creator":"@https:\/\/twitter.com\/GregCaffort","twitter_site":"@dicodusport","schema":{"@context":"https:\/\/schema.org","@graph":[{"@type":"NewsArticle","@id":"https:\/\/dicodusport.fr\/blog\/le-psg-revient-a-la-charge-pour-messi\/#article","isPartOf":{"@id":"https:\/\/dicodusport.fr\/blog\/le-psg-revient-a-la-charge-pour-messi\/"},"author":{"name":"Gregory Caffort","@id":"https:\/\/dicodusport.fr\/blog\/#\/schema\/person\/1d9e54defe16cbb5468f150418483f7e"},"headline":"Le PSG revient \u00e0 la charge pour Messi","datePublished":"2021-04-28T08:10:55+00:00","dateModified":"2021-04-28T08:41:32+00:00","mainEntityOfPage":{"@id":"https:\/\/dicodusport.fr\/blog\/le-psg-revient-a-la-charge-pour-messi\/"},"wordCount":353,"commentCount":0,"publisher":{"@id":"https:\/\/dicodusport.fr\/blog\/#organization"},"image":{"@id":"https:\/\/dicodusport.fr\/blog\/le-psg-revient-a-la-charge-pour-messi\/#primaryimage"},"thumbnailUrl":"https:\/\/dicodusport.fr\/blog\/wp-content\/uploads\/2021\/04\/Le-PSG-revient-a-la-charge-pour-Messi.png","keywords":["Football","messi","PSG"],"articleSection":["Football"],"inLanguage":"fr-FR","potentialAction":[{"@type":"CommentAction","name":"Comment","target":["https:\/\/dicodusport.fr\/blog\/le-psg-revient-a-la-charge-pour-messi\/#respond"]}],"copyrightYear":"2021","copyrightHolder":{"@id":"https:\/\/dicodusport.fr\/blog\/#organization"}},{"@type":"WebPage","@id":"https:\/\/dicodusport.fr\/blog\/le-psg-revient-a-la-charge-pour-messi\/","url":"https:\/\/dicodusport.fr\/blog\/le-psg-revient-a-la-charge-pour-messi\/","name":"Le PSG revient \u00e0 la charge pour Messi","isPartOf":{"@id":"https:\/\/dicodusport.fr\/blog\/#website"},"primaryImageOfPage":{"@id":"https:\/\/dicodusport.fr\/blog\/le-psg-revient-a-la-charge-pour-messi\/#primaryimage"},"image":{"@id":"https:\/\/dicodusport.fr\/blog\/le-psg-revient-a-la-charge-pour-messi\/#primaryimage"},"thumbnailUrl":"https:\/\/dicodusport.fr\/blog\/wp-content\/uploads\/2021\/04\/Le-PSG-revient-a-la-charge-pour-Messi.png","datePublished":"2021-04-28T08:10:55+00:00","dateModified":"2021-04-28T08:41:32+00:00","description":"FOOTBALL - Le journaliste br\u00e9silien Marcelo Bechler a r\u00e9v\u00e9l\u00e9 hier dans la soir\u00e9e que le PSG allait pr\u00e9parer une offre de contrat pour Leo Messi, en fin de contrat au FC Barcelone.","breadcrumb":{"@id":"https:\/\/dicodusport.fr\/blog\/le-psg-revient-a-la-charge-pour-messi\/#breadcrumb"},"inLanguage":"fr-FR","potentialAction":[{"@type":"ReadAction","target":["https:\/\/dicodusport.fr\/blog\/le-psg-revient-a-la-charge-pour-messi\/"]}]},{"@type":"ImageObject","inLanguage":"fr-FR","@id":"https:\/\/dicodusport.fr\/blog\/le-psg-revient-a-la-charge-pour-messi\/#primaryimage","url":"https:\/\/dicodusport.fr\/blog\/wp-content\/uploads\/2021\/04\/Le-PSG-revient-a-la-charge-pour-Messi.png","contentUrl":"https:\/\/dicodusport.fr\/blog\/wp-content\/uploads\/2021\/04\/Le-PSG-revient-a-la-charge-pour-Messi.png","width":800,"height":445,"caption":"Le PSG revient \u00e0 la charge pour Messi"},{"@type":"BreadcrumbList","@id":"https:\/\/dicodusport.fr\/blog\/le-psg-revient-a-la-charge-pour-messi\/#breadcrumb","itemListElement":[{"@type":"ListItem","position":1,"name":"Accueil","item":"https:\/\/dicodusport.fr\/blog\/"},{"@type":"ListItem","position":2,"name":"Le PSG revient \u00e0 la charge pour Messi"}]},{"@type":"WebSite","@id":"https:\/\/dicodusport.fr\/blog\/#website","url":"https:\/\/dicodusport.fr\/blog\/","name":"Dicodusport","description":"L&#039;encyclop\u00e9die de l&#039;actualit\u00e9 sportive","publisher":{"@id":"https:\/\/dicodusport.fr\/blog\/#organization"},"potentialAction":[{"@type":"SearchAction","target":{"@type":"EntryPoint","urlTemplate":"https:\/\/dicodusport.fr\/blog\/?s={search_term_string}"},"query-input":{"@type":"PropertyValueSpecification","valueRequired":true,"valueName":"search_term_string"}}],"inLanguage":"fr-FR"},{"@type":"NewsMediaOrganization","@id":"https:\/\/dicodusport.fr\/blog\/#organization","name":"Dicodusport","url":"https:\/\/dicodusport.fr\/blog\/","logo":{"@type":"ImageObject","inLanguage":"fr-FR","@id":"https:\/\/dicodusport.fr\/blog\/#\/schema\/logo\/image\/","url":"https:\/\/dicodusport.fr\/blog\/wp-content\/uploads\/2020\/06\/cropped-LOGO-DICODUSPORT-2020-SANS-FOND-SANS-TEXTE.png","contentUrl":"https:\/\/dicodusport.fr\/blog\/wp-content\/uploads\/2020\/06\/cropped-LOGO-DICODUSPORT-2020-SANS-FOND-SANS-TEXTE.png","width":512,"height":512,"caption":"Dicodusport"},"image":{"@id":"https:\/\/dicodusport.fr\/blog\/#\/schema\/logo\/image\/"},"sameAs":["https:\/\/www.facebook.com\/dicodusport","https:\/\/x.com\/dicodusport","https:\/\/www.instagram.com\/dicodusport\/","https:\/\/www.youtube.com\/channel\/UC7V2KZ5sd3htJivAbA4ZG3w"],"description":"Dicodusport est l'encyclop\u00e9die de l'actualit\u00e9 sportive.","email":"bonjour@dicodusport.fr","legalName":"DICODUSPORT","foundingDate":"2018-01-14","vatID":"FR71834470973","taxID":"83447097300043","numberOfEmployees":{"@type":"QuantitativeValue","minValue":"1","maxValue":"10"}},{"@type":"Person","@id":"https:\/\/dicodusport.fr\/blog\/#\/schema\/person\/1d9e54defe16cbb5468f150418483f7e","name":"Gregory Caffort","image":{"@type":"ImageObject","inLanguage":"fr-FR","@id":"https:\/\/dicodusport.fr\/blog\/#\/schema\/person\/image\/","url":"https:\/\/dicodusport.fr\/blog\/wp-content\/uploads\/2021\/04\/Maillot-Greg-Dicodusport-150x150.png","contentUrl":"https:\/\/dicodusport.fr\/blog\/wp-content\/uploads\/2021\/04\/Maillot-Greg-Dicodusport-150x150.png","caption":"Gregory Caffort"},"description":"Apr\u00e8s une carri\u00e8re de pr\u00e8s de 13 ans dans le secteur bancaire, ma passion pour le sport m'a rattrap\u00e9. C'est tout naturellement que j'ai accept\u00e9 de me joindre \u00e0 l'aventure Dicodusport avec l'id\u00e9e de faire grandir ce m\u00e9dia consacr\u00e9 aux sports du plus connu au plus confidentiel.","sameAs":["https:\/\/x.com\/https:\/\/twitter.com\/GregCaffort"],"url":"https:\/\/dicodusport.fr\/blog\/author\/greg\/"}]}},"_links":{"self":[{"href":"https:\/\/dicodusport.fr\/blog\/wp-json\/wp\/v2\/posts\/125146","targetHints":{"allow":["GET"]}}],"collection":[{"href":"https:\/\/dicodusport.fr\/blog\/wp-json\/wp\/v2\/posts"}],"about":[{"href":"https:\/\/dicodusport.fr\/blog\/wp-json\/wp\/v2\/types\/post"}],"author":[{"embeddable":true,"href":"https:\/\/dicodusport.fr\/blog\/wp-json\/wp\/v2\/users\/49"}],"replies":[{"embeddable":true,"href":"https:\/\/dicodusport.fr\/blog\/wp-json\/wp\/v2\/comments?post=125146"}],"version-history":[{"count":0,"href":"https:\/\/dicodusport.fr\/blog\/wp-json\/wp\/v2\/posts\/125146\/revisions"}],"wp:featuredmedia":[{"embeddable":true,"href":"https:\/\/dicodusport.fr\/blog\/wp-json\/wp\/v2\/media\/125155"}],"wp:attachment":[{"href":"https:\/\/dicodusport.fr\/blog\/wp-json\/wp\/v2\/media?parent=125146"}],"wp:term":[{"taxonomy":"category","embeddable":true,"href":"https:\/\/dicodusport.fr\/blog\/wp-json\/wp\/v2\/categories?post=125146"},{"taxonomy":"post_tag","embeddable":true,"href":"https:\/\/dicodusport.fr\/blog\/wp-json\/wp\/v2\/tags?post=125146"}],"curies":[{"name":"wp","href":"https:\/\/api.w.org\/{rel}","templated":true}]}}