{"id":125471,"date":"2021-05-04T12:03:04","date_gmt":"2021-05-04T10:03:04","guid":{"rendered":"https:\/\/dicodusport.fr\/blog\/?p=125471&#038;preview=true&#038;preview_id=125471"},"modified":"2021-06-18T07:59:01","modified_gmt":"2021-06-18T05:59:01","slug":"amandine-buchard-la-victoire-depend-vraiment-de-mon-attitude","status":"publish","type":"post","link":"https:\/\/dicodusport.fr\/blog\/amandine-buchard-la-victoire-depend-vraiment-de-mon-attitude\/","title":{"rendered":"Amandine Buchard : \u00ab La victoire d\u00e9pend vraiment de mon attitude \u00bb"},"content":{"rendered":"<p style=\"text-align: justify;\"><strong><em>JUDO &#8211; <a href=\"https:\/\/dicodusport.fr\/blog\/judo-championnats-deurope-2021-amandine-buchard-championne-europe\/\">Sacr\u00e9e championne d&rsquo;Europe pour la premi\u00e8re fois chez les s\u00e9niors<\/a>, la num\u00e9ro une mondiale de la cat\u00e9gorie des &#8211; 52kg, Amandine Buchard, nous a accord\u00e9 une interview. Retour sur son titre europ\u00e9en donc, mais aussi sur ses diff\u00e9rents d\u00e9clics et les JO de Tokyo.\u00a0<\/em><\/strong><\/p>\n<h3 style=\"text-align: justify;\"><strong>Amandine, avec un peu de recul, quel est votre sentiment apr\u00e8s l&rsquo;obtention de votre premier titre europ\u00e9en chez les s\u00e9niors ?<\/strong><\/h3>\n<p style=\"text-align: justify;\">C&rsquo;est super bizarre parce qu&rsquo;au final, je n&rsquo;ai pas trop eu l&rsquo;occasion de le f\u00eater. Avec tout ce qu&rsquo;il se passe avec le Covid, je n&rsquo;ai pas eu l&rsquo;opportunit\u00e9 de f\u00eater ce titre avec mes proches. Quand j&rsquo;ai combattu, je suis directement rentr\u00e9e le lendemain en France, je n&rsquo;ai pas pu regarder les copines et copains combattre. \u00c7a a \u00e9t\u00e9 tout de m\u00eame l&rsquo;euphorie le jour du titre et les deux journ\u00e9es qui ont suivi, notamment sur les r\u00e9seaux sociaux, mais en fait, \u00e7a passe tr\u00e8s vite. \u00c7a s&rsquo;est, entre guillemets, vite dissip\u00e9.<\/p>\n<h3 style=\"text-align: justify;\"><strong>Sur un plan sportif, vous avez \u00e9t\u00e9 tr\u00e8s propre, souvent en ma\u00eetrise. Pensez-vous avoir r\u00e9alis\u00e9 un tournoi parfait ?<\/strong><\/h3>\n<p style=\"text-align: justify;\">Parfait, non. D\u00e9j\u00e0, mon premier combat a \u00e9t\u00e9 beaucoup plus long. J&rsquo;avais d\u00e9j\u00e0 une adversaire de taille d&rsquo;entr\u00e9e (face \u00e0 la Roumaine Chitu au 2\u00e8me tour). En d\u00e9but de journ\u00e9e, il y a toujours beaucoup de stress de mon c\u00f4t\u00e9. En plus de cela, en \u00e9tant num\u00e9ro une mondiale, j&rsquo;arrive toujours en haut de tableau, avec un premier combat un peu plus tard que les autres. Donc apr\u00e8s l&rsquo;\u00e9chauffement, j&rsquo;ai toujours un petit coup de mou avant d&rsquo;entrer sur le tatami. Tout \u00e7a ensemble, \u00e7a a finalement donn\u00e9 un combat o\u00f9 je pars au golden score. Normalement, c&rsquo;est un combat que j&rsquo;aurais d\u00fb \u00e9courter plus rapidement. Ensuite, une fois ce combat pass\u00e9, les chevaux \u00e9taient l\u00e2ch\u00e9s. Donc je dirais pas parfait car on peut toujours faire mieux, mais c&rsquo;\u00e9tait une tr\u00e8s bonne journ\u00e9e.<\/p>\n<blockquote class=\"twitter-tweet\">\n<p dir=\"ltr\" lang=\"fr\">&#x1f1eb;&#x1f1f7; Amandine Buchard sacr\u00e9e championne d&rsquo;Europe chez les &#8211; de 52 kg ! &#x1f947; <a href=\"https:\/\/twitter.com\/hashtag\/JudoLisbon2021?src=hash&amp;ref_src=twsrc%5Etfw\">#JudoLisbon2021<\/a><\/p>\n<p>\u2014 Dicodusport &#x2b50;&#x2b50; (@dicodusport) <a href=\"https:\/\/twitter.com\/dicodusport\/status\/1383096533151842315?ref_src=twsrc%5Etfw\">April 16, 2021<\/a><\/p><\/blockquote>\n<p><script async src=\"https:\/\/platform.twitter.com\/widgets.js\" charset=\"utf-8\"><\/script><\/p>\n<h3 style=\"text-align: justify;\">Jusqu&rsquo;ici, il vous avait toujours manqu\u00e9 quelque chose pour monter sur la plus haute marche du podium, lors d&rsquo;un grand championnat chez les s\u00e9niors. Qu&rsquo;est-ce qui a finalement fait la diff\u00e9rence pour ce championnat d&rsquo;Europe ?<\/h3>\n<p style=\"text-align: justify;\">Ce qui m&rsquo;a manqu\u00e9, c&rsquo;est une certaine confiance en moi. Avant, j&rsquo;avais toujours quelques p\u00e9riodes de doute(s), avec de l&rsquo;appr\u00e9hension avant mes combats, selon les adversaires en face. Maintenant, je me sens beaucoup plus relax. Je me dis que peu importe l&rsquo;adversaire en face, la finalit\u00e9 doit \u00eatre la m\u00eame : je me dois d&rsquo;\u00eatre agressive, voire exp\u00e9ditive. Je me dis \u00e0 chaque fois que je dois \u00eatre la premi\u00e8re \u00e0 prendre l&rsquo;initiative des attaques sur le tatami. Ce changement de mani\u00e8re de penser, \u00e7a m&rsquo;a beaucoup aid\u00e9.<\/p>\n<p style=\"text-align: justify;\">Aussi, je reste sur trois victoires cons\u00e9cutives (Grand Slam de Budapest, le Masters de Doha et le championnat d&rsquo;Europe), donc \u00e7a donne forc\u00e9ment une certaine confiance en soi. Je ne sous-estime pas mes adversaires, mais \u00e7a aide beaucoup.<\/p>\n<h3 style=\"text-align: justify;\">De l&rsquo;ext\u00e9rieur, on a aussi l&rsquo;impression que votre victoire face \u00e0 Uta Abe lors du Grand Slam d&rsquo;Osaka en 2019 a \u00e9t\u00e9 un d\u00e9clic&#8230;<\/h3>\n<p style=\"text-align: justify;\">Oui, c&rsquo;est \u00e7a ! En fait, j&rsquo;ai eu plusieurs d\u00e9clics, mais ce combat, c&rsquo;est vraiment le plus important. Pour remettre les choses dans le contexte, lors des championnats du monde de Tokyo la m\u00eame ann\u00e9e, je me loupe et je fais 5\u00e8me. Cette ann\u00e9e-l\u00e0, mes copines de l&rsquo;\u00e9quipe de France r\u00e9alisent un championnat du monde extraordinaire (4 m\u00e9dailles doit 3 titres). \u00c0 ce moment-l\u00e0, je prends une grande claque, car je suis arriv\u00e9e sur ces Mondiaux dans la peau de num\u00e9ro une mondiale, et ma place doit \u00eatre sur le podium. Je me dis que ce n&rsquo;est pas possible d&rsquo;\u00e9chouer \u00e0 ce point.<\/p>\n<p style=\"text-align: justify;\">Dans la foul\u00e9e, j&rsquo;ai vraiment commenc\u00e9 \u00e0 travailler mon attitude lors des combats. Et \u00e0 Osaka, je gagne mes combats, et je me retrouve en finale face \u00e0 Uta Abe (alors invaincue depuis 3 ans). Ce jour-l\u00e0, si elle gagnait la comp\u00e9tition, elle d\u00e9crochait directement son ticket pour les Jeux de Tokyo. Elle avait tout pour \u00eatre en mode guerri\u00e8re. Mais le travail r\u00e9alis\u00e9 concernant mon attitude a pay\u00e9, et je ne me suis pas pos\u00e9e de question(s). \u00c7a a \u00e9t\u00e9 la grosse bagarre jusqu&rsquo;au golden score o\u00f9 je marque et gagne le combat. Depuis ce jour-l\u00e0, j&rsquo;ai la preuve que la victoire d\u00e9pend vraiment de mon attitude.<\/p>\n<h3 style=\"text-align: justify;\"><strong>\u00c0 propos des JO de Tokyo, Uta Abe sera certainement votre plus grande adversaire. De qui faudra-t-il \u00e9galement se m\u00e9fier ?<\/strong><\/h3>\n<p style=\"text-align: justify;\">Il y aura forc\u00e9ment la championne olympique en titre, la Kosovare Majlinda Kelmendi. En janvier dernier, au Masters de Doha, je l&rsquo;ai battue, alors que j&rsquo;avais toujours perdu contre elle jusqu&rsquo;\u00e0 ce combat. \u00c7a c&rsquo;est pareil, \u00e7a m&rsquo;a permis de prendre vraiment confiance en moi.<\/p>\n<h3 style=\"text-align: justify;\">Avant les JO, quel sera votre programme ? Les championnats du monde en font-ils partie ?<\/h3>\n<p style=\"text-align: justify;\">D\u00e9j\u00e0, je ne participerai pas aux championnats du monde (6 au 13 juin 2021 \u00e0 Budapest). Pour la simple et bonne raison qu&rsquo;en accord avec mon entra\u00eeneur, on mise vraiment sur les Jeux Olympiques Tokyo. La comp\u00e9tition a lieu un peu plus d&rsquo;un mois avant l&rsquo;\u00e9ch\u00e9ance olympique, alors on ne veut prendre aucun risque de blessure, ou m\u00eame de contamination au Covid-19. C&rsquo;est plus judicieux de faire l&rsquo;impasse sur les Mondiaux et de profiter des trois mois restants pour faire une tr\u00e8s bonne pr\u00e9paration.<\/p>\n<h3 style=\"text-align: justify;\">Tout autre sujet, quoique, il y a une \u00e9norme densit\u00e9 au sein de l&rsquo;\u00e9quipe de France f\u00e9minine de judo (Agbegnenou, Malonga, Buchard, Dicko, Pinot etc), comment expliquez-vous la r\u00e9ussite de cette g\u00e9n\u00e9ration ?<\/h3>\n<p style=\"text-align: justify;\">D\u00e9j\u00e0, on est une g\u00e9n\u00e9ration qui a vraiment bien march\u00e9 chez les cadettes et juniors (Amandine Buchard est par exemple championne du monde juniors et vice-championne du monde cadettes). On gagnait d\u00e9j\u00e0 \u00e9norm\u00e9ment, et on allait toujours chercher les cat\u00e9gories sup\u00e9rieures pour s&rsquo;entra\u00eener et progresser. Et d\u00e9j\u00e0 dans les cat\u00e9gories jeunes, je trouve que l&rsquo;on avait une certaine maturit\u00e9 que les gar\u00e7ons n&rsquo;avaient pas forc\u00e9ment. Maintenant, c&rsquo;est vrai que le fait de s&rsquo;entra\u00eener avec des filles de ce niveau-l\u00e0 \u00e0 l&rsquo;INSEP, \u00e7a permet de travailler \u00e0 haut niveau, tout le temps. On est toutes bien class\u00e9es \u00e0 la Ranking List mondiale dans nos cat\u00e9gories respectives, et en termes d&rsquo;adversit\u00e9, c&rsquo;est un plus au quotidien \u00e0 l&rsquo;entra\u00eenement.<\/p>\n<p style=\"text-align: justify;\">Puis comme le dit Larbi Benboudaoud, Directeur de la haute performance du judo fran\u00e7ais, <em>\u00ab la gagne attire la gagne \u00bb<\/em>. Aujourd&rsquo;hui, on se retrouve dans une situation dans laquelle les Japonaises \u00e9taient il y a quelques ann\u00e9es : tout le monde ou presque rentrait avec des titres, et nous de l&rsquo;ext\u00e9rieur, on se disait que \u00e7a devait \u00eatre terrible pour celles qui n&rsquo;\u00e9taient pas titr\u00e9es. On se retrouve dans cette configuration d\u00e9sormais, on a envie d&rsquo;\u00eatre au top niveau car le reste du groupe est au top niveau.<\/p>\n<h3 style=\"text-align: justify;\">Derni\u00e8re question, quelles \u00e9taient (ou quelles sont encore) vos sources d&rsquo;inspiration, que ce soit dans le judo, ou dans le sport en g\u00e9n\u00e9ral ?<\/h3>\n<p style=\"text-align: justify;\">J&rsquo;ai toujours eu beaucoup d&rsquo;admiration pour Lucie D\u00e9cosse (championne olympique et triple championne du monde). D\u00e9j\u00e0 quand j&rsquo;\u00e9tais gamine, je la trouvais impressionnante. Aujourd&rsquo;hui, j&rsquo;ai de la chance, car elle fait partie du staff de l&rsquo;\u00e9quipe de France. J&rsquo;ai aussi beaucoup d&rsquo;admiration pour Clarisse Agbegnenou, qui est aussi l&rsquo;une de mes meilleures amies. Quand je suis arriv\u00e9e en \u00e9quipe de France, elle m&rsquo;a vraiment bien accueillie et m&rsquo;a toujours donn\u00e9 beaucoup d&rsquo;\u00e9nergie.<\/p>\n","protected":false},"excerpt":{"rendered":"<p>JUDO &#8211; Sacr\u00e9e championne d&rsquo;Europe pour la premi\u00e8re fois chez les s\u00e9niors, la num\u00e9ro une mondiale de la cat\u00e9gorie des &#8211; 52kg, Amandine Buchard, nous a accord\u00e9 une interview. Retour sur son titre europ\u00e9en donc, mais aussi sur ses diff\u00e9rents d\u00e9clics et les JO de Tokyo.\u00a0<\/p>\n","protected":false},"author":4,"featured_media":122184,"comment_status":"open","ping_status":"closed","sticky":false,"template":"","format":"standard","meta":{"_acf_changed":false,"_daextam_enable_autolinks":"","footnotes":""},"categories":[8651],"tags":[6032,68,24],"class_list":["post-125471","post","type-post","status-publish","format-standard","has-post-thumbnail","hentry","category-judo","tag-amandine-buchard","tag-judo","tag-sport"],"acf":[],"yoast_head":"<!-- This site is optimized with the Yoast SEO Premium plugin v26.7 (Yoast SEO v26.7) - https:\/\/yoast.com\/wordpress\/plugins\/seo\/ -->\n<title>Amandine Buchard : \u00ab La victoire d\u00e9pend vraiment de mon attitude \u00bb<\/title>\n<meta name=\"description\" content=\"JUDO - Sacr\u00e9e championne d&#039;Europe pour la premi\u00e8re fois chez les s\u00e9niors, Amandine Buchard, nous a accord\u00e9 une interview.\" \/>\n<meta name=\"robots\" content=\"index, follow, max-snippet:-1, max-image-preview:large, max-video-preview:-1\" \/>\n<link rel=\"canonical\" href=\"https:\/\/dicodusport.fr\/blog\/amandine-buchard-la-victoire-depend-vraiment-de-mon-attitude\/\" \/>\n<meta property=\"og:locale\" content=\"fr_FR\" \/>\n<meta property=\"og:type\" content=\"article\" \/>\n<meta property=\"og:title\" content=\"Amandine Buchard : \u00ab La victoire d\u00e9pend vraiment de mon attitude \u00bb\" \/>\n<meta property=\"og:description\" content=\"JUDO - Sacr\u00e9e championne d&#039;Europe pour la premi\u00e8re fois chez les s\u00e9niors, Amandine Buchard, nous a accord\u00e9 une interview.\" \/>\n<meta property=\"og:url\" content=\"https:\/\/dicodusport.fr\/blog\/amandine-buchard-la-victoire-depend-vraiment-de-mon-attitude\/\" \/>\n<meta property=\"og:site_name\" content=\"Dicodusport\" \/>\n<meta property=\"article:publisher\" content=\"https:\/\/www.facebook.com\/dicodusport\" \/>\n<meta property=\"article:author\" content=\"https:\/\/www.facebook.com\/florent.ostermann\" \/>\n<meta property=\"article:published_time\" content=\"2021-05-04T10:03:04+00:00\" \/>\n<meta property=\"article:modified_time\" content=\"2021-06-18T05:59:01+00:00\" \/>\n<meta property=\"og:image\" content=\"https:\/\/dicodusport.fr\/blog\/wp-content\/uploads\/2021\/04\/Judo-Championnats-dEurope-2021-Amandine-Buchard-est-championne-dEurope.png\" \/>\n\t<meta property=\"og:image:width\" content=\"800\" \/>\n\t<meta property=\"og:image:height\" content=\"445\" \/>\n\t<meta property=\"og:image:type\" content=\"image\/png\" \/>\n<meta name=\"author\" content=\"Flo Ostermann\" \/>\n<meta name=\"twitter:card\" content=\"summary_large_image\" \/>\n<meta name=\"twitter:title\" content=\"Amandine Buchard : \u00ab La victoire d\u00e9pend vraiment de mon attitude \u00bb\" \/>\n<meta name=\"twitter:creator\" content=\"@https:\/\/twitter.com\/FlOstermann\" \/>\n<meta name=\"twitter:site\" content=\"@dicodusport\" \/>\n<script type=\"application\/ld+json\" class=\"yoast-schema-graph\">{\"@context\":\"https:\/\/schema.org\",\"@graph\":[{\"@type\":\"NewsArticle\",\"@id\":\"https:\/\/dicodusport.fr\/blog\/amandine-buchard-la-victoire-depend-vraiment-de-mon-attitude\/#article\",\"isPartOf\":{\"@id\":\"https:\/\/dicodusport.fr\/blog\/amandine-buchard-la-victoire-depend-vraiment-de-mon-attitude\/\"},\"author\":{\"name\":\"Flo Ostermann\",\"@id\":\"https:\/\/dicodusport.fr\/blog\/#\/schema\/person\/cb02af4c173ce4a653b55e9baf388d4a\"},\"headline\":\"Amandine Buchard : \u00ab La victoire d\u00e9pend vraiment de mon attitude \u00bb\",\"datePublished\":\"2021-05-04T10:03:04+00:00\",\"dateModified\":\"2021-06-18T05:59:01+00:00\",\"mainEntityOfPage\":{\"@id\":\"https:\/\/dicodusport.fr\/blog\/amandine-buchard-la-victoire-depend-vraiment-de-mon-attitude\/\"},\"wordCount\":1397,\"commentCount\":1,\"publisher\":{\"@id\":\"https:\/\/dicodusport.fr\/blog\/#organization\"},\"image\":{\"@id\":\"https:\/\/dicodusport.fr\/blog\/amandine-buchard-la-victoire-depend-vraiment-de-mon-attitude\/#primaryimage\"},\"thumbnailUrl\":\"https:\/\/dicodusport.fr\/blog\/wp-content\/uploads\/2021\/04\/Judo-Championnats-dEurope-2021-Amandine-Buchard-est-championne-dEurope.png\",\"keywords\":[\"Amandine Buchard\",\"Judo\",\"sport\"],\"articleSection\":[\"Judo\"],\"inLanguage\":\"fr-FR\",\"potentialAction\":[{\"@type\":\"CommentAction\",\"name\":\"Comment\",\"target\":[\"https:\/\/dicodusport.fr\/blog\/amandine-buchard-la-victoire-depend-vraiment-de-mon-attitude\/#respond\"]}],\"copyrightYear\":\"2021\",\"copyrightHolder\":{\"@id\":\"https:\/\/dicodusport.fr\/blog\/#organization\"}},{\"@type\":\"WebPage\",\"@id\":\"https:\/\/dicodusport.fr\/blog\/amandine-buchard-la-victoire-depend-vraiment-de-mon-attitude\/\",\"url\":\"https:\/\/dicodusport.fr\/blog\/amandine-buchard-la-victoire-depend-vraiment-de-mon-attitude\/\",\"name\":\"Amandine Buchard : \u00ab La victoire d\u00e9pend vraiment de mon attitude \u00bb\",\"isPartOf\":{\"@id\":\"https:\/\/dicodusport.fr\/blog\/#website\"},\"primaryImageOfPage\":{\"@id\":\"https:\/\/dicodusport.fr\/blog\/amandine-buchard-la-victoire-depend-vraiment-de-mon-attitude\/#primaryimage\"},\"image\":{\"@id\":\"https:\/\/dicodusport.fr\/blog\/amandine-buchard-la-victoire-depend-vraiment-de-mon-attitude\/#primaryimage\"},\"thumbnailUrl\":\"https:\/\/dicodusport.fr\/blog\/wp-content\/uploads\/2021\/04\/Judo-Championnats-dEurope-2021-Amandine-Buchard-est-championne-dEurope.png\",\"datePublished\":\"2021-05-04T10:03:04+00:00\",\"dateModified\":\"2021-06-18T05:59:01+00:00\",\"description\":\"JUDO - Sacr\u00e9e championne d'Europe pour la premi\u00e8re fois chez les s\u00e9niors, Amandine Buchard, nous a accord\u00e9 une interview.\",\"breadcrumb\":{\"@id\":\"https:\/\/dicodusport.fr\/blog\/amandine-buchard-la-victoire-depend-vraiment-de-mon-attitude\/#breadcrumb\"},\"inLanguage\":\"fr-FR\",\"potentialAction\":[{\"@type\":\"ReadAction\",\"target\":[\"https:\/\/dicodusport.fr\/blog\/amandine-buchard-la-victoire-depend-vraiment-de-mon-attitude\/\"]}]},{\"@type\":\"ImageObject\",\"inLanguage\":\"fr-FR\",\"@id\":\"https:\/\/dicodusport.fr\/blog\/amandine-buchard-la-victoire-depend-vraiment-de-mon-attitude\/#primaryimage\",\"url\":\"https:\/\/dicodusport.fr\/blog\/wp-content\/uploads\/2021\/04\/Judo-Championnats-dEurope-2021-Amandine-Buchard-est-championne-dEurope.png\",\"contentUrl\":\"https:\/\/dicodusport.fr\/blog\/wp-content\/uploads\/2021\/04\/Judo-Championnats-dEurope-2021-Amandine-Buchard-est-championne-dEurope.png\",\"width\":800,\"height\":445,\"caption\":\"Amandine Buchard : \u00ab La victoire d\u00e9pend vraiment de mon attitude \u00bb\"},{\"@type\":\"BreadcrumbList\",\"@id\":\"https:\/\/dicodusport.fr\/blog\/amandine-buchard-la-victoire-depend-vraiment-de-mon-attitude\/#breadcrumb\",\"itemListElement\":[{\"@type\":\"ListItem\",\"position\":1,\"name\":\"Accueil\",\"item\":\"https:\/\/dicodusport.fr\/blog\/\"},{\"@type\":\"ListItem\",\"position\":2,\"name\":\"Amandine Buchard : \u00ab La victoire d\u00e9pend vraiment de mon attitude \u00bb\"}]},{\"@type\":\"WebSite\",\"@id\":\"https:\/\/dicodusport.fr\/blog\/#website\",\"url\":\"https:\/\/dicodusport.fr\/blog\/\",\"name\":\"Dicodusport\",\"description\":\"L&#039;encyclop\u00e9die de l&#039;actualit\u00e9 sportive\",\"publisher\":{\"@id\":\"https:\/\/dicodusport.fr\/blog\/#organization\"},\"potentialAction\":[{\"@type\":\"SearchAction\",\"target\":{\"@type\":\"EntryPoint\",\"urlTemplate\":\"https:\/\/dicodusport.fr\/blog\/?s={search_term_string}\"},\"query-input\":{\"@type\":\"PropertyValueSpecification\",\"valueRequired\":true,\"valueName\":\"search_term_string\"}}],\"inLanguage\":\"fr-FR\"},{\"@type\":\"NewsMediaOrganization\",\"@id\":\"https:\/\/dicodusport.fr\/blog\/#organization\",\"name\":\"Dicodusport\",\"url\":\"https:\/\/dicodusport.fr\/blog\/\",\"logo\":{\"@type\":\"ImageObject\",\"inLanguage\":\"fr-FR\",\"@id\":\"https:\/\/dicodusport.fr\/blog\/#\/schema\/logo\/image\/\",\"url\":\"https:\/\/dicodusport.fr\/blog\/wp-content\/uploads\/2020\/06\/cropped-LOGO-DICODUSPORT-2020-SANS-FOND-SANS-TEXTE.png\",\"contentUrl\":\"https:\/\/dicodusport.fr\/blog\/wp-content\/uploads\/2020\/06\/cropped-LOGO-DICODUSPORT-2020-SANS-FOND-SANS-TEXTE.png\",\"width\":512,\"height\":512,\"caption\":\"Dicodusport\"},\"image\":{\"@id\":\"https:\/\/dicodusport.fr\/blog\/#\/schema\/logo\/image\/\"},\"sameAs\":[\"https:\/\/www.facebook.com\/dicodusport\",\"https:\/\/x.com\/dicodusport\",\"https:\/\/www.instagram.com\/dicodusport\/\",\"https:\/\/www.youtube.com\/channel\/UC7V2KZ5sd3htJivAbA4ZG3w\"],\"description\":\"Dicodusport est l'encyclop\u00e9die de l'actualit\u00e9 sportive.\",\"email\":\"bonjour@dicodusport.fr\",\"legalName\":\"DICODUSPORT\",\"foundingDate\":\"2018-01-14\",\"vatID\":\"FR71834470973\",\"taxID\":\"83447097300043\",\"numberOfEmployees\":{\"@type\":\"QuantitativeValue\",\"minValue\":\"1\",\"maxValue\":\"10\"}},{\"@type\":\"Person\",\"@id\":\"https:\/\/dicodusport.fr\/blog\/#\/schema\/person\/cb02af4c173ce4a653b55e9baf388d4a\",\"name\":\"Flo Ostermann\",\"image\":{\"@type\":\"ImageObject\",\"inLanguage\":\"fr-FR\",\"@id\":\"https:\/\/dicodusport.fr\/blog\/#\/schema\/person\/image\/\",\"url\":\"https:\/\/dicodusport.fr\/blog\/wp-content\/uploads\/2021\/05\/Flo-Ostermann-150x150.jpg\",\"contentUrl\":\"https:\/\/dicodusport.fr\/blog\/wp-content\/uploads\/2021\/05\/Flo-Ostermann-150x150.jpg\",\"caption\":\"Flo Ostermann\"},\"description\":\"Journaliste\/R\u00e9dacteur depuis septembre 2015 - Mes premiers souvenirs dans le sport ? Les envol\u00e9es du Stade Toulousain et les duels Villeneuve-Schumacher et H\u00e4kkinen-Schumacher \u00e0 la fin des ann\u00e9es 90, la Coupe du monde de football en 1998, l\u2019exploit du XV de France face aux All Blacks en 1999, mais aussi Richard C\u0153ur de Lion qui vole sur les montagnes du Tour de France. Bien parti pour devenir professeur d\u2019EPS, les \u00e9v\u00e9nements de la vie (et la flemme d\u2019animer des s\u00e9ances de 3x500 m\u00e8tres toute ma vie) m\u2019ont conduit \u00e0 revoir mes plans. Me voil\u00e0 depuis fin 2017 sur Dicodusport, m\u00e9dia gr\u00e2ce (et pour) lequel je partage ma passion : le sport dans tous ses \u00e9tats. Le tout accompagn\u00e9 par les fous furieux et folles furieuses cit\u00e9s sur cette page !\",\"sameAs\":[\"https:\/\/www.facebook.com\/florent.ostermann\",\"https:\/\/x.com\/https:\/\/twitter.com\/FlOstermann\",\"admin\"],\"url\":\"https:\/\/dicodusport.fr\/blog\/author\/flo\/\"}]}<\/script>\n<!-- \/ Yoast SEO Premium plugin. -->","yoast_head_json":{"title":"Amandine Buchard : \u00ab La victoire d\u00e9pend vraiment de mon attitude \u00bb","description":"JUDO - Sacr\u00e9e championne d'Europe pour la premi\u00e8re fois chez les s\u00e9niors, Amandine Buchard, nous a accord\u00e9 une interview.","robots":{"index":"index","follow":"follow","max-snippet":"max-snippet:-1","max-image-preview":"max-image-preview:large","max-video-preview":"max-video-preview:-1"},"canonical":"https:\/\/dicodusport.fr\/blog\/amandine-buchard-la-victoire-depend-vraiment-de-mon-attitude\/","og_locale":"fr_FR","og_type":"article","og_title":"Amandine Buchard : \u00ab La victoire d\u00e9pend vraiment de mon attitude \u00bb","og_description":"JUDO - Sacr\u00e9e championne d'Europe pour la premi\u00e8re fois chez les s\u00e9niors, Amandine Buchard, nous a accord\u00e9 une interview.","og_url":"https:\/\/dicodusport.fr\/blog\/amandine-buchard-la-victoire-depend-vraiment-de-mon-attitude\/","og_site_name":"Dicodusport","article_publisher":"https:\/\/www.facebook.com\/dicodusport","article_author":"https:\/\/www.facebook.com\/florent.ostermann","article_published_time":"2021-05-04T10:03:04+00:00","article_modified_time":"2021-06-18T05:59:01+00:00","og_image":[{"width":800,"height":445,"url":"https:\/\/dicodusport.fr\/blog\/wp-content\/uploads\/2021\/04\/Judo-Championnats-dEurope-2021-Amandine-Buchard-est-championne-dEurope.png","type":"image\/png"}],"author":"Flo Ostermann","twitter_card":"summary_large_image","twitter_title":"Amandine Buchard : \u00ab La victoire d\u00e9pend vraiment de mon attitude \u00bb","twitter_creator":"@https:\/\/twitter.com\/FlOstermann","twitter_site":"@dicodusport","schema":{"@context":"https:\/\/schema.org","@graph":[{"@type":"NewsArticle","@id":"https:\/\/dicodusport.fr\/blog\/amandine-buchard-la-victoire-depend-vraiment-de-mon-attitude\/#article","isPartOf":{"@id":"https:\/\/dicodusport.fr\/blog\/amandine-buchard-la-victoire-depend-vraiment-de-mon-attitude\/"},"author":{"name":"Flo Ostermann","@id":"https:\/\/dicodusport.fr\/blog\/#\/schema\/person\/cb02af4c173ce4a653b55e9baf388d4a"},"headline":"Amandine Buchard : \u00ab La victoire d\u00e9pend vraiment de mon attitude \u00bb","datePublished":"2021-05-04T10:03:04+00:00","dateModified":"2021-06-18T05:59:01+00:00","mainEntityOfPage":{"@id":"https:\/\/dicodusport.fr\/blog\/amandine-buchard-la-victoire-depend-vraiment-de-mon-attitude\/"},"wordCount":1397,"commentCount":1,"publisher":{"@id":"https:\/\/dicodusport.fr\/blog\/#organization"},"image":{"@id":"https:\/\/dicodusport.fr\/blog\/amandine-buchard-la-victoire-depend-vraiment-de-mon-attitude\/#primaryimage"},"thumbnailUrl":"https:\/\/dicodusport.fr\/blog\/wp-content\/uploads\/2021\/04\/Judo-Championnats-dEurope-2021-Amandine-Buchard-est-championne-dEurope.png","keywords":["Amandine Buchard","Judo","sport"],"articleSection":["Judo"],"inLanguage":"fr-FR","potentialAction":[{"@type":"CommentAction","name":"Comment","target":["https:\/\/dicodusport.fr\/blog\/amandine-buchard-la-victoire-depend-vraiment-de-mon-attitude\/#respond"]}],"copyrightYear":"2021","copyrightHolder":{"@id":"https:\/\/dicodusport.fr\/blog\/#organization"}},{"@type":"WebPage","@id":"https:\/\/dicodusport.fr\/blog\/amandine-buchard-la-victoire-depend-vraiment-de-mon-attitude\/","url":"https:\/\/dicodusport.fr\/blog\/amandine-buchard-la-victoire-depend-vraiment-de-mon-attitude\/","name":"Amandine Buchard : \u00ab La victoire d\u00e9pend vraiment de mon attitude \u00bb","isPartOf":{"@id":"https:\/\/dicodusport.fr\/blog\/#website"},"primaryImageOfPage":{"@id":"https:\/\/dicodusport.fr\/blog\/amandine-buchard-la-victoire-depend-vraiment-de-mon-attitude\/#primaryimage"},"image":{"@id":"https:\/\/dicodusport.fr\/blog\/amandine-buchard-la-victoire-depend-vraiment-de-mon-attitude\/#primaryimage"},"thumbnailUrl":"https:\/\/dicodusport.fr\/blog\/wp-content\/uploads\/2021\/04\/Judo-Championnats-dEurope-2021-Amandine-Buchard-est-championne-dEurope.png","datePublished":"2021-05-04T10:03:04+00:00","dateModified":"2021-06-18T05:59:01+00:00","description":"JUDO - Sacr\u00e9e championne d'Europe pour la premi\u00e8re fois chez les s\u00e9niors, Amandine Buchard, nous a accord\u00e9 une interview.","breadcrumb":{"@id":"https:\/\/dicodusport.fr\/blog\/amandine-buchard-la-victoire-depend-vraiment-de-mon-attitude\/#breadcrumb"},"inLanguage":"fr-FR","potentialAction":[{"@type":"ReadAction","target":["https:\/\/dicodusport.fr\/blog\/amandine-buchard-la-victoire-depend-vraiment-de-mon-attitude\/"]}]},{"@type":"ImageObject","inLanguage":"fr-FR","@id":"https:\/\/dicodusport.fr\/blog\/amandine-buchard-la-victoire-depend-vraiment-de-mon-attitude\/#primaryimage","url":"https:\/\/dicodusport.fr\/blog\/wp-content\/uploads\/2021\/04\/Judo-Championnats-dEurope-2021-Amandine-Buchard-est-championne-dEurope.png","contentUrl":"https:\/\/dicodusport.fr\/blog\/wp-content\/uploads\/2021\/04\/Judo-Championnats-dEurope-2021-Amandine-Buchard-est-championne-dEurope.png","width":800,"height":445,"caption":"Amandine Buchard : \u00ab La victoire d\u00e9pend vraiment de mon attitude \u00bb"},{"@type":"BreadcrumbList","@id":"https:\/\/dicodusport.fr\/blog\/amandine-buchard-la-victoire-depend-vraiment-de-mon-attitude\/#breadcrumb","itemListElement":[{"@type":"ListItem","position":1,"name":"Accueil","item":"https:\/\/dicodusport.fr\/blog\/"},{"@type":"ListItem","position":2,"name":"Amandine Buchard : \u00ab La victoire d\u00e9pend vraiment de mon attitude \u00bb"}]},{"@type":"WebSite","@id":"https:\/\/dicodusport.fr\/blog\/#website","url":"https:\/\/dicodusport.fr\/blog\/","name":"Dicodusport","description":"L&#039;encyclop\u00e9die de l&#039;actualit\u00e9 sportive","publisher":{"@id":"https:\/\/dicodusport.fr\/blog\/#organization"},"potentialAction":[{"@type":"SearchAction","target":{"@type":"EntryPoint","urlTemplate":"https:\/\/dicodusport.fr\/blog\/?s={search_term_string}"},"query-input":{"@type":"PropertyValueSpecification","valueRequired":true,"valueName":"search_term_string"}}],"inLanguage":"fr-FR"},{"@type":"NewsMediaOrganization","@id":"https:\/\/dicodusport.fr\/blog\/#organization","name":"Dicodusport","url":"https:\/\/dicodusport.fr\/blog\/","logo":{"@type":"ImageObject","inLanguage":"fr-FR","@id":"https:\/\/dicodusport.fr\/blog\/#\/schema\/logo\/image\/","url":"https:\/\/dicodusport.fr\/blog\/wp-content\/uploads\/2020\/06\/cropped-LOGO-DICODUSPORT-2020-SANS-FOND-SANS-TEXTE.png","contentUrl":"https:\/\/dicodusport.fr\/blog\/wp-content\/uploads\/2020\/06\/cropped-LOGO-DICODUSPORT-2020-SANS-FOND-SANS-TEXTE.png","width":512,"height":512,"caption":"Dicodusport"},"image":{"@id":"https:\/\/dicodusport.fr\/blog\/#\/schema\/logo\/image\/"},"sameAs":["https:\/\/www.facebook.com\/dicodusport","https:\/\/x.com\/dicodusport","https:\/\/www.instagram.com\/dicodusport\/","https:\/\/www.youtube.com\/channel\/UC7V2KZ5sd3htJivAbA4ZG3w"],"description":"Dicodusport est l'encyclop\u00e9die de l'actualit\u00e9 sportive.","email":"bonjour@dicodusport.fr","legalName":"DICODUSPORT","foundingDate":"2018-01-14","vatID":"FR71834470973","taxID":"83447097300043","numberOfEmployees":{"@type":"QuantitativeValue","minValue":"1","maxValue":"10"}},{"@type":"Person","@id":"https:\/\/dicodusport.fr\/blog\/#\/schema\/person\/cb02af4c173ce4a653b55e9baf388d4a","name":"Flo Ostermann","image":{"@type":"ImageObject","inLanguage":"fr-FR","@id":"https:\/\/dicodusport.fr\/blog\/#\/schema\/person\/image\/","url":"https:\/\/dicodusport.fr\/blog\/wp-content\/uploads\/2021\/05\/Flo-Ostermann-150x150.jpg","contentUrl":"https:\/\/dicodusport.fr\/blog\/wp-content\/uploads\/2021\/05\/Flo-Ostermann-150x150.jpg","caption":"Flo Ostermann"},"description":"Journaliste\/R\u00e9dacteur depuis septembre 2015 - Mes premiers souvenirs dans le sport ? Les envol\u00e9es du Stade Toulousain et les duels Villeneuve-Schumacher et H\u00e4kkinen-Schumacher \u00e0 la fin des ann\u00e9es 90, la Coupe du monde de football en 1998, l\u2019exploit du XV de France face aux All Blacks en 1999, mais aussi Richard C\u0153ur de Lion qui vole sur les montagnes du Tour de France. Bien parti pour devenir professeur d\u2019EPS, les \u00e9v\u00e9nements de la vie (et la flemme d\u2019animer des s\u00e9ances de 3x500 m\u00e8tres toute ma vie) m\u2019ont conduit \u00e0 revoir mes plans. Me voil\u00e0 depuis fin 2017 sur Dicodusport, m\u00e9dia gr\u00e2ce (et pour) lequel je partage ma passion : le sport dans tous ses \u00e9tats. Le tout accompagn\u00e9 par les fous furieux et folles furieuses cit\u00e9s sur cette page !","sameAs":["https:\/\/www.facebook.com\/florent.ostermann","https:\/\/x.com\/https:\/\/twitter.com\/FlOstermann","admin"],"url":"https:\/\/dicodusport.fr\/blog\/author\/flo\/"}]}},"_links":{"self":[{"href":"https:\/\/dicodusport.fr\/blog\/wp-json\/wp\/v2\/posts\/125471","targetHints":{"allow":["GET"]}}],"collection":[{"href":"https:\/\/dicodusport.fr\/blog\/wp-json\/wp\/v2\/posts"}],"about":[{"href":"https:\/\/dicodusport.fr\/blog\/wp-json\/wp\/v2\/types\/post"}],"author":[{"embeddable":true,"href":"https:\/\/dicodusport.fr\/blog\/wp-json\/wp\/v2\/users\/4"}],"replies":[{"embeddable":true,"href":"https:\/\/dicodusport.fr\/blog\/wp-json\/wp\/v2\/comments?post=125471"}],"version-history":[{"count":0,"href":"https:\/\/dicodusport.fr\/blog\/wp-json\/wp\/v2\/posts\/125471\/revisions"}],"wp:featuredmedia":[{"embeddable":true,"href":"https:\/\/dicodusport.fr\/blog\/wp-json\/wp\/v2\/media\/122184"}],"wp:attachment":[{"href":"https:\/\/dicodusport.fr\/blog\/wp-json\/wp\/v2\/media?parent=125471"}],"wp:term":[{"taxonomy":"category","embeddable":true,"href":"https:\/\/dicodusport.fr\/blog\/wp-json\/wp\/v2\/categories?post=125471"},{"taxonomy":"post_tag","embeddable":true,"href":"https:\/\/dicodusport.fr\/blog\/wp-json\/wp\/v2\/tags?post=125471"}],"curies":[{"name":"wp","href":"https:\/\/api.w.org\/{rel}","templated":true}]}}