{"id":125479,"date":"2021-04-29T14:24:19","date_gmt":"2021-04-29T12:24:19","guid":{"rendered":"https:\/\/dicodusport.fr\/blog\/?p=125479"},"modified":"2021-04-29T15:02:15","modified_gmt":"2021-04-29T13:02:15","slug":"atp-estoril-gasquet-declare-forfait-avant-son-huitieme-de-finale","status":"publish","type":"post","link":"https:\/\/dicodusport.fr\/blog\/atp-estoril-gasquet-declare-forfait-avant-son-huitieme-de-finale\/","title":{"rendered":"ATP Estoril\u00a0: Gasquet d\u00e9clare forfait avant son huiti\u00e8me de finale"},"content":{"rendered":"<p style=\"text-align: justify;\"><em><strong>ATP ESTORIL &#8211; Richard Gasquet ne jouera pas son huiti\u00e8me de finale au tournoi de Estoril. Initialement oppos\u00e9 \u00e0 Cristian Garin, le Fran\u00e7ais a \u00e9t\u00e9 contraint de d\u00e9clarer forfait \u00e0 cause d\u2019une blessure \u00e0 l\u2019adducteur.<\/strong><\/em><\/p>\n<p style=\"text-align: justify;\">Coup dur pour <strong>Richard Gasquet<\/strong> ! Une heure avant de rentrer sur le court \u00e0 Estoril, le Fran\u00e7ais a \u00e9t\u00e9 touch\u00e9 \u00e0 l\u2019adducteur gauche. C\u2019est donc <strong>Cristian Garin<\/strong> (22<sup>\u00e8me<\/sup> mondial) qui se qualifie pour les quarts de finale. <a href=\"https:\/\/dicodusport.fr\/blog\/atp-estoril-richard-gasquet-se-qualifie-pour-le-deuxieme-tour\/\">Tombeur de <strong>Juan Londero<\/strong><\/a> au tour pr\u00e9c\u00e9dent (6-3, 7-5), le Biterrois avait montr\u00e9 de belles choses et pouvait esp\u00e9rer lancer v\u00e9ritablement sa saison cette semaine. Malheureusement, c\u2019est une nouvelle fois un p\u00e9pin physique qui vient stopper le joueur de 34 ans.<\/p>\n<blockquote class=\"twitter-tweet\">\n<p dir=\"ltr\" lang=\"en\">Richard Gasquet pulls out of the tournament with a left adductor injury.<\/p>\n<p>Cristian Gar\u00edn into the QFs. <a href=\"https:\/\/t.co\/ESx5czkk3s\">pic.twitter.com\/ESx5czkk3s<\/a><\/p>\n<p>\u2014 Millennium #EstorilOpen (@EstorilOpen) <a href=\"https:\/\/twitter.com\/EstorilOpen\/status\/1387727701277122561?ref_src=twsrc%5Etfw\">April 29, 2021<\/a><\/p><\/blockquote>\n<p><script async src=\"https:\/\/platform.twitter.com\/widgets.js\" charset=\"utf-8\"><\/script><\/p>\n<p style=\"text-align: justify;\">Bless\u00e9 au pied et touch\u00e9 par la Covid, ce d\u00e9but de saison n\u2019est vraiment pas des plus faciles pour Gasquet. Lui-m\u00eame semblait \u00eatre conscient de ses probl\u00e8mes physiques et a expliqu\u00e9 qu\u2019avec <em>\u00ab l\u2019\u00e2ge c\u2019est de plus en plus en compliqu\u00e9 \u00bb<\/em>. Apr\u00e8s plus de 551 victoires sur le circuit, <strong>Richard Gasquet<\/strong> se rapproche de la fin de sa carri\u00e8re mais semble rester motiv\u00e9 \u00e0 jouer au tennis. C\u2019est ce qu\u2019il explique : <em>\u00ab Je suis toujours heureux de jouer sur le circuit, de faire le maximum pour \u00eatre le plus fort possible. Tant que c&rsquo;est le cas je continuerai. Je suis en tout cas content d&rsquo;avoir gagn\u00e9 et de me faire plaisir. \u00bb<\/em> Sa participation \u00e0 Madrid semble n\u00e9anmoins compromise. Quid de Roland-Garros ?<\/p>\n","protected":false},"excerpt":{"rendered":"<p>ATP ESTORIL &#8211; Richard Gasquet ne jouera pas son huiti\u00e8me de finale au tournoi de Estoril. Initialement oppos\u00e9 \u00e0 Cristian Garin, le Fran\u00e7ais a \u00e9t\u00e9 contraint de d\u00e9clarer forfait \u00e0 cause d\u2019une blessure \u00e0 l\u2019adducteur.<\/p>\n","protected":false},"author":52,"featured_media":124933,"comment_status":"open","ping_status":"closed","sticky":false,"template":"","format":"standard","meta":{"_acf_changed":false,"_daextam_enable_autolinks":"","footnotes":""},"categories":[2302],"tags":[16218,2542,136],"class_list":["post-125479","post","type-post","status-publish","format-standard","has-post-thumbnail","hentry","category-tennis","tag-atp-estoril","tag-richard-gasquet","tag-tennis"],"acf":[],"yoast_head":"<!-- This site is optimized with the Yoast SEO Premium plugin v26.7 (Yoast SEO v26.7) - https:\/\/yoast.com\/wordpress\/plugins\/seo\/ -->\n<title>ATP Estoril\u00a0: Gasquet d\u00e9clare forfait avant son huiti\u00e8me de finale<\/title>\n<meta name=\"description\" content=\"Initialement oppos\u00e9 \u00e0 Cristian Garin, Richard Gasquet a \u00e9t\u00e9 contraint de d\u00e9clarer forfait \u00e0 cause d\u2019une blessure \u00e0 l\u2019adducteur au tournoi d&#039;Estoril.\" \/>\n<meta name=\"robots\" content=\"index, follow, max-snippet:-1, max-image-preview:large, max-video-preview:-1\" \/>\n<link rel=\"canonical\" href=\"https:\/\/dicodusport.fr\/blog\/atp-estoril-gasquet-declare-forfait-avant-son-huitieme-de-finale\/\" \/>\n<meta property=\"og:locale\" content=\"fr_FR\" \/>\n<meta property=\"og:type\" content=\"article\" \/>\n<meta property=\"og:title\" content=\"ATP Estoril\u00a0: Gasquet d\u00e9clare forfait avant son huiti\u00e8me de finale\" \/>\n<meta property=\"og:description\" content=\"Initialement oppos\u00e9 \u00e0 Cristian Garin, Richard Gasquet a \u00e9t\u00e9 contraint de d\u00e9clarer forfait \u00e0 cause d\u2019une blessure \u00e0 l\u2019adducteur au tournoi d&#039;Estoril.\" \/>\n<meta property=\"og:url\" content=\"https:\/\/dicodusport.fr\/blog\/atp-estoril-gasquet-declare-forfait-avant-son-huitieme-de-finale\/\" \/>\n<meta property=\"og:site_name\" content=\"Dicodusport\" \/>\n<meta property=\"article:publisher\" content=\"https:\/\/www.facebook.com\/dicodusport\" \/>\n<meta property=\"article:published_time\" content=\"2021-04-29T12:24:19+00:00\" \/>\n<meta property=\"article:modified_time\" content=\"2021-04-29T13:02:15+00:00\" \/>\n<meta property=\"og:image\" content=\"https:\/\/dicodusport.fr\/blog\/wp-content\/uploads\/2021\/04\/ATP-Estoril-Richard-Gasquet-se-qualifie-pour-le-deuxieme-tour-.jpg\" \/>\n\t<meta property=\"og:image:width\" content=\"800\" \/>\n\t<meta property=\"og:image:height\" content=\"446\" \/>\n\t<meta property=\"og:image:type\" content=\"image\/jpeg\" \/>\n<meta name=\"author\" content=\"Jean Bod\u00e9r\u00e9\" \/>\n<meta name=\"twitter:card\" content=\"summary_large_image\" \/>\n<meta name=\"twitter:title\" content=\"ATP Estoril\u00a0: Gasquet d\u00e9clare forfait avant son huiti\u00e8me de finale\" \/>\n<meta name=\"twitter:creator\" content=\"@dicodusport\" \/>\n<meta name=\"twitter:site\" content=\"@dicodusport\" \/>\n<script type=\"application\/ld+json\" class=\"yoast-schema-graph\">{\"@context\":\"https:\/\/schema.org\",\"@graph\":[{\"@type\":\"NewsArticle\",\"@id\":\"https:\/\/dicodusport.fr\/blog\/atp-estoril-gasquet-declare-forfait-avant-son-huitieme-de-finale\/#article\",\"isPartOf\":{\"@id\":\"https:\/\/dicodusport.fr\/blog\/atp-estoril-gasquet-declare-forfait-avant-son-huitieme-de-finale\/\"},\"author\":{\"name\":\"Jean Bod\u00e9r\u00e9\",\"@id\":\"https:\/\/dicodusport.fr\/blog\/#\/schema\/person\/cb75f6e4b58e9b98515bdc7902bb5a05\"},\"headline\":\"ATP Estoril\u00a0: Gasquet d\u00e9clare forfait avant son huiti\u00e8me de finale\",\"datePublished\":\"2021-04-29T12:24:19+00:00\",\"dateModified\":\"2021-04-29T13:02:15+00:00\",\"mainEntityOfPage\":{\"@id\":\"https:\/\/dicodusport.fr\/blog\/atp-estoril-gasquet-declare-forfait-avant-son-huitieme-de-finale\/\"},\"wordCount\":291,\"commentCount\":0,\"publisher\":{\"@id\":\"https:\/\/dicodusport.fr\/blog\/#organization\"},\"image\":{\"@id\":\"https:\/\/dicodusport.fr\/blog\/atp-estoril-gasquet-declare-forfait-avant-son-huitieme-de-finale\/#primaryimage\"},\"thumbnailUrl\":\"https:\/\/dicodusport.fr\/blog\/wp-content\/uploads\/2021\/04\/ATP-Estoril-Richard-Gasquet-se-qualifie-pour-le-deuxieme-tour-.jpg\",\"keywords\":[\"ATP Estoril\",\"Richard Gasquet\",\"Tennis\"],\"articleSection\":[\"Tennis\"],\"inLanguage\":\"fr-FR\",\"potentialAction\":[{\"@type\":\"CommentAction\",\"name\":\"Comment\",\"target\":[\"https:\/\/dicodusport.fr\/blog\/atp-estoril-gasquet-declare-forfait-avant-son-huitieme-de-finale\/#respond\"]}],\"copyrightYear\":\"2021\",\"copyrightHolder\":{\"@id\":\"https:\/\/dicodusport.fr\/blog\/#organization\"}},{\"@type\":\"WebPage\",\"@id\":\"https:\/\/dicodusport.fr\/blog\/atp-estoril-gasquet-declare-forfait-avant-son-huitieme-de-finale\/\",\"url\":\"https:\/\/dicodusport.fr\/blog\/atp-estoril-gasquet-declare-forfait-avant-son-huitieme-de-finale\/\",\"name\":\"ATP Estoril\u00a0: Gasquet d\u00e9clare forfait avant son huiti\u00e8me de finale\",\"isPartOf\":{\"@id\":\"https:\/\/dicodusport.fr\/blog\/#website\"},\"primaryImageOfPage\":{\"@id\":\"https:\/\/dicodusport.fr\/blog\/atp-estoril-gasquet-declare-forfait-avant-son-huitieme-de-finale\/#primaryimage\"},\"image\":{\"@id\":\"https:\/\/dicodusport.fr\/blog\/atp-estoril-gasquet-declare-forfait-avant-son-huitieme-de-finale\/#primaryimage\"},\"thumbnailUrl\":\"https:\/\/dicodusport.fr\/blog\/wp-content\/uploads\/2021\/04\/ATP-Estoril-Richard-Gasquet-se-qualifie-pour-le-deuxieme-tour-.jpg\",\"datePublished\":\"2021-04-29T12:24:19+00:00\",\"dateModified\":\"2021-04-29T13:02:15+00:00\",\"description\":\"Initialement oppos\u00e9 \u00e0 Cristian Garin, Richard Gasquet a \u00e9t\u00e9 contraint de d\u00e9clarer forfait \u00e0 cause d\u2019une blessure \u00e0 l\u2019adducteur au tournoi d'Estoril.\",\"breadcrumb\":{\"@id\":\"https:\/\/dicodusport.fr\/blog\/atp-estoril-gasquet-declare-forfait-avant-son-huitieme-de-finale\/#breadcrumb\"},\"inLanguage\":\"fr-FR\",\"potentialAction\":[{\"@type\":\"ReadAction\",\"target\":[\"https:\/\/dicodusport.fr\/blog\/atp-estoril-gasquet-declare-forfait-avant-son-huitieme-de-finale\/\"]}]},{\"@type\":\"ImageObject\",\"inLanguage\":\"fr-FR\",\"@id\":\"https:\/\/dicodusport.fr\/blog\/atp-estoril-gasquet-declare-forfait-avant-son-huitieme-de-finale\/#primaryimage\",\"url\":\"https:\/\/dicodusport.fr\/blog\/wp-content\/uploads\/2021\/04\/ATP-Estoril-Richard-Gasquet-se-qualifie-pour-le-deuxieme-tour-.jpg\",\"contentUrl\":\"https:\/\/dicodusport.fr\/blog\/wp-content\/uploads\/2021\/04\/ATP-Estoril-Richard-Gasquet-se-qualifie-pour-le-deuxieme-tour-.jpg\",\"width\":800,\"height\":446,\"caption\":\"ATP Parme\u00a0: Richard Gasquet file en huiti\u00e8mes\"},{\"@type\":\"BreadcrumbList\",\"@id\":\"https:\/\/dicodusport.fr\/blog\/atp-estoril-gasquet-declare-forfait-avant-son-huitieme-de-finale\/#breadcrumb\",\"itemListElement\":[{\"@type\":\"ListItem\",\"position\":1,\"name\":\"Accueil\",\"item\":\"https:\/\/dicodusport.fr\/blog\/\"},{\"@type\":\"ListItem\",\"position\":2,\"name\":\"ATP Estoril\u00a0: Gasquet d\u00e9clare forfait avant son huiti\u00e8me de finale\"}]},{\"@type\":\"WebSite\",\"@id\":\"https:\/\/dicodusport.fr\/blog\/#website\",\"url\":\"https:\/\/dicodusport.fr\/blog\/\",\"name\":\"Dicodusport\",\"description\":\"L&#039;encyclop\u00e9die de l&#039;actualit\u00e9 sportive\",\"publisher\":{\"@id\":\"https:\/\/dicodusport.fr\/blog\/#organization\"},\"potentialAction\":[{\"@type\":\"SearchAction\",\"target\":{\"@type\":\"EntryPoint\",\"urlTemplate\":\"https:\/\/dicodusport.fr\/blog\/?s={search_term_string}\"},\"query-input\":{\"@type\":\"PropertyValueSpecification\",\"valueRequired\":true,\"valueName\":\"search_term_string\"}}],\"inLanguage\":\"fr-FR\"},{\"@type\":\"NewsMediaOrganization\",\"@id\":\"https:\/\/dicodusport.fr\/blog\/#organization\",\"name\":\"Dicodusport\",\"url\":\"https:\/\/dicodusport.fr\/blog\/\",\"logo\":{\"@type\":\"ImageObject\",\"inLanguage\":\"fr-FR\",\"@id\":\"https:\/\/dicodusport.fr\/blog\/#\/schema\/logo\/image\/\",\"url\":\"https:\/\/dicodusport.fr\/blog\/wp-content\/uploads\/2020\/06\/cropped-LOGO-DICODUSPORT-2020-SANS-FOND-SANS-TEXTE.png\",\"contentUrl\":\"https:\/\/dicodusport.fr\/blog\/wp-content\/uploads\/2020\/06\/cropped-LOGO-DICODUSPORT-2020-SANS-FOND-SANS-TEXTE.png\",\"width\":512,\"height\":512,\"caption\":\"Dicodusport\"},\"image\":{\"@id\":\"https:\/\/dicodusport.fr\/blog\/#\/schema\/logo\/image\/\"},\"sameAs\":[\"https:\/\/www.facebook.com\/dicodusport\",\"https:\/\/x.com\/dicodusport\",\"https:\/\/www.instagram.com\/dicodusport\/\",\"https:\/\/www.youtube.com\/channel\/UC7V2KZ5sd3htJivAbA4ZG3w\"],\"description\":\"Dicodusport est l'encyclop\u00e9die de l'actualit\u00e9 sportive.\",\"email\":\"bonjour@dicodusport.fr\",\"legalName\":\"DICODUSPORT\",\"foundingDate\":\"2018-01-14\",\"vatID\":\"FR71834470973\",\"taxID\":\"83447097300043\",\"numberOfEmployees\":{\"@type\":\"QuantitativeValue\",\"minValue\":\"1\",\"maxValue\":\"10\"}},{\"@type\":\"Person\",\"@id\":\"https:\/\/dicodusport.fr\/blog\/#\/schema\/person\/cb75f6e4b58e9b98515bdc7902bb5a05\",\"name\":\"Jean Bod\u00e9r\u00e9\",\"image\":{\"@type\":\"ImageObject\",\"inLanguage\":\"fr-FR\",\"@id\":\"https:\/\/dicodusport.fr\/blog\/#\/schema\/person\/image\/\",\"url\":\"https:\/\/dicodusport.fr\/blog\/wp-content\/uploads\/2020\/06\/cropped-LOGO-DICODUSPORT-2020-SANS-FOND-SANS-TEXTE-150x150.png\",\"contentUrl\":\"https:\/\/dicodusport.fr\/blog\/wp-content\/uploads\/2020\/06\/cropped-LOGO-DICODUSPORT-2020-SANS-FOND-SANS-TEXTE-150x150.png\",\"caption\":\"Jean Bod\u00e9r\u00e9\"},\"url\":\"https:\/\/dicodusport.fr\/blog\/author\/jeanb\/\"}]}<\/script>\n<!-- \/ Yoast SEO Premium plugin. -->","yoast_head_json":{"title":"ATP Estoril\u00a0: Gasquet d\u00e9clare forfait avant son huiti\u00e8me de finale","description":"Initialement oppos\u00e9 \u00e0 Cristian Garin, Richard Gasquet a \u00e9t\u00e9 contraint de d\u00e9clarer forfait \u00e0 cause d\u2019une blessure \u00e0 l\u2019adducteur au tournoi d'Estoril.","robots":{"index":"index","follow":"follow","max-snippet":"max-snippet:-1","max-image-preview":"max-image-preview:large","max-video-preview":"max-video-preview:-1"},"canonical":"https:\/\/dicodusport.fr\/blog\/atp-estoril-gasquet-declare-forfait-avant-son-huitieme-de-finale\/","og_locale":"fr_FR","og_type":"article","og_title":"ATP Estoril\u00a0: Gasquet d\u00e9clare forfait avant son huiti\u00e8me de finale","og_description":"Initialement oppos\u00e9 \u00e0 Cristian Garin, Richard Gasquet a \u00e9t\u00e9 contraint de d\u00e9clarer forfait \u00e0 cause d\u2019une blessure \u00e0 l\u2019adducteur au tournoi d'Estoril.","og_url":"https:\/\/dicodusport.fr\/blog\/atp-estoril-gasquet-declare-forfait-avant-son-huitieme-de-finale\/","og_site_name":"Dicodusport","article_publisher":"https:\/\/www.facebook.com\/dicodusport","article_published_time":"2021-04-29T12:24:19+00:00","article_modified_time":"2021-04-29T13:02:15+00:00","og_image":[{"width":800,"height":446,"url":"https:\/\/dicodusport.fr\/blog\/wp-content\/uploads\/2021\/04\/ATP-Estoril-Richard-Gasquet-se-qualifie-pour-le-deuxieme-tour-.jpg","type":"image\/jpeg"}],"author":"Jean Bod\u00e9r\u00e9","twitter_card":"summary_large_image","twitter_title":"ATP Estoril\u00a0: Gasquet d\u00e9clare forfait avant son huiti\u00e8me de finale","twitter_creator":"@dicodusport","twitter_site":"@dicodusport","schema":{"@context":"https:\/\/schema.org","@graph":[{"@type":"NewsArticle","@id":"https:\/\/dicodusport.fr\/blog\/atp-estoril-gasquet-declare-forfait-avant-son-huitieme-de-finale\/#article","isPartOf":{"@id":"https:\/\/dicodusport.fr\/blog\/atp-estoril-gasquet-declare-forfait-avant-son-huitieme-de-finale\/"},"author":{"name":"Jean Bod\u00e9r\u00e9","@id":"https:\/\/dicodusport.fr\/blog\/#\/schema\/person\/cb75f6e4b58e9b98515bdc7902bb5a05"},"headline":"ATP Estoril\u00a0: Gasquet d\u00e9clare forfait avant son huiti\u00e8me de finale","datePublished":"2021-04-29T12:24:19+00:00","dateModified":"2021-04-29T13:02:15+00:00","mainEntityOfPage":{"@id":"https:\/\/dicodusport.fr\/blog\/atp-estoril-gasquet-declare-forfait-avant-son-huitieme-de-finale\/"},"wordCount":291,"commentCount":0,"publisher":{"@id":"https:\/\/dicodusport.fr\/blog\/#organization"},"image":{"@id":"https:\/\/dicodusport.fr\/blog\/atp-estoril-gasquet-declare-forfait-avant-son-huitieme-de-finale\/#primaryimage"},"thumbnailUrl":"https:\/\/dicodusport.fr\/blog\/wp-content\/uploads\/2021\/04\/ATP-Estoril-Richard-Gasquet-se-qualifie-pour-le-deuxieme-tour-.jpg","keywords":["ATP Estoril","Richard Gasquet","Tennis"],"articleSection":["Tennis"],"inLanguage":"fr-FR","potentialAction":[{"@type":"CommentAction","name":"Comment","target":["https:\/\/dicodusport.fr\/blog\/atp-estoril-gasquet-declare-forfait-avant-son-huitieme-de-finale\/#respond"]}],"copyrightYear":"2021","copyrightHolder":{"@id":"https:\/\/dicodusport.fr\/blog\/#organization"}},{"@type":"WebPage","@id":"https:\/\/dicodusport.fr\/blog\/atp-estoril-gasquet-declare-forfait-avant-son-huitieme-de-finale\/","url":"https:\/\/dicodusport.fr\/blog\/atp-estoril-gasquet-declare-forfait-avant-son-huitieme-de-finale\/","name":"ATP Estoril\u00a0: Gasquet d\u00e9clare forfait avant son huiti\u00e8me de finale","isPartOf":{"@id":"https:\/\/dicodusport.fr\/blog\/#website"},"primaryImageOfPage":{"@id":"https:\/\/dicodusport.fr\/blog\/atp-estoril-gasquet-declare-forfait-avant-son-huitieme-de-finale\/#primaryimage"},"image":{"@id":"https:\/\/dicodusport.fr\/blog\/atp-estoril-gasquet-declare-forfait-avant-son-huitieme-de-finale\/#primaryimage"},"thumbnailUrl":"https:\/\/dicodusport.fr\/blog\/wp-content\/uploads\/2021\/04\/ATP-Estoril-Richard-Gasquet-se-qualifie-pour-le-deuxieme-tour-.jpg","datePublished":"2021-04-29T12:24:19+00:00","dateModified":"2021-04-29T13:02:15+00:00","description":"Initialement oppos\u00e9 \u00e0 Cristian Garin, Richard Gasquet a \u00e9t\u00e9 contraint de d\u00e9clarer forfait \u00e0 cause d\u2019une blessure \u00e0 l\u2019adducteur au tournoi d'Estoril.","breadcrumb":{"@id":"https:\/\/dicodusport.fr\/blog\/atp-estoril-gasquet-declare-forfait-avant-son-huitieme-de-finale\/#breadcrumb"},"inLanguage":"fr-FR","potentialAction":[{"@type":"ReadAction","target":["https:\/\/dicodusport.fr\/blog\/atp-estoril-gasquet-declare-forfait-avant-son-huitieme-de-finale\/"]}]},{"@type":"ImageObject","inLanguage":"fr-FR","@id":"https:\/\/dicodusport.fr\/blog\/atp-estoril-gasquet-declare-forfait-avant-son-huitieme-de-finale\/#primaryimage","url":"https:\/\/dicodusport.fr\/blog\/wp-content\/uploads\/2021\/04\/ATP-Estoril-Richard-Gasquet-se-qualifie-pour-le-deuxieme-tour-.jpg","contentUrl":"https:\/\/dicodusport.fr\/blog\/wp-content\/uploads\/2021\/04\/ATP-Estoril-Richard-Gasquet-se-qualifie-pour-le-deuxieme-tour-.jpg","width":800,"height":446,"caption":"ATP Parme\u00a0: Richard Gasquet file en huiti\u00e8mes"},{"@type":"BreadcrumbList","@id":"https:\/\/dicodusport.fr\/blog\/atp-estoril-gasquet-declare-forfait-avant-son-huitieme-de-finale\/#breadcrumb","itemListElement":[{"@type":"ListItem","position":1,"name":"Accueil","item":"https:\/\/dicodusport.fr\/blog\/"},{"@type":"ListItem","position":2,"name":"ATP Estoril\u00a0: Gasquet d\u00e9clare forfait avant son huiti\u00e8me de finale"}]},{"@type":"WebSite","@id":"https:\/\/dicodusport.fr\/blog\/#website","url":"https:\/\/dicodusport.fr\/blog\/","name":"Dicodusport","description":"L&#039;encyclop\u00e9die de l&#039;actualit\u00e9 sportive","publisher":{"@id":"https:\/\/dicodusport.fr\/blog\/#organization"},"potentialAction":[{"@type":"SearchAction","target":{"@type":"EntryPoint","urlTemplate":"https:\/\/dicodusport.fr\/blog\/?s={search_term_string}"},"query-input":{"@type":"PropertyValueSpecification","valueRequired":true,"valueName":"search_term_string"}}],"inLanguage":"fr-FR"},{"@type":"NewsMediaOrganization","@id":"https:\/\/dicodusport.fr\/blog\/#organization","name":"Dicodusport","url":"https:\/\/dicodusport.fr\/blog\/","logo":{"@type":"ImageObject","inLanguage":"fr-FR","@id":"https:\/\/dicodusport.fr\/blog\/#\/schema\/logo\/image\/","url":"https:\/\/dicodusport.fr\/blog\/wp-content\/uploads\/2020\/06\/cropped-LOGO-DICODUSPORT-2020-SANS-FOND-SANS-TEXTE.png","contentUrl":"https:\/\/dicodusport.fr\/blog\/wp-content\/uploads\/2020\/06\/cropped-LOGO-DICODUSPORT-2020-SANS-FOND-SANS-TEXTE.png","width":512,"height":512,"caption":"Dicodusport"},"image":{"@id":"https:\/\/dicodusport.fr\/blog\/#\/schema\/logo\/image\/"},"sameAs":["https:\/\/www.facebook.com\/dicodusport","https:\/\/x.com\/dicodusport","https:\/\/www.instagram.com\/dicodusport\/","https:\/\/www.youtube.com\/channel\/UC7V2KZ5sd3htJivAbA4ZG3w"],"description":"Dicodusport est l'encyclop\u00e9die de l'actualit\u00e9 sportive.","email":"bonjour@dicodusport.fr","legalName":"DICODUSPORT","foundingDate":"2018-01-14","vatID":"FR71834470973","taxID":"83447097300043","numberOfEmployees":{"@type":"QuantitativeValue","minValue":"1","maxValue":"10"}},{"@type":"Person","@id":"https:\/\/dicodusport.fr\/blog\/#\/schema\/person\/cb75f6e4b58e9b98515bdc7902bb5a05","name":"Jean Bod\u00e9r\u00e9","image":{"@type":"ImageObject","inLanguage":"fr-FR","@id":"https:\/\/dicodusport.fr\/blog\/#\/schema\/person\/image\/","url":"https:\/\/dicodusport.fr\/blog\/wp-content\/uploads\/2020\/06\/cropped-LOGO-DICODUSPORT-2020-SANS-FOND-SANS-TEXTE-150x150.png","contentUrl":"https:\/\/dicodusport.fr\/blog\/wp-content\/uploads\/2020\/06\/cropped-LOGO-DICODUSPORT-2020-SANS-FOND-SANS-TEXTE-150x150.png","caption":"Jean Bod\u00e9r\u00e9"},"url":"https:\/\/dicodusport.fr\/blog\/author\/jeanb\/"}]}},"_links":{"self":[{"href":"https:\/\/dicodusport.fr\/blog\/wp-json\/wp\/v2\/posts\/125479","targetHints":{"allow":["GET"]}}],"collection":[{"href":"https:\/\/dicodusport.fr\/blog\/wp-json\/wp\/v2\/posts"}],"about":[{"href":"https:\/\/dicodusport.fr\/blog\/wp-json\/wp\/v2\/types\/post"}],"author":[{"embeddable":true,"href":"https:\/\/dicodusport.fr\/blog\/wp-json\/wp\/v2\/users\/52"}],"replies":[{"embeddable":true,"href":"https:\/\/dicodusport.fr\/blog\/wp-json\/wp\/v2\/comments?post=125479"}],"version-history":[{"count":0,"href":"https:\/\/dicodusport.fr\/blog\/wp-json\/wp\/v2\/posts\/125479\/revisions"}],"wp:featuredmedia":[{"embeddable":true,"href":"https:\/\/dicodusport.fr\/blog\/wp-json\/wp\/v2\/media\/124933"}],"wp:attachment":[{"href":"https:\/\/dicodusport.fr\/blog\/wp-json\/wp\/v2\/media?parent=125479"}],"wp:term":[{"taxonomy":"category","embeddable":true,"href":"https:\/\/dicodusport.fr\/blog\/wp-json\/wp\/v2\/categories?post=125479"},{"taxonomy":"post_tag","embeddable":true,"href":"https:\/\/dicodusport.fr\/blog\/wp-json\/wp\/v2\/tags?post=125479"}],"curies":[{"name":"wp","href":"https:\/\/api.w.org\/{rel}","templated":true}]}}