{"id":125684,"date":"2021-05-01T09:15:50","date_gmt":"2021-05-01T07:15:50","guid":{"rendered":"https:\/\/dicodusport.fr\/blog\/?p=125684"},"modified":"2021-05-01T07:21:27","modified_gmt":"2021-05-01T05:21:27","slug":"direction-lhimalaya-pour-kilian-jornet","status":"publish","type":"post","link":"https:\/\/dicodusport.fr\/blog\/direction-lhimalaya-pour-kilian-jornet\/","title":{"rendered":"Direction l\u2019Himalaya pour Kilian Jornet"},"content":{"rendered":"<p style=\"text-align: justify;\"><em><strong>Sur une photo post\u00e9e mercredi, Kilian Jornet a confirm\u00e9 son arriv\u00e9e au N\u00e9pal. L\u2019Espagnol aurait pour objectif d\u2019effectuer la premi\u00e8re travers\u00e9e entre l\u2019Everest et Lhotse.<\/strong><\/em><\/p>\n<p style=\"text-align: justify;\"><strong>Kilian Jornet<\/strong> n\u2019en aura donc jamais assez. \u00c0 33 ans, l\u2019Espagnol devrait bient\u00f4t d\u00e9buter un nouveau p\u00e9riple. C\u2019est du moins ce que les rumeurs laissaient penser depuis quelques jours. Des rumeurs quasiment confirm\u00e9es par <strong>Chhang Dawa Sherpa<\/strong>, patron de l\u2019agence Seven Summit Treks. Sur Instagram, le N\u00e9palais a post\u00e9 ce mercredi une photo de lui, accompagn\u00e9 de Kilian Jornet en lui souhaitant \u00ab Bonne chance \u00bb. Le triple champion de l\u2019Ultra-Trail du Mont-Blanc (UTMB) a ainsi rejoint David Goettler, un alpiniste allemand. Les deux hommes devraient se rejoindre au camp de base du \u00ab Toit du monde \u00bb. Mais, d\u2019apr\u00e8s les rumeurs, ils ne devraient pas se contenter de rejoindre le sommet de l\u2019Everest par une voie classique.<\/p>\n<blockquote class=\"twitter-tweet\">\n<p dir=\"ltr\" lang=\"en\">Looking forward to be back on thin air terrain. When @david_goettler texted me last year we didn\u2019t need much words to plan a climb together. A simple idea and a high possibility of faillure summarizes perfectly what we\u2019re searching during the next weeks in the Khumbu region. <a href=\"https:\/\/t.co\/MfWKdT2ndC\">pic.twitter.com\/MfWKdT2ndC<\/a><\/p>\n<p>\u2014 kilian jornet (@kilianj) <a href=\"https:\/\/twitter.com\/kilianj\/status\/1388087342423056389?ref_src=twsrc%5Etfw\">April 30, 2021<\/a><\/p><\/blockquote>\n<p><script async src=\"https:\/\/platform.twitter.com\/widgets.js\" charset=\"utf-8\"><\/script><\/p>\n<h2 style=\"text-align: justify;\"><strong>Une premi\u00e8re mondiale pour Jornet et Goettler\u00a0?<\/strong><\/h2>\n<p style=\"text-align: justify;\">En effet, d\u2019apr\u00e8s le site <em>ExplorersWeb<\/em>, les \u00e9quipiers pourraient passer par l\u2019ar\u00eate Ouest. Selon eux, l\u2019objectif de <strong>Kilian Jornet<\/strong> est, depuis plusieurs ann\u00e9es, de lier deux sommets voisins de l\u2019Himalaya. Les deux sommets qu\u2019il envisagerait de relier seraient donc, celui de l\u2019Everest (8848 m\u00e8tres) et celui du Lhotse (8516 m\u00e8tres). S\u2019il pourrait \u00eatre le premier \u00e0 r\u00e9aliser cette travers\u00e9e, il n\u2019est pas le premier \u00e0 l\u2019avoir essay\u00e9. En 2017, l\u2019alpiniste suisse <strong>Ueli Steck<\/strong> avait perdu la vie en s\u2019essayant \u00e0 cette m\u00eame excursion. Ce tragique accident montre alors toute la dangerosit\u00e9 de cette travers\u00e9 et de cette discipline. Mais, <strong>Kilian Jornet<\/strong> commence \u00e0 avoir l\u2019habitude de briser des records et de repousser les limites humaines, lui qui a pour surnom \u00ab l\u2019ultra-terrestre \u00bb. R\u00e9ponse dans quelques jours\u2026<\/p>\n","protected":false},"excerpt":{"rendered":"<p>Kilian Jornet, arriv\u00e9 au N\u00e9pal mardi, aurait pour objectif d\u2019effectuer la premi\u00e8re travers\u00e9e entre l\u2019Everest et Lhotse.<\/p>\n","protected":false},"author":52,"featured_media":0,"comment_status":"open","ping_status":"closed","sticky":false,"template":"","format":"standard","meta":{"_acf_changed":false,"_daextam_enable_autolinks":"","footnotes":""},"categories":[8673],"tags":[4231],"class_list":["post-125684","post","type-post","status-publish","format-standard","hentry","category-trail","tag-kilian-jornet"],"acf":[],"yoast_head":"<!-- This site is optimized with the Yoast SEO Premium plugin v26.7 (Yoast SEO v26.7) - https:\/\/yoast.com\/wordpress\/plugins\/seo\/ -->\n<title>Direction l\u2019Himalaya pour Kilian Jornet<\/title>\n<meta name=\"description\" content=\"Kilian Jornet, arriv\u00e9 au N\u00e9pal mardi, aurait pour objectif d\u2019effectuer la premi\u00e8re travers\u00e9e entre l\u2019Everest et Lhotse.\" \/>\n<meta name=\"robots\" content=\"index, follow, max-snippet:-1, max-image-preview:large, max-video-preview:-1\" \/>\n<link rel=\"canonical\" href=\"https:\/\/dicodusport.fr\/blog\/direction-lhimalaya-pour-kilian-jornet\/\" \/>\n<meta property=\"og:locale\" content=\"fr_FR\" \/>\n<meta property=\"og:type\" content=\"article\" \/>\n<meta property=\"og:title\" content=\"Direction l\u2019Himalaya pour Kilian Jornet\" \/>\n<meta property=\"og:description\" content=\"Kilian Jornet, arriv\u00e9 au N\u00e9pal mardi, aurait pour objectif d\u2019effectuer la premi\u00e8re travers\u00e9e entre l\u2019Everest et Lhotse.\" \/>\n<meta property=\"og:url\" content=\"https:\/\/dicodusport.fr\/blog\/direction-lhimalaya-pour-kilian-jornet\/\" \/>\n<meta property=\"og:site_name\" content=\"Dicodusport\" \/>\n<meta property=\"article:publisher\" content=\"https:\/\/www.facebook.com\/dicodusport\" \/>\n<meta property=\"article:published_time\" content=\"2021-05-01T07:15:50+00:00\" \/>\n<meta property=\"og:image\" content=\"https:\/\/dicodusport.fr\/blog\/wp-content\/uploads\/2021\/04\/Fond-Dicodusport-2021.png\" \/>\n\t<meta property=\"og:image:width\" content=\"800\" \/>\n\t<meta property=\"og:image:height\" content=\"445\" \/>\n\t<meta property=\"og:image:type\" content=\"image\/png\" \/>\n<meta name=\"author\" content=\"Jean Bod\u00e9r\u00e9\" \/>\n<meta name=\"twitter:card\" content=\"summary_large_image\" \/>\n<meta name=\"twitter:title\" content=\"Direction l\u2019Himalaya pour Kilian Jornet\" \/>\n<meta name=\"twitter:creator\" content=\"@dicodusport\" \/>\n<meta name=\"twitter:site\" content=\"@dicodusport\" \/>\n<script type=\"application\/ld+json\" class=\"yoast-schema-graph\">{\"@context\":\"https:\/\/schema.org\",\"@graph\":[{\"@type\":\"NewsArticle\",\"@id\":\"https:\/\/dicodusport.fr\/blog\/direction-lhimalaya-pour-kilian-jornet\/#article\",\"isPartOf\":{\"@id\":\"https:\/\/dicodusport.fr\/blog\/direction-lhimalaya-pour-kilian-jornet\/\"},\"author\":{\"name\":\"Jean Bod\u00e9r\u00e9\",\"@id\":\"https:\/\/dicodusport.fr\/blog\/#\/schema\/person\/cb75f6e4b58e9b98515bdc7902bb5a05\"},\"headline\":\"Direction l\u2019Himalaya pour Kilian Jornet\",\"datePublished\":\"2021-05-01T07:15:50+00:00\",\"mainEntityOfPage\":{\"@id\":\"https:\/\/dicodusport.fr\/blog\/direction-lhimalaya-pour-kilian-jornet\/\"},\"wordCount\":371,\"commentCount\":0,\"publisher\":{\"@id\":\"https:\/\/dicodusport.fr\/blog\/#organization\"},\"keywords\":[\"Kilian Jornet\"],\"articleSection\":[\"Trail\"],\"inLanguage\":\"fr-FR\",\"potentialAction\":[{\"@type\":\"CommentAction\",\"name\":\"Comment\",\"target\":[\"https:\/\/dicodusport.fr\/blog\/direction-lhimalaya-pour-kilian-jornet\/#respond\"]}],\"copyrightYear\":\"2021\",\"copyrightHolder\":{\"@id\":\"https:\/\/dicodusport.fr\/blog\/#organization\"}},{\"@type\":\"WebPage\",\"@id\":\"https:\/\/dicodusport.fr\/blog\/direction-lhimalaya-pour-kilian-jornet\/\",\"url\":\"https:\/\/dicodusport.fr\/blog\/direction-lhimalaya-pour-kilian-jornet\/\",\"name\":\"Direction l\u2019Himalaya pour Kilian Jornet\",\"isPartOf\":{\"@id\":\"https:\/\/dicodusport.fr\/blog\/#website\"},\"datePublished\":\"2021-05-01T07:15:50+00:00\",\"description\":\"Kilian Jornet, arriv\u00e9 au N\u00e9pal mardi, aurait pour objectif d\u2019effectuer la premi\u00e8re travers\u00e9e entre l\u2019Everest et Lhotse.\",\"breadcrumb\":{\"@id\":\"https:\/\/dicodusport.fr\/blog\/direction-lhimalaya-pour-kilian-jornet\/#breadcrumb\"},\"inLanguage\":\"fr-FR\",\"potentialAction\":[{\"@type\":\"ReadAction\",\"target\":[\"https:\/\/dicodusport.fr\/blog\/direction-lhimalaya-pour-kilian-jornet\/\"]}]},{\"@type\":\"BreadcrumbList\",\"@id\":\"https:\/\/dicodusport.fr\/blog\/direction-lhimalaya-pour-kilian-jornet\/#breadcrumb\",\"itemListElement\":[{\"@type\":\"ListItem\",\"position\":1,\"name\":\"Accueil\",\"item\":\"https:\/\/dicodusport.fr\/blog\/\"},{\"@type\":\"ListItem\",\"position\":2,\"name\":\"Direction l\u2019Himalaya pour Kilian Jornet\"}]},{\"@type\":\"WebSite\",\"@id\":\"https:\/\/dicodusport.fr\/blog\/#website\",\"url\":\"https:\/\/dicodusport.fr\/blog\/\",\"name\":\"Dicodusport\",\"description\":\"L&#039;encyclop\u00e9die de l&#039;actualit\u00e9 sportive\",\"publisher\":{\"@id\":\"https:\/\/dicodusport.fr\/blog\/#organization\"},\"potentialAction\":[{\"@type\":\"SearchAction\",\"target\":{\"@type\":\"EntryPoint\",\"urlTemplate\":\"https:\/\/dicodusport.fr\/blog\/?s={search_term_string}\"},\"query-input\":{\"@type\":\"PropertyValueSpecification\",\"valueRequired\":true,\"valueName\":\"search_term_string\"}}],\"inLanguage\":\"fr-FR\"},{\"@type\":\"NewsMediaOrganization\",\"@id\":\"https:\/\/dicodusport.fr\/blog\/#organization\",\"name\":\"Dicodusport\",\"url\":\"https:\/\/dicodusport.fr\/blog\/\",\"logo\":{\"@type\":\"ImageObject\",\"inLanguage\":\"fr-FR\",\"@id\":\"https:\/\/dicodusport.fr\/blog\/#\/schema\/logo\/image\/\",\"url\":\"https:\/\/dicodusport.fr\/blog\/wp-content\/uploads\/2020\/06\/cropped-LOGO-DICODUSPORT-2020-SANS-FOND-SANS-TEXTE.png\",\"contentUrl\":\"https:\/\/dicodusport.fr\/blog\/wp-content\/uploads\/2020\/06\/cropped-LOGO-DICODUSPORT-2020-SANS-FOND-SANS-TEXTE.png\",\"width\":512,\"height\":512,\"caption\":\"Dicodusport\"},\"image\":{\"@id\":\"https:\/\/dicodusport.fr\/blog\/#\/schema\/logo\/image\/\"},\"sameAs\":[\"https:\/\/www.facebook.com\/dicodusport\",\"https:\/\/x.com\/dicodusport\",\"https:\/\/www.instagram.com\/dicodusport\/\",\"https:\/\/www.youtube.com\/channel\/UC7V2KZ5sd3htJivAbA4ZG3w\"],\"description\":\"Dicodusport est l'encyclop\u00e9die de l'actualit\u00e9 sportive.\",\"email\":\"bonjour@dicodusport.fr\",\"legalName\":\"DICODUSPORT\",\"foundingDate\":\"2018-01-14\",\"vatID\":\"FR71834470973\",\"taxID\":\"83447097300043\",\"numberOfEmployees\":{\"@type\":\"QuantitativeValue\",\"minValue\":\"1\",\"maxValue\":\"10\"}},{\"@type\":\"Person\",\"@id\":\"https:\/\/dicodusport.fr\/blog\/#\/schema\/person\/cb75f6e4b58e9b98515bdc7902bb5a05\",\"name\":\"Jean Bod\u00e9r\u00e9\",\"image\":{\"@type\":\"ImageObject\",\"inLanguage\":\"fr-FR\",\"@id\":\"https:\/\/dicodusport.fr\/blog\/#\/schema\/person\/image\/\",\"url\":\"https:\/\/dicodusport.fr\/blog\/wp-content\/uploads\/2020\/06\/cropped-LOGO-DICODUSPORT-2020-SANS-FOND-SANS-TEXTE-150x150.png\",\"contentUrl\":\"https:\/\/dicodusport.fr\/blog\/wp-content\/uploads\/2020\/06\/cropped-LOGO-DICODUSPORT-2020-SANS-FOND-SANS-TEXTE-150x150.png\",\"caption\":\"Jean Bod\u00e9r\u00e9\"},\"url\":\"https:\/\/dicodusport.fr\/blog\/author\/jeanb\/\"}]}<\/script>\n<!-- \/ Yoast SEO Premium plugin. -->","yoast_head_json":{"title":"Direction l\u2019Himalaya pour Kilian Jornet","description":"Kilian Jornet, arriv\u00e9 au N\u00e9pal mardi, aurait pour objectif d\u2019effectuer la premi\u00e8re travers\u00e9e entre l\u2019Everest et Lhotse.","robots":{"index":"index","follow":"follow","max-snippet":"max-snippet:-1","max-image-preview":"max-image-preview:large","max-video-preview":"max-video-preview:-1"},"canonical":"https:\/\/dicodusport.fr\/blog\/direction-lhimalaya-pour-kilian-jornet\/","og_locale":"fr_FR","og_type":"article","og_title":"Direction l\u2019Himalaya pour Kilian Jornet","og_description":"Kilian Jornet, arriv\u00e9 au N\u00e9pal mardi, aurait pour objectif d\u2019effectuer la premi\u00e8re travers\u00e9e entre l\u2019Everest et Lhotse.","og_url":"https:\/\/dicodusport.fr\/blog\/direction-lhimalaya-pour-kilian-jornet\/","og_site_name":"Dicodusport","article_publisher":"https:\/\/www.facebook.com\/dicodusport","article_published_time":"2021-05-01T07:15:50+00:00","og_image":[{"width":800,"height":445,"url":"https:\/\/dicodusport.fr\/blog\/wp-content\/uploads\/2021\/04\/Fond-Dicodusport-2021.png","type":"image\/png"}],"author":"Jean Bod\u00e9r\u00e9","twitter_card":"summary_large_image","twitter_title":"Direction l\u2019Himalaya pour Kilian Jornet","twitter_creator":"@dicodusport","twitter_site":"@dicodusport","schema":{"@context":"https:\/\/schema.org","@graph":[{"@type":"NewsArticle","@id":"https:\/\/dicodusport.fr\/blog\/direction-lhimalaya-pour-kilian-jornet\/#article","isPartOf":{"@id":"https:\/\/dicodusport.fr\/blog\/direction-lhimalaya-pour-kilian-jornet\/"},"author":{"name":"Jean Bod\u00e9r\u00e9","@id":"https:\/\/dicodusport.fr\/blog\/#\/schema\/person\/cb75f6e4b58e9b98515bdc7902bb5a05"},"headline":"Direction l\u2019Himalaya pour Kilian Jornet","datePublished":"2021-05-01T07:15:50+00:00","mainEntityOfPage":{"@id":"https:\/\/dicodusport.fr\/blog\/direction-lhimalaya-pour-kilian-jornet\/"},"wordCount":371,"commentCount":0,"publisher":{"@id":"https:\/\/dicodusport.fr\/blog\/#organization"},"keywords":["Kilian Jornet"],"articleSection":["Trail"],"inLanguage":"fr-FR","potentialAction":[{"@type":"CommentAction","name":"Comment","target":["https:\/\/dicodusport.fr\/blog\/direction-lhimalaya-pour-kilian-jornet\/#respond"]}],"copyrightYear":"2021","copyrightHolder":{"@id":"https:\/\/dicodusport.fr\/blog\/#organization"}},{"@type":"WebPage","@id":"https:\/\/dicodusport.fr\/blog\/direction-lhimalaya-pour-kilian-jornet\/","url":"https:\/\/dicodusport.fr\/blog\/direction-lhimalaya-pour-kilian-jornet\/","name":"Direction l\u2019Himalaya pour Kilian Jornet","isPartOf":{"@id":"https:\/\/dicodusport.fr\/blog\/#website"},"datePublished":"2021-05-01T07:15:50+00:00","description":"Kilian Jornet, arriv\u00e9 au N\u00e9pal mardi, aurait pour objectif d\u2019effectuer la premi\u00e8re travers\u00e9e entre l\u2019Everest et Lhotse.","breadcrumb":{"@id":"https:\/\/dicodusport.fr\/blog\/direction-lhimalaya-pour-kilian-jornet\/#breadcrumb"},"inLanguage":"fr-FR","potentialAction":[{"@type":"ReadAction","target":["https:\/\/dicodusport.fr\/blog\/direction-lhimalaya-pour-kilian-jornet\/"]}]},{"@type":"BreadcrumbList","@id":"https:\/\/dicodusport.fr\/blog\/direction-lhimalaya-pour-kilian-jornet\/#breadcrumb","itemListElement":[{"@type":"ListItem","position":1,"name":"Accueil","item":"https:\/\/dicodusport.fr\/blog\/"},{"@type":"ListItem","position":2,"name":"Direction l\u2019Himalaya pour Kilian Jornet"}]},{"@type":"WebSite","@id":"https:\/\/dicodusport.fr\/blog\/#website","url":"https:\/\/dicodusport.fr\/blog\/","name":"Dicodusport","description":"L&#039;encyclop\u00e9die de l&#039;actualit\u00e9 sportive","publisher":{"@id":"https:\/\/dicodusport.fr\/blog\/#organization"},"potentialAction":[{"@type":"SearchAction","target":{"@type":"EntryPoint","urlTemplate":"https:\/\/dicodusport.fr\/blog\/?s={search_term_string}"},"query-input":{"@type":"PropertyValueSpecification","valueRequired":true,"valueName":"search_term_string"}}],"inLanguage":"fr-FR"},{"@type":"NewsMediaOrganization","@id":"https:\/\/dicodusport.fr\/blog\/#organization","name":"Dicodusport","url":"https:\/\/dicodusport.fr\/blog\/","logo":{"@type":"ImageObject","inLanguage":"fr-FR","@id":"https:\/\/dicodusport.fr\/blog\/#\/schema\/logo\/image\/","url":"https:\/\/dicodusport.fr\/blog\/wp-content\/uploads\/2020\/06\/cropped-LOGO-DICODUSPORT-2020-SANS-FOND-SANS-TEXTE.png","contentUrl":"https:\/\/dicodusport.fr\/blog\/wp-content\/uploads\/2020\/06\/cropped-LOGO-DICODUSPORT-2020-SANS-FOND-SANS-TEXTE.png","width":512,"height":512,"caption":"Dicodusport"},"image":{"@id":"https:\/\/dicodusport.fr\/blog\/#\/schema\/logo\/image\/"},"sameAs":["https:\/\/www.facebook.com\/dicodusport","https:\/\/x.com\/dicodusport","https:\/\/www.instagram.com\/dicodusport\/","https:\/\/www.youtube.com\/channel\/UC7V2KZ5sd3htJivAbA4ZG3w"],"description":"Dicodusport est l'encyclop\u00e9die de l'actualit\u00e9 sportive.","email":"bonjour@dicodusport.fr","legalName":"DICODUSPORT","foundingDate":"2018-01-14","vatID":"FR71834470973","taxID":"83447097300043","numberOfEmployees":{"@type":"QuantitativeValue","minValue":"1","maxValue":"10"}},{"@type":"Person","@id":"https:\/\/dicodusport.fr\/blog\/#\/schema\/person\/cb75f6e4b58e9b98515bdc7902bb5a05","name":"Jean Bod\u00e9r\u00e9","image":{"@type":"ImageObject","inLanguage":"fr-FR","@id":"https:\/\/dicodusport.fr\/blog\/#\/schema\/person\/image\/","url":"https:\/\/dicodusport.fr\/blog\/wp-content\/uploads\/2020\/06\/cropped-LOGO-DICODUSPORT-2020-SANS-FOND-SANS-TEXTE-150x150.png","contentUrl":"https:\/\/dicodusport.fr\/blog\/wp-content\/uploads\/2020\/06\/cropped-LOGO-DICODUSPORT-2020-SANS-FOND-SANS-TEXTE-150x150.png","caption":"Jean Bod\u00e9r\u00e9"},"url":"https:\/\/dicodusport.fr\/blog\/author\/jeanb\/"}]}},"_links":{"self":[{"href":"https:\/\/dicodusport.fr\/blog\/wp-json\/wp\/v2\/posts\/125684","targetHints":{"allow":["GET"]}}],"collection":[{"href":"https:\/\/dicodusport.fr\/blog\/wp-json\/wp\/v2\/posts"}],"about":[{"href":"https:\/\/dicodusport.fr\/blog\/wp-json\/wp\/v2\/types\/post"}],"author":[{"embeddable":true,"href":"https:\/\/dicodusport.fr\/blog\/wp-json\/wp\/v2\/users\/52"}],"replies":[{"embeddable":true,"href":"https:\/\/dicodusport.fr\/blog\/wp-json\/wp\/v2\/comments?post=125684"}],"version-history":[{"count":0,"href":"https:\/\/dicodusport.fr\/blog\/wp-json\/wp\/v2\/posts\/125684\/revisions"}],"wp:attachment":[{"href":"https:\/\/dicodusport.fr\/blog\/wp-json\/wp\/v2\/media?parent=125684"}],"wp:term":[{"taxonomy":"category","embeddable":true,"href":"https:\/\/dicodusport.fr\/blog\/wp-json\/wp\/v2\/categories?post=125684"},{"taxonomy":"post_tag","embeddable":true,"href":"https:\/\/dicodusport.fr\/blog\/wp-json\/wp\/v2\/tags?post=125684"}],"curies":[{"name":"wp","href":"https:\/\/api.w.org\/{rel}","templated":true}]}}