{"id":125780,"date":"2021-05-08T12:00:44","date_gmt":"2021-05-08T10:00:44","guid":{"rendered":"https:\/\/dicodusport.fr\/blog\/?p=125780"},"modified":"2021-05-07T14:40:48","modified_gmt":"2021-05-07T12:40:48","slug":"tour-ditalie-2021-3eme-etape-le-parcours-en-detail","status":"publish","type":"post","link":"https:\/\/dicodusport.fr\/blog\/tour-ditalie-2021-3eme-etape-le-parcours-en-detail\/","title":{"rendered":"Tour d&rsquo;Italie 2021 &#8211; 3\u00e8me \u00e9tape : le parcours en d\u00e9tail"},"content":{"rendered":"<p style=\"text-align: justify;\"><strong><em><a href=\"https:\/\/dicodusport.fr\/blog\/actualites\/cyclisme\/\">CYCLISME<\/a> &#8211; La 3\u00e8me \u00e9tape du <a href=\"https:\/\/dicodusport.fr\/blog\/actualites\/cyclisme\/tour-d-italie-2021\/\">Tour d&rsquo;Italie 2021<\/a> proposera un trac\u00e9 long de 190 kilom\u00e8tres de Biella jusqu&rsquo;\u00e0 Canale. Le parcours dans le d\u00e9tail.<\/em><\/strong><\/p>\n<p style=\"text-align: justify;\">D&rsquo;abord, le d\u00e9part sera donn\u00e9 \u00e0 Biella \u00e0 12h20 au pied de la fameuse ascension vers <strong>le Sanctuaire d&rsquo;Oropa<\/strong>. Ensuite, les coureurs prendront la direction du sud \u00e0 travers la plaine du P\u00f4 sur 115 kilom\u00e8tres avec de grandes lignes droites. Le peloton traversera les localit\u00e9s de Cavaglia, Civigliano, Colcavagno, Asti et Canali.<\/p>\n<p style=\"text-align: justify;\">Puis, l&rsquo;itin\u00e9raire pr\u00e9sentera un terrain plus accident\u00e9 et plus sinueux au cours des 70 derniers kilom\u00e8tres. Le peloton fera un demi-cercle au nord-est de Cuneo sur des routes sinueuses. La premi\u00e8re mont\u00e9e ira sur <strong>Piancanelli<\/strong>. Environ 20 kilom\u00e8tres en vall\u00e9e, la prochaine difficult\u00e9 sera longue de 4 kilom\u00e8tres \u00e0 6% de moyenne vers <strong>Castino<\/strong>. La descente qui suivra m\u00e8nera directement \u00e0 la troisi\u00e8me bosse avec 5 km de mont\u00e9e \u00e0 environ 6 % en direction de <strong>Manera<\/strong>.<\/p>\n<p style=\"text-align: justify;\">Par la suite, les 40 kilom\u00e8tres restants seront usants avec une descente sur Ricca et une partie plate vers Alba. Apr\u00e8s une portion plate, les 12 derniers kilom\u00e8tres proposeront deux petites c\u00f4tes non r\u00e9pertori\u00e9es \u00e0 grimper. Le premi\u00e8re sera longue de 2,5 kilom\u00e8tres \u00e0 5% dans <strong>Guarene<\/strong> (2700m \u00e0 7,1 % avec une portion \u00e0 15 % dans les derniers m\u00e8tres) avec au sommet des bonifications. Apr\u00e8s une descente de 3 km, la seconde bosse fera 1 kilom\u00e8tre \u00e0 une moyenne moyenne 7% dont le sommet sera \u00e0 5 kilom\u00e8tres du terme de l&rsquo;\u00e9tape.<\/p>\n<p style=\"text-align: justify;\">Enfin, les derniers kilom\u00e8tres seront en faux plat descendant avec des lignes droites en direction de <strong>Canale<\/strong>. Mais, il y aura une partie technique au sein de la ville d&rsquo;arriv\u00e9e apr\u00e8s la flamme rouge avec trois virages. La ligne d&rsquo;arriv\u00e9e sera plac\u00e9e sur la via del Pesco.<\/p>\n<h2><strong>La carte du parcours de la 3\u00e8me \u00e9tape du Tour d&rsquo;Italie<\/strong><\/h2>\n<div id=\"attachment_127562\" style=\"width: 862px\" class=\"wp-caption aligncenter\"><a href=\"https:\/\/dicodusport.fr\/blog\/wp-content\/uploads\/2021\/05\/Carte-du-parcours-de-la-3eme-etape-du-Tour-dItalie-2021.jpg\"><img loading=\"lazy\" decoding=\"async\" aria-describedby=\"caption-attachment-127562\" class=\"size-full wp-image-127562\" src=\"https:\/\/dicodusport.fr\/blog\/wp-content\/uploads\/2021\/05\/Carte-du-parcours-de-la-3eme-etape-du-Tour-dItalie-2021.jpg\" alt=\"Carte du parcours de la 3\u00e8me \u00e9tape du Tour d'Italie 2021\" width=\"852\" height=\"852\" srcset=\"https:\/\/dicodusport.fr\/blog\/wp-content\/uploads\/2021\/05\/Carte-du-parcours-de-la-3eme-etape-du-Tour-dItalie-2021.jpg 852w, https:\/\/dicodusport.fr\/blog\/wp-content\/uploads\/2021\/05\/Carte-du-parcours-de-la-3eme-etape-du-Tour-dItalie-2021-300x300.jpg 300w, https:\/\/dicodusport.fr\/blog\/wp-content\/uploads\/2021\/05\/Carte-du-parcours-de-la-3eme-etape-du-Tour-dItalie-2021-150x150.jpg 150w, https:\/\/dicodusport.fr\/blog\/wp-content\/uploads\/2021\/05\/Carte-du-parcours-de-la-3eme-etape-du-Tour-dItalie-2021-768x768.jpg 768w, https:\/\/dicodusport.fr\/blog\/wp-content\/uploads\/2021\/05\/Carte-du-parcours-de-la-3eme-etape-du-Tour-dItalie-2021-80x80.jpg 80w\" sizes=\"auto, (max-width: 852px) 100vw, 852px\" \/><\/a><p id=\"caption-attachment-127562\" class=\"wp-caption-text\">Carte du parcours de la 3\u00e8me \u00e9tape du Tour d&rsquo;Italie 2021<\/p><\/div>\n","protected":false},"excerpt":{"rendered":"<p>CYCLISME &#8211; La 3\u00e8me \u00e9tape du Tour d&rsquo;Italie 2021 proposera un trac\u00e9 long de 190 kilom\u00e8tres de Biella jusqu&rsquo;\u00e0 Canale. Le parcours dans le d\u00e9tail.<\/p>\n","protected":false},"author":48,"featured_media":117916,"comment_status":"open","ping_status":"closed","sticky":false,"template":"","format":"standard","meta":{"_acf_changed":false,"_daextam_enable_autolinks":"","footnotes":""},"categories":[47041],"tags":[3119,4722],"class_list":["post-125780","post","type-post","status-publish","format-standard","has-post-thumbnail","hentry","category-tour-d-italie","tag-actualite-cyclisme","tag-tour-ditalie"],"acf":[],"yoast_head":"<!-- This site is optimized with the Yoast SEO Premium plugin v26.7 (Yoast SEO v26.7) - https:\/\/yoast.com\/wordpress\/plugins\/seo\/ -->\n<title>Tour d&#039;Italie 2021 - 3\u00e8me \u00e9tape : le parcours en d\u00e9tail<\/title>\n<meta name=\"description\" content=\"CYCLISME - La 3\u00e8me \u00e9tape du Tour d&#039;Italie 2021 proposera un trac\u00e9 long de 190 kilom\u00e8tres de Biella jusqu&#039;\u00e0 Canale. Le parcours dans le d\u00e9tail.\" \/>\n<meta name=\"robots\" content=\"index, follow, max-snippet:-1, max-image-preview:large, max-video-preview:-1\" \/>\n<link rel=\"canonical\" href=\"https:\/\/dicodusport.fr\/blog\/tour-ditalie-2021-3eme-etape-le-parcours-en-detail\/\" \/>\n<meta property=\"og:locale\" content=\"fr_FR\" \/>\n<meta property=\"og:type\" content=\"article\" \/>\n<meta property=\"og:title\" content=\"Tour d&#039;Italie 2021 - 3\u00e8me \u00e9tape : le parcours en d\u00e9tail\" \/>\n<meta property=\"og:description\" content=\"CYCLISME - La 3\u00e8me \u00e9tape du Tour d&#039;Italie 2021 proposera un trac\u00e9 long de 190 kilom\u00e8tres de Biella jusqu&#039;\u00e0 Canale. Le parcours dans le d\u00e9tail.\" \/>\n<meta property=\"og:url\" content=\"https:\/\/dicodusport.fr\/blog\/tour-ditalie-2021-3eme-etape-le-parcours-en-detail\/\" \/>\n<meta property=\"og:site_name\" content=\"Dicodusport\" \/>\n<meta property=\"article:publisher\" content=\"https:\/\/www.facebook.com\/dicodusport\" \/>\n<meta property=\"article:author\" content=\"https:\/\/www.facebook.com\/groups\/LesRoisDuPeloton\" \/>\n<meta property=\"article:published_time\" content=\"2021-05-08T10:00:44+00:00\" \/>\n<meta property=\"og:image\" content=\"https:\/\/dicodusport.fr\/blog\/wp-content\/uploads\/2021\/04\/Peter-Sagan-leternel-frisson.png\" \/>\n\t<meta property=\"og:image:width\" content=\"800\" \/>\n\t<meta property=\"og:image:height\" content=\"445\" \/>\n\t<meta property=\"og:image:type\" content=\"image\/png\" \/>\n<meta name=\"author\" content=\"Emilien Descampiaux\" \/>\n<meta name=\"twitter:card\" content=\"summary_large_image\" \/>\n<meta name=\"twitter:creator\" content=\"@https:\/\/twitter.com\/LRoisDuPeloton\" \/>\n<meta name=\"twitter:site\" content=\"@dicodusport\" \/>\n<script type=\"application\/ld+json\" class=\"yoast-schema-graph\">{\"@context\":\"https:\/\/schema.org\",\"@graph\":[{\"@type\":\"NewsArticle\",\"@id\":\"https:\/\/dicodusport.fr\/blog\/tour-ditalie-2021-3eme-etape-le-parcours-en-detail\/#article\",\"isPartOf\":{\"@id\":\"https:\/\/dicodusport.fr\/blog\/tour-ditalie-2021-3eme-etape-le-parcours-en-detail\/\"},\"author\":{\"name\":\"Emilien Descampiaux\",\"@id\":\"https:\/\/dicodusport.fr\/blog\/#\/schema\/person\/6db4bae06b171592211be385b32876a7\"},\"headline\":\"Tour d&rsquo;Italie 2021 &#8211; 3\u00e8me \u00e9tape : le parcours en d\u00e9tail\",\"datePublished\":\"2021-05-08T10:00:44+00:00\",\"mainEntityOfPage\":{\"@id\":\"https:\/\/dicodusport.fr\/blog\/tour-ditalie-2021-3eme-etape-le-parcours-en-detail\/\"},\"wordCount\":343,\"commentCount\":0,\"publisher\":{\"@id\":\"https:\/\/dicodusport.fr\/blog\/#organization\"},\"image\":{\"@id\":\"https:\/\/dicodusport.fr\/blog\/tour-ditalie-2021-3eme-etape-le-parcours-en-detail\/#primaryimage\"},\"thumbnailUrl\":\"https:\/\/dicodusport.fr\/blog\/wp-content\/uploads\/2021\/04\/Peter-Sagan-leternel-frisson.png\",\"keywords\":[\"Actualit\u00e9 Cyclisme\",\"Tour d'Italie\"],\"articleSection\":[\"Tour d'Italie\"],\"inLanguage\":\"fr-FR\",\"potentialAction\":[{\"@type\":\"CommentAction\",\"name\":\"Comment\",\"target\":[\"https:\/\/dicodusport.fr\/blog\/tour-ditalie-2021-3eme-etape-le-parcours-en-detail\/#respond\"]}],\"copyrightYear\":\"2021\",\"copyrightHolder\":{\"@id\":\"https:\/\/dicodusport.fr\/blog\/#organization\"}},{\"@type\":\"WebPage\",\"@id\":\"https:\/\/dicodusport.fr\/blog\/tour-ditalie-2021-3eme-etape-le-parcours-en-detail\/\",\"url\":\"https:\/\/dicodusport.fr\/blog\/tour-ditalie-2021-3eme-etape-le-parcours-en-detail\/\",\"name\":\"Tour d'Italie 2021 - 3\u00e8me \u00e9tape : le parcours en d\u00e9tail\",\"isPartOf\":{\"@id\":\"https:\/\/dicodusport.fr\/blog\/#website\"},\"primaryImageOfPage\":{\"@id\":\"https:\/\/dicodusport.fr\/blog\/tour-ditalie-2021-3eme-etape-le-parcours-en-detail\/#primaryimage\"},\"image\":{\"@id\":\"https:\/\/dicodusport.fr\/blog\/tour-ditalie-2021-3eme-etape-le-parcours-en-detail\/#primaryimage\"},\"thumbnailUrl\":\"https:\/\/dicodusport.fr\/blog\/wp-content\/uploads\/2021\/04\/Peter-Sagan-leternel-frisson.png\",\"datePublished\":\"2021-05-08T10:00:44+00:00\",\"description\":\"CYCLISME - La 3\u00e8me \u00e9tape du Tour d'Italie 2021 proposera un trac\u00e9 long de 190 kilom\u00e8tres de Biella jusqu'\u00e0 Canale. Le parcours dans le d\u00e9tail.\",\"breadcrumb\":{\"@id\":\"https:\/\/dicodusport.fr\/blog\/tour-ditalie-2021-3eme-etape-le-parcours-en-detail\/#breadcrumb\"},\"inLanguage\":\"fr-FR\",\"potentialAction\":[{\"@type\":\"ReadAction\",\"target\":[\"https:\/\/dicodusport.fr\/blog\/tour-ditalie-2021-3eme-etape-le-parcours-en-detail\/\"]}]},{\"@type\":\"ImageObject\",\"inLanguage\":\"fr-FR\",\"@id\":\"https:\/\/dicodusport.fr\/blog\/tour-ditalie-2021-3eme-etape-le-parcours-en-detail\/#primaryimage\",\"url\":\"https:\/\/dicodusport.fr\/blog\/wp-content\/uploads\/2021\/04\/Peter-Sagan-leternel-frisson.png\",\"contentUrl\":\"https:\/\/dicodusport.fr\/blog\/wp-content\/uploads\/2021\/04\/Peter-Sagan-leternel-frisson.png\",\"width\":800,\"height\":445,\"caption\":\"Peter Sagan serait en route pour la Deceuninck-Quick Step\"},{\"@type\":\"BreadcrumbList\",\"@id\":\"https:\/\/dicodusport.fr\/blog\/tour-ditalie-2021-3eme-etape-le-parcours-en-detail\/#breadcrumb\",\"itemListElement\":[{\"@type\":\"ListItem\",\"position\":1,\"name\":\"Accueil\",\"item\":\"https:\/\/dicodusport.fr\/blog\/\"},{\"@type\":\"ListItem\",\"position\":2,\"name\":\"Tour d&rsquo;Italie 2021 &#8211; 3\u00e8me \u00e9tape : le parcours en d\u00e9tail\"}]},{\"@type\":\"WebSite\",\"@id\":\"https:\/\/dicodusport.fr\/blog\/#website\",\"url\":\"https:\/\/dicodusport.fr\/blog\/\",\"name\":\"Dicodusport\",\"description\":\"L&#039;encyclop\u00e9die de l&#039;actualit\u00e9 sportive\",\"publisher\":{\"@id\":\"https:\/\/dicodusport.fr\/blog\/#organization\"},\"potentialAction\":[{\"@type\":\"SearchAction\",\"target\":{\"@type\":\"EntryPoint\",\"urlTemplate\":\"https:\/\/dicodusport.fr\/blog\/?s={search_term_string}\"},\"query-input\":{\"@type\":\"PropertyValueSpecification\",\"valueRequired\":true,\"valueName\":\"search_term_string\"}}],\"inLanguage\":\"fr-FR\"},{\"@type\":\"NewsMediaOrganization\",\"@id\":\"https:\/\/dicodusport.fr\/blog\/#organization\",\"name\":\"Dicodusport\",\"url\":\"https:\/\/dicodusport.fr\/blog\/\",\"logo\":{\"@type\":\"ImageObject\",\"inLanguage\":\"fr-FR\",\"@id\":\"https:\/\/dicodusport.fr\/blog\/#\/schema\/logo\/image\/\",\"url\":\"https:\/\/dicodusport.fr\/blog\/wp-content\/uploads\/2020\/06\/cropped-LOGO-DICODUSPORT-2020-SANS-FOND-SANS-TEXTE.png\",\"contentUrl\":\"https:\/\/dicodusport.fr\/blog\/wp-content\/uploads\/2020\/06\/cropped-LOGO-DICODUSPORT-2020-SANS-FOND-SANS-TEXTE.png\",\"width\":512,\"height\":512,\"caption\":\"Dicodusport\"},\"image\":{\"@id\":\"https:\/\/dicodusport.fr\/blog\/#\/schema\/logo\/image\/\"},\"sameAs\":[\"https:\/\/www.facebook.com\/dicodusport\",\"https:\/\/x.com\/dicodusport\",\"https:\/\/www.instagram.com\/dicodusport\/\",\"https:\/\/www.youtube.com\/channel\/UC7V2KZ5sd3htJivAbA4ZG3w\"],\"description\":\"Dicodusport est l'encyclop\u00e9die de l'actualit\u00e9 sportive.\",\"email\":\"bonjour@dicodusport.fr\",\"legalName\":\"DICODUSPORT\",\"foundingDate\":\"2018-01-14\",\"vatID\":\"FR71834470973\",\"taxID\":\"83447097300043\",\"numberOfEmployees\":{\"@type\":\"QuantitativeValue\",\"minValue\":\"1\",\"maxValue\":\"10\"}},{\"@type\":\"Person\",\"@id\":\"https:\/\/dicodusport.fr\/blog\/#\/schema\/person\/6db4bae06b171592211be385b32876a7\",\"name\":\"Emilien Descampiaux\",\"image\":{\"@type\":\"ImageObject\",\"inLanguage\":\"fr-FR\",\"@id\":\"https:\/\/dicodusport.fr\/blog\/#\/schema\/person\/image\/\",\"url\":\"https:\/\/dicodusport.fr\/blog\/wp-content\/uploads\/2021\/05\/Emilien-Descampiaux-150x150.jpg\",\"contentUrl\":\"https:\/\/dicodusport.fr\/blog\/wp-content\/uploads\/2021\/05\/Emilien-Descampiaux-150x150.jpg\",\"caption\":\"Emilien Descampiaux\"},\"description\":\"Journaliste\/r\u00e9dacteur depuis 2014 - Fan de la classe de Frank Vandenbroucke, je vis cyclisme (et de ses paysages) depuis plus de 20 ans. Je suis tr\u00e8s impliqu\u00e9 sur mes diff\u00e9rents r\u00e9seaux sociaux pour partager ma passion sur le monde et l'Histoire de la bicyclette avec ma voix sur les images en noir et blanc du succ\u00e8s de Rik Van Steenbergen lors du Ronde sur le V\u00e9lodrome de Gand.\",\"sameAs\":[\"https:\/\/www.facebook.com\/groups\/LesRoisDuPeloton\",\"https:\/\/x.com\/https:\/\/twitter.com\/LRoisDuPeloton\"],\"url\":\"https:\/\/dicodusport.fr\/blog\/author\/emiliend\/\"}]}<\/script>\n<!-- \/ Yoast SEO Premium plugin. -->","yoast_head_json":{"title":"Tour d'Italie 2021 - 3\u00e8me \u00e9tape : le parcours en d\u00e9tail","description":"CYCLISME - La 3\u00e8me \u00e9tape du Tour d'Italie 2021 proposera un trac\u00e9 long de 190 kilom\u00e8tres de Biella jusqu'\u00e0 Canale. Le parcours dans le d\u00e9tail.","robots":{"index":"index","follow":"follow","max-snippet":"max-snippet:-1","max-image-preview":"max-image-preview:large","max-video-preview":"max-video-preview:-1"},"canonical":"https:\/\/dicodusport.fr\/blog\/tour-ditalie-2021-3eme-etape-le-parcours-en-detail\/","og_locale":"fr_FR","og_type":"article","og_title":"Tour d'Italie 2021 - 3\u00e8me \u00e9tape : le parcours en d\u00e9tail","og_description":"CYCLISME - La 3\u00e8me \u00e9tape du Tour d'Italie 2021 proposera un trac\u00e9 long de 190 kilom\u00e8tres de Biella jusqu'\u00e0 Canale. Le parcours dans le d\u00e9tail.","og_url":"https:\/\/dicodusport.fr\/blog\/tour-ditalie-2021-3eme-etape-le-parcours-en-detail\/","og_site_name":"Dicodusport","article_publisher":"https:\/\/www.facebook.com\/dicodusport","article_author":"https:\/\/www.facebook.com\/groups\/LesRoisDuPeloton","article_published_time":"2021-05-08T10:00:44+00:00","og_image":[{"width":800,"height":445,"url":"https:\/\/dicodusport.fr\/blog\/wp-content\/uploads\/2021\/04\/Peter-Sagan-leternel-frisson.png","type":"image\/png"}],"author":"Emilien Descampiaux","twitter_card":"summary_large_image","twitter_creator":"@https:\/\/twitter.com\/LRoisDuPeloton","twitter_site":"@dicodusport","schema":{"@context":"https:\/\/schema.org","@graph":[{"@type":"NewsArticle","@id":"https:\/\/dicodusport.fr\/blog\/tour-ditalie-2021-3eme-etape-le-parcours-en-detail\/#article","isPartOf":{"@id":"https:\/\/dicodusport.fr\/blog\/tour-ditalie-2021-3eme-etape-le-parcours-en-detail\/"},"author":{"name":"Emilien Descampiaux","@id":"https:\/\/dicodusport.fr\/blog\/#\/schema\/person\/6db4bae06b171592211be385b32876a7"},"headline":"Tour d&rsquo;Italie 2021 &#8211; 3\u00e8me \u00e9tape : le parcours en d\u00e9tail","datePublished":"2021-05-08T10:00:44+00:00","mainEntityOfPage":{"@id":"https:\/\/dicodusport.fr\/blog\/tour-ditalie-2021-3eme-etape-le-parcours-en-detail\/"},"wordCount":343,"commentCount":0,"publisher":{"@id":"https:\/\/dicodusport.fr\/blog\/#organization"},"image":{"@id":"https:\/\/dicodusport.fr\/blog\/tour-ditalie-2021-3eme-etape-le-parcours-en-detail\/#primaryimage"},"thumbnailUrl":"https:\/\/dicodusport.fr\/blog\/wp-content\/uploads\/2021\/04\/Peter-Sagan-leternel-frisson.png","keywords":["Actualit\u00e9 Cyclisme","Tour d'Italie"],"articleSection":["Tour d'Italie"],"inLanguage":"fr-FR","potentialAction":[{"@type":"CommentAction","name":"Comment","target":["https:\/\/dicodusport.fr\/blog\/tour-ditalie-2021-3eme-etape-le-parcours-en-detail\/#respond"]}],"copyrightYear":"2021","copyrightHolder":{"@id":"https:\/\/dicodusport.fr\/blog\/#organization"}},{"@type":"WebPage","@id":"https:\/\/dicodusport.fr\/blog\/tour-ditalie-2021-3eme-etape-le-parcours-en-detail\/","url":"https:\/\/dicodusport.fr\/blog\/tour-ditalie-2021-3eme-etape-le-parcours-en-detail\/","name":"Tour d'Italie 2021 - 3\u00e8me \u00e9tape : le parcours en d\u00e9tail","isPartOf":{"@id":"https:\/\/dicodusport.fr\/blog\/#website"},"primaryImageOfPage":{"@id":"https:\/\/dicodusport.fr\/blog\/tour-ditalie-2021-3eme-etape-le-parcours-en-detail\/#primaryimage"},"image":{"@id":"https:\/\/dicodusport.fr\/blog\/tour-ditalie-2021-3eme-etape-le-parcours-en-detail\/#primaryimage"},"thumbnailUrl":"https:\/\/dicodusport.fr\/blog\/wp-content\/uploads\/2021\/04\/Peter-Sagan-leternel-frisson.png","datePublished":"2021-05-08T10:00:44+00:00","description":"CYCLISME - La 3\u00e8me \u00e9tape du Tour d'Italie 2021 proposera un trac\u00e9 long de 190 kilom\u00e8tres de Biella jusqu'\u00e0 Canale. Le parcours dans le d\u00e9tail.","breadcrumb":{"@id":"https:\/\/dicodusport.fr\/blog\/tour-ditalie-2021-3eme-etape-le-parcours-en-detail\/#breadcrumb"},"inLanguage":"fr-FR","potentialAction":[{"@type":"ReadAction","target":["https:\/\/dicodusport.fr\/blog\/tour-ditalie-2021-3eme-etape-le-parcours-en-detail\/"]}]},{"@type":"ImageObject","inLanguage":"fr-FR","@id":"https:\/\/dicodusport.fr\/blog\/tour-ditalie-2021-3eme-etape-le-parcours-en-detail\/#primaryimage","url":"https:\/\/dicodusport.fr\/blog\/wp-content\/uploads\/2021\/04\/Peter-Sagan-leternel-frisson.png","contentUrl":"https:\/\/dicodusport.fr\/blog\/wp-content\/uploads\/2021\/04\/Peter-Sagan-leternel-frisson.png","width":800,"height":445,"caption":"Peter Sagan serait en route pour la Deceuninck-Quick Step"},{"@type":"BreadcrumbList","@id":"https:\/\/dicodusport.fr\/blog\/tour-ditalie-2021-3eme-etape-le-parcours-en-detail\/#breadcrumb","itemListElement":[{"@type":"ListItem","position":1,"name":"Accueil","item":"https:\/\/dicodusport.fr\/blog\/"},{"@type":"ListItem","position":2,"name":"Tour d&rsquo;Italie 2021 &#8211; 3\u00e8me \u00e9tape : le parcours en d\u00e9tail"}]},{"@type":"WebSite","@id":"https:\/\/dicodusport.fr\/blog\/#website","url":"https:\/\/dicodusport.fr\/blog\/","name":"Dicodusport","description":"L&#039;encyclop\u00e9die de l&#039;actualit\u00e9 sportive","publisher":{"@id":"https:\/\/dicodusport.fr\/blog\/#organization"},"potentialAction":[{"@type":"SearchAction","target":{"@type":"EntryPoint","urlTemplate":"https:\/\/dicodusport.fr\/blog\/?s={search_term_string}"},"query-input":{"@type":"PropertyValueSpecification","valueRequired":true,"valueName":"search_term_string"}}],"inLanguage":"fr-FR"},{"@type":"NewsMediaOrganization","@id":"https:\/\/dicodusport.fr\/blog\/#organization","name":"Dicodusport","url":"https:\/\/dicodusport.fr\/blog\/","logo":{"@type":"ImageObject","inLanguage":"fr-FR","@id":"https:\/\/dicodusport.fr\/blog\/#\/schema\/logo\/image\/","url":"https:\/\/dicodusport.fr\/blog\/wp-content\/uploads\/2020\/06\/cropped-LOGO-DICODUSPORT-2020-SANS-FOND-SANS-TEXTE.png","contentUrl":"https:\/\/dicodusport.fr\/blog\/wp-content\/uploads\/2020\/06\/cropped-LOGO-DICODUSPORT-2020-SANS-FOND-SANS-TEXTE.png","width":512,"height":512,"caption":"Dicodusport"},"image":{"@id":"https:\/\/dicodusport.fr\/blog\/#\/schema\/logo\/image\/"},"sameAs":["https:\/\/www.facebook.com\/dicodusport","https:\/\/x.com\/dicodusport","https:\/\/www.instagram.com\/dicodusport\/","https:\/\/www.youtube.com\/channel\/UC7V2KZ5sd3htJivAbA4ZG3w"],"description":"Dicodusport est l'encyclop\u00e9die de l'actualit\u00e9 sportive.","email":"bonjour@dicodusport.fr","legalName":"DICODUSPORT","foundingDate":"2018-01-14","vatID":"FR71834470973","taxID":"83447097300043","numberOfEmployees":{"@type":"QuantitativeValue","minValue":"1","maxValue":"10"}},{"@type":"Person","@id":"https:\/\/dicodusport.fr\/blog\/#\/schema\/person\/6db4bae06b171592211be385b32876a7","name":"Emilien Descampiaux","image":{"@type":"ImageObject","inLanguage":"fr-FR","@id":"https:\/\/dicodusport.fr\/blog\/#\/schema\/person\/image\/","url":"https:\/\/dicodusport.fr\/blog\/wp-content\/uploads\/2021\/05\/Emilien-Descampiaux-150x150.jpg","contentUrl":"https:\/\/dicodusport.fr\/blog\/wp-content\/uploads\/2021\/05\/Emilien-Descampiaux-150x150.jpg","caption":"Emilien Descampiaux"},"description":"Journaliste\/r\u00e9dacteur depuis 2014 - Fan de la classe de Frank Vandenbroucke, je vis cyclisme (et de ses paysages) depuis plus de 20 ans. Je suis tr\u00e8s impliqu\u00e9 sur mes diff\u00e9rents r\u00e9seaux sociaux pour partager ma passion sur le monde et l'Histoire de la bicyclette avec ma voix sur les images en noir et blanc du succ\u00e8s de Rik Van Steenbergen lors du Ronde sur le V\u00e9lodrome de Gand.","sameAs":["https:\/\/www.facebook.com\/groups\/LesRoisDuPeloton","https:\/\/x.com\/https:\/\/twitter.com\/LRoisDuPeloton"],"url":"https:\/\/dicodusport.fr\/blog\/author\/emiliend\/"}]}},"_links":{"self":[{"href":"https:\/\/dicodusport.fr\/blog\/wp-json\/wp\/v2\/posts\/125780","targetHints":{"allow":["GET"]}}],"collection":[{"href":"https:\/\/dicodusport.fr\/blog\/wp-json\/wp\/v2\/posts"}],"about":[{"href":"https:\/\/dicodusport.fr\/blog\/wp-json\/wp\/v2\/types\/post"}],"author":[{"embeddable":true,"href":"https:\/\/dicodusport.fr\/blog\/wp-json\/wp\/v2\/users\/48"}],"replies":[{"embeddable":true,"href":"https:\/\/dicodusport.fr\/blog\/wp-json\/wp\/v2\/comments?post=125780"}],"version-history":[{"count":0,"href":"https:\/\/dicodusport.fr\/blog\/wp-json\/wp\/v2\/posts\/125780\/revisions"}],"wp:featuredmedia":[{"embeddable":true,"href":"https:\/\/dicodusport.fr\/blog\/wp-json\/wp\/v2\/media\/117916"}],"wp:attachment":[{"href":"https:\/\/dicodusport.fr\/blog\/wp-json\/wp\/v2\/media?parent=125780"}],"wp:term":[{"taxonomy":"category","embeddable":true,"href":"https:\/\/dicodusport.fr\/blog\/wp-json\/wp\/v2\/categories?post=125780"},{"taxonomy":"post_tag","embeddable":true,"href":"https:\/\/dicodusport.fr\/blog\/wp-json\/wp\/v2\/tags?post=125780"}],"curies":[{"name":"wp","href":"https:\/\/api.w.org\/{rel}","templated":true}]}}