{"id":125906,"date":"2021-04-30T18:47:14","date_gmt":"2021-04-30T16:47:14","guid":{"rendered":"https:\/\/dicodusport.fr\/blog\/?p=125906"},"modified":"2021-04-30T18:47:14","modified_gmt":"2021-04-30T16:47:14","slug":"jeep-elite-le-bcm-gravelines-dunkerque-perd-erik-mccree-pour-la-saison","status":"publish","type":"post","link":"https:\/\/dicodusport.fr\/blog\/jeep-elite-le-bcm-gravelines-dunkerque-perd-erik-mccree-pour-la-saison\/","title":{"rendered":"Jeep \u00c9lite\u00a0: Le BCM Gravelines Dunkerque perd Erik McCree pour la saison"},"content":{"rendered":"<p style=\"text-align: justify;\" align=\"justify\"><em><b>JEEP \u00c9LITE &#8211; \u00c9l\u00e9ment crucial du cinq majeur de Gravelines-Dunkerque depuis le d\u00e9but de saison, Erik McCree va manquer la fin de saison en raison d\u2019une blessure. Un coup dur dont se serait bien pass\u00e9 le club nordiste.<\/b><\/em><\/p>\n<p style=\"text-align: justify;\" align=\"justify\">La fin de saison s\u2019annonce compliqu\u00e9e du c\u00f4t\u00e9 de <strong>Gravelines-Dunkerque<\/strong>. Embourb\u00e9 \u00e0 la 12<sup>\u00e8me<\/sup>\u00a0place du championnat avec seulement une victoire d\u2019avance sur la zone de rel\u00e9gation, le <strong>BCM<\/strong> a annonc\u00e9 dans l\u2019apr\u00e8s-midi qu\u2019<strong>Erik McCree<\/strong> ne refoulerait pas les parquets cette saison. Touch\u00e9 \u00e0 la cheville lors du d\u00e9placement de son \u00e9quipe \u00e0 Ch\u00e2lons-Reims le 16 avril dernier, le joueur am\u00e9ricain ne sera pas en capacit\u00e9 de tenir sa place \u00e0 nouveau d\u2019ici la fin du championnat.<\/p>\n<blockquote class=\"twitter-tweet\">\n<p dir=\"ltr\" lang=\"fr\"> &#x274c;<\/p>\n<p>Fin de saison pour Erik McCree<br \/>\nDe nouveau touch\u00e9 \u00e0 la cheville contre Reims il y a deux semaines, Erik McCree est contraint de mettre un terme \u00e0 sa saison. 1\/2<a href=\"https:\/\/twitter.com\/hashtag\/TousBCM?src=hash&amp;ref_src=twsrc%5Etfw\">#TousBCM<\/a> <a href=\"https:\/\/t.co\/AKP7B7gSWL\">pic.twitter.com\/AKP7B7gSWL<\/a><\/p>\n<p>\u2014 BCM Basketball (@BCMBasket) <a href=\"https:\/\/twitter.com\/BCMBasket\/status\/1388116199595253763?ref_src=twsrc%5Etfw\">April 30, 2021<\/a><\/p><\/blockquote>\n<p><script async src=\"https:\/\/platform.twitter.com\/widgets.js\" charset=\"utf-8\"><\/script><\/p>\n<h2 style=\"text-align: justify;\" align=\"justify\"><b>Des solutions de remplacement limit\u00e9es<\/b><\/h2>\n<p style=\"text-align: justify;\" align=\"justify\">C\u2019est un coup dur terrible pour le BCM puisque le joueur de 27 ans effectue une belle saison. Arriv\u00e9 en provenance du championnat danois en d\u00e9but de saison, il a disput\u00e9 11 rencontres et affiche de belles statistiques en compilant 13,8 points, 6,7 rebonds et 3,4 passes d\u00e9cisives. Membre incontournable du cinq majeur de<strong> Serge Crevecoeur<\/strong>, son absence est pr\u00e9judiciable \u00e0 plusieurs niveaux. En plus de perdre un de ses meilleurs joueurs, c\u2019est \u00e9galement le seul poste 4 de m\u00e9tier dont disposait encore le club nordiste.<\/p>\n<p style=\"text-align: justify;\" align=\"justify\">Ayant d\u00e9j\u00e0 atteint le nombre de contrats autoris\u00e9s cette saison, le <strong>BCM<\/strong> ne peut pas faire appel \u00e0 un joker m\u00e9dical pour pallier l\u2019absence de son joueur. Le staff gravelinois va donc devoir faire preuve d\u2019imagination et d\u2019adaptation afin de s&rsquo;adapter au mieux avec les moyens limit\u00e9s dont il dispose d\u00e9sormais. Le pivot isra\u00eblien <strong>Itay Segev<\/strong>, capable de switcher \u00e0 ce poste, devrait en profiter pour voir son temps de jeu gonfler, et le jeune espoir de 17 ans <strong>Craig Azdoh<\/strong> pourrait \u00e9galement obtenir sa chance apr\u00e8s avoir grappill\u00e9 quelques minutes depuis le d\u00e9but de saison. Il faudra en tout cas vite trouver des solutions afin de ne pas se rapprocher trop dangereusement de la 17<sup>\u00e8me<\/sup>\u00a0place, synonyme de Pro B.<\/p>\n","protected":false},"excerpt":{"rendered":"<p>JEEP \u00c9LITE &#8211; \u00c9l\u00e9ment crucial du cinq majeur de Gravelines-Dunkerque depuis le d\u00e9but de saison, Erik McCree va manquer la fin de saison en raison d\u2019une blessure. Un coup dur dont se serait bien pass\u00e9 le club nordiste.<\/p>\n","protected":false},"author":55,"featured_media":125920,"comment_status":"open","ping_status":"closed","sticky":false,"template":"","format":"standard","meta":{"_acf_changed":false,"_daextam_enable_autolinks":"","footnotes":""},"categories":[2305],"tags":[16321,16322,8271],"class_list":["post-125906","post","type-post","status-publish","format-standard","has-post-thumbnail","hentry","category-basket-ball","tag-bcm","tag-gravelines-dunkerque","tag-jeep-elite"],"acf":[],"yoast_head":"<!-- This site is optimized with the Yoast SEO Premium plugin v26.7 (Yoast SEO v26.7) - https:\/\/yoast.com\/wordpress\/plugins\/seo\/ -->\n<title>Jeep \u00c9lite\u00a0: Le BCM Gravelines Dunkerque perd Erik McCree pour la saison<\/title>\n<meta name=\"description\" content=\"D\u00e9j\u00e0 dans une spirale n\u00e9gative en Jeep Elite, le BCM vient de perdre sur blessure son seul poste 4 de m\u00e9tier, Erik McCree.\" \/>\n<meta name=\"robots\" content=\"index, follow, max-snippet:-1, max-image-preview:large, max-video-preview:-1\" \/>\n<link rel=\"canonical\" href=\"https:\/\/dicodusport.fr\/blog\/jeep-elite-le-bcm-gravelines-dunkerque-perd-erik-mccree-pour-la-saison\/\" \/>\n<meta property=\"og:locale\" content=\"fr_FR\" \/>\n<meta property=\"og:type\" content=\"article\" \/>\n<meta property=\"og:title\" content=\"Jeep \u00c9lite\u00a0: Le BCM Gravelines Dunkerque perd Erik McCree pour la saison\" \/>\n<meta property=\"og:description\" content=\"D\u00e9j\u00e0 dans une spirale n\u00e9gative en Jeep Elite, le BCM vient de perdre sur blessure son seul poste 4 de m\u00e9tier, Erik McCree.\" \/>\n<meta property=\"og:url\" content=\"https:\/\/dicodusport.fr\/blog\/jeep-elite-le-bcm-gravelines-dunkerque-perd-erik-mccree-pour-la-saison\/\" \/>\n<meta property=\"og:site_name\" content=\"Dicodusport\" \/>\n<meta property=\"article:publisher\" content=\"https:\/\/www.facebook.com\/dicodusport\" \/>\n<meta property=\"article:published_time\" content=\"2021-04-30T16:47:14+00:00\" \/>\n<meta property=\"og:image\" content=\"https:\/\/dicodusport.fr\/blog\/wp-content\/uploads\/2021\/04\/Jeep-Elite-Le-BCM-Gravelines-Dunkerque-perd-Erik-McCree-pour-la-saison.png\" \/>\n\t<meta property=\"og:image:width\" content=\"800\" \/>\n\t<meta property=\"og:image:height\" content=\"445\" \/>\n\t<meta property=\"og:image:type\" content=\"image\/png\" \/>\n<meta name=\"author\" content=\"Maxime Cazenave\" \/>\n<meta name=\"twitter:card\" content=\"summary_large_image\" \/>\n<meta name=\"twitter:title\" content=\"Jeep \u00c9lite\u00a0: Le BCM Gravelines Dunkerque perd Erik McCree pour la saison\" \/>\n<meta name=\"twitter:creator\" content=\"@https:\/\/twitter.com\/Maxime_Caze\" \/>\n<meta name=\"twitter:site\" content=\"@dicodusport\" \/>\n<script type=\"application\/ld+json\" class=\"yoast-schema-graph\">{\"@context\":\"https:\/\/schema.org\",\"@graph\":[{\"@type\":\"NewsArticle\",\"@id\":\"https:\/\/dicodusport.fr\/blog\/jeep-elite-le-bcm-gravelines-dunkerque-perd-erik-mccree-pour-la-saison\/#article\",\"isPartOf\":{\"@id\":\"https:\/\/dicodusport.fr\/blog\/jeep-elite-le-bcm-gravelines-dunkerque-perd-erik-mccree-pour-la-saison\/\"},\"author\":{\"name\":\"Maxime Cazenave\",\"@id\":\"https:\/\/dicodusport.fr\/blog\/#\/schema\/person\/37def232098a7a5cbab3974a3690abb0\"},\"headline\":\"Jeep \u00c9lite\u00a0: Le BCM Gravelines Dunkerque perd Erik McCree pour la saison\",\"datePublished\":\"2021-04-30T16:47:14+00:00\",\"mainEntityOfPage\":{\"@id\":\"https:\/\/dicodusport.fr\/blog\/jeep-elite-le-bcm-gravelines-dunkerque-perd-erik-mccree-pour-la-saison\/\"},\"wordCount\":399,\"commentCount\":0,\"publisher\":{\"@id\":\"https:\/\/dicodusport.fr\/blog\/#organization\"},\"image\":{\"@id\":\"https:\/\/dicodusport.fr\/blog\/jeep-elite-le-bcm-gravelines-dunkerque-perd-erik-mccree-pour-la-saison\/#primaryimage\"},\"thumbnailUrl\":\"https:\/\/dicodusport.fr\/blog\/wp-content\/uploads\/2021\/04\/Jeep-Elite-Le-BCM-Gravelines-Dunkerque-perd-Erik-McCree-pour-la-saison.png\",\"keywords\":[\"BCM\",\"Gravelines-Dunkerque\",\"Jeep Elite\"],\"articleSection\":[\"Basket-ball\"],\"inLanguage\":\"fr-FR\",\"potentialAction\":[{\"@type\":\"CommentAction\",\"name\":\"Comment\",\"target\":[\"https:\/\/dicodusport.fr\/blog\/jeep-elite-le-bcm-gravelines-dunkerque-perd-erik-mccree-pour-la-saison\/#respond\"]}],\"copyrightYear\":\"2021\",\"copyrightHolder\":{\"@id\":\"https:\/\/dicodusport.fr\/blog\/#organization\"}},{\"@type\":\"WebPage\",\"@id\":\"https:\/\/dicodusport.fr\/blog\/jeep-elite-le-bcm-gravelines-dunkerque-perd-erik-mccree-pour-la-saison\/\",\"url\":\"https:\/\/dicodusport.fr\/blog\/jeep-elite-le-bcm-gravelines-dunkerque-perd-erik-mccree-pour-la-saison\/\",\"name\":\"Jeep \u00c9lite\u00a0: Le BCM Gravelines Dunkerque perd Erik McCree pour la saison\",\"isPartOf\":{\"@id\":\"https:\/\/dicodusport.fr\/blog\/#website\"},\"primaryImageOfPage\":{\"@id\":\"https:\/\/dicodusport.fr\/blog\/jeep-elite-le-bcm-gravelines-dunkerque-perd-erik-mccree-pour-la-saison\/#primaryimage\"},\"image\":{\"@id\":\"https:\/\/dicodusport.fr\/blog\/jeep-elite-le-bcm-gravelines-dunkerque-perd-erik-mccree-pour-la-saison\/#primaryimage\"},\"thumbnailUrl\":\"https:\/\/dicodusport.fr\/blog\/wp-content\/uploads\/2021\/04\/Jeep-Elite-Le-BCM-Gravelines-Dunkerque-perd-Erik-McCree-pour-la-saison.png\",\"datePublished\":\"2021-04-30T16:47:14+00:00\",\"description\":\"D\u00e9j\u00e0 dans une spirale n\u00e9gative en Jeep Elite, le BCM vient de perdre sur blessure son seul poste 4 de m\u00e9tier, Erik McCree.\",\"breadcrumb\":{\"@id\":\"https:\/\/dicodusport.fr\/blog\/jeep-elite-le-bcm-gravelines-dunkerque-perd-erik-mccree-pour-la-saison\/#breadcrumb\"},\"inLanguage\":\"fr-FR\",\"potentialAction\":[{\"@type\":\"ReadAction\",\"target\":[\"https:\/\/dicodusport.fr\/blog\/jeep-elite-le-bcm-gravelines-dunkerque-perd-erik-mccree-pour-la-saison\/\"]}]},{\"@type\":\"ImageObject\",\"inLanguage\":\"fr-FR\",\"@id\":\"https:\/\/dicodusport.fr\/blog\/jeep-elite-le-bcm-gravelines-dunkerque-perd-erik-mccree-pour-la-saison\/#primaryimage\",\"url\":\"https:\/\/dicodusport.fr\/blog\/wp-content\/uploads\/2021\/04\/Jeep-Elite-Le-BCM-Gravelines-Dunkerque-perd-Erik-McCree-pour-la-saison.png\",\"contentUrl\":\"https:\/\/dicodusport.fr\/blog\/wp-content\/uploads\/2021\/04\/Jeep-Elite-Le-BCM-Gravelines-Dunkerque-perd-Erik-McCree-pour-la-saison.png\",\"width\":800,\"height\":445,\"caption\":\"Jeep \u00c9lite\u00a0: Le BCM Gravelines Dunkerque perd Erik McCree pour la saison\"},{\"@type\":\"BreadcrumbList\",\"@id\":\"https:\/\/dicodusport.fr\/blog\/jeep-elite-le-bcm-gravelines-dunkerque-perd-erik-mccree-pour-la-saison\/#breadcrumb\",\"itemListElement\":[{\"@type\":\"ListItem\",\"position\":1,\"name\":\"Accueil\",\"item\":\"https:\/\/dicodusport.fr\/blog\/\"},{\"@type\":\"ListItem\",\"position\":2,\"name\":\"Jeep \u00c9lite\u00a0: Le BCM Gravelines Dunkerque perd Erik McCree pour la saison\"}]},{\"@type\":\"WebSite\",\"@id\":\"https:\/\/dicodusport.fr\/blog\/#website\",\"url\":\"https:\/\/dicodusport.fr\/blog\/\",\"name\":\"Dicodusport\",\"description\":\"L&#039;encyclop\u00e9die de l&#039;actualit\u00e9 sportive\",\"publisher\":{\"@id\":\"https:\/\/dicodusport.fr\/blog\/#organization\"},\"potentialAction\":[{\"@type\":\"SearchAction\",\"target\":{\"@type\":\"EntryPoint\",\"urlTemplate\":\"https:\/\/dicodusport.fr\/blog\/?s={search_term_string}\"},\"query-input\":{\"@type\":\"PropertyValueSpecification\",\"valueRequired\":true,\"valueName\":\"search_term_string\"}}],\"inLanguage\":\"fr-FR\"},{\"@type\":\"NewsMediaOrganization\",\"@id\":\"https:\/\/dicodusport.fr\/blog\/#organization\",\"name\":\"Dicodusport\",\"url\":\"https:\/\/dicodusport.fr\/blog\/\",\"logo\":{\"@type\":\"ImageObject\",\"inLanguage\":\"fr-FR\",\"@id\":\"https:\/\/dicodusport.fr\/blog\/#\/schema\/logo\/image\/\",\"url\":\"https:\/\/dicodusport.fr\/blog\/wp-content\/uploads\/2020\/06\/cropped-LOGO-DICODUSPORT-2020-SANS-FOND-SANS-TEXTE.png\",\"contentUrl\":\"https:\/\/dicodusport.fr\/blog\/wp-content\/uploads\/2020\/06\/cropped-LOGO-DICODUSPORT-2020-SANS-FOND-SANS-TEXTE.png\",\"width\":512,\"height\":512,\"caption\":\"Dicodusport\"},\"image\":{\"@id\":\"https:\/\/dicodusport.fr\/blog\/#\/schema\/logo\/image\/\"},\"sameAs\":[\"https:\/\/www.facebook.com\/dicodusport\",\"https:\/\/x.com\/dicodusport\",\"https:\/\/www.instagram.com\/dicodusport\/\",\"https:\/\/www.youtube.com\/channel\/UC7V2KZ5sd3htJivAbA4ZG3w\"],\"description\":\"Dicodusport est l'encyclop\u00e9die de l'actualit\u00e9 sportive.\",\"email\":\"bonjour@dicodusport.fr\",\"legalName\":\"DICODUSPORT\",\"foundingDate\":\"2018-01-14\",\"vatID\":\"FR71834470973\",\"taxID\":\"83447097300043\",\"numberOfEmployees\":{\"@type\":\"QuantitativeValue\",\"minValue\":\"1\",\"maxValue\":\"10\"}},{\"@type\":\"Person\",\"@id\":\"https:\/\/dicodusport.fr\/blog\/#\/schema\/person\/37def232098a7a5cbab3974a3690abb0\",\"name\":\"Maxime Cazenave\",\"image\":{\"@type\":\"ImageObject\",\"inLanguage\":\"fr-FR\",\"@id\":\"https:\/\/dicodusport.fr\/blog\/#\/schema\/person\/image\/\",\"url\":\"https:\/\/dicodusport.fr\/blog\/wp-content\/uploads\/2021\/05\/Maxime-Cazenave-150x150.jpg\",\"contentUrl\":\"https:\/\/dicodusport.fr\/blog\/wp-content\/uploads\/2021\/05\/Maxime-Cazenave-150x150.jpg\",\"caption\":\"Maxime Cazenave\"},\"description\":\"Journaliste\/R\u00e9dacteur depuis 2012 - Berc\u00e9 par l\u2019amour des Girondins de Bordeaux, les \u00e9checs de Christophe Moreau sur le Tour de France sous l'\u00e8re Lance Armstrong et le fade-away l\u00e9tal de Dirk Nowitzki, ma passion d\u00e9vorante pour le sport a toujours \u00e9t\u00e9 un pan incontournable de ma vie. Transmettre ma passion \u00e0 l\u2019\u00e9crit a \u00e9t\u00e9 une transition naturelle. Suiveur assidu de basket et de hockey sur glace, je garde toujours un peu de place pour suivre le cyclisme, le football et le maximum de performances fran\u00e7aises.\",\"sameAs\":[\"https:\/\/x.com\/https:\/\/twitter.com\/Maxime_Caze\"],\"url\":\"https:\/\/dicodusport.fr\/blog\/author\/maximec\/\"}]}<\/script>\n<!-- \/ Yoast SEO Premium plugin. -->","yoast_head_json":{"title":"Jeep \u00c9lite\u00a0: Le BCM Gravelines Dunkerque perd Erik McCree pour la saison","description":"D\u00e9j\u00e0 dans une spirale n\u00e9gative en Jeep Elite, le BCM vient de perdre sur blessure son seul poste 4 de m\u00e9tier, Erik McCree.","robots":{"index":"index","follow":"follow","max-snippet":"max-snippet:-1","max-image-preview":"max-image-preview:large","max-video-preview":"max-video-preview:-1"},"canonical":"https:\/\/dicodusport.fr\/blog\/jeep-elite-le-bcm-gravelines-dunkerque-perd-erik-mccree-pour-la-saison\/","og_locale":"fr_FR","og_type":"article","og_title":"Jeep \u00c9lite\u00a0: Le BCM Gravelines Dunkerque perd Erik McCree pour la saison","og_description":"D\u00e9j\u00e0 dans une spirale n\u00e9gative en Jeep Elite, le BCM vient de perdre sur blessure son seul poste 4 de m\u00e9tier, Erik McCree.","og_url":"https:\/\/dicodusport.fr\/blog\/jeep-elite-le-bcm-gravelines-dunkerque-perd-erik-mccree-pour-la-saison\/","og_site_name":"Dicodusport","article_publisher":"https:\/\/www.facebook.com\/dicodusport","article_published_time":"2021-04-30T16:47:14+00:00","og_image":[{"width":800,"height":445,"url":"https:\/\/dicodusport.fr\/blog\/wp-content\/uploads\/2021\/04\/Jeep-Elite-Le-BCM-Gravelines-Dunkerque-perd-Erik-McCree-pour-la-saison.png","type":"image\/png"}],"author":"Maxime Cazenave","twitter_card":"summary_large_image","twitter_title":"Jeep \u00c9lite\u00a0: Le BCM Gravelines Dunkerque perd Erik McCree pour la saison","twitter_creator":"@https:\/\/twitter.com\/Maxime_Caze","twitter_site":"@dicodusport","schema":{"@context":"https:\/\/schema.org","@graph":[{"@type":"NewsArticle","@id":"https:\/\/dicodusport.fr\/blog\/jeep-elite-le-bcm-gravelines-dunkerque-perd-erik-mccree-pour-la-saison\/#article","isPartOf":{"@id":"https:\/\/dicodusport.fr\/blog\/jeep-elite-le-bcm-gravelines-dunkerque-perd-erik-mccree-pour-la-saison\/"},"author":{"name":"Maxime Cazenave","@id":"https:\/\/dicodusport.fr\/blog\/#\/schema\/person\/37def232098a7a5cbab3974a3690abb0"},"headline":"Jeep \u00c9lite\u00a0: Le BCM Gravelines Dunkerque perd Erik McCree pour la saison","datePublished":"2021-04-30T16:47:14+00:00","mainEntityOfPage":{"@id":"https:\/\/dicodusport.fr\/blog\/jeep-elite-le-bcm-gravelines-dunkerque-perd-erik-mccree-pour-la-saison\/"},"wordCount":399,"commentCount":0,"publisher":{"@id":"https:\/\/dicodusport.fr\/blog\/#organization"},"image":{"@id":"https:\/\/dicodusport.fr\/blog\/jeep-elite-le-bcm-gravelines-dunkerque-perd-erik-mccree-pour-la-saison\/#primaryimage"},"thumbnailUrl":"https:\/\/dicodusport.fr\/blog\/wp-content\/uploads\/2021\/04\/Jeep-Elite-Le-BCM-Gravelines-Dunkerque-perd-Erik-McCree-pour-la-saison.png","keywords":["BCM","Gravelines-Dunkerque","Jeep Elite"],"articleSection":["Basket-ball"],"inLanguage":"fr-FR","potentialAction":[{"@type":"CommentAction","name":"Comment","target":["https:\/\/dicodusport.fr\/blog\/jeep-elite-le-bcm-gravelines-dunkerque-perd-erik-mccree-pour-la-saison\/#respond"]}],"copyrightYear":"2021","copyrightHolder":{"@id":"https:\/\/dicodusport.fr\/blog\/#organization"}},{"@type":"WebPage","@id":"https:\/\/dicodusport.fr\/blog\/jeep-elite-le-bcm-gravelines-dunkerque-perd-erik-mccree-pour-la-saison\/","url":"https:\/\/dicodusport.fr\/blog\/jeep-elite-le-bcm-gravelines-dunkerque-perd-erik-mccree-pour-la-saison\/","name":"Jeep \u00c9lite\u00a0: Le BCM Gravelines Dunkerque perd Erik McCree pour la saison","isPartOf":{"@id":"https:\/\/dicodusport.fr\/blog\/#website"},"primaryImageOfPage":{"@id":"https:\/\/dicodusport.fr\/blog\/jeep-elite-le-bcm-gravelines-dunkerque-perd-erik-mccree-pour-la-saison\/#primaryimage"},"image":{"@id":"https:\/\/dicodusport.fr\/blog\/jeep-elite-le-bcm-gravelines-dunkerque-perd-erik-mccree-pour-la-saison\/#primaryimage"},"thumbnailUrl":"https:\/\/dicodusport.fr\/blog\/wp-content\/uploads\/2021\/04\/Jeep-Elite-Le-BCM-Gravelines-Dunkerque-perd-Erik-McCree-pour-la-saison.png","datePublished":"2021-04-30T16:47:14+00:00","description":"D\u00e9j\u00e0 dans une spirale n\u00e9gative en Jeep Elite, le BCM vient de perdre sur blessure son seul poste 4 de m\u00e9tier, Erik McCree.","breadcrumb":{"@id":"https:\/\/dicodusport.fr\/blog\/jeep-elite-le-bcm-gravelines-dunkerque-perd-erik-mccree-pour-la-saison\/#breadcrumb"},"inLanguage":"fr-FR","potentialAction":[{"@type":"ReadAction","target":["https:\/\/dicodusport.fr\/blog\/jeep-elite-le-bcm-gravelines-dunkerque-perd-erik-mccree-pour-la-saison\/"]}]},{"@type":"ImageObject","inLanguage":"fr-FR","@id":"https:\/\/dicodusport.fr\/blog\/jeep-elite-le-bcm-gravelines-dunkerque-perd-erik-mccree-pour-la-saison\/#primaryimage","url":"https:\/\/dicodusport.fr\/blog\/wp-content\/uploads\/2021\/04\/Jeep-Elite-Le-BCM-Gravelines-Dunkerque-perd-Erik-McCree-pour-la-saison.png","contentUrl":"https:\/\/dicodusport.fr\/blog\/wp-content\/uploads\/2021\/04\/Jeep-Elite-Le-BCM-Gravelines-Dunkerque-perd-Erik-McCree-pour-la-saison.png","width":800,"height":445,"caption":"Jeep \u00c9lite\u00a0: Le BCM Gravelines Dunkerque perd Erik McCree pour la saison"},{"@type":"BreadcrumbList","@id":"https:\/\/dicodusport.fr\/blog\/jeep-elite-le-bcm-gravelines-dunkerque-perd-erik-mccree-pour-la-saison\/#breadcrumb","itemListElement":[{"@type":"ListItem","position":1,"name":"Accueil","item":"https:\/\/dicodusport.fr\/blog\/"},{"@type":"ListItem","position":2,"name":"Jeep \u00c9lite\u00a0: Le BCM Gravelines Dunkerque perd Erik McCree pour la saison"}]},{"@type":"WebSite","@id":"https:\/\/dicodusport.fr\/blog\/#website","url":"https:\/\/dicodusport.fr\/blog\/","name":"Dicodusport","description":"L&#039;encyclop\u00e9die de l&#039;actualit\u00e9 sportive","publisher":{"@id":"https:\/\/dicodusport.fr\/blog\/#organization"},"potentialAction":[{"@type":"SearchAction","target":{"@type":"EntryPoint","urlTemplate":"https:\/\/dicodusport.fr\/blog\/?s={search_term_string}"},"query-input":{"@type":"PropertyValueSpecification","valueRequired":true,"valueName":"search_term_string"}}],"inLanguage":"fr-FR"},{"@type":"NewsMediaOrganization","@id":"https:\/\/dicodusport.fr\/blog\/#organization","name":"Dicodusport","url":"https:\/\/dicodusport.fr\/blog\/","logo":{"@type":"ImageObject","inLanguage":"fr-FR","@id":"https:\/\/dicodusport.fr\/blog\/#\/schema\/logo\/image\/","url":"https:\/\/dicodusport.fr\/blog\/wp-content\/uploads\/2020\/06\/cropped-LOGO-DICODUSPORT-2020-SANS-FOND-SANS-TEXTE.png","contentUrl":"https:\/\/dicodusport.fr\/blog\/wp-content\/uploads\/2020\/06\/cropped-LOGO-DICODUSPORT-2020-SANS-FOND-SANS-TEXTE.png","width":512,"height":512,"caption":"Dicodusport"},"image":{"@id":"https:\/\/dicodusport.fr\/blog\/#\/schema\/logo\/image\/"},"sameAs":["https:\/\/www.facebook.com\/dicodusport","https:\/\/x.com\/dicodusport","https:\/\/www.instagram.com\/dicodusport\/","https:\/\/www.youtube.com\/channel\/UC7V2KZ5sd3htJivAbA4ZG3w"],"description":"Dicodusport est l'encyclop\u00e9die de l'actualit\u00e9 sportive.","email":"bonjour@dicodusport.fr","legalName":"DICODUSPORT","foundingDate":"2018-01-14","vatID":"FR71834470973","taxID":"83447097300043","numberOfEmployees":{"@type":"QuantitativeValue","minValue":"1","maxValue":"10"}},{"@type":"Person","@id":"https:\/\/dicodusport.fr\/blog\/#\/schema\/person\/37def232098a7a5cbab3974a3690abb0","name":"Maxime Cazenave","image":{"@type":"ImageObject","inLanguage":"fr-FR","@id":"https:\/\/dicodusport.fr\/blog\/#\/schema\/person\/image\/","url":"https:\/\/dicodusport.fr\/blog\/wp-content\/uploads\/2021\/05\/Maxime-Cazenave-150x150.jpg","contentUrl":"https:\/\/dicodusport.fr\/blog\/wp-content\/uploads\/2021\/05\/Maxime-Cazenave-150x150.jpg","caption":"Maxime Cazenave"},"description":"Journaliste\/R\u00e9dacteur depuis 2012 - Berc\u00e9 par l\u2019amour des Girondins de Bordeaux, les \u00e9checs de Christophe Moreau sur le Tour de France sous l'\u00e8re Lance Armstrong et le fade-away l\u00e9tal de Dirk Nowitzki, ma passion d\u00e9vorante pour le sport a toujours \u00e9t\u00e9 un pan incontournable de ma vie. Transmettre ma passion \u00e0 l\u2019\u00e9crit a \u00e9t\u00e9 une transition naturelle. Suiveur assidu de basket et de hockey sur glace, je garde toujours un peu de place pour suivre le cyclisme, le football et le maximum de performances fran\u00e7aises.","sameAs":["https:\/\/x.com\/https:\/\/twitter.com\/Maxime_Caze"],"url":"https:\/\/dicodusport.fr\/blog\/author\/maximec\/"}]}},"_links":{"self":[{"href":"https:\/\/dicodusport.fr\/blog\/wp-json\/wp\/v2\/posts\/125906","targetHints":{"allow":["GET"]}}],"collection":[{"href":"https:\/\/dicodusport.fr\/blog\/wp-json\/wp\/v2\/posts"}],"about":[{"href":"https:\/\/dicodusport.fr\/blog\/wp-json\/wp\/v2\/types\/post"}],"author":[{"embeddable":true,"href":"https:\/\/dicodusport.fr\/blog\/wp-json\/wp\/v2\/users\/55"}],"replies":[{"embeddable":true,"href":"https:\/\/dicodusport.fr\/blog\/wp-json\/wp\/v2\/comments?post=125906"}],"version-history":[{"count":0,"href":"https:\/\/dicodusport.fr\/blog\/wp-json\/wp\/v2\/posts\/125906\/revisions"}],"wp:featuredmedia":[{"embeddable":true,"href":"https:\/\/dicodusport.fr\/blog\/wp-json\/wp\/v2\/media\/125920"}],"wp:attachment":[{"href":"https:\/\/dicodusport.fr\/blog\/wp-json\/wp\/v2\/media?parent=125906"}],"wp:term":[{"taxonomy":"category","embeddable":true,"href":"https:\/\/dicodusport.fr\/blog\/wp-json\/wp\/v2\/categories?post=125906"},{"taxonomy":"post_tag","embeddable":true,"href":"https:\/\/dicodusport.fr\/blog\/wp-json\/wp\/v2\/tags?post=125906"}],"curies":[{"name":"wp","href":"https:\/\/api.w.org\/{rel}","templated":true}]}}