{"id":126030,"date":"2021-05-01T13:04:02","date_gmt":"2021-05-01T11:04:02","guid":{"rendered":"https:\/\/dicodusport.fr\/blog\/?p=126030"},"modified":"2021-05-01T14:28:46","modified_gmt":"2021-05-01T12:28:46","slug":"del-anthony-rech-et-wolfsbourg-s-ouvrent-les-portes-de-la-finale","status":"publish","type":"post","link":"https:\/\/dicodusport.fr\/blog\/del-anthony-rech-et-wolfsbourg-s-ouvrent-les-portes-de-la-finale\/","title":{"rendered":"DEL\u00a0: Anthony Rech et Wolfsbourg s\u2019ouvrent les portes de la finale"},"content":{"rendered":"<p align=\"justify\"><i><b>Vainqueur 2-1 de Manheim ce vendredi soir, Wolfsbourg a compost\u00e9 son billet pour les finales du championnat allemand de hockey sur glace. En grande forme ces derni\u00e8re semaines, Anthony Rech joue un r\u00f4le important dans le succ\u00e8s des Grizzlys. <\/b><\/i><\/p>\n<p align=\"justify\">Arriv\u00e9 en Allemagne en 2017, <strong>Anthony Rech<\/strong> est quatre ans plus tard \u00e0 une marche d\u2019obtenir le sacre supr\u00eame outre-Rhin. Avec son \u00e9quipe de Wolfsbourg, l\u2019international fran\u00e7ais s\u2019est d\u00e9fait de Manheim en demi-finales de la DEL, l\u2019\u00e9lite du hockey sur glace allemand. Men\u00e9s 1-0 dans cette s\u00e9rie, les Grizzlys ont r\u00e9agi magnifiquement pour remporter les deux manches suivantes afin de retourner la s\u00e9rie, et l\u2019emporter 2-1.<\/p>\n<blockquote class=\"twitter-tweet\">\n<p dir=\"ltr\" lang=\"und\">JAAAAAAAAAAAAA!<a href=\"https:\/\/twitter.com\/hashtag\/finale?src=hash&amp;ref_src=twsrc%5Etfw\">#finale<\/a> <a href=\"https:\/\/twitter.com\/hashtag\/grizzlys?src=hash&amp;ref_src=twsrc%5Etfw\">#grizzlys<\/a> <a href=\"https:\/\/twitter.com\/hashtag\/schnellstezeit?src=hash&amp;ref_src=twsrc%5Etfw\">#schnellstezeit<\/a> <a href=\"https:\/\/t.co\/c8ia11kc5B\">pic.twitter.com\/c8ia11kc5B<\/a><\/p>\n<p>\u2014 Grizzlys Wolfsburg (@grizzlys_wob) <a href=\"https:\/\/twitter.com\/grizzlys_wob\/status\/1388235552546230280?ref_src=twsrc%5Etfw\">April 30, 2021<\/a><\/p><\/blockquote>\n<p><script async src=\"https:\/\/platform.twitter.com\/widgets.js\" charset=\"utf-8\"><\/script><\/p>\n<p align=\"justify\">\u00c9l\u00e9ment cl\u00e9 du deuxi\u00e8me trio d\u2019attaquants, <strong>Anthony Rech<\/strong> s\u2019est montr\u00e9 d\u00e9cisif \u00e0 l\u2019occasion du match 2 en inscrivant le but vainqueur en prolongations. Son r\u00f4le en Allemagne ne cesse d\u2019\u00e9voluer. Suite \u00e0 deux saisons d\u2019adaptation bien r\u00e9ussies avec la faible \u00e9quipe de Schwenninger (50 points en 100 matchs), l\u2019ancien attaquant de Rouen et Gap a franchi un palier \u00e0 l\u2019\u00e9t\u00e9 2019 en rejoignant Wolfsbourg. Au sein d\u2019une \u00e9quipe habitu\u00e9e aux joutes des Playoffs, il effectue une premi\u00e8re saison solide (44 points en 52 rencontres) malgr\u00e9 un classement final d\u00e9cevant (9\u00e8).<\/p>\n<h2 align=\"justify\"><b>\u00c0 deux victoires d&rsquo;entrer dans l\u2019histoire<\/b><\/h2>\n<p align=\"justify\">Vient alors la saison en cours, durant laquelle les Grizzlys sont en train d\u2019effectuer un parcours remarquable. Troisi\u00e8mes de leur poule, ils viennent successivement de sortir Bremerhaven, et surtout le leader de la saison r\u00e9guli\u00e8re, Manheim. Cela leur permet ainsi de s\u2019offrir une magnifique finale face \u00e0 l\u2019Eisbaren Berlin. Auteur d\u2019un tr\u00e8s bon championnat termin\u00e9 en boulet de canon, <strong>Rech<\/strong> s\u2019est une nouvelle fois illustr\u00e9 comme la force majeure du second trio offensif de son \u00e9quipe (30 points en 44 parties). Il est ainsi le deuxi\u00e8me meilleur pointeur de son \u00e9quipe, \u00e0 seulement une unit\u00e9 du Su\u00e9dois Max Gortz.<\/p>\n<p align=\"justify\">La premi\u00e8re manche a lieu d\u00e8s ce dimanche. L\u2019attaquant fran\u00e7ais est proche de rentrer dans l\u2019histoire du championnat allemand puisqu\u2019en cas de succ\u00e8s final, en plus de s\u2019offrir son premier troph\u00e9e \u00e0 l\u2019\u00e9tranger, ce serait \u00e9galement le premier de son club en championnat. Il ne reste donc plus qu\u2019\u00e0 finir le travail\u00a0!<\/p>\n","protected":false},"excerpt":{"rendered":"<p>Vainqueur 2-1 de Manheim ce vendredi soir, Wolfsbourg a compost\u00e9 son billet pour les finales du championnat allemand de hockey sur glace. En grande forme ces derni\u00e8re semaines, Anthony Rech joue un r\u00f4le important dans le succ\u00e8s des Grizzlys.<\/p>\n","protected":false},"author":55,"featured_media":126052,"comment_status":"open","ping_status":"closed","sticky":false,"template":"","format":"standard","meta":{"_acf_changed":false,"_daextam_enable_autolinks":"","footnotes":""},"categories":[10575],"tags":[3058,16339,24],"class_list":["post-126030","post","type-post","status-publish","format-standard","has-post-thumbnail","hentry","category-hockey-sur-glace","tag-anthony-rech","tag-del","tag-sport"],"acf":[],"yoast_head":"<!-- This site is optimized with the Yoast SEO Premium plugin v26.7 (Yoast SEO v26.7) - https:\/\/yoast.com\/wordpress\/plugins\/seo\/ -->\n<title>DEL\u00a0: Anthony Rech et Wolfsbourg s\u2019ouvrent les portes de la finale<\/title>\n<meta name=\"description\" content=\"HOCKEY SUR GLACE - En grande forme ces derni\u00e8re semaines, Anthony Rech joue un r\u00f4le important dans le succ\u00e8s des Grizzlys en DEL.\" \/>\n<meta name=\"robots\" content=\"index, follow, max-snippet:-1, max-image-preview:large, max-video-preview:-1\" \/>\n<link rel=\"canonical\" href=\"https:\/\/dicodusport.fr\/blog\/del-anthony-rech-et-wolfsbourg-s-ouvrent-les-portes-de-la-finale\/\" \/>\n<meta property=\"og:locale\" content=\"fr_FR\" \/>\n<meta property=\"og:type\" content=\"article\" \/>\n<meta property=\"og:title\" content=\"DEL\u00a0: Anthony Rech et Wolfsbourg s\u2019ouvrent les portes de la finale\" \/>\n<meta property=\"og:description\" content=\"HOCKEY SUR GLACE - En grande forme ces derni\u00e8re semaines, Anthony Rech joue un r\u00f4le important dans le succ\u00e8s des Grizzlys en DEL.\" \/>\n<meta property=\"og:url\" content=\"https:\/\/dicodusport.fr\/blog\/del-anthony-rech-et-wolfsbourg-s-ouvrent-les-portes-de-la-finale\/\" \/>\n<meta property=\"og:site_name\" content=\"Dicodusport\" \/>\n<meta property=\"article:publisher\" content=\"https:\/\/www.facebook.com\/dicodusport\" \/>\n<meta property=\"article:published_time\" content=\"2021-05-01T11:04:02+00:00\" \/>\n<meta property=\"article:modified_time\" content=\"2021-05-01T12:28:46+00:00\" \/>\n<meta property=\"og:image\" content=\"https:\/\/dicodusport.fr\/blog\/wp-content\/uploads\/2021\/05\/DEL-Anthony-Rech-et-Wolfsbourg-souvrent-les-portes-de-la-finale.png\" \/>\n\t<meta property=\"og:image:width\" content=\"800\" \/>\n\t<meta property=\"og:image:height\" content=\"445\" \/>\n\t<meta property=\"og:image:type\" content=\"image\/png\" \/>\n<meta name=\"author\" content=\"Maxime Cazenave\" \/>\n<meta name=\"twitter:card\" content=\"summary_large_image\" \/>\n<meta name=\"twitter:title\" content=\"DEL\u00a0: Anthony Rech et Wolfsbourg s\u2019ouvrent les portes de la finale\" \/>\n<meta name=\"twitter:creator\" content=\"@https:\/\/twitter.com\/Maxime_Caze\" \/>\n<meta name=\"twitter:site\" content=\"@dicodusport\" \/>\n<script type=\"application\/ld+json\" class=\"yoast-schema-graph\">{\"@context\":\"https:\/\/schema.org\",\"@graph\":[{\"@type\":\"NewsArticle\",\"@id\":\"https:\/\/dicodusport.fr\/blog\/del-anthony-rech-et-wolfsbourg-s-ouvrent-les-portes-de-la-finale\/#article\",\"isPartOf\":{\"@id\":\"https:\/\/dicodusport.fr\/blog\/del-anthony-rech-et-wolfsbourg-s-ouvrent-les-portes-de-la-finale\/\"},\"author\":{\"name\":\"Maxime Cazenave\",\"@id\":\"https:\/\/dicodusport.fr\/blog\/#\/schema\/person\/37def232098a7a5cbab3974a3690abb0\"},\"headline\":\"DEL\u00a0: Anthony Rech et Wolfsbourg s\u2019ouvrent les portes de la finale\",\"datePublished\":\"2021-05-01T11:04:02+00:00\",\"dateModified\":\"2021-05-01T12:28:46+00:00\",\"mainEntityOfPage\":{\"@id\":\"https:\/\/dicodusport.fr\/blog\/del-anthony-rech-et-wolfsbourg-s-ouvrent-les-portes-de-la-finale\/\"},\"wordCount\":416,\"commentCount\":1,\"publisher\":{\"@id\":\"https:\/\/dicodusport.fr\/blog\/#organization\"},\"image\":{\"@id\":\"https:\/\/dicodusport.fr\/blog\/del-anthony-rech-et-wolfsbourg-s-ouvrent-les-portes-de-la-finale\/#primaryimage\"},\"thumbnailUrl\":\"https:\/\/dicodusport.fr\/blog\/wp-content\/uploads\/2021\/05\/DEL-Anthony-Rech-et-Wolfsbourg-souvrent-les-portes-de-la-finale.png\",\"keywords\":[\"Anthony Rech\",\"DEL\",\"sport\"],\"articleSection\":[\"Hockey sur glace\"],\"inLanguage\":\"fr-FR\",\"potentialAction\":[{\"@type\":\"CommentAction\",\"name\":\"Comment\",\"target\":[\"https:\/\/dicodusport.fr\/blog\/del-anthony-rech-et-wolfsbourg-s-ouvrent-les-portes-de-la-finale\/#respond\"]}],\"copyrightYear\":\"2021\",\"copyrightHolder\":{\"@id\":\"https:\/\/dicodusport.fr\/blog\/#organization\"}},{\"@type\":\"WebPage\",\"@id\":\"https:\/\/dicodusport.fr\/blog\/del-anthony-rech-et-wolfsbourg-s-ouvrent-les-portes-de-la-finale\/\",\"url\":\"https:\/\/dicodusport.fr\/blog\/del-anthony-rech-et-wolfsbourg-s-ouvrent-les-portes-de-la-finale\/\",\"name\":\"DEL\u00a0: Anthony Rech et Wolfsbourg s\u2019ouvrent les portes de la finale\",\"isPartOf\":{\"@id\":\"https:\/\/dicodusport.fr\/blog\/#website\"},\"primaryImageOfPage\":{\"@id\":\"https:\/\/dicodusport.fr\/blog\/del-anthony-rech-et-wolfsbourg-s-ouvrent-les-portes-de-la-finale\/#primaryimage\"},\"image\":{\"@id\":\"https:\/\/dicodusport.fr\/blog\/del-anthony-rech-et-wolfsbourg-s-ouvrent-les-portes-de-la-finale\/#primaryimage\"},\"thumbnailUrl\":\"https:\/\/dicodusport.fr\/blog\/wp-content\/uploads\/2021\/05\/DEL-Anthony-Rech-et-Wolfsbourg-souvrent-les-portes-de-la-finale.png\",\"datePublished\":\"2021-05-01T11:04:02+00:00\",\"dateModified\":\"2021-05-01T12:28:46+00:00\",\"description\":\"HOCKEY SUR GLACE - En grande forme ces derni\u00e8re semaines, Anthony Rech joue un r\u00f4le important dans le succ\u00e8s des Grizzlys en DEL.\",\"breadcrumb\":{\"@id\":\"https:\/\/dicodusport.fr\/blog\/del-anthony-rech-et-wolfsbourg-s-ouvrent-les-portes-de-la-finale\/#breadcrumb\"},\"inLanguage\":\"fr-FR\",\"potentialAction\":[{\"@type\":\"ReadAction\",\"target\":[\"https:\/\/dicodusport.fr\/blog\/del-anthony-rech-et-wolfsbourg-s-ouvrent-les-portes-de-la-finale\/\"]}]},{\"@type\":\"ImageObject\",\"inLanguage\":\"fr-FR\",\"@id\":\"https:\/\/dicodusport.fr\/blog\/del-anthony-rech-et-wolfsbourg-s-ouvrent-les-portes-de-la-finale\/#primaryimage\",\"url\":\"https:\/\/dicodusport.fr\/blog\/wp-content\/uploads\/2021\/05\/DEL-Anthony-Rech-et-Wolfsbourg-souvrent-les-portes-de-la-finale.png\",\"contentUrl\":\"https:\/\/dicodusport.fr\/blog\/wp-content\/uploads\/2021\/05\/DEL-Anthony-Rech-et-Wolfsbourg-souvrent-les-portes-de-la-finale.png\",\"width\":800,\"height\":445,\"caption\":\"DEL\u00a0- Anthony Rech et Wolfsbourg s\u2019ouvrent les portes de la finale\"},{\"@type\":\"BreadcrumbList\",\"@id\":\"https:\/\/dicodusport.fr\/blog\/del-anthony-rech-et-wolfsbourg-s-ouvrent-les-portes-de-la-finale\/#breadcrumb\",\"itemListElement\":[{\"@type\":\"ListItem\",\"position\":1,\"name\":\"Accueil\",\"item\":\"https:\/\/dicodusport.fr\/blog\/\"},{\"@type\":\"ListItem\",\"position\":2,\"name\":\"DEL\u00a0: Anthony Rech et Wolfsbourg s\u2019ouvrent les portes de la finale\"}]},{\"@type\":\"WebSite\",\"@id\":\"https:\/\/dicodusport.fr\/blog\/#website\",\"url\":\"https:\/\/dicodusport.fr\/blog\/\",\"name\":\"Dicodusport\",\"description\":\"L&#039;encyclop\u00e9die de l&#039;actualit\u00e9 sportive\",\"publisher\":{\"@id\":\"https:\/\/dicodusport.fr\/blog\/#organization\"},\"potentialAction\":[{\"@type\":\"SearchAction\",\"target\":{\"@type\":\"EntryPoint\",\"urlTemplate\":\"https:\/\/dicodusport.fr\/blog\/?s={search_term_string}\"},\"query-input\":{\"@type\":\"PropertyValueSpecification\",\"valueRequired\":true,\"valueName\":\"search_term_string\"}}],\"inLanguage\":\"fr-FR\"},{\"@type\":\"NewsMediaOrganization\",\"@id\":\"https:\/\/dicodusport.fr\/blog\/#organization\",\"name\":\"Dicodusport\",\"url\":\"https:\/\/dicodusport.fr\/blog\/\",\"logo\":{\"@type\":\"ImageObject\",\"inLanguage\":\"fr-FR\",\"@id\":\"https:\/\/dicodusport.fr\/blog\/#\/schema\/logo\/image\/\",\"url\":\"https:\/\/dicodusport.fr\/blog\/wp-content\/uploads\/2020\/06\/cropped-LOGO-DICODUSPORT-2020-SANS-FOND-SANS-TEXTE.png\",\"contentUrl\":\"https:\/\/dicodusport.fr\/blog\/wp-content\/uploads\/2020\/06\/cropped-LOGO-DICODUSPORT-2020-SANS-FOND-SANS-TEXTE.png\",\"width\":512,\"height\":512,\"caption\":\"Dicodusport\"},\"image\":{\"@id\":\"https:\/\/dicodusport.fr\/blog\/#\/schema\/logo\/image\/\"},\"sameAs\":[\"https:\/\/www.facebook.com\/dicodusport\",\"https:\/\/x.com\/dicodusport\",\"https:\/\/www.instagram.com\/dicodusport\/\",\"https:\/\/www.youtube.com\/channel\/UC7V2KZ5sd3htJivAbA4ZG3w\"],\"description\":\"Dicodusport est l'encyclop\u00e9die de l'actualit\u00e9 sportive.\",\"email\":\"bonjour@dicodusport.fr\",\"legalName\":\"DICODUSPORT\",\"foundingDate\":\"2018-01-14\",\"vatID\":\"FR71834470973\",\"taxID\":\"83447097300043\",\"numberOfEmployees\":{\"@type\":\"QuantitativeValue\",\"minValue\":\"1\",\"maxValue\":\"10\"}},{\"@type\":\"Person\",\"@id\":\"https:\/\/dicodusport.fr\/blog\/#\/schema\/person\/37def232098a7a5cbab3974a3690abb0\",\"name\":\"Maxime Cazenave\",\"image\":{\"@type\":\"ImageObject\",\"inLanguage\":\"fr-FR\",\"@id\":\"https:\/\/dicodusport.fr\/blog\/#\/schema\/person\/image\/\",\"url\":\"https:\/\/dicodusport.fr\/blog\/wp-content\/uploads\/2021\/05\/Maxime-Cazenave-150x150.jpg\",\"contentUrl\":\"https:\/\/dicodusport.fr\/blog\/wp-content\/uploads\/2021\/05\/Maxime-Cazenave-150x150.jpg\",\"caption\":\"Maxime Cazenave\"},\"description\":\"Journaliste\/R\u00e9dacteur depuis 2012 - Berc\u00e9 par l\u2019amour des Girondins de Bordeaux, les \u00e9checs de Christophe Moreau sur le Tour de France sous l'\u00e8re Lance Armstrong et le fade-away l\u00e9tal de Dirk Nowitzki, ma passion d\u00e9vorante pour le sport a toujours \u00e9t\u00e9 un pan incontournable de ma vie. Transmettre ma passion \u00e0 l\u2019\u00e9crit a \u00e9t\u00e9 une transition naturelle. Suiveur assidu de basket et de hockey sur glace, je garde toujours un peu de place pour suivre le cyclisme, le football et le maximum de performances fran\u00e7aises.\",\"sameAs\":[\"https:\/\/x.com\/https:\/\/twitter.com\/Maxime_Caze\"],\"url\":\"https:\/\/dicodusport.fr\/blog\/author\/maximec\/\"}]}<\/script>\n<!-- \/ Yoast SEO Premium plugin. -->","yoast_head_json":{"title":"DEL\u00a0: Anthony Rech et Wolfsbourg s\u2019ouvrent les portes de la finale","description":"HOCKEY SUR GLACE - En grande forme ces derni\u00e8re semaines, Anthony Rech joue un r\u00f4le important dans le succ\u00e8s des Grizzlys en DEL.","robots":{"index":"index","follow":"follow","max-snippet":"max-snippet:-1","max-image-preview":"max-image-preview:large","max-video-preview":"max-video-preview:-1"},"canonical":"https:\/\/dicodusport.fr\/blog\/del-anthony-rech-et-wolfsbourg-s-ouvrent-les-portes-de-la-finale\/","og_locale":"fr_FR","og_type":"article","og_title":"DEL\u00a0: Anthony Rech et Wolfsbourg s\u2019ouvrent les portes de la finale","og_description":"HOCKEY SUR GLACE - En grande forme ces derni\u00e8re semaines, Anthony Rech joue un r\u00f4le important dans le succ\u00e8s des Grizzlys en DEL.","og_url":"https:\/\/dicodusport.fr\/blog\/del-anthony-rech-et-wolfsbourg-s-ouvrent-les-portes-de-la-finale\/","og_site_name":"Dicodusport","article_publisher":"https:\/\/www.facebook.com\/dicodusport","article_published_time":"2021-05-01T11:04:02+00:00","article_modified_time":"2021-05-01T12:28:46+00:00","og_image":[{"width":800,"height":445,"url":"https:\/\/dicodusport.fr\/blog\/wp-content\/uploads\/2021\/05\/DEL-Anthony-Rech-et-Wolfsbourg-souvrent-les-portes-de-la-finale.png","type":"image\/png"}],"author":"Maxime Cazenave","twitter_card":"summary_large_image","twitter_title":"DEL\u00a0: Anthony Rech et Wolfsbourg s\u2019ouvrent les portes de la finale","twitter_creator":"@https:\/\/twitter.com\/Maxime_Caze","twitter_site":"@dicodusport","schema":{"@context":"https:\/\/schema.org","@graph":[{"@type":"NewsArticle","@id":"https:\/\/dicodusport.fr\/blog\/del-anthony-rech-et-wolfsbourg-s-ouvrent-les-portes-de-la-finale\/#article","isPartOf":{"@id":"https:\/\/dicodusport.fr\/blog\/del-anthony-rech-et-wolfsbourg-s-ouvrent-les-portes-de-la-finale\/"},"author":{"name":"Maxime Cazenave","@id":"https:\/\/dicodusport.fr\/blog\/#\/schema\/person\/37def232098a7a5cbab3974a3690abb0"},"headline":"DEL\u00a0: Anthony Rech et Wolfsbourg s\u2019ouvrent les portes de la finale","datePublished":"2021-05-01T11:04:02+00:00","dateModified":"2021-05-01T12:28:46+00:00","mainEntityOfPage":{"@id":"https:\/\/dicodusport.fr\/blog\/del-anthony-rech-et-wolfsbourg-s-ouvrent-les-portes-de-la-finale\/"},"wordCount":416,"commentCount":1,"publisher":{"@id":"https:\/\/dicodusport.fr\/blog\/#organization"},"image":{"@id":"https:\/\/dicodusport.fr\/blog\/del-anthony-rech-et-wolfsbourg-s-ouvrent-les-portes-de-la-finale\/#primaryimage"},"thumbnailUrl":"https:\/\/dicodusport.fr\/blog\/wp-content\/uploads\/2021\/05\/DEL-Anthony-Rech-et-Wolfsbourg-souvrent-les-portes-de-la-finale.png","keywords":["Anthony Rech","DEL","sport"],"articleSection":["Hockey sur glace"],"inLanguage":"fr-FR","potentialAction":[{"@type":"CommentAction","name":"Comment","target":["https:\/\/dicodusport.fr\/blog\/del-anthony-rech-et-wolfsbourg-s-ouvrent-les-portes-de-la-finale\/#respond"]}],"copyrightYear":"2021","copyrightHolder":{"@id":"https:\/\/dicodusport.fr\/blog\/#organization"}},{"@type":"WebPage","@id":"https:\/\/dicodusport.fr\/blog\/del-anthony-rech-et-wolfsbourg-s-ouvrent-les-portes-de-la-finale\/","url":"https:\/\/dicodusport.fr\/blog\/del-anthony-rech-et-wolfsbourg-s-ouvrent-les-portes-de-la-finale\/","name":"DEL\u00a0: Anthony Rech et Wolfsbourg s\u2019ouvrent les portes de la finale","isPartOf":{"@id":"https:\/\/dicodusport.fr\/blog\/#website"},"primaryImageOfPage":{"@id":"https:\/\/dicodusport.fr\/blog\/del-anthony-rech-et-wolfsbourg-s-ouvrent-les-portes-de-la-finale\/#primaryimage"},"image":{"@id":"https:\/\/dicodusport.fr\/blog\/del-anthony-rech-et-wolfsbourg-s-ouvrent-les-portes-de-la-finale\/#primaryimage"},"thumbnailUrl":"https:\/\/dicodusport.fr\/blog\/wp-content\/uploads\/2021\/05\/DEL-Anthony-Rech-et-Wolfsbourg-souvrent-les-portes-de-la-finale.png","datePublished":"2021-05-01T11:04:02+00:00","dateModified":"2021-05-01T12:28:46+00:00","description":"HOCKEY SUR GLACE - En grande forme ces derni\u00e8re semaines, Anthony Rech joue un r\u00f4le important dans le succ\u00e8s des Grizzlys en DEL.","breadcrumb":{"@id":"https:\/\/dicodusport.fr\/blog\/del-anthony-rech-et-wolfsbourg-s-ouvrent-les-portes-de-la-finale\/#breadcrumb"},"inLanguage":"fr-FR","potentialAction":[{"@type":"ReadAction","target":["https:\/\/dicodusport.fr\/blog\/del-anthony-rech-et-wolfsbourg-s-ouvrent-les-portes-de-la-finale\/"]}]},{"@type":"ImageObject","inLanguage":"fr-FR","@id":"https:\/\/dicodusport.fr\/blog\/del-anthony-rech-et-wolfsbourg-s-ouvrent-les-portes-de-la-finale\/#primaryimage","url":"https:\/\/dicodusport.fr\/blog\/wp-content\/uploads\/2021\/05\/DEL-Anthony-Rech-et-Wolfsbourg-souvrent-les-portes-de-la-finale.png","contentUrl":"https:\/\/dicodusport.fr\/blog\/wp-content\/uploads\/2021\/05\/DEL-Anthony-Rech-et-Wolfsbourg-souvrent-les-portes-de-la-finale.png","width":800,"height":445,"caption":"DEL\u00a0- Anthony Rech et Wolfsbourg s\u2019ouvrent les portes de la finale"},{"@type":"BreadcrumbList","@id":"https:\/\/dicodusport.fr\/blog\/del-anthony-rech-et-wolfsbourg-s-ouvrent-les-portes-de-la-finale\/#breadcrumb","itemListElement":[{"@type":"ListItem","position":1,"name":"Accueil","item":"https:\/\/dicodusport.fr\/blog\/"},{"@type":"ListItem","position":2,"name":"DEL\u00a0: Anthony Rech et Wolfsbourg s\u2019ouvrent les portes de la finale"}]},{"@type":"WebSite","@id":"https:\/\/dicodusport.fr\/blog\/#website","url":"https:\/\/dicodusport.fr\/blog\/","name":"Dicodusport","description":"L&#039;encyclop\u00e9die de l&#039;actualit\u00e9 sportive","publisher":{"@id":"https:\/\/dicodusport.fr\/blog\/#organization"},"potentialAction":[{"@type":"SearchAction","target":{"@type":"EntryPoint","urlTemplate":"https:\/\/dicodusport.fr\/blog\/?s={search_term_string}"},"query-input":{"@type":"PropertyValueSpecification","valueRequired":true,"valueName":"search_term_string"}}],"inLanguage":"fr-FR"},{"@type":"NewsMediaOrganization","@id":"https:\/\/dicodusport.fr\/blog\/#organization","name":"Dicodusport","url":"https:\/\/dicodusport.fr\/blog\/","logo":{"@type":"ImageObject","inLanguage":"fr-FR","@id":"https:\/\/dicodusport.fr\/blog\/#\/schema\/logo\/image\/","url":"https:\/\/dicodusport.fr\/blog\/wp-content\/uploads\/2020\/06\/cropped-LOGO-DICODUSPORT-2020-SANS-FOND-SANS-TEXTE.png","contentUrl":"https:\/\/dicodusport.fr\/blog\/wp-content\/uploads\/2020\/06\/cropped-LOGO-DICODUSPORT-2020-SANS-FOND-SANS-TEXTE.png","width":512,"height":512,"caption":"Dicodusport"},"image":{"@id":"https:\/\/dicodusport.fr\/blog\/#\/schema\/logo\/image\/"},"sameAs":["https:\/\/www.facebook.com\/dicodusport","https:\/\/x.com\/dicodusport","https:\/\/www.instagram.com\/dicodusport\/","https:\/\/www.youtube.com\/channel\/UC7V2KZ5sd3htJivAbA4ZG3w"],"description":"Dicodusport est l'encyclop\u00e9die de l'actualit\u00e9 sportive.","email":"bonjour@dicodusport.fr","legalName":"DICODUSPORT","foundingDate":"2018-01-14","vatID":"FR71834470973","taxID":"83447097300043","numberOfEmployees":{"@type":"QuantitativeValue","minValue":"1","maxValue":"10"}},{"@type":"Person","@id":"https:\/\/dicodusport.fr\/blog\/#\/schema\/person\/37def232098a7a5cbab3974a3690abb0","name":"Maxime Cazenave","image":{"@type":"ImageObject","inLanguage":"fr-FR","@id":"https:\/\/dicodusport.fr\/blog\/#\/schema\/person\/image\/","url":"https:\/\/dicodusport.fr\/blog\/wp-content\/uploads\/2021\/05\/Maxime-Cazenave-150x150.jpg","contentUrl":"https:\/\/dicodusport.fr\/blog\/wp-content\/uploads\/2021\/05\/Maxime-Cazenave-150x150.jpg","caption":"Maxime Cazenave"},"description":"Journaliste\/R\u00e9dacteur depuis 2012 - Berc\u00e9 par l\u2019amour des Girondins de Bordeaux, les \u00e9checs de Christophe Moreau sur le Tour de France sous l'\u00e8re Lance Armstrong et le fade-away l\u00e9tal de Dirk Nowitzki, ma passion d\u00e9vorante pour le sport a toujours \u00e9t\u00e9 un pan incontournable de ma vie. Transmettre ma passion \u00e0 l\u2019\u00e9crit a \u00e9t\u00e9 une transition naturelle. Suiveur assidu de basket et de hockey sur glace, je garde toujours un peu de place pour suivre le cyclisme, le football et le maximum de performances fran\u00e7aises.","sameAs":["https:\/\/x.com\/https:\/\/twitter.com\/Maxime_Caze"],"url":"https:\/\/dicodusport.fr\/blog\/author\/maximec\/"}]}},"_links":{"self":[{"href":"https:\/\/dicodusport.fr\/blog\/wp-json\/wp\/v2\/posts\/126030","targetHints":{"allow":["GET"]}}],"collection":[{"href":"https:\/\/dicodusport.fr\/blog\/wp-json\/wp\/v2\/posts"}],"about":[{"href":"https:\/\/dicodusport.fr\/blog\/wp-json\/wp\/v2\/types\/post"}],"author":[{"embeddable":true,"href":"https:\/\/dicodusport.fr\/blog\/wp-json\/wp\/v2\/users\/55"}],"replies":[{"embeddable":true,"href":"https:\/\/dicodusport.fr\/blog\/wp-json\/wp\/v2\/comments?post=126030"}],"version-history":[{"count":0,"href":"https:\/\/dicodusport.fr\/blog\/wp-json\/wp\/v2\/posts\/126030\/revisions"}],"wp:featuredmedia":[{"embeddable":true,"href":"https:\/\/dicodusport.fr\/blog\/wp-json\/wp\/v2\/media\/126052"}],"wp:attachment":[{"href":"https:\/\/dicodusport.fr\/blog\/wp-json\/wp\/v2\/media?parent=126030"}],"wp:term":[{"taxonomy":"category","embeddable":true,"href":"https:\/\/dicodusport.fr\/blog\/wp-json\/wp\/v2\/categories?post=126030"},{"taxonomy":"post_tag","embeddable":true,"href":"https:\/\/dicodusport.fr\/blog\/wp-json\/wp\/v2\/tags?post=126030"}],"curies":[{"name":"wp","href":"https:\/\/api.w.org\/{rel}","templated":true}]}}