{"id":126120,"date":"2021-05-01T16:08:51","date_gmt":"2021-05-01T14:08:51","guid":{"rendered":"https:\/\/dicodusport.fr\/blog\/?p=126120"},"modified":"2021-05-01T16:27:47","modified_gmt":"2021-05-01T14:27:47","slug":"jeep-elite-j33-le-portel-vole-en-eclats-sur-le-parquet-de-la-jl-bourg","status":"publish","type":"post","link":"https:\/\/dicodusport.fr\/blog\/jeep-elite-j33-le-portel-vole-en-eclats-sur-le-parquet-de-la-jl-bourg\/","title":{"rendered":"Jeep Elite &#8211; J33 : Le Portel vole en \u00e9clats sur le parquet de la JL Bourg"},"content":{"rendered":"<p align=\"justify\"><i><b>Tous deux battus en d\u00e9but de semaine, la JL Bourg et Le Portel se retrouvaient ce samedi avec la volont\u00e9 de relancer la machine. <\/b><\/i><i><b>Derri\u00e8re un duo Andjusic-Peacock impliqu\u00e9, et une attaque tr\u00e8s bien articul\u00e9e, la JLN n\u2019a fait qu\u2019une bouch\u00e9e d&rsquo;un Portel d\u00e9cevant, 101-72.<\/b><\/i><\/p>\n<p align=\"justify\">En d\u00e9placement sur le parquet d\u2019une JBL bien install\u00e9e en premi\u00e8re partie de tableau, <strong>Le Portel<\/strong> devait faire un exploit afin de ne pas repartir bredouille de l\u2019Ain. Malgr\u00e9 l\u2019absence de <strong>Zak White<\/strong> \u00e0 la m\u00e8ne, le 6\u00e8me du classement s\u2019avan\u00e7ait en favori l\u00e9gitime.<\/p>\n<h2 style=\"text-align: justify;\" align=\"justify\"><b>Le Portel r\u00e9agit mais ne tient pas la distance<\/b><\/h2>\n<p align=\"justify\">Le d\u00e9but de rencontre est tr\u00e8s hach\u00e9 et Le Portel ne parvient pas \u00e0 mettre en place sa d\u00e9fense, rapidement g\u00ean\u00e9 par trop de fautes. Dans les pas d\u2019un Zachery Peacock auteur de 9 points mais \u00e9galement d\u2019un Omic \u00e0 7 points et 6 rebonds dans les sept premi\u00e8res minutes, la JLB prend rapidement le large, 21-9. Cependant, malgr\u00e9 ses difficult\u00e9s \u00e0 l\u2019ext\u00e9rieur cette saison, <strong>Le Portel<\/strong> parvient \u00e0 grignoter \u00e0 l\u2019ouverture des bancs pour se maintenir dans la partie, recollant m\u00eame \u00e0 un petit point suite \u00e0 une banderille de Wojciechowski (8 points).<\/p>\n<p align=\"justify\">Mais la JLB n\u2019est pas favorite pour rien et se remet en marche. Toujours diablement efficace, Danilo Andjusic (18 points en premi\u00e8re mi-temps) prend les manettes en attaque afin de recr\u00e9er un \u00e9cart important en l\u2019espace de quelques minutes, profitant des grossi\u00e8res erreurs adverses. En difficult\u00e9 d\u00e9fensivement, Le Portel repart aux vestiaires avec un d\u00e9ficit de 13 points (51-38) logique.<\/p>\n<h2 style=\"text-align: justify;\" align=\"justify\"><b>Une nouvelle mixtape offensive pour Andusic<\/b><\/h2>\n<p align=\"justify\">De retour sur son parquet, la JBL ne perd pas son contr\u00f4le sur la partie et continue \u00e0 malmener un Portel en grande souffrance, et qui encha\u00eene les oublis d\u00e9fensifs face \u00e0 une attaque bien articul\u00e9e autour de son trio fort Andjusic-Peacock-Omic. La barre des 20 points est de nouveau d\u00e9pass\u00e9e et le club nordiste s\u2019accroche \u00e0 un mince espoir derri\u00e8re Charles Abouo (16 points) alors que McIntosh passe lui au travers de son match (11 points).<\/p>\n<p align=\"justify\">D\u00e9j\u00e0 priv\u00e9 de White, Bourg perd alors \u00e9galement sur blessure Miller-McIntyre, se retrouvant d\u00e9plum\u00e9 \u00e0 la m\u00e8ne avec seul le jeune Benitez comme poste 1 de m\u00e9tier. Cela n\u2019emp\u00eache les Bressans de bien ex\u00e9cuter afin de maintenir un \u00e9cart consid\u00e9rable. Intenables, Andjusic (25 points, 5 rebonds) et Peacock (20 points \u00e0 7\/8 au tir, 5 rebonds) leur permettent de vivre une fin du match plut\u00f4t tranquille tandis que Omic s\u2019assure un joli double-double (14 points, 10 rebonds).<\/p>\n<p align=\"justify\">Fragile d\u00e9fensivement, Le Portel se d\u00e9sunit totalement en fin de partie, ce qui permet au jeune Hugo Benitez (13 points) de se montrer alors que le score se creuse inexorablement. Vainqueur 101-72, la JBL renforce sa 6<sup>e<\/sup> place avec ce troisi\u00e8me succ\u00e8s de rang alors que Le Portel doute de nouveau avec cette grosse d\u00e9faite g\u00eanante.<\/p>\n<blockquote class=\"twitter-tweet\">\n<p dir=\"ltr\" lang=\"fr\">Ma\u00eetrise totale pour Bourg-en-Bresse qui encha\u00eene avec une 3\u00e8me victoire de suite \u00e0 domicile. &#x2705;<a href=\"https:\/\/twitter.com\/hashtag\/JeepELITE?src=hash&amp;ref_src=twsrc%5Etfw\">#JeepELITE<\/a> <a href=\"https:\/\/t.co\/QSavfUctvx\">pic.twitter.com\/QSavfUctvx<\/a><\/p>\n<p>\u2014 LNB (@LNBofficiel) <a href=\"https:\/\/twitter.com\/LNBofficiel\/status\/1388488106148601859?ref_src=twsrc%5Etfw\">May 1, 2021<\/a><\/p><\/blockquote>\n<p><script async src=\"https:\/\/platform.twitter.com\/widgets.js\" charset=\"utf-8\"><\/script><\/p>\n","protected":false},"excerpt":{"rendered":"<p>Tous deux battus en d\u00e9but de semaine, la JL Bourg et Le Portel se retrouvaient ce samedi avec la volont\u00e9 de relancer la machine. Derri\u00e8re un duo Andjusic-Peacock impliqu\u00e9, et une attaque tr\u00e8s bien articul\u00e9e, la JLN n\u2019a fait qu\u2019une bouch\u00e9e d&rsquo;un Portel d\u00e9cevant, 101-72.<\/p>\n","protected":false},"author":55,"featured_media":126141,"comment_status":"open","ping_status":"closed","sticky":false,"template":"","format":"standard","meta":{"_acf_changed":false,"_daextam_enable_autolinks":"","footnotes":""},"categories":[2305],"tags":[8271,7809,16354],"class_list":["post-126120","post","type-post","status-publish","format-standard","has-post-thumbnail","hentry","category-basket-ball","tag-jeep-elite","tag-jl-bourg","tag-le-portel"],"acf":[],"yoast_head":"<!-- This site is optimized with the Yoast SEO Premium plugin v26.7 (Yoast SEO v26.7) - https:\/\/yoast.com\/wordpress\/plugins\/seo\/ -->\n<title>Jeep Elite - J33 : Le Portel vole en \u00e9clats sur le parquet de la JL Bourg<\/title>\n<meta name=\"description\" content=\"A l&#039;occasion de la 33e journ\u00e9e de Jeep Elite, la JL Bourg n&#039;a fait qu&#039;une bouch\u00e9e du Portel, l&#039;emportant de 29 points, 101-72.\" \/>\n<meta name=\"robots\" content=\"index, follow, max-snippet:-1, max-image-preview:large, max-video-preview:-1\" \/>\n<link rel=\"canonical\" href=\"https:\/\/dicodusport.fr\/blog\/jeep-elite-j33-le-portel-vole-en-eclats-sur-le-parquet-de-la-jl-bourg\/\" \/>\n<meta property=\"og:locale\" content=\"fr_FR\" \/>\n<meta property=\"og:type\" content=\"article\" \/>\n<meta property=\"og:title\" content=\"Jeep Elite - J33 : Le Portel vole en \u00e9clats sur le parquet de la JL Bourg\" \/>\n<meta property=\"og:description\" content=\"A l&#039;occasion de la 33e journ\u00e9e de Jeep Elite, la JL Bourg n&#039;a fait qu&#039;une bouch\u00e9e du Portel, l&#039;emportant de 29 points, 101-72.\" \/>\n<meta property=\"og:url\" content=\"https:\/\/dicodusport.fr\/blog\/jeep-elite-j33-le-portel-vole-en-eclats-sur-le-parquet-de-la-jl-bourg\/\" \/>\n<meta property=\"og:site_name\" content=\"Dicodusport\" \/>\n<meta property=\"article:publisher\" content=\"https:\/\/www.facebook.com\/dicodusport\" \/>\n<meta property=\"article:published_time\" content=\"2021-05-01T14:08:51+00:00\" \/>\n<meta property=\"article:modified_time\" content=\"2021-05-01T14:27:47+00:00\" \/>\n<meta property=\"og:image\" content=\"https:\/\/dicodusport.fr\/blog\/wp-content\/uploads\/2021\/05\/Jeep-Elite-J33-Le-Portel-vole-en-eclats-sur-le-parquet-de-la-JL-Bourg.png\" \/>\n\t<meta property=\"og:image:width\" content=\"800\" \/>\n\t<meta property=\"og:image:height\" content=\"445\" \/>\n\t<meta property=\"og:image:type\" content=\"image\/png\" \/>\n<meta name=\"author\" content=\"Maxime Cazenave\" \/>\n<meta name=\"twitter:card\" content=\"summary_large_image\" \/>\n<meta name=\"twitter:title\" content=\"Jeep Elite - J33 : Le Portel vole en \u00e9clats sur le parquet de la JL Bourg\" \/>\n<meta name=\"twitter:creator\" content=\"@https:\/\/twitter.com\/Maxime_Caze\" \/>\n<meta name=\"twitter:site\" content=\"@dicodusport\" \/>\n<script type=\"application\/ld+json\" class=\"yoast-schema-graph\">{\"@context\":\"https:\/\/schema.org\",\"@graph\":[{\"@type\":\"NewsArticle\",\"@id\":\"https:\/\/dicodusport.fr\/blog\/jeep-elite-j33-le-portel-vole-en-eclats-sur-le-parquet-de-la-jl-bourg\/#article\",\"isPartOf\":{\"@id\":\"https:\/\/dicodusport.fr\/blog\/jeep-elite-j33-le-portel-vole-en-eclats-sur-le-parquet-de-la-jl-bourg\/\"},\"author\":{\"name\":\"Maxime Cazenave\",\"@id\":\"https:\/\/dicodusport.fr\/blog\/#\/schema\/person\/37def232098a7a5cbab3974a3690abb0\"},\"headline\":\"Jeep Elite &#8211; J33 : Le Portel vole en \u00e9clats sur le parquet de la JL Bourg\",\"datePublished\":\"2021-05-01T14:08:51+00:00\",\"dateModified\":\"2021-05-01T14:27:47+00:00\",\"mainEntityOfPage\":{\"@id\":\"https:\/\/dicodusport.fr\/blog\/jeep-elite-j33-le-portel-vole-en-eclats-sur-le-parquet-de-la-jl-bourg\/\"},\"wordCount\":540,\"commentCount\":0,\"publisher\":{\"@id\":\"https:\/\/dicodusport.fr\/blog\/#organization\"},\"image\":{\"@id\":\"https:\/\/dicodusport.fr\/blog\/jeep-elite-j33-le-portel-vole-en-eclats-sur-le-parquet-de-la-jl-bourg\/#primaryimage\"},\"thumbnailUrl\":\"https:\/\/dicodusport.fr\/blog\/wp-content\/uploads\/2021\/05\/Jeep-Elite-J33-Le-Portel-vole-en-eclats-sur-le-parquet-de-la-JL-Bourg.png\",\"keywords\":[\"Jeep Elite\",\"jl bourg\",\"Le Portel\"],\"articleSection\":[\"Basket-ball\"],\"inLanguage\":\"fr-FR\",\"potentialAction\":[{\"@type\":\"CommentAction\",\"name\":\"Comment\",\"target\":[\"https:\/\/dicodusport.fr\/blog\/jeep-elite-j33-le-portel-vole-en-eclats-sur-le-parquet-de-la-jl-bourg\/#respond\"]}],\"copyrightYear\":\"2021\",\"copyrightHolder\":{\"@id\":\"https:\/\/dicodusport.fr\/blog\/#organization\"}},{\"@type\":\"WebPage\",\"@id\":\"https:\/\/dicodusport.fr\/blog\/jeep-elite-j33-le-portel-vole-en-eclats-sur-le-parquet-de-la-jl-bourg\/\",\"url\":\"https:\/\/dicodusport.fr\/blog\/jeep-elite-j33-le-portel-vole-en-eclats-sur-le-parquet-de-la-jl-bourg\/\",\"name\":\"Jeep Elite - J33 : Le Portel vole en \u00e9clats sur le parquet de la JL Bourg\",\"isPartOf\":{\"@id\":\"https:\/\/dicodusport.fr\/blog\/#website\"},\"primaryImageOfPage\":{\"@id\":\"https:\/\/dicodusport.fr\/blog\/jeep-elite-j33-le-portel-vole-en-eclats-sur-le-parquet-de-la-jl-bourg\/#primaryimage\"},\"image\":{\"@id\":\"https:\/\/dicodusport.fr\/blog\/jeep-elite-j33-le-portel-vole-en-eclats-sur-le-parquet-de-la-jl-bourg\/#primaryimage\"},\"thumbnailUrl\":\"https:\/\/dicodusport.fr\/blog\/wp-content\/uploads\/2021\/05\/Jeep-Elite-J33-Le-Portel-vole-en-eclats-sur-le-parquet-de-la-JL-Bourg.png\",\"datePublished\":\"2021-05-01T14:08:51+00:00\",\"dateModified\":\"2021-05-01T14:27:47+00:00\",\"description\":\"A l'occasion de la 33e journ\u00e9e de Jeep Elite, la JL Bourg n'a fait qu'une bouch\u00e9e du Portel, l'emportant de 29 points, 101-72.\",\"breadcrumb\":{\"@id\":\"https:\/\/dicodusport.fr\/blog\/jeep-elite-j33-le-portel-vole-en-eclats-sur-le-parquet-de-la-jl-bourg\/#breadcrumb\"},\"inLanguage\":\"fr-FR\",\"potentialAction\":[{\"@type\":\"ReadAction\",\"target\":[\"https:\/\/dicodusport.fr\/blog\/jeep-elite-j33-le-portel-vole-en-eclats-sur-le-parquet-de-la-jl-bourg\/\"]}]},{\"@type\":\"ImageObject\",\"inLanguage\":\"fr-FR\",\"@id\":\"https:\/\/dicodusport.fr\/blog\/jeep-elite-j33-le-portel-vole-en-eclats-sur-le-parquet-de-la-jl-bourg\/#primaryimage\",\"url\":\"https:\/\/dicodusport.fr\/blog\/wp-content\/uploads\/2021\/05\/Jeep-Elite-J33-Le-Portel-vole-en-eclats-sur-le-parquet-de-la-JL-Bourg.png\",\"contentUrl\":\"https:\/\/dicodusport.fr\/blog\/wp-content\/uploads\/2021\/05\/Jeep-Elite-J33-Le-Portel-vole-en-eclats-sur-le-parquet-de-la-JL-Bourg.png\",\"width\":800,\"height\":445,\"caption\":\"Jeep Elite - J33 : Le Portel vole en \u00e9clats sur le parquet de la JL Bourg\"},{\"@type\":\"BreadcrumbList\",\"@id\":\"https:\/\/dicodusport.fr\/blog\/jeep-elite-j33-le-portel-vole-en-eclats-sur-le-parquet-de-la-jl-bourg\/#breadcrumb\",\"itemListElement\":[{\"@type\":\"ListItem\",\"position\":1,\"name\":\"Accueil\",\"item\":\"https:\/\/dicodusport.fr\/blog\/\"},{\"@type\":\"ListItem\",\"position\":2,\"name\":\"Jeep Elite &#8211; J33 : Le Portel vole en \u00e9clats sur le parquet de la JL Bourg\"}]},{\"@type\":\"WebSite\",\"@id\":\"https:\/\/dicodusport.fr\/blog\/#website\",\"url\":\"https:\/\/dicodusport.fr\/blog\/\",\"name\":\"Dicodusport\",\"description\":\"L&#039;encyclop\u00e9die de l&#039;actualit\u00e9 sportive\",\"publisher\":{\"@id\":\"https:\/\/dicodusport.fr\/blog\/#organization\"},\"potentialAction\":[{\"@type\":\"SearchAction\",\"target\":{\"@type\":\"EntryPoint\",\"urlTemplate\":\"https:\/\/dicodusport.fr\/blog\/?s={search_term_string}\"},\"query-input\":{\"@type\":\"PropertyValueSpecification\",\"valueRequired\":true,\"valueName\":\"search_term_string\"}}],\"inLanguage\":\"fr-FR\"},{\"@type\":\"NewsMediaOrganization\",\"@id\":\"https:\/\/dicodusport.fr\/blog\/#organization\",\"name\":\"Dicodusport\",\"url\":\"https:\/\/dicodusport.fr\/blog\/\",\"logo\":{\"@type\":\"ImageObject\",\"inLanguage\":\"fr-FR\",\"@id\":\"https:\/\/dicodusport.fr\/blog\/#\/schema\/logo\/image\/\",\"url\":\"https:\/\/dicodusport.fr\/blog\/wp-content\/uploads\/2020\/06\/cropped-LOGO-DICODUSPORT-2020-SANS-FOND-SANS-TEXTE.png\",\"contentUrl\":\"https:\/\/dicodusport.fr\/blog\/wp-content\/uploads\/2020\/06\/cropped-LOGO-DICODUSPORT-2020-SANS-FOND-SANS-TEXTE.png\",\"width\":512,\"height\":512,\"caption\":\"Dicodusport\"},\"image\":{\"@id\":\"https:\/\/dicodusport.fr\/blog\/#\/schema\/logo\/image\/\"},\"sameAs\":[\"https:\/\/www.facebook.com\/dicodusport\",\"https:\/\/x.com\/dicodusport\",\"https:\/\/www.instagram.com\/dicodusport\/\",\"https:\/\/www.youtube.com\/channel\/UC7V2KZ5sd3htJivAbA4ZG3w\"],\"description\":\"Dicodusport est l'encyclop\u00e9die de l'actualit\u00e9 sportive.\",\"email\":\"bonjour@dicodusport.fr\",\"legalName\":\"DICODUSPORT\",\"foundingDate\":\"2018-01-14\",\"vatID\":\"FR71834470973\",\"taxID\":\"83447097300043\",\"numberOfEmployees\":{\"@type\":\"QuantitativeValue\",\"minValue\":\"1\",\"maxValue\":\"10\"}},{\"@type\":\"Person\",\"@id\":\"https:\/\/dicodusport.fr\/blog\/#\/schema\/person\/37def232098a7a5cbab3974a3690abb0\",\"name\":\"Maxime Cazenave\",\"image\":{\"@type\":\"ImageObject\",\"inLanguage\":\"fr-FR\",\"@id\":\"https:\/\/dicodusport.fr\/blog\/#\/schema\/person\/image\/\",\"url\":\"https:\/\/dicodusport.fr\/blog\/wp-content\/uploads\/2021\/05\/Maxime-Cazenave-150x150.jpg\",\"contentUrl\":\"https:\/\/dicodusport.fr\/blog\/wp-content\/uploads\/2021\/05\/Maxime-Cazenave-150x150.jpg\",\"caption\":\"Maxime Cazenave\"},\"description\":\"Journaliste\/R\u00e9dacteur depuis 2012 - Berc\u00e9 par l\u2019amour des Girondins de Bordeaux, les \u00e9checs de Christophe Moreau sur le Tour de France sous l'\u00e8re Lance Armstrong et le fade-away l\u00e9tal de Dirk Nowitzki, ma passion d\u00e9vorante pour le sport a toujours \u00e9t\u00e9 un pan incontournable de ma vie. Transmettre ma passion \u00e0 l\u2019\u00e9crit a \u00e9t\u00e9 une transition naturelle. Suiveur assidu de basket et de hockey sur glace, je garde toujours un peu de place pour suivre le cyclisme, le football et le maximum de performances fran\u00e7aises.\",\"sameAs\":[\"https:\/\/x.com\/https:\/\/twitter.com\/Maxime_Caze\"],\"url\":\"https:\/\/dicodusport.fr\/blog\/author\/maximec\/\"}]}<\/script>\n<!-- \/ Yoast SEO Premium plugin. -->","yoast_head_json":{"title":"Jeep Elite - J33 : Le Portel vole en \u00e9clats sur le parquet de la JL Bourg","description":"A l'occasion de la 33e journ\u00e9e de Jeep Elite, la JL Bourg n'a fait qu'une bouch\u00e9e du Portel, l'emportant de 29 points, 101-72.","robots":{"index":"index","follow":"follow","max-snippet":"max-snippet:-1","max-image-preview":"max-image-preview:large","max-video-preview":"max-video-preview:-1"},"canonical":"https:\/\/dicodusport.fr\/blog\/jeep-elite-j33-le-portel-vole-en-eclats-sur-le-parquet-de-la-jl-bourg\/","og_locale":"fr_FR","og_type":"article","og_title":"Jeep Elite - J33 : Le Portel vole en \u00e9clats sur le parquet de la JL Bourg","og_description":"A l'occasion de la 33e journ\u00e9e de Jeep Elite, la JL Bourg n'a fait qu'une bouch\u00e9e du Portel, l'emportant de 29 points, 101-72.","og_url":"https:\/\/dicodusport.fr\/blog\/jeep-elite-j33-le-portel-vole-en-eclats-sur-le-parquet-de-la-jl-bourg\/","og_site_name":"Dicodusport","article_publisher":"https:\/\/www.facebook.com\/dicodusport","article_published_time":"2021-05-01T14:08:51+00:00","article_modified_time":"2021-05-01T14:27:47+00:00","og_image":[{"width":800,"height":445,"url":"https:\/\/dicodusport.fr\/blog\/wp-content\/uploads\/2021\/05\/Jeep-Elite-J33-Le-Portel-vole-en-eclats-sur-le-parquet-de-la-JL-Bourg.png","type":"image\/png"}],"author":"Maxime Cazenave","twitter_card":"summary_large_image","twitter_title":"Jeep Elite - J33 : Le Portel vole en \u00e9clats sur le parquet de la JL Bourg","twitter_creator":"@https:\/\/twitter.com\/Maxime_Caze","twitter_site":"@dicodusport","schema":{"@context":"https:\/\/schema.org","@graph":[{"@type":"NewsArticle","@id":"https:\/\/dicodusport.fr\/blog\/jeep-elite-j33-le-portel-vole-en-eclats-sur-le-parquet-de-la-jl-bourg\/#article","isPartOf":{"@id":"https:\/\/dicodusport.fr\/blog\/jeep-elite-j33-le-portel-vole-en-eclats-sur-le-parquet-de-la-jl-bourg\/"},"author":{"name":"Maxime Cazenave","@id":"https:\/\/dicodusport.fr\/blog\/#\/schema\/person\/37def232098a7a5cbab3974a3690abb0"},"headline":"Jeep Elite &#8211; J33 : Le Portel vole en \u00e9clats sur le parquet de la JL Bourg","datePublished":"2021-05-01T14:08:51+00:00","dateModified":"2021-05-01T14:27:47+00:00","mainEntityOfPage":{"@id":"https:\/\/dicodusport.fr\/blog\/jeep-elite-j33-le-portel-vole-en-eclats-sur-le-parquet-de-la-jl-bourg\/"},"wordCount":540,"commentCount":0,"publisher":{"@id":"https:\/\/dicodusport.fr\/blog\/#organization"},"image":{"@id":"https:\/\/dicodusport.fr\/blog\/jeep-elite-j33-le-portel-vole-en-eclats-sur-le-parquet-de-la-jl-bourg\/#primaryimage"},"thumbnailUrl":"https:\/\/dicodusport.fr\/blog\/wp-content\/uploads\/2021\/05\/Jeep-Elite-J33-Le-Portel-vole-en-eclats-sur-le-parquet-de-la-JL-Bourg.png","keywords":["Jeep Elite","jl bourg","Le Portel"],"articleSection":["Basket-ball"],"inLanguage":"fr-FR","potentialAction":[{"@type":"CommentAction","name":"Comment","target":["https:\/\/dicodusport.fr\/blog\/jeep-elite-j33-le-portel-vole-en-eclats-sur-le-parquet-de-la-jl-bourg\/#respond"]}],"copyrightYear":"2021","copyrightHolder":{"@id":"https:\/\/dicodusport.fr\/blog\/#organization"}},{"@type":"WebPage","@id":"https:\/\/dicodusport.fr\/blog\/jeep-elite-j33-le-portel-vole-en-eclats-sur-le-parquet-de-la-jl-bourg\/","url":"https:\/\/dicodusport.fr\/blog\/jeep-elite-j33-le-portel-vole-en-eclats-sur-le-parquet-de-la-jl-bourg\/","name":"Jeep Elite - J33 : Le Portel vole en \u00e9clats sur le parquet de la JL Bourg","isPartOf":{"@id":"https:\/\/dicodusport.fr\/blog\/#website"},"primaryImageOfPage":{"@id":"https:\/\/dicodusport.fr\/blog\/jeep-elite-j33-le-portel-vole-en-eclats-sur-le-parquet-de-la-jl-bourg\/#primaryimage"},"image":{"@id":"https:\/\/dicodusport.fr\/blog\/jeep-elite-j33-le-portel-vole-en-eclats-sur-le-parquet-de-la-jl-bourg\/#primaryimage"},"thumbnailUrl":"https:\/\/dicodusport.fr\/blog\/wp-content\/uploads\/2021\/05\/Jeep-Elite-J33-Le-Portel-vole-en-eclats-sur-le-parquet-de-la-JL-Bourg.png","datePublished":"2021-05-01T14:08:51+00:00","dateModified":"2021-05-01T14:27:47+00:00","description":"A l'occasion de la 33e journ\u00e9e de Jeep Elite, la JL Bourg n'a fait qu'une bouch\u00e9e du Portel, l'emportant de 29 points, 101-72.","breadcrumb":{"@id":"https:\/\/dicodusport.fr\/blog\/jeep-elite-j33-le-portel-vole-en-eclats-sur-le-parquet-de-la-jl-bourg\/#breadcrumb"},"inLanguage":"fr-FR","potentialAction":[{"@type":"ReadAction","target":["https:\/\/dicodusport.fr\/blog\/jeep-elite-j33-le-portel-vole-en-eclats-sur-le-parquet-de-la-jl-bourg\/"]}]},{"@type":"ImageObject","inLanguage":"fr-FR","@id":"https:\/\/dicodusport.fr\/blog\/jeep-elite-j33-le-portel-vole-en-eclats-sur-le-parquet-de-la-jl-bourg\/#primaryimage","url":"https:\/\/dicodusport.fr\/blog\/wp-content\/uploads\/2021\/05\/Jeep-Elite-J33-Le-Portel-vole-en-eclats-sur-le-parquet-de-la-JL-Bourg.png","contentUrl":"https:\/\/dicodusport.fr\/blog\/wp-content\/uploads\/2021\/05\/Jeep-Elite-J33-Le-Portel-vole-en-eclats-sur-le-parquet-de-la-JL-Bourg.png","width":800,"height":445,"caption":"Jeep Elite - J33 : Le Portel vole en \u00e9clats sur le parquet de la JL Bourg"},{"@type":"BreadcrumbList","@id":"https:\/\/dicodusport.fr\/blog\/jeep-elite-j33-le-portel-vole-en-eclats-sur-le-parquet-de-la-jl-bourg\/#breadcrumb","itemListElement":[{"@type":"ListItem","position":1,"name":"Accueil","item":"https:\/\/dicodusport.fr\/blog\/"},{"@type":"ListItem","position":2,"name":"Jeep Elite &#8211; J33 : Le Portel vole en \u00e9clats sur le parquet de la JL Bourg"}]},{"@type":"WebSite","@id":"https:\/\/dicodusport.fr\/blog\/#website","url":"https:\/\/dicodusport.fr\/blog\/","name":"Dicodusport","description":"L&#039;encyclop\u00e9die de l&#039;actualit\u00e9 sportive","publisher":{"@id":"https:\/\/dicodusport.fr\/blog\/#organization"},"potentialAction":[{"@type":"SearchAction","target":{"@type":"EntryPoint","urlTemplate":"https:\/\/dicodusport.fr\/blog\/?s={search_term_string}"},"query-input":{"@type":"PropertyValueSpecification","valueRequired":true,"valueName":"search_term_string"}}],"inLanguage":"fr-FR"},{"@type":"NewsMediaOrganization","@id":"https:\/\/dicodusport.fr\/blog\/#organization","name":"Dicodusport","url":"https:\/\/dicodusport.fr\/blog\/","logo":{"@type":"ImageObject","inLanguage":"fr-FR","@id":"https:\/\/dicodusport.fr\/blog\/#\/schema\/logo\/image\/","url":"https:\/\/dicodusport.fr\/blog\/wp-content\/uploads\/2020\/06\/cropped-LOGO-DICODUSPORT-2020-SANS-FOND-SANS-TEXTE.png","contentUrl":"https:\/\/dicodusport.fr\/blog\/wp-content\/uploads\/2020\/06\/cropped-LOGO-DICODUSPORT-2020-SANS-FOND-SANS-TEXTE.png","width":512,"height":512,"caption":"Dicodusport"},"image":{"@id":"https:\/\/dicodusport.fr\/blog\/#\/schema\/logo\/image\/"},"sameAs":["https:\/\/www.facebook.com\/dicodusport","https:\/\/x.com\/dicodusport","https:\/\/www.instagram.com\/dicodusport\/","https:\/\/www.youtube.com\/channel\/UC7V2KZ5sd3htJivAbA4ZG3w"],"description":"Dicodusport est l'encyclop\u00e9die de l'actualit\u00e9 sportive.","email":"bonjour@dicodusport.fr","legalName":"DICODUSPORT","foundingDate":"2018-01-14","vatID":"FR71834470973","taxID":"83447097300043","numberOfEmployees":{"@type":"QuantitativeValue","minValue":"1","maxValue":"10"}},{"@type":"Person","@id":"https:\/\/dicodusport.fr\/blog\/#\/schema\/person\/37def232098a7a5cbab3974a3690abb0","name":"Maxime Cazenave","image":{"@type":"ImageObject","inLanguage":"fr-FR","@id":"https:\/\/dicodusport.fr\/blog\/#\/schema\/person\/image\/","url":"https:\/\/dicodusport.fr\/blog\/wp-content\/uploads\/2021\/05\/Maxime-Cazenave-150x150.jpg","contentUrl":"https:\/\/dicodusport.fr\/blog\/wp-content\/uploads\/2021\/05\/Maxime-Cazenave-150x150.jpg","caption":"Maxime Cazenave"},"description":"Journaliste\/R\u00e9dacteur depuis 2012 - Berc\u00e9 par l\u2019amour des Girondins de Bordeaux, les \u00e9checs de Christophe Moreau sur le Tour de France sous l'\u00e8re Lance Armstrong et le fade-away l\u00e9tal de Dirk Nowitzki, ma passion d\u00e9vorante pour le sport a toujours \u00e9t\u00e9 un pan incontournable de ma vie. Transmettre ma passion \u00e0 l\u2019\u00e9crit a \u00e9t\u00e9 une transition naturelle. Suiveur assidu de basket et de hockey sur glace, je garde toujours un peu de place pour suivre le cyclisme, le football et le maximum de performances fran\u00e7aises.","sameAs":["https:\/\/x.com\/https:\/\/twitter.com\/Maxime_Caze"],"url":"https:\/\/dicodusport.fr\/blog\/author\/maximec\/"}]}},"_links":{"self":[{"href":"https:\/\/dicodusport.fr\/blog\/wp-json\/wp\/v2\/posts\/126120","targetHints":{"allow":["GET"]}}],"collection":[{"href":"https:\/\/dicodusport.fr\/blog\/wp-json\/wp\/v2\/posts"}],"about":[{"href":"https:\/\/dicodusport.fr\/blog\/wp-json\/wp\/v2\/types\/post"}],"author":[{"embeddable":true,"href":"https:\/\/dicodusport.fr\/blog\/wp-json\/wp\/v2\/users\/55"}],"replies":[{"embeddable":true,"href":"https:\/\/dicodusport.fr\/blog\/wp-json\/wp\/v2\/comments?post=126120"}],"version-history":[{"count":0,"href":"https:\/\/dicodusport.fr\/blog\/wp-json\/wp\/v2\/posts\/126120\/revisions"}],"wp:featuredmedia":[{"embeddable":true,"href":"https:\/\/dicodusport.fr\/blog\/wp-json\/wp\/v2\/media\/126141"}],"wp:attachment":[{"href":"https:\/\/dicodusport.fr\/blog\/wp-json\/wp\/v2\/media?parent=126120"}],"wp:term":[{"taxonomy":"category","embeddable":true,"href":"https:\/\/dicodusport.fr\/blog\/wp-json\/wp\/v2\/categories?post=126120"},{"taxonomy":"post_tag","embeddable":true,"href":"https:\/\/dicodusport.fr\/blog\/wp-json\/wp\/v2\/tags?post=126120"}],"curies":[{"name":"wp","href":"https:\/\/api.w.org\/{rel}","templated":true}]}}