{"id":126368,"date":"2021-05-02T15:09:16","date_gmt":"2021-05-02T13:09:16","guid":{"rendered":"https:\/\/dicodusport.fr\/blog\/?p=126368"},"modified":"2021-05-02T18:57:53","modified_gmt":"2021-05-02T16:57:53","slug":"tour-de-romandie-2021-remi-cavagna-remporte-le-chrono-final-thomas-sacre","status":"publish","type":"post","link":"https:\/\/dicodusport.fr\/blog\/tour-de-romandie-2021-remi-cavagna-remporte-le-chrono-final-thomas-sacre\/","title":{"rendered":"Tour de Romandie 2021 : R\u00e9mi Cavagna remporte le chrono final, Thomas sacr\u00e9"},"content":{"rendered":"<p style=\"text-align: justify;\"><em><b><a href=\"https:\/\/dicodusport.fr\/blog\/actualites\/cyclisme\/\">CYCLISME<\/a> &#8211; Le 74e <a href=\"https:\/\/dicodusport.fr\/blog\/tour-de-romandie-2021-parcours-en-detail\/\">Tour de Romandie<\/a> se terminait aujourd&rsquo;hui avec un contre-la-montre individuel \u00e0 Fribourg de 16,2 km. R\u00e9mi Cavagna (Deceuninck Quick-Step) a enfin d\u00e9croch\u00e9 un succ\u00e8s dans la discipline en World Tour. Geraint Thomas (INEOS Grenadiers) est quant \u00e0 lui sacr\u00e9.<\/b><\/em><\/p>\n<h2 style=\"text-align: justify;\">R\u00e9mi Cavagna r\u00e9siste \u00e0 Bissegger<\/h2>\n<p style=\"text-align: justify;\">Largement en t\u00eate au premier temps interm\u00e9diaire avec 17 secondes d&rsquo;avance, <strong>R\u00e9mi Cavagna<\/strong> (Deceuninck Quick-Step) a remport\u00e9 cette \u00e9tape avec le temps de 21:54.79. Le TGV Auvergnat a sign\u00e9 son 6e succ\u00e8s professionnel mais son premier dans le contre-la-montre en World Tour. Avec ce succ\u00e8s, c&rsquo;est le 21\u00e8me bouquet de l&rsquo;ann\u00e9e pour la Deceuninck Quick-Step.<\/p>\n<p style=\"text-align: justify;\">Parti\u00a0 sous le soleil, <a href=\"https:\/\/dicodusport.fr\/blog\/paris-nice-stefan-bissegger-fait-coup-double-sur-chrono-de-la-3eme-etape\/\"><strong>Stefan Bissegger<\/strong> <\/a>(EF Nippo) a \u00e9t\u00e9 longtemps en t\u00eate de ce chrono final en 22:00.61 avant d&rsquo;\u00eatre d\u00e9pass\u00e9 par le champion de France de la discipline pour 5.82. <strong>Cavagna <\/strong>prend ainsi sa revanche sur le rouleur helv\u00e9tique qui l\u2019avait battu pour 8 centi\u00e8mes sur Paris-Nice.<\/p>\n<h2 style=\"text-align: justify;\">Geraint Thomas, le plus fort pour le g\u00e9n\u00e9ral<\/h2>\n<p style=\"text-align: justify;\">Du c\u00f4t\u00e9 de la bataille pour le classement g\u00e9n\u00e9ral, <strong>Geraint Thomas<\/strong> (INEOS Grenadiers) a profit\u00e9 de cette \u00e9preuve chronom\u00e9tr\u00e9e pour prendre largement le meilleur sur le maillot jaune <strong>Michael Woods<\/strong> (Israel Start-Up Nation). Le Gallois a termin\u00e9 3e de l&rsquo;\u00e9tape \u00e0 16.97 de Cavagna.<\/p>\n<p style=\"text-align: justify;\">Puis, <strong>Richie Porte<\/strong> a r\u00e9alis\u00e9 le 5\u00e8me temps, derri\u00e8re le jeune <strong>Ilan van Wilder<\/strong> (DSM). Avec cette performance, l&rsquo;Australien s&rsquo;est empar\u00e9 de la 2\u00e8me place finale du g\u00e9n\u00e9ral \u00e0 28 secondes de Thomas.<\/p>\n<h2 style=\"text-align: justify;\">Excellente performance collective du Wolfpack<\/h2>\n<p style=\"text-align: justify;\">Par la suite, en plus de la victoire d&rsquo;\u00e9tape de Cavagna, deux autres coureurs du Wolfpack ont fait des excellents temps. <strong>Mattia Cattaneo<\/strong> a termin\u00e9 \u00e0 29 secondes de Cavagna. Mais surtout, <strong>Fausto Masnada<\/strong> a fini \u00e0 21 secondes (6e temps du jour), soit 1 seconde plus lent que Porte. Le Transalpin monte ainsi sur la 3e place du podium de ce Tour de Romandie 2021. En 23:05.47, <strong>Michael Woods<\/strong> a d\u00e9gringol\u00e9 \u00e0 la 5\u00e8me place du g\u00e9n\u00e9ral \u00e0 43 secondes.<\/p>\n<blockquote class=\"twitter-tweet\">\n<p dir=\"ltr\" lang=\"fr\">Premi\u00e8re grande victoire pour R\u00e9mi Cavagna dans ce contre-la-montre de la derni\u00e8re \u00e9tape du Tour de Romandie &#x1f1eb;&#x1f1f7;<\/p>\n<p>Malheureux hier, Geraint Thomas remporte le classement g\u00e9n\u00e9ral<\/p>\n<p>Suivez le debrief dans \u00e7a va frotter &gt; <a href=\"https:\/\/t.co\/cDSNvByAEA\">https:\/\/t.co\/cDSNvByAEA<\/a> <a href=\"https:\/\/twitter.com\/hashtag\/lequipeVELO?src=hash&amp;ref_src=twsrc%5Etfw\">#lequipeVELO<\/a> <a href=\"https:\/\/twitter.com\/hashtag\/CaVaFrotter?src=hash&amp;ref_src=twsrc%5Etfw\">#CaVaFrotter<\/a> <a href=\"https:\/\/t.co\/aI1EsNzrYq\">pic.twitter.com\/aI1EsNzrYq<\/a><\/p>\n<p>\u2014 la chaine L&rsquo;\u00c9quipe (@lachainelequipe) <a href=\"https:\/\/twitter.com\/lachainelequipe\/status\/1388843983363842052?ref_src=twsrc%5Etfw\">May 2, 2021<\/a><\/p><\/blockquote>\n<p><script async src=\"https:\/\/platform.twitter.com\/widgets.js\" charset=\"utf-8\"><\/script><\/p>\n<h2 style=\"text-align: justify;\"><strong>\u00c0 lire aussi<\/strong><\/h2>\n<ul>\n<li style=\"text-align: justify;\"><a href=\"https:\/\/dicodusport.fr\/blog\/tour-de-romandie-2021-classement-contre-la-montre-5eme-etape\/\"><strong>Le classement du contre-la-montre de la 5\u00e8me \u00e9tape<\/strong><\/a><\/li>\n<li style=\"text-align: justify;\"><a href=\"https:\/\/dicodusport.fr\/blog\/tour-de-romandie-2021-classement-general\/\"><strong>Le classement g\u00e9n\u00e9ral<\/strong><\/a><\/li>\n<\/ul>\n","protected":false},"excerpt":{"rendered":"<p>CYCLISME &#8211; Le Tour de Romandie se terminait aujourd&rsquo;hui avec un contre-la-montre individuel \u00e0 Fribourg de 16,2 km. R\u00e9mi Cavagna (Deceuninck Quick-Step) a enfin d\u00e9croch\u00e9 un succ\u00e8s dans la discipline en World Tour. Geraint Thomas (INEOS Grenadiers) est quant \u00e0 lui sacr\u00e9.<\/p>\n","protected":false},"author":48,"featured_media":126411,"comment_status":"open","ping_status":"closed","sticky":false,"template":"","format":"standard","meta":{"_acf_changed":false,"_daextam_enable_autolinks":"","footnotes":""},"categories":[2307],"tags":[3119,24,7747],"class_list":["post-126368","post","type-post","status-publish","format-standard","has-post-thumbnail","hentry","category-cyclisme","tag-actualite-cyclisme","tag-sport","tag-tour-de-romandie"],"acf":[],"yoast_head":"<!-- This site is optimized with the Yoast SEO Premium plugin v26.7 (Yoast SEO v26.7) - https:\/\/yoast.com\/wordpress\/plugins\/seo\/ -->\n<title>Tour de Romandie 2021 : R\u00e9mi Cavagna remporte le chrono final, Thomas sacr\u00e9<\/title>\n<meta name=\"description\" content=\"CYCLISME - R\u00e9mi Cavagna (Deceuninck Quick-Step) a d\u00e9croch\u00e9 le chrono final du Tour de Romandie. Geraint Thomas est quant \u00e0 lui sacr\u00e9.\" \/>\n<meta name=\"robots\" content=\"index, follow, max-snippet:-1, max-image-preview:large, max-video-preview:-1\" \/>\n<link rel=\"canonical\" href=\"https:\/\/dicodusport.fr\/blog\/tour-de-romandie-2021-remi-cavagna-remporte-le-chrono-final-thomas-sacre\/\" \/>\n<meta property=\"og:locale\" content=\"fr_FR\" \/>\n<meta property=\"og:type\" content=\"article\" \/>\n<meta property=\"og:title\" content=\"Tour de Romandie 2021 : R\u00e9mi Cavagna remporte le chrono final, Thomas sacr\u00e9\" \/>\n<meta property=\"og:description\" content=\"CYCLISME - R\u00e9mi Cavagna (Deceuninck Quick-Step) a d\u00e9croch\u00e9 le chrono final du Tour de Romandie. Geraint Thomas est quant \u00e0 lui sacr\u00e9.\" \/>\n<meta property=\"og:url\" content=\"https:\/\/dicodusport.fr\/blog\/tour-de-romandie-2021-remi-cavagna-remporte-le-chrono-final-thomas-sacre\/\" \/>\n<meta property=\"og:site_name\" content=\"Dicodusport\" \/>\n<meta property=\"article:publisher\" content=\"https:\/\/www.facebook.com\/dicodusport\" \/>\n<meta property=\"article:author\" content=\"https:\/\/www.facebook.com\/groups\/LesRoisDuPeloton\" \/>\n<meta property=\"article:published_time\" content=\"2021-05-02T13:09:16+00:00\" \/>\n<meta property=\"article:modified_time\" content=\"2021-05-02T16:57:53+00:00\" \/>\n<meta property=\"og:image\" content=\"https:\/\/dicodusport.fr\/blog\/wp-content\/uploads\/2021\/05\/Cyclisme-Tour-de-Romandie-2021-Remi-Cavagna-remporte-le-chrono-final-Thomas-sacre.png\" \/>\n\t<meta property=\"og:image:width\" content=\"800\" \/>\n\t<meta property=\"og:image:height\" content=\"445\" \/>\n\t<meta property=\"og:image:type\" content=\"image\/png\" \/>\n<meta name=\"author\" content=\"Emilien Descampiaux\" \/>\n<meta name=\"twitter:card\" content=\"summary_large_image\" \/>\n<meta name=\"twitter:title\" content=\"Tour de Romandie 2021 : R\u00e9mi Cavagna remporte le chrono final, Thomas sacr\u00e9\" \/>\n<meta name=\"twitter:creator\" content=\"@https:\/\/twitter.com\/LRoisDuPeloton\" \/>\n<meta name=\"twitter:site\" content=\"@dicodusport\" \/>\n<script type=\"application\/ld+json\" class=\"yoast-schema-graph\">{\"@context\":\"https:\/\/schema.org\",\"@graph\":[{\"@type\":\"NewsArticle\",\"@id\":\"https:\/\/dicodusport.fr\/blog\/tour-de-romandie-2021-remi-cavagna-remporte-le-chrono-final-thomas-sacre\/#article\",\"isPartOf\":{\"@id\":\"https:\/\/dicodusport.fr\/blog\/tour-de-romandie-2021-remi-cavagna-remporte-le-chrono-final-thomas-sacre\/\"},\"author\":{\"name\":\"Emilien Descampiaux\",\"@id\":\"https:\/\/dicodusport.fr\/blog\/#\/schema\/person\/6db4bae06b171592211be385b32876a7\"},\"headline\":\"Tour de Romandie 2021 : R\u00e9mi Cavagna remporte le chrono final, Thomas sacr\u00e9\",\"datePublished\":\"2021-05-02T13:09:16+00:00\",\"dateModified\":\"2021-05-02T16:57:53+00:00\",\"mainEntityOfPage\":{\"@id\":\"https:\/\/dicodusport.fr\/blog\/tour-de-romandie-2021-remi-cavagna-remporte-le-chrono-final-thomas-sacre\/\"},\"wordCount\":427,\"commentCount\":0,\"publisher\":{\"@id\":\"https:\/\/dicodusport.fr\/blog\/#organization\"},\"image\":{\"@id\":\"https:\/\/dicodusport.fr\/blog\/tour-de-romandie-2021-remi-cavagna-remporte-le-chrono-final-thomas-sacre\/#primaryimage\"},\"thumbnailUrl\":\"https:\/\/dicodusport.fr\/blog\/wp-content\/uploads\/2021\/05\/Cyclisme-Tour-de-Romandie-2021-Remi-Cavagna-remporte-le-chrono-final-Thomas-sacre.png\",\"keywords\":[\"Actualit\u00e9 Cyclisme\",\"sport\",\"Tour de Romandie\"],\"articleSection\":[\"Cyclisme\"],\"inLanguage\":\"fr-FR\",\"potentialAction\":[{\"@type\":\"CommentAction\",\"name\":\"Comment\",\"target\":[\"https:\/\/dicodusport.fr\/blog\/tour-de-romandie-2021-remi-cavagna-remporte-le-chrono-final-thomas-sacre\/#respond\"]}],\"copyrightYear\":\"2021\",\"copyrightHolder\":{\"@id\":\"https:\/\/dicodusport.fr\/blog\/#organization\"}},{\"@type\":\"WebPage\",\"@id\":\"https:\/\/dicodusport.fr\/blog\/tour-de-romandie-2021-remi-cavagna-remporte-le-chrono-final-thomas-sacre\/\",\"url\":\"https:\/\/dicodusport.fr\/blog\/tour-de-romandie-2021-remi-cavagna-remporte-le-chrono-final-thomas-sacre\/\",\"name\":\"Tour de Romandie 2021 : R\u00e9mi Cavagna remporte le chrono final, Thomas sacr\u00e9\",\"isPartOf\":{\"@id\":\"https:\/\/dicodusport.fr\/blog\/#website\"},\"primaryImageOfPage\":{\"@id\":\"https:\/\/dicodusport.fr\/blog\/tour-de-romandie-2021-remi-cavagna-remporte-le-chrono-final-thomas-sacre\/#primaryimage\"},\"image\":{\"@id\":\"https:\/\/dicodusport.fr\/blog\/tour-de-romandie-2021-remi-cavagna-remporte-le-chrono-final-thomas-sacre\/#primaryimage\"},\"thumbnailUrl\":\"https:\/\/dicodusport.fr\/blog\/wp-content\/uploads\/2021\/05\/Cyclisme-Tour-de-Romandie-2021-Remi-Cavagna-remporte-le-chrono-final-Thomas-sacre.png\",\"datePublished\":\"2021-05-02T13:09:16+00:00\",\"dateModified\":\"2021-05-02T16:57:53+00:00\",\"description\":\"CYCLISME - R\u00e9mi Cavagna (Deceuninck Quick-Step) a d\u00e9croch\u00e9 le chrono final du Tour de Romandie. Geraint Thomas est quant \u00e0 lui sacr\u00e9.\",\"breadcrumb\":{\"@id\":\"https:\/\/dicodusport.fr\/blog\/tour-de-romandie-2021-remi-cavagna-remporte-le-chrono-final-thomas-sacre\/#breadcrumb\"},\"inLanguage\":\"fr-FR\",\"potentialAction\":[{\"@type\":\"ReadAction\",\"target\":[\"https:\/\/dicodusport.fr\/blog\/tour-de-romandie-2021-remi-cavagna-remporte-le-chrono-final-thomas-sacre\/\"]}]},{\"@type\":\"ImageObject\",\"inLanguage\":\"fr-FR\",\"@id\":\"https:\/\/dicodusport.fr\/blog\/tour-de-romandie-2021-remi-cavagna-remporte-le-chrono-final-thomas-sacre\/#primaryimage\",\"url\":\"https:\/\/dicodusport.fr\/blog\/wp-content\/uploads\/2021\/05\/Cyclisme-Tour-de-Romandie-2021-Remi-Cavagna-remporte-le-chrono-final-Thomas-sacre.png\",\"contentUrl\":\"https:\/\/dicodusport.fr\/blog\/wp-content\/uploads\/2021\/05\/Cyclisme-Tour-de-Romandie-2021-Remi-Cavagna-remporte-le-chrono-final-Thomas-sacre.png\",\"width\":800,\"height\":445,\"caption\":\"Tour d'Italie 2021 - 1\u00e8re \u00e9tape (Contre-la-montre) : le parcours en d\u00e9tail\"},{\"@type\":\"BreadcrumbList\",\"@id\":\"https:\/\/dicodusport.fr\/blog\/tour-de-romandie-2021-remi-cavagna-remporte-le-chrono-final-thomas-sacre\/#breadcrumb\",\"itemListElement\":[{\"@type\":\"ListItem\",\"position\":1,\"name\":\"Accueil\",\"item\":\"https:\/\/dicodusport.fr\/blog\/\"},{\"@type\":\"ListItem\",\"position\":2,\"name\":\"Tour de Romandie 2021 : R\u00e9mi Cavagna remporte le chrono final, Thomas sacr\u00e9\"}]},{\"@type\":\"WebSite\",\"@id\":\"https:\/\/dicodusport.fr\/blog\/#website\",\"url\":\"https:\/\/dicodusport.fr\/blog\/\",\"name\":\"Dicodusport\",\"description\":\"L&#039;encyclop\u00e9die de l&#039;actualit\u00e9 sportive\",\"publisher\":{\"@id\":\"https:\/\/dicodusport.fr\/blog\/#organization\"},\"potentialAction\":[{\"@type\":\"SearchAction\",\"target\":{\"@type\":\"EntryPoint\",\"urlTemplate\":\"https:\/\/dicodusport.fr\/blog\/?s={search_term_string}\"},\"query-input\":{\"@type\":\"PropertyValueSpecification\",\"valueRequired\":true,\"valueName\":\"search_term_string\"}}],\"inLanguage\":\"fr-FR\"},{\"@type\":\"NewsMediaOrganization\",\"@id\":\"https:\/\/dicodusport.fr\/blog\/#organization\",\"name\":\"Dicodusport\",\"url\":\"https:\/\/dicodusport.fr\/blog\/\",\"logo\":{\"@type\":\"ImageObject\",\"inLanguage\":\"fr-FR\",\"@id\":\"https:\/\/dicodusport.fr\/blog\/#\/schema\/logo\/image\/\",\"url\":\"https:\/\/dicodusport.fr\/blog\/wp-content\/uploads\/2020\/06\/cropped-LOGO-DICODUSPORT-2020-SANS-FOND-SANS-TEXTE.png\",\"contentUrl\":\"https:\/\/dicodusport.fr\/blog\/wp-content\/uploads\/2020\/06\/cropped-LOGO-DICODUSPORT-2020-SANS-FOND-SANS-TEXTE.png\",\"width\":512,\"height\":512,\"caption\":\"Dicodusport\"},\"image\":{\"@id\":\"https:\/\/dicodusport.fr\/blog\/#\/schema\/logo\/image\/\"},\"sameAs\":[\"https:\/\/www.facebook.com\/dicodusport\",\"https:\/\/x.com\/dicodusport\",\"https:\/\/www.instagram.com\/dicodusport\/\",\"https:\/\/www.youtube.com\/channel\/UC7V2KZ5sd3htJivAbA4ZG3w\"],\"description\":\"Dicodusport est l'encyclop\u00e9die de l'actualit\u00e9 sportive.\",\"email\":\"bonjour@dicodusport.fr\",\"legalName\":\"DICODUSPORT\",\"foundingDate\":\"2018-01-14\",\"vatID\":\"FR71834470973\",\"taxID\":\"83447097300043\",\"numberOfEmployees\":{\"@type\":\"QuantitativeValue\",\"minValue\":\"1\",\"maxValue\":\"10\"}},{\"@type\":\"Person\",\"@id\":\"https:\/\/dicodusport.fr\/blog\/#\/schema\/person\/6db4bae06b171592211be385b32876a7\",\"name\":\"Emilien Descampiaux\",\"image\":{\"@type\":\"ImageObject\",\"inLanguage\":\"fr-FR\",\"@id\":\"https:\/\/dicodusport.fr\/blog\/#\/schema\/person\/image\/\",\"url\":\"https:\/\/dicodusport.fr\/blog\/wp-content\/uploads\/2021\/05\/Emilien-Descampiaux-150x150.jpg\",\"contentUrl\":\"https:\/\/dicodusport.fr\/blog\/wp-content\/uploads\/2021\/05\/Emilien-Descampiaux-150x150.jpg\",\"caption\":\"Emilien Descampiaux\"},\"description\":\"Journaliste\/r\u00e9dacteur depuis 2014 - Fan de la classe de Frank Vandenbroucke, je vis cyclisme (et de ses paysages) depuis plus de 20 ans. Je suis tr\u00e8s impliqu\u00e9 sur mes diff\u00e9rents r\u00e9seaux sociaux pour partager ma passion sur le monde et l'Histoire de la bicyclette avec ma voix sur les images en noir et blanc du succ\u00e8s de Rik Van Steenbergen lors du Ronde sur le V\u00e9lodrome de Gand.\",\"sameAs\":[\"https:\/\/www.facebook.com\/groups\/LesRoisDuPeloton\",\"https:\/\/x.com\/https:\/\/twitter.com\/LRoisDuPeloton\"],\"url\":\"https:\/\/dicodusport.fr\/blog\/author\/emiliend\/\"}]}<\/script>\n<!-- \/ Yoast SEO Premium plugin. -->","yoast_head_json":{"title":"Tour de Romandie 2021 : R\u00e9mi Cavagna remporte le chrono final, Thomas sacr\u00e9","description":"CYCLISME - R\u00e9mi Cavagna (Deceuninck Quick-Step) a d\u00e9croch\u00e9 le chrono final du Tour de Romandie. Geraint Thomas est quant \u00e0 lui sacr\u00e9.","robots":{"index":"index","follow":"follow","max-snippet":"max-snippet:-1","max-image-preview":"max-image-preview:large","max-video-preview":"max-video-preview:-1"},"canonical":"https:\/\/dicodusport.fr\/blog\/tour-de-romandie-2021-remi-cavagna-remporte-le-chrono-final-thomas-sacre\/","og_locale":"fr_FR","og_type":"article","og_title":"Tour de Romandie 2021 : R\u00e9mi Cavagna remporte le chrono final, Thomas sacr\u00e9","og_description":"CYCLISME - R\u00e9mi Cavagna (Deceuninck Quick-Step) a d\u00e9croch\u00e9 le chrono final du Tour de Romandie. Geraint Thomas est quant \u00e0 lui sacr\u00e9.","og_url":"https:\/\/dicodusport.fr\/blog\/tour-de-romandie-2021-remi-cavagna-remporte-le-chrono-final-thomas-sacre\/","og_site_name":"Dicodusport","article_publisher":"https:\/\/www.facebook.com\/dicodusport","article_author":"https:\/\/www.facebook.com\/groups\/LesRoisDuPeloton","article_published_time":"2021-05-02T13:09:16+00:00","article_modified_time":"2021-05-02T16:57:53+00:00","og_image":[{"width":800,"height":445,"url":"https:\/\/dicodusport.fr\/blog\/wp-content\/uploads\/2021\/05\/Cyclisme-Tour-de-Romandie-2021-Remi-Cavagna-remporte-le-chrono-final-Thomas-sacre.png","type":"image\/png"}],"author":"Emilien Descampiaux","twitter_card":"summary_large_image","twitter_title":"Tour de Romandie 2021 : R\u00e9mi Cavagna remporte le chrono final, Thomas sacr\u00e9","twitter_creator":"@https:\/\/twitter.com\/LRoisDuPeloton","twitter_site":"@dicodusport","schema":{"@context":"https:\/\/schema.org","@graph":[{"@type":"NewsArticle","@id":"https:\/\/dicodusport.fr\/blog\/tour-de-romandie-2021-remi-cavagna-remporte-le-chrono-final-thomas-sacre\/#article","isPartOf":{"@id":"https:\/\/dicodusport.fr\/blog\/tour-de-romandie-2021-remi-cavagna-remporte-le-chrono-final-thomas-sacre\/"},"author":{"name":"Emilien Descampiaux","@id":"https:\/\/dicodusport.fr\/blog\/#\/schema\/person\/6db4bae06b171592211be385b32876a7"},"headline":"Tour de Romandie 2021 : R\u00e9mi Cavagna remporte le chrono final, Thomas sacr\u00e9","datePublished":"2021-05-02T13:09:16+00:00","dateModified":"2021-05-02T16:57:53+00:00","mainEntityOfPage":{"@id":"https:\/\/dicodusport.fr\/blog\/tour-de-romandie-2021-remi-cavagna-remporte-le-chrono-final-thomas-sacre\/"},"wordCount":427,"commentCount":0,"publisher":{"@id":"https:\/\/dicodusport.fr\/blog\/#organization"},"image":{"@id":"https:\/\/dicodusport.fr\/blog\/tour-de-romandie-2021-remi-cavagna-remporte-le-chrono-final-thomas-sacre\/#primaryimage"},"thumbnailUrl":"https:\/\/dicodusport.fr\/blog\/wp-content\/uploads\/2021\/05\/Cyclisme-Tour-de-Romandie-2021-Remi-Cavagna-remporte-le-chrono-final-Thomas-sacre.png","keywords":["Actualit\u00e9 Cyclisme","sport","Tour de Romandie"],"articleSection":["Cyclisme"],"inLanguage":"fr-FR","potentialAction":[{"@type":"CommentAction","name":"Comment","target":["https:\/\/dicodusport.fr\/blog\/tour-de-romandie-2021-remi-cavagna-remporte-le-chrono-final-thomas-sacre\/#respond"]}],"copyrightYear":"2021","copyrightHolder":{"@id":"https:\/\/dicodusport.fr\/blog\/#organization"}},{"@type":"WebPage","@id":"https:\/\/dicodusport.fr\/blog\/tour-de-romandie-2021-remi-cavagna-remporte-le-chrono-final-thomas-sacre\/","url":"https:\/\/dicodusport.fr\/blog\/tour-de-romandie-2021-remi-cavagna-remporte-le-chrono-final-thomas-sacre\/","name":"Tour de Romandie 2021 : R\u00e9mi Cavagna remporte le chrono final, Thomas sacr\u00e9","isPartOf":{"@id":"https:\/\/dicodusport.fr\/blog\/#website"},"primaryImageOfPage":{"@id":"https:\/\/dicodusport.fr\/blog\/tour-de-romandie-2021-remi-cavagna-remporte-le-chrono-final-thomas-sacre\/#primaryimage"},"image":{"@id":"https:\/\/dicodusport.fr\/blog\/tour-de-romandie-2021-remi-cavagna-remporte-le-chrono-final-thomas-sacre\/#primaryimage"},"thumbnailUrl":"https:\/\/dicodusport.fr\/blog\/wp-content\/uploads\/2021\/05\/Cyclisme-Tour-de-Romandie-2021-Remi-Cavagna-remporte-le-chrono-final-Thomas-sacre.png","datePublished":"2021-05-02T13:09:16+00:00","dateModified":"2021-05-02T16:57:53+00:00","description":"CYCLISME - R\u00e9mi Cavagna (Deceuninck Quick-Step) a d\u00e9croch\u00e9 le chrono final du Tour de Romandie. Geraint Thomas est quant \u00e0 lui sacr\u00e9.","breadcrumb":{"@id":"https:\/\/dicodusport.fr\/blog\/tour-de-romandie-2021-remi-cavagna-remporte-le-chrono-final-thomas-sacre\/#breadcrumb"},"inLanguage":"fr-FR","potentialAction":[{"@type":"ReadAction","target":["https:\/\/dicodusport.fr\/blog\/tour-de-romandie-2021-remi-cavagna-remporte-le-chrono-final-thomas-sacre\/"]}]},{"@type":"ImageObject","inLanguage":"fr-FR","@id":"https:\/\/dicodusport.fr\/blog\/tour-de-romandie-2021-remi-cavagna-remporte-le-chrono-final-thomas-sacre\/#primaryimage","url":"https:\/\/dicodusport.fr\/blog\/wp-content\/uploads\/2021\/05\/Cyclisme-Tour-de-Romandie-2021-Remi-Cavagna-remporte-le-chrono-final-Thomas-sacre.png","contentUrl":"https:\/\/dicodusport.fr\/blog\/wp-content\/uploads\/2021\/05\/Cyclisme-Tour-de-Romandie-2021-Remi-Cavagna-remporte-le-chrono-final-Thomas-sacre.png","width":800,"height":445,"caption":"Tour d'Italie 2021 - 1\u00e8re \u00e9tape (Contre-la-montre) : le parcours en d\u00e9tail"},{"@type":"BreadcrumbList","@id":"https:\/\/dicodusport.fr\/blog\/tour-de-romandie-2021-remi-cavagna-remporte-le-chrono-final-thomas-sacre\/#breadcrumb","itemListElement":[{"@type":"ListItem","position":1,"name":"Accueil","item":"https:\/\/dicodusport.fr\/blog\/"},{"@type":"ListItem","position":2,"name":"Tour de Romandie 2021 : R\u00e9mi Cavagna remporte le chrono final, Thomas sacr\u00e9"}]},{"@type":"WebSite","@id":"https:\/\/dicodusport.fr\/blog\/#website","url":"https:\/\/dicodusport.fr\/blog\/","name":"Dicodusport","description":"L&#039;encyclop\u00e9die de l&#039;actualit\u00e9 sportive","publisher":{"@id":"https:\/\/dicodusport.fr\/blog\/#organization"},"potentialAction":[{"@type":"SearchAction","target":{"@type":"EntryPoint","urlTemplate":"https:\/\/dicodusport.fr\/blog\/?s={search_term_string}"},"query-input":{"@type":"PropertyValueSpecification","valueRequired":true,"valueName":"search_term_string"}}],"inLanguage":"fr-FR"},{"@type":"NewsMediaOrganization","@id":"https:\/\/dicodusport.fr\/blog\/#organization","name":"Dicodusport","url":"https:\/\/dicodusport.fr\/blog\/","logo":{"@type":"ImageObject","inLanguage":"fr-FR","@id":"https:\/\/dicodusport.fr\/blog\/#\/schema\/logo\/image\/","url":"https:\/\/dicodusport.fr\/blog\/wp-content\/uploads\/2020\/06\/cropped-LOGO-DICODUSPORT-2020-SANS-FOND-SANS-TEXTE.png","contentUrl":"https:\/\/dicodusport.fr\/blog\/wp-content\/uploads\/2020\/06\/cropped-LOGO-DICODUSPORT-2020-SANS-FOND-SANS-TEXTE.png","width":512,"height":512,"caption":"Dicodusport"},"image":{"@id":"https:\/\/dicodusport.fr\/blog\/#\/schema\/logo\/image\/"},"sameAs":["https:\/\/www.facebook.com\/dicodusport","https:\/\/x.com\/dicodusport","https:\/\/www.instagram.com\/dicodusport\/","https:\/\/www.youtube.com\/channel\/UC7V2KZ5sd3htJivAbA4ZG3w"],"description":"Dicodusport est l'encyclop\u00e9die de l'actualit\u00e9 sportive.","email":"bonjour@dicodusport.fr","legalName":"DICODUSPORT","foundingDate":"2018-01-14","vatID":"FR71834470973","taxID":"83447097300043","numberOfEmployees":{"@type":"QuantitativeValue","minValue":"1","maxValue":"10"}},{"@type":"Person","@id":"https:\/\/dicodusport.fr\/blog\/#\/schema\/person\/6db4bae06b171592211be385b32876a7","name":"Emilien Descampiaux","image":{"@type":"ImageObject","inLanguage":"fr-FR","@id":"https:\/\/dicodusport.fr\/blog\/#\/schema\/person\/image\/","url":"https:\/\/dicodusport.fr\/blog\/wp-content\/uploads\/2021\/05\/Emilien-Descampiaux-150x150.jpg","contentUrl":"https:\/\/dicodusport.fr\/blog\/wp-content\/uploads\/2021\/05\/Emilien-Descampiaux-150x150.jpg","caption":"Emilien Descampiaux"},"description":"Journaliste\/r\u00e9dacteur depuis 2014 - Fan de la classe de Frank Vandenbroucke, je vis cyclisme (et de ses paysages) depuis plus de 20 ans. Je suis tr\u00e8s impliqu\u00e9 sur mes diff\u00e9rents r\u00e9seaux sociaux pour partager ma passion sur le monde et l'Histoire de la bicyclette avec ma voix sur les images en noir et blanc du succ\u00e8s de Rik Van Steenbergen lors du Ronde sur le V\u00e9lodrome de Gand.","sameAs":["https:\/\/www.facebook.com\/groups\/LesRoisDuPeloton","https:\/\/x.com\/https:\/\/twitter.com\/LRoisDuPeloton"],"url":"https:\/\/dicodusport.fr\/blog\/author\/emiliend\/"}]}},"_links":{"self":[{"href":"https:\/\/dicodusport.fr\/blog\/wp-json\/wp\/v2\/posts\/126368","targetHints":{"allow":["GET"]}}],"collection":[{"href":"https:\/\/dicodusport.fr\/blog\/wp-json\/wp\/v2\/posts"}],"about":[{"href":"https:\/\/dicodusport.fr\/blog\/wp-json\/wp\/v2\/types\/post"}],"author":[{"embeddable":true,"href":"https:\/\/dicodusport.fr\/blog\/wp-json\/wp\/v2\/users\/48"}],"replies":[{"embeddable":true,"href":"https:\/\/dicodusport.fr\/blog\/wp-json\/wp\/v2\/comments?post=126368"}],"version-history":[{"count":0,"href":"https:\/\/dicodusport.fr\/blog\/wp-json\/wp\/v2\/posts\/126368\/revisions"}],"wp:featuredmedia":[{"embeddable":true,"href":"https:\/\/dicodusport.fr\/blog\/wp-json\/wp\/v2\/media\/126411"}],"wp:attachment":[{"href":"https:\/\/dicodusport.fr\/blog\/wp-json\/wp\/v2\/media?parent=126368"}],"wp:term":[{"taxonomy":"category","embeddable":true,"href":"https:\/\/dicodusport.fr\/blog\/wp-json\/wp\/v2\/categories?post=126368"},{"taxonomy":"post_tag","embeddable":true,"href":"https:\/\/dicodusport.fr\/blog\/wp-json\/wp\/v2\/tags?post=126368"}],"curies":[{"name":"wp","href":"https:\/\/api.w.org\/{rel}","templated":true}]}}