{"id":12675,"date":"2018-02-15T10:00:32","date_gmt":"2018-02-15T09:00:32","guid":{"rendered":"http:\/\/dicodusport.fr\/blog\/?p=12675"},"modified":"2018-02-15T11:38:49","modified_gmt":"2018-02-15T10:38:49","slug":"simon-desthieux-toujours-place-enfin-devant","status":"publish","type":"post","link":"https:\/\/dicodusport.fr\/blog\/simon-desthieux-toujours-place-enfin-devant\/","title":{"rendered":"Simon Desthieux : toujours plac\u00e9, enfin devant ?"},"content":{"rendered":"<p style=\"text-align: justify;\"><em><strong>12\u00e8me du sprint puis 7\u00e8me de la poursuite, les d\u00e9buts de Jeux Olympiques de Simon Desthieux sont \u00e0 l&rsquo;image de sa carri\u00e8re. Souvent plac\u00e9, tr\u00e8s r\u00e9gulier, le Fran\u00e7ais n&rsquo;est encore jamais mont\u00e9 sur un podium en Coupe du Monde.\u00a0<\/strong><\/em><\/p>\n<p style=\"text-align: justify;\">S&rsquo;il est d\u00e9j\u00e0 mont\u00e9 sur des podiums avec le relais fran\u00e7ais, avec notamment une m\u00e9daille de bronze aux Mondiaux en 2017, le biathl\u00e8te fran\u00e7ais de 26 ans n&rsquo;est encore jamais mont\u00e9 sur la bo\u00eete en individuel. En 2014, il participe \u00e0 ses premiers Jeux Olympiques avant de faire son meilleur r\u00e9sultat en Coupe du Monde quelques semaines plus tard en prenant la 4\u00e8me place de la mass start d&rsquo;Oslo-Holmenkollen. Sur les quatre derni\u00e8res saisons, il a termin\u00e9 \u00e0 trois reprises dans les 25 premiers du g\u00e9n\u00e9ral de la Coupe du Monde, preuve de sa r\u00e9gularit\u00e9, mais Simon Desthieux n&rsquo;est toujours pas parvenu \u00e0 accrocher un top 3 en individuel.<\/p>\n<p style=\"text-align: justify;\">A Pyeongchang, il commet deux fautes sur le sprint, une de trop pour esp\u00e9rer monter sur le podium et il doit se contenter de la 12\u00e8me place. Sur la poursuite; il fait une nouvelle fois une belle course mais ses trois erreurs au tir le privent d&rsquo;une m\u00e9daille en compagnie de Martin Fourcade. La bonne nouvelle est que le Fran\u00e7ais est en forme comme en t\u00e9moigne ses temps de ski sur ses deux premi\u00e8re courses. Encore deux \u00e9preuves pour faire mouche en individuel et monter pour la premi\u00e8re fois sur un podium lors de Jeux Olympiques. L&rsquo;histoire serait belle, non ?<\/p>\n<p style=\"text-align: justify;\"><strong>L&rsquo;avis du r\u00e9dacteur<\/strong><\/p>\n<p style=\"text-align: justify;\">Le Fran\u00e7ais est en forme et s&rsquo;il arrive \u00e0 ne pas faire la faute de trop, il peut r\u00e9aliser une belle performance sur les courses \u00e0 quatre tirs qu&rsquo;il reste. Avec un 19\/20 ou mieux \u00e0 l&rsquo;individuelle, il ne sera vraiment pas loin d&rsquo;un podium.<\/p>\n<p><em><strong>Nicolas Jacquemard<\/strong><br \/>\n<\/em><a style=\"color: #000000;\" href=\"https:\/\/twitter.com\/Nico_Jacquemard\" target=\"_blank\" rel=\"noopener noreferrer\"><img loading=\"lazy\" decoding=\"async\" class=\"alignnone wp-image-2908\" src=\"http:\/\/dicodusport.fr\/blog\/wp-content\/uploads\/2017\/07\/logo-twitter-150x150.png\" alt=\"\" width=\"39\" height=\"39\" \/><\/a><a style=\"color: #000000;\" href=\"https:\/\/www.facebook.com\/dicodusport\/\" target=\"_blank\" rel=\"noopener noreferrer\"><img loading=\"lazy\" decoding=\"async\" class=\"alignnone wp-image-2909\" src=\"http:\/\/dicodusport.fr\/blog\/wp-content\/uploads\/2017\/07\/logo-facebook-150x150.png\" alt=\"\" width=\"40\" height=\"40\" \/><\/a><\/p>\n","protected":false},"excerpt":{"rendered":"<p>12\u00e8me du sprint puis 7\u00e8me de la poursuite, les d\u00e9buts de Jeux Olympiques de Simon Desthieux sont \u00e0 l&rsquo;image de sa carri\u00e8re. Souvent plac\u00e9, tr\u00e8s r\u00e9gulier, le Fran\u00e7ais n&rsquo;est encore jamais mont\u00e9 sur un podium en Coupe du Monde. <\/p>\n","protected":false},"author":1,"featured_media":12761,"comment_status":"open","ping_status":"closed","sticky":false,"template":"","format":"standard","meta":{"_acf_changed":false,"_daextam_enable_autolinks":"","footnotes":""},"categories":[2,2426,3588,2313],"tags":[2427,3796,2429,2941],"class_list":["post-12675","post","type-post","status-publish","format-standard","has-post-thumbnail","hentry","category-actualites","category-biathlon","category-pyeongchang-2018","category-sports-dhiver","tag-biathlon","tag-desthieux","tag-martin-fourcade","tag-simon-desthieux"],"acf":[],"yoast_head":"<!-- This site is optimized with the Yoast SEO Premium plugin v26.7 (Yoast SEO v26.7) - https:\/\/yoast.com\/wordpress\/plugins\/seo\/ -->\n<title>Simon Desthieux : toujours plac\u00e9, enfin devant ?<\/title>\n<meta name=\"description\" content=\"12\u00e8me du sprint puis 7\u00e8me de la poursuite, les d\u00e9buts de Jeux Olympiques de Simon Desthieux sont \u00e0 l&#039;image de sa carri\u00e8re. Souvent plac\u00e9, tr\u00e8s r\u00e9gulier, le Fran\u00e7ais n&#039;est encore jamais mont\u00e9 sur un podium en Coupe du Monde.\u00a0\" \/>\n<meta name=\"robots\" content=\"index, follow, max-snippet:-1, max-image-preview:large, max-video-preview:-1\" \/>\n<link rel=\"canonical\" href=\"https:\/\/dicodusport.fr\/blog\/simon-desthieux-toujours-place-enfin-devant\/\" \/>\n<meta property=\"og:locale\" content=\"fr_FR\" \/>\n<meta property=\"og:type\" content=\"article\" \/>\n<meta property=\"og:title\" content=\"Simon Desthieux : toujours plac\u00e9, enfin devant ?\" \/>\n<meta property=\"og:description\" content=\"12\u00e8me du sprint puis 7\u00e8me de la poursuite, les d\u00e9buts de Jeux Olympiques de Simon Desthieux sont \u00e0 l&#039;image de sa carri\u00e8re. Souvent plac\u00e9, tr\u00e8s r\u00e9gulier, le Fran\u00e7ais n&#039;est encore jamais mont\u00e9 sur un podium en Coupe du Monde.\u00a0\" \/>\n<meta property=\"og:url\" content=\"https:\/\/dicodusport.fr\/blog\/simon-desthieux-toujours-place-enfin-devant\/\" \/>\n<meta property=\"og:site_name\" content=\"Dicodusport\" \/>\n<meta property=\"article:publisher\" content=\"https:\/\/www.facebook.com\/dicodusport\" \/>\n<meta property=\"article:author\" content=\"https:\/\/www.facebook.com\/dicodusport\" \/>\n<meta property=\"article:published_time\" content=\"2018-02-15T09:00:32+00:00\" \/>\n<meta property=\"article:modified_time\" content=\"2018-02-15T10:38:49+00:00\" \/>\n<meta property=\"og:image\" content=\"https:\/\/dicodusport.fr\/blog\/wp-content\/uploads\/2018\/02\/Simon-Desthieux.png\" \/>\n\t<meta property=\"og:image:width\" content=\"1200\" \/>\n\t<meta property=\"og:image:height\" content=\"670\" \/>\n\t<meta property=\"og:image:type\" content=\"image\/png\" \/>\n<meta name=\"author\" content=\"Nicolas Jacquemard\" \/>\n<meta name=\"twitter:card\" content=\"summary_large_image\" \/>\n<meta name=\"twitter:creator\" content=\"@https:\/\/twitter.com\/Nico_Jacquemard\" \/>\n<meta name=\"twitter:site\" content=\"@dicodusport\" \/>\n<script type=\"application\/ld+json\" class=\"yoast-schema-graph\">{\"@context\":\"https:\/\/schema.org\",\"@graph\":[{\"@type\":\"NewsArticle\",\"@id\":\"https:\/\/dicodusport.fr\/blog\/simon-desthieux-toujours-place-enfin-devant\/#article\",\"isPartOf\":{\"@id\":\"https:\/\/dicodusport.fr\/blog\/simon-desthieux-toujours-place-enfin-devant\/\"},\"author\":{\"name\":\"Nicolas Jacquemard\",\"@id\":\"https:\/\/dicodusport.fr\/blog\/#\/schema\/person\/55dcb50ad410894e431ed812bbb70191\"},\"headline\":\"Simon Desthieux : toujours plac\u00e9, enfin devant ?\",\"datePublished\":\"2018-02-15T09:00:32+00:00\",\"dateModified\":\"2018-02-15T10:38:49+00:00\",\"mainEntityOfPage\":{\"@id\":\"https:\/\/dicodusport.fr\/blog\/simon-desthieux-toujours-place-enfin-devant\/\"},\"wordCount\":329,\"commentCount\":1,\"publisher\":{\"@id\":\"https:\/\/dicodusport.fr\/blog\/#organization\"},\"image\":{\"@id\":\"https:\/\/dicodusport.fr\/blog\/simon-desthieux-toujours-place-enfin-devant\/#primaryimage\"},\"thumbnailUrl\":\"https:\/\/dicodusport.fr\/blog\/wp-content\/uploads\/2018\/02\/Simon-Desthieux.png\",\"keywords\":[\"Biathlon\",\"Desthieux\",\"Martin Fourcade\",\"Simon Desthieux\"],\"articleSection\":[\"Actualit\u00e9s\",\"Biathlon\",\"Pyeongchang 2018\",\"Sports d'hiver\"],\"inLanguage\":\"fr-FR\",\"potentialAction\":[{\"@type\":\"CommentAction\",\"name\":\"Comment\",\"target\":[\"https:\/\/dicodusport.fr\/blog\/simon-desthieux-toujours-place-enfin-devant\/#respond\"]}],\"copyrightYear\":\"2018\",\"copyrightHolder\":{\"@id\":\"https:\/\/dicodusport.fr\/blog\/#organization\"}},{\"@type\":\"WebPage\",\"@id\":\"https:\/\/dicodusport.fr\/blog\/simon-desthieux-toujours-place-enfin-devant\/\",\"url\":\"https:\/\/dicodusport.fr\/blog\/simon-desthieux-toujours-place-enfin-devant\/\",\"name\":\"Simon Desthieux : toujours plac\u00e9, enfin devant ?\",\"isPartOf\":{\"@id\":\"https:\/\/dicodusport.fr\/blog\/#website\"},\"primaryImageOfPage\":{\"@id\":\"https:\/\/dicodusport.fr\/blog\/simon-desthieux-toujours-place-enfin-devant\/#primaryimage\"},\"image\":{\"@id\":\"https:\/\/dicodusport.fr\/blog\/simon-desthieux-toujours-place-enfin-devant\/#primaryimage\"},\"thumbnailUrl\":\"https:\/\/dicodusport.fr\/blog\/wp-content\/uploads\/2018\/02\/Simon-Desthieux.png\",\"datePublished\":\"2018-02-15T09:00:32+00:00\",\"dateModified\":\"2018-02-15T10:38:49+00:00\",\"description\":\"12\u00e8me du sprint puis 7\u00e8me de la poursuite, les d\u00e9buts de Jeux Olympiques de Simon Desthieux sont \u00e0 l'image de sa carri\u00e8re. Souvent plac\u00e9, tr\u00e8s r\u00e9gulier, le Fran\u00e7ais n'est encore jamais mont\u00e9 sur un podium en Coupe du Monde.\u00a0\",\"breadcrumb\":{\"@id\":\"https:\/\/dicodusport.fr\/blog\/simon-desthieux-toujours-place-enfin-devant\/#breadcrumb\"},\"inLanguage\":\"fr-FR\",\"potentialAction\":[{\"@type\":\"ReadAction\",\"target\":[\"https:\/\/dicodusport.fr\/blog\/simon-desthieux-toujours-place-enfin-devant\/\"]}]},{\"@type\":\"ImageObject\",\"inLanguage\":\"fr-FR\",\"@id\":\"https:\/\/dicodusport.fr\/blog\/simon-desthieux-toujours-place-enfin-devant\/#primaryimage\",\"url\":\"https:\/\/dicodusport.fr\/blog\/wp-content\/uploads\/2018\/02\/Simon-Desthieux.png\",\"contentUrl\":\"https:\/\/dicodusport.fr\/blog\/wp-content\/uploads\/2018\/02\/Simon-Desthieux.png\",\"width\":1200,\"height\":670,\"caption\":\"Simon Desthieux\"},{\"@type\":\"BreadcrumbList\",\"@id\":\"https:\/\/dicodusport.fr\/blog\/simon-desthieux-toujours-place-enfin-devant\/#breadcrumb\",\"itemListElement\":[{\"@type\":\"ListItem\",\"position\":1,\"name\":\"Accueil\",\"item\":\"https:\/\/dicodusport.fr\/blog\/\"},{\"@type\":\"ListItem\",\"position\":2,\"name\":\"Simon Desthieux : toujours plac\u00e9, enfin devant ?\"}]},{\"@type\":\"WebSite\",\"@id\":\"https:\/\/dicodusport.fr\/blog\/#website\",\"url\":\"https:\/\/dicodusport.fr\/blog\/\",\"name\":\"Dicodusport\",\"description\":\"L&#039;encyclop\u00e9die de l&#039;actualit\u00e9 sportive\",\"publisher\":{\"@id\":\"https:\/\/dicodusport.fr\/blog\/#organization\"},\"potentialAction\":[{\"@type\":\"SearchAction\",\"target\":{\"@type\":\"EntryPoint\",\"urlTemplate\":\"https:\/\/dicodusport.fr\/blog\/?s={search_term_string}\"},\"query-input\":{\"@type\":\"PropertyValueSpecification\",\"valueRequired\":true,\"valueName\":\"search_term_string\"}}],\"inLanguage\":\"fr-FR\"},{\"@type\":\"NewsMediaOrganization\",\"@id\":\"https:\/\/dicodusport.fr\/blog\/#organization\",\"name\":\"Dicodusport\",\"url\":\"https:\/\/dicodusport.fr\/blog\/\",\"logo\":{\"@type\":\"ImageObject\",\"inLanguage\":\"fr-FR\",\"@id\":\"https:\/\/dicodusport.fr\/blog\/#\/schema\/logo\/image\/\",\"url\":\"https:\/\/dicodusport.fr\/blog\/wp-content\/uploads\/2020\/06\/cropped-LOGO-DICODUSPORT-2020-SANS-FOND-SANS-TEXTE.png\",\"contentUrl\":\"https:\/\/dicodusport.fr\/blog\/wp-content\/uploads\/2020\/06\/cropped-LOGO-DICODUSPORT-2020-SANS-FOND-SANS-TEXTE.png\",\"width\":512,\"height\":512,\"caption\":\"Dicodusport\"},\"image\":{\"@id\":\"https:\/\/dicodusport.fr\/blog\/#\/schema\/logo\/image\/\"},\"sameAs\":[\"https:\/\/www.facebook.com\/dicodusport\",\"https:\/\/x.com\/dicodusport\",\"https:\/\/www.instagram.com\/dicodusport\/\",\"https:\/\/www.youtube.com\/channel\/UC7V2KZ5sd3htJivAbA4ZG3w\"],\"description\":\"Dicodusport est l'encyclop\u00e9die de l'actualit\u00e9 sportive.\",\"email\":\"bonjour@dicodusport.fr\",\"legalName\":\"DICODUSPORT\",\"foundingDate\":\"2018-01-14\",\"vatID\":\"FR71834470973\",\"taxID\":\"83447097300043\",\"numberOfEmployees\":{\"@type\":\"QuantitativeValue\",\"minValue\":\"1\",\"maxValue\":\"10\"}},{\"@type\":\"Person\",\"@id\":\"https:\/\/dicodusport.fr\/blog\/#\/schema\/person\/55dcb50ad410894e431ed812bbb70191\",\"name\":\"Nicolas Jacquemard\",\"image\":{\"@type\":\"ImageObject\",\"inLanguage\":\"fr-FR\",\"@id\":\"https:\/\/dicodusport.fr\/blog\/#\/schema\/person\/image\/\",\"url\":\"https:\/\/dicodusport.fr\/blog\/wp-content\/uploads\/2021\/05\/Nicolas-Jacquemard-150x150.jpeg\",\"contentUrl\":\"https:\/\/dicodusport.fr\/blog\/wp-content\/uploads\/2021\/05\/Nicolas-Jacquemard-150x150.jpeg\",\"caption\":\"Nicolas Jacquemard\"},\"description\":\"Passionn\u00e9 de sport et entrepreneur depuis mes 18 ans, la cr\u00e9ation de Dicodusport m'a sembl\u00e9 \u00e9vidente pour participer \u00e0 la m\u00e9diatisation d'un plus grand nombre de sports. Le chemin est long mais avec une \u00e9quipe des plus motiv\u00e9es et les Jeux Olympiques de Paris 2024 en point de mire, nous y arriverons ! Journaliste dans le monde du sport depuis plus de 5 ans, je traite aussi bien de football, de rugby, de biathlon que de cyclisme.\",\"sameAs\":[\"https:\/\/www.facebook.com\/dicodusport\",\"https:\/\/x.com\/https:\/\/twitter.com\/Nico_Jacquemard\"],\"url\":\"https:\/\/dicodusport.fr\/blog\/author\/dicodusport\/\"}]}<\/script>\n<!-- \/ Yoast SEO Premium plugin. -->","yoast_head_json":{"title":"Simon Desthieux : toujours plac\u00e9, enfin devant ?","description":"12\u00e8me du sprint puis 7\u00e8me de la poursuite, les d\u00e9buts de Jeux Olympiques de Simon Desthieux sont \u00e0 l'image de sa carri\u00e8re. Souvent plac\u00e9, tr\u00e8s r\u00e9gulier, le Fran\u00e7ais n'est encore jamais mont\u00e9 sur un podium en Coupe du Monde.\u00a0","robots":{"index":"index","follow":"follow","max-snippet":"max-snippet:-1","max-image-preview":"max-image-preview:large","max-video-preview":"max-video-preview:-1"},"canonical":"https:\/\/dicodusport.fr\/blog\/simon-desthieux-toujours-place-enfin-devant\/","og_locale":"fr_FR","og_type":"article","og_title":"Simon Desthieux : toujours plac\u00e9, enfin devant ?","og_description":"12\u00e8me du sprint puis 7\u00e8me de la poursuite, les d\u00e9buts de Jeux Olympiques de Simon Desthieux sont \u00e0 l'image de sa carri\u00e8re. Souvent plac\u00e9, tr\u00e8s r\u00e9gulier, le Fran\u00e7ais n'est encore jamais mont\u00e9 sur un podium en Coupe du Monde.\u00a0","og_url":"https:\/\/dicodusport.fr\/blog\/simon-desthieux-toujours-place-enfin-devant\/","og_site_name":"Dicodusport","article_publisher":"https:\/\/www.facebook.com\/dicodusport","article_author":"https:\/\/www.facebook.com\/dicodusport","article_published_time":"2018-02-15T09:00:32+00:00","article_modified_time":"2018-02-15T10:38:49+00:00","og_image":[{"width":1200,"height":670,"url":"https:\/\/dicodusport.fr\/blog\/wp-content\/uploads\/2018\/02\/Simon-Desthieux.png","type":"image\/png"}],"author":"Nicolas Jacquemard","twitter_card":"summary_large_image","twitter_creator":"@https:\/\/twitter.com\/Nico_Jacquemard","twitter_site":"@dicodusport","schema":{"@context":"https:\/\/schema.org","@graph":[{"@type":"NewsArticle","@id":"https:\/\/dicodusport.fr\/blog\/simon-desthieux-toujours-place-enfin-devant\/#article","isPartOf":{"@id":"https:\/\/dicodusport.fr\/blog\/simon-desthieux-toujours-place-enfin-devant\/"},"author":{"name":"Nicolas Jacquemard","@id":"https:\/\/dicodusport.fr\/blog\/#\/schema\/person\/55dcb50ad410894e431ed812bbb70191"},"headline":"Simon Desthieux : toujours plac\u00e9, enfin devant ?","datePublished":"2018-02-15T09:00:32+00:00","dateModified":"2018-02-15T10:38:49+00:00","mainEntityOfPage":{"@id":"https:\/\/dicodusport.fr\/blog\/simon-desthieux-toujours-place-enfin-devant\/"},"wordCount":329,"commentCount":1,"publisher":{"@id":"https:\/\/dicodusport.fr\/blog\/#organization"},"image":{"@id":"https:\/\/dicodusport.fr\/blog\/simon-desthieux-toujours-place-enfin-devant\/#primaryimage"},"thumbnailUrl":"https:\/\/dicodusport.fr\/blog\/wp-content\/uploads\/2018\/02\/Simon-Desthieux.png","keywords":["Biathlon","Desthieux","Martin Fourcade","Simon Desthieux"],"articleSection":["Actualit\u00e9s","Biathlon","Pyeongchang 2018","Sports d'hiver"],"inLanguage":"fr-FR","potentialAction":[{"@type":"CommentAction","name":"Comment","target":["https:\/\/dicodusport.fr\/blog\/simon-desthieux-toujours-place-enfin-devant\/#respond"]}],"copyrightYear":"2018","copyrightHolder":{"@id":"https:\/\/dicodusport.fr\/blog\/#organization"}},{"@type":"WebPage","@id":"https:\/\/dicodusport.fr\/blog\/simon-desthieux-toujours-place-enfin-devant\/","url":"https:\/\/dicodusport.fr\/blog\/simon-desthieux-toujours-place-enfin-devant\/","name":"Simon Desthieux : toujours plac\u00e9, enfin devant ?","isPartOf":{"@id":"https:\/\/dicodusport.fr\/blog\/#website"},"primaryImageOfPage":{"@id":"https:\/\/dicodusport.fr\/blog\/simon-desthieux-toujours-place-enfin-devant\/#primaryimage"},"image":{"@id":"https:\/\/dicodusport.fr\/blog\/simon-desthieux-toujours-place-enfin-devant\/#primaryimage"},"thumbnailUrl":"https:\/\/dicodusport.fr\/blog\/wp-content\/uploads\/2018\/02\/Simon-Desthieux.png","datePublished":"2018-02-15T09:00:32+00:00","dateModified":"2018-02-15T10:38:49+00:00","description":"12\u00e8me du sprint puis 7\u00e8me de la poursuite, les d\u00e9buts de Jeux Olympiques de Simon Desthieux sont \u00e0 l'image de sa carri\u00e8re. Souvent plac\u00e9, tr\u00e8s r\u00e9gulier, le Fran\u00e7ais n'est encore jamais mont\u00e9 sur un podium en Coupe du Monde.\u00a0","breadcrumb":{"@id":"https:\/\/dicodusport.fr\/blog\/simon-desthieux-toujours-place-enfin-devant\/#breadcrumb"},"inLanguage":"fr-FR","potentialAction":[{"@type":"ReadAction","target":["https:\/\/dicodusport.fr\/blog\/simon-desthieux-toujours-place-enfin-devant\/"]}]},{"@type":"ImageObject","inLanguage":"fr-FR","@id":"https:\/\/dicodusport.fr\/blog\/simon-desthieux-toujours-place-enfin-devant\/#primaryimage","url":"https:\/\/dicodusport.fr\/blog\/wp-content\/uploads\/2018\/02\/Simon-Desthieux.png","contentUrl":"https:\/\/dicodusport.fr\/blog\/wp-content\/uploads\/2018\/02\/Simon-Desthieux.png","width":1200,"height":670,"caption":"Simon Desthieux"},{"@type":"BreadcrumbList","@id":"https:\/\/dicodusport.fr\/blog\/simon-desthieux-toujours-place-enfin-devant\/#breadcrumb","itemListElement":[{"@type":"ListItem","position":1,"name":"Accueil","item":"https:\/\/dicodusport.fr\/blog\/"},{"@type":"ListItem","position":2,"name":"Simon Desthieux : toujours plac\u00e9, enfin devant ?"}]},{"@type":"WebSite","@id":"https:\/\/dicodusport.fr\/blog\/#website","url":"https:\/\/dicodusport.fr\/blog\/","name":"Dicodusport","description":"L&#039;encyclop\u00e9die de l&#039;actualit\u00e9 sportive","publisher":{"@id":"https:\/\/dicodusport.fr\/blog\/#organization"},"potentialAction":[{"@type":"SearchAction","target":{"@type":"EntryPoint","urlTemplate":"https:\/\/dicodusport.fr\/blog\/?s={search_term_string}"},"query-input":{"@type":"PropertyValueSpecification","valueRequired":true,"valueName":"search_term_string"}}],"inLanguage":"fr-FR"},{"@type":"NewsMediaOrganization","@id":"https:\/\/dicodusport.fr\/blog\/#organization","name":"Dicodusport","url":"https:\/\/dicodusport.fr\/blog\/","logo":{"@type":"ImageObject","inLanguage":"fr-FR","@id":"https:\/\/dicodusport.fr\/blog\/#\/schema\/logo\/image\/","url":"https:\/\/dicodusport.fr\/blog\/wp-content\/uploads\/2020\/06\/cropped-LOGO-DICODUSPORT-2020-SANS-FOND-SANS-TEXTE.png","contentUrl":"https:\/\/dicodusport.fr\/blog\/wp-content\/uploads\/2020\/06\/cropped-LOGO-DICODUSPORT-2020-SANS-FOND-SANS-TEXTE.png","width":512,"height":512,"caption":"Dicodusport"},"image":{"@id":"https:\/\/dicodusport.fr\/blog\/#\/schema\/logo\/image\/"},"sameAs":["https:\/\/www.facebook.com\/dicodusport","https:\/\/x.com\/dicodusport","https:\/\/www.instagram.com\/dicodusport\/","https:\/\/www.youtube.com\/channel\/UC7V2KZ5sd3htJivAbA4ZG3w"],"description":"Dicodusport est l'encyclop\u00e9die de l'actualit\u00e9 sportive.","email":"bonjour@dicodusport.fr","legalName":"DICODUSPORT","foundingDate":"2018-01-14","vatID":"FR71834470973","taxID":"83447097300043","numberOfEmployees":{"@type":"QuantitativeValue","minValue":"1","maxValue":"10"}},{"@type":"Person","@id":"https:\/\/dicodusport.fr\/blog\/#\/schema\/person\/55dcb50ad410894e431ed812bbb70191","name":"Nicolas Jacquemard","image":{"@type":"ImageObject","inLanguage":"fr-FR","@id":"https:\/\/dicodusport.fr\/blog\/#\/schema\/person\/image\/","url":"https:\/\/dicodusport.fr\/blog\/wp-content\/uploads\/2021\/05\/Nicolas-Jacquemard-150x150.jpeg","contentUrl":"https:\/\/dicodusport.fr\/blog\/wp-content\/uploads\/2021\/05\/Nicolas-Jacquemard-150x150.jpeg","caption":"Nicolas Jacquemard"},"description":"Passionn\u00e9 de sport et entrepreneur depuis mes 18 ans, la cr\u00e9ation de Dicodusport m'a sembl\u00e9 \u00e9vidente pour participer \u00e0 la m\u00e9diatisation d'un plus grand nombre de sports. Le chemin est long mais avec une \u00e9quipe des plus motiv\u00e9es et les Jeux Olympiques de Paris 2024 en point de mire, nous y arriverons ! Journaliste dans le monde du sport depuis plus de 5 ans, je traite aussi bien de football, de rugby, de biathlon que de cyclisme.","sameAs":["https:\/\/www.facebook.com\/dicodusport","https:\/\/x.com\/https:\/\/twitter.com\/Nico_Jacquemard"],"url":"https:\/\/dicodusport.fr\/blog\/author\/dicodusport\/"}]}},"_links":{"self":[{"href":"https:\/\/dicodusport.fr\/blog\/wp-json\/wp\/v2\/posts\/12675","targetHints":{"allow":["GET"]}}],"collection":[{"href":"https:\/\/dicodusport.fr\/blog\/wp-json\/wp\/v2\/posts"}],"about":[{"href":"https:\/\/dicodusport.fr\/blog\/wp-json\/wp\/v2\/types\/post"}],"author":[{"embeddable":true,"href":"https:\/\/dicodusport.fr\/blog\/wp-json\/wp\/v2\/users\/1"}],"replies":[{"embeddable":true,"href":"https:\/\/dicodusport.fr\/blog\/wp-json\/wp\/v2\/comments?post=12675"}],"version-history":[{"count":0,"href":"https:\/\/dicodusport.fr\/blog\/wp-json\/wp\/v2\/posts\/12675\/revisions"}],"wp:featuredmedia":[{"embeddable":true,"href":"https:\/\/dicodusport.fr\/blog\/wp-json\/wp\/v2\/media\/12761"}],"wp:attachment":[{"href":"https:\/\/dicodusport.fr\/blog\/wp-json\/wp\/v2\/media?parent=12675"}],"wp:term":[{"taxonomy":"category","embeddable":true,"href":"https:\/\/dicodusport.fr\/blog\/wp-json\/wp\/v2\/categories?post=12675"},{"taxonomy":"post_tag","embeddable":true,"href":"https:\/\/dicodusport.fr\/blog\/wp-json\/wp\/v2\/tags?post=12675"}],"curies":[{"name":"wp","href":"https:\/\/api.w.org\/{rel}","templated":true}]}}