{"id":126807,"date":"2021-05-20T10:25:31","date_gmt":"2021-05-20T08:25:31","guid":{"rendered":"https:\/\/dicodusport.fr\/blog\/?p=126807&#038;preview=true&#038;preview_id=126807"},"modified":"2021-05-20T10:53:39","modified_gmt":"2021-05-20T08:53:39","slug":"ligue-1-transferts-quel-mercato-pour-las-saint-etienne","status":"publish","type":"post","link":"https:\/\/dicodusport.fr\/blog\/ligue-1-transferts-quel-mercato-pour-las-saint-etienne\/","title":{"rendered":"Ligue 1 &#8211; Transferts : quel mercato pour l&rsquo;AS Saint-\u00c9tienne ?"},"content":{"rendered":"<p style=\"text-align: justify;\"><em><strong>La saison 2020-2021 \u00e9tant proche de rendre son verdict, les clubs peuvent plancher sur la prochaine. \u00c0 quoi ressemblera le mercato de l&rsquo;AS Saint-\u00c9tienne ? On y r\u00e9pond.<\/strong><\/em><\/p>\n<p style=\"text-align: justify;\">Actuellement <a href=\"https:\/\/dicodusport.fr\/blog\/football-le-classement-de-la-ligue-1-2020-2021\/\">11\u00e8me de L1<\/a>, l&rsquo;<strong>AS Saint-\u00c9tienne<\/strong>\u00a0a atteint la barre des 42 points, synonyme de maintien. Le club va donc pouvoir pleinement se consacrer \u00e0 la saison prochaine. En attendant que le mercato commence, nous vous proposons une revue d&rsquo;effectif de l&rsquo;AS Saint-\u00c9tienne en vue de la saison prochaine.<\/p>\n<h2 style=\"text-align: justify;\">Ils restent<\/h2>\n<p style=\"text-align: justify;\">Difficile de se prononcer dans ce contexte. Le club est officiellement en vente depuis plusieurs semaines, et le potentiel acqu\u00e9reur pourrait avoir envie de faire table rase du pass\u00e9. N\u00e9anmoins, les prometteurs <strong>\u00c9tienne Green<\/strong>, <strong>Adil Aouchiche<\/strong> et <strong>Lucas Gourna-Douath<\/strong> seront s\u00fbrement encore de la partie. Pour le reste&#8230; Tout d\u00e9pendra de la vente ou pas du club.<\/p>\n<hr \/>\n<ul>\n<li style=\"text-align: justify;\"><strong>\u00c0 lire aussi :\u00a0<a href=\"https:\/\/dicodusport.fr\/blog\/ligue-1-transferts-quel-mercato-pour-lom\/\">Ligue 1 &#8211; Transferts : quel mercato pour l&rsquo;OM ?<\/a><\/strong><\/li>\n<\/ul>\n<hr \/>\n<h2 style=\"text-align: justify;\">Leur avenir est incertain<\/h2>\n<p style=\"text-align: justify;\">Le club \u00e9tant dans une situation financi\u00e8re compliqu\u00e9e, l&rsquo;AS Saint-\u00c9tienne va devoir se s\u00e9parer de quelques joueurs. Dot\u00e9 d&rsquo;une belle valeur marchande, <strong>Denis Bouanga<\/strong> pourrait \u00eatre vendu en cas de belle offre. Dot\u00e9 d&rsquo;un gros salaire et n&rsquo;ayant plus qu&rsquo;1 an de contrat, <strong>Wahbi Khazri<\/strong> ne sera pas retenu \u00e0 tout prix. Priv\u00e9 de temps de jeu et lui aussi tr\u00e8s bien pay\u00e9 (200 000\u20ac par mois), <strong>Ryad Boudebouz<\/strong> sera plac\u00e9 sur la liste des transferts.<\/p>\n<p style=\"text-align: justify;\">Dans la m\u00eame situation contractuelle et salariale que Wahbi Khazri, <strong>Timoth\u00e9e Kolodziejczak<\/strong> ne sera pas retenu non plus. Entre les ventes et les fins de contrat&#8230; L&rsquo;ASSE pr\u00e9pare un gros m\u00e9nage !<\/p>\n<h2 style=\"text-align: justify;\">Les fins de contrat<\/h2>\n<p style=\"text-align: justify;\">Il y a d&rsquo;abord les joueurs pr\u00eat\u00e9s. Titulaire depuis son arriv\u00e9e cet hiver, le d\u00e9fenseur central <strong>Pape Abdou Ciss\u00e9<\/strong> dispose d&rsquo;une option d&rsquo;achat trop \u00e9lev\u00e9e pour les finances actuelles des Verts (13 millions d&rsquo;\u20ac, + 20% de bonus \u00e0 la revente). Si aucun repreneur ne se manifeste, le S\u00e9n\u00e9galais devra s\u00fbrement retourner \u00e0 l&rsquo;Olympiakos. Lui aussi pr\u00eat\u00e9 avec option d&rsquo;achat, le d\u00e9fenseur <strong>Panagiotis Retsos<\/strong> n&rsquo;a pas convaincu Claude Puel cette saison. Il a m\u00eame \u00e9t\u00e9 \u00e9cart\u00e9 du dernier match . Sauf revirement de derni\u00e8re minute, les Verts ne l\u00e8veront pas son option d&rsquo;achat, qui s&rsquo;\u00e9l\u00e8ve \u00e0 6,5 millions d&rsquo;\u20ac.<\/p>\n<p style=\"text-align: justify;\">En dehors des pr\u00eats l&rsquo;ASSE compte 3 joueurs en fin de contrat. Le premier est le capitaine <strong>Mathieu Debuchy<\/strong> (36 ans). Malgr\u00e9 son \u00e2ge avanc\u00e9, l&rsquo;international fran\u00e7ais souhaite poursuivre l&rsquo;aventure dans le Forez la saison prochaine. Le maintien \u00e9tant assur\u00e9, les discussions vont surement pouvoir commencer entre le club et le joueur. Autre v\u00e9t\u00e9ran en fin de contrat, le fid\u00e8le <strong>Romain Hamouma<\/strong> (34 ans). Au club depuis 2012, l&rsquo;ancien Caennais n&rsquo;a toujours pas re\u00e7u d&rsquo;offre de la part des Verts. Comme pour Debuchy, le maintien acquis pourrait acc\u00e9l\u00e9rer la d\u00e9cision du club.<\/p>\n<p style=\"text-align: justify;\">Le dernier joueur en fin de contrat est lui aussi un ancien : <strong>Kevin Monnet-Paquet<\/strong> (32 ans). Contrairement aux 2 autres, son sort semble d\u00e9j\u00e0 scell\u00e9. Sauf revirement improbable, KMP ne sera pas prolong\u00e9.<\/p>\n<h2 style=\"text-align: justify;\">Les arriv\u00e9es<\/h2>\n<p style=\"text-align: justify;\">Tr\u00e8s difficile de se prononcer aujourd&rsquo;hui. Le club est en vente et cette situation aura forc\u00e9ment un impact sur le mercato. En cas de d\u00e9parts confirm\u00e9s de \u00ab\u00a0Kolo\u00a0\u00bb, Retsos et Ciss\u00e9, les Verts devront forc\u00e9ment se renforcer en d\u00e9fense. Mais impossible de citer des noms ou d\u00e9gager des profils \u00e0 l&rsquo;heure actuelle. La priorit\u00e9 de l&rsquo;AS Saint-\u00c9tienne restera de r\u00e9gler ses soucis de gouvernance.<\/p>\n","protected":false},"excerpt":{"rendered":"<p>La saison 2020-2021 \u00e9tant proche de rendre son verdict, les clubs peuvent plancher sur la prochaine. \u00c0 quoi ressemblera le mercato de l&rsquo;AS Saint-\u00c9tienne ? On y r\u00e9pond.<\/p>\n","protected":false},"author":39,"featured_media":127943,"comment_status":"open","ping_status":"closed","sticky":false,"template":"","format":"standard","meta":{"_acf_changed":false,"_daextam_enable_autolinks":"","footnotes":""},"categories":[2301],"tags":[2871,1206,75,1554,1555],"class_list":["post-126807","post","type-post","status-publish","format-standard","has-post-thumbnail","hentry","category-football","tag-as-saint-etienne","tag-asse","tag-football","tag-ligue-1","tag-mercato"],"acf":[],"yoast_head":"<!-- This site is optimized with the Yoast SEO Premium plugin v26.7 (Yoast SEO v26.7) - https:\/\/yoast.com\/wordpress\/plugins\/seo\/ -->\n<title>Ligue 1 - Transferts : quel mercato pour l&#039;AS Saint-\u00c9tienne ?<\/title>\n<meta name=\"description\" content=\"La saison 2020-2021 \u00e9tant proche de rendre son verdict, les clubs peuvent plancher sur la prochaine. \u00c0 quoi ressemblera le mercato de l&#039;AS Saint-\u00c9tienne ?\" \/>\n<meta name=\"robots\" content=\"index, follow, max-snippet:-1, max-image-preview:large, max-video-preview:-1\" \/>\n<link rel=\"canonical\" href=\"https:\/\/dicodusport.fr\/blog\/ligue-1-transferts-quel-mercato-pour-las-saint-etienne\/\" \/>\n<meta property=\"og:locale\" content=\"fr_FR\" \/>\n<meta property=\"og:type\" content=\"article\" \/>\n<meta property=\"og:title\" content=\"Ligue 1 - Transferts : quel mercato pour l&#039;AS Saint-\u00c9tienne ?\" \/>\n<meta property=\"og:description\" content=\"La saison 2020-2021 \u00e9tant proche de rendre son verdict, les clubs peuvent plancher sur la prochaine. \u00c0 quoi ressemblera le mercato de l&#039;AS Saint-\u00c9tienne ?\" \/>\n<meta property=\"og:url\" content=\"https:\/\/dicodusport.fr\/blog\/ligue-1-transferts-quel-mercato-pour-las-saint-etienne\/\" \/>\n<meta property=\"og:site_name\" content=\"Dicodusport\" \/>\n<meta property=\"article:publisher\" content=\"https:\/\/www.facebook.com\/dicodusport\" \/>\n<meta property=\"article:published_time\" content=\"2021-05-20T08:25:31+00:00\" \/>\n<meta property=\"article:modified_time\" content=\"2021-05-20T08:53:39+00:00\" \/>\n<meta property=\"og:image\" content=\"https:\/\/dicodusport.fr\/blog\/wp-content\/uploads\/2021\/05\/Ligue-1-Transferts-quel-mercato-pour-lAS-Saint-Etienne.jpg\" \/>\n\t<meta property=\"og:image:width\" content=\"800\" \/>\n\t<meta property=\"og:image:height\" content=\"445\" \/>\n\t<meta property=\"og:image:type\" content=\"image\/jpeg\" \/>\n<meta name=\"author\" content=\"Idriss Ahamada\" \/>\n<meta name=\"twitter:card\" content=\"summary_large_image\" \/>\n<meta name=\"twitter:title\" content=\"Ligue 1 - Transferts : quel mercato pour l&#039;AS Saint-\u00c9tienne ?\" \/>\n<meta name=\"twitter:creator\" content=\"@https:\/\/twitter.com\/idriss_ia7\" \/>\n<meta name=\"twitter:site\" content=\"@dicodusport\" \/>\n<script type=\"application\/ld+json\" class=\"yoast-schema-graph\">{\"@context\":\"https:\/\/schema.org\",\"@graph\":[{\"@type\":\"NewsArticle\",\"@id\":\"https:\/\/dicodusport.fr\/blog\/ligue-1-transferts-quel-mercato-pour-las-saint-etienne\/#article\",\"isPartOf\":{\"@id\":\"https:\/\/dicodusport.fr\/blog\/ligue-1-transferts-quel-mercato-pour-las-saint-etienne\/\"},\"author\":{\"name\":\"Idriss Ahamada\",\"@id\":\"https:\/\/dicodusport.fr\/blog\/#\/schema\/person\/f3797823174b5e2975b9efe0302f16f4\"},\"headline\":\"Ligue 1 &#8211; Transferts : quel mercato pour l&rsquo;AS Saint-\u00c9tienne ?\",\"datePublished\":\"2021-05-20T08:25:31+00:00\",\"dateModified\":\"2021-05-20T08:53:39+00:00\",\"mainEntityOfPage\":{\"@id\":\"https:\/\/dicodusport.fr\/blog\/ligue-1-transferts-quel-mercato-pour-las-saint-etienne\/\"},\"wordCount\":616,\"commentCount\":0,\"publisher\":{\"@id\":\"https:\/\/dicodusport.fr\/blog\/#organization\"},\"image\":{\"@id\":\"https:\/\/dicodusport.fr\/blog\/ligue-1-transferts-quel-mercato-pour-las-saint-etienne\/#primaryimage\"},\"thumbnailUrl\":\"https:\/\/dicodusport.fr\/blog\/wp-content\/uploads\/2021\/05\/Ligue-1-Transferts-quel-mercato-pour-lAS-Saint-Etienne.jpg\",\"keywords\":[\"AS Saint-Etienne\",\"ASSE\",\"Football\",\"Ligue 1\",\"Mercato\"],\"articleSection\":[\"Football\"],\"inLanguage\":\"fr-FR\",\"potentialAction\":[{\"@type\":\"CommentAction\",\"name\":\"Comment\",\"target\":[\"https:\/\/dicodusport.fr\/blog\/ligue-1-transferts-quel-mercato-pour-las-saint-etienne\/#respond\"]}],\"copyrightYear\":\"2021\",\"copyrightHolder\":{\"@id\":\"https:\/\/dicodusport.fr\/blog\/#organization\"}},{\"@type\":\"WebPage\",\"@id\":\"https:\/\/dicodusport.fr\/blog\/ligue-1-transferts-quel-mercato-pour-las-saint-etienne\/\",\"url\":\"https:\/\/dicodusport.fr\/blog\/ligue-1-transferts-quel-mercato-pour-las-saint-etienne\/\",\"name\":\"Ligue 1 - Transferts : quel mercato pour l'AS Saint-\u00c9tienne ?\",\"isPartOf\":{\"@id\":\"https:\/\/dicodusport.fr\/blog\/#website\"},\"primaryImageOfPage\":{\"@id\":\"https:\/\/dicodusport.fr\/blog\/ligue-1-transferts-quel-mercato-pour-las-saint-etienne\/#primaryimage\"},\"image\":{\"@id\":\"https:\/\/dicodusport.fr\/blog\/ligue-1-transferts-quel-mercato-pour-las-saint-etienne\/#primaryimage\"},\"thumbnailUrl\":\"https:\/\/dicodusport.fr\/blog\/wp-content\/uploads\/2021\/05\/Ligue-1-Transferts-quel-mercato-pour-lAS-Saint-Etienne.jpg\",\"datePublished\":\"2021-05-20T08:25:31+00:00\",\"dateModified\":\"2021-05-20T08:53:39+00:00\",\"description\":\"La saison 2020-2021 \u00e9tant proche de rendre son verdict, les clubs peuvent plancher sur la prochaine. \u00c0 quoi ressemblera le mercato de l'AS Saint-\u00c9tienne ?\",\"breadcrumb\":{\"@id\":\"https:\/\/dicodusport.fr\/blog\/ligue-1-transferts-quel-mercato-pour-las-saint-etienne\/#breadcrumb\"},\"inLanguage\":\"fr-FR\",\"potentialAction\":[{\"@type\":\"ReadAction\",\"target\":[\"https:\/\/dicodusport.fr\/blog\/ligue-1-transferts-quel-mercato-pour-las-saint-etienne\/\"]}]},{\"@type\":\"ImageObject\",\"inLanguage\":\"fr-FR\",\"@id\":\"https:\/\/dicodusport.fr\/blog\/ligue-1-transferts-quel-mercato-pour-las-saint-etienne\/#primaryimage\",\"url\":\"https:\/\/dicodusport.fr\/blog\/wp-content\/uploads\/2021\/05\/Ligue-1-Transferts-quel-mercato-pour-lAS-Saint-Etienne.jpg\",\"contentUrl\":\"https:\/\/dicodusport.fr\/blog\/wp-content\/uploads\/2021\/05\/Ligue-1-Transferts-quel-mercato-pour-lAS-Saint-Etienne.jpg\",\"width\":800,\"height\":445},{\"@type\":\"BreadcrumbList\",\"@id\":\"https:\/\/dicodusport.fr\/blog\/ligue-1-transferts-quel-mercato-pour-las-saint-etienne\/#breadcrumb\",\"itemListElement\":[{\"@type\":\"ListItem\",\"position\":1,\"name\":\"Accueil\",\"item\":\"https:\/\/dicodusport.fr\/blog\/\"},{\"@type\":\"ListItem\",\"position\":2,\"name\":\"Ligue 1 &#8211; Transferts : quel mercato pour l&rsquo;AS Saint-\u00c9tienne ?\"}]},{\"@type\":\"WebSite\",\"@id\":\"https:\/\/dicodusport.fr\/blog\/#website\",\"url\":\"https:\/\/dicodusport.fr\/blog\/\",\"name\":\"Dicodusport\",\"description\":\"L&#039;encyclop\u00e9die de l&#039;actualit\u00e9 sportive\",\"publisher\":{\"@id\":\"https:\/\/dicodusport.fr\/blog\/#organization\"},\"potentialAction\":[{\"@type\":\"SearchAction\",\"target\":{\"@type\":\"EntryPoint\",\"urlTemplate\":\"https:\/\/dicodusport.fr\/blog\/?s={search_term_string}\"},\"query-input\":{\"@type\":\"PropertyValueSpecification\",\"valueRequired\":true,\"valueName\":\"search_term_string\"}}],\"inLanguage\":\"fr-FR\"},{\"@type\":\"NewsMediaOrganization\",\"@id\":\"https:\/\/dicodusport.fr\/blog\/#organization\",\"name\":\"Dicodusport\",\"url\":\"https:\/\/dicodusport.fr\/blog\/\",\"logo\":{\"@type\":\"ImageObject\",\"inLanguage\":\"fr-FR\",\"@id\":\"https:\/\/dicodusport.fr\/blog\/#\/schema\/logo\/image\/\",\"url\":\"https:\/\/dicodusport.fr\/blog\/wp-content\/uploads\/2020\/06\/cropped-LOGO-DICODUSPORT-2020-SANS-FOND-SANS-TEXTE.png\",\"contentUrl\":\"https:\/\/dicodusport.fr\/blog\/wp-content\/uploads\/2020\/06\/cropped-LOGO-DICODUSPORT-2020-SANS-FOND-SANS-TEXTE.png\",\"width\":512,\"height\":512,\"caption\":\"Dicodusport\"},\"image\":{\"@id\":\"https:\/\/dicodusport.fr\/blog\/#\/schema\/logo\/image\/\"},\"sameAs\":[\"https:\/\/www.facebook.com\/dicodusport\",\"https:\/\/x.com\/dicodusport\",\"https:\/\/www.instagram.com\/dicodusport\/\",\"https:\/\/www.youtube.com\/channel\/UC7V2KZ5sd3htJivAbA4ZG3w\"],\"description\":\"Dicodusport est l'encyclop\u00e9die de l'actualit\u00e9 sportive.\",\"email\":\"bonjour@dicodusport.fr\",\"legalName\":\"DICODUSPORT\",\"foundingDate\":\"2018-01-14\",\"vatID\":\"FR71834470973\",\"taxID\":\"83447097300043\",\"numberOfEmployees\":{\"@type\":\"QuantitativeValue\",\"minValue\":\"1\",\"maxValue\":\"10\"}},{\"@type\":\"Person\",\"@id\":\"https:\/\/dicodusport.fr\/blog\/#\/schema\/person\/f3797823174b5e2975b9efe0302f16f4\",\"name\":\"Idriss Ahamada\",\"image\":{\"@type\":\"ImageObject\",\"inLanguage\":\"fr-FR\",\"@id\":\"https:\/\/dicodusport.fr\/blog\/#\/schema\/person\/image\/\",\"url\":\"https:\/\/dicodusport.fr\/blog\/wp-content\/uploads\/2021\/04\/Maillot-Idriss-Dicodusport-150x150.png\",\"contentUrl\":\"https:\/\/dicodusport.fr\/blog\/wp-content\/uploads\/2021\/04\/Maillot-Idriss-Dicodusport-150x150.png\",\"caption\":\"Idriss Ahamada\"},\"description\":\"Passionn\u00e9 de sport depuis toujours, c\u2019est tout naturellement qu\u2019apr\u00e8s avoir compris que je n\u2019avais pas le niveau pour jouer \u00e0 Manchester United, et pas la force n\u00e9cessaire pour combattre \u00e0 l\u2019UFC que je me suis tourn\u00e9 vers le journalisme pour raconter les exploits et les histoires de ceux qui en sont capables. Le football, surtout quand il est jou\u00e9 en Angleterre, reste mon premier amour. Mais j\u2019aime aussi veiller la nuit pour vous parler de KO et de victoires unanimes \u00e0 l\u2019UFC ou sur les rings de boxe. Mon c\u00f4t\u00e9 fan de Wayne Rooney m\u2019a \u00e9galement pouss\u00e9 \u00e0 devenir polyvalent et \u00e0 parler aussi de rugby (\u00e0 XIII comme \u00e0 XV) et occasionnellement de cyclisme. C\u2019est donc logiquement que j\u2019ai rejoint Dicodusport, pour pouvoir parler de l\u2019actualit\u00e9, sur tous les terrains.\",\"sameAs\":[\"https:\/\/x.com\/https:\/\/twitter.com\/idriss_ia7\"],\"url\":\"https:\/\/dicodusport.fr\/blog\/author\/idriss\/\"}]}<\/script>\n<!-- \/ Yoast SEO Premium plugin. -->","yoast_head_json":{"title":"Ligue 1 - Transferts : quel mercato pour l'AS Saint-\u00c9tienne ?","description":"La saison 2020-2021 \u00e9tant proche de rendre son verdict, les clubs peuvent plancher sur la prochaine. \u00c0 quoi ressemblera le mercato de l'AS Saint-\u00c9tienne ?","robots":{"index":"index","follow":"follow","max-snippet":"max-snippet:-1","max-image-preview":"max-image-preview:large","max-video-preview":"max-video-preview:-1"},"canonical":"https:\/\/dicodusport.fr\/blog\/ligue-1-transferts-quel-mercato-pour-las-saint-etienne\/","og_locale":"fr_FR","og_type":"article","og_title":"Ligue 1 - Transferts : quel mercato pour l'AS Saint-\u00c9tienne ?","og_description":"La saison 2020-2021 \u00e9tant proche de rendre son verdict, les clubs peuvent plancher sur la prochaine. \u00c0 quoi ressemblera le mercato de l'AS Saint-\u00c9tienne ?","og_url":"https:\/\/dicodusport.fr\/blog\/ligue-1-transferts-quel-mercato-pour-las-saint-etienne\/","og_site_name":"Dicodusport","article_publisher":"https:\/\/www.facebook.com\/dicodusport","article_published_time":"2021-05-20T08:25:31+00:00","article_modified_time":"2021-05-20T08:53:39+00:00","og_image":[{"width":800,"height":445,"url":"https:\/\/dicodusport.fr\/blog\/wp-content\/uploads\/2021\/05\/Ligue-1-Transferts-quel-mercato-pour-lAS-Saint-Etienne.jpg","type":"image\/jpeg"}],"author":"Idriss Ahamada","twitter_card":"summary_large_image","twitter_title":"Ligue 1 - Transferts : quel mercato pour l'AS Saint-\u00c9tienne ?","twitter_creator":"@https:\/\/twitter.com\/idriss_ia7","twitter_site":"@dicodusport","schema":{"@context":"https:\/\/schema.org","@graph":[{"@type":"NewsArticle","@id":"https:\/\/dicodusport.fr\/blog\/ligue-1-transferts-quel-mercato-pour-las-saint-etienne\/#article","isPartOf":{"@id":"https:\/\/dicodusport.fr\/blog\/ligue-1-transferts-quel-mercato-pour-las-saint-etienne\/"},"author":{"name":"Idriss Ahamada","@id":"https:\/\/dicodusport.fr\/blog\/#\/schema\/person\/f3797823174b5e2975b9efe0302f16f4"},"headline":"Ligue 1 &#8211; Transferts : quel mercato pour l&rsquo;AS Saint-\u00c9tienne ?","datePublished":"2021-05-20T08:25:31+00:00","dateModified":"2021-05-20T08:53:39+00:00","mainEntityOfPage":{"@id":"https:\/\/dicodusport.fr\/blog\/ligue-1-transferts-quel-mercato-pour-las-saint-etienne\/"},"wordCount":616,"commentCount":0,"publisher":{"@id":"https:\/\/dicodusport.fr\/blog\/#organization"},"image":{"@id":"https:\/\/dicodusport.fr\/blog\/ligue-1-transferts-quel-mercato-pour-las-saint-etienne\/#primaryimage"},"thumbnailUrl":"https:\/\/dicodusport.fr\/blog\/wp-content\/uploads\/2021\/05\/Ligue-1-Transferts-quel-mercato-pour-lAS-Saint-Etienne.jpg","keywords":["AS Saint-Etienne","ASSE","Football","Ligue 1","Mercato"],"articleSection":["Football"],"inLanguage":"fr-FR","potentialAction":[{"@type":"CommentAction","name":"Comment","target":["https:\/\/dicodusport.fr\/blog\/ligue-1-transferts-quel-mercato-pour-las-saint-etienne\/#respond"]}],"copyrightYear":"2021","copyrightHolder":{"@id":"https:\/\/dicodusport.fr\/blog\/#organization"}},{"@type":"WebPage","@id":"https:\/\/dicodusport.fr\/blog\/ligue-1-transferts-quel-mercato-pour-las-saint-etienne\/","url":"https:\/\/dicodusport.fr\/blog\/ligue-1-transferts-quel-mercato-pour-las-saint-etienne\/","name":"Ligue 1 - Transferts : quel mercato pour l'AS Saint-\u00c9tienne ?","isPartOf":{"@id":"https:\/\/dicodusport.fr\/blog\/#website"},"primaryImageOfPage":{"@id":"https:\/\/dicodusport.fr\/blog\/ligue-1-transferts-quel-mercato-pour-las-saint-etienne\/#primaryimage"},"image":{"@id":"https:\/\/dicodusport.fr\/blog\/ligue-1-transferts-quel-mercato-pour-las-saint-etienne\/#primaryimage"},"thumbnailUrl":"https:\/\/dicodusport.fr\/blog\/wp-content\/uploads\/2021\/05\/Ligue-1-Transferts-quel-mercato-pour-lAS-Saint-Etienne.jpg","datePublished":"2021-05-20T08:25:31+00:00","dateModified":"2021-05-20T08:53:39+00:00","description":"La saison 2020-2021 \u00e9tant proche de rendre son verdict, les clubs peuvent plancher sur la prochaine. \u00c0 quoi ressemblera le mercato de l'AS Saint-\u00c9tienne ?","breadcrumb":{"@id":"https:\/\/dicodusport.fr\/blog\/ligue-1-transferts-quel-mercato-pour-las-saint-etienne\/#breadcrumb"},"inLanguage":"fr-FR","potentialAction":[{"@type":"ReadAction","target":["https:\/\/dicodusport.fr\/blog\/ligue-1-transferts-quel-mercato-pour-las-saint-etienne\/"]}]},{"@type":"ImageObject","inLanguage":"fr-FR","@id":"https:\/\/dicodusport.fr\/blog\/ligue-1-transferts-quel-mercato-pour-las-saint-etienne\/#primaryimage","url":"https:\/\/dicodusport.fr\/blog\/wp-content\/uploads\/2021\/05\/Ligue-1-Transferts-quel-mercato-pour-lAS-Saint-Etienne.jpg","contentUrl":"https:\/\/dicodusport.fr\/blog\/wp-content\/uploads\/2021\/05\/Ligue-1-Transferts-quel-mercato-pour-lAS-Saint-Etienne.jpg","width":800,"height":445},{"@type":"BreadcrumbList","@id":"https:\/\/dicodusport.fr\/blog\/ligue-1-transferts-quel-mercato-pour-las-saint-etienne\/#breadcrumb","itemListElement":[{"@type":"ListItem","position":1,"name":"Accueil","item":"https:\/\/dicodusport.fr\/blog\/"},{"@type":"ListItem","position":2,"name":"Ligue 1 &#8211; Transferts : quel mercato pour l&rsquo;AS Saint-\u00c9tienne ?"}]},{"@type":"WebSite","@id":"https:\/\/dicodusport.fr\/blog\/#website","url":"https:\/\/dicodusport.fr\/blog\/","name":"Dicodusport","description":"L&#039;encyclop\u00e9die de l&#039;actualit\u00e9 sportive","publisher":{"@id":"https:\/\/dicodusport.fr\/blog\/#organization"},"potentialAction":[{"@type":"SearchAction","target":{"@type":"EntryPoint","urlTemplate":"https:\/\/dicodusport.fr\/blog\/?s={search_term_string}"},"query-input":{"@type":"PropertyValueSpecification","valueRequired":true,"valueName":"search_term_string"}}],"inLanguage":"fr-FR"},{"@type":"NewsMediaOrganization","@id":"https:\/\/dicodusport.fr\/blog\/#organization","name":"Dicodusport","url":"https:\/\/dicodusport.fr\/blog\/","logo":{"@type":"ImageObject","inLanguage":"fr-FR","@id":"https:\/\/dicodusport.fr\/blog\/#\/schema\/logo\/image\/","url":"https:\/\/dicodusport.fr\/blog\/wp-content\/uploads\/2020\/06\/cropped-LOGO-DICODUSPORT-2020-SANS-FOND-SANS-TEXTE.png","contentUrl":"https:\/\/dicodusport.fr\/blog\/wp-content\/uploads\/2020\/06\/cropped-LOGO-DICODUSPORT-2020-SANS-FOND-SANS-TEXTE.png","width":512,"height":512,"caption":"Dicodusport"},"image":{"@id":"https:\/\/dicodusport.fr\/blog\/#\/schema\/logo\/image\/"},"sameAs":["https:\/\/www.facebook.com\/dicodusport","https:\/\/x.com\/dicodusport","https:\/\/www.instagram.com\/dicodusport\/","https:\/\/www.youtube.com\/channel\/UC7V2KZ5sd3htJivAbA4ZG3w"],"description":"Dicodusport est l'encyclop\u00e9die de l'actualit\u00e9 sportive.","email":"bonjour@dicodusport.fr","legalName":"DICODUSPORT","foundingDate":"2018-01-14","vatID":"FR71834470973","taxID":"83447097300043","numberOfEmployees":{"@type":"QuantitativeValue","minValue":"1","maxValue":"10"}},{"@type":"Person","@id":"https:\/\/dicodusport.fr\/blog\/#\/schema\/person\/f3797823174b5e2975b9efe0302f16f4","name":"Idriss Ahamada","image":{"@type":"ImageObject","inLanguage":"fr-FR","@id":"https:\/\/dicodusport.fr\/blog\/#\/schema\/person\/image\/","url":"https:\/\/dicodusport.fr\/blog\/wp-content\/uploads\/2021\/04\/Maillot-Idriss-Dicodusport-150x150.png","contentUrl":"https:\/\/dicodusport.fr\/blog\/wp-content\/uploads\/2021\/04\/Maillot-Idriss-Dicodusport-150x150.png","caption":"Idriss Ahamada"},"description":"Passionn\u00e9 de sport depuis toujours, c\u2019est tout naturellement qu\u2019apr\u00e8s avoir compris que je n\u2019avais pas le niveau pour jouer \u00e0 Manchester United, et pas la force n\u00e9cessaire pour combattre \u00e0 l\u2019UFC que je me suis tourn\u00e9 vers le journalisme pour raconter les exploits et les histoires de ceux qui en sont capables. Le football, surtout quand il est jou\u00e9 en Angleterre, reste mon premier amour. Mais j\u2019aime aussi veiller la nuit pour vous parler de KO et de victoires unanimes \u00e0 l\u2019UFC ou sur les rings de boxe. Mon c\u00f4t\u00e9 fan de Wayne Rooney m\u2019a \u00e9galement pouss\u00e9 \u00e0 devenir polyvalent et \u00e0 parler aussi de rugby (\u00e0 XIII comme \u00e0 XV) et occasionnellement de cyclisme. C\u2019est donc logiquement que j\u2019ai rejoint Dicodusport, pour pouvoir parler de l\u2019actualit\u00e9, sur tous les terrains.","sameAs":["https:\/\/x.com\/https:\/\/twitter.com\/idriss_ia7"],"url":"https:\/\/dicodusport.fr\/blog\/author\/idriss\/"}]}},"_links":{"self":[{"href":"https:\/\/dicodusport.fr\/blog\/wp-json\/wp\/v2\/posts\/126807","targetHints":{"allow":["GET"]}}],"collection":[{"href":"https:\/\/dicodusport.fr\/blog\/wp-json\/wp\/v2\/posts"}],"about":[{"href":"https:\/\/dicodusport.fr\/blog\/wp-json\/wp\/v2\/types\/post"}],"author":[{"embeddable":true,"href":"https:\/\/dicodusport.fr\/blog\/wp-json\/wp\/v2\/users\/39"}],"replies":[{"embeddable":true,"href":"https:\/\/dicodusport.fr\/blog\/wp-json\/wp\/v2\/comments?post=126807"}],"version-history":[{"count":0,"href":"https:\/\/dicodusport.fr\/blog\/wp-json\/wp\/v2\/posts\/126807\/revisions"}],"wp:featuredmedia":[{"embeddable":true,"href":"https:\/\/dicodusport.fr\/blog\/wp-json\/wp\/v2\/media\/127943"}],"wp:attachment":[{"href":"https:\/\/dicodusport.fr\/blog\/wp-json\/wp\/v2\/media?parent=126807"}],"wp:term":[{"taxonomy":"category","embeddable":true,"href":"https:\/\/dicodusport.fr\/blog\/wp-json\/wp\/v2\/categories?post=126807"},{"taxonomy":"post_tag","embeddable":true,"href":"https:\/\/dicodusport.fr\/blog\/wp-json\/wp\/v2\/tags?post=126807"}],"curies":[{"name":"wp","href":"https:\/\/api.w.org\/{rel}","templated":true}]}}