{"id":126952,"date":"2021-05-04T16:48:05","date_gmt":"2021-05-04T14:48:05","guid":{"rendered":"https:\/\/dicodusport.fr\/blog\/?p=126952"},"modified":"2021-05-04T17:20:53","modified_gmt":"2021-05-04T15:20:53","slug":"ligue-magnus-rouen-et-amiens-representeront-le-france-dans-les-coupes-d-europe","status":"publish","type":"post","link":"https:\/\/dicodusport.fr\/blog\/ligue-magnus-rouen-et-amiens-representeront-le-france-dans-les-coupes-d-europe\/","title":{"rendered":"Ligue Magnus\u00a0: Rouen et Amiens repr\u00e9senteront la France dans les Coupes d\u2019Europe"},"content":{"rendered":"<p align=\"justify\"><i><b>HOCKEY SUR GLACE &#8211; Le COVID ayant boulevers\u00e9 les comp\u00e9titions, la FFHG a d\u00fb statuer sur le choix \u00e0 faire pour distribuer les participants aux prochaines Coupes d\u2019Europe. Champion de France 2021, Rouen disputera la CHL tandis qu\u2019Amiens, vainqueur de la Coupe de France 2020 prendre part \u00e0 la Continental Cup.<\/b><\/i><\/p>\n<p align=\"justify\">C\u2019est un cas assez rare pour \u00eatre soulign\u00e9. Alors qu\u2019habituellement, les qualifications europ\u00e9ennes coulent de source en raison d\u2019un r\u00e8glement incontestable, cette ann\u00e9e fait office d\u2019exception. Avec le COVID 19 et les confinements d\u00e9cr\u00e9t\u00e9s aux printemps 2020 et 2021, la FFHG a \u00e9t\u00e9 dans l\u2019obligation de s\u2019adapter alors que le calendrier de fin de saison des diff\u00e9rentes comp\u00e9titions se termine \u00e0 cette p\u00e9riode.<\/p>\n<h2 align=\"justify\"><b>Le vainqueur de la derni\u00e8re Coupe de France privil\u00e9gi\u00e9<\/b><\/h2>\n<p align=\"justify\">Ainsi, il y avait plusieurs probl\u00e9matiques \u00e0 r\u00e9gler. En ce qui concerne la place qualificative pour la comp\u00e9tition reine, la CHL, le choix devait se faire entre les deux derniers vainqueurs de la Ligue Magnus, <b>Grenoble<\/b> en 2020, et <b>Rouen<\/b> en 2021. N\u2019ayant pu prendre part \u00e0 la comp\u00e9tition cette saison puisqu\u2019elle a \u00e9t\u00e9 annul\u00e9e en raison des probl\u00e8mes li\u00e9s \u00e0 la pand\u00e9mie, les Br\u00fbleurs de Loups ne verront pas l\u2019Europe la saison prochaine non plus. Comme l\u2019on pouvait s\u2019y attendre, la F\u00e9d\u00e9ration a l\u00e9gitimement favoris\u00e9 la qualification des Dragons, champion le plus r\u00e9cent.<\/p>\n<p align=\"justify\">En ce qui concerne la place pour la Continental Cup, le flou \u00e9tait plus \u00e9pais. La Coupe de France n\u2019ayant eu ni vainqueur, ni finaliste en raison de son annulation, \u00e7a aurait d\u00fb \u00eatre le finaliste de <strong>Ligue Magnus<\/strong> qui d\u00e9croche le ticket. \u00c9tant donn\u00e9 que les Play-Offs n\u2019ont pas eu lieu, le r\u00e8glement n\u2019\u00e9tait plus en capacit\u00e9 de donner un choix clair. Ainsi, les clubs d\u2019<b>Angers <\/b>(2<sup>e<\/sup> de Ligue Magnus en 2021) et d\u2019<b>Amiens<\/b> (Vainqueur de la Coupe de France 2020) \u00e9taient en concurrence. Beaux joueurs, les pr\u00e9sidents des deux \u00e9quipes, Micka\u00ebl Juret (Angers) et Patrick Letellier (Amiens) ont laiss\u00e9 la f\u00e9d\u00e9ration prendre son choix sans exercer de pression particuli\u00e8re. Ce sont finalement les Gothiques qui ont \u00e9t\u00e9 privil\u00e9gi\u00e9s, et auront le bonheur de disputer la deuxi\u00e8me Coupe d\u2019Europe la saison prochaine.<\/p>\n<blockquote class=\"twitter-tweet\">\n<p dir=\"ltr\" lang=\"fr\">&#x1f6a8; Communiqu\u00e9 FFHG &#x1f6a8;<\/p>\n<p>Coupes europ\u00e9ennes : les <a href=\"https:\/\/twitter.com\/DragonsdeRouen?ref_src=twsrc%5Etfw\">@DragonsdeRouen<\/a> en CHL, les <a href=\"https:\/\/twitter.com\/Gothiques_AHE?ref_src=twsrc%5Etfw\">@Gothiques_AHE<\/a> en Conti Cup &#x2935;&#xfe0f; <a href=\"https:\/\/t.co\/cLIkpTHEMI\">https:\/\/t.co\/cLIkpTHEMI<\/a><\/p>\n<p>\u2014 \u00c9quipes France Hockey (@Hockey_FRA) <a href=\"https:\/\/twitter.com\/Hockey_FRA\/status\/1389565198680350724?ref_src=twsrc%5Etfw\">May 4, 2021<\/a><\/p><\/blockquote>\n<p><script async src=\"https:\/\/platform.twitter.com\/widgets.js\" charset=\"utf-8\"><\/script><\/p>\n","protected":false},"excerpt":{"rendered":"<p>HOCKEY SUR GLACE &#8211; Le COVID ayant boulevers\u00e9 les comp\u00e9titions, la FFHG a d\u00fb statuer sur le choix \u00e0 faire pour distribuer les participants aux prochaines Coupes d\u2019Europe. Champion de France 2021, Rouen disputera la CHL tandis qu\u2019Amiens, vainqueur de la Coupe de France 2020 prendre part \u00e0 la Continental Cup.<\/p>\n","protected":false},"author":55,"featured_media":126963,"comment_status":"open","ping_status":"closed","sticky":false,"template":"","format":"standard","meta":{"_acf_changed":false,"_daextam_enable_autolinks":"","footnotes":""},"categories":[10575],"tags":[1731,3214,836,3973],"class_list":["post-126952","post","type-post","status-publish","format-standard","has-post-thumbnail","hentry","category-hockey-sur-glace","tag-amiens","tag-angers","tag-ligue-magnus","tag-rouen"],"acf":[],"yoast_head":"<!-- This site is optimized with the Yoast SEO Premium plugin v26.7 (Yoast SEO v26.7) - https:\/\/yoast.com\/wordpress\/plugins\/seo\/ -->\n<title>Ligue Magnus\u00a0: Rouen et Amiens repr\u00e9senteront la France dans les Coupes d\u2019Europe<\/title>\n<meta name=\"description\" content=\"Derniers vainqueurs respectifs de la Ligue Magnus et de la Coupe de France, Rouen et Amiens participeront aux prochaines Coupes d&#039;Europe.\" \/>\n<meta name=\"robots\" content=\"index, follow, max-snippet:-1, max-image-preview:large, max-video-preview:-1\" \/>\n<link rel=\"canonical\" href=\"https:\/\/dicodusport.fr\/blog\/ligue-magnus-rouen-et-amiens-representeront-le-france-dans-les-coupes-d-europe\/\" \/>\n<meta property=\"og:locale\" content=\"fr_FR\" \/>\n<meta property=\"og:type\" content=\"article\" \/>\n<meta property=\"og:title\" content=\"Ligue Magnus\u00a0: Rouen et Amiens repr\u00e9senteront la France dans les Coupes d\u2019Europe\" \/>\n<meta property=\"og:description\" content=\"Derniers vainqueurs respectifs de la Ligue Magnus et de la Coupe de France, Rouen et Amiens participeront aux prochaines Coupes d&#039;Europe.\" \/>\n<meta property=\"og:url\" content=\"https:\/\/dicodusport.fr\/blog\/ligue-magnus-rouen-et-amiens-representeront-le-france-dans-les-coupes-d-europe\/\" \/>\n<meta property=\"og:site_name\" content=\"Dicodusport\" \/>\n<meta property=\"article:publisher\" content=\"https:\/\/www.facebook.com\/dicodusport\" \/>\n<meta property=\"article:published_time\" content=\"2021-05-04T14:48:05+00:00\" \/>\n<meta property=\"article:modified_time\" content=\"2021-05-04T15:20:53+00:00\" \/>\n<meta property=\"og:image\" content=\"https:\/\/dicodusport.fr\/blog\/wp-content\/uploads\/2021\/05\/Ligue-Magnus-Rouen-et-Amiens-representeront-le-France-dans-les-Coupes-dEurope.png\" \/>\n\t<meta property=\"og:image:width\" content=\"800\" \/>\n\t<meta property=\"og:image:height\" content=\"445\" \/>\n\t<meta property=\"og:image:type\" content=\"image\/png\" \/>\n<meta name=\"author\" content=\"Maxime Cazenave\" \/>\n<meta name=\"twitter:card\" content=\"summary_large_image\" \/>\n<meta name=\"twitter:title\" content=\"Ligue Magnus\u00a0: Rouen et Amiens repr\u00e9senteront la France dans les Coupes d\u2019Europe\" \/>\n<meta name=\"twitter:creator\" content=\"@https:\/\/twitter.com\/Maxime_Caze\" \/>\n<meta name=\"twitter:site\" content=\"@dicodusport\" \/>\n<script type=\"application\/ld+json\" class=\"yoast-schema-graph\">{\"@context\":\"https:\/\/schema.org\",\"@graph\":[{\"@type\":\"NewsArticle\",\"@id\":\"https:\/\/dicodusport.fr\/blog\/ligue-magnus-rouen-et-amiens-representeront-le-france-dans-les-coupes-d-europe\/#article\",\"isPartOf\":{\"@id\":\"https:\/\/dicodusport.fr\/blog\/ligue-magnus-rouen-et-amiens-representeront-le-france-dans-les-coupes-d-europe\/\"},\"author\":{\"name\":\"Maxime Cazenave\",\"@id\":\"https:\/\/dicodusport.fr\/blog\/#\/schema\/person\/37def232098a7a5cbab3974a3690abb0\"},\"headline\":\"Ligue Magnus\u00a0: Rouen et Amiens repr\u00e9senteront la France dans les Coupes d\u2019Europe\",\"datePublished\":\"2021-05-04T14:48:05+00:00\",\"dateModified\":\"2021-05-04T15:20:53+00:00\",\"mainEntityOfPage\":{\"@id\":\"https:\/\/dicodusport.fr\/blog\/ligue-magnus-rouen-et-amiens-representeront-le-france-dans-les-coupes-d-europe\/\"},\"wordCount\":437,\"commentCount\":0,\"publisher\":{\"@id\":\"https:\/\/dicodusport.fr\/blog\/#organization\"},\"image\":{\"@id\":\"https:\/\/dicodusport.fr\/blog\/ligue-magnus-rouen-et-amiens-representeront-le-france-dans-les-coupes-d-europe\/#primaryimage\"},\"thumbnailUrl\":\"https:\/\/dicodusport.fr\/blog\/wp-content\/uploads\/2021\/05\/Ligue-Magnus-Rouen-et-Amiens-representeront-le-France-dans-les-Coupes-dEurope.png\",\"keywords\":[\"Amiens\",\"Angers\",\"ligue magnus\",\"rouen\"],\"articleSection\":[\"Hockey sur glace\"],\"inLanguage\":\"fr-FR\",\"potentialAction\":[{\"@type\":\"CommentAction\",\"name\":\"Comment\",\"target\":[\"https:\/\/dicodusport.fr\/blog\/ligue-magnus-rouen-et-amiens-representeront-le-france-dans-les-coupes-d-europe\/#respond\"]}],\"copyrightYear\":\"2021\",\"copyrightHolder\":{\"@id\":\"https:\/\/dicodusport.fr\/blog\/#organization\"}},{\"@type\":\"WebPage\",\"@id\":\"https:\/\/dicodusport.fr\/blog\/ligue-magnus-rouen-et-amiens-representeront-le-france-dans-les-coupes-d-europe\/\",\"url\":\"https:\/\/dicodusport.fr\/blog\/ligue-magnus-rouen-et-amiens-representeront-le-france-dans-les-coupes-d-europe\/\",\"name\":\"Ligue Magnus\u00a0: Rouen et Amiens repr\u00e9senteront la France dans les Coupes d\u2019Europe\",\"isPartOf\":{\"@id\":\"https:\/\/dicodusport.fr\/blog\/#website\"},\"primaryImageOfPage\":{\"@id\":\"https:\/\/dicodusport.fr\/blog\/ligue-magnus-rouen-et-amiens-representeront-le-france-dans-les-coupes-d-europe\/#primaryimage\"},\"image\":{\"@id\":\"https:\/\/dicodusport.fr\/blog\/ligue-magnus-rouen-et-amiens-representeront-le-france-dans-les-coupes-d-europe\/#primaryimage\"},\"thumbnailUrl\":\"https:\/\/dicodusport.fr\/blog\/wp-content\/uploads\/2021\/05\/Ligue-Magnus-Rouen-et-Amiens-representeront-le-France-dans-les-Coupes-dEurope.png\",\"datePublished\":\"2021-05-04T14:48:05+00:00\",\"dateModified\":\"2021-05-04T15:20:53+00:00\",\"description\":\"Derniers vainqueurs respectifs de la Ligue Magnus et de la Coupe de France, Rouen et Amiens participeront aux prochaines Coupes d'Europe.\",\"breadcrumb\":{\"@id\":\"https:\/\/dicodusport.fr\/blog\/ligue-magnus-rouen-et-amiens-representeront-le-france-dans-les-coupes-d-europe\/#breadcrumb\"},\"inLanguage\":\"fr-FR\",\"potentialAction\":[{\"@type\":\"ReadAction\",\"target\":[\"https:\/\/dicodusport.fr\/blog\/ligue-magnus-rouen-et-amiens-representeront-le-france-dans-les-coupes-d-europe\/\"]}]},{\"@type\":\"ImageObject\",\"inLanguage\":\"fr-FR\",\"@id\":\"https:\/\/dicodusport.fr\/blog\/ligue-magnus-rouen-et-amiens-representeront-le-france-dans-les-coupes-d-europe\/#primaryimage\",\"url\":\"https:\/\/dicodusport.fr\/blog\/wp-content\/uploads\/2021\/05\/Ligue-Magnus-Rouen-et-Amiens-representeront-le-France-dans-les-Coupes-dEurope.png\",\"contentUrl\":\"https:\/\/dicodusport.fr\/blog\/wp-content\/uploads\/2021\/05\/Ligue-Magnus-Rouen-et-Amiens-representeront-le-France-dans-les-Coupes-dEurope.png\",\"width\":800,\"height\":445,\"caption\":\"Ligue Magnus\u00a0- Rouen et Amiens repr\u00e9senteront le France dans les Coupes d\u2019Europe\"},{\"@type\":\"BreadcrumbList\",\"@id\":\"https:\/\/dicodusport.fr\/blog\/ligue-magnus-rouen-et-amiens-representeront-le-france-dans-les-coupes-d-europe\/#breadcrumb\",\"itemListElement\":[{\"@type\":\"ListItem\",\"position\":1,\"name\":\"Accueil\",\"item\":\"https:\/\/dicodusport.fr\/blog\/\"},{\"@type\":\"ListItem\",\"position\":2,\"name\":\"Ligue Magnus\u00a0: Rouen et Amiens repr\u00e9senteront la France dans les Coupes d\u2019Europe\"}]},{\"@type\":\"WebSite\",\"@id\":\"https:\/\/dicodusport.fr\/blog\/#website\",\"url\":\"https:\/\/dicodusport.fr\/blog\/\",\"name\":\"Dicodusport\",\"description\":\"L&#039;encyclop\u00e9die de l&#039;actualit\u00e9 sportive\",\"publisher\":{\"@id\":\"https:\/\/dicodusport.fr\/blog\/#organization\"},\"potentialAction\":[{\"@type\":\"SearchAction\",\"target\":{\"@type\":\"EntryPoint\",\"urlTemplate\":\"https:\/\/dicodusport.fr\/blog\/?s={search_term_string}\"},\"query-input\":{\"@type\":\"PropertyValueSpecification\",\"valueRequired\":true,\"valueName\":\"search_term_string\"}}],\"inLanguage\":\"fr-FR\"},{\"@type\":\"NewsMediaOrganization\",\"@id\":\"https:\/\/dicodusport.fr\/blog\/#organization\",\"name\":\"Dicodusport\",\"url\":\"https:\/\/dicodusport.fr\/blog\/\",\"logo\":{\"@type\":\"ImageObject\",\"inLanguage\":\"fr-FR\",\"@id\":\"https:\/\/dicodusport.fr\/blog\/#\/schema\/logo\/image\/\",\"url\":\"https:\/\/dicodusport.fr\/blog\/wp-content\/uploads\/2020\/06\/cropped-LOGO-DICODUSPORT-2020-SANS-FOND-SANS-TEXTE.png\",\"contentUrl\":\"https:\/\/dicodusport.fr\/blog\/wp-content\/uploads\/2020\/06\/cropped-LOGO-DICODUSPORT-2020-SANS-FOND-SANS-TEXTE.png\",\"width\":512,\"height\":512,\"caption\":\"Dicodusport\"},\"image\":{\"@id\":\"https:\/\/dicodusport.fr\/blog\/#\/schema\/logo\/image\/\"},\"sameAs\":[\"https:\/\/www.facebook.com\/dicodusport\",\"https:\/\/x.com\/dicodusport\",\"https:\/\/www.instagram.com\/dicodusport\/\",\"https:\/\/www.youtube.com\/channel\/UC7V2KZ5sd3htJivAbA4ZG3w\"],\"description\":\"Dicodusport est l'encyclop\u00e9die de l'actualit\u00e9 sportive.\",\"email\":\"bonjour@dicodusport.fr\",\"legalName\":\"DICODUSPORT\",\"foundingDate\":\"2018-01-14\",\"vatID\":\"FR71834470973\",\"taxID\":\"83447097300043\",\"numberOfEmployees\":{\"@type\":\"QuantitativeValue\",\"minValue\":\"1\",\"maxValue\":\"10\"}},{\"@type\":\"Person\",\"@id\":\"https:\/\/dicodusport.fr\/blog\/#\/schema\/person\/37def232098a7a5cbab3974a3690abb0\",\"name\":\"Maxime Cazenave\",\"image\":{\"@type\":\"ImageObject\",\"inLanguage\":\"fr-FR\",\"@id\":\"https:\/\/dicodusport.fr\/blog\/#\/schema\/person\/image\/\",\"url\":\"https:\/\/dicodusport.fr\/blog\/wp-content\/uploads\/2021\/05\/Maxime-Cazenave-150x150.jpg\",\"contentUrl\":\"https:\/\/dicodusport.fr\/blog\/wp-content\/uploads\/2021\/05\/Maxime-Cazenave-150x150.jpg\",\"caption\":\"Maxime Cazenave\"},\"description\":\"Journaliste\/R\u00e9dacteur depuis 2012 - Berc\u00e9 par l\u2019amour des Girondins de Bordeaux, les \u00e9checs de Christophe Moreau sur le Tour de France sous l'\u00e8re Lance Armstrong et le fade-away l\u00e9tal de Dirk Nowitzki, ma passion d\u00e9vorante pour le sport a toujours \u00e9t\u00e9 un pan incontournable de ma vie. Transmettre ma passion \u00e0 l\u2019\u00e9crit a \u00e9t\u00e9 une transition naturelle. Suiveur assidu de basket et de hockey sur glace, je garde toujours un peu de place pour suivre le cyclisme, le football et le maximum de performances fran\u00e7aises.\",\"sameAs\":[\"https:\/\/x.com\/https:\/\/twitter.com\/Maxime_Caze\"],\"url\":\"https:\/\/dicodusport.fr\/blog\/author\/maximec\/\"}]}<\/script>\n<!-- \/ Yoast SEO Premium plugin. -->","yoast_head_json":{"title":"Ligue Magnus\u00a0: Rouen et Amiens repr\u00e9senteront la France dans les Coupes d\u2019Europe","description":"Derniers vainqueurs respectifs de la Ligue Magnus et de la Coupe de France, Rouen et Amiens participeront aux prochaines Coupes d'Europe.","robots":{"index":"index","follow":"follow","max-snippet":"max-snippet:-1","max-image-preview":"max-image-preview:large","max-video-preview":"max-video-preview:-1"},"canonical":"https:\/\/dicodusport.fr\/blog\/ligue-magnus-rouen-et-amiens-representeront-le-france-dans-les-coupes-d-europe\/","og_locale":"fr_FR","og_type":"article","og_title":"Ligue Magnus\u00a0: Rouen et Amiens repr\u00e9senteront la France dans les Coupes d\u2019Europe","og_description":"Derniers vainqueurs respectifs de la Ligue Magnus et de la Coupe de France, Rouen et Amiens participeront aux prochaines Coupes d'Europe.","og_url":"https:\/\/dicodusport.fr\/blog\/ligue-magnus-rouen-et-amiens-representeront-le-france-dans-les-coupes-d-europe\/","og_site_name":"Dicodusport","article_publisher":"https:\/\/www.facebook.com\/dicodusport","article_published_time":"2021-05-04T14:48:05+00:00","article_modified_time":"2021-05-04T15:20:53+00:00","og_image":[{"width":800,"height":445,"url":"https:\/\/dicodusport.fr\/blog\/wp-content\/uploads\/2021\/05\/Ligue-Magnus-Rouen-et-Amiens-representeront-le-France-dans-les-Coupes-dEurope.png","type":"image\/png"}],"author":"Maxime Cazenave","twitter_card":"summary_large_image","twitter_title":"Ligue Magnus\u00a0: Rouen et Amiens repr\u00e9senteront la France dans les Coupes d\u2019Europe","twitter_creator":"@https:\/\/twitter.com\/Maxime_Caze","twitter_site":"@dicodusport","schema":{"@context":"https:\/\/schema.org","@graph":[{"@type":"NewsArticle","@id":"https:\/\/dicodusport.fr\/blog\/ligue-magnus-rouen-et-amiens-representeront-le-france-dans-les-coupes-d-europe\/#article","isPartOf":{"@id":"https:\/\/dicodusport.fr\/blog\/ligue-magnus-rouen-et-amiens-representeront-le-france-dans-les-coupes-d-europe\/"},"author":{"name":"Maxime Cazenave","@id":"https:\/\/dicodusport.fr\/blog\/#\/schema\/person\/37def232098a7a5cbab3974a3690abb0"},"headline":"Ligue Magnus\u00a0: Rouen et Amiens repr\u00e9senteront la France dans les Coupes d\u2019Europe","datePublished":"2021-05-04T14:48:05+00:00","dateModified":"2021-05-04T15:20:53+00:00","mainEntityOfPage":{"@id":"https:\/\/dicodusport.fr\/blog\/ligue-magnus-rouen-et-amiens-representeront-le-france-dans-les-coupes-d-europe\/"},"wordCount":437,"commentCount":0,"publisher":{"@id":"https:\/\/dicodusport.fr\/blog\/#organization"},"image":{"@id":"https:\/\/dicodusport.fr\/blog\/ligue-magnus-rouen-et-amiens-representeront-le-france-dans-les-coupes-d-europe\/#primaryimage"},"thumbnailUrl":"https:\/\/dicodusport.fr\/blog\/wp-content\/uploads\/2021\/05\/Ligue-Magnus-Rouen-et-Amiens-representeront-le-France-dans-les-Coupes-dEurope.png","keywords":["Amiens","Angers","ligue magnus","rouen"],"articleSection":["Hockey sur glace"],"inLanguage":"fr-FR","potentialAction":[{"@type":"CommentAction","name":"Comment","target":["https:\/\/dicodusport.fr\/blog\/ligue-magnus-rouen-et-amiens-representeront-le-france-dans-les-coupes-d-europe\/#respond"]}],"copyrightYear":"2021","copyrightHolder":{"@id":"https:\/\/dicodusport.fr\/blog\/#organization"}},{"@type":"WebPage","@id":"https:\/\/dicodusport.fr\/blog\/ligue-magnus-rouen-et-amiens-representeront-le-france-dans-les-coupes-d-europe\/","url":"https:\/\/dicodusport.fr\/blog\/ligue-magnus-rouen-et-amiens-representeront-le-france-dans-les-coupes-d-europe\/","name":"Ligue Magnus\u00a0: Rouen et Amiens repr\u00e9senteront la France dans les Coupes d\u2019Europe","isPartOf":{"@id":"https:\/\/dicodusport.fr\/blog\/#website"},"primaryImageOfPage":{"@id":"https:\/\/dicodusport.fr\/blog\/ligue-magnus-rouen-et-amiens-representeront-le-france-dans-les-coupes-d-europe\/#primaryimage"},"image":{"@id":"https:\/\/dicodusport.fr\/blog\/ligue-magnus-rouen-et-amiens-representeront-le-france-dans-les-coupes-d-europe\/#primaryimage"},"thumbnailUrl":"https:\/\/dicodusport.fr\/blog\/wp-content\/uploads\/2021\/05\/Ligue-Magnus-Rouen-et-Amiens-representeront-le-France-dans-les-Coupes-dEurope.png","datePublished":"2021-05-04T14:48:05+00:00","dateModified":"2021-05-04T15:20:53+00:00","description":"Derniers vainqueurs respectifs de la Ligue Magnus et de la Coupe de France, Rouen et Amiens participeront aux prochaines Coupes d'Europe.","breadcrumb":{"@id":"https:\/\/dicodusport.fr\/blog\/ligue-magnus-rouen-et-amiens-representeront-le-france-dans-les-coupes-d-europe\/#breadcrumb"},"inLanguage":"fr-FR","potentialAction":[{"@type":"ReadAction","target":["https:\/\/dicodusport.fr\/blog\/ligue-magnus-rouen-et-amiens-representeront-le-france-dans-les-coupes-d-europe\/"]}]},{"@type":"ImageObject","inLanguage":"fr-FR","@id":"https:\/\/dicodusport.fr\/blog\/ligue-magnus-rouen-et-amiens-representeront-le-france-dans-les-coupes-d-europe\/#primaryimage","url":"https:\/\/dicodusport.fr\/blog\/wp-content\/uploads\/2021\/05\/Ligue-Magnus-Rouen-et-Amiens-representeront-le-France-dans-les-Coupes-dEurope.png","contentUrl":"https:\/\/dicodusport.fr\/blog\/wp-content\/uploads\/2021\/05\/Ligue-Magnus-Rouen-et-Amiens-representeront-le-France-dans-les-Coupes-dEurope.png","width":800,"height":445,"caption":"Ligue Magnus\u00a0- Rouen et Amiens repr\u00e9senteront le France dans les Coupes d\u2019Europe"},{"@type":"BreadcrumbList","@id":"https:\/\/dicodusport.fr\/blog\/ligue-magnus-rouen-et-amiens-representeront-le-france-dans-les-coupes-d-europe\/#breadcrumb","itemListElement":[{"@type":"ListItem","position":1,"name":"Accueil","item":"https:\/\/dicodusport.fr\/blog\/"},{"@type":"ListItem","position":2,"name":"Ligue Magnus\u00a0: Rouen et Amiens repr\u00e9senteront la France dans les Coupes d\u2019Europe"}]},{"@type":"WebSite","@id":"https:\/\/dicodusport.fr\/blog\/#website","url":"https:\/\/dicodusport.fr\/blog\/","name":"Dicodusport","description":"L&#039;encyclop\u00e9die de l&#039;actualit\u00e9 sportive","publisher":{"@id":"https:\/\/dicodusport.fr\/blog\/#organization"},"potentialAction":[{"@type":"SearchAction","target":{"@type":"EntryPoint","urlTemplate":"https:\/\/dicodusport.fr\/blog\/?s={search_term_string}"},"query-input":{"@type":"PropertyValueSpecification","valueRequired":true,"valueName":"search_term_string"}}],"inLanguage":"fr-FR"},{"@type":"NewsMediaOrganization","@id":"https:\/\/dicodusport.fr\/blog\/#organization","name":"Dicodusport","url":"https:\/\/dicodusport.fr\/blog\/","logo":{"@type":"ImageObject","inLanguage":"fr-FR","@id":"https:\/\/dicodusport.fr\/blog\/#\/schema\/logo\/image\/","url":"https:\/\/dicodusport.fr\/blog\/wp-content\/uploads\/2020\/06\/cropped-LOGO-DICODUSPORT-2020-SANS-FOND-SANS-TEXTE.png","contentUrl":"https:\/\/dicodusport.fr\/blog\/wp-content\/uploads\/2020\/06\/cropped-LOGO-DICODUSPORT-2020-SANS-FOND-SANS-TEXTE.png","width":512,"height":512,"caption":"Dicodusport"},"image":{"@id":"https:\/\/dicodusport.fr\/blog\/#\/schema\/logo\/image\/"},"sameAs":["https:\/\/www.facebook.com\/dicodusport","https:\/\/x.com\/dicodusport","https:\/\/www.instagram.com\/dicodusport\/","https:\/\/www.youtube.com\/channel\/UC7V2KZ5sd3htJivAbA4ZG3w"],"description":"Dicodusport est l'encyclop\u00e9die de l'actualit\u00e9 sportive.","email":"bonjour@dicodusport.fr","legalName":"DICODUSPORT","foundingDate":"2018-01-14","vatID":"FR71834470973","taxID":"83447097300043","numberOfEmployees":{"@type":"QuantitativeValue","minValue":"1","maxValue":"10"}},{"@type":"Person","@id":"https:\/\/dicodusport.fr\/blog\/#\/schema\/person\/37def232098a7a5cbab3974a3690abb0","name":"Maxime Cazenave","image":{"@type":"ImageObject","inLanguage":"fr-FR","@id":"https:\/\/dicodusport.fr\/blog\/#\/schema\/person\/image\/","url":"https:\/\/dicodusport.fr\/blog\/wp-content\/uploads\/2021\/05\/Maxime-Cazenave-150x150.jpg","contentUrl":"https:\/\/dicodusport.fr\/blog\/wp-content\/uploads\/2021\/05\/Maxime-Cazenave-150x150.jpg","caption":"Maxime Cazenave"},"description":"Journaliste\/R\u00e9dacteur depuis 2012 - Berc\u00e9 par l\u2019amour des Girondins de Bordeaux, les \u00e9checs de Christophe Moreau sur le Tour de France sous l'\u00e8re Lance Armstrong et le fade-away l\u00e9tal de Dirk Nowitzki, ma passion d\u00e9vorante pour le sport a toujours \u00e9t\u00e9 un pan incontournable de ma vie. Transmettre ma passion \u00e0 l\u2019\u00e9crit a \u00e9t\u00e9 une transition naturelle. Suiveur assidu de basket et de hockey sur glace, je garde toujours un peu de place pour suivre le cyclisme, le football et le maximum de performances fran\u00e7aises.","sameAs":["https:\/\/x.com\/https:\/\/twitter.com\/Maxime_Caze"],"url":"https:\/\/dicodusport.fr\/blog\/author\/maximec\/"}]}},"_links":{"self":[{"href":"https:\/\/dicodusport.fr\/blog\/wp-json\/wp\/v2\/posts\/126952","targetHints":{"allow":["GET"]}}],"collection":[{"href":"https:\/\/dicodusport.fr\/blog\/wp-json\/wp\/v2\/posts"}],"about":[{"href":"https:\/\/dicodusport.fr\/blog\/wp-json\/wp\/v2\/types\/post"}],"author":[{"embeddable":true,"href":"https:\/\/dicodusport.fr\/blog\/wp-json\/wp\/v2\/users\/55"}],"replies":[{"embeddable":true,"href":"https:\/\/dicodusport.fr\/blog\/wp-json\/wp\/v2\/comments?post=126952"}],"version-history":[{"count":0,"href":"https:\/\/dicodusport.fr\/blog\/wp-json\/wp\/v2\/posts\/126952\/revisions"}],"wp:featuredmedia":[{"embeddable":true,"href":"https:\/\/dicodusport.fr\/blog\/wp-json\/wp\/v2\/media\/126963"}],"wp:attachment":[{"href":"https:\/\/dicodusport.fr\/blog\/wp-json\/wp\/v2\/media?parent=126952"}],"wp:term":[{"taxonomy":"category","embeddable":true,"href":"https:\/\/dicodusport.fr\/blog\/wp-json\/wp\/v2\/categories?post=126952"},{"taxonomy":"post_tag","embeddable":true,"href":"https:\/\/dicodusport.fr\/blog\/wp-json\/wp\/v2\/tags?post=126952"}],"curies":[{"name":"wp","href":"https:\/\/api.w.org\/{rel}","templated":true}]}}