{"id":127284,"date":"2021-05-06T08:25:31","date_gmt":"2021-05-06T06:25:31","guid":{"rendered":"https:\/\/dicodusport.fr\/blog\/?p=127284"},"modified":"2021-05-06T09:31:29","modified_gmt":"2021-05-06T07:31:29","slug":"jeep-elite-jd-jackson-prend-les-renes-de-gravelines-dunkerque","status":"publish","type":"post","link":"https:\/\/dicodusport.fr\/blog\/jeep-elite-jd-jackson-prend-les-renes-de-gravelines-dunkerque\/","title":{"rendered":"Jeep Elite\u00a0: JD Jackson prend les r\u00eanes de Gravelines-Dunkerque"},"content":{"rendered":"<p style=\"text-align: justify;\"><em><strong>JEEP ELITE &#8211; Vacant depuis le limogeage de Serge Crevec\u0153ur lundi dernier, le poste d\u2019entra\u00eeneur de Gravelines-Dunkerque a trouv\u00e9 preneur. Trois ans apr\u00e8s son d\u00e9part de l\u2019ASVEL, JD Jackson fait son retour sur un banc fran\u00e7ais pour essayer de redresser une \u00e9quipe qui se rapproche dangereusement de la zone rouge.<\/strong><\/em><\/p>\n<p style=\"text-align: justify;\">C\u2019est un nom bien connu qui fait son retour au bord des parquets de Jeep Elite\u00a0! Perdu de vue depuis son licenciement de l\u2019ASVEL en 2018, <strong>JD Jackson<\/strong> va reprendre du service du c\u00f4t\u00e9 de Gravelines-Dunkerque.<\/p>\n<h2 style=\"text-align: justify;\"><strong>Un coach exp\u00e9riment\u00e9 pour redresser la barre<\/strong><\/h2>\n<p style=\"text-align: justify;\">La mission ne sera pas \u00e9vidente pour le Franco-Canadien. Embourb\u00e9e dans une terrible spirale n\u00e9gative (7 d\u00e9faits cons\u00e9cutives), la sinistrose est palpable du c\u00f4t\u00e9 de la <strong>BCM<\/strong>, et les mauvaises nouvelles s\u2019encha\u00eenent. A l\u2019image de <a href=\"https:\/\/dicodusport.fr\/blog\/jeep-elite-le-bcm-gravelines-dunkerque-perd-erik-mccree-pour-la-saison\/\">la nouvelle blessure r\u00e9cent d\u2019Erik McCree<\/a> qui ne peut pas \u00eatre compens\u00e9e.<\/p>\n<p style=\"text-align: justify;\">Le conseil d\u2019administration s\u2019est donc r\u00e9uni ce mercredi soir. Apr\u00e8s avoir \u00e9vinc\u00e9 <strong>Serge Cr\u00e8vecoeur<\/strong> lundi dernier, suite \u00e0 une nouvelle d\u00e9faite face \u00e0 Nanterre, la d\u00e9cision a \u00e9t\u00e9 prise d\u2019engager un homme de 52 ans poss\u00e9dant une grosse exp\u00e9rience. Ancien international canadien et v\u00e9ritable l\u00e9gende du Mans (sept saisons entre 1999 et 2006, son num\u00e9ro 14 est retir\u00e9 \u00e0 Antar\u00e8s), <strong>JD Jackson<\/strong> a par la suite exerc\u00e9 durant dix ann\u00e9es en Pro A. Entre 2008 et 2014, c\u2019est sur le banc du Mans qu\u2019il exerce en premier avant de passer pr\u00e8s de quatre saisons du c\u00f4t\u00e9 de l\u2019ASVEL (2014-2018).<\/p>\n<p style=\"text-align: justify;\">Depuis son limogeage, il n\u2019a pas entra\u00een\u00e9 d\u2019autres \u00e9quipes, mais est rest\u00e9 malgr\u00e9 tout actif. Derni\u00e8rement, il a ainsi fait partie du staff de l\u2019\u00e9quipe nationale du Canada b\u00e9n\u00e9volement. Rest\u00e9 dans la r\u00e9gion lyonnaise entre deux allers-retours dans son pays natal, il va donc prendre la direction du Nord pour essayer de sauver une institution de la Jeep Elite en grand danger, avec une seule victoire d\u2019avance sur Champagne Basket, 17e).<\/p>\n<blockquote class=\"twitter-tweet\">\n<p dir=\"ltr\" lang=\"fr\">!<\/p>\n<p>R\u00e9uni ce soir, le Conseil d\u2019administration du BCM a choisi de confier la direction de l\u2019Equipe Professionnelle \u00e0 JD Jackson.<\/p>\n<p>Lire le communiqu\u00e9 &#x27a1;&#xfe0f; <a href=\"https:\/\/t.co\/5fOu8d2Kfy\">https:\/\/t.co\/5fOu8d2Kfy<\/a><a href=\"https:\/\/twitter.com\/hashtag\/TousBCM?src=hash&amp;ref_src=twsrc%5Etfw\">#TousBCM<\/a> <a href=\"https:\/\/twitter.com\/hashtag\/BienvenueJD?src=hash&amp;ref_src=twsrc%5Etfw\">#BienvenueJD<\/a> <a href=\"https:\/\/t.co\/MZUrZOpndz\">pic.twitter.com\/MZUrZOpndz<\/a><\/p>\n<p>\u2014 BCM Basketball (@BCMBasket) <a href=\"https:\/\/twitter.com\/BCMBasket\/status\/1389997684019408897?ref_src=twsrc%5Etfw\">May 5, 2021<\/a><\/p><\/blockquote>\n<p><script async src=\"https:\/\/platform.twitter.com\/widgets.js\" charset=\"utf-8\"><\/script><\/p>\n<p>&nbsp;<\/p>\n","protected":false},"excerpt":{"rendered":"<p>JEEP ELITE &#8211; Vacant depuis le limogeage de Serge Crevec\u0153ur lundi dernier, le poste d\u2019entra\u00eeneur de Gravelines-Dunkerque a trouv\u00e9 preneur. Trois ans apr\u00e8s son d\u00e9part de l\u2019ASVEL, JD Jackson fait son retour sur un banc fran\u00e7ais pour essayer de redresser une \u00e9quipe qui se rapproche dangereusement de la zone rouge.<\/p>\n","protected":false},"author":55,"featured_media":127306,"comment_status":"open","ping_status":"closed","sticky":false,"template":"","format":"standard","meta":{"_acf_changed":false,"_daextam_enable_autolinks":"","footnotes":""},"categories":[2305],"tags":[16321,16322,8271],"class_list":["post-127284","post","type-post","status-publish","format-standard","has-post-thumbnail","hentry","category-basket-ball","tag-bcm","tag-gravelines-dunkerque","tag-jeep-elite"],"acf":[],"yoast_head":"<!-- This site is optimized with the Yoast SEO Premium plugin v26.7 (Yoast SEO v26.7) - https:\/\/yoast.com\/wordpress\/plugins\/seo\/ -->\n<title>Jeep Elite\u00a0: JD Jackson prend les r\u00eanes de Gravelines-Dunkerque<\/title>\n<meta name=\"description\" content=\"Plus de trois ans apr\u00e8s son limogeage de l&#039;ASVEL, JD Jackson reprend du service en Jeep Elite en prenant place sur le banc de la BCM.\" \/>\n<meta name=\"robots\" content=\"index, follow, max-snippet:-1, max-image-preview:large, max-video-preview:-1\" \/>\n<link rel=\"canonical\" href=\"https:\/\/dicodusport.fr\/blog\/jeep-elite-jd-jackson-prend-les-renes-de-gravelines-dunkerque\/\" \/>\n<meta property=\"og:locale\" content=\"fr_FR\" \/>\n<meta property=\"og:type\" content=\"article\" \/>\n<meta property=\"og:title\" content=\"Jeep Elite\u00a0: JD Jackson prend les r\u00eanes de Gravelines-Dunkerque\" \/>\n<meta property=\"og:description\" content=\"Plus de trois ans apr\u00e8s son limogeage de l&#039;ASVEL, JD Jackson reprend du service en Jeep Elite en prenant place sur le banc de la BCM.\" \/>\n<meta property=\"og:url\" content=\"https:\/\/dicodusport.fr\/blog\/jeep-elite-jd-jackson-prend-les-renes-de-gravelines-dunkerque\/\" \/>\n<meta property=\"og:site_name\" content=\"Dicodusport\" \/>\n<meta property=\"article:publisher\" content=\"https:\/\/www.facebook.com\/dicodusport\" \/>\n<meta property=\"article:published_time\" content=\"2021-05-06T06:25:31+00:00\" \/>\n<meta property=\"article:modified_time\" content=\"2021-05-06T07:31:29+00:00\" \/>\n<meta property=\"og:image\" content=\"https:\/\/dicodusport.fr\/blog\/wp-content\/uploads\/2021\/05\/Jeep-Elite-JD-Jackson-prend-les-renes-de-Gravelines-Dunkerque.png\" \/>\n\t<meta property=\"og:image:width\" content=\"800\" \/>\n\t<meta property=\"og:image:height\" content=\"445\" \/>\n\t<meta property=\"og:image:type\" content=\"image\/png\" \/>\n<meta name=\"author\" content=\"Maxime Cazenave\" \/>\n<meta name=\"twitter:card\" content=\"summary_large_image\" \/>\n<meta name=\"twitter:title\" content=\"Jeep Elite\u00a0: JD Jackson prend les r\u00eanes de Gravelines-Dunkerque\" \/>\n<meta name=\"twitter:creator\" content=\"@https:\/\/twitter.com\/Maxime_Caze\" \/>\n<meta name=\"twitter:site\" content=\"@dicodusport\" \/>\n<script type=\"application\/ld+json\" class=\"yoast-schema-graph\">{\"@context\":\"https:\/\/schema.org\",\"@graph\":[{\"@type\":\"NewsArticle\",\"@id\":\"https:\/\/dicodusport.fr\/blog\/jeep-elite-jd-jackson-prend-les-renes-de-gravelines-dunkerque\/#article\",\"isPartOf\":{\"@id\":\"https:\/\/dicodusport.fr\/blog\/jeep-elite-jd-jackson-prend-les-renes-de-gravelines-dunkerque\/\"},\"author\":{\"name\":\"Maxime Cazenave\",\"@id\":\"https:\/\/dicodusport.fr\/blog\/#\/schema\/person\/37def232098a7a5cbab3974a3690abb0\"},\"headline\":\"Jeep Elite\u00a0: JD Jackson prend les r\u00eanes de Gravelines-Dunkerque\",\"datePublished\":\"2021-05-06T06:25:31+00:00\",\"dateModified\":\"2021-05-06T07:31:29+00:00\",\"mainEntityOfPage\":{\"@id\":\"https:\/\/dicodusport.fr\/blog\/jeep-elite-jd-jackson-prend-les-renes-de-gravelines-dunkerque\/\"},\"wordCount\":406,\"commentCount\":0,\"publisher\":{\"@id\":\"https:\/\/dicodusport.fr\/blog\/#organization\"},\"image\":{\"@id\":\"https:\/\/dicodusport.fr\/blog\/jeep-elite-jd-jackson-prend-les-renes-de-gravelines-dunkerque\/#primaryimage\"},\"thumbnailUrl\":\"https:\/\/dicodusport.fr\/blog\/wp-content\/uploads\/2021\/05\/Jeep-Elite-JD-Jackson-prend-les-renes-de-Gravelines-Dunkerque.png\",\"keywords\":[\"BCM\",\"Gravelines-Dunkerque\",\"Jeep Elite\"],\"articleSection\":[\"Basket-ball\"],\"inLanguage\":\"fr-FR\",\"potentialAction\":[{\"@type\":\"CommentAction\",\"name\":\"Comment\",\"target\":[\"https:\/\/dicodusport.fr\/blog\/jeep-elite-jd-jackson-prend-les-renes-de-gravelines-dunkerque\/#respond\"]}],\"copyrightYear\":\"2021\",\"copyrightHolder\":{\"@id\":\"https:\/\/dicodusport.fr\/blog\/#organization\"}},{\"@type\":\"WebPage\",\"@id\":\"https:\/\/dicodusport.fr\/blog\/jeep-elite-jd-jackson-prend-les-renes-de-gravelines-dunkerque\/\",\"url\":\"https:\/\/dicodusport.fr\/blog\/jeep-elite-jd-jackson-prend-les-renes-de-gravelines-dunkerque\/\",\"name\":\"Jeep Elite\u00a0: JD Jackson prend les r\u00eanes de Gravelines-Dunkerque\",\"isPartOf\":{\"@id\":\"https:\/\/dicodusport.fr\/blog\/#website\"},\"primaryImageOfPage\":{\"@id\":\"https:\/\/dicodusport.fr\/blog\/jeep-elite-jd-jackson-prend-les-renes-de-gravelines-dunkerque\/#primaryimage\"},\"image\":{\"@id\":\"https:\/\/dicodusport.fr\/blog\/jeep-elite-jd-jackson-prend-les-renes-de-gravelines-dunkerque\/#primaryimage\"},\"thumbnailUrl\":\"https:\/\/dicodusport.fr\/blog\/wp-content\/uploads\/2021\/05\/Jeep-Elite-JD-Jackson-prend-les-renes-de-Gravelines-Dunkerque.png\",\"datePublished\":\"2021-05-06T06:25:31+00:00\",\"dateModified\":\"2021-05-06T07:31:29+00:00\",\"description\":\"Plus de trois ans apr\u00e8s son limogeage de l'ASVEL, JD Jackson reprend du service en Jeep Elite en prenant place sur le banc de la BCM.\",\"breadcrumb\":{\"@id\":\"https:\/\/dicodusport.fr\/blog\/jeep-elite-jd-jackson-prend-les-renes-de-gravelines-dunkerque\/#breadcrumb\"},\"inLanguage\":\"fr-FR\",\"potentialAction\":[{\"@type\":\"ReadAction\",\"target\":[\"https:\/\/dicodusport.fr\/blog\/jeep-elite-jd-jackson-prend-les-renes-de-gravelines-dunkerque\/\"]}]},{\"@type\":\"ImageObject\",\"inLanguage\":\"fr-FR\",\"@id\":\"https:\/\/dicodusport.fr\/blog\/jeep-elite-jd-jackson-prend-les-renes-de-gravelines-dunkerque\/#primaryimage\",\"url\":\"https:\/\/dicodusport.fr\/blog\/wp-content\/uploads\/2021\/05\/Jeep-Elite-JD-Jackson-prend-les-renes-de-Gravelines-Dunkerque.png\",\"contentUrl\":\"https:\/\/dicodusport.fr\/blog\/wp-content\/uploads\/2021\/05\/Jeep-Elite-JD-Jackson-prend-les-renes-de-Gravelines-Dunkerque.png\",\"width\":800,\"height\":445,\"caption\":\"Jeep Elite\u00a0- JD Jackson prend les r\u00eanes de Gravelines-Dunkerque\"},{\"@type\":\"BreadcrumbList\",\"@id\":\"https:\/\/dicodusport.fr\/blog\/jeep-elite-jd-jackson-prend-les-renes-de-gravelines-dunkerque\/#breadcrumb\",\"itemListElement\":[{\"@type\":\"ListItem\",\"position\":1,\"name\":\"Accueil\",\"item\":\"https:\/\/dicodusport.fr\/blog\/\"},{\"@type\":\"ListItem\",\"position\":2,\"name\":\"Jeep Elite\u00a0: JD Jackson prend les r\u00eanes de Gravelines-Dunkerque\"}]},{\"@type\":\"WebSite\",\"@id\":\"https:\/\/dicodusport.fr\/blog\/#website\",\"url\":\"https:\/\/dicodusport.fr\/blog\/\",\"name\":\"Dicodusport\",\"description\":\"L&#039;encyclop\u00e9die de l&#039;actualit\u00e9 sportive\",\"publisher\":{\"@id\":\"https:\/\/dicodusport.fr\/blog\/#organization\"},\"potentialAction\":[{\"@type\":\"SearchAction\",\"target\":{\"@type\":\"EntryPoint\",\"urlTemplate\":\"https:\/\/dicodusport.fr\/blog\/?s={search_term_string}\"},\"query-input\":{\"@type\":\"PropertyValueSpecification\",\"valueRequired\":true,\"valueName\":\"search_term_string\"}}],\"inLanguage\":\"fr-FR\"},{\"@type\":\"NewsMediaOrganization\",\"@id\":\"https:\/\/dicodusport.fr\/blog\/#organization\",\"name\":\"Dicodusport\",\"url\":\"https:\/\/dicodusport.fr\/blog\/\",\"logo\":{\"@type\":\"ImageObject\",\"inLanguage\":\"fr-FR\",\"@id\":\"https:\/\/dicodusport.fr\/blog\/#\/schema\/logo\/image\/\",\"url\":\"https:\/\/dicodusport.fr\/blog\/wp-content\/uploads\/2020\/06\/cropped-LOGO-DICODUSPORT-2020-SANS-FOND-SANS-TEXTE.png\",\"contentUrl\":\"https:\/\/dicodusport.fr\/blog\/wp-content\/uploads\/2020\/06\/cropped-LOGO-DICODUSPORT-2020-SANS-FOND-SANS-TEXTE.png\",\"width\":512,\"height\":512,\"caption\":\"Dicodusport\"},\"image\":{\"@id\":\"https:\/\/dicodusport.fr\/blog\/#\/schema\/logo\/image\/\"},\"sameAs\":[\"https:\/\/www.facebook.com\/dicodusport\",\"https:\/\/x.com\/dicodusport\",\"https:\/\/www.instagram.com\/dicodusport\/\",\"https:\/\/www.youtube.com\/channel\/UC7V2KZ5sd3htJivAbA4ZG3w\"],\"description\":\"Dicodusport est l'encyclop\u00e9die de l'actualit\u00e9 sportive.\",\"email\":\"bonjour@dicodusport.fr\",\"legalName\":\"DICODUSPORT\",\"foundingDate\":\"2018-01-14\",\"vatID\":\"FR71834470973\",\"taxID\":\"83447097300043\",\"numberOfEmployees\":{\"@type\":\"QuantitativeValue\",\"minValue\":\"1\",\"maxValue\":\"10\"}},{\"@type\":\"Person\",\"@id\":\"https:\/\/dicodusport.fr\/blog\/#\/schema\/person\/37def232098a7a5cbab3974a3690abb0\",\"name\":\"Maxime Cazenave\",\"image\":{\"@type\":\"ImageObject\",\"inLanguage\":\"fr-FR\",\"@id\":\"https:\/\/dicodusport.fr\/blog\/#\/schema\/person\/image\/\",\"url\":\"https:\/\/dicodusport.fr\/blog\/wp-content\/uploads\/2021\/05\/Maxime-Cazenave-150x150.jpg\",\"contentUrl\":\"https:\/\/dicodusport.fr\/blog\/wp-content\/uploads\/2021\/05\/Maxime-Cazenave-150x150.jpg\",\"caption\":\"Maxime Cazenave\"},\"description\":\"Journaliste\/R\u00e9dacteur depuis 2012 - Berc\u00e9 par l\u2019amour des Girondins de Bordeaux, les \u00e9checs de Christophe Moreau sur le Tour de France sous l'\u00e8re Lance Armstrong et le fade-away l\u00e9tal de Dirk Nowitzki, ma passion d\u00e9vorante pour le sport a toujours \u00e9t\u00e9 un pan incontournable de ma vie. Transmettre ma passion \u00e0 l\u2019\u00e9crit a \u00e9t\u00e9 une transition naturelle. Suiveur assidu de basket et de hockey sur glace, je garde toujours un peu de place pour suivre le cyclisme, le football et le maximum de performances fran\u00e7aises.\",\"sameAs\":[\"https:\/\/x.com\/https:\/\/twitter.com\/Maxime_Caze\"],\"url\":\"https:\/\/dicodusport.fr\/blog\/author\/maximec\/\"}]}<\/script>\n<!-- \/ Yoast SEO Premium plugin. -->","yoast_head_json":{"title":"Jeep Elite\u00a0: JD Jackson prend les r\u00eanes de Gravelines-Dunkerque","description":"Plus de trois ans apr\u00e8s son limogeage de l'ASVEL, JD Jackson reprend du service en Jeep Elite en prenant place sur le banc de la BCM.","robots":{"index":"index","follow":"follow","max-snippet":"max-snippet:-1","max-image-preview":"max-image-preview:large","max-video-preview":"max-video-preview:-1"},"canonical":"https:\/\/dicodusport.fr\/blog\/jeep-elite-jd-jackson-prend-les-renes-de-gravelines-dunkerque\/","og_locale":"fr_FR","og_type":"article","og_title":"Jeep Elite\u00a0: JD Jackson prend les r\u00eanes de Gravelines-Dunkerque","og_description":"Plus de trois ans apr\u00e8s son limogeage de l'ASVEL, JD Jackson reprend du service en Jeep Elite en prenant place sur le banc de la BCM.","og_url":"https:\/\/dicodusport.fr\/blog\/jeep-elite-jd-jackson-prend-les-renes-de-gravelines-dunkerque\/","og_site_name":"Dicodusport","article_publisher":"https:\/\/www.facebook.com\/dicodusport","article_published_time":"2021-05-06T06:25:31+00:00","article_modified_time":"2021-05-06T07:31:29+00:00","og_image":[{"width":800,"height":445,"url":"https:\/\/dicodusport.fr\/blog\/wp-content\/uploads\/2021\/05\/Jeep-Elite-JD-Jackson-prend-les-renes-de-Gravelines-Dunkerque.png","type":"image\/png"}],"author":"Maxime Cazenave","twitter_card":"summary_large_image","twitter_title":"Jeep Elite\u00a0: JD Jackson prend les r\u00eanes de Gravelines-Dunkerque","twitter_creator":"@https:\/\/twitter.com\/Maxime_Caze","twitter_site":"@dicodusport","schema":{"@context":"https:\/\/schema.org","@graph":[{"@type":"NewsArticle","@id":"https:\/\/dicodusport.fr\/blog\/jeep-elite-jd-jackson-prend-les-renes-de-gravelines-dunkerque\/#article","isPartOf":{"@id":"https:\/\/dicodusport.fr\/blog\/jeep-elite-jd-jackson-prend-les-renes-de-gravelines-dunkerque\/"},"author":{"name":"Maxime Cazenave","@id":"https:\/\/dicodusport.fr\/blog\/#\/schema\/person\/37def232098a7a5cbab3974a3690abb0"},"headline":"Jeep Elite\u00a0: JD Jackson prend les r\u00eanes de Gravelines-Dunkerque","datePublished":"2021-05-06T06:25:31+00:00","dateModified":"2021-05-06T07:31:29+00:00","mainEntityOfPage":{"@id":"https:\/\/dicodusport.fr\/blog\/jeep-elite-jd-jackson-prend-les-renes-de-gravelines-dunkerque\/"},"wordCount":406,"commentCount":0,"publisher":{"@id":"https:\/\/dicodusport.fr\/blog\/#organization"},"image":{"@id":"https:\/\/dicodusport.fr\/blog\/jeep-elite-jd-jackson-prend-les-renes-de-gravelines-dunkerque\/#primaryimage"},"thumbnailUrl":"https:\/\/dicodusport.fr\/blog\/wp-content\/uploads\/2021\/05\/Jeep-Elite-JD-Jackson-prend-les-renes-de-Gravelines-Dunkerque.png","keywords":["BCM","Gravelines-Dunkerque","Jeep Elite"],"articleSection":["Basket-ball"],"inLanguage":"fr-FR","potentialAction":[{"@type":"CommentAction","name":"Comment","target":["https:\/\/dicodusport.fr\/blog\/jeep-elite-jd-jackson-prend-les-renes-de-gravelines-dunkerque\/#respond"]}],"copyrightYear":"2021","copyrightHolder":{"@id":"https:\/\/dicodusport.fr\/blog\/#organization"}},{"@type":"WebPage","@id":"https:\/\/dicodusport.fr\/blog\/jeep-elite-jd-jackson-prend-les-renes-de-gravelines-dunkerque\/","url":"https:\/\/dicodusport.fr\/blog\/jeep-elite-jd-jackson-prend-les-renes-de-gravelines-dunkerque\/","name":"Jeep Elite\u00a0: JD Jackson prend les r\u00eanes de Gravelines-Dunkerque","isPartOf":{"@id":"https:\/\/dicodusport.fr\/blog\/#website"},"primaryImageOfPage":{"@id":"https:\/\/dicodusport.fr\/blog\/jeep-elite-jd-jackson-prend-les-renes-de-gravelines-dunkerque\/#primaryimage"},"image":{"@id":"https:\/\/dicodusport.fr\/blog\/jeep-elite-jd-jackson-prend-les-renes-de-gravelines-dunkerque\/#primaryimage"},"thumbnailUrl":"https:\/\/dicodusport.fr\/blog\/wp-content\/uploads\/2021\/05\/Jeep-Elite-JD-Jackson-prend-les-renes-de-Gravelines-Dunkerque.png","datePublished":"2021-05-06T06:25:31+00:00","dateModified":"2021-05-06T07:31:29+00:00","description":"Plus de trois ans apr\u00e8s son limogeage de l'ASVEL, JD Jackson reprend du service en Jeep Elite en prenant place sur le banc de la BCM.","breadcrumb":{"@id":"https:\/\/dicodusport.fr\/blog\/jeep-elite-jd-jackson-prend-les-renes-de-gravelines-dunkerque\/#breadcrumb"},"inLanguage":"fr-FR","potentialAction":[{"@type":"ReadAction","target":["https:\/\/dicodusport.fr\/blog\/jeep-elite-jd-jackson-prend-les-renes-de-gravelines-dunkerque\/"]}]},{"@type":"ImageObject","inLanguage":"fr-FR","@id":"https:\/\/dicodusport.fr\/blog\/jeep-elite-jd-jackson-prend-les-renes-de-gravelines-dunkerque\/#primaryimage","url":"https:\/\/dicodusport.fr\/blog\/wp-content\/uploads\/2021\/05\/Jeep-Elite-JD-Jackson-prend-les-renes-de-Gravelines-Dunkerque.png","contentUrl":"https:\/\/dicodusport.fr\/blog\/wp-content\/uploads\/2021\/05\/Jeep-Elite-JD-Jackson-prend-les-renes-de-Gravelines-Dunkerque.png","width":800,"height":445,"caption":"Jeep Elite\u00a0- JD Jackson prend les r\u00eanes de Gravelines-Dunkerque"},{"@type":"BreadcrumbList","@id":"https:\/\/dicodusport.fr\/blog\/jeep-elite-jd-jackson-prend-les-renes-de-gravelines-dunkerque\/#breadcrumb","itemListElement":[{"@type":"ListItem","position":1,"name":"Accueil","item":"https:\/\/dicodusport.fr\/blog\/"},{"@type":"ListItem","position":2,"name":"Jeep Elite\u00a0: JD Jackson prend les r\u00eanes de Gravelines-Dunkerque"}]},{"@type":"WebSite","@id":"https:\/\/dicodusport.fr\/blog\/#website","url":"https:\/\/dicodusport.fr\/blog\/","name":"Dicodusport","description":"L&#039;encyclop\u00e9die de l&#039;actualit\u00e9 sportive","publisher":{"@id":"https:\/\/dicodusport.fr\/blog\/#organization"},"potentialAction":[{"@type":"SearchAction","target":{"@type":"EntryPoint","urlTemplate":"https:\/\/dicodusport.fr\/blog\/?s={search_term_string}"},"query-input":{"@type":"PropertyValueSpecification","valueRequired":true,"valueName":"search_term_string"}}],"inLanguage":"fr-FR"},{"@type":"NewsMediaOrganization","@id":"https:\/\/dicodusport.fr\/blog\/#organization","name":"Dicodusport","url":"https:\/\/dicodusport.fr\/blog\/","logo":{"@type":"ImageObject","inLanguage":"fr-FR","@id":"https:\/\/dicodusport.fr\/blog\/#\/schema\/logo\/image\/","url":"https:\/\/dicodusport.fr\/blog\/wp-content\/uploads\/2020\/06\/cropped-LOGO-DICODUSPORT-2020-SANS-FOND-SANS-TEXTE.png","contentUrl":"https:\/\/dicodusport.fr\/blog\/wp-content\/uploads\/2020\/06\/cropped-LOGO-DICODUSPORT-2020-SANS-FOND-SANS-TEXTE.png","width":512,"height":512,"caption":"Dicodusport"},"image":{"@id":"https:\/\/dicodusport.fr\/blog\/#\/schema\/logo\/image\/"},"sameAs":["https:\/\/www.facebook.com\/dicodusport","https:\/\/x.com\/dicodusport","https:\/\/www.instagram.com\/dicodusport\/","https:\/\/www.youtube.com\/channel\/UC7V2KZ5sd3htJivAbA4ZG3w"],"description":"Dicodusport est l'encyclop\u00e9die de l'actualit\u00e9 sportive.","email":"bonjour@dicodusport.fr","legalName":"DICODUSPORT","foundingDate":"2018-01-14","vatID":"FR71834470973","taxID":"83447097300043","numberOfEmployees":{"@type":"QuantitativeValue","minValue":"1","maxValue":"10"}},{"@type":"Person","@id":"https:\/\/dicodusport.fr\/blog\/#\/schema\/person\/37def232098a7a5cbab3974a3690abb0","name":"Maxime Cazenave","image":{"@type":"ImageObject","inLanguage":"fr-FR","@id":"https:\/\/dicodusport.fr\/blog\/#\/schema\/person\/image\/","url":"https:\/\/dicodusport.fr\/blog\/wp-content\/uploads\/2021\/05\/Maxime-Cazenave-150x150.jpg","contentUrl":"https:\/\/dicodusport.fr\/blog\/wp-content\/uploads\/2021\/05\/Maxime-Cazenave-150x150.jpg","caption":"Maxime Cazenave"},"description":"Journaliste\/R\u00e9dacteur depuis 2012 - Berc\u00e9 par l\u2019amour des Girondins de Bordeaux, les \u00e9checs de Christophe Moreau sur le Tour de France sous l'\u00e8re Lance Armstrong et le fade-away l\u00e9tal de Dirk Nowitzki, ma passion d\u00e9vorante pour le sport a toujours \u00e9t\u00e9 un pan incontournable de ma vie. Transmettre ma passion \u00e0 l\u2019\u00e9crit a \u00e9t\u00e9 une transition naturelle. Suiveur assidu de basket et de hockey sur glace, je garde toujours un peu de place pour suivre le cyclisme, le football et le maximum de performances fran\u00e7aises.","sameAs":["https:\/\/x.com\/https:\/\/twitter.com\/Maxime_Caze"],"url":"https:\/\/dicodusport.fr\/blog\/author\/maximec\/"}]}},"_links":{"self":[{"href":"https:\/\/dicodusport.fr\/blog\/wp-json\/wp\/v2\/posts\/127284","targetHints":{"allow":["GET"]}}],"collection":[{"href":"https:\/\/dicodusport.fr\/blog\/wp-json\/wp\/v2\/posts"}],"about":[{"href":"https:\/\/dicodusport.fr\/blog\/wp-json\/wp\/v2\/types\/post"}],"author":[{"embeddable":true,"href":"https:\/\/dicodusport.fr\/blog\/wp-json\/wp\/v2\/users\/55"}],"replies":[{"embeddable":true,"href":"https:\/\/dicodusport.fr\/blog\/wp-json\/wp\/v2\/comments?post=127284"}],"version-history":[{"count":0,"href":"https:\/\/dicodusport.fr\/blog\/wp-json\/wp\/v2\/posts\/127284\/revisions"}],"wp:featuredmedia":[{"embeddable":true,"href":"https:\/\/dicodusport.fr\/blog\/wp-json\/wp\/v2\/media\/127306"}],"wp:attachment":[{"href":"https:\/\/dicodusport.fr\/blog\/wp-json\/wp\/v2\/media?parent=127284"}],"wp:term":[{"taxonomy":"category","embeddable":true,"href":"https:\/\/dicodusport.fr\/blog\/wp-json\/wp\/v2\/categories?post=127284"},{"taxonomy":"post_tag","embeddable":true,"href":"https:\/\/dicodusport.fr\/blog\/wp-json\/wp\/v2\/tags?post=127284"}],"curies":[{"name":"wp","href":"https:\/\/api.w.org\/{rel}","templated":true}]}}