{"id":127579,"date":"2021-05-07T10:49:33","date_gmt":"2021-05-07T08:49:33","guid":{"rendered":"https:\/\/dicodusport.fr\/blog\/?p=127579"},"modified":"2021-05-07T11:15:16","modified_gmt":"2021-05-07T09:15:16","slug":"c-etait-christophe-revault","status":"publish","type":"post","link":"https:\/\/dicodusport.fr\/blog\/c-etait-christophe-revault\/","title":{"rendered":"C&rsquo;\u00e9tait Christophe Revault"},"content":{"rendered":"<p style=\"text-align: justify;\"><em><strong>On l&rsquo;a appris hier dans la soir\u00e9e : Christophe Revault est mort. Dicodusport a voulu se souvenir de l&rsquo;homme et du gardien pass\u00e9 par le Havre, le PSG, Rennes et Toulouse.<\/strong> <\/em><\/p>\n<h2 style=\"text-align: justify;\">Mouvements pendulaires<\/h2>\n<p style=\"text-align: justify;\">Le destin de <strong>Christophe Revault<\/strong> n&rsquo;a finalement peut-\u00eatre \u00e9t\u00e9 qu&rsquo;une suite de mouvements pendulaires. D&rsquo;abord celui d&rsquo;un enfant de la r\u00e9gion parisienne, n\u00e9 en m\u00eame temps que le Paris Saint-Germain devenait professionnel. En 1988, il est rep\u00e9r\u00e9 par le plus vieux club de France. Le Havre envoie le gamin s&rsquo;entrainer \u00e0 la Cav\u00e9e verte, l\u00e0 o\u00f9 sont pass\u00e9s avant lui Michel Hidalgo et Mohammed Soukhane et o\u00f9 se succ\u00e8deront Vikash Dhorasoo, Steve Mandanda ou<a href=\"https:\/\/dicodusport.fr\/blog\/riyad-mahrez-havre-titre-de-meilleur-joueur-dangleterre\/\"> Riyad Mahrez<\/a>.<\/p>\n<p style=\"text-align: justify;\">Au HAC,<strong> Christophe Revault<\/strong> se taillera une solide r\u00e9putation de gardien, solide lui aussi. Un mod\u00e8le de ce que la France formera de gardien toniques et talentueux dans les ann\u00e9es 1990. D&rsquo;abord doublure de Christophe Piveteau, il encha\u00eene \u00e0 partir de 1994 trois saisons \u00e0 38 matchs de D1. Trois saisons durant lesquelles France Football le sacre meilleur gardien de D1, devant des clients comme Bernard Lama ou Fabien Barthez. De quoi achever un nouveau mouvement pendulaire : <strong>Christophe Revault<\/strong> revient \u00e0 Paris et devient le portier num\u00e9ro 1 du club parisien.<\/p>\n<h2 style=\"text-align: justify;\">Christophe Revault et le chat Lama<\/h2>\n<p style=\"text-align: justify;\">Au Paris Saint-Germain aussi, sa forme suivra ce mouvement de balancier si propre aux gardiens qui naviguent avec la balle de droite \u00e0 gauche puis de gauche \u00e0 droite. <strong>Christophe Revault<\/strong> arrive au PSG alors qu&rsquo;il est aux portes de l\u2019\u00e9quipe de France. Il en repartira aux portes de la d\u00e9pression. Auteur de plusieurs bons matchs, on ne retient de cette saison en enfer que ses bourdes de l&rsquo;automne qui co\u00fbtent des points au club de la capitale.<\/p>\n<p style=\"text-align: justify;\">En C1, le PSG est \u00e9limin\u00e9 en phase de poules \u00e0 la diff\u00e9rence de buts. Les 5 pions encaiss\u00e9s contre le Bayern et les 2 boulettes de <strong>Revault<\/strong> p\u00e8sent lourd dans ce bilan. Incapable de faire oublier le chat Lama, <strong>Christophe Revault<\/strong> est assign\u00e9 \u00e0 r\u00e9sidence sur le banc parisien, Vincent Fernandez lui est pr\u00e9f\u00e9r\u00e9. A la fin de la saison, une Coupe de France et une autre de la Ligue dans la musette, il part pour le Stade Rennais.<\/p>\n<h2 style=\"text-align: justify;\">L\u00e9gende<\/h2>\n<p style=\"text-align: justify;\">L&rsquo;aventure au Stade Rennais commence bien puis se finit mal : 29 matchs de D1 la premi\u00e8re saison, 19 seulement la saison suivante. <strong>Christophe Revault<\/strong> semble avoir perdu son mojo et sa confiance en m\u00eame temps qu&rsquo;il a perdu ses cheveux. Au soir de la finale de la Coupe du monde 1998, un pari les en a priv\u00e9. La comparaison avec Fabien Barthez n&rsquo;en est sans doute que plus cruelle.<\/p>\n<p style=\"text-align: justify;\">C&rsquo;est \u00e0 Toulouse que la forme de <strong>Christophe Revault<\/strong> finira par balancer du bon c\u00f4t\u00e9. Sans pouvoir \u00e9viter une r\u00e9trogradation sportive puis administrative, il y endosse le r\u00f4le de patron. En National d&rsquo;abord, en L2 ensuite, il enchaine les saisons \u00e0 plus de 30 matchs. Il est \u00e9lu meilleur gardien de L2 en 2003. Dans la ville rose, il devient une l\u00e9gende : en 2017, il est nomm\u00e9 meilleur gardien de l&rsquo;histoire du T\u00e9f\u00e9c\u00e9.<\/p>\n<p style=\"text-align: justify;\">Repass\u00e9 par Rennes, c&rsquo;est au Havre que <strong>Christophe Revault<\/strong> finira par faire balancer le pendule de sa carri\u00e8re. En 2008, nouvelle distinction : meilleur gardien de L2 derechef. C&rsquo;est dans son club formateur qu&rsquo;il a d\u00e9cid\u00e9 de devenir superviseur puis entraineur, des gardiens ou de l&rsquo;\u00e9quipe premi\u00e8re en fonction des m\u00e9saventures du club.<\/p>\n<p style=\"text-align: justify;\"><em>C&rsquo;est au Havre qu&rsquo;on l&rsquo;a retrouv\u00e9 hier sans vie. Il avait deux enfants \u00e0 qui nos pens\u00e9es vont aujourd&rsquo;hui.<\/em><\/p>\n<blockquote class=\"twitter-tweet\">\n<p dir=\"ltr\" lang=\"fr\">On vient d\u2019apprendre. Toute notre adolescence. Un de ceux qui nous a fait aimer ce club. Un de ceux qui nous a fait aimer le foot. Aucun mot. Au revoir Christophe Revault.&#x1f49c; <a href=\"https:\/\/t.co\/p84p5xdnqj\">pic.twitter.com\/p84p5xdnqj<\/a><\/p>\n<p>\u2014 Chez Tonton &#8211; Pastis \u00d4 Ma\u00eetre (@cheztontontlse) <a href=\"https:\/\/twitter.com\/cheztontontlse\/status\/1390381352491622405?ref_src=twsrc%5Etfw\">May 6, 2021<\/a><\/p><\/blockquote>\n<p><script async src=\"https:\/\/platform.twitter.com\/widgets.js\" charset=\"utf-8\"><\/script><\/p>\n<p style=\"text-align: justify;\">\n","protected":false},"excerpt":{"rendered":"<p>On l&rsquo;a appris hier dans la soir\u00e9e : Christophe Revault est mort. Dicodusport a voulu se souvenir de l&rsquo;homme et du gardien pass\u00e9 par le Havre, le PSG, Rennes et Toulouse.<\/p>\n","protected":false},"author":40,"featured_media":127602,"comment_status":"open","ping_status":"closed","sticky":false,"template":"","format":"standard","meta":{"_acf_changed":false,"_daextam_enable_autolinks":"","footnotes":""},"categories":[12712,2301],"tags":[8716,75,24],"class_list":["post-127579","post","type-post","status-publish","format-standard","has-post-thumbnail","hentry","category-carnet-noir","category-football","tag-carnet-noir","tag-football","tag-sport"],"acf":[],"yoast_head":"<!-- This site is optimized with the Yoast SEO Premium plugin v26.7 (Yoast SEO v26.7) - https:\/\/yoast.com\/wordpress\/plugins\/seo\/ -->\n<title>C&#039;\u00e9tait Christophe Revault<\/title>\n<meta name=\"description\" content=\"On l&#039;a appris hier dans la soir\u00e9e : Christophe Revault est mort. Dicodusport a voulu se souvenir de l&#039;homme et du gardien pass\u00e9 par le Havre.\" \/>\n<meta name=\"robots\" content=\"index, follow, max-snippet:-1, max-image-preview:large, max-video-preview:-1\" \/>\n<link rel=\"canonical\" href=\"https:\/\/dicodusport.fr\/blog\/c-etait-christophe-revault\/\" \/>\n<meta property=\"og:locale\" content=\"fr_FR\" \/>\n<meta property=\"og:type\" content=\"article\" \/>\n<meta property=\"og:title\" content=\"C&#039;\u00e9tait Christophe Revault\" \/>\n<meta property=\"og:description\" content=\"On l&#039;a appris hier dans la soir\u00e9e : Christophe Revault est mort. Dicodusport a voulu se souvenir de l&#039;homme et du gardien pass\u00e9 par le Havre.\" \/>\n<meta property=\"og:url\" content=\"https:\/\/dicodusport.fr\/blog\/c-etait-christophe-revault\/\" \/>\n<meta property=\"og:site_name\" content=\"Dicodusport\" \/>\n<meta property=\"article:publisher\" content=\"https:\/\/www.facebook.com\/dicodusport\" \/>\n<meta property=\"article:published_time\" content=\"2021-05-07T08:49:33+00:00\" \/>\n<meta property=\"article:modified_time\" content=\"2021-05-07T09:15:16+00:00\" \/>\n<meta property=\"og:image\" content=\"https:\/\/dicodusport.fr\/blog\/wp-content\/uploads\/2021\/05\/Cetait-Christophe-Revault.png\" \/>\n\t<meta property=\"og:image:width\" content=\"800\" \/>\n\t<meta property=\"og:image:height\" content=\"445\" \/>\n\t<meta property=\"og:image:type\" content=\"image\/png\" \/>\n<meta name=\"author\" content=\"Jordane Mougenot-Pelletier\" \/>\n<meta name=\"twitter:card\" content=\"summary_large_image\" \/>\n<meta name=\"twitter:title\" content=\"C&#039;\u00e9tait Christophe Revault\" \/>\n<meta name=\"twitter:creator\" content=\"@https:\/\/twitter.com\/jmp_pmj\" \/>\n<meta name=\"twitter:site\" content=\"@dicodusport\" \/>\n<script type=\"application\/ld+json\" class=\"yoast-schema-graph\">{\"@context\":\"https:\/\/schema.org\",\"@graph\":[{\"@type\":\"NewsArticle\",\"@id\":\"https:\/\/dicodusport.fr\/blog\/c-etait-christophe-revault\/#article\",\"isPartOf\":{\"@id\":\"https:\/\/dicodusport.fr\/blog\/c-etait-christophe-revault\/\"},\"author\":{\"name\":\"Jordane Mougenot-Pelletier\",\"@id\":\"https:\/\/dicodusport.fr\/blog\/#\/schema\/person\/20a73cde459581e727623fffec174040\"},\"headline\":\"C&rsquo;\u00e9tait Christophe Revault\",\"datePublished\":\"2021-05-07T08:49:33+00:00\",\"dateModified\":\"2021-05-07T09:15:16+00:00\",\"mainEntityOfPage\":{\"@id\":\"https:\/\/dicodusport.fr\/blog\/c-etait-christophe-revault\/\"},\"wordCount\":666,\"commentCount\":0,\"publisher\":{\"@id\":\"https:\/\/dicodusport.fr\/blog\/#organization\"},\"image\":{\"@id\":\"https:\/\/dicodusport.fr\/blog\/c-etait-christophe-revault\/#primaryimage\"},\"thumbnailUrl\":\"https:\/\/dicodusport.fr\/blog\/wp-content\/uploads\/2021\/05\/Cetait-Christophe-Revault.png\",\"keywords\":[\"Carnet noir\",\"Football\",\"sport\"],\"articleSection\":[\"Carnet noir\",\"Football\"],\"inLanguage\":\"fr-FR\",\"potentialAction\":[{\"@type\":\"CommentAction\",\"name\":\"Comment\",\"target\":[\"https:\/\/dicodusport.fr\/blog\/c-etait-christophe-revault\/#respond\"]}],\"copyrightYear\":\"2021\",\"copyrightHolder\":{\"@id\":\"https:\/\/dicodusport.fr\/blog\/#organization\"}},{\"@type\":\"WebPage\",\"@id\":\"https:\/\/dicodusport.fr\/blog\/c-etait-christophe-revault\/\",\"url\":\"https:\/\/dicodusport.fr\/blog\/c-etait-christophe-revault\/\",\"name\":\"C'\u00e9tait Christophe Revault\",\"isPartOf\":{\"@id\":\"https:\/\/dicodusport.fr\/blog\/#website\"},\"primaryImageOfPage\":{\"@id\":\"https:\/\/dicodusport.fr\/blog\/c-etait-christophe-revault\/#primaryimage\"},\"image\":{\"@id\":\"https:\/\/dicodusport.fr\/blog\/c-etait-christophe-revault\/#primaryimage\"},\"thumbnailUrl\":\"https:\/\/dicodusport.fr\/blog\/wp-content\/uploads\/2021\/05\/Cetait-Christophe-Revault.png\",\"datePublished\":\"2021-05-07T08:49:33+00:00\",\"dateModified\":\"2021-05-07T09:15:16+00:00\",\"description\":\"On l'a appris hier dans la soir\u00e9e : Christophe Revault est mort. Dicodusport a voulu se souvenir de l'homme et du gardien pass\u00e9 par le Havre.\",\"breadcrumb\":{\"@id\":\"https:\/\/dicodusport.fr\/blog\/c-etait-christophe-revault\/#breadcrumb\"},\"inLanguage\":\"fr-FR\",\"potentialAction\":[{\"@type\":\"ReadAction\",\"target\":[\"https:\/\/dicodusport.fr\/blog\/c-etait-christophe-revault\/\"]}]},{\"@type\":\"ImageObject\",\"inLanguage\":\"fr-FR\",\"@id\":\"https:\/\/dicodusport.fr\/blog\/c-etait-christophe-revault\/#primaryimage\",\"url\":\"https:\/\/dicodusport.fr\/blog\/wp-content\/uploads\/2021\/05\/Cetait-Christophe-Revault.png\",\"contentUrl\":\"https:\/\/dicodusport.fr\/blog\/wp-content\/uploads\/2021\/05\/Cetait-Christophe-Revault.png\",\"width\":800,\"height\":445,\"caption\":\"C'\u00e9tait Christophe Revault\"},{\"@type\":\"BreadcrumbList\",\"@id\":\"https:\/\/dicodusport.fr\/blog\/c-etait-christophe-revault\/#breadcrumb\",\"itemListElement\":[{\"@type\":\"ListItem\",\"position\":1,\"name\":\"Accueil\",\"item\":\"https:\/\/dicodusport.fr\/blog\/\"},{\"@type\":\"ListItem\",\"position\":2,\"name\":\"C&rsquo;\u00e9tait Christophe Revault\"}]},{\"@type\":\"WebSite\",\"@id\":\"https:\/\/dicodusport.fr\/blog\/#website\",\"url\":\"https:\/\/dicodusport.fr\/blog\/\",\"name\":\"Dicodusport\",\"description\":\"L&#039;encyclop\u00e9die de l&#039;actualit\u00e9 sportive\",\"publisher\":{\"@id\":\"https:\/\/dicodusport.fr\/blog\/#organization\"},\"potentialAction\":[{\"@type\":\"SearchAction\",\"target\":{\"@type\":\"EntryPoint\",\"urlTemplate\":\"https:\/\/dicodusport.fr\/blog\/?s={search_term_string}\"},\"query-input\":{\"@type\":\"PropertyValueSpecification\",\"valueRequired\":true,\"valueName\":\"search_term_string\"}}],\"inLanguage\":\"fr-FR\"},{\"@type\":\"NewsMediaOrganization\",\"@id\":\"https:\/\/dicodusport.fr\/blog\/#organization\",\"name\":\"Dicodusport\",\"url\":\"https:\/\/dicodusport.fr\/blog\/\",\"logo\":{\"@type\":\"ImageObject\",\"inLanguage\":\"fr-FR\",\"@id\":\"https:\/\/dicodusport.fr\/blog\/#\/schema\/logo\/image\/\",\"url\":\"https:\/\/dicodusport.fr\/blog\/wp-content\/uploads\/2020\/06\/cropped-LOGO-DICODUSPORT-2020-SANS-FOND-SANS-TEXTE.png\",\"contentUrl\":\"https:\/\/dicodusport.fr\/blog\/wp-content\/uploads\/2020\/06\/cropped-LOGO-DICODUSPORT-2020-SANS-FOND-SANS-TEXTE.png\",\"width\":512,\"height\":512,\"caption\":\"Dicodusport\"},\"image\":{\"@id\":\"https:\/\/dicodusport.fr\/blog\/#\/schema\/logo\/image\/\"},\"sameAs\":[\"https:\/\/www.facebook.com\/dicodusport\",\"https:\/\/x.com\/dicodusport\",\"https:\/\/www.instagram.com\/dicodusport\/\",\"https:\/\/www.youtube.com\/channel\/UC7V2KZ5sd3htJivAbA4ZG3w\"],\"description\":\"Dicodusport est l'encyclop\u00e9die de l'actualit\u00e9 sportive.\",\"email\":\"bonjour@dicodusport.fr\",\"legalName\":\"DICODUSPORT\",\"foundingDate\":\"2018-01-14\",\"vatID\":\"FR71834470973\",\"taxID\":\"83447097300043\",\"numberOfEmployees\":{\"@type\":\"QuantitativeValue\",\"minValue\":\"1\",\"maxValue\":\"10\"}},{\"@type\":\"Person\",\"@id\":\"https:\/\/dicodusport.fr\/blog\/#\/schema\/person\/20a73cde459581e727623fffec174040\",\"name\":\"Jordane Mougenot-Pelletier\",\"image\":{\"@type\":\"ImageObject\",\"inLanguage\":\"fr-FR\",\"@id\":\"https:\/\/dicodusport.fr\/blog\/#\/schema\/person\/image\/\",\"url\":\"https:\/\/dicodusport.fr\/blog\/wp-content\/uploads\/2021\/05\/Jordane-MP-150x150.jpg\",\"contentUrl\":\"https:\/\/dicodusport.fr\/blog\/wp-content\/uploads\/2021\/05\/Jordane-MP-150x150.jpg\",\"caption\":\"Jordane Mougenot-Pelletier\"},\"description\":\"Journaliste\/r\u00e9dacteur depuis mai 2018 - Dans mon sang coule \u00e0 la fois le feu des penne \u00e0 l'arrabiata et la glace du Grand Colombier. Amoureux des belles lettres et des Talking Heads, je supporte un club olympique. Int\u00e9ress\u00e9 par les relations qu'entretient le sport avec la soci\u00e9t\u00e9, je m'int\u00e9resse autant \u00e0 Marc C\u00e9cillon qu'\u00e0 Pep Guardiola, \u00e0 Tonya Harding qu'\u00e0 Philipp Roth. Enfant des 90's, on ne me fera pas croire qu'il y a eu plus beau \u00e0 voir depuis Zin\u00e9dine Zidane, Marco Pantani et Pete Sampras. La b\u00e9chamel est une invention du diable, la Super Ligue aussi.\",\"sameAs\":[\"https:\/\/x.com\/https:\/\/twitter.com\/jmp_pmj\"],\"url\":\"https:\/\/dicodusport.fr\/blog\/author\/jordane\/\"}]}<\/script>\n<!-- \/ Yoast SEO Premium plugin. -->","yoast_head_json":{"title":"C'\u00e9tait Christophe Revault","description":"On l'a appris hier dans la soir\u00e9e : Christophe Revault est mort. Dicodusport a voulu se souvenir de l'homme et du gardien pass\u00e9 par le Havre.","robots":{"index":"index","follow":"follow","max-snippet":"max-snippet:-1","max-image-preview":"max-image-preview:large","max-video-preview":"max-video-preview:-1"},"canonical":"https:\/\/dicodusport.fr\/blog\/c-etait-christophe-revault\/","og_locale":"fr_FR","og_type":"article","og_title":"C'\u00e9tait Christophe Revault","og_description":"On l'a appris hier dans la soir\u00e9e : Christophe Revault est mort. Dicodusport a voulu se souvenir de l'homme et du gardien pass\u00e9 par le Havre.","og_url":"https:\/\/dicodusport.fr\/blog\/c-etait-christophe-revault\/","og_site_name":"Dicodusport","article_publisher":"https:\/\/www.facebook.com\/dicodusport","article_published_time":"2021-05-07T08:49:33+00:00","article_modified_time":"2021-05-07T09:15:16+00:00","og_image":[{"width":800,"height":445,"url":"https:\/\/dicodusport.fr\/blog\/wp-content\/uploads\/2021\/05\/Cetait-Christophe-Revault.png","type":"image\/png"}],"author":"Jordane Mougenot-Pelletier","twitter_card":"summary_large_image","twitter_title":"C'\u00e9tait Christophe Revault","twitter_creator":"@https:\/\/twitter.com\/jmp_pmj","twitter_site":"@dicodusport","schema":{"@context":"https:\/\/schema.org","@graph":[{"@type":"NewsArticle","@id":"https:\/\/dicodusport.fr\/blog\/c-etait-christophe-revault\/#article","isPartOf":{"@id":"https:\/\/dicodusport.fr\/blog\/c-etait-christophe-revault\/"},"author":{"name":"Jordane Mougenot-Pelletier","@id":"https:\/\/dicodusport.fr\/blog\/#\/schema\/person\/20a73cde459581e727623fffec174040"},"headline":"C&rsquo;\u00e9tait Christophe Revault","datePublished":"2021-05-07T08:49:33+00:00","dateModified":"2021-05-07T09:15:16+00:00","mainEntityOfPage":{"@id":"https:\/\/dicodusport.fr\/blog\/c-etait-christophe-revault\/"},"wordCount":666,"commentCount":0,"publisher":{"@id":"https:\/\/dicodusport.fr\/blog\/#organization"},"image":{"@id":"https:\/\/dicodusport.fr\/blog\/c-etait-christophe-revault\/#primaryimage"},"thumbnailUrl":"https:\/\/dicodusport.fr\/blog\/wp-content\/uploads\/2021\/05\/Cetait-Christophe-Revault.png","keywords":["Carnet noir","Football","sport"],"articleSection":["Carnet noir","Football"],"inLanguage":"fr-FR","potentialAction":[{"@type":"CommentAction","name":"Comment","target":["https:\/\/dicodusport.fr\/blog\/c-etait-christophe-revault\/#respond"]}],"copyrightYear":"2021","copyrightHolder":{"@id":"https:\/\/dicodusport.fr\/blog\/#organization"}},{"@type":"WebPage","@id":"https:\/\/dicodusport.fr\/blog\/c-etait-christophe-revault\/","url":"https:\/\/dicodusport.fr\/blog\/c-etait-christophe-revault\/","name":"C'\u00e9tait Christophe Revault","isPartOf":{"@id":"https:\/\/dicodusport.fr\/blog\/#website"},"primaryImageOfPage":{"@id":"https:\/\/dicodusport.fr\/blog\/c-etait-christophe-revault\/#primaryimage"},"image":{"@id":"https:\/\/dicodusport.fr\/blog\/c-etait-christophe-revault\/#primaryimage"},"thumbnailUrl":"https:\/\/dicodusport.fr\/blog\/wp-content\/uploads\/2021\/05\/Cetait-Christophe-Revault.png","datePublished":"2021-05-07T08:49:33+00:00","dateModified":"2021-05-07T09:15:16+00:00","description":"On l'a appris hier dans la soir\u00e9e : Christophe Revault est mort. Dicodusport a voulu se souvenir de l'homme et du gardien pass\u00e9 par le Havre.","breadcrumb":{"@id":"https:\/\/dicodusport.fr\/blog\/c-etait-christophe-revault\/#breadcrumb"},"inLanguage":"fr-FR","potentialAction":[{"@type":"ReadAction","target":["https:\/\/dicodusport.fr\/blog\/c-etait-christophe-revault\/"]}]},{"@type":"ImageObject","inLanguage":"fr-FR","@id":"https:\/\/dicodusport.fr\/blog\/c-etait-christophe-revault\/#primaryimage","url":"https:\/\/dicodusport.fr\/blog\/wp-content\/uploads\/2021\/05\/Cetait-Christophe-Revault.png","contentUrl":"https:\/\/dicodusport.fr\/blog\/wp-content\/uploads\/2021\/05\/Cetait-Christophe-Revault.png","width":800,"height":445,"caption":"C'\u00e9tait Christophe Revault"},{"@type":"BreadcrumbList","@id":"https:\/\/dicodusport.fr\/blog\/c-etait-christophe-revault\/#breadcrumb","itemListElement":[{"@type":"ListItem","position":1,"name":"Accueil","item":"https:\/\/dicodusport.fr\/blog\/"},{"@type":"ListItem","position":2,"name":"C&rsquo;\u00e9tait Christophe Revault"}]},{"@type":"WebSite","@id":"https:\/\/dicodusport.fr\/blog\/#website","url":"https:\/\/dicodusport.fr\/blog\/","name":"Dicodusport","description":"L&#039;encyclop\u00e9die de l&#039;actualit\u00e9 sportive","publisher":{"@id":"https:\/\/dicodusport.fr\/blog\/#organization"},"potentialAction":[{"@type":"SearchAction","target":{"@type":"EntryPoint","urlTemplate":"https:\/\/dicodusport.fr\/blog\/?s={search_term_string}"},"query-input":{"@type":"PropertyValueSpecification","valueRequired":true,"valueName":"search_term_string"}}],"inLanguage":"fr-FR"},{"@type":"NewsMediaOrganization","@id":"https:\/\/dicodusport.fr\/blog\/#organization","name":"Dicodusport","url":"https:\/\/dicodusport.fr\/blog\/","logo":{"@type":"ImageObject","inLanguage":"fr-FR","@id":"https:\/\/dicodusport.fr\/blog\/#\/schema\/logo\/image\/","url":"https:\/\/dicodusport.fr\/blog\/wp-content\/uploads\/2020\/06\/cropped-LOGO-DICODUSPORT-2020-SANS-FOND-SANS-TEXTE.png","contentUrl":"https:\/\/dicodusport.fr\/blog\/wp-content\/uploads\/2020\/06\/cropped-LOGO-DICODUSPORT-2020-SANS-FOND-SANS-TEXTE.png","width":512,"height":512,"caption":"Dicodusport"},"image":{"@id":"https:\/\/dicodusport.fr\/blog\/#\/schema\/logo\/image\/"},"sameAs":["https:\/\/www.facebook.com\/dicodusport","https:\/\/x.com\/dicodusport","https:\/\/www.instagram.com\/dicodusport\/","https:\/\/www.youtube.com\/channel\/UC7V2KZ5sd3htJivAbA4ZG3w"],"description":"Dicodusport est l'encyclop\u00e9die de l'actualit\u00e9 sportive.","email":"bonjour@dicodusport.fr","legalName":"DICODUSPORT","foundingDate":"2018-01-14","vatID":"FR71834470973","taxID":"83447097300043","numberOfEmployees":{"@type":"QuantitativeValue","minValue":"1","maxValue":"10"}},{"@type":"Person","@id":"https:\/\/dicodusport.fr\/blog\/#\/schema\/person\/20a73cde459581e727623fffec174040","name":"Jordane Mougenot-Pelletier","image":{"@type":"ImageObject","inLanguage":"fr-FR","@id":"https:\/\/dicodusport.fr\/blog\/#\/schema\/person\/image\/","url":"https:\/\/dicodusport.fr\/blog\/wp-content\/uploads\/2021\/05\/Jordane-MP-150x150.jpg","contentUrl":"https:\/\/dicodusport.fr\/blog\/wp-content\/uploads\/2021\/05\/Jordane-MP-150x150.jpg","caption":"Jordane Mougenot-Pelletier"},"description":"Journaliste\/r\u00e9dacteur depuis mai 2018 - Dans mon sang coule \u00e0 la fois le feu des penne \u00e0 l'arrabiata et la glace du Grand Colombier. Amoureux des belles lettres et des Talking Heads, je supporte un club olympique. Int\u00e9ress\u00e9 par les relations qu'entretient le sport avec la soci\u00e9t\u00e9, je m'int\u00e9resse autant \u00e0 Marc C\u00e9cillon qu'\u00e0 Pep Guardiola, \u00e0 Tonya Harding qu'\u00e0 Philipp Roth. Enfant des 90's, on ne me fera pas croire qu'il y a eu plus beau \u00e0 voir depuis Zin\u00e9dine Zidane, Marco Pantani et Pete Sampras. La b\u00e9chamel est une invention du diable, la Super Ligue aussi.","sameAs":["https:\/\/x.com\/https:\/\/twitter.com\/jmp_pmj"],"url":"https:\/\/dicodusport.fr\/blog\/author\/jordane\/"}]}},"_links":{"self":[{"href":"https:\/\/dicodusport.fr\/blog\/wp-json\/wp\/v2\/posts\/127579","targetHints":{"allow":["GET"]}}],"collection":[{"href":"https:\/\/dicodusport.fr\/blog\/wp-json\/wp\/v2\/posts"}],"about":[{"href":"https:\/\/dicodusport.fr\/blog\/wp-json\/wp\/v2\/types\/post"}],"author":[{"embeddable":true,"href":"https:\/\/dicodusport.fr\/blog\/wp-json\/wp\/v2\/users\/40"}],"replies":[{"embeddable":true,"href":"https:\/\/dicodusport.fr\/blog\/wp-json\/wp\/v2\/comments?post=127579"}],"version-history":[{"count":0,"href":"https:\/\/dicodusport.fr\/blog\/wp-json\/wp\/v2\/posts\/127579\/revisions"}],"wp:featuredmedia":[{"embeddable":true,"href":"https:\/\/dicodusport.fr\/blog\/wp-json\/wp\/v2\/media\/127602"}],"wp:attachment":[{"href":"https:\/\/dicodusport.fr\/blog\/wp-json\/wp\/v2\/media?parent=127579"}],"wp:term":[{"taxonomy":"category","embeddable":true,"href":"https:\/\/dicodusport.fr\/blog\/wp-json\/wp\/v2\/categories?post=127579"},{"taxonomy":"post_tag","embeddable":true,"href":"https:\/\/dicodusport.fr\/blog\/wp-json\/wp\/v2\/tags?post=127579"}],"curies":[{"name":"wp","href":"https:\/\/api.w.org\/{rel}","templated":true}]}}