{"id":127789,"date":"2021-05-07T18:45:43","date_gmt":"2021-05-07T16:45:43","guid":{"rendered":"https:\/\/dicodusport.fr\/blog\/?p=127789&#038;preview=true&#038;preview_id=127789"},"modified":"2021-05-07T19:17:46","modified_gmt":"2021-05-07T17:17:46","slug":"vtt-short-track-mathieu-van-der-poel-imperial-a-albstadt-devant-victor-koretzky","status":"publish","type":"post","link":"https:\/\/dicodusport.fr\/blog\/vtt-short-track-mathieu-van-der-poel-imperial-a-albstadt-devant-victor-koretzky\/","title":{"rendered":"VTT Short track : Mathieu van der Poel imp\u00e9rial \u00e0 Albstadt devant Victor Koretzky"},"content":{"rendered":"<p style=\"text-align: justify;\"><strong><em>VTT &#8211; D\u00e9j\u00e0 intenable, Mathieu van der Poel (Alpecin-Fenix) a remport\u00e9 ce vendredi la short track de la Coupe du monde d&rsquo;Albstadt (Allemagne). Le N\u00e9erlandais, de retour aux affaires en VTT en vue des JO de Tokyo, a fait la diff\u00e9rence dans le dernier tour. Le Fran\u00e7ais Victor Koretzky prend la deuxi\u00e8me place, en dominant le champion d&rsquo;Europe, Nino Schurter.<\/em><\/strong><\/p>\n<p style=\"text-align: justify;\">Et voil\u00e0 d\u00e9j\u00e0 <strong>Mathieu van der Poel<\/strong> ! Apr\u00e8s avoir fait le show en cyclo-cross cet hiver et sur les Classiques sur route au printemps, le N\u00e9erlandais faisait son retour aux affaires en VTT, en vue de son grand objectif de la saison : le titre olympique en XCO. Le coureur d&rsquo;Alpecin-Fenix n&rsquo;a pas fait les choses \u00e0 moiti\u00e9, en s&rsquo;imposant en costaud sur la short track d&rsquo;Albstadt. Entreprenant d\u00e8s le premier tour, VDP a ensuite fait la diff\u00e9rence dans le dernier des sept tours, l&#8217;emportant en patron. Derri\u00e8re, le Fran\u00e7ais <strong>Victor Koretzky<\/strong> (KMC-Orbea) a devanc\u00e9 au sprint le champion d&rsquo;Europe <strong>Nino Schurter<\/strong> (Scott-SRAM MTB Racing Team). Sixi\u00e8me, le champion du monde <strong>Jordan Sarrou<\/strong> (Specialized) a accroch\u00e9 le bon wagon avant de l\u00e2cher quelques longueurs dans le dernier tour. Prochain rendez-vous, la course XCO ce dimanche (14h35).<\/p>\n<h2 style=\"text-align: justify;\">Le classement de la short track hommes d&rsquo;Albstadt<\/h2>\n<div id=\"attachment_127792\" style=\"width: 1714px\" class=\"wp-caption aligncenter\"><a href=\"https:\/\/dicodusport.fr\/blog\/wp-content\/uploads\/2021\/05\/Classement-de-la-short-track-hommes-a-Albstadt.jpg\"><img loading=\"lazy\" decoding=\"async\" aria-describedby=\"caption-attachment-127792\" class=\"wp-image-127792 size-full\" src=\"https:\/\/dicodusport.fr\/blog\/wp-content\/uploads\/2021\/05\/Classement-de-la-short-track-hommes-a-Albstadt.jpg\" alt=\"Classement de la short track hommes \u00e0 Albstadt\" width=\"1704\" height=\"2166\" srcset=\"https:\/\/dicodusport.fr\/blog\/wp-content\/uploads\/2021\/05\/Classement-de-la-short-track-hommes-a-Albstadt.jpg 1704w, https:\/\/dicodusport.fr\/blog\/wp-content\/uploads\/2021\/05\/Classement-de-la-short-track-hommes-a-Albstadt-236x300.jpg 236w, https:\/\/dicodusport.fr\/blog\/wp-content\/uploads\/2021\/05\/Classement-de-la-short-track-hommes-a-Albstadt-806x1024.jpg 806w, https:\/\/dicodusport.fr\/blog\/wp-content\/uploads\/2021\/05\/Classement-de-la-short-track-hommes-a-Albstadt-768x976.jpg 768w, https:\/\/dicodusport.fr\/blog\/wp-content\/uploads\/2021\/05\/Classement-de-la-short-track-hommes-a-Albstadt-1208x1536.jpg 1208w, https:\/\/dicodusport.fr\/blog\/wp-content\/uploads\/2021\/05\/Classement-de-la-short-track-hommes-a-Albstadt-1611x2048.jpg 1611w\" sizes=\"auto, (max-width: 1704px) 100vw, 1704px\" \/><\/a><p id=\"caption-attachment-127792\" class=\"wp-caption-text\">Classement de la short track hommes \u00e0 Albstadt<\/p><\/div>\n<blockquote class=\"twitter-tweet\">\n<p dir=\"ltr\" lang=\"nl\">Van der Poel wint meteen bij zijn wederoptreden op de mountainbike <a href=\"https:\/\/t.co\/IWcWKlvACf\">pic.twitter.com\/IWcWKlvACf<\/a><\/p>\n<p>\u2014 Sporza &#x1f6b4; (@sporza_koers) <a href=\"https:\/\/twitter.com\/sporza_koers\/status\/1390708574528184330?ref_src=twsrc%5Etfw\">May 7, 2021<\/a><\/p><\/blockquote>\n<p><script async src=\"https:\/\/platform.twitter.com\/widgets.js\" charset=\"utf-8\"><\/script><\/p>\n","protected":false},"excerpt":{"rendered":"<p>VTT &#8211; D\u00e9j\u00e0 intenable, Mathieu van der Poel (Alpecin-Fenix) a remport\u00e9 ce vendredi la short track de la Coupe du monde d&rsquo;Albstadt (Allemagne). Le N\u00e9erlandais, de retour aux affaires en VTT en vue des JO de Tokyo, a fait la diff\u00e9rence dans le dernier tour. Le Fran\u00e7ais Victor Koretzky prend la deuxi\u00e8me place, en dominant le champion d&rsquo;Europe, Nino Schurter.<\/p>\n","protected":false},"author":4,"featured_media":127797,"comment_status":"open","ping_status":"closed","sticky":false,"template":"","format":"standard","meta":{"_acf_changed":false,"_daextam_enable_autolinks":"","footnotes":""},"categories":[10279],"tags":[16500],"class_list":["post-127789","post","type-post","status-publish","format-standard","has-post-thumbnail","hentry","category-vtt","tag-vtt-albstadt"],"acf":[],"yoast_head":"<!-- This site is optimized with the Yoast SEO Premium plugin v26.7 (Yoast SEO v26.7) - https:\/\/yoast.com\/wordpress\/plugins\/seo\/ -->\n<title>VTT Short track : Mathieu van der Poel imp\u00e9rial \u00e0 Albstadt devant Victor Koretzky<\/title>\n<meta name=\"description\" content=\"VTT - D\u00e9j\u00e0 intenable, Mathieu van der Poel (Alpecin-Fenix) a remport\u00e9 ce vendredi la short track de la Coupe du monde d&#039;Albstadt (Allemagne).\" \/>\n<meta name=\"robots\" content=\"index, follow, max-snippet:-1, max-image-preview:large, max-video-preview:-1\" \/>\n<link rel=\"canonical\" href=\"https:\/\/dicodusport.fr\/blog\/vtt-short-track-mathieu-van-der-poel-imperial-a-albstadt-devant-victor-koretzky\/\" \/>\n<meta property=\"og:locale\" content=\"fr_FR\" \/>\n<meta property=\"og:type\" content=\"article\" \/>\n<meta property=\"og:title\" content=\"VTT Short track : Mathieu van der Poel imp\u00e9rial \u00e0 Albstadt devant Victor Koretzky\" \/>\n<meta property=\"og:description\" content=\"VTT - D\u00e9j\u00e0 intenable, Mathieu van der Poel (Alpecin-Fenix) a remport\u00e9 ce vendredi la short track de la Coupe du monde d&#039;Albstadt (Allemagne).\" \/>\n<meta property=\"og:url\" content=\"https:\/\/dicodusport.fr\/blog\/vtt-short-track-mathieu-van-der-poel-imperial-a-albstadt-devant-victor-koretzky\/\" \/>\n<meta property=\"og:site_name\" content=\"Dicodusport\" \/>\n<meta property=\"article:publisher\" content=\"https:\/\/www.facebook.com\/dicodusport\" \/>\n<meta property=\"article:author\" content=\"https:\/\/www.facebook.com\/florent.ostermann\" \/>\n<meta property=\"article:published_time\" content=\"2021-05-07T16:45:43+00:00\" \/>\n<meta property=\"article:modified_time\" content=\"2021-05-07T17:17:46+00:00\" \/>\n<meta property=\"og:image\" content=\"https:\/\/dicodusport.fr\/blog\/wp-content\/uploads\/2021\/05\/VTT-Short-track-Mathieu-van-der-Poel-imperial-a-Albstadt-devant-Victor-Koretzky.png\" \/>\n\t<meta property=\"og:image:width\" content=\"800\" \/>\n\t<meta property=\"og:image:height\" content=\"445\" \/>\n\t<meta property=\"og:image:type\" content=\"image\/png\" \/>\n<meta name=\"author\" content=\"Flo Ostermann\" \/>\n<meta name=\"twitter:card\" content=\"summary_large_image\" \/>\n<meta name=\"twitter:title\" content=\"VTT Short track : Mathieu van der Poel imp\u00e9rial \u00e0 Albstadt devant Victor Koretzky\" \/>\n<meta name=\"twitter:creator\" content=\"@https:\/\/twitter.com\/FlOstermann\" \/>\n<meta name=\"twitter:site\" content=\"@dicodusport\" \/>\n<script type=\"application\/ld+json\" class=\"yoast-schema-graph\">{\"@context\":\"https:\/\/schema.org\",\"@graph\":[{\"@type\":\"NewsArticle\",\"@id\":\"https:\/\/dicodusport.fr\/blog\/vtt-short-track-mathieu-van-der-poel-imperial-a-albstadt-devant-victor-koretzky\/#article\",\"isPartOf\":{\"@id\":\"https:\/\/dicodusport.fr\/blog\/vtt-short-track-mathieu-van-der-poel-imperial-a-albstadt-devant-victor-koretzky\/\"},\"author\":{\"name\":\"Flo Ostermann\",\"@id\":\"https:\/\/dicodusport.fr\/blog\/#\/schema\/person\/cb02af4c173ce4a653b55e9baf388d4a\"},\"headline\":\"VTT Short track : Mathieu van der Poel imp\u00e9rial \u00e0 Albstadt devant Victor Koretzky\",\"datePublished\":\"2021-05-07T16:45:43+00:00\",\"dateModified\":\"2021-05-07T17:17:46+00:00\",\"mainEntityOfPage\":{\"@id\":\"https:\/\/dicodusport.fr\/blog\/vtt-short-track-mathieu-van-der-poel-imperial-a-albstadt-devant-victor-koretzky\/\"},\"wordCount\":274,\"commentCount\":0,\"publisher\":{\"@id\":\"https:\/\/dicodusport.fr\/blog\/#organization\"},\"image\":{\"@id\":\"https:\/\/dicodusport.fr\/blog\/vtt-short-track-mathieu-van-der-poel-imperial-a-albstadt-devant-victor-koretzky\/#primaryimage\"},\"thumbnailUrl\":\"https:\/\/dicodusport.fr\/blog\/wp-content\/uploads\/2021\/05\/VTT-Short-track-Mathieu-van-der-Poel-imperial-a-Albstadt-devant-Victor-Koretzky.png\",\"keywords\":[\"VTT Albstadt\"],\"articleSection\":[\"VTT\"],\"inLanguage\":\"fr-FR\",\"potentialAction\":[{\"@type\":\"CommentAction\",\"name\":\"Comment\",\"target\":[\"https:\/\/dicodusport.fr\/blog\/vtt-short-track-mathieu-van-der-poel-imperial-a-albstadt-devant-victor-koretzky\/#respond\"]}],\"copyrightYear\":\"2021\",\"copyrightHolder\":{\"@id\":\"https:\/\/dicodusport.fr\/blog\/#organization\"}},{\"@type\":\"WebPage\",\"@id\":\"https:\/\/dicodusport.fr\/blog\/vtt-short-track-mathieu-van-der-poel-imperial-a-albstadt-devant-victor-koretzky\/\",\"url\":\"https:\/\/dicodusport.fr\/blog\/vtt-short-track-mathieu-van-der-poel-imperial-a-albstadt-devant-victor-koretzky\/\",\"name\":\"VTT Short track : Mathieu van der Poel imp\u00e9rial \u00e0 Albstadt devant Victor Koretzky\",\"isPartOf\":{\"@id\":\"https:\/\/dicodusport.fr\/blog\/#website\"},\"primaryImageOfPage\":{\"@id\":\"https:\/\/dicodusport.fr\/blog\/vtt-short-track-mathieu-van-der-poel-imperial-a-albstadt-devant-victor-koretzky\/#primaryimage\"},\"image\":{\"@id\":\"https:\/\/dicodusport.fr\/blog\/vtt-short-track-mathieu-van-der-poel-imperial-a-albstadt-devant-victor-koretzky\/#primaryimage\"},\"thumbnailUrl\":\"https:\/\/dicodusport.fr\/blog\/wp-content\/uploads\/2021\/05\/VTT-Short-track-Mathieu-van-der-Poel-imperial-a-Albstadt-devant-Victor-Koretzky.png\",\"datePublished\":\"2021-05-07T16:45:43+00:00\",\"dateModified\":\"2021-05-07T17:17:46+00:00\",\"description\":\"VTT - D\u00e9j\u00e0 intenable, Mathieu van der Poel (Alpecin-Fenix) a remport\u00e9 ce vendredi la short track de la Coupe du monde d'Albstadt (Allemagne).\",\"breadcrumb\":{\"@id\":\"https:\/\/dicodusport.fr\/blog\/vtt-short-track-mathieu-van-der-poel-imperial-a-albstadt-devant-victor-koretzky\/#breadcrumb\"},\"inLanguage\":\"fr-FR\",\"potentialAction\":[{\"@type\":\"ReadAction\",\"target\":[\"https:\/\/dicodusport.fr\/blog\/vtt-short-track-mathieu-van-der-poel-imperial-a-albstadt-devant-victor-koretzky\/\"]}]},{\"@type\":\"ImageObject\",\"inLanguage\":\"fr-FR\",\"@id\":\"https:\/\/dicodusport.fr\/blog\/vtt-short-track-mathieu-van-der-poel-imperial-a-albstadt-devant-victor-koretzky\/#primaryimage\",\"url\":\"https:\/\/dicodusport.fr\/blog\/wp-content\/uploads\/2021\/05\/VTT-Short-track-Mathieu-van-der-Poel-imperial-a-Albstadt-devant-Victor-Koretzky.png\",\"contentUrl\":\"https:\/\/dicodusport.fr\/blog\/wp-content\/uploads\/2021\/05\/VTT-Short-track-Mathieu-van-der-Poel-imperial-a-Albstadt-devant-Victor-Koretzky.png\",\"width\":800,\"height\":445,\"caption\":\"VTT Short track - Mathieu van der Poel imp\u00e9rial \u00e0 Albstadt devant Victor Koretzky\"},{\"@type\":\"BreadcrumbList\",\"@id\":\"https:\/\/dicodusport.fr\/blog\/vtt-short-track-mathieu-van-der-poel-imperial-a-albstadt-devant-victor-koretzky\/#breadcrumb\",\"itemListElement\":[{\"@type\":\"ListItem\",\"position\":1,\"name\":\"Accueil\",\"item\":\"https:\/\/dicodusport.fr\/blog\/\"},{\"@type\":\"ListItem\",\"position\":2,\"name\":\"VTT Short track : Mathieu van der Poel imp\u00e9rial \u00e0 Albstadt devant Victor Koretzky\"}]},{\"@type\":\"WebSite\",\"@id\":\"https:\/\/dicodusport.fr\/blog\/#website\",\"url\":\"https:\/\/dicodusport.fr\/blog\/\",\"name\":\"Dicodusport\",\"description\":\"L&#039;encyclop\u00e9die de l&#039;actualit\u00e9 sportive\",\"publisher\":{\"@id\":\"https:\/\/dicodusport.fr\/blog\/#organization\"},\"potentialAction\":[{\"@type\":\"SearchAction\",\"target\":{\"@type\":\"EntryPoint\",\"urlTemplate\":\"https:\/\/dicodusport.fr\/blog\/?s={search_term_string}\"},\"query-input\":{\"@type\":\"PropertyValueSpecification\",\"valueRequired\":true,\"valueName\":\"search_term_string\"}}],\"inLanguage\":\"fr-FR\"},{\"@type\":\"NewsMediaOrganization\",\"@id\":\"https:\/\/dicodusport.fr\/blog\/#organization\",\"name\":\"Dicodusport\",\"url\":\"https:\/\/dicodusport.fr\/blog\/\",\"logo\":{\"@type\":\"ImageObject\",\"inLanguage\":\"fr-FR\",\"@id\":\"https:\/\/dicodusport.fr\/blog\/#\/schema\/logo\/image\/\",\"url\":\"https:\/\/dicodusport.fr\/blog\/wp-content\/uploads\/2020\/06\/cropped-LOGO-DICODUSPORT-2020-SANS-FOND-SANS-TEXTE.png\",\"contentUrl\":\"https:\/\/dicodusport.fr\/blog\/wp-content\/uploads\/2020\/06\/cropped-LOGO-DICODUSPORT-2020-SANS-FOND-SANS-TEXTE.png\",\"width\":512,\"height\":512,\"caption\":\"Dicodusport\"},\"image\":{\"@id\":\"https:\/\/dicodusport.fr\/blog\/#\/schema\/logo\/image\/\"},\"sameAs\":[\"https:\/\/www.facebook.com\/dicodusport\",\"https:\/\/x.com\/dicodusport\",\"https:\/\/www.instagram.com\/dicodusport\/\",\"https:\/\/www.youtube.com\/channel\/UC7V2KZ5sd3htJivAbA4ZG3w\"],\"description\":\"Dicodusport est l'encyclop\u00e9die de l'actualit\u00e9 sportive.\",\"email\":\"bonjour@dicodusport.fr\",\"legalName\":\"DICODUSPORT\",\"foundingDate\":\"2018-01-14\",\"vatID\":\"FR71834470973\",\"taxID\":\"83447097300043\",\"numberOfEmployees\":{\"@type\":\"QuantitativeValue\",\"minValue\":\"1\",\"maxValue\":\"10\"}},{\"@type\":\"Person\",\"@id\":\"https:\/\/dicodusport.fr\/blog\/#\/schema\/person\/cb02af4c173ce4a653b55e9baf388d4a\",\"name\":\"Flo Ostermann\",\"image\":{\"@type\":\"ImageObject\",\"inLanguage\":\"fr-FR\",\"@id\":\"https:\/\/dicodusport.fr\/blog\/#\/schema\/person\/image\/\",\"url\":\"https:\/\/dicodusport.fr\/blog\/wp-content\/uploads\/2021\/05\/Flo-Ostermann-150x150.jpg\",\"contentUrl\":\"https:\/\/dicodusport.fr\/blog\/wp-content\/uploads\/2021\/05\/Flo-Ostermann-150x150.jpg\",\"caption\":\"Flo Ostermann\"},\"description\":\"Journaliste\/R\u00e9dacteur depuis septembre 2015 - Mes premiers souvenirs dans le sport ? Les envol\u00e9es du Stade Toulousain et les duels Villeneuve-Schumacher et H\u00e4kkinen-Schumacher \u00e0 la fin des ann\u00e9es 90, la Coupe du monde de football en 1998, l\u2019exploit du XV de France face aux All Blacks en 1999, mais aussi Richard C\u0153ur de Lion qui vole sur les montagnes du Tour de France. Bien parti pour devenir professeur d\u2019EPS, les \u00e9v\u00e9nements de la vie (et la flemme d\u2019animer des s\u00e9ances de 3x500 m\u00e8tres toute ma vie) m\u2019ont conduit \u00e0 revoir mes plans. Me voil\u00e0 depuis fin 2017 sur Dicodusport, m\u00e9dia gr\u00e2ce (et pour) lequel je partage ma passion : le sport dans tous ses \u00e9tats. Le tout accompagn\u00e9 par les fous furieux et folles furieuses cit\u00e9s sur cette page !\",\"sameAs\":[\"https:\/\/www.facebook.com\/florent.ostermann\",\"https:\/\/x.com\/https:\/\/twitter.com\/FlOstermann\",\"admin\"],\"url\":\"https:\/\/dicodusport.fr\/blog\/author\/flo\/\"}]}<\/script>\n<!-- \/ Yoast SEO Premium plugin. -->","yoast_head_json":{"title":"VTT Short track : Mathieu van der Poel imp\u00e9rial \u00e0 Albstadt devant Victor Koretzky","description":"VTT - D\u00e9j\u00e0 intenable, Mathieu van der Poel (Alpecin-Fenix) a remport\u00e9 ce vendredi la short track de la Coupe du monde d'Albstadt (Allemagne).","robots":{"index":"index","follow":"follow","max-snippet":"max-snippet:-1","max-image-preview":"max-image-preview:large","max-video-preview":"max-video-preview:-1"},"canonical":"https:\/\/dicodusport.fr\/blog\/vtt-short-track-mathieu-van-der-poel-imperial-a-albstadt-devant-victor-koretzky\/","og_locale":"fr_FR","og_type":"article","og_title":"VTT Short track : Mathieu van der Poel imp\u00e9rial \u00e0 Albstadt devant Victor Koretzky","og_description":"VTT - D\u00e9j\u00e0 intenable, Mathieu van der Poel (Alpecin-Fenix) a remport\u00e9 ce vendredi la short track de la Coupe du monde d'Albstadt (Allemagne).","og_url":"https:\/\/dicodusport.fr\/blog\/vtt-short-track-mathieu-van-der-poel-imperial-a-albstadt-devant-victor-koretzky\/","og_site_name":"Dicodusport","article_publisher":"https:\/\/www.facebook.com\/dicodusport","article_author":"https:\/\/www.facebook.com\/florent.ostermann","article_published_time":"2021-05-07T16:45:43+00:00","article_modified_time":"2021-05-07T17:17:46+00:00","og_image":[{"width":800,"height":445,"url":"https:\/\/dicodusport.fr\/blog\/wp-content\/uploads\/2021\/05\/VTT-Short-track-Mathieu-van-der-Poel-imperial-a-Albstadt-devant-Victor-Koretzky.png","type":"image\/png"}],"author":"Flo Ostermann","twitter_card":"summary_large_image","twitter_title":"VTT Short track : Mathieu van der Poel imp\u00e9rial \u00e0 Albstadt devant Victor Koretzky","twitter_creator":"@https:\/\/twitter.com\/FlOstermann","twitter_site":"@dicodusport","schema":{"@context":"https:\/\/schema.org","@graph":[{"@type":"NewsArticle","@id":"https:\/\/dicodusport.fr\/blog\/vtt-short-track-mathieu-van-der-poel-imperial-a-albstadt-devant-victor-koretzky\/#article","isPartOf":{"@id":"https:\/\/dicodusport.fr\/blog\/vtt-short-track-mathieu-van-der-poel-imperial-a-albstadt-devant-victor-koretzky\/"},"author":{"name":"Flo Ostermann","@id":"https:\/\/dicodusport.fr\/blog\/#\/schema\/person\/cb02af4c173ce4a653b55e9baf388d4a"},"headline":"VTT Short track : Mathieu van der Poel imp\u00e9rial \u00e0 Albstadt devant Victor Koretzky","datePublished":"2021-05-07T16:45:43+00:00","dateModified":"2021-05-07T17:17:46+00:00","mainEntityOfPage":{"@id":"https:\/\/dicodusport.fr\/blog\/vtt-short-track-mathieu-van-der-poel-imperial-a-albstadt-devant-victor-koretzky\/"},"wordCount":274,"commentCount":0,"publisher":{"@id":"https:\/\/dicodusport.fr\/blog\/#organization"},"image":{"@id":"https:\/\/dicodusport.fr\/blog\/vtt-short-track-mathieu-van-der-poel-imperial-a-albstadt-devant-victor-koretzky\/#primaryimage"},"thumbnailUrl":"https:\/\/dicodusport.fr\/blog\/wp-content\/uploads\/2021\/05\/VTT-Short-track-Mathieu-van-der-Poel-imperial-a-Albstadt-devant-Victor-Koretzky.png","keywords":["VTT Albstadt"],"articleSection":["VTT"],"inLanguage":"fr-FR","potentialAction":[{"@type":"CommentAction","name":"Comment","target":["https:\/\/dicodusport.fr\/blog\/vtt-short-track-mathieu-van-der-poel-imperial-a-albstadt-devant-victor-koretzky\/#respond"]}],"copyrightYear":"2021","copyrightHolder":{"@id":"https:\/\/dicodusport.fr\/blog\/#organization"}},{"@type":"WebPage","@id":"https:\/\/dicodusport.fr\/blog\/vtt-short-track-mathieu-van-der-poel-imperial-a-albstadt-devant-victor-koretzky\/","url":"https:\/\/dicodusport.fr\/blog\/vtt-short-track-mathieu-van-der-poel-imperial-a-albstadt-devant-victor-koretzky\/","name":"VTT Short track : Mathieu van der Poel imp\u00e9rial \u00e0 Albstadt devant Victor Koretzky","isPartOf":{"@id":"https:\/\/dicodusport.fr\/blog\/#website"},"primaryImageOfPage":{"@id":"https:\/\/dicodusport.fr\/blog\/vtt-short-track-mathieu-van-der-poel-imperial-a-albstadt-devant-victor-koretzky\/#primaryimage"},"image":{"@id":"https:\/\/dicodusport.fr\/blog\/vtt-short-track-mathieu-van-der-poel-imperial-a-albstadt-devant-victor-koretzky\/#primaryimage"},"thumbnailUrl":"https:\/\/dicodusport.fr\/blog\/wp-content\/uploads\/2021\/05\/VTT-Short-track-Mathieu-van-der-Poel-imperial-a-Albstadt-devant-Victor-Koretzky.png","datePublished":"2021-05-07T16:45:43+00:00","dateModified":"2021-05-07T17:17:46+00:00","description":"VTT - D\u00e9j\u00e0 intenable, Mathieu van der Poel (Alpecin-Fenix) a remport\u00e9 ce vendredi la short track de la Coupe du monde d'Albstadt (Allemagne).","breadcrumb":{"@id":"https:\/\/dicodusport.fr\/blog\/vtt-short-track-mathieu-van-der-poel-imperial-a-albstadt-devant-victor-koretzky\/#breadcrumb"},"inLanguage":"fr-FR","potentialAction":[{"@type":"ReadAction","target":["https:\/\/dicodusport.fr\/blog\/vtt-short-track-mathieu-van-der-poel-imperial-a-albstadt-devant-victor-koretzky\/"]}]},{"@type":"ImageObject","inLanguage":"fr-FR","@id":"https:\/\/dicodusport.fr\/blog\/vtt-short-track-mathieu-van-der-poel-imperial-a-albstadt-devant-victor-koretzky\/#primaryimage","url":"https:\/\/dicodusport.fr\/blog\/wp-content\/uploads\/2021\/05\/VTT-Short-track-Mathieu-van-der-Poel-imperial-a-Albstadt-devant-Victor-Koretzky.png","contentUrl":"https:\/\/dicodusport.fr\/blog\/wp-content\/uploads\/2021\/05\/VTT-Short-track-Mathieu-van-der-Poel-imperial-a-Albstadt-devant-Victor-Koretzky.png","width":800,"height":445,"caption":"VTT Short track - Mathieu van der Poel imp\u00e9rial \u00e0 Albstadt devant Victor Koretzky"},{"@type":"BreadcrumbList","@id":"https:\/\/dicodusport.fr\/blog\/vtt-short-track-mathieu-van-der-poel-imperial-a-albstadt-devant-victor-koretzky\/#breadcrumb","itemListElement":[{"@type":"ListItem","position":1,"name":"Accueil","item":"https:\/\/dicodusport.fr\/blog\/"},{"@type":"ListItem","position":2,"name":"VTT Short track : Mathieu van der Poel imp\u00e9rial \u00e0 Albstadt devant Victor Koretzky"}]},{"@type":"WebSite","@id":"https:\/\/dicodusport.fr\/blog\/#website","url":"https:\/\/dicodusport.fr\/blog\/","name":"Dicodusport","description":"L&#039;encyclop\u00e9die de l&#039;actualit\u00e9 sportive","publisher":{"@id":"https:\/\/dicodusport.fr\/blog\/#organization"},"potentialAction":[{"@type":"SearchAction","target":{"@type":"EntryPoint","urlTemplate":"https:\/\/dicodusport.fr\/blog\/?s={search_term_string}"},"query-input":{"@type":"PropertyValueSpecification","valueRequired":true,"valueName":"search_term_string"}}],"inLanguage":"fr-FR"},{"@type":"NewsMediaOrganization","@id":"https:\/\/dicodusport.fr\/blog\/#organization","name":"Dicodusport","url":"https:\/\/dicodusport.fr\/blog\/","logo":{"@type":"ImageObject","inLanguage":"fr-FR","@id":"https:\/\/dicodusport.fr\/blog\/#\/schema\/logo\/image\/","url":"https:\/\/dicodusport.fr\/blog\/wp-content\/uploads\/2020\/06\/cropped-LOGO-DICODUSPORT-2020-SANS-FOND-SANS-TEXTE.png","contentUrl":"https:\/\/dicodusport.fr\/blog\/wp-content\/uploads\/2020\/06\/cropped-LOGO-DICODUSPORT-2020-SANS-FOND-SANS-TEXTE.png","width":512,"height":512,"caption":"Dicodusport"},"image":{"@id":"https:\/\/dicodusport.fr\/blog\/#\/schema\/logo\/image\/"},"sameAs":["https:\/\/www.facebook.com\/dicodusport","https:\/\/x.com\/dicodusport","https:\/\/www.instagram.com\/dicodusport\/","https:\/\/www.youtube.com\/channel\/UC7V2KZ5sd3htJivAbA4ZG3w"],"description":"Dicodusport est l'encyclop\u00e9die de l'actualit\u00e9 sportive.","email":"bonjour@dicodusport.fr","legalName":"DICODUSPORT","foundingDate":"2018-01-14","vatID":"FR71834470973","taxID":"83447097300043","numberOfEmployees":{"@type":"QuantitativeValue","minValue":"1","maxValue":"10"}},{"@type":"Person","@id":"https:\/\/dicodusport.fr\/blog\/#\/schema\/person\/cb02af4c173ce4a653b55e9baf388d4a","name":"Flo Ostermann","image":{"@type":"ImageObject","inLanguage":"fr-FR","@id":"https:\/\/dicodusport.fr\/blog\/#\/schema\/person\/image\/","url":"https:\/\/dicodusport.fr\/blog\/wp-content\/uploads\/2021\/05\/Flo-Ostermann-150x150.jpg","contentUrl":"https:\/\/dicodusport.fr\/blog\/wp-content\/uploads\/2021\/05\/Flo-Ostermann-150x150.jpg","caption":"Flo Ostermann"},"description":"Journaliste\/R\u00e9dacteur depuis septembre 2015 - Mes premiers souvenirs dans le sport ? Les envol\u00e9es du Stade Toulousain et les duels Villeneuve-Schumacher et H\u00e4kkinen-Schumacher \u00e0 la fin des ann\u00e9es 90, la Coupe du monde de football en 1998, l\u2019exploit du XV de France face aux All Blacks en 1999, mais aussi Richard C\u0153ur de Lion qui vole sur les montagnes du Tour de France. Bien parti pour devenir professeur d\u2019EPS, les \u00e9v\u00e9nements de la vie (et la flemme d\u2019animer des s\u00e9ances de 3x500 m\u00e8tres toute ma vie) m\u2019ont conduit \u00e0 revoir mes plans. Me voil\u00e0 depuis fin 2017 sur Dicodusport, m\u00e9dia gr\u00e2ce (et pour) lequel je partage ma passion : le sport dans tous ses \u00e9tats. Le tout accompagn\u00e9 par les fous furieux et folles furieuses cit\u00e9s sur cette page !","sameAs":["https:\/\/www.facebook.com\/florent.ostermann","https:\/\/x.com\/https:\/\/twitter.com\/FlOstermann","admin"],"url":"https:\/\/dicodusport.fr\/blog\/author\/flo\/"}]}},"_links":{"self":[{"href":"https:\/\/dicodusport.fr\/blog\/wp-json\/wp\/v2\/posts\/127789","targetHints":{"allow":["GET"]}}],"collection":[{"href":"https:\/\/dicodusport.fr\/blog\/wp-json\/wp\/v2\/posts"}],"about":[{"href":"https:\/\/dicodusport.fr\/blog\/wp-json\/wp\/v2\/types\/post"}],"author":[{"embeddable":true,"href":"https:\/\/dicodusport.fr\/blog\/wp-json\/wp\/v2\/users\/4"}],"replies":[{"embeddable":true,"href":"https:\/\/dicodusport.fr\/blog\/wp-json\/wp\/v2\/comments?post=127789"}],"version-history":[{"count":0,"href":"https:\/\/dicodusport.fr\/blog\/wp-json\/wp\/v2\/posts\/127789\/revisions"}],"wp:featuredmedia":[{"embeddable":true,"href":"https:\/\/dicodusport.fr\/blog\/wp-json\/wp\/v2\/media\/127797"}],"wp:attachment":[{"href":"https:\/\/dicodusport.fr\/blog\/wp-json\/wp\/v2\/media?parent=127789"}],"wp:term":[{"taxonomy":"category","embeddable":true,"href":"https:\/\/dicodusport.fr\/blog\/wp-json\/wp\/v2\/categories?post=127789"},{"taxonomy":"post_tag","embeddable":true,"href":"https:\/\/dicodusport.fr\/blog\/wp-json\/wp\/v2\/tags?post=127789"}],"curies":[{"name":"wp","href":"https:\/\/api.w.org\/{rel}","templated":true}]}}