{"id":128264,"date":"2021-05-09T12:40:33","date_gmt":"2021-05-09T10:40:33","guid":{"rendered":"https:\/\/dicodusport.fr\/blog\/?p=128264"},"modified":"2021-05-09T20:32:36","modified_gmt":"2021-05-09T18:32:36","slug":"vtt-loana-lecomte-domine-la-course-devant-pauline-ferrand-prevot-a-albstadt","status":"publish","type":"post","link":"https:\/\/dicodusport.fr\/blog\/vtt-loana-lecomte-domine-la-course-devant-pauline-ferrand-prevot-a-albstadt\/","title":{"rendered":"VTT : Loana Lecomte domine la course devant Pauline Ferrand-Pr\u00e9vot \u00e0 Albstadt"},"content":{"rendered":"<p style=\"text-align: justify;\"><em><strong><a href=\"https:\/\/dicodusport.fr\/blog\/actualites\/cyclisme\/vtt\/\">VTT<\/a> &#8211; Sur la premi\u00e8re manche de la Coupe du monde \u00e0 Albstadt, <a href=\"https:\/\/dicodusport.fr\/blog\/vtt-internazionali-italie-series-loana-lecomte-s-impose-devant-pauline-ferrand-prevot-a-nalles\/\">Loana Lecomte<\/a> (Team Massi) a vite pos\u00e9 la main sur la course pour s&rsquo;imposer devant sa compatriote <a href=\"https:\/\/dicodusport.fr\/blog\/vtt-short-track-pauline-ferrand-prevot-s-impose-a-albstadt\/\">Pauline Ferrand-Pr\u00e9vot<\/a> (Team Absolute-Absalon \u2013 BMC), laur\u00e9ate de la short track vendredi. L&rsquo;Ann\u00e9cienne de 21 ans a d\u00e9croch\u00e9 son deuxi\u00e8me succ\u00e8s en Coupe du monde apr\u00e8s sa victoire \u00e0 <a title=\"\" href=\"https:\/\/fr.wikipedia.org\/wiki\/Nov%C3%A9_M%C4%9Bsto_na_Morav%C4%9B\">Nove Mesto<\/a> en octobre dernier.<\/strong> <\/em><\/p>\n<h2>Un d\u00e9part difficile de <strong>Ferrand-Pr\u00e9vot<\/strong><\/h2>\n<p style=\"text-align: justify;\">D&rsquo;abord, au moment du d\u00e9part, <strong>Pauline Ferrand-Pr\u00e9vot<\/strong> s&rsquo;est \u00e9lanc\u00e9e moyennement et cela a permis \u00e0 Anne Terpstra de prendre les devants. Du c\u00f4t\u00e9 de <strong>Loana Lecomte<\/strong>, elle a r\u00e9alis\u00e9 un bon d\u00e9part pour attaquer la premi\u00e8re mont\u00e9e en bonne position alors que <strong>Ferrand-Pr\u00e9vot<\/strong> est oblig\u00e9e de doubler de nombreuses concurrentes.<\/p>\n<h2>Le coup de boutoir Loana Lecomte<\/h2>\n<p style=\"text-align: justify;\">D\u00e8s la deuxi\u00e8me mont\u00e9e de la course, <strong>Lecomte<\/strong> a port\u00e9 une violente acc\u00e9l\u00e9ration pour l\u00e2cher la N\u00e9erlandaise. Derri\u00e8re, Courtney est revenue sur la championne des Pays-Bas <strong>Terpstra<\/strong> tandis que la championne du monde s&rsquo;est rapproch\u00e9e du duo.<\/p>\n<p style=\"text-align: justify;\">Puis, dans le deuxi\u00e8me tour, apr\u00e8s \u00eatre revenue sur <strong>Terpstra<\/strong> (Ghost Factory) et <strong>Courtney<\/strong>, <strong>Pauline Ferrand-Pr\u00e9vot<\/strong> a pris ses distances avec ses deux adversaires. Devant, <strong>Lecomte<\/strong> \u00e9tait impressionnante de facilit\u00e9 autant dans les portions montantes que descendantes pour attaquer le tour suivant avec 35&Prime; d&rsquo;avance sur sa compatriote. <strong>McConnell <\/strong>et <strong>Neff<\/strong>, quant \u00e0 elle, se sont relay\u00e9es pour tenter de revenir sur l&rsquo;Am\u00e9ricaine.<\/p>\n<h2>Les deux Fran\u00e7aises g\u00e8rent<\/h2>\n<p style=\"text-align: justify;\">Par la suite, <strong>Lecomte<\/strong> a continu\u00e9 d&rsquo;accentuer son avance sur la coureuse du Team Absolute-Absalon \u2013 BMC. Apr\u00e8s une belle remont\u00e9e, <strong>Jolanda Neff<\/strong> a connu un passage \u00e0 vide et a laiss\u00e9 <strong>Courtney<\/strong> (Scott SRAM MTB) et <strong>McConnell<\/strong>.<\/p>\n<p style=\"text-align: justify;\">Ensuite, apr\u00e8s un moment \u00e0 la 3e place, <strong>McConnell<\/strong> a \u00e9t\u00e9 d\u00e9bord\u00e9e par le rythme de Courtney, bien plus puissante dans les sections ascendantes. L&rsquo;Australienne s&rsquo;est effondr\u00e9e et a \u00e9t\u00e9 d\u00e9pass\u00e9e par <strong>Batten<\/strong>, <strong>Terpstra<\/strong>, <strong>Stigger<\/strong> et <strong>Belomoina<\/strong>. Cette derni\u00e8re a r\u00e9ussi une excellente seconde moiti\u00e9 de course.<\/p>\n<p style=\"text-align: justify;\">La jeune <strong>Batten<\/strong> a profit\u00e9 de l&rsquo;avant-dernier tour pour revenir et d\u00e9passer Courtney. Voyant <strong>Batten<\/strong> imposer un gros rythme, <strong>Ferrand-Pr\u00e9vot<\/strong> a rehauss\u00e9 son allure pour s\u00e9curiser sa deuxi\u00e8me place \u00e0 plus d&rsquo;une minute de <strong>Lecomte<\/strong>. Apr\u00e8s une offensive de <strong>Yana Belomoina, Terpstra <\/strong>est revenue progressivement sur l&rsquo;Ukrainienne avec l&rsquo;Autrichienne <strong>Stigger<\/strong>.<\/p>\n<h2>Joli finish de <strong>Haley Batten<br \/>\n<\/strong><\/h2>\n<p style=\"text-align: justify;\">Finalement, <strong>Loana Lecomte<\/strong> a pu savourer son succ\u00e8s dans les derniers m\u00e8tres et s&rsquo;est impos\u00e9e avec 53&Prime; d&rsquo;avance sur <strong>Ferrand-Pr\u00e9vot<\/strong>. <strong>Haley Batten<\/strong> (Trinity Racing MTB) a compl\u00e9t\u00e9 le podium \u00e0 1&rsquo;15\u2033. La jeune Am\u00e9ricaine est mont\u00e9e ainsi sur son premier podium en Coupe du monde.<\/p>\n<blockquote class=\"twitter-tweet\">\n<p dir=\"ltr\" lang=\"fr\">Doubl\u00e9 fran\u00e7ais lors de la premi\u00e8re manche de la Coupe du monde de VTT \u00e0 Albstadt en Allemagne &#x1f1eb;&#x1f1f7;&#x1f44f;<a href=\"https:\/\/twitter.com\/hashtag\/lequipeVELO?src=hash&amp;ref_src=twsrc%5Etfw\">#lequipeVELO<\/a> <a href=\"https:\/\/twitter.com\/hashtag\/lequipeVTT?src=hash&amp;ref_src=twsrc%5Etfw\">#lequipeVTT<\/a> <a href=\"https:\/\/t.co\/uV5msWRZkr\">pic.twitter.com\/uV5msWRZkr<\/a><\/p>\n<p>\u2014 la chaine L&rsquo;\u00c9quipe (@lachainelequipe) <a href=\"https:\/\/twitter.com\/lachainelequipe\/status\/1391344432352481280?ref_src=twsrc%5Etfw\">May 9, 2021<\/a><\/p><\/blockquote>\n<p><script async src=\"https:\/\/platform.twitter.com\/widgets.js\" charset=\"utf-8\"><\/script><\/p>\n<ul>\n<li style=\"text-align: justify;\"><strong>\u00c0 lire aussi \u2013 <a href=\"https:\/\/dicodusport.fr\/blog\/coupe-du-monde-vtt-xco-classement-course-femmes\/\">VTT XCO \u2013 Albstadt : le classement de la course<\/a><\/strong><\/li>\n<\/ul>\n","protected":false},"excerpt":{"rendered":"<p>VTT &#8211; Sur la premi\u00e8re manche de la Coupe du monde \u00e0 Albstadt, Loana Lecomte (Team Massi) a vite pos\u00e9 la main sur la course pour s&rsquo;imposer devant sa compatriote Pauline Ferrand-Pr\u00e9vot (Team Absolute-Absalon \u2013 BMC), laur\u00e9ate de la short track vendredi. L&rsquo;Ann\u00e9cienne de 21 ans a d\u00e9croch\u00e9 son deuxi\u00e8me succ\u00e8s en Coupe du monde apr\u00e8s sa victoire \u00e0 Nove Mesto en octobre dernier.<\/p>\n","protected":false},"author":48,"featured_media":128290,"comment_status":"open","ping_status":"closed","sticky":false,"template":"","format":"standard","meta":{"_acf_changed":false,"_daextam_enable_autolinks":"","footnotes":""},"categories":[10279],"tags":[10994,24,692],"class_list":["post-128264","post","type-post","status-publish","format-standard","has-post-thumbnail","hentry","category-vtt","tag-loana-lecomte","tag-sport","tag-vtt"],"acf":[],"yoast_head":"<!-- This site is optimized with the Yoast SEO Premium plugin v26.7 (Yoast SEO v26.7) - https:\/\/yoast.com\/wordpress\/plugins\/seo\/ -->\n<title>VTT : Loana Lecomte domine la course devant Pauline Ferrand-Pr\u00e9vot \u00e0 Albstadt<\/title>\n<meta name=\"description\" content=\"VTT - Sur la premi\u00e8re manche de la Coupe du monde \u00e0 Albstadt, Loana Lecomte s&#039;est impos\u00e9 devant sa compatriote Pauline Ferrand-Pr\u00e9vot.\" \/>\n<meta name=\"robots\" content=\"index, follow, max-snippet:-1, max-image-preview:large, max-video-preview:-1\" \/>\n<link rel=\"canonical\" href=\"https:\/\/dicodusport.fr\/blog\/vtt-loana-lecomte-domine-la-course-devant-pauline-ferrand-prevot-a-albstadt\/\" \/>\n<meta property=\"og:locale\" content=\"fr_FR\" \/>\n<meta property=\"og:type\" content=\"article\" \/>\n<meta property=\"og:title\" content=\"VTT : Loana Lecomte domine la course devant Pauline Ferrand-Pr\u00e9vot \u00e0 Albstadt\" \/>\n<meta property=\"og:description\" content=\"VTT - Sur la premi\u00e8re manche de la Coupe du monde \u00e0 Albstadt, Loana Lecomte s&#039;est impos\u00e9 devant sa compatriote Pauline Ferrand-Pr\u00e9vot.\" \/>\n<meta property=\"og:url\" content=\"https:\/\/dicodusport.fr\/blog\/vtt-loana-lecomte-domine-la-course-devant-pauline-ferrand-prevot-a-albstadt\/\" \/>\n<meta property=\"og:site_name\" content=\"Dicodusport\" \/>\n<meta property=\"article:publisher\" content=\"https:\/\/www.facebook.com\/dicodusport\" \/>\n<meta property=\"article:author\" content=\"https:\/\/www.facebook.com\/groups\/LesRoisDuPeloton\" \/>\n<meta property=\"article:published_time\" content=\"2021-05-09T10:40:33+00:00\" \/>\n<meta property=\"article:modified_time\" content=\"2021-05-09T18:32:36+00:00\" \/>\n<meta property=\"og:image\" content=\"https:\/\/dicodusport.fr\/blog\/wp-content\/uploads\/2021\/05\/VTT-XCO-Loana-Lecomte-domine-la-course-devant-Pauline-Ferrand-Prevot-a-Albstadt-e1620582225342.png\" \/>\n\t<meta property=\"og:image:width\" content=\"800\" \/>\n\t<meta property=\"og:image:height\" content=\"450\" \/>\n\t<meta property=\"og:image:type\" content=\"image\/png\" \/>\n<meta name=\"author\" content=\"Emilien Descampiaux\" \/>\n<meta name=\"twitter:card\" content=\"summary_large_image\" \/>\n<meta name=\"twitter:title\" content=\"VTT : Loana Lecomte domine la course devant Pauline Ferrand-Pr\u00e9vot \u00e0 Albstadt\" \/>\n<meta name=\"twitter:creator\" content=\"@https:\/\/twitter.com\/LRoisDuPeloton\" \/>\n<meta name=\"twitter:site\" content=\"@dicodusport\" \/>\n<script type=\"application\/ld+json\" class=\"yoast-schema-graph\">{\"@context\":\"https:\/\/schema.org\",\"@graph\":[{\"@type\":\"NewsArticle\",\"@id\":\"https:\/\/dicodusport.fr\/blog\/vtt-loana-lecomte-domine-la-course-devant-pauline-ferrand-prevot-a-albstadt\/#article\",\"isPartOf\":{\"@id\":\"https:\/\/dicodusport.fr\/blog\/vtt-loana-lecomte-domine-la-course-devant-pauline-ferrand-prevot-a-albstadt\/\"},\"author\":{\"name\":\"Emilien Descampiaux\",\"@id\":\"https:\/\/dicodusport.fr\/blog\/#\/schema\/person\/6db4bae06b171592211be385b32876a7\"},\"headline\":\"VTT : Loana Lecomte domine la course devant Pauline Ferrand-Pr\u00e9vot \u00e0 Albstadt\",\"datePublished\":\"2021-05-09T10:40:33+00:00\",\"dateModified\":\"2021-05-09T18:32:36+00:00\",\"mainEntityOfPage\":{\"@id\":\"https:\/\/dicodusport.fr\/blog\/vtt-loana-lecomte-domine-la-course-devant-pauline-ferrand-prevot-a-albstadt\/\"},\"wordCount\":536,\"commentCount\":0,\"publisher\":{\"@id\":\"https:\/\/dicodusport.fr\/blog\/#organization\"},\"image\":{\"@id\":\"https:\/\/dicodusport.fr\/blog\/vtt-loana-lecomte-domine-la-course-devant-pauline-ferrand-prevot-a-albstadt\/#primaryimage\"},\"thumbnailUrl\":\"https:\/\/dicodusport.fr\/blog\/wp-content\/uploads\/2021\/05\/VTT-XCO-Loana-Lecomte-domine-la-course-devant-Pauline-Ferrand-Prevot-a-Albstadt-e1620582225342.png\",\"keywords\":[\"Loana Lecomte\",\"sport\",\"VTT\"],\"articleSection\":[\"VTT\"],\"inLanguage\":\"fr-FR\",\"potentialAction\":[{\"@type\":\"CommentAction\",\"name\":\"Comment\",\"target\":[\"https:\/\/dicodusport.fr\/blog\/vtt-loana-lecomte-domine-la-course-devant-pauline-ferrand-prevot-a-albstadt\/#respond\"]}],\"copyrightYear\":\"2021\",\"copyrightHolder\":{\"@id\":\"https:\/\/dicodusport.fr\/blog\/#organization\"}},{\"@type\":\"WebPage\",\"@id\":\"https:\/\/dicodusport.fr\/blog\/vtt-loana-lecomte-domine-la-course-devant-pauline-ferrand-prevot-a-albstadt\/\",\"url\":\"https:\/\/dicodusport.fr\/blog\/vtt-loana-lecomte-domine-la-course-devant-pauline-ferrand-prevot-a-albstadt\/\",\"name\":\"VTT : Loana Lecomte domine la course devant Pauline Ferrand-Pr\u00e9vot \u00e0 Albstadt\",\"isPartOf\":{\"@id\":\"https:\/\/dicodusport.fr\/blog\/#website\"},\"primaryImageOfPage\":{\"@id\":\"https:\/\/dicodusport.fr\/blog\/vtt-loana-lecomte-domine-la-course-devant-pauline-ferrand-prevot-a-albstadt\/#primaryimage\"},\"image\":{\"@id\":\"https:\/\/dicodusport.fr\/blog\/vtt-loana-lecomte-domine-la-course-devant-pauline-ferrand-prevot-a-albstadt\/#primaryimage\"},\"thumbnailUrl\":\"https:\/\/dicodusport.fr\/blog\/wp-content\/uploads\/2021\/05\/VTT-XCO-Loana-Lecomte-domine-la-course-devant-Pauline-Ferrand-Prevot-a-Albstadt-e1620582225342.png\",\"datePublished\":\"2021-05-09T10:40:33+00:00\",\"dateModified\":\"2021-05-09T18:32:36+00:00\",\"description\":\"VTT - Sur la premi\u00e8re manche de la Coupe du monde \u00e0 Albstadt, Loana Lecomte s'est impos\u00e9 devant sa compatriote Pauline Ferrand-Pr\u00e9vot.\",\"breadcrumb\":{\"@id\":\"https:\/\/dicodusport.fr\/blog\/vtt-loana-lecomte-domine-la-course-devant-pauline-ferrand-prevot-a-albstadt\/#breadcrumb\"},\"inLanguage\":\"fr-FR\",\"potentialAction\":[{\"@type\":\"ReadAction\",\"target\":[\"https:\/\/dicodusport.fr\/blog\/vtt-loana-lecomte-domine-la-course-devant-pauline-ferrand-prevot-a-albstadt\/\"]}]},{\"@type\":\"ImageObject\",\"inLanguage\":\"fr-FR\",\"@id\":\"https:\/\/dicodusport.fr\/blog\/vtt-loana-lecomte-domine-la-course-devant-pauline-ferrand-prevot-a-albstadt\/#primaryimage\",\"url\":\"https:\/\/dicodusport.fr\/blog\/wp-content\/uploads\/2021\/05\/VTT-XCO-Loana-Lecomte-domine-la-course-devant-Pauline-Ferrand-Prevot-a-Albstadt-e1620582225342.png\",\"contentUrl\":\"https:\/\/dicodusport.fr\/blog\/wp-content\/uploads\/2021\/05\/VTT-XCO-Loana-Lecomte-domine-la-course-devant-Pauline-Ferrand-Prevot-a-Albstadt-e1620582225342.png\",\"width\":800,\"height\":450,\"caption\":\"VTT XCO - Loana Lecomte domine la course devant Pauline Ferrand-Pr\u00e9vot \u00e0 Albstadt\"},{\"@type\":\"BreadcrumbList\",\"@id\":\"https:\/\/dicodusport.fr\/blog\/vtt-loana-lecomte-domine-la-course-devant-pauline-ferrand-prevot-a-albstadt\/#breadcrumb\",\"itemListElement\":[{\"@type\":\"ListItem\",\"position\":1,\"name\":\"Accueil\",\"item\":\"https:\/\/dicodusport.fr\/blog\/\"},{\"@type\":\"ListItem\",\"position\":2,\"name\":\"VTT : Loana Lecomte domine la course devant Pauline Ferrand-Pr\u00e9vot \u00e0 Albstadt\"}]},{\"@type\":\"WebSite\",\"@id\":\"https:\/\/dicodusport.fr\/blog\/#website\",\"url\":\"https:\/\/dicodusport.fr\/blog\/\",\"name\":\"Dicodusport\",\"description\":\"L&#039;encyclop\u00e9die de l&#039;actualit\u00e9 sportive\",\"publisher\":{\"@id\":\"https:\/\/dicodusport.fr\/blog\/#organization\"},\"potentialAction\":[{\"@type\":\"SearchAction\",\"target\":{\"@type\":\"EntryPoint\",\"urlTemplate\":\"https:\/\/dicodusport.fr\/blog\/?s={search_term_string}\"},\"query-input\":{\"@type\":\"PropertyValueSpecification\",\"valueRequired\":true,\"valueName\":\"search_term_string\"}}],\"inLanguage\":\"fr-FR\"},{\"@type\":\"NewsMediaOrganization\",\"@id\":\"https:\/\/dicodusport.fr\/blog\/#organization\",\"name\":\"Dicodusport\",\"url\":\"https:\/\/dicodusport.fr\/blog\/\",\"logo\":{\"@type\":\"ImageObject\",\"inLanguage\":\"fr-FR\",\"@id\":\"https:\/\/dicodusport.fr\/blog\/#\/schema\/logo\/image\/\",\"url\":\"https:\/\/dicodusport.fr\/blog\/wp-content\/uploads\/2020\/06\/cropped-LOGO-DICODUSPORT-2020-SANS-FOND-SANS-TEXTE.png\",\"contentUrl\":\"https:\/\/dicodusport.fr\/blog\/wp-content\/uploads\/2020\/06\/cropped-LOGO-DICODUSPORT-2020-SANS-FOND-SANS-TEXTE.png\",\"width\":512,\"height\":512,\"caption\":\"Dicodusport\"},\"image\":{\"@id\":\"https:\/\/dicodusport.fr\/blog\/#\/schema\/logo\/image\/\"},\"sameAs\":[\"https:\/\/www.facebook.com\/dicodusport\",\"https:\/\/x.com\/dicodusport\",\"https:\/\/www.instagram.com\/dicodusport\/\",\"https:\/\/www.youtube.com\/channel\/UC7V2KZ5sd3htJivAbA4ZG3w\"],\"description\":\"Dicodusport est l'encyclop\u00e9die de l'actualit\u00e9 sportive.\",\"email\":\"bonjour@dicodusport.fr\",\"legalName\":\"DICODUSPORT\",\"foundingDate\":\"2018-01-14\",\"vatID\":\"FR71834470973\",\"taxID\":\"83447097300043\",\"numberOfEmployees\":{\"@type\":\"QuantitativeValue\",\"minValue\":\"1\",\"maxValue\":\"10\"}},{\"@type\":\"Person\",\"@id\":\"https:\/\/dicodusport.fr\/blog\/#\/schema\/person\/6db4bae06b171592211be385b32876a7\",\"name\":\"Emilien Descampiaux\",\"image\":{\"@type\":\"ImageObject\",\"inLanguage\":\"fr-FR\",\"@id\":\"https:\/\/dicodusport.fr\/blog\/#\/schema\/person\/image\/\",\"url\":\"https:\/\/dicodusport.fr\/blog\/wp-content\/uploads\/2021\/05\/Emilien-Descampiaux-150x150.jpg\",\"contentUrl\":\"https:\/\/dicodusport.fr\/blog\/wp-content\/uploads\/2021\/05\/Emilien-Descampiaux-150x150.jpg\",\"caption\":\"Emilien Descampiaux\"},\"description\":\"Journaliste\/r\u00e9dacteur depuis 2014 - Fan de la classe de Frank Vandenbroucke, je vis cyclisme (et de ses paysages) depuis plus de 20 ans. Je suis tr\u00e8s impliqu\u00e9 sur mes diff\u00e9rents r\u00e9seaux sociaux pour partager ma passion sur le monde et l'Histoire de la bicyclette avec ma voix sur les images en noir et blanc du succ\u00e8s de Rik Van Steenbergen lors du Ronde sur le V\u00e9lodrome de Gand.\",\"sameAs\":[\"https:\/\/www.facebook.com\/groups\/LesRoisDuPeloton\",\"https:\/\/x.com\/https:\/\/twitter.com\/LRoisDuPeloton\"],\"url\":\"https:\/\/dicodusport.fr\/blog\/author\/emiliend\/\"}]}<\/script>\n<!-- \/ Yoast SEO Premium plugin. -->","yoast_head_json":{"title":"VTT : Loana Lecomte domine la course devant Pauline Ferrand-Pr\u00e9vot \u00e0 Albstadt","description":"VTT - Sur la premi\u00e8re manche de la Coupe du monde \u00e0 Albstadt, Loana Lecomte s'est impos\u00e9 devant sa compatriote Pauline Ferrand-Pr\u00e9vot.","robots":{"index":"index","follow":"follow","max-snippet":"max-snippet:-1","max-image-preview":"max-image-preview:large","max-video-preview":"max-video-preview:-1"},"canonical":"https:\/\/dicodusport.fr\/blog\/vtt-loana-lecomte-domine-la-course-devant-pauline-ferrand-prevot-a-albstadt\/","og_locale":"fr_FR","og_type":"article","og_title":"VTT : Loana Lecomte domine la course devant Pauline Ferrand-Pr\u00e9vot \u00e0 Albstadt","og_description":"VTT - Sur la premi\u00e8re manche de la Coupe du monde \u00e0 Albstadt, Loana Lecomte s'est impos\u00e9 devant sa compatriote Pauline Ferrand-Pr\u00e9vot.","og_url":"https:\/\/dicodusport.fr\/blog\/vtt-loana-lecomte-domine-la-course-devant-pauline-ferrand-prevot-a-albstadt\/","og_site_name":"Dicodusport","article_publisher":"https:\/\/www.facebook.com\/dicodusport","article_author":"https:\/\/www.facebook.com\/groups\/LesRoisDuPeloton","article_published_time":"2021-05-09T10:40:33+00:00","article_modified_time":"2021-05-09T18:32:36+00:00","og_image":[{"width":800,"height":450,"url":"https:\/\/dicodusport.fr\/blog\/wp-content\/uploads\/2021\/05\/VTT-XCO-Loana-Lecomte-domine-la-course-devant-Pauline-Ferrand-Prevot-a-Albstadt-e1620582225342.png","type":"image\/png"}],"author":"Emilien Descampiaux","twitter_card":"summary_large_image","twitter_title":"VTT : Loana Lecomte domine la course devant Pauline Ferrand-Pr\u00e9vot \u00e0 Albstadt","twitter_creator":"@https:\/\/twitter.com\/LRoisDuPeloton","twitter_site":"@dicodusport","schema":{"@context":"https:\/\/schema.org","@graph":[{"@type":"NewsArticle","@id":"https:\/\/dicodusport.fr\/blog\/vtt-loana-lecomte-domine-la-course-devant-pauline-ferrand-prevot-a-albstadt\/#article","isPartOf":{"@id":"https:\/\/dicodusport.fr\/blog\/vtt-loana-lecomte-domine-la-course-devant-pauline-ferrand-prevot-a-albstadt\/"},"author":{"name":"Emilien Descampiaux","@id":"https:\/\/dicodusport.fr\/blog\/#\/schema\/person\/6db4bae06b171592211be385b32876a7"},"headline":"VTT : Loana Lecomte domine la course devant Pauline Ferrand-Pr\u00e9vot \u00e0 Albstadt","datePublished":"2021-05-09T10:40:33+00:00","dateModified":"2021-05-09T18:32:36+00:00","mainEntityOfPage":{"@id":"https:\/\/dicodusport.fr\/blog\/vtt-loana-lecomte-domine-la-course-devant-pauline-ferrand-prevot-a-albstadt\/"},"wordCount":536,"commentCount":0,"publisher":{"@id":"https:\/\/dicodusport.fr\/blog\/#organization"},"image":{"@id":"https:\/\/dicodusport.fr\/blog\/vtt-loana-lecomte-domine-la-course-devant-pauline-ferrand-prevot-a-albstadt\/#primaryimage"},"thumbnailUrl":"https:\/\/dicodusport.fr\/blog\/wp-content\/uploads\/2021\/05\/VTT-XCO-Loana-Lecomte-domine-la-course-devant-Pauline-Ferrand-Prevot-a-Albstadt-e1620582225342.png","keywords":["Loana Lecomte","sport","VTT"],"articleSection":["VTT"],"inLanguage":"fr-FR","potentialAction":[{"@type":"CommentAction","name":"Comment","target":["https:\/\/dicodusport.fr\/blog\/vtt-loana-lecomte-domine-la-course-devant-pauline-ferrand-prevot-a-albstadt\/#respond"]}],"copyrightYear":"2021","copyrightHolder":{"@id":"https:\/\/dicodusport.fr\/blog\/#organization"}},{"@type":"WebPage","@id":"https:\/\/dicodusport.fr\/blog\/vtt-loana-lecomte-domine-la-course-devant-pauline-ferrand-prevot-a-albstadt\/","url":"https:\/\/dicodusport.fr\/blog\/vtt-loana-lecomte-domine-la-course-devant-pauline-ferrand-prevot-a-albstadt\/","name":"VTT : Loana Lecomte domine la course devant Pauline Ferrand-Pr\u00e9vot \u00e0 Albstadt","isPartOf":{"@id":"https:\/\/dicodusport.fr\/blog\/#website"},"primaryImageOfPage":{"@id":"https:\/\/dicodusport.fr\/blog\/vtt-loana-lecomte-domine-la-course-devant-pauline-ferrand-prevot-a-albstadt\/#primaryimage"},"image":{"@id":"https:\/\/dicodusport.fr\/blog\/vtt-loana-lecomte-domine-la-course-devant-pauline-ferrand-prevot-a-albstadt\/#primaryimage"},"thumbnailUrl":"https:\/\/dicodusport.fr\/blog\/wp-content\/uploads\/2021\/05\/VTT-XCO-Loana-Lecomte-domine-la-course-devant-Pauline-Ferrand-Prevot-a-Albstadt-e1620582225342.png","datePublished":"2021-05-09T10:40:33+00:00","dateModified":"2021-05-09T18:32:36+00:00","description":"VTT - Sur la premi\u00e8re manche de la Coupe du monde \u00e0 Albstadt, Loana Lecomte s'est impos\u00e9 devant sa compatriote Pauline Ferrand-Pr\u00e9vot.","breadcrumb":{"@id":"https:\/\/dicodusport.fr\/blog\/vtt-loana-lecomte-domine-la-course-devant-pauline-ferrand-prevot-a-albstadt\/#breadcrumb"},"inLanguage":"fr-FR","potentialAction":[{"@type":"ReadAction","target":["https:\/\/dicodusport.fr\/blog\/vtt-loana-lecomte-domine-la-course-devant-pauline-ferrand-prevot-a-albstadt\/"]}]},{"@type":"ImageObject","inLanguage":"fr-FR","@id":"https:\/\/dicodusport.fr\/blog\/vtt-loana-lecomte-domine-la-course-devant-pauline-ferrand-prevot-a-albstadt\/#primaryimage","url":"https:\/\/dicodusport.fr\/blog\/wp-content\/uploads\/2021\/05\/VTT-XCO-Loana-Lecomte-domine-la-course-devant-Pauline-Ferrand-Prevot-a-Albstadt-e1620582225342.png","contentUrl":"https:\/\/dicodusport.fr\/blog\/wp-content\/uploads\/2021\/05\/VTT-XCO-Loana-Lecomte-domine-la-course-devant-Pauline-Ferrand-Prevot-a-Albstadt-e1620582225342.png","width":800,"height":450,"caption":"VTT XCO - Loana Lecomte domine la course devant Pauline Ferrand-Pr\u00e9vot \u00e0 Albstadt"},{"@type":"BreadcrumbList","@id":"https:\/\/dicodusport.fr\/blog\/vtt-loana-lecomte-domine-la-course-devant-pauline-ferrand-prevot-a-albstadt\/#breadcrumb","itemListElement":[{"@type":"ListItem","position":1,"name":"Accueil","item":"https:\/\/dicodusport.fr\/blog\/"},{"@type":"ListItem","position":2,"name":"VTT : Loana Lecomte domine la course devant Pauline Ferrand-Pr\u00e9vot \u00e0 Albstadt"}]},{"@type":"WebSite","@id":"https:\/\/dicodusport.fr\/blog\/#website","url":"https:\/\/dicodusport.fr\/blog\/","name":"Dicodusport","description":"L&#039;encyclop\u00e9die de l&#039;actualit\u00e9 sportive","publisher":{"@id":"https:\/\/dicodusport.fr\/blog\/#organization"},"potentialAction":[{"@type":"SearchAction","target":{"@type":"EntryPoint","urlTemplate":"https:\/\/dicodusport.fr\/blog\/?s={search_term_string}"},"query-input":{"@type":"PropertyValueSpecification","valueRequired":true,"valueName":"search_term_string"}}],"inLanguage":"fr-FR"},{"@type":"NewsMediaOrganization","@id":"https:\/\/dicodusport.fr\/blog\/#organization","name":"Dicodusport","url":"https:\/\/dicodusport.fr\/blog\/","logo":{"@type":"ImageObject","inLanguage":"fr-FR","@id":"https:\/\/dicodusport.fr\/blog\/#\/schema\/logo\/image\/","url":"https:\/\/dicodusport.fr\/blog\/wp-content\/uploads\/2020\/06\/cropped-LOGO-DICODUSPORT-2020-SANS-FOND-SANS-TEXTE.png","contentUrl":"https:\/\/dicodusport.fr\/blog\/wp-content\/uploads\/2020\/06\/cropped-LOGO-DICODUSPORT-2020-SANS-FOND-SANS-TEXTE.png","width":512,"height":512,"caption":"Dicodusport"},"image":{"@id":"https:\/\/dicodusport.fr\/blog\/#\/schema\/logo\/image\/"},"sameAs":["https:\/\/www.facebook.com\/dicodusport","https:\/\/x.com\/dicodusport","https:\/\/www.instagram.com\/dicodusport\/","https:\/\/www.youtube.com\/channel\/UC7V2KZ5sd3htJivAbA4ZG3w"],"description":"Dicodusport est l'encyclop\u00e9die de l'actualit\u00e9 sportive.","email":"bonjour@dicodusport.fr","legalName":"DICODUSPORT","foundingDate":"2018-01-14","vatID":"FR71834470973","taxID":"83447097300043","numberOfEmployees":{"@type":"QuantitativeValue","minValue":"1","maxValue":"10"}},{"@type":"Person","@id":"https:\/\/dicodusport.fr\/blog\/#\/schema\/person\/6db4bae06b171592211be385b32876a7","name":"Emilien Descampiaux","image":{"@type":"ImageObject","inLanguage":"fr-FR","@id":"https:\/\/dicodusport.fr\/blog\/#\/schema\/person\/image\/","url":"https:\/\/dicodusport.fr\/blog\/wp-content\/uploads\/2021\/05\/Emilien-Descampiaux-150x150.jpg","contentUrl":"https:\/\/dicodusport.fr\/blog\/wp-content\/uploads\/2021\/05\/Emilien-Descampiaux-150x150.jpg","caption":"Emilien Descampiaux"},"description":"Journaliste\/r\u00e9dacteur depuis 2014 - Fan de la classe de Frank Vandenbroucke, je vis cyclisme (et de ses paysages) depuis plus de 20 ans. Je suis tr\u00e8s impliqu\u00e9 sur mes diff\u00e9rents r\u00e9seaux sociaux pour partager ma passion sur le monde et l'Histoire de la bicyclette avec ma voix sur les images en noir et blanc du succ\u00e8s de Rik Van Steenbergen lors du Ronde sur le V\u00e9lodrome de Gand.","sameAs":["https:\/\/www.facebook.com\/groups\/LesRoisDuPeloton","https:\/\/x.com\/https:\/\/twitter.com\/LRoisDuPeloton"],"url":"https:\/\/dicodusport.fr\/blog\/author\/emiliend\/"}]}},"_links":{"self":[{"href":"https:\/\/dicodusport.fr\/blog\/wp-json\/wp\/v2\/posts\/128264","targetHints":{"allow":["GET"]}}],"collection":[{"href":"https:\/\/dicodusport.fr\/blog\/wp-json\/wp\/v2\/posts"}],"about":[{"href":"https:\/\/dicodusport.fr\/blog\/wp-json\/wp\/v2\/types\/post"}],"author":[{"embeddable":true,"href":"https:\/\/dicodusport.fr\/blog\/wp-json\/wp\/v2\/users\/48"}],"replies":[{"embeddable":true,"href":"https:\/\/dicodusport.fr\/blog\/wp-json\/wp\/v2\/comments?post=128264"}],"version-history":[{"count":0,"href":"https:\/\/dicodusport.fr\/blog\/wp-json\/wp\/v2\/posts\/128264\/revisions"}],"wp:featuredmedia":[{"embeddable":true,"href":"https:\/\/dicodusport.fr\/blog\/wp-json\/wp\/v2\/media\/128290"}],"wp:attachment":[{"href":"https:\/\/dicodusport.fr\/blog\/wp-json\/wp\/v2\/media?parent=128264"}],"wp:term":[{"taxonomy":"category","embeddable":true,"href":"https:\/\/dicodusport.fr\/blog\/wp-json\/wp\/v2\/categories?post=128264"},{"taxonomy":"post_tag","embeddable":true,"href":"https:\/\/dicodusport.fr\/blog\/wp-json\/wp\/v2\/tags?post=128264"}],"curies":[{"name":"wp","href":"https:\/\/api.w.org\/{rel}","templated":true}]}}