{"id":128542,"date":"2021-05-14T09:57:06","date_gmt":"2021-05-14T07:57:06","guid":{"rendered":"https:\/\/dicodusport.fr\/blog\/?p=128542&#038;preview=true&#038;preview_id=128542"},"modified":"2021-05-14T09:57:06","modified_gmt":"2021-05-14T07:57:06","slug":"ligue-1-transferts-quel-mercato-pour-montpellier","status":"publish","type":"post","link":"https:\/\/dicodusport.fr\/blog\/ligue-1-transferts-quel-mercato-pour-montpellier\/","title":{"rendered":"Ligue 1 &#8211; Transferts : quel mercato pour Montpellier ?"},"content":{"rendered":"<p style=\"text-align: justify;\"><em><strong>La saison 2020-2021 \u00e9tant proche de rendre son verdict, les clubs peuvent plancher sur la prochaine. \u00c0 quoi ressemblera le mercato de Montpellier? On y r\u00e9pond.<\/strong><\/em><\/p>\n<p style=\"text-align: justify;\">Actuellement <a href=\"https:\/\/dicodusport.fr\/blog\/football-le-classement-de-la-ligue-1-2020-2021\/\">8\u00e8me de L1<\/a>, le <strong>Montpellier H\u00e9rault<\/strong> n&rsquo;a plus grand chose \u00e0 jouer cette saison. Le club va donc pouvoir pleinement se consacrer \u00e0 la saison prochaine. En attendant que le mercato commence, nous vous proposons une revue d&rsquo;effectif de Montpellier en vue de la saison 2021-2022.<\/p>\n<h2 style=\"text-align: justify;\">Ils restent<\/h2>\n<p style=\"text-align: justify;\">M\u00eame si tout pourra \u00eatre remis en cause \u00e0 l&rsquo;arriv\u00e9e du nouveau coach, on voit mal certains joueurs du MHSC s&rsquo;en aller. La d\u00e9fense sera s\u00fbrement profond\u00e9ment renouvel\u00e9e (on y reviendra). Seuls les jeunes stoppeurs <strong>Cl\u00e9ment Vidal<\/strong> et <strong>Nicolas Cozza<\/strong> seront s\u00fbrement encore l\u00e0. Au milieu, la stabilit\u00e9 devrait \u00eatre de mise. Les cadres<strong> Florent Mollet<\/strong>, <strong>T\u00e9ji Savanier<\/strong> et<strong> Jordan Ferri<\/strong> seront l\u00e0 eux aussi.<\/p>\n<p style=\"text-align: justify;\">En attaque, le r\u00e9gional <strong>Andy Delort<\/strong> sera l\u00e0, et sans doute avec le brassard de capitaine. Son comp\u00e8re <strong>Ga\u00ebtan Laborde<\/strong> ne sera pas mis sur la liste des transferts. Mais le club sera sans doute attentif en cas de belle offre le concernant.<\/p>\n<hr \/>\n<ul>\n<li style=\"text-align: justify;\"><strong>\u00c0 lire aussi :\u00a0<a href=\"https:\/\/dicodusport.fr\/blog\/ligue-1-transferts-quel-mercato-pour-las-saint-etienne\/\">Ligue 1 ; Transferts : quel mercato pour l&rsquo;AS Saint-\u00c9tienne ?<\/a><\/strong><\/li>\n<\/ul>\n<hr \/>\n<h2 style=\"text-align: justify;\">Leur avenir est incertain<\/h2>\n<p style=\"text-align: justify;\">N&rsquo;ayant plus qu&rsquo;un an de contrat, le polyvalent <strong>Junior Sambia<\/strong> n&rsquo;a pas encore prolong\u00e9. Les n\u00e9gociations ont d\u00e9j\u00e0 commenc\u00e9 entre le club et lui, mais Monaco souhaite le recruter. Bien que tr\u00e8s utilis\u00e9 cette ann\u00e9e (32 matchs de L1), \u00a0<strong>Mihailo Ristic<\/strong> \u00a0est lui aussi annonc\u00e9 sur le d\u00e9part. En fin de contrat dans 1 an, le Serbe n&rsquo;a pas re\u00e7u d&rsquo;offre de prolongation. Il pourrait donc partir cette ann\u00e9e afin de rapporter quelques liquidit\u00e9s au club.<\/p>\n<p style=\"text-align: justify;\">De moins en moins utilis\u00e9, le lat\u00e9ral droit <strong>Arnaud Souquet<\/strong> ne sera pas retenu. Tout comme le milieu de terrain <strong>Damien Le Tallec<\/strong>.<\/p>\n<h2 style=\"text-align: justify;\">Les fins de contrat<\/h2>\n<p style=\"text-align: justify;\">A 43 ans, le l\u00e9gendaire capitaine <strong>Vitorino Hilton<\/strong> vit sans doute sa derni\u00e8re saison \u00e0 la Paillade. France Bleue H\u00e9rault a annonc\u00e9 que la retraite du d\u00e9fenseur est act\u00e9e \u00e0 90%. Son vieux comp\u00e8re <strong>Daniel Congr\u00e9<\/strong> (36 ans) a re\u00e7u une offre de prolongation d&rsquo;1 an, qu&rsquo;il n&rsquo;a pas encore accept\u00e9e.<\/p>\n<p style=\"text-align: justify;\">Quasiment plus utilis\u00e9, l&rsquo;attaquant<strong> Petar Skuletic<\/strong> va \u00a0partir. Eux aussi tr\u00e8s peu utilis\u00e9s,<strong> Il-Lok Sun<\/strong> et <strong>Keagan Dolly<\/strong> ne seront \u00e9galement pas conserv\u00e9s, sauf surprise de derni\u00e8re minute.<\/p>\n<h2 style=\"text-align: justify;\">Les arriv\u00e9es<\/h2>\n<p style=\"text-align: justify;\">Le pr\u00e9sident Laurent Nicollin a d\u00e9j\u00e0 annonc\u00e9 2 arriv\u00e9es. Le premier est<strong> Matheus Thuler<\/strong>. Ag\u00e9 de 22 ans, ce d\u00e9fenseur central br\u00e9silien arrivera \u00e0 la fin du mois en provenance de Flamengo dans le cadre d&rsquo;un pr\u00eat payant d&rsquo;1 an, assorti d&rsquo;une option d&rsquo;achat \u00e0 1,5 million d&rsquo;euros. La deuxi\u00e8me recrue est le milieu de terrain <strong>L\u00e9o Leroy<\/strong> (21 ans). Le fils de J\u00e9r\u00f4me arrive libre en provenance de la Berrichonne de Ch\u00e2teauroux ou il a disput\u00e9 32 matchs de Ligue 2 cette saison.<\/p>\n<p style=\"text-align: justify;\">La priorit\u00e9 sera maintenant de recruter un entra\u00eeneur pour remplacer Michel Der Zakarian. Le grand favori est <strong>Laurent Batlles<\/strong>, qui vient de faire monter Troyes en Ligue 1 pour sa 2\u00e8me saison en tant qu\u2019entra\u00eeneur. Encore sous contrat \u00e0 l&rsquo;ESTAC pour 1 an, Batlles n&rsquo;a pas encore sign\u00e9. Mais tout pourrait se d\u00e9bloquer rapidement si Montpellier paie une indemnit\u00e9 au club aubois.<\/p>\n<p style=\"text-align: justify;\">Une fois que le dossier du coach sera r\u00e9gl\u00e9, le MHSC pourra poursuivre sa qu\u00eate de joueur. En cas de retraite de <strong>Congr\u00e9<\/strong>, le club devra se pencher sur la venue d&rsquo;un deuxi\u00e8me d\u00e9fenseur central. Et \u00e9galement sur un lat\u00e9ral gauche. Mais aucun nom ne pourra \u00eatre avanc\u00e9 tant que le coach ne sera pas l\u00e0.<\/p>\n","protected":false},"excerpt":{"rendered":"<p>La saison 2020-2021 \u00e9tant proche de la fin, les clubs peuvent plancher sur la prochaine. \u00c0 quoi ressemblera le mercato de Montpellier ? On y r\u00e9pond.<\/p>\n","protected":false},"author":39,"featured_media":129406,"comment_status":"open","ping_status":"closed","sticky":false,"template":"","format":"standard","meta":{"_acf_changed":false,"_daextam_enable_autolinks":"","footnotes":""},"categories":[2301],"tags":[2871,1206,75,1554,1555],"class_list":["post-128542","post","type-post","status-publish","format-standard","has-post-thumbnail","hentry","category-football","tag-as-saint-etienne","tag-asse","tag-football","tag-ligue-1","tag-mercato"],"acf":[],"yoast_head":"<!-- This site is optimized with the Yoast SEO Premium plugin v26.7 (Yoast SEO v26.7) - https:\/\/yoast.com\/wordpress\/plugins\/seo\/ -->\n<title>Ligue 1 - Transferts : quel mercato pour Montpellier ?<\/title>\n<meta name=\"description\" content=\"La saison 2020-2021 \u00e9tant proche de la fin, les clubs peuvent plancher sur la prochaine. \u00c0 quoi ressemblera le mercato de Montpellier ?\" \/>\n<meta name=\"robots\" content=\"index, follow, max-snippet:-1, max-image-preview:large, max-video-preview:-1\" \/>\n<link rel=\"canonical\" href=\"https:\/\/dicodusport.fr\/blog\/ligue-1-transferts-quel-mercato-pour-montpellier\/\" \/>\n<meta property=\"og:locale\" content=\"fr_FR\" \/>\n<meta property=\"og:type\" content=\"article\" \/>\n<meta property=\"og:title\" content=\"Ligue 1 - Transferts : quel mercato pour Montpellier ?\" \/>\n<meta property=\"og:description\" content=\"La saison 2020-2021 \u00e9tant proche de la fin, les clubs peuvent plancher sur la prochaine. \u00c0 quoi ressemblera le mercato de Montpellier ?\" \/>\n<meta property=\"og:url\" content=\"https:\/\/dicodusport.fr\/blog\/ligue-1-transferts-quel-mercato-pour-montpellier\/\" \/>\n<meta property=\"og:site_name\" content=\"Dicodusport\" \/>\n<meta property=\"article:publisher\" content=\"https:\/\/www.facebook.com\/dicodusport\" \/>\n<meta property=\"article:published_time\" content=\"2021-05-14T07:57:06+00:00\" \/>\n<meta property=\"og:image\" content=\"https:\/\/dicodusport.fr\/blog\/wp-content\/uploads\/2021\/05\/Ligue-1-Transferts-Quel-mercato-pour-Montpellier.png\" \/>\n\t<meta property=\"og:image:width\" content=\"800\" \/>\n\t<meta property=\"og:image:height\" content=\"445\" \/>\n\t<meta property=\"og:image:type\" content=\"image\/png\" \/>\n<meta name=\"author\" content=\"Idriss Ahamada\" \/>\n<meta name=\"twitter:card\" content=\"summary_large_image\" \/>\n<meta name=\"twitter:title\" content=\"Ligue 1 - Transferts : quel mercato pour Montpellier ?\" \/>\n<meta name=\"twitter:creator\" content=\"@https:\/\/twitter.com\/idriss_ia7\" \/>\n<meta name=\"twitter:site\" content=\"@dicodusport\" \/>\n<script type=\"application\/ld+json\" class=\"yoast-schema-graph\">{\"@context\":\"https:\/\/schema.org\",\"@graph\":[{\"@type\":\"NewsArticle\",\"@id\":\"https:\/\/dicodusport.fr\/blog\/ligue-1-transferts-quel-mercato-pour-montpellier\/#article\",\"isPartOf\":{\"@id\":\"https:\/\/dicodusport.fr\/blog\/ligue-1-transferts-quel-mercato-pour-montpellier\/\"},\"author\":{\"name\":\"Idriss Ahamada\",\"@id\":\"https:\/\/dicodusport.fr\/blog\/#\/schema\/person\/f3797823174b5e2975b9efe0302f16f4\"},\"headline\":\"Ligue 1 &#8211; Transferts : quel mercato pour Montpellier ?\",\"datePublished\":\"2021-05-14T07:57:06+00:00\",\"mainEntityOfPage\":{\"@id\":\"https:\/\/dicodusport.fr\/blog\/ligue-1-transferts-quel-mercato-pour-montpellier\/\"},\"wordCount\":644,\"commentCount\":0,\"publisher\":{\"@id\":\"https:\/\/dicodusport.fr\/blog\/#organization\"},\"image\":{\"@id\":\"https:\/\/dicodusport.fr\/blog\/ligue-1-transferts-quel-mercato-pour-montpellier\/#primaryimage\"},\"thumbnailUrl\":\"https:\/\/dicodusport.fr\/blog\/wp-content\/uploads\/2021\/05\/Ligue-1-Transferts-Quel-mercato-pour-Montpellier.png\",\"keywords\":[\"AS Saint-Etienne\",\"ASSE\",\"Football\",\"Ligue 1\",\"Mercato\"],\"articleSection\":[\"Football\"],\"inLanguage\":\"fr-FR\",\"potentialAction\":[{\"@type\":\"CommentAction\",\"name\":\"Comment\",\"target\":[\"https:\/\/dicodusport.fr\/blog\/ligue-1-transferts-quel-mercato-pour-montpellier\/#respond\"]}],\"copyrightYear\":\"2021\",\"copyrightHolder\":{\"@id\":\"https:\/\/dicodusport.fr\/blog\/#organization\"}},{\"@type\":\"WebPage\",\"@id\":\"https:\/\/dicodusport.fr\/blog\/ligue-1-transferts-quel-mercato-pour-montpellier\/\",\"url\":\"https:\/\/dicodusport.fr\/blog\/ligue-1-transferts-quel-mercato-pour-montpellier\/\",\"name\":\"Ligue 1 - Transferts : quel mercato pour Montpellier ?\",\"isPartOf\":{\"@id\":\"https:\/\/dicodusport.fr\/blog\/#website\"},\"primaryImageOfPage\":{\"@id\":\"https:\/\/dicodusport.fr\/blog\/ligue-1-transferts-quel-mercato-pour-montpellier\/#primaryimage\"},\"image\":{\"@id\":\"https:\/\/dicodusport.fr\/blog\/ligue-1-transferts-quel-mercato-pour-montpellier\/#primaryimage\"},\"thumbnailUrl\":\"https:\/\/dicodusport.fr\/blog\/wp-content\/uploads\/2021\/05\/Ligue-1-Transferts-Quel-mercato-pour-Montpellier.png\",\"datePublished\":\"2021-05-14T07:57:06+00:00\",\"description\":\"La saison 2020-2021 \u00e9tant proche de la fin, les clubs peuvent plancher sur la prochaine. \u00c0 quoi ressemblera le mercato de Montpellier ?\",\"breadcrumb\":{\"@id\":\"https:\/\/dicodusport.fr\/blog\/ligue-1-transferts-quel-mercato-pour-montpellier\/#breadcrumb\"},\"inLanguage\":\"fr-FR\",\"potentialAction\":[{\"@type\":\"ReadAction\",\"target\":[\"https:\/\/dicodusport.fr\/blog\/ligue-1-transferts-quel-mercato-pour-montpellier\/\"]}]},{\"@type\":\"ImageObject\",\"inLanguage\":\"fr-FR\",\"@id\":\"https:\/\/dicodusport.fr\/blog\/ligue-1-transferts-quel-mercato-pour-montpellier\/#primaryimage\",\"url\":\"https:\/\/dicodusport.fr\/blog\/wp-content\/uploads\/2021\/05\/Ligue-1-Transferts-Quel-mercato-pour-Montpellier.png\",\"contentUrl\":\"https:\/\/dicodusport.fr\/blog\/wp-content\/uploads\/2021\/05\/Ligue-1-Transferts-Quel-mercato-pour-Montpellier.png\",\"width\":800,\"height\":445,\"caption\":\"Ligue 1 - Transferts : quel mercato pour Montpellier ?\"},{\"@type\":\"BreadcrumbList\",\"@id\":\"https:\/\/dicodusport.fr\/blog\/ligue-1-transferts-quel-mercato-pour-montpellier\/#breadcrumb\",\"itemListElement\":[{\"@type\":\"ListItem\",\"position\":1,\"name\":\"Accueil\",\"item\":\"https:\/\/dicodusport.fr\/blog\/\"},{\"@type\":\"ListItem\",\"position\":2,\"name\":\"Ligue 1 &#8211; Transferts : quel mercato pour Montpellier ?\"}]},{\"@type\":\"WebSite\",\"@id\":\"https:\/\/dicodusport.fr\/blog\/#website\",\"url\":\"https:\/\/dicodusport.fr\/blog\/\",\"name\":\"Dicodusport\",\"description\":\"L&#039;encyclop\u00e9die de l&#039;actualit\u00e9 sportive\",\"publisher\":{\"@id\":\"https:\/\/dicodusport.fr\/blog\/#organization\"},\"potentialAction\":[{\"@type\":\"SearchAction\",\"target\":{\"@type\":\"EntryPoint\",\"urlTemplate\":\"https:\/\/dicodusport.fr\/blog\/?s={search_term_string}\"},\"query-input\":{\"@type\":\"PropertyValueSpecification\",\"valueRequired\":true,\"valueName\":\"search_term_string\"}}],\"inLanguage\":\"fr-FR\"},{\"@type\":\"NewsMediaOrganization\",\"@id\":\"https:\/\/dicodusport.fr\/blog\/#organization\",\"name\":\"Dicodusport\",\"url\":\"https:\/\/dicodusport.fr\/blog\/\",\"logo\":{\"@type\":\"ImageObject\",\"inLanguage\":\"fr-FR\",\"@id\":\"https:\/\/dicodusport.fr\/blog\/#\/schema\/logo\/image\/\",\"url\":\"https:\/\/dicodusport.fr\/blog\/wp-content\/uploads\/2020\/06\/cropped-LOGO-DICODUSPORT-2020-SANS-FOND-SANS-TEXTE.png\",\"contentUrl\":\"https:\/\/dicodusport.fr\/blog\/wp-content\/uploads\/2020\/06\/cropped-LOGO-DICODUSPORT-2020-SANS-FOND-SANS-TEXTE.png\",\"width\":512,\"height\":512,\"caption\":\"Dicodusport\"},\"image\":{\"@id\":\"https:\/\/dicodusport.fr\/blog\/#\/schema\/logo\/image\/\"},\"sameAs\":[\"https:\/\/www.facebook.com\/dicodusport\",\"https:\/\/x.com\/dicodusport\",\"https:\/\/www.instagram.com\/dicodusport\/\",\"https:\/\/www.youtube.com\/channel\/UC7V2KZ5sd3htJivAbA4ZG3w\"],\"description\":\"Dicodusport est l'encyclop\u00e9die de l'actualit\u00e9 sportive.\",\"email\":\"bonjour@dicodusport.fr\",\"legalName\":\"DICODUSPORT\",\"foundingDate\":\"2018-01-14\",\"vatID\":\"FR71834470973\",\"taxID\":\"83447097300043\",\"numberOfEmployees\":{\"@type\":\"QuantitativeValue\",\"minValue\":\"1\",\"maxValue\":\"10\"}},{\"@type\":\"Person\",\"@id\":\"https:\/\/dicodusport.fr\/blog\/#\/schema\/person\/f3797823174b5e2975b9efe0302f16f4\",\"name\":\"Idriss Ahamada\",\"image\":{\"@type\":\"ImageObject\",\"inLanguage\":\"fr-FR\",\"@id\":\"https:\/\/dicodusport.fr\/blog\/#\/schema\/person\/image\/\",\"url\":\"https:\/\/dicodusport.fr\/blog\/wp-content\/uploads\/2021\/04\/Maillot-Idriss-Dicodusport-150x150.png\",\"contentUrl\":\"https:\/\/dicodusport.fr\/blog\/wp-content\/uploads\/2021\/04\/Maillot-Idriss-Dicodusport-150x150.png\",\"caption\":\"Idriss Ahamada\"},\"description\":\"Passionn\u00e9 de sport depuis toujours, c\u2019est tout naturellement qu\u2019apr\u00e8s avoir compris que je n\u2019avais pas le niveau pour jouer \u00e0 Manchester United, et pas la force n\u00e9cessaire pour combattre \u00e0 l\u2019UFC que je me suis tourn\u00e9 vers le journalisme pour raconter les exploits et les histoires de ceux qui en sont capables. Le football, surtout quand il est jou\u00e9 en Angleterre, reste mon premier amour. Mais j\u2019aime aussi veiller la nuit pour vous parler de KO et de victoires unanimes \u00e0 l\u2019UFC ou sur les rings de boxe. Mon c\u00f4t\u00e9 fan de Wayne Rooney m\u2019a \u00e9galement pouss\u00e9 \u00e0 devenir polyvalent et \u00e0 parler aussi de rugby (\u00e0 XIII comme \u00e0 XV) et occasionnellement de cyclisme. C\u2019est donc logiquement que j\u2019ai rejoint Dicodusport, pour pouvoir parler de l\u2019actualit\u00e9, sur tous les terrains.\",\"sameAs\":[\"https:\/\/x.com\/https:\/\/twitter.com\/idriss_ia7\"],\"url\":\"https:\/\/dicodusport.fr\/blog\/author\/idriss\/\"}]}<\/script>\n<!-- \/ Yoast SEO Premium plugin. -->","yoast_head_json":{"title":"Ligue 1 - Transferts : quel mercato pour Montpellier ?","description":"La saison 2020-2021 \u00e9tant proche de la fin, les clubs peuvent plancher sur la prochaine. \u00c0 quoi ressemblera le mercato de Montpellier ?","robots":{"index":"index","follow":"follow","max-snippet":"max-snippet:-1","max-image-preview":"max-image-preview:large","max-video-preview":"max-video-preview:-1"},"canonical":"https:\/\/dicodusport.fr\/blog\/ligue-1-transferts-quel-mercato-pour-montpellier\/","og_locale":"fr_FR","og_type":"article","og_title":"Ligue 1 - Transferts : quel mercato pour Montpellier ?","og_description":"La saison 2020-2021 \u00e9tant proche de la fin, les clubs peuvent plancher sur la prochaine. \u00c0 quoi ressemblera le mercato de Montpellier ?","og_url":"https:\/\/dicodusport.fr\/blog\/ligue-1-transferts-quel-mercato-pour-montpellier\/","og_site_name":"Dicodusport","article_publisher":"https:\/\/www.facebook.com\/dicodusport","article_published_time":"2021-05-14T07:57:06+00:00","og_image":[{"width":800,"height":445,"url":"https:\/\/dicodusport.fr\/blog\/wp-content\/uploads\/2021\/05\/Ligue-1-Transferts-Quel-mercato-pour-Montpellier.png","type":"image\/png"}],"author":"Idriss Ahamada","twitter_card":"summary_large_image","twitter_title":"Ligue 1 - Transferts : quel mercato pour Montpellier ?","twitter_creator":"@https:\/\/twitter.com\/idriss_ia7","twitter_site":"@dicodusport","schema":{"@context":"https:\/\/schema.org","@graph":[{"@type":"NewsArticle","@id":"https:\/\/dicodusport.fr\/blog\/ligue-1-transferts-quel-mercato-pour-montpellier\/#article","isPartOf":{"@id":"https:\/\/dicodusport.fr\/blog\/ligue-1-transferts-quel-mercato-pour-montpellier\/"},"author":{"name":"Idriss Ahamada","@id":"https:\/\/dicodusport.fr\/blog\/#\/schema\/person\/f3797823174b5e2975b9efe0302f16f4"},"headline":"Ligue 1 &#8211; Transferts : quel mercato pour Montpellier ?","datePublished":"2021-05-14T07:57:06+00:00","mainEntityOfPage":{"@id":"https:\/\/dicodusport.fr\/blog\/ligue-1-transferts-quel-mercato-pour-montpellier\/"},"wordCount":644,"commentCount":0,"publisher":{"@id":"https:\/\/dicodusport.fr\/blog\/#organization"},"image":{"@id":"https:\/\/dicodusport.fr\/blog\/ligue-1-transferts-quel-mercato-pour-montpellier\/#primaryimage"},"thumbnailUrl":"https:\/\/dicodusport.fr\/blog\/wp-content\/uploads\/2021\/05\/Ligue-1-Transferts-Quel-mercato-pour-Montpellier.png","keywords":["AS Saint-Etienne","ASSE","Football","Ligue 1","Mercato"],"articleSection":["Football"],"inLanguage":"fr-FR","potentialAction":[{"@type":"CommentAction","name":"Comment","target":["https:\/\/dicodusport.fr\/blog\/ligue-1-transferts-quel-mercato-pour-montpellier\/#respond"]}],"copyrightYear":"2021","copyrightHolder":{"@id":"https:\/\/dicodusport.fr\/blog\/#organization"}},{"@type":"WebPage","@id":"https:\/\/dicodusport.fr\/blog\/ligue-1-transferts-quel-mercato-pour-montpellier\/","url":"https:\/\/dicodusport.fr\/blog\/ligue-1-transferts-quel-mercato-pour-montpellier\/","name":"Ligue 1 - Transferts : quel mercato pour Montpellier ?","isPartOf":{"@id":"https:\/\/dicodusport.fr\/blog\/#website"},"primaryImageOfPage":{"@id":"https:\/\/dicodusport.fr\/blog\/ligue-1-transferts-quel-mercato-pour-montpellier\/#primaryimage"},"image":{"@id":"https:\/\/dicodusport.fr\/blog\/ligue-1-transferts-quel-mercato-pour-montpellier\/#primaryimage"},"thumbnailUrl":"https:\/\/dicodusport.fr\/blog\/wp-content\/uploads\/2021\/05\/Ligue-1-Transferts-Quel-mercato-pour-Montpellier.png","datePublished":"2021-05-14T07:57:06+00:00","description":"La saison 2020-2021 \u00e9tant proche de la fin, les clubs peuvent plancher sur la prochaine. \u00c0 quoi ressemblera le mercato de Montpellier ?","breadcrumb":{"@id":"https:\/\/dicodusport.fr\/blog\/ligue-1-transferts-quel-mercato-pour-montpellier\/#breadcrumb"},"inLanguage":"fr-FR","potentialAction":[{"@type":"ReadAction","target":["https:\/\/dicodusport.fr\/blog\/ligue-1-transferts-quel-mercato-pour-montpellier\/"]}]},{"@type":"ImageObject","inLanguage":"fr-FR","@id":"https:\/\/dicodusport.fr\/blog\/ligue-1-transferts-quel-mercato-pour-montpellier\/#primaryimage","url":"https:\/\/dicodusport.fr\/blog\/wp-content\/uploads\/2021\/05\/Ligue-1-Transferts-Quel-mercato-pour-Montpellier.png","contentUrl":"https:\/\/dicodusport.fr\/blog\/wp-content\/uploads\/2021\/05\/Ligue-1-Transferts-Quel-mercato-pour-Montpellier.png","width":800,"height":445,"caption":"Ligue 1 - Transferts : quel mercato pour Montpellier ?"},{"@type":"BreadcrumbList","@id":"https:\/\/dicodusport.fr\/blog\/ligue-1-transferts-quel-mercato-pour-montpellier\/#breadcrumb","itemListElement":[{"@type":"ListItem","position":1,"name":"Accueil","item":"https:\/\/dicodusport.fr\/blog\/"},{"@type":"ListItem","position":2,"name":"Ligue 1 &#8211; Transferts : quel mercato pour Montpellier ?"}]},{"@type":"WebSite","@id":"https:\/\/dicodusport.fr\/blog\/#website","url":"https:\/\/dicodusport.fr\/blog\/","name":"Dicodusport","description":"L&#039;encyclop\u00e9die de l&#039;actualit\u00e9 sportive","publisher":{"@id":"https:\/\/dicodusport.fr\/blog\/#organization"},"potentialAction":[{"@type":"SearchAction","target":{"@type":"EntryPoint","urlTemplate":"https:\/\/dicodusport.fr\/blog\/?s={search_term_string}"},"query-input":{"@type":"PropertyValueSpecification","valueRequired":true,"valueName":"search_term_string"}}],"inLanguage":"fr-FR"},{"@type":"NewsMediaOrganization","@id":"https:\/\/dicodusport.fr\/blog\/#organization","name":"Dicodusport","url":"https:\/\/dicodusport.fr\/blog\/","logo":{"@type":"ImageObject","inLanguage":"fr-FR","@id":"https:\/\/dicodusport.fr\/blog\/#\/schema\/logo\/image\/","url":"https:\/\/dicodusport.fr\/blog\/wp-content\/uploads\/2020\/06\/cropped-LOGO-DICODUSPORT-2020-SANS-FOND-SANS-TEXTE.png","contentUrl":"https:\/\/dicodusport.fr\/blog\/wp-content\/uploads\/2020\/06\/cropped-LOGO-DICODUSPORT-2020-SANS-FOND-SANS-TEXTE.png","width":512,"height":512,"caption":"Dicodusport"},"image":{"@id":"https:\/\/dicodusport.fr\/blog\/#\/schema\/logo\/image\/"},"sameAs":["https:\/\/www.facebook.com\/dicodusport","https:\/\/x.com\/dicodusport","https:\/\/www.instagram.com\/dicodusport\/","https:\/\/www.youtube.com\/channel\/UC7V2KZ5sd3htJivAbA4ZG3w"],"description":"Dicodusport est l'encyclop\u00e9die de l'actualit\u00e9 sportive.","email":"bonjour@dicodusport.fr","legalName":"DICODUSPORT","foundingDate":"2018-01-14","vatID":"FR71834470973","taxID":"83447097300043","numberOfEmployees":{"@type":"QuantitativeValue","minValue":"1","maxValue":"10"}},{"@type":"Person","@id":"https:\/\/dicodusport.fr\/blog\/#\/schema\/person\/f3797823174b5e2975b9efe0302f16f4","name":"Idriss Ahamada","image":{"@type":"ImageObject","inLanguage":"fr-FR","@id":"https:\/\/dicodusport.fr\/blog\/#\/schema\/person\/image\/","url":"https:\/\/dicodusport.fr\/blog\/wp-content\/uploads\/2021\/04\/Maillot-Idriss-Dicodusport-150x150.png","contentUrl":"https:\/\/dicodusport.fr\/blog\/wp-content\/uploads\/2021\/04\/Maillot-Idriss-Dicodusport-150x150.png","caption":"Idriss Ahamada"},"description":"Passionn\u00e9 de sport depuis toujours, c\u2019est tout naturellement qu\u2019apr\u00e8s avoir compris que je n\u2019avais pas le niveau pour jouer \u00e0 Manchester United, et pas la force n\u00e9cessaire pour combattre \u00e0 l\u2019UFC que je me suis tourn\u00e9 vers le journalisme pour raconter les exploits et les histoires de ceux qui en sont capables. Le football, surtout quand il est jou\u00e9 en Angleterre, reste mon premier amour. Mais j\u2019aime aussi veiller la nuit pour vous parler de KO et de victoires unanimes \u00e0 l\u2019UFC ou sur les rings de boxe. Mon c\u00f4t\u00e9 fan de Wayne Rooney m\u2019a \u00e9galement pouss\u00e9 \u00e0 devenir polyvalent et \u00e0 parler aussi de rugby (\u00e0 XIII comme \u00e0 XV) et occasionnellement de cyclisme. C\u2019est donc logiquement que j\u2019ai rejoint Dicodusport, pour pouvoir parler de l\u2019actualit\u00e9, sur tous les terrains.","sameAs":["https:\/\/x.com\/https:\/\/twitter.com\/idriss_ia7"],"url":"https:\/\/dicodusport.fr\/blog\/author\/idriss\/"}]}},"_links":{"self":[{"href":"https:\/\/dicodusport.fr\/blog\/wp-json\/wp\/v2\/posts\/128542","targetHints":{"allow":["GET"]}}],"collection":[{"href":"https:\/\/dicodusport.fr\/blog\/wp-json\/wp\/v2\/posts"}],"about":[{"href":"https:\/\/dicodusport.fr\/blog\/wp-json\/wp\/v2\/types\/post"}],"author":[{"embeddable":true,"href":"https:\/\/dicodusport.fr\/blog\/wp-json\/wp\/v2\/users\/39"}],"replies":[{"embeddable":true,"href":"https:\/\/dicodusport.fr\/blog\/wp-json\/wp\/v2\/comments?post=128542"}],"version-history":[{"count":0,"href":"https:\/\/dicodusport.fr\/blog\/wp-json\/wp\/v2\/posts\/128542\/revisions"}],"wp:featuredmedia":[{"embeddable":true,"href":"https:\/\/dicodusport.fr\/blog\/wp-json\/wp\/v2\/media\/129406"}],"wp:attachment":[{"href":"https:\/\/dicodusport.fr\/blog\/wp-json\/wp\/v2\/media?parent=128542"}],"wp:term":[{"taxonomy":"category","embeddable":true,"href":"https:\/\/dicodusport.fr\/blog\/wp-json\/wp\/v2\/categories?post=128542"},{"taxonomy":"post_tag","embeddable":true,"href":"https:\/\/dicodusport.fr\/blog\/wp-json\/wp\/v2\/tags?post=128542"}],"curies":[{"name":"wp","href":"https:\/\/api.w.org\/{rel}","templated":true}]}}