{"id":12856,"date":"2018-02-16T12:00:51","date_gmt":"2018-02-16T11:00:51","guid":{"rendered":"http:\/\/dicodusport.fr\/blog\/?p=12856"},"modified":"2018-02-16T10:40:04","modified_gmt":"2018-02-16T09:40:04","slug":"rotterdam-federer-retrouver-son-trone","status":"publish","type":"post","link":"https:\/\/dicodusport.fr\/blog\/rotterdam-federer-retrouver-son-trone\/","title":{"rendered":"A Rotterdam, Federer veut retrouver son tr\u00f4ne"},"content":{"rendered":"<p style=\"text-align: justify;\"><em><strong>Le public hollandais s\u2019impatiente. Apr\u00e8s avoir \u00e9limin\u00e9 facilement Ruben Bemelmans (6-1 6-2) et plus difficilement le chevronn\u00e9 Philipp Kohlschreiber (7-6 7-5), Roger Federer n\u2019est plus qu\u2019\u00e0 une victoire de redevenir num\u00e9ro 1 mondial, \u00e0 bient\u00f4t 37 ans. Fantastique.<\/strong><\/em><\/p>\n<p style=\"text-align: justify;\">Rotterdam ne s\u2019imaginait certainement pas un tel coup de projecteur. A 65 points derri\u00e8re Rafael Nadal au classement ATP (une victoire en quarts de finale sur un tournoi comme Rotterdam vaut \u2026 90 points), Roger Federer redeviendrait N\u00b01 mondial en s\u2019imposant contre Robin Haase (42<sup>\u00e8me<\/sup>). Un quart loin d\u2019\u00eatre insurmontable, pour tout simplement r\u00e9diger une nouvelle page incroyable du tennis. Rendez-vous aux alentours de 19h30 \u00e0 Rotterdam.<\/p>\n<p style=\"text-align: justify;\">\u00ab\u00a0Rodgeur\u00a0\u00bb, le v\u00e9t\u00e9ran, pourrait devenir le N\u00b01 mondial le plus \u00ab\u00a0vieux\u00a0\u00bb de l\u2019histoire du tennis. En remportant ce match, il d\u00e9tr\u00f4nerait Andr\u00e9 Agassi, qui avait 33 ans en 2003, lorsqu\u2019il \u00e9tait N\u00b01. Une long\u00e9vit\u00e9 \u00e9poustouflante tant le sport de haut niveau n\u00e9cessite une implication et un travail au quotidien. Le B\u00e2lois n\u2019avait plus revu cette place au sommet du classement ATP depuis 2012. 5 ans apr\u00e8s (sans oublier son op\u00e9ration du genou en 2016), en 2017 d\u2019abord, Roger Federer remet les choses au clair, en retrouvant un niveau de jeu tr\u00e8s \u00e9lev\u00e9 et en se mettant \u00e0 regagner des troph\u00e9es et non des moindres (Open d\u2019Australie, Indian Wells, Miami, Wimbledon). Son programme am\u00e9nag\u00e9 a port\u00e9 ses fruits, le voil\u00e0 proche de retrouver les sommets, qu\u2019il avait connu pour la premi\u00e8re fois en 2004\u00a0!<\/p>\n<p><img loading=\"lazy\" decoding=\"async\" class=\"size-full wp-image-12857 aligncenter\" src=\"http:\/\/dicodusport.fr\/blog\/wp-content\/uploads\/2018\/02\/Roger-N\u00b01.png\" alt=\"\" width=\"608\" height=\"604\" srcset=\"https:\/\/dicodusport.fr\/blog\/wp-content\/uploads\/2018\/02\/Roger-N\u00b01.png 608w, https:\/\/dicodusport.fr\/blog\/wp-content\/uploads\/2018\/02\/Roger-N\u00b01-150x150.png 150w, https:\/\/dicodusport.fr\/blog\/wp-content\/uploads\/2018\/02\/Roger-N\u00b01-300x298.png 300w\" sizes=\"auto, (max-width: 608px) 100vw, 608px\" \/><\/p>\n<p style=\"text-align: justify;\">Apr\u00e8s son 20<sup>\u00e8me<\/sup> titre du Grand Chelem obtenu d\u00e9but 2018, le Suisse tentera de tout faire pour conserver sa place de N\u00b01. La t\u00e2che serait ardue tant sa saison 2017 fut spectaculaire et fructueuse en termes de points. Maintenant, ce n\u2019est que du plaisir et de l\u2019excitation pour Roger Federer\u00a0!<\/p>\n<p><em><strong>Romain Delanis<br \/>\n<a href=\"https:\/\/twitter.com\/RDelanis\" target=\"_blank\" rel=\"noopener noreferrer\"><img loading=\"lazy\" decoding=\"async\" class=\"alignnone wp-image-2908\" src=\"http:\/\/dicodusport.fr\/blog\/wp-content\/uploads\/2017\/07\/logo-twitter-150x150.png\" alt=\"\" width=\"39\" height=\"39\" \/><\/a><\/strong><\/em><\/p>\n","protected":false},"excerpt":{"rendered":"<p>Le public hollandais s\u2019impatiente. Apr\u00e8s avoir \u00e9limin\u00e9 facilement Ruben Bemelmans (6-1 6-2) et plus difficilement le chevronn\u00e9 Philipp Kohlschreiber (7-6 7-5), Roger Federer n\u2019est plus qu\u2019\u00e0 une victoire de redevenir num\u00e9ro 1 mondial, \u00e0 bient\u00f4t 37 ans.<\/p>\n","protected":false},"author":14,"featured_media":12859,"comment_status":"open","ping_status":"closed","sticky":false,"template":"","format":"standard","meta":{"_acf_changed":false,"_daextam_enable_autolinks":"","footnotes":""},"categories":[2,2302],"tags":[156,3223,965,3831],"class_list":["post-12856","post","type-post","status-publish","format-standard","has-post-thumbnail","hentry","category-actualites","category-tennis","tag-atp","tag-rafael-nadal","tag-roger-federer","tag-rotterdam"],"acf":[],"yoast_head":"<!-- This site is optimized with the Yoast SEO Premium plugin v26.7 (Yoast SEO v26.7) - https:\/\/yoast.com\/wordpress\/plugins\/seo\/ -->\n<title>A Rotterdam, Federer veut retrouver son tr\u00f4ne<\/title>\n<meta name=\"description\" content=\"Le public hollandais s\u2019impatiente. Apr\u00e8s avoir \u00e9limin\u00e9 facilement Ruben Bemelmans (6-1 6-2) et plus difficilement le chevronn\u00e9 Philipp Kohlschreiber (7-6 7-5), Roger Federer n\u2019est plus qu\u2019\u00e0 une victoire de redevenir num\u00e9ro 1 mondial, \u00e0 bient\u00f4t 37 ans.\" \/>\n<meta name=\"robots\" content=\"index, follow, max-snippet:-1, max-image-preview:large, max-video-preview:-1\" \/>\n<link rel=\"canonical\" href=\"https:\/\/dicodusport.fr\/blog\/rotterdam-federer-retrouver-son-trone\/\" \/>\n<meta property=\"og:locale\" content=\"fr_FR\" \/>\n<meta property=\"og:type\" content=\"article\" \/>\n<meta property=\"og:title\" content=\"A Rotterdam, Federer veut retrouver son tr\u00f4ne\" \/>\n<meta property=\"og:description\" content=\"Le public hollandais s\u2019impatiente. Apr\u00e8s avoir \u00e9limin\u00e9 facilement Ruben Bemelmans (6-1 6-2) et plus difficilement le chevronn\u00e9 Philipp Kohlschreiber (7-6 7-5), Roger Federer n\u2019est plus qu\u2019\u00e0 une victoire de redevenir num\u00e9ro 1 mondial, \u00e0 bient\u00f4t 37 ans.\" \/>\n<meta property=\"og:url\" content=\"https:\/\/dicodusport.fr\/blog\/rotterdam-federer-retrouver-son-trone\/\" \/>\n<meta property=\"og:site_name\" content=\"Dicodusport\" \/>\n<meta property=\"article:publisher\" content=\"https:\/\/www.facebook.com\/dicodusport\" \/>\n<meta property=\"article:published_time\" content=\"2018-02-16T11:00:51+00:00\" \/>\n<meta property=\"og:image\" content=\"https:\/\/dicodusport.fr\/blog\/wp-content\/uploads\/2018\/02\/Roger-Federer-num\u00e9ro-1.png\" \/>\n\t<meta property=\"og:image:width\" content=\"1200\" \/>\n\t<meta property=\"og:image:height\" content=\"670\" \/>\n\t<meta property=\"og:image:type\" content=\"image\/png\" \/>\n<meta name=\"author\" content=\"Romain Delanis\" \/>\n<meta name=\"twitter:card\" content=\"summary_large_image\" \/>\n<meta name=\"twitter:creator\" content=\"@https:\/\/twitter.com\/RDelanis\" \/>\n<meta name=\"twitter:site\" content=\"@dicodusport\" \/>\n<script type=\"application\/ld+json\" class=\"yoast-schema-graph\">{\"@context\":\"https:\/\/schema.org\",\"@graph\":[{\"@type\":\"NewsArticle\",\"@id\":\"https:\/\/dicodusport.fr\/blog\/rotterdam-federer-retrouver-son-trone\/#article\",\"isPartOf\":{\"@id\":\"https:\/\/dicodusport.fr\/blog\/rotterdam-federer-retrouver-son-trone\/\"},\"author\":{\"name\":\"Romain Delanis\",\"@id\":\"https:\/\/dicodusport.fr\/blog\/#\/schema\/person\/8c78730a59f8a1e617f7a19026ebc14a\"},\"headline\":\"A Rotterdam, Federer veut retrouver son tr\u00f4ne\",\"datePublished\":\"2018-02-16T11:00:51+00:00\",\"mainEntityOfPage\":{\"@id\":\"https:\/\/dicodusport.fr\/blog\/rotterdam-federer-retrouver-son-trone\/\"},\"wordCount\":315,\"commentCount\":0,\"publisher\":{\"@id\":\"https:\/\/dicodusport.fr\/blog\/#organization\"},\"image\":{\"@id\":\"https:\/\/dicodusport.fr\/blog\/rotterdam-federer-retrouver-son-trone\/#primaryimage\"},\"thumbnailUrl\":\"https:\/\/dicodusport.fr\/blog\/wp-content\/uploads\/2018\/02\/Roger-Federer-num\u00e9ro-1.png\",\"keywords\":[\"ATP\",\"Rafael Nadal\",\"Roger Federer\",\"Rotterdam\"],\"articleSection\":[\"Actualit\u00e9s\",\"Tennis\"],\"inLanguage\":\"fr-FR\",\"potentialAction\":[{\"@type\":\"CommentAction\",\"name\":\"Comment\",\"target\":[\"https:\/\/dicodusport.fr\/blog\/rotterdam-federer-retrouver-son-trone\/#respond\"]}],\"copyrightYear\":\"2018\",\"copyrightHolder\":{\"@id\":\"https:\/\/dicodusport.fr\/blog\/#organization\"}},{\"@type\":\"WebPage\",\"@id\":\"https:\/\/dicodusport.fr\/blog\/rotterdam-federer-retrouver-son-trone\/\",\"url\":\"https:\/\/dicodusport.fr\/blog\/rotterdam-federer-retrouver-son-trone\/\",\"name\":\"A Rotterdam, Federer veut retrouver son tr\u00f4ne\",\"isPartOf\":{\"@id\":\"https:\/\/dicodusport.fr\/blog\/#website\"},\"primaryImageOfPage\":{\"@id\":\"https:\/\/dicodusport.fr\/blog\/rotterdam-federer-retrouver-son-trone\/#primaryimage\"},\"image\":{\"@id\":\"https:\/\/dicodusport.fr\/blog\/rotterdam-federer-retrouver-son-trone\/#primaryimage\"},\"thumbnailUrl\":\"https:\/\/dicodusport.fr\/blog\/wp-content\/uploads\/2018\/02\/Roger-Federer-num\u00e9ro-1.png\",\"datePublished\":\"2018-02-16T11:00:51+00:00\",\"description\":\"Le public hollandais s\u2019impatiente. Apr\u00e8s avoir \u00e9limin\u00e9 facilement Ruben Bemelmans (6-1 6-2) et plus difficilement le chevronn\u00e9 Philipp Kohlschreiber (7-6 7-5), Roger Federer n\u2019est plus qu\u2019\u00e0 une victoire de redevenir num\u00e9ro 1 mondial, \u00e0 bient\u00f4t 37 ans.\",\"breadcrumb\":{\"@id\":\"https:\/\/dicodusport.fr\/blog\/rotterdam-federer-retrouver-son-trone\/#breadcrumb\"},\"inLanguage\":\"fr-FR\",\"potentialAction\":[{\"@type\":\"ReadAction\",\"target\":[\"https:\/\/dicodusport.fr\/blog\/rotterdam-federer-retrouver-son-trone\/\"]}]},{\"@type\":\"ImageObject\",\"inLanguage\":\"fr-FR\",\"@id\":\"https:\/\/dicodusport.fr\/blog\/rotterdam-federer-retrouver-son-trone\/#primaryimage\",\"url\":\"https:\/\/dicodusport.fr\/blog\/wp-content\/uploads\/2018\/02\/Roger-Federer-num\u00e9ro-1.png\",\"contentUrl\":\"https:\/\/dicodusport.fr\/blog\/wp-content\/uploads\/2018\/02\/Roger-Federer-num\u00e9ro-1.png\",\"width\":1200,\"height\":670},{\"@type\":\"BreadcrumbList\",\"@id\":\"https:\/\/dicodusport.fr\/blog\/rotterdam-federer-retrouver-son-trone\/#breadcrumb\",\"itemListElement\":[{\"@type\":\"ListItem\",\"position\":1,\"name\":\"Accueil\",\"item\":\"https:\/\/dicodusport.fr\/blog\/\"},{\"@type\":\"ListItem\",\"position\":2,\"name\":\"A Rotterdam, Federer veut retrouver son tr\u00f4ne\"}]},{\"@type\":\"WebSite\",\"@id\":\"https:\/\/dicodusport.fr\/blog\/#website\",\"url\":\"https:\/\/dicodusport.fr\/blog\/\",\"name\":\"Dicodusport\",\"description\":\"L&#039;encyclop\u00e9die de l&#039;actualit\u00e9 sportive\",\"publisher\":{\"@id\":\"https:\/\/dicodusport.fr\/blog\/#organization\"},\"potentialAction\":[{\"@type\":\"SearchAction\",\"target\":{\"@type\":\"EntryPoint\",\"urlTemplate\":\"https:\/\/dicodusport.fr\/blog\/?s={search_term_string}\"},\"query-input\":{\"@type\":\"PropertyValueSpecification\",\"valueRequired\":true,\"valueName\":\"search_term_string\"}}],\"inLanguage\":\"fr-FR\"},{\"@type\":\"NewsMediaOrganization\",\"@id\":\"https:\/\/dicodusport.fr\/blog\/#organization\",\"name\":\"Dicodusport\",\"url\":\"https:\/\/dicodusport.fr\/blog\/\",\"logo\":{\"@type\":\"ImageObject\",\"inLanguage\":\"fr-FR\",\"@id\":\"https:\/\/dicodusport.fr\/blog\/#\/schema\/logo\/image\/\",\"url\":\"https:\/\/dicodusport.fr\/blog\/wp-content\/uploads\/2020\/06\/cropped-LOGO-DICODUSPORT-2020-SANS-FOND-SANS-TEXTE.png\",\"contentUrl\":\"https:\/\/dicodusport.fr\/blog\/wp-content\/uploads\/2020\/06\/cropped-LOGO-DICODUSPORT-2020-SANS-FOND-SANS-TEXTE.png\",\"width\":512,\"height\":512,\"caption\":\"Dicodusport\"},\"image\":{\"@id\":\"https:\/\/dicodusport.fr\/blog\/#\/schema\/logo\/image\/\"},\"sameAs\":[\"https:\/\/www.facebook.com\/dicodusport\",\"https:\/\/x.com\/dicodusport\",\"https:\/\/www.instagram.com\/dicodusport\/\",\"https:\/\/www.youtube.com\/channel\/UC7V2KZ5sd3htJivAbA4ZG3w\"],\"description\":\"Dicodusport est l'encyclop\u00e9die de l'actualit\u00e9 sportive.\",\"email\":\"bonjour@dicodusport.fr\",\"legalName\":\"DICODUSPORT\",\"foundingDate\":\"2018-01-14\",\"vatID\":\"FR71834470973\",\"taxID\":\"83447097300043\",\"numberOfEmployees\":{\"@type\":\"QuantitativeValue\",\"minValue\":\"1\",\"maxValue\":\"10\"}},{\"@type\":\"Person\",\"@id\":\"https:\/\/dicodusport.fr\/blog\/#\/schema\/person\/8c78730a59f8a1e617f7a19026ebc14a\",\"name\":\"Romain Delanis\",\"image\":{\"@type\":\"ImageObject\",\"inLanguage\":\"fr-FR\",\"@id\":\"https:\/\/dicodusport.fr\/blog\/#\/schema\/person\/image\/\",\"url\":\"https:\/\/dicodusport.fr\/blog\/wp-content\/uploads\/2021\/05\/Romain-Delanis-150x150.jpg\",\"contentUrl\":\"https:\/\/dicodusport.fr\/blog\/wp-content\/uploads\/2021\/05\/Romain-Delanis-150x150.jpg\",\"caption\":\"Romain Delanis\"},\"description\":\"Journaliste\/R\u00e9dacteur depuis novembre 2015 - Capable de passer un samedi apr\u00e8s-midi devant la Ligue 2 puis le biathlon sans oublier la finale de l\u2019ATP Rotterdam, j\u2019aime aussi mettre mon r\u00e9veil pour me faire un Pistons\/Bulls qui rappelle de bons souvenirs. Tout cela, j\u2019ai choisi il y a maintenant quelques temps de vous le raconter avec Dicodusport, pour vous faire vivre ma passion parfois inconsid\u00e9r\u00e9e pour le sport en g\u00e9n\u00e9ral (mais surtout le foot faut se l\u2019avouer).\",\"sameAs\":[\"https:\/\/x.com\/https:\/\/twitter.com\/RDelanis\"],\"url\":\"https:\/\/dicodusport.fr\/blog\/author\/romain\/\"}]}<\/script>\n<!-- \/ Yoast SEO Premium plugin. -->","yoast_head_json":{"title":"A Rotterdam, Federer veut retrouver son tr\u00f4ne","description":"Le public hollandais s\u2019impatiente. Apr\u00e8s avoir \u00e9limin\u00e9 facilement Ruben Bemelmans (6-1 6-2) et plus difficilement le chevronn\u00e9 Philipp Kohlschreiber (7-6 7-5), Roger Federer n\u2019est plus qu\u2019\u00e0 une victoire de redevenir num\u00e9ro 1 mondial, \u00e0 bient\u00f4t 37 ans.","robots":{"index":"index","follow":"follow","max-snippet":"max-snippet:-1","max-image-preview":"max-image-preview:large","max-video-preview":"max-video-preview:-1"},"canonical":"https:\/\/dicodusport.fr\/blog\/rotterdam-federer-retrouver-son-trone\/","og_locale":"fr_FR","og_type":"article","og_title":"A Rotterdam, Federer veut retrouver son tr\u00f4ne","og_description":"Le public hollandais s\u2019impatiente. Apr\u00e8s avoir \u00e9limin\u00e9 facilement Ruben Bemelmans (6-1 6-2) et plus difficilement le chevronn\u00e9 Philipp Kohlschreiber (7-6 7-5), Roger Federer n\u2019est plus qu\u2019\u00e0 une victoire de redevenir num\u00e9ro 1 mondial, \u00e0 bient\u00f4t 37 ans.","og_url":"https:\/\/dicodusport.fr\/blog\/rotterdam-federer-retrouver-son-trone\/","og_site_name":"Dicodusport","article_publisher":"https:\/\/www.facebook.com\/dicodusport","article_published_time":"2018-02-16T11:00:51+00:00","og_image":[{"width":1200,"height":670,"url":"https:\/\/dicodusport.fr\/blog\/wp-content\/uploads\/2018\/02\/Roger-Federer-num\u00e9ro-1.png","type":"image\/png"}],"author":"Romain Delanis","twitter_card":"summary_large_image","twitter_creator":"@https:\/\/twitter.com\/RDelanis","twitter_site":"@dicodusport","schema":{"@context":"https:\/\/schema.org","@graph":[{"@type":"NewsArticle","@id":"https:\/\/dicodusport.fr\/blog\/rotterdam-federer-retrouver-son-trone\/#article","isPartOf":{"@id":"https:\/\/dicodusport.fr\/blog\/rotterdam-federer-retrouver-son-trone\/"},"author":{"name":"Romain Delanis","@id":"https:\/\/dicodusport.fr\/blog\/#\/schema\/person\/8c78730a59f8a1e617f7a19026ebc14a"},"headline":"A Rotterdam, Federer veut retrouver son tr\u00f4ne","datePublished":"2018-02-16T11:00:51+00:00","mainEntityOfPage":{"@id":"https:\/\/dicodusport.fr\/blog\/rotterdam-federer-retrouver-son-trone\/"},"wordCount":315,"commentCount":0,"publisher":{"@id":"https:\/\/dicodusport.fr\/blog\/#organization"},"image":{"@id":"https:\/\/dicodusport.fr\/blog\/rotterdam-federer-retrouver-son-trone\/#primaryimage"},"thumbnailUrl":"https:\/\/dicodusport.fr\/blog\/wp-content\/uploads\/2018\/02\/Roger-Federer-num\u00e9ro-1.png","keywords":["ATP","Rafael Nadal","Roger Federer","Rotterdam"],"articleSection":["Actualit\u00e9s","Tennis"],"inLanguage":"fr-FR","potentialAction":[{"@type":"CommentAction","name":"Comment","target":["https:\/\/dicodusport.fr\/blog\/rotterdam-federer-retrouver-son-trone\/#respond"]}],"copyrightYear":"2018","copyrightHolder":{"@id":"https:\/\/dicodusport.fr\/blog\/#organization"}},{"@type":"WebPage","@id":"https:\/\/dicodusport.fr\/blog\/rotterdam-federer-retrouver-son-trone\/","url":"https:\/\/dicodusport.fr\/blog\/rotterdam-federer-retrouver-son-trone\/","name":"A Rotterdam, Federer veut retrouver son tr\u00f4ne","isPartOf":{"@id":"https:\/\/dicodusport.fr\/blog\/#website"},"primaryImageOfPage":{"@id":"https:\/\/dicodusport.fr\/blog\/rotterdam-federer-retrouver-son-trone\/#primaryimage"},"image":{"@id":"https:\/\/dicodusport.fr\/blog\/rotterdam-federer-retrouver-son-trone\/#primaryimage"},"thumbnailUrl":"https:\/\/dicodusport.fr\/blog\/wp-content\/uploads\/2018\/02\/Roger-Federer-num\u00e9ro-1.png","datePublished":"2018-02-16T11:00:51+00:00","description":"Le public hollandais s\u2019impatiente. Apr\u00e8s avoir \u00e9limin\u00e9 facilement Ruben Bemelmans (6-1 6-2) et plus difficilement le chevronn\u00e9 Philipp Kohlschreiber (7-6 7-5), Roger Federer n\u2019est plus qu\u2019\u00e0 une victoire de redevenir num\u00e9ro 1 mondial, \u00e0 bient\u00f4t 37 ans.","breadcrumb":{"@id":"https:\/\/dicodusport.fr\/blog\/rotterdam-federer-retrouver-son-trone\/#breadcrumb"},"inLanguage":"fr-FR","potentialAction":[{"@type":"ReadAction","target":["https:\/\/dicodusport.fr\/blog\/rotterdam-federer-retrouver-son-trone\/"]}]},{"@type":"ImageObject","inLanguage":"fr-FR","@id":"https:\/\/dicodusport.fr\/blog\/rotterdam-federer-retrouver-son-trone\/#primaryimage","url":"https:\/\/dicodusport.fr\/blog\/wp-content\/uploads\/2018\/02\/Roger-Federer-num\u00e9ro-1.png","contentUrl":"https:\/\/dicodusport.fr\/blog\/wp-content\/uploads\/2018\/02\/Roger-Federer-num\u00e9ro-1.png","width":1200,"height":670},{"@type":"BreadcrumbList","@id":"https:\/\/dicodusport.fr\/blog\/rotterdam-federer-retrouver-son-trone\/#breadcrumb","itemListElement":[{"@type":"ListItem","position":1,"name":"Accueil","item":"https:\/\/dicodusport.fr\/blog\/"},{"@type":"ListItem","position":2,"name":"A Rotterdam, Federer veut retrouver son tr\u00f4ne"}]},{"@type":"WebSite","@id":"https:\/\/dicodusport.fr\/blog\/#website","url":"https:\/\/dicodusport.fr\/blog\/","name":"Dicodusport","description":"L&#039;encyclop\u00e9die de l&#039;actualit\u00e9 sportive","publisher":{"@id":"https:\/\/dicodusport.fr\/blog\/#organization"},"potentialAction":[{"@type":"SearchAction","target":{"@type":"EntryPoint","urlTemplate":"https:\/\/dicodusport.fr\/blog\/?s={search_term_string}"},"query-input":{"@type":"PropertyValueSpecification","valueRequired":true,"valueName":"search_term_string"}}],"inLanguage":"fr-FR"},{"@type":"NewsMediaOrganization","@id":"https:\/\/dicodusport.fr\/blog\/#organization","name":"Dicodusport","url":"https:\/\/dicodusport.fr\/blog\/","logo":{"@type":"ImageObject","inLanguage":"fr-FR","@id":"https:\/\/dicodusport.fr\/blog\/#\/schema\/logo\/image\/","url":"https:\/\/dicodusport.fr\/blog\/wp-content\/uploads\/2020\/06\/cropped-LOGO-DICODUSPORT-2020-SANS-FOND-SANS-TEXTE.png","contentUrl":"https:\/\/dicodusport.fr\/blog\/wp-content\/uploads\/2020\/06\/cropped-LOGO-DICODUSPORT-2020-SANS-FOND-SANS-TEXTE.png","width":512,"height":512,"caption":"Dicodusport"},"image":{"@id":"https:\/\/dicodusport.fr\/blog\/#\/schema\/logo\/image\/"},"sameAs":["https:\/\/www.facebook.com\/dicodusport","https:\/\/x.com\/dicodusport","https:\/\/www.instagram.com\/dicodusport\/","https:\/\/www.youtube.com\/channel\/UC7V2KZ5sd3htJivAbA4ZG3w"],"description":"Dicodusport est l'encyclop\u00e9die de l'actualit\u00e9 sportive.","email":"bonjour@dicodusport.fr","legalName":"DICODUSPORT","foundingDate":"2018-01-14","vatID":"FR71834470973","taxID":"83447097300043","numberOfEmployees":{"@type":"QuantitativeValue","minValue":"1","maxValue":"10"}},{"@type":"Person","@id":"https:\/\/dicodusport.fr\/blog\/#\/schema\/person\/8c78730a59f8a1e617f7a19026ebc14a","name":"Romain Delanis","image":{"@type":"ImageObject","inLanguage":"fr-FR","@id":"https:\/\/dicodusport.fr\/blog\/#\/schema\/person\/image\/","url":"https:\/\/dicodusport.fr\/blog\/wp-content\/uploads\/2021\/05\/Romain-Delanis-150x150.jpg","contentUrl":"https:\/\/dicodusport.fr\/blog\/wp-content\/uploads\/2021\/05\/Romain-Delanis-150x150.jpg","caption":"Romain Delanis"},"description":"Journaliste\/R\u00e9dacteur depuis novembre 2015 - Capable de passer un samedi apr\u00e8s-midi devant la Ligue 2 puis le biathlon sans oublier la finale de l\u2019ATP Rotterdam, j\u2019aime aussi mettre mon r\u00e9veil pour me faire un Pistons\/Bulls qui rappelle de bons souvenirs. Tout cela, j\u2019ai choisi il y a maintenant quelques temps de vous le raconter avec Dicodusport, pour vous faire vivre ma passion parfois inconsid\u00e9r\u00e9e pour le sport en g\u00e9n\u00e9ral (mais surtout le foot faut se l\u2019avouer).","sameAs":["https:\/\/x.com\/https:\/\/twitter.com\/RDelanis"],"url":"https:\/\/dicodusport.fr\/blog\/author\/romain\/"}]}},"_links":{"self":[{"href":"https:\/\/dicodusport.fr\/blog\/wp-json\/wp\/v2\/posts\/12856","targetHints":{"allow":["GET"]}}],"collection":[{"href":"https:\/\/dicodusport.fr\/blog\/wp-json\/wp\/v2\/posts"}],"about":[{"href":"https:\/\/dicodusport.fr\/blog\/wp-json\/wp\/v2\/types\/post"}],"author":[{"embeddable":true,"href":"https:\/\/dicodusport.fr\/blog\/wp-json\/wp\/v2\/users\/14"}],"replies":[{"embeddable":true,"href":"https:\/\/dicodusport.fr\/blog\/wp-json\/wp\/v2\/comments?post=12856"}],"version-history":[{"count":0,"href":"https:\/\/dicodusport.fr\/blog\/wp-json\/wp\/v2\/posts\/12856\/revisions"}],"wp:featuredmedia":[{"embeddable":true,"href":"https:\/\/dicodusport.fr\/blog\/wp-json\/wp\/v2\/media\/12859"}],"wp:attachment":[{"href":"https:\/\/dicodusport.fr\/blog\/wp-json\/wp\/v2\/media?parent=12856"}],"wp:term":[{"taxonomy":"category","embeddable":true,"href":"https:\/\/dicodusport.fr\/blog\/wp-json\/wp\/v2\/categories?post=12856"},{"taxonomy":"post_tag","embeddable":true,"href":"https:\/\/dicodusport.fr\/blog\/wp-json\/wp\/v2\/tags?post=12856"}],"curies":[{"name":"wp","href":"https:\/\/api.w.org\/{rel}","templated":true}]}}