{"id":128576,"date":"2021-05-18T20:03:05","date_gmt":"2021-05-18T18:03:05","guid":{"rendered":"https:\/\/dicodusport.fr\/blog\/?p=128576"},"modified":"2021-05-18T22:00:23","modified_gmt":"2021-05-18T20:00:23","slug":"tour-d-italie-2021-11eme-etape-parcours-en-detail","status":"publish","type":"post","link":"https:\/\/dicodusport.fr\/blog\/tour-d-italie-2021-11eme-etape-parcours-en-detail\/","title":{"rendered":"Tour d&rsquo;Italie 2021 &#8211; 11\u00e8me \u00e9tape : le parcours en d\u00e9tail"},"content":{"rendered":"<p style=\"text-align: justify;\"><em><strong>CYCLISME &#8211; Apr\u00e8s une journ\u00e9e de repos, la 11\u00e8me \u00e9tape du <a href=\"https:\/\/dicodusport.fr\/blog\/tour-d-italie-2021-profil-des-21-etapes\/\">Tour d&rsquo;Italie 2021<\/a> aura un go\u00fbt de Strade Bianche sur 163 kilom\u00e8tres avec 35,2 kilom\u00e8tres de routes de gravier dans la seconde moiti\u00e9 du parcours.<\/strong><\/em><\/p>\n<p style=\"text-align: justify;\">D&rsquo;abord, le d\u00e9part sera donn\u00e9 depuis <strong>P\u00e9rouse<\/strong> dans la vall\u00e9e du Tibre pour 44 premiers kilom\u00e8tres seront plats jusqu&rsquo;\u00e0 Chiusi Scalo. Les coureurs longeront notamment dans cette partie le Lac Trasim\u00e8ne par sa rive sud. Puis, les coureurs parcourront 26 kilom\u00e8tres un peu vallonn\u00e9s \u00e0 travers les R\u00e9serve naturelle de Pietraporciana et de Lucciola Bella jusqu&rsquo;\u00e0 Borgo Castelvecchio.<\/p>\n<p style=\"text-align: justify;\">Apr\u00e8s 10 kilom\u00e8tres de plaine, le peloton attaquera la petite mont\u00e9e de 2,6 km \u00e0 4 % vers San Quinico d&rsquo;Orcia avec une petite descente et une nouvelle partie plate de 5 kilom\u00e8tres.<\/p>\n<h2 style=\"text-align: justify;\"><strong>Comme un go\u00fbt de Strade Bianche<\/strong><\/h2>\n<p style=\"text-align: justify;\">Ensuite, ce sera la premi\u00e8re route blanche de l&rsquo;\u00e9tape. Elle sera longue 9,1 km \u00e0 <strong>Torrenieri<\/strong>, alors qu&rsquo;il restera 70 kilom\u00e8tres \u00e0 parcourir. Ce premier secteur sera en faux plat montant dans son premiers tiers avant d&rsquo;attaquer une longue partie descendante pour finir.<\/p>\n<p style=\"text-align: justify;\">Apr\u00e8s 6 km sur asphalte avec une belle bosse \u00e0 Bibbiano (1100 m \u00e0 8,6 %), place au prochain secteur de gravier qui sera le plus dur sur le <strong>Passo del Lume Spento<\/strong>. Cette portion sera longue de 13,5 kilom\u00e8tres avec une pente moyenne de 3,5 %. Mais, cette moyenne est biais\u00e9e puisque la premi\u00e8re moiti\u00e9 s&rsquo;effectuera sur des pentes entre 7 et 8 %, avec une portion \u00e0 16 %. Tandis que la seconde moiti\u00e9 sera plus plate avec quelques pourcentages sur le sommet sur une route asphalt\u00e9e. Le dernier kilom\u00e8tre sera \u00e0 8 %.<\/p>\n<p style=\"text-align: justify;\">Apr\u00e8s une descente de 11 km sur Castelnueva del Albate, les coureurs feront face au troisi\u00e8me secteur de route blanche compos\u00e9 de trois premiers kilom\u00e8tres roulants puis 4,6 km en mont\u00e9e avec une section ascendante de 1 km \u00e0 6,4 %. Par la suite, la derni\u00e8re route de terre d\u00e9butera par une bosse de 1200 m\u00e8tres \u00e0 8 % avant d&#8217;emprunter une partie plate de 3,4 km pour rejoindre le pied du <strong>Passo del Lume Spento<\/strong>. Mais cette fois, les coureurs l&rsquo;aborderont sur un autre versant sur une route goudronn\u00e9e. Cette fois-ci, les coureurs graviront un col de 8 kilom\u00e8tres sur asphalte \u00e0 une pente moyenne de 6,2%.<\/p>\n<p style=\"text-align: justify;\">Enfin, les 3,8 derniers kilom\u00e8tres de la course seront en descente jusqu&rsquo;\u00e0 la ligne d&rsquo;arriv\u00e9e \u00e0 <strong>Montalcino<\/strong>, un ancien village m\u00e9di\u00e9val connu pour son vin Brunello et sa truffe blanche. La ligne d&rsquo;arriv\u00e9e sera jug\u00e9e sur la Via Roma avec 500 derniers m\u00e8tres \u00e0 12 %. Le Giro a visit\u00e9 Montalcino pour la derni\u00e8re fois en 2010. Cadel Evans avait devanc\u00e9 Damiano Cunego et Alexandre Vinokourov avec une journ\u00e9e sous la pluie et avec l\u00e0 aussi des routes blanches.<\/p>\n<h2><strong>La carte du parcours de la 11\u00e8me \u00e9tape du Tour d&rsquo;Italie 2021<\/strong><\/h2>\n<div id=\"attachment_130663\" style=\"width: 862px\" class=\"wp-caption aligncenter\"><a href=\"https:\/\/dicodusport.fr\/blog\/wp-content\/uploads\/2021\/05\/La-carte-du-parcours-de-la-11eme-etape-du-Tour-dItalie-2021.jpg\"><img loading=\"lazy\" decoding=\"async\" aria-describedby=\"caption-attachment-130663\" class=\"size-full wp-image-130663\" src=\"https:\/\/dicodusport.fr\/blog\/wp-content\/uploads\/2021\/05\/La-carte-du-parcours-de-la-11eme-etape-du-Tour-dItalie-2021.jpg\" alt=\"La carte du parcours de la 11\u00e8me \u00e9tape du Tour d'Italie 2021\" width=\"852\" height=\"852\" srcset=\"https:\/\/dicodusport.fr\/blog\/wp-content\/uploads\/2021\/05\/La-carte-du-parcours-de-la-11eme-etape-du-Tour-dItalie-2021.jpg 852w, https:\/\/dicodusport.fr\/blog\/wp-content\/uploads\/2021\/05\/La-carte-du-parcours-de-la-11eme-etape-du-Tour-dItalie-2021-300x300.jpg 300w, https:\/\/dicodusport.fr\/blog\/wp-content\/uploads\/2021\/05\/La-carte-du-parcours-de-la-11eme-etape-du-Tour-dItalie-2021-150x150.jpg 150w, https:\/\/dicodusport.fr\/blog\/wp-content\/uploads\/2021\/05\/La-carte-du-parcours-de-la-11eme-etape-du-Tour-dItalie-2021-768x768.jpg 768w, https:\/\/dicodusport.fr\/blog\/wp-content\/uploads\/2021\/05\/La-carte-du-parcours-de-la-11eme-etape-du-Tour-dItalie-2021-80x80.jpg 80w\" sizes=\"auto, (max-width: 852px) 100vw, 852px\" \/><\/a><p id=\"caption-attachment-130663\" class=\"wp-caption-text\">La carte du parcours de la 11\u00e8me \u00e9tape du Tour d&rsquo;Italie 2021<\/p><\/div>\n<h2 style=\"text-align: justify;\"><strong>\u00c0 lire aussi<\/strong><\/h2>\n<ul>\n<li style=\"text-align: justify;\"><a href=\"https:\/\/dicodusport.fr\/blog\/tour-d-italie-2021-profil-11eme-etape\/\"><strong>Le profil de la 11\u00e8me \u00e9tape<\/strong><\/a><\/li>\n<li style=\"text-align: justify;\"><a href=\"https:\/\/dicodusport.fr\/blog\/tour-d-italie-2021-11eme-etape-parcours-en-detail\/\"><strong>Nos favoris de la 11\u00e8me \u00e9tape<\/strong><\/a><\/li>\n<\/ul>\n","protected":false},"excerpt":{"rendered":"<p>CYCLISME &#8211; Apr\u00e8s une journ\u00e9e de repos, la 11\u00e8me \u00e9tape du Tour d&rsquo;Italie 2021 aura un go\u00fbt de Strade Bianche sur 163 kilom\u00e8tres avec 35,2 kilom\u00e8tres de routes de gravier dans la seconde moiti\u00e9 du parcours.<\/p>\n","protected":false},"author":48,"featured_media":130664,"comment_status":"open","ping_status":"closed","sticky":false,"template":"","format":"standard","meta":{"_acf_changed":false,"_daextam_enable_autolinks":"","footnotes":""},"categories":[2307,47041],"tags":[3119,4722],"class_list":["post-128576","post","type-post","status-publish","format-standard","has-post-thumbnail","hentry","category-cyclisme","category-tour-d-italie","tag-actualite-cyclisme","tag-tour-ditalie"],"acf":[],"yoast_head":"<!-- This site is optimized with the Yoast SEO Premium plugin v26.7 (Yoast SEO v26.7) - https:\/\/yoast.com\/wordpress\/plugins\/seo\/ -->\n<title>Tour d&#039;Italie 2021 - 11\u00e8me \u00e9tape : le parcours en d\u00e9tail<\/title>\n<meta name=\"description\" content=\"CYCLISME - Apr\u00e8s une journ\u00e9e de repos, la 11\u00e8me \u00e9tape du Tour d&#039;Italie 2021 aura un go\u00fbt de Strade Bianche. Le parcours en d\u00e9tail.\" \/>\n<meta name=\"robots\" content=\"index, follow, max-snippet:-1, max-image-preview:large, max-video-preview:-1\" \/>\n<link rel=\"canonical\" href=\"https:\/\/dicodusport.fr\/blog\/tour-d-italie-2021-11eme-etape-parcours-en-detail\/\" \/>\n<meta property=\"og:locale\" content=\"fr_FR\" \/>\n<meta property=\"og:type\" content=\"article\" \/>\n<meta property=\"og:title\" content=\"Tour d&#039;Italie 2021 - 11\u00e8me \u00e9tape : le parcours en d\u00e9tail\" \/>\n<meta property=\"og:description\" content=\"CYCLISME - Apr\u00e8s une journ\u00e9e de repos, la 11\u00e8me \u00e9tape du Tour d&#039;Italie 2021 aura un go\u00fbt de Strade Bianche. Le parcours en d\u00e9tail.\" \/>\n<meta property=\"og:url\" content=\"https:\/\/dicodusport.fr\/blog\/tour-d-italie-2021-11eme-etape-parcours-en-detail\/\" \/>\n<meta property=\"og:site_name\" content=\"Dicodusport\" \/>\n<meta property=\"article:publisher\" content=\"https:\/\/www.facebook.com\/dicodusport\" \/>\n<meta property=\"article:author\" content=\"https:\/\/www.facebook.com\/groups\/LesRoisDuPeloton\" \/>\n<meta property=\"article:published_time\" content=\"2021-05-18T18:03:05+00:00\" \/>\n<meta property=\"article:modified_time\" content=\"2021-05-18T20:00:23+00:00\" \/>\n<meta property=\"og:image\" content=\"https:\/\/dicodusport.fr\/blog\/wp-content\/uploads\/2021\/05\/Tour-dItalie-2021-11eme-etape-Le-parcours-en-detail.png\" \/>\n\t<meta property=\"og:image:width\" content=\"1200\" \/>\n\t<meta property=\"og:image:height\" content=\"670\" \/>\n\t<meta property=\"og:image:type\" content=\"image\/png\" \/>\n<meta name=\"author\" content=\"Emilien Descampiaux\" \/>\n<meta name=\"twitter:card\" content=\"summary_large_image\" \/>\n<meta name=\"twitter:title\" content=\"Tour d&#039;Italie 2021 - 11\u00e8me \u00e9tape : le parcours en d\u00e9tail\" \/>\n<meta name=\"twitter:creator\" content=\"@https:\/\/twitter.com\/LRoisDuPeloton\" \/>\n<meta name=\"twitter:site\" content=\"@dicodusport\" \/>\n<script type=\"application\/ld+json\" class=\"yoast-schema-graph\">{\"@context\":\"https:\/\/schema.org\",\"@graph\":[{\"@type\":\"NewsArticle\",\"@id\":\"https:\/\/dicodusport.fr\/blog\/tour-d-italie-2021-11eme-etape-parcours-en-detail\/#article\",\"isPartOf\":{\"@id\":\"https:\/\/dicodusport.fr\/blog\/tour-d-italie-2021-11eme-etape-parcours-en-detail\/\"},\"author\":{\"name\":\"Emilien Descampiaux\",\"@id\":\"https:\/\/dicodusport.fr\/blog\/#\/schema\/person\/6db4bae06b171592211be385b32876a7\"},\"headline\":\"Tour d&rsquo;Italie 2021 &#8211; 11\u00e8me \u00e9tape : le parcours en d\u00e9tail\",\"datePublished\":\"2021-05-18T18:03:05+00:00\",\"dateModified\":\"2021-05-18T20:00:23+00:00\",\"mainEntityOfPage\":{\"@id\":\"https:\/\/dicodusport.fr\/blog\/tour-d-italie-2021-11eme-etape-parcours-en-detail\/\"},\"wordCount\":515,\"commentCount\":0,\"publisher\":{\"@id\":\"https:\/\/dicodusport.fr\/blog\/#organization\"},\"image\":{\"@id\":\"https:\/\/dicodusport.fr\/blog\/tour-d-italie-2021-11eme-etape-parcours-en-detail\/#primaryimage\"},\"thumbnailUrl\":\"https:\/\/dicodusport.fr\/blog\/wp-content\/uploads\/2021\/05\/Tour-dItalie-2021-11eme-etape-Le-parcours-en-detail.png\",\"keywords\":[\"Actualit\u00e9 Cyclisme\",\"Tour d'Italie\"],\"articleSection\":[\"Cyclisme\",\"Tour d'Italie\"],\"inLanguage\":\"fr-FR\",\"potentialAction\":[{\"@type\":\"CommentAction\",\"name\":\"Comment\",\"target\":[\"https:\/\/dicodusport.fr\/blog\/tour-d-italie-2021-11eme-etape-parcours-en-detail\/#respond\"]}],\"copyrightYear\":\"2021\",\"copyrightHolder\":{\"@id\":\"https:\/\/dicodusport.fr\/blog\/#organization\"}},{\"@type\":\"WebPage\",\"@id\":\"https:\/\/dicodusport.fr\/blog\/tour-d-italie-2021-11eme-etape-parcours-en-detail\/\",\"url\":\"https:\/\/dicodusport.fr\/blog\/tour-d-italie-2021-11eme-etape-parcours-en-detail\/\",\"name\":\"Tour d'Italie 2021 - 11\u00e8me \u00e9tape : le parcours en d\u00e9tail\",\"isPartOf\":{\"@id\":\"https:\/\/dicodusport.fr\/blog\/#website\"},\"primaryImageOfPage\":{\"@id\":\"https:\/\/dicodusport.fr\/blog\/tour-d-italie-2021-11eme-etape-parcours-en-detail\/#primaryimage\"},\"image\":{\"@id\":\"https:\/\/dicodusport.fr\/blog\/tour-d-italie-2021-11eme-etape-parcours-en-detail\/#primaryimage\"},\"thumbnailUrl\":\"https:\/\/dicodusport.fr\/blog\/wp-content\/uploads\/2021\/05\/Tour-dItalie-2021-11eme-etape-Le-parcours-en-detail.png\",\"datePublished\":\"2021-05-18T18:03:05+00:00\",\"dateModified\":\"2021-05-18T20:00:23+00:00\",\"description\":\"CYCLISME - Apr\u00e8s une journ\u00e9e de repos, la 11\u00e8me \u00e9tape du Tour d'Italie 2021 aura un go\u00fbt de Strade Bianche. Le parcours en d\u00e9tail.\",\"breadcrumb\":{\"@id\":\"https:\/\/dicodusport.fr\/blog\/tour-d-italie-2021-11eme-etape-parcours-en-detail\/#breadcrumb\"},\"inLanguage\":\"fr-FR\",\"potentialAction\":[{\"@type\":\"ReadAction\",\"target\":[\"https:\/\/dicodusport.fr\/blog\/tour-d-italie-2021-11eme-etape-parcours-en-detail\/\"]}]},{\"@type\":\"ImageObject\",\"inLanguage\":\"fr-FR\",\"@id\":\"https:\/\/dicodusport.fr\/blog\/tour-d-italie-2021-11eme-etape-parcours-en-detail\/#primaryimage\",\"url\":\"https:\/\/dicodusport.fr\/blog\/wp-content\/uploads\/2021\/05\/Tour-dItalie-2021-11eme-etape-Le-parcours-en-detail.png\",\"contentUrl\":\"https:\/\/dicodusport.fr\/blog\/wp-content\/uploads\/2021\/05\/Tour-dItalie-2021-11eme-etape-Le-parcours-en-detail.png\",\"width\":1200,\"height\":670,\"caption\":\"Tour d'Italie 2021 - 11\u00e8me \u00e9tape : le parcours en d\u00e9tail\"},{\"@type\":\"BreadcrumbList\",\"@id\":\"https:\/\/dicodusport.fr\/blog\/tour-d-italie-2021-11eme-etape-parcours-en-detail\/#breadcrumb\",\"itemListElement\":[{\"@type\":\"ListItem\",\"position\":1,\"name\":\"Accueil\",\"item\":\"https:\/\/dicodusport.fr\/blog\/\"},{\"@type\":\"ListItem\",\"position\":2,\"name\":\"Tour d&rsquo;Italie 2021 &#8211; 11\u00e8me \u00e9tape : le parcours en d\u00e9tail\"}]},{\"@type\":\"WebSite\",\"@id\":\"https:\/\/dicodusport.fr\/blog\/#website\",\"url\":\"https:\/\/dicodusport.fr\/blog\/\",\"name\":\"Dicodusport\",\"description\":\"L&#039;encyclop\u00e9die de l&#039;actualit\u00e9 sportive\",\"publisher\":{\"@id\":\"https:\/\/dicodusport.fr\/blog\/#organization\"},\"potentialAction\":[{\"@type\":\"SearchAction\",\"target\":{\"@type\":\"EntryPoint\",\"urlTemplate\":\"https:\/\/dicodusport.fr\/blog\/?s={search_term_string}\"},\"query-input\":{\"@type\":\"PropertyValueSpecification\",\"valueRequired\":true,\"valueName\":\"search_term_string\"}}],\"inLanguage\":\"fr-FR\"},{\"@type\":\"NewsMediaOrganization\",\"@id\":\"https:\/\/dicodusport.fr\/blog\/#organization\",\"name\":\"Dicodusport\",\"url\":\"https:\/\/dicodusport.fr\/blog\/\",\"logo\":{\"@type\":\"ImageObject\",\"inLanguage\":\"fr-FR\",\"@id\":\"https:\/\/dicodusport.fr\/blog\/#\/schema\/logo\/image\/\",\"url\":\"https:\/\/dicodusport.fr\/blog\/wp-content\/uploads\/2020\/06\/cropped-LOGO-DICODUSPORT-2020-SANS-FOND-SANS-TEXTE.png\",\"contentUrl\":\"https:\/\/dicodusport.fr\/blog\/wp-content\/uploads\/2020\/06\/cropped-LOGO-DICODUSPORT-2020-SANS-FOND-SANS-TEXTE.png\",\"width\":512,\"height\":512,\"caption\":\"Dicodusport\"},\"image\":{\"@id\":\"https:\/\/dicodusport.fr\/blog\/#\/schema\/logo\/image\/\"},\"sameAs\":[\"https:\/\/www.facebook.com\/dicodusport\",\"https:\/\/x.com\/dicodusport\",\"https:\/\/www.instagram.com\/dicodusport\/\",\"https:\/\/www.youtube.com\/channel\/UC7V2KZ5sd3htJivAbA4ZG3w\"],\"description\":\"Dicodusport est l'encyclop\u00e9die de l'actualit\u00e9 sportive.\",\"email\":\"bonjour@dicodusport.fr\",\"legalName\":\"DICODUSPORT\",\"foundingDate\":\"2018-01-14\",\"vatID\":\"FR71834470973\",\"taxID\":\"83447097300043\",\"numberOfEmployees\":{\"@type\":\"QuantitativeValue\",\"minValue\":\"1\",\"maxValue\":\"10\"}},{\"@type\":\"Person\",\"@id\":\"https:\/\/dicodusport.fr\/blog\/#\/schema\/person\/6db4bae06b171592211be385b32876a7\",\"name\":\"Emilien Descampiaux\",\"image\":{\"@type\":\"ImageObject\",\"inLanguage\":\"fr-FR\",\"@id\":\"https:\/\/dicodusport.fr\/blog\/#\/schema\/person\/image\/\",\"url\":\"https:\/\/dicodusport.fr\/blog\/wp-content\/uploads\/2021\/05\/Emilien-Descampiaux-150x150.jpg\",\"contentUrl\":\"https:\/\/dicodusport.fr\/blog\/wp-content\/uploads\/2021\/05\/Emilien-Descampiaux-150x150.jpg\",\"caption\":\"Emilien Descampiaux\"},\"description\":\"Journaliste\/r\u00e9dacteur depuis 2014 - Fan de la classe de Frank Vandenbroucke, je vis cyclisme (et de ses paysages) depuis plus de 20 ans. Je suis tr\u00e8s impliqu\u00e9 sur mes diff\u00e9rents r\u00e9seaux sociaux pour partager ma passion sur le monde et l'Histoire de la bicyclette avec ma voix sur les images en noir et blanc du succ\u00e8s de Rik Van Steenbergen lors du Ronde sur le V\u00e9lodrome de Gand.\",\"sameAs\":[\"https:\/\/www.facebook.com\/groups\/LesRoisDuPeloton\",\"https:\/\/x.com\/https:\/\/twitter.com\/LRoisDuPeloton\"],\"url\":\"https:\/\/dicodusport.fr\/blog\/author\/emiliend\/\"}]}<\/script>\n<!-- \/ Yoast SEO Premium plugin. -->","yoast_head_json":{"title":"Tour d'Italie 2021 - 11\u00e8me \u00e9tape : le parcours en d\u00e9tail","description":"CYCLISME - Apr\u00e8s une journ\u00e9e de repos, la 11\u00e8me \u00e9tape du Tour d'Italie 2021 aura un go\u00fbt de Strade Bianche. Le parcours en d\u00e9tail.","robots":{"index":"index","follow":"follow","max-snippet":"max-snippet:-1","max-image-preview":"max-image-preview:large","max-video-preview":"max-video-preview:-1"},"canonical":"https:\/\/dicodusport.fr\/blog\/tour-d-italie-2021-11eme-etape-parcours-en-detail\/","og_locale":"fr_FR","og_type":"article","og_title":"Tour d'Italie 2021 - 11\u00e8me \u00e9tape : le parcours en d\u00e9tail","og_description":"CYCLISME - Apr\u00e8s une journ\u00e9e de repos, la 11\u00e8me \u00e9tape du Tour d'Italie 2021 aura un go\u00fbt de Strade Bianche. Le parcours en d\u00e9tail.","og_url":"https:\/\/dicodusport.fr\/blog\/tour-d-italie-2021-11eme-etape-parcours-en-detail\/","og_site_name":"Dicodusport","article_publisher":"https:\/\/www.facebook.com\/dicodusport","article_author":"https:\/\/www.facebook.com\/groups\/LesRoisDuPeloton","article_published_time":"2021-05-18T18:03:05+00:00","article_modified_time":"2021-05-18T20:00:23+00:00","og_image":[{"width":1200,"height":670,"url":"https:\/\/dicodusport.fr\/blog\/wp-content\/uploads\/2021\/05\/Tour-dItalie-2021-11eme-etape-Le-parcours-en-detail.png","type":"image\/png"}],"author":"Emilien Descampiaux","twitter_card":"summary_large_image","twitter_title":"Tour d'Italie 2021 - 11\u00e8me \u00e9tape : le parcours en d\u00e9tail","twitter_creator":"@https:\/\/twitter.com\/LRoisDuPeloton","twitter_site":"@dicodusport","schema":{"@context":"https:\/\/schema.org","@graph":[{"@type":"NewsArticle","@id":"https:\/\/dicodusport.fr\/blog\/tour-d-italie-2021-11eme-etape-parcours-en-detail\/#article","isPartOf":{"@id":"https:\/\/dicodusport.fr\/blog\/tour-d-italie-2021-11eme-etape-parcours-en-detail\/"},"author":{"name":"Emilien Descampiaux","@id":"https:\/\/dicodusport.fr\/blog\/#\/schema\/person\/6db4bae06b171592211be385b32876a7"},"headline":"Tour d&rsquo;Italie 2021 &#8211; 11\u00e8me \u00e9tape : le parcours en d\u00e9tail","datePublished":"2021-05-18T18:03:05+00:00","dateModified":"2021-05-18T20:00:23+00:00","mainEntityOfPage":{"@id":"https:\/\/dicodusport.fr\/blog\/tour-d-italie-2021-11eme-etape-parcours-en-detail\/"},"wordCount":515,"commentCount":0,"publisher":{"@id":"https:\/\/dicodusport.fr\/blog\/#organization"},"image":{"@id":"https:\/\/dicodusport.fr\/blog\/tour-d-italie-2021-11eme-etape-parcours-en-detail\/#primaryimage"},"thumbnailUrl":"https:\/\/dicodusport.fr\/blog\/wp-content\/uploads\/2021\/05\/Tour-dItalie-2021-11eme-etape-Le-parcours-en-detail.png","keywords":["Actualit\u00e9 Cyclisme","Tour d'Italie"],"articleSection":["Cyclisme","Tour d'Italie"],"inLanguage":"fr-FR","potentialAction":[{"@type":"CommentAction","name":"Comment","target":["https:\/\/dicodusport.fr\/blog\/tour-d-italie-2021-11eme-etape-parcours-en-detail\/#respond"]}],"copyrightYear":"2021","copyrightHolder":{"@id":"https:\/\/dicodusport.fr\/blog\/#organization"}},{"@type":"WebPage","@id":"https:\/\/dicodusport.fr\/blog\/tour-d-italie-2021-11eme-etape-parcours-en-detail\/","url":"https:\/\/dicodusport.fr\/blog\/tour-d-italie-2021-11eme-etape-parcours-en-detail\/","name":"Tour d'Italie 2021 - 11\u00e8me \u00e9tape : le parcours en d\u00e9tail","isPartOf":{"@id":"https:\/\/dicodusport.fr\/blog\/#website"},"primaryImageOfPage":{"@id":"https:\/\/dicodusport.fr\/blog\/tour-d-italie-2021-11eme-etape-parcours-en-detail\/#primaryimage"},"image":{"@id":"https:\/\/dicodusport.fr\/blog\/tour-d-italie-2021-11eme-etape-parcours-en-detail\/#primaryimage"},"thumbnailUrl":"https:\/\/dicodusport.fr\/blog\/wp-content\/uploads\/2021\/05\/Tour-dItalie-2021-11eme-etape-Le-parcours-en-detail.png","datePublished":"2021-05-18T18:03:05+00:00","dateModified":"2021-05-18T20:00:23+00:00","description":"CYCLISME - Apr\u00e8s une journ\u00e9e de repos, la 11\u00e8me \u00e9tape du Tour d'Italie 2021 aura un go\u00fbt de Strade Bianche. Le parcours en d\u00e9tail.","breadcrumb":{"@id":"https:\/\/dicodusport.fr\/blog\/tour-d-italie-2021-11eme-etape-parcours-en-detail\/#breadcrumb"},"inLanguage":"fr-FR","potentialAction":[{"@type":"ReadAction","target":["https:\/\/dicodusport.fr\/blog\/tour-d-italie-2021-11eme-etape-parcours-en-detail\/"]}]},{"@type":"ImageObject","inLanguage":"fr-FR","@id":"https:\/\/dicodusport.fr\/blog\/tour-d-italie-2021-11eme-etape-parcours-en-detail\/#primaryimage","url":"https:\/\/dicodusport.fr\/blog\/wp-content\/uploads\/2021\/05\/Tour-dItalie-2021-11eme-etape-Le-parcours-en-detail.png","contentUrl":"https:\/\/dicodusport.fr\/blog\/wp-content\/uploads\/2021\/05\/Tour-dItalie-2021-11eme-etape-Le-parcours-en-detail.png","width":1200,"height":670,"caption":"Tour d'Italie 2021 - 11\u00e8me \u00e9tape : le parcours en d\u00e9tail"},{"@type":"BreadcrumbList","@id":"https:\/\/dicodusport.fr\/blog\/tour-d-italie-2021-11eme-etape-parcours-en-detail\/#breadcrumb","itemListElement":[{"@type":"ListItem","position":1,"name":"Accueil","item":"https:\/\/dicodusport.fr\/blog\/"},{"@type":"ListItem","position":2,"name":"Tour d&rsquo;Italie 2021 &#8211; 11\u00e8me \u00e9tape : le parcours en d\u00e9tail"}]},{"@type":"WebSite","@id":"https:\/\/dicodusport.fr\/blog\/#website","url":"https:\/\/dicodusport.fr\/blog\/","name":"Dicodusport","description":"L&#039;encyclop\u00e9die de l&#039;actualit\u00e9 sportive","publisher":{"@id":"https:\/\/dicodusport.fr\/blog\/#organization"},"potentialAction":[{"@type":"SearchAction","target":{"@type":"EntryPoint","urlTemplate":"https:\/\/dicodusport.fr\/blog\/?s={search_term_string}"},"query-input":{"@type":"PropertyValueSpecification","valueRequired":true,"valueName":"search_term_string"}}],"inLanguage":"fr-FR"},{"@type":"NewsMediaOrganization","@id":"https:\/\/dicodusport.fr\/blog\/#organization","name":"Dicodusport","url":"https:\/\/dicodusport.fr\/blog\/","logo":{"@type":"ImageObject","inLanguage":"fr-FR","@id":"https:\/\/dicodusport.fr\/blog\/#\/schema\/logo\/image\/","url":"https:\/\/dicodusport.fr\/blog\/wp-content\/uploads\/2020\/06\/cropped-LOGO-DICODUSPORT-2020-SANS-FOND-SANS-TEXTE.png","contentUrl":"https:\/\/dicodusport.fr\/blog\/wp-content\/uploads\/2020\/06\/cropped-LOGO-DICODUSPORT-2020-SANS-FOND-SANS-TEXTE.png","width":512,"height":512,"caption":"Dicodusport"},"image":{"@id":"https:\/\/dicodusport.fr\/blog\/#\/schema\/logo\/image\/"},"sameAs":["https:\/\/www.facebook.com\/dicodusport","https:\/\/x.com\/dicodusport","https:\/\/www.instagram.com\/dicodusport\/","https:\/\/www.youtube.com\/channel\/UC7V2KZ5sd3htJivAbA4ZG3w"],"description":"Dicodusport est l'encyclop\u00e9die de l'actualit\u00e9 sportive.","email":"bonjour@dicodusport.fr","legalName":"DICODUSPORT","foundingDate":"2018-01-14","vatID":"FR71834470973","taxID":"83447097300043","numberOfEmployees":{"@type":"QuantitativeValue","minValue":"1","maxValue":"10"}},{"@type":"Person","@id":"https:\/\/dicodusport.fr\/blog\/#\/schema\/person\/6db4bae06b171592211be385b32876a7","name":"Emilien Descampiaux","image":{"@type":"ImageObject","inLanguage":"fr-FR","@id":"https:\/\/dicodusport.fr\/blog\/#\/schema\/person\/image\/","url":"https:\/\/dicodusport.fr\/blog\/wp-content\/uploads\/2021\/05\/Emilien-Descampiaux-150x150.jpg","contentUrl":"https:\/\/dicodusport.fr\/blog\/wp-content\/uploads\/2021\/05\/Emilien-Descampiaux-150x150.jpg","caption":"Emilien Descampiaux"},"description":"Journaliste\/r\u00e9dacteur depuis 2014 - Fan de la classe de Frank Vandenbroucke, je vis cyclisme (et de ses paysages) depuis plus de 20 ans. Je suis tr\u00e8s impliqu\u00e9 sur mes diff\u00e9rents r\u00e9seaux sociaux pour partager ma passion sur le monde et l'Histoire de la bicyclette avec ma voix sur les images en noir et blanc du succ\u00e8s de Rik Van Steenbergen lors du Ronde sur le V\u00e9lodrome de Gand.","sameAs":["https:\/\/www.facebook.com\/groups\/LesRoisDuPeloton","https:\/\/x.com\/https:\/\/twitter.com\/LRoisDuPeloton"],"url":"https:\/\/dicodusport.fr\/blog\/author\/emiliend\/"}]}},"_links":{"self":[{"href":"https:\/\/dicodusport.fr\/blog\/wp-json\/wp\/v2\/posts\/128576","targetHints":{"allow":["GET"]}}],"collection":[{"href":"https:\/\/dicodusport.fr\/blog\/wp-json\/wp\/v2\/posts"}],"about":[{"href":"https:\/\/dicodusport.fr\/blog\/wp-json\/wp\/v2\/types\/post"}],"author":[{"embeddable":true,"href":"https:\/\/dicodusport.fr\/blog\/wp-json\/wp\/v2\/users\/48"}],"replies":[{"embeddable":true,"href":"https:\/\/dicodusport.fr\/blog\/wp-json\/wp\/v2\/comments?post=128576"}],"version-history":[{"count":0,"href":"https:\/\/dicodusport.fr\/blog\/wp-json\/wp\/v2\/posts\/128576\/revisions"}],"wp:featuredmedia":[{"embeddable":true,"href":"https:\/\/dicodusport.fr\/blog\/wp-json\/wp\/v2\/media\/130664"}],"wp:attachment":[{"href":"https:\/\/dicodusport.fr\/blog\/wp-json\/wp\/v2\/media?parent=128576"}],"wp:term":[{"taxonomy":"category","embeddable":true,"href":"https:\/\/dicodusport.fr\/blog\/wp-json\/wp\/v2\/categories?post=128576"},{"taxonomy":"post_tag","embeddable":true,"href":"https:\/\/dicodusport.fr\/blog\/wp-json\/wp\/v2\/tags?post=128576"}],"curies":[{"name":"wp","href":"https:\/\/api.w.org\/{rel}","templated":true}]}}