{"id":128738,"date":"2021-05-31T09:03:39","date_gmt":"2021-05-31T07:03:39","guid":{"rendered":"https:\/\/dicodusport.fr\/blog\/?p=128738&#038;preview=true&#038;preview_id=128738"},"modified":"2021-06-02T00:47:45","modified_gmt":"2021-06-01T22:47:45","slug":"ligue-1-transferts-quel-mercato-pour-le-rc-lens","status":"publish","type":"post","link":"https:\/\/dicodusport.fr\/blog\/ligue-1-transferts-quel-mercato-pour-le-rc-lens\/","title":{"rendered":"Ligue 1 &#8211; Transferts : quel mercato pour le RC Lens ?"},"content":{"rendered":"<p style=\"text-align: justify;\"><em><strong>La saison 2020-2021 \u00e9tant proche de rendre son verdict, les clubs peuvent plancher sur la prochaine. \u00c0 quoi ressemblera le mercato du RC Lens ? On y r\u00e9pond.<\/strong><\/em><\/p>\n<h2 style=\"text-align: justify;\">Ils restent<\/h2>\n<p style=\"text-align: justify;\">Encore sous contrat en 2022 et toujours en grande forme, le gardien <strong>Jean-Louis Leca<\/strong> (35 ans) va sans doute repartir pour un dernier tour. En d\u00e9fense, les jeunes <strong>Facundo Medina<\/strong> et <strong>Lo\u00efc Bad\u00e9<\/strong> seront surement encore de la partie. N\u00e9anmoins, Lens sera surement \u00e0 l&rsquo;\u00e9coute des offres pour Bad\u00e9 qui dispose d&rsquo;une grosse cote et d&rsquo;une belle valeur marchande. Convaincant cette saison et encore engag\u00e9 \u00e0 long terme, le piston droit <strong>Jonathan Clauss<\/strong> sera lui aussi de la f\u00eate.<\/p>\n<p style=\"text-align: justify;\">Au milieu, le capitaine <strong>Yannick Cahuzac<\/strong> (35 ans) dispose lui aussi d&rsquo;une ann\u00e9e de contrat en plus et ne s&rsquo;est pas prononc\u00e9 sur son avenir. Comme pour son comp\u00e8re corse Leca, une derni\u00e8re saison l&rsquo;an prochain est envisageable. Ses partenaires <strong>Cheick Doucour\u00e9<\/strong> et <strong>Seko Fofana<\/strong> seront eux aussi pr\u00e9sents. En attaque, la recrue <strong>Igniatus Ganago<\/strong> a convaincu et restera dans le Pas-de-Calais.<\/p>\n<p style=\"text-align: justify;\">M\u00eame si certains d\u00e9parts sont \u00e0 pr\u00e9voir (on y reviendra), le classement actuel et le projet de jeu de Franck Haise permettra aux <em>Sang et Or<\/em> de conserver la majorit\u00e9 de leur effectif actuel.<\/p>\n<hr \/>\n<ul style=\"text-align: justify;\">\n<li style=\"text-align: justify;\"><strong>\u00c0 lire aussi :\u00a0<a href=\"https:\/\/dicodusport.fr\/blog\/ligue-1-transferts-quel-mercato-pour-le-losc\/\">Ligue 1 &#8211; Transferts : quel mercato pour le LOSC ?<\/a><\/strong><\/li>\n<\/ul>\n<hr \/>\n<h2 style=\"text-align: justify;\">Leur avenir est incertain<\/h2>\n<p style=\"text-align: justify;\">Le club compte plusieurs joueurs en fin de contrat en 2022. <strong>Cl\u00e9ment Michelin<\/strong>, <strong>Cheick Traor\u00e9<\/strong> et <strong>Steven Fortes<\/strong> ne seront surement pas retenus. Cadre de l&rsquo;effectif, <strong>Jonathan Gradit<\/strong> pourrait lui \u00eatre prolong\u00e9 par le club lensois \u00e0 la fin de la saison. Voil\u00e0 pour les joueurs sous contrat. Mais il y a d&rsquo;autres dossiers chauds au sein de l&rsquo;effectif sang &amp; or.<\/p>\n<h2 style=\"text-align: justify;\">Les fins de contrat<\/h2>\n<p style=\"text-align: justify;\">Pr\u00eat\u00e9 par Amiens, <strong>Ga\u00ebl Kakuta<\/strong> verra son option d&rsquo;achat \u00eatre lev\u00e9e en raison du maintien facilement acquis par Lens. N\u00e9anmoins, l&rsquo;international congolais pla\u00eet en Premier League. Newcastle est d\u00e9j\u00e0 venu aux renseignements, et d&rsquo;autres \u00e9quipes anglaises pourraient suivre. Lui aussi pr\u00eat\u00e9, <strong>Issiaga Sylla<\/strong> n&rsquo;a pas jou\u00e9 assez de matchs pour voir son option \u00eatre lev\u00e9e. Le lat\u00e9ral va donc retourner au TFC.<\/p>\n<p style=\"text-align: justify;\">Pr\u00eat\u00e9 par le PSG, <strong>Arnaud Kalimuendo<\/strong>, va retourner dans le club de la capitale. Appartenant au RC Lens, le v\u00e9t\u00e9ran <strong>Zakaria Diallo<\/strong> va s&rsquo;en aller. Lui aussi propri\u00e9t\u00e9 du club, le jeune <strong>David Pereira Da Costa<\/strong> arrive aussi en fin de bail. Des discussions vont sans doute avoir lieu pour une prolongation.<\/p>\n<h2 style=\"text-align: justify;\">Les arriv\u00e9es<\/h2>\n<p style=\"text-align: justify;\">La majorit\u00e9 de l&rsquo;effectif \u00e9tant reconduit, le RC Lens aura seulement besoin de quelques retouches. En cas de d\u00e9part coupl\u00e9 de Michelin et Sylla, le club sang et or devra se renforcer au poste de lat\u00e9ral gauche. M\u00eame chose pour l&rsquo;attaque si Kalimuendo et Kakuta ne restent pas. Mais comme vous l&rsquo;avez compris, d&rsquo;\u00e9ventuelles arriv\u00e9es restent tributaires des d\u00e9parts. Le mercato commencera donc de fa\u00e7on plut\u00f4t calme \u00e0 Lens.<\/p>\n","protected":false},"excerpt":{"rendered":"<p>La saison 2020-2021 \u00e9tant proche de rendre son verdict, les clubs peuvent plancher sur la prochaine. \u00c0 quoi ressemblera le mercato du RC Lens ? On y r\u00e9pond.<\/p>\n","protected":false},"author":39,"featured_media":128788,"comment_status":"open","ping_status":"closed","sticky":false,"template":"","format":"standard","meta":{"_acf_changed":false,"_daextam_enable_autolinks":"","footnotes":""},"categories":[2301],"tags":[75,1554,1555,3709],"class_list":["post-128738","post","type-post","status-publish","format-standard","has-post-thumbnail","hentry","category-football","tag-football","tag-ligue-1","tag-mercato","tag-rc-lens"],"acf":[],"yoast_head":"<!-- This site is optimized with the Yoast SEO Premium plugin v26.7 (Yoast SEO v26.7) - https:\/\/yoast.com\/wordpress\/plugins\/seo\/ -->\n<title>Ligue 1 - Transferts : quel mercato pour le RC Lens ?<\/title>\n<meta name=\"description\" content=\"La saison 2020-2021 \u00e9tant proche de rendre son verdict, les clubs peuvent plancher sur la prochaine. \u00c0 quoi ressemblera le mercato du RC Lens ?\" \/>\n<meta name=\"robots\" content=\"index, follow, max-snippet:-1, max-image-preview:large, max-video-preview:-1\" \/>\n<link rel=\"canonical\" href=\"https:\/\/dicodusport.fr\/blog\/ligue-1-transferts-quel-mercato-pour-le-rc-lens\/\" \/>\n<meta property=\"og:locale\" content=\"fr_FR\" \/>\n<meta property=\"og:type\" content=\"article\" \/>\n<meta property=\"og:title\" content=\"Ligue 1 - Transferts : quel mercato pour le RC Lens ?\" \/>\n<meta property=\"og:description\" content=\"La saison 2020-2021 \u00e9tant proche de rendre son verdict, les clubs peuvent plancher sur la prochaine. \u00c0 quoi ressemblera le mercato du RC Lens ?\" \/>\n<meta property=\"og:url\" content=\"https:\/\/dicodusport.fr\/blog\/ligue-1-transferts-quel-mercato-pour-le-rc-lens\/\" \/>\n<meta property=\"og:site_name\" content=\"Dicodusport\" \/>\n<meta property=\"article:publisher\" content=\"https:\/\/www.facebook.com\/dicodusport\" \/>\n<meta property=\"article:published_time\" content=\"2021-05-31T07:03:39+00:00\" \/>\n<meta property=\"article:modified_time\" content=\"2021-06-01T22:47:45+00:00\" \/>\n<meta property=\"og:image\" content=\"https:\/\/dicodusport.fr\/blog\/wp-content\/uploads\/2021\/05\/Ligue-1-Transferts-Quel-mercato-pour-le-RC-Lens.png\" \/>\n\t<meta property=\"og:image:width\" content=\"800\" \/>\n\t<meta property=\"og:image:height\" content=\"445\" \/>\n\t<meta property=\"og:image:type\" content=\"image\/png\" \/>\n<meta name=\"author\" content=\"Idriss Ahamada\" \/>\n<meta name=\"twitter:card\" content=\"summary_large_image\" \/>\n<meta name=\"twitter:title\" content=\"Ligue 1 - Transferts : quel mercato pour le RC Lens ?\" \/>\n<meta name=\"twitter:creator\" content=\"@https:\/\/twitter.com\/idriss_ia7\" \/>\n<meta name=\"twitter:site\" content=\"@dicodusport\" \/>\n<script type=\"application\/ld+json\" class=\"yoast-schema-graph\">{\"@context\":\"https:\/\/schema.org\",\"@graph\":[{\"@type\":\"NewsArticle\",\"@id\":\"https:\/\/dicodusport.fr\/blog\/ligue-1-transferts-quel-mercato-pour-le-rc-lens\/#article\",\"isPartOf\":{\"@id\":\"https:\/\/dicodusport.fr\/blog\/ligue-1-transferts-quel-mercato-pour-le-rc-lens\/\"},\"author\":{\"name\":\"Idriss Ahamada\",\"@id\":\"https:\/\/dicodusport.fr\/blog\/#\/schema\/person\/f3797823174b5e2975b9efe0302f16f4\"},\"headline\":\"Ligue 1 &#8211; Transferts : quel mercato pour le RC Lens ?\",\"datePublished\":\"2021-05-31T07:03:39+00:00\",\"dateModified\":\"2021-06-01T22:47:45+00:00\",\"mainEntityOfPage\":{\"@id\":\"https:\/\/dicodusport.fr\/blog\/ligue-1-transferts-quel-mercato-pour-le-rc-lens\/\"},\"wordCount\":520,\"commentCount\":0,\"publisher\":{\"@id\":\"https:\/\/dicodusport.fr\/blog\/#organization\"},\"image\":{\"@id\":\"https:\/\/dicodusport.fr\/blog\/ligue-1-transferts-quel-mercato-pour-le-rc-lens\/#primaryimage\"},\"thumbnailUrl\":\"https:\/\/dicodusport.fr\/blog\/wp-content\/uploads\/2021\/05\/Ligue-1-Transferts-Quel-mercato-pour-le-RC-Lens.png\",\"keywords\":[\"Football\",\"Ligue 1\",\"Mercato\",\"RC Lens\"],\"articleSection\":[\"Football\"],\"inLanguage\":\"fr-FR\",\"potentialAction\":[{\"@type\":\"CommentAction\",\"name\":\"Comment\",\"target\":[\"https:\/\/dicodusport.fr\/blog\/ligue-1-transferts-quel-mercato-pour-le-rc-lens\/#respond\"]}],\"copyrightYear\":\"2021\",\"copyrightHolder\":{\"@id\":\"https:\/\/dicodusport.fr\/blog\/#organization\"}},{\"@type\":\"WebPage\",\"@id\":\"https:\/\/dicodusport.fr\/blog\/ligue-1-transferts-quel-mercato-pour-le-rc-lens\/\",\"url\":\"https:\/\/dicodusport.fr\/blog\/ligue-1-transferts-quel-mercato-pour-le-rc-lens\/\",\"name\":\"Ligue 1 - Transferts : quel mercato pour le RC Lens ?\",\"isPartOf\":{\"@id\":\"https:\/\/dicodusport.fr\/blog\/#website\"},\"primaryImageOfPage\":{\"@id\":\"https:\/\/dicodusport.fr\/blog\/ligue-1-transferts-quel-mercato-pour-le-rc-lens\/#primaryimage\"},\"image\":{\"@id\":\"https:\/\/dicodusport.fr\/blog\/ligue-1-transferts-quel-mercato-pour-le-rc-lens\/#primaryimage\"},\"thumbnailUrl\":\"https:\/\/dicodusport.fr\/blog\/wp-content\/uploads\/2021\/05\/Ligue-1-Transferts-Quel-mercato-pour-le-RC-Lens.png\",\"datePublished\":\"2021-05-31T07:03:39+00:00\",\"dateModified\":\"2021-06-01T22:47:45+00:00\",\"description\":\"La saison 2020-2021 \u00e9tant proche de rendre son verdict, les clubs peuvent plancher sur la prochaine. \u00c0 quoi ressemblera le mercato du RC Lens ?\",\"breadcrumb\":{\"@id\":\"https:\/\/dicodusport.fr\/blog\/ligue-1-transferts-quel-mercato-pour-le-rc-lens\/#breadcrumb\"},\"inLanguage\":\"fr-FR\",\"potentialAction\":[{\"@type\":\"ReadAction\",\"target\":[\"https:\/\/dicodusport.fr\/blog\/ligue-1-transferts-quel-mercato-pour-le-rc-lens\/\"]}]},{\"@type\":\"ImageObject\",\"inLanguage\":\"fr-FR\",\"@id\":\"https:\/\/dicodusport.fr\/blog\/ligue-1-transferts-quel-mercato-pour-le-rc-lens\/#primaryimage\",\"url\":\"https:\/\/dicodusport.fr\/blog\/wp-content\/uploads\/2021\/05\/Ligue-1-Transferts-Quel-mercato-pour-le-RC-Lens.png\",\"contentUrl\":\"https:\/\/dicodusport.fr\/blog\/wp-content\/uploads\/2021\/05\/Ligue-1-Transferts-Quel-mercato-pour-le-RC-Lens.png\",\"width\":800,\"height\":445,\"caption\":\"Ligue 1 - Transferts - Quel mercato pour le RC Lens\"},{\"@type\":\"BreadcrumbList\",\"@id\":\"https:\/\/dicodusport.fr\/blog\/ligue-1-transferts-quel-mercato-pour-le-rc-lens\/#breadcrumb\",\"itemListElement\":[{\"@type\":\"ListItem\",\"position\":1,\"name\":\"Accueil\",\"item\":\"https:\/\/dicodusport.fr\/blog\/\"},{\"@type\":\"ListItem\",\"position\":2,\"name\":\"Ligue 1 &#8211; Transferts : quel mercato pour le RC Lens ?\"}]},{\"@type\":\"WebSite\",\"@id\":\"https:\/\/dicodusport.fr\/blog\/#website\",\"url\":\"https:\/\/dicodusport.fr\/blog\/\",\"name\":\"Dicodusport\",\"description\":\"L&#039;encyclop\u00e9die de l&#039;actualit\u00e9 sportive\",\"publisher\":{\"@id\":\"https:\/\/dicodusport.fr\/blog\/#organization\"},\"potentialAction\":[{\"@type\":\"SearchAction\",\"target\":{\"@type\":\"EntryPoint\",\"urlTemplate\":\"https:\/\/dicodusport.fr\/blog\/?s={search_term_string}\"},\"query-input\":{\"@type\":\"PropertyValueSpecification\",\"valueRequired\":true,\"valueName\":\"search_term_string\"}}],\"inLanguage\":\"fr-FR\"},{\"@type\":\"NewsMediaOrganization\",\"@id\":\"https:\/\/dicodusport.fr\/blog\/#organization\",\"name\":\"Dicodusport\",\"url\":\"https:\/\/dicodusport.fr\/blog\/\",\"logo\":{\"@type\":\"ImageObject\",\"inLanguage\":\"fr-FR\",\"@id\":\"https:\/\/dicodusport.fr\/blog\/#\/schema\/logo\/image\/\",\"url\":\"https:\/\/dicodusport.fr\/blog\/wp-content\/uploads\/2020\/06\/cropped-LOGO-DICODUSPORT-2020-SANS-FOND-SANS-TEXTE.png\",\"contentUrl\":\"https:\/\/dicodusport.fr\/blog\/wp-content\/uploads\/2020\/06\/cropped-LOGO-DICODUSPORT-2020-SANS-FOND-SANS-TEXTE.png\",\"width\":512,\"height\":512,\"caption\":\"Dicodusport\"},\"image\":{\"@id\":\"https:\/\/dicodusport.fr\/blog\/#\/schema\/logo\/image\/\"},\"sameAs\":[\"https:\/\/www.facebook.com\/dicodusport\",\"https:\/\/x.com\/dicodusport\",\"https:\/\/www.instagram.com\/dicodusport\/\",\"https:\/\/www.youtube.com\/channel\/UC7V2KZ5sd3htJivAbA4ZG3w\"],\"description\":\"Dicodusport est l'encyclop\u00e9die de l'actualit\u00e9 sportive.\",\"email\":\"bonjour@dicodusport.fr\",\"legalName\":\"DICODUSPORT\",\"foundingDate\":\"2018-01-14\",\"vatID\":\"FR71834470973\",\"taxID\":\"83447097300043\",\"numberOfEmployees\":{\"@type\":\"QuantitativeValue\",\"minValue\":\"1\",\"maxValue\":\"10\"}},{\"@type\":\"Person\",\"@id\":\"https:\/\/dicodusport.fr\/blog\/#\/schema\/person\/f3797823174b5e2975b9efe0302f16f4\",\"name\":\"Idriss Ahamada\",\"image\":{\"@type\":\"ImageObject\",\"inLanguage\":\"fr-FR\",\"@id\":\"https:\/\/dicodusport.fr\/blog\/#\/schema\/person\/image\/\",\"url\":\"https:\/\/dicodusport.fr\/blog\/wp-content\/uploads\/2021\/04\/Maillot-Idriss-Dicodusport-150x150.png\",\"contentUrl\":\"https:\/\/dicodusport.fr\/blog\/wp-content\/uploads\/2021\/04\/Maillot-Idriss-Dicodusport-150x150.png\",\"caption\":\"Idriss Ahamada\"},\"description\":\"Passionn\u00e9 de sport depuis toujours, c\u2019est tout naturellement qu\u2019apr\u00e8s avoir compris que je n\u2019avais pas le niveau pour jouer \u00e0 Manchester United, et pas la force n\u00e9cessaire pour combattre \u00e0 l\u2019UFC que je me suis tourn\u00e9 vers le journalisme pour raconter les exploits et les histoires de ceux qui en sont capables. Le football, surtout quand il est jou\u00e9 en Angleterre, reste mon premier amour. Mais j\u2019aime aussi veiller la nuit pour vous parler de KO et de victoires unanimes \u00e0 l\u2019UFC ou sur les rings de boxe. Mon c\u00f4t\u00e9 fan de Wayne Rooney m\u2019a \u00e9galement pouss\u00e9 \u00e0 devenir polyvalent et \u00e0 parler aussi de rugby (\u00e0 XIII comme \u00e0 XV) et occasionnellement de cyclisme. C\u2019est donc logiquement que j\u2019ai rejoint Dicodusport, pour pouvoir parler de l\u2019actualit\u00e9, sur tous les terrains.\",\"sameAs\":[\"https:\/\/x.com\/https:\/\/twitter.com\/idriss_ia7\"],\"url\":\"https:\/\/dicodusport.fr\/blog\/author\/idriss\/\"}]}<\/script>\n<!-- \/ Yoast SEO Premium plugin. -->","yoast_head_json":{"title":"Ligue 1 - Transferts : quel mercato pour le RC Lens ?","description":"La saison 2020-2021 \u00e9tant proche de rendre son verdict, les clubs peuvent plancher sur la prochaine. \u00c0 quoi ressemblera le mercato du RC Lens ?","robots":{"index":"index","follow":"follow","max-snippet":"max-snippet:-1","max-image-preview":"max-image-preview:large","max-video-preview":"max-video-preview:-1"},"canonical":"https:\/\/dicodusport.fr\/blog\/ligue-1-transferts-quel-mercato-pour-le-rc-lens\/","og_locale":"fr_FR","og_type":"article","og_title":"Ligue 1 - Transferts : quel mercato pour le RC Lens ?","og_description":"La saison 2020-2021 \u00e9tant proche de rendre son verdict, les clubs peuvent plancher sur la prochaine. \u00c0 quoi ressemblera le mercato du RC Lens ?","og_url":"https:\/\/dicodusport.fr\/blog\/ligue-1-transferts-quel-mercato-pour-le-rc-lens\/","og_site_name":"Dicodusport","article_publisher":"https:\/\/www.facebook.com\/dicodusport","article_published_time":"2021-05-31T07:03:39+00:00","article_modified_time":"2021-06-01T22:47:45+00:00","og_image":[{"width":800,"height":445,"url":"https:\/\/dicodusport.fr\/blog\/wp-content\/uploads\/2021\/05\/Ligue-1-Transferts-Quel-mercato-pour-le-RC-Lens.png","type":"image\/png"}],"author":"Idriss Ahamada","twitter_card":"summary_large_image","twitter_title":"Ligue 1 - Transferts : quel mercato pour le RC Lens ?","twitter_creator":"@https:\/\/twitter.com\/idriss_ia7","twitter_site":"@dicodusport","schema":{"@context":"https:\/\/schema.org","@graph":[{"@type":"NewsArticle","@id":"https:\/\/dicodusport.fr\/blog\/ligue-1-transferts-quel-mercato-pour-le-rc-lens\/#article","isPartOf":{"@id":"https:\/\/dicodusport.fr\/blog\/ligue-1-transferts-quel-mercato-pour-le-rc-lens\/"},"author":{"name":"Idriss Ahamada","@id":"https:\/\/dicodusport.fr\/blog\/#\/schema\/person\/f3797823174b5e2975b9efe0302f16f4"},"headline":"Ligue 1 &#8211; Transferts : quel mercato pour le RC Lens ?","datePublished":"2021-05-31T07:03:39+00:00","dateModified":"2021-06-01T22:47:45+00:00","mainEntityOfPage":{"@id":"https:\/\/dicodusport.fr\/blog\/ligue-1-transferts-quel-mercato-pour-le-rc-lens\/"},"wordCount":520,"commentCount":0,"publisher":{"@id":"https:\/\/dicodusport.fr\/blog\/#organization"},"image":{"@id":"https:\/\/dicodusport.fr\/blog\/ligue-1-transferts-quel-mercato-pour-le-rc-lens\/#primaryimage"},"thumbnailUrl":"https:\/\/dicodusport.fr\/blog\/wp-content\/uploads\/2021\/05\/Ligue-1-Transferts-Quel-mercato-pour-le-RC-Lens.png","keywords":["Football","Ligue 1","Mercato","RC Lens"],"articleSection":["Football"],"inLanguage":"fr-FR","potentialAction":[{"@type":"CommentAction","name":"Comment","target":["https:\/\/dicodusport.fr\/blog\/ligue-1-transferts-quel-mercato-pour-le-rc-lens\/#respond"]}],"copyrightYear":"2021","copyrightHolder":{"@id":"https:\/\/dicodusport.fr\/blog\/#organization"}},{"@type":"WebPage","@id":"https:\/\/dicodusport.fr\/blog\/ligue-1-transferts-quel-mercato-pour-le-rc-lens\/","url":"https:\/\/dicodusport.fr\/blog\/ligue-1-transferts-quel-mercato-pour-le-rc-lens\/","name":"Ligue 1 - Transferts : quel mercato pour le RC Lens ?","isPartOf":{"@id":"https:\/\/dicodusport.fr\/blog\/#website"},"primaryImageOfPage":{"@id":"https:\/\/dicodusport.fr\/blog\/ligue-1-transferts-quel-mercato-pour-le-rc-lens\/#primaryimage"},"image":{"@id":"https:\/\/dicodusport.fr\/blog\/ligue-1-transferts-quel-mercato-pour-le-rc-lens\/#primaryimage"},"thumbnailUrl":"https:\/\/dicodusport.fr\/blog\/wp-content\/uploads\/2021\/05\/Ligue-1-Transferts-Quel-mercato-pour-le-RC-Lens.png","datePublished":"2021-05-31T07:03:39+00:00","dateModified":"2021-06-01T22:47:45+00:00","description":"La saison 2020-2021 \u00e9tant proche de rendre son verdict, les clubs peuvent plancher sur la prochaine. \u00c0 quoi ressemblera le mercato du RC Lens ?","breadcrumb":{"@id":"https:\/\/dicodusport.fr\/blog\/ligue-1-transferts-quel-mercato-pour-le-rc-lens\/#breadcrumb"},"inLanguage":"fr-FR","potentialAction":[{"@type":"ReadAction","target":["https:\/\/dicodusport.fr\/blog\/ligue-1-transferts-quel-mercato-pour-le-rc-lens\/"]}]},{"@type":"ImageObject","inLanguage":"fr-FR","@id":"https:\/\/dicodusport.fr\/blog\/ligue-1-transferts-quel-mercato-pour-le-rc-lens\/#primaryimage","url":"https:\/\/dicodusport.fr\/blog\/wp-content\/uploads\/2021\/05\/Ligue-1-Transferts-Quel-mercato-pour-le-RC-Lens.png","contentUrl":"https:\/\/dicodusport.fr\/blog\/wp-content\/uploads\/2021\/05\/Ligue-1-Transferts-Quel-mercato-pour-le-RC-Lens.png","width":800,"height":445,"caption":"Ligue 1 - Transferts - Quel mercato pour le RC Lens"},{"@type":"BreadcrumbList","@id":"https:\/\/dicodusport.fr\/blog\/ligue-1-transferts-quel-mercato-pour-le-rc-lens\/#breadcrumb","itemListElement":[{"@type":"ListItem","position":1,"name":"Accueil","item":"https:\/\/dicodusport.fr\/blog\/"},{"@type":"ListItem","position":2,"name":"Ligue 1 &#8211; Transferts : quel mercato pour le RC Lens ?"}]},{"@type":"WebSite","@id":"https:\/\/dicodusport.fr\/blog\/#website","url":"https:\/\/dicodusport.fr\/blog\/","name":"Dicodusport","description":"L&#039;encyclop\u00e9die de l&#039;actualit\u00e9 sportive","publisher":{"@id":"https:\/\/dicodusport.fr\/blog\/#organization"},"potentialAction":[{"@type":"SearchAction","target":{"@type":"EntryPoint","urlTemplate":"https:\/\/dicodusport.fr\/blog\/?s={search_term_string}"},"query-input":{"@type":"PropertyValueSpecification","valueRequired":true,"valueName":"search_term_string"}}],"inLanguage":"fr-FR"},{"@type":"NewsMediaOrganization","@id":"https:\/\/dicodusport.fr\/blog\/#organization","name":"Dicodusport","url":"https:\/\/dicodusport.fr\/blog\/","logo":{"@type":"ImageObject","inLanguage":"fr-FR","@id":"https:\/\/dicodusport.fr\/blog\/#\/schema\/logo\/image\/","url":"https:\/\/dicodusport.fr\/blog\/wp-content\/uploads\/2020\/06\/cropped-LOGO-DICODUSPORT-2020-SANS-FOND-SANS-TEXTE.png","contentUrl":"https:\/\/dicodusport.fr\/blog\/wp-content\/uploads\/2020\/06\/cropped-LOGO-DICODUSPORT-2020-SANS-FOND-SANS-TEXTE.png","width":512,"height":512,"caption":"Dicodusport"},"image":{"@id":"https:\/\/dicodusport.fr\/blog\/#\/schema\/logo\/image\/"},"sameAs":["https:\/\/www.facebook.com\/dicodusport","https:\/\/x.com\/dicodusport","https:\/\/www.instagram.com\/dicodusport\/","https:\/\/www.youtube.com\/channel\/UC7V2KZ5sd3htJivAbA4ZG3w"],"description":"Dicodusport est l'encyclop\u00e9die de l'actualit\u00e9 sportive.","email":"bonjour@dicodusport.fr","legalName":"DICODUSPORT","foundingDate":"2018-01-14","vatID":"FR71834470973","taxID":"83447097300043","numberOfEmployees":{"@type":"QuantitativeValue","minValue":"1","maxValue":"10"}},{"@type":"Person","@id":"https:\/\/dicodusport.fr\/blog\/#\/schema\/person\/f3797823174b5e2975b9efe0302f16f4","name":"Idriss Ahamada","image":{"@type":"ImageObject","inLanguage":"fr-FR","@id":"https:\/\/dicodusport.fr\/blog\/#\/schema\/person\/image\/","url":"https:\/\/dicodusport.fr\/blog\/wp-content\/uploads\/2021\/04\/Maillot-Idriss-Dicodusport-150x150.png","contentUrl":"https:\/\/dicodusport.fr\/blog\/wp-content\/uploads\/2021\/04\/Maillot-Idriss-Dicodusport-150x150.png","caption":"Idriss Ahamada"},"description":"Passionn\u00e9 de sport depuis toujours, c\u2019est tout naturellement qu\u2019apr\u00e8s avoir compris que je n\u2019avais pas le niveau pour jouer \u00e0 Manchester United, et pas la force n\u00e9cessaire pour combattre \u00e0 l\u2019UFC que je me suis tourn\u00e9 vers le journalisme pour raconter les exploits et les histoires de ceux qui en sont capables. Le football, surtout quand il est jou\u00e9 en Angleterre, reste mon premier amour. Mais j\u2019aime aussi veiller la nuit pour vous parler de KO et de victoires unanimes \u00e0 l\u2019UFC ou sur les rings de boxe. Mon c\u00f4t\u00e9 fan de Wayne Rooney m\u2019a \u00e9galement pouss\u00e9 \u00e0 devenir polyvalent et \u00e0 parler aussi de rugby (\u00e0 XIII comme \u00e0 XV) et occasionnellement de cyclisme. C\u2019est donc logiquement que j\u2019ai rejoint Dicodusport, pour pouvoir parler de l\u2019actualit\u00e9, sur tous les terrains.","sameAs":["https:\/\/x.com\/https:\/\/twitter.com\/idriss_ia7"],"url":"https:\/\/dicodusport.fr\/blog\/author\/idriss\/"}]}},"_links":{"self":[{"href":"https:\/\/dicodusport.fr\/blog\/wp-json\/wp\/v2\/posts\/128738","targetHints":{"allow":["GET"]}}],"collection":[{"href":"https:\/\/dicodusport.fr\/blog\/wp-json\/wp\/v2\/posts"}],"about":[{"href":"https:\/\/dicodusport.fr\/blog\/wp-json\/wp\/v2\/types\/post"}],"author":[{"embeddable":true,"href":"https:\/\/dicodusport.fr\/blog\/wp-json\/wp\/v2\/users\/39"}],"replies":[{"embeddable":true,"href":"https:\/\/dicodusport.fr\/blog\/wp-json\/wp\/v2\/comments?post=128738"}],"version-history":[{"count":0,"href":"https:\/\/dicodusport.fr\/blog\/wp-json\/wp\/v2\/posts\/128738\/revisions"}],"wp:featuredmedia":[{"embeddable":true,"href":"https:\/\/dicodusport.fr\/blog\/wp-json\/wp\/v2\/media\/128788"}],"wp:attachment":[{"href":"https:\/\/dicodusport.fr\/blog\/wp-json\/wp\/v2\/media?parent=128738"}],"wp:term":[{"taxonomy":"category","embeddable":true,"href":"https:\/\/dicodusport.fr\/blog\/wp-json\/wp\/v2\/categories?post=128738"},{"taxonomy":"post_tag","embeddable":true,"href":"https:\/\/dicodusport.fr\/blog\/wp-json\/wp\/v2\/tags?post=128738"}],"curies":[{"name":"wp","href":"https:\/\/api.w.org\/{rel}","templated":true}]}}