{"id":128794,"date":"2021-05-12T08:00:16","date_gmt":"2021-05-12T06:00:16","guid":{"rendered":"https:\/\/dicodusport.fr\/blog\/?p=128794"},"modified":"2021-05-12T09:17:11","modified_gmt":"2021-05-12T07:17:11","slug":"12-mai-2004-malia-metella-sur-le-toit-de-l-europe","status":"publish","type":"post","link":"https:\/\/dicodusport.fr\/blog\/12-mai-2004-malia-metella-sur-le-toit-de-l-europe\/","title":{"rendered":"12 mai 2004 : Malia Metella sur le toit de l&rsquo;Europe"},"content":{"rendered":"<p style=\"text-align: justify;\"><em><strong><a href=\"https:\/\/dicodusport.fr\/definition-sport\/natation\/\">NATATION<\/a> &#8211; Le 10 mai 2004, Malia Metella d\u00e9marrait parfaitement les Championnats d\u2019Europe de natation en s\u2019imposant avec ses co\u00e9quipi\u00e8res tricolores sur le 4&#215;100 m nage libre. Deux jours plus tard, la voil\u00e0 pr\u00eate \u00e0 s\u2019\u00e9lancer individuellement sur le 100 m nage libre.<\/strong> <\/em><\/p>\n<h2 style=\"text-align: justify;\">\u00c7a s&rsquo;est pass\u00e9 le 12 mai 2004<\/h2>\n<p style=\"text-align: justify;\">A l\u2019approche des Jeux, il essentiel pour la nageuse fran\u00e7aise d\u2019engranger de la confiance, de savoir o\u00f9 elle en est. Et autant dire qu\u2019\u00e0 l\u2019approche des JO, elle est bien. Apr\u00e8s l\u2019or en \u00e9quipes quelques jours auparavant, <strong>Malia Metella<\/strong> est all\u00e9e chercher sa seconde breloque dor\u00e9e de ces Championnats en Espagne. Avec un temps de 54 s 46, elle devance ainsi de quatre dixi\u00e8mes la N\u00e9erlandaise Marleen Veldhuis, de six la Grecque Niangkouara. Jamais deux sans trois, la Guyanaise r\u00e9cup\u00e8re un troisi\u00e8me sacre continental le 16 mai sur le relais 4x 100 m 4 nages. Entre-temps, elle s\u2019est aussi octroy\u00e9e l\u2019argent sur le 100 m papillon. Des championnats rondement men\u00e9s donc pour Malia Metella qui peut se focaliser sur Ath\u00e8nes.<\/p>\n<div id=\"attachment_128796\" style=\"width: 604px\" class=\"wp-caption aligncenter\"><a href=\"https:\/\/dicodusport.fr\/blog\/wp-content\/uploads\/2021\/05\/Malia-Metella.jpg\"><img loading=\"lazy\" decoding=\"async\" aria-describedby=\"caption-attachment-128796\" class=\"wp-image-128796 size-full\" src=\"https:\/\/dicodusport.fr\/blog\/wp-content\/uploads\/2021\/05\/Malia-Metella.jpg\" alt=\"\" width=\"594\" height=\"392\" srcset=\"https:\/\/dicodusport.fr\/blog\/wp-content\/uploads\/2021\/05\/Malia-Metella.jpg 594w, https:\/\/dicodusport.fr\/blog\/wp-content\/uploads\/2021\/05\/Malia-Metella-300x198.jpg 300w\" sizes=\"auto, (max-width: 594px) 100vw, 594px\" \/><\/a><p id=\"caption-attachment-128796\" class=\"wp-caption-text\">\u00a9Culture Sport<\/p><\/div>\n<p style=\"text-align: justify;\"><strong>Info\u00a0<\/strong>: Aux Jeux 2004, elle termine vice-championne olympique du 50 m nage libre. L\u2019ann\u00e9e suivante, c\u2019est lors des Mondiaux qu\u2019elle prend l\u2019argent, mais sur 100 m nage libre cette fois.<\/p>\n","protected":false},"excerpt":{"rendered":"<p>Le 12 mai 2004, Malia Metella remportait une deuxi\u00e8me m\u00e9daille d&rsquo;or pendant les Championnats d&rsquo;Europe de natation. Jamais deux sans trois&#8230;<\/p>\n","protected":false},"author":18,"featured_media":128917,"comment_status":"open","ping_status":"closed","sticky":false,"template":"","format":"standard","meta":{"_acf_changed":false,"_daextam_enable_autolinks":"","footnotes":""},"categories":[8,2306],"tags":[1398],"class_list":["post-128794","post","type-post","status-publish","format-standard","has-post-thumbnail","hentry","category-histoire","category-natation","tag-sport-feminin"],"acf":[],"yoast_head":"<!-- This site is optimized with the Yoast SEO Premium plugin v26.7 (Yoast SEO v26.7) - https:\/\/yoast.com\/wordpress\/plugins\/seo\/ -->\n<title>12 mai 2004 : Malia Metella sur le toit de l&#039;Europe<\/title>\n<meta name=\"description\" content=\"Le 12 mai 2004, Malia Metella remportait une deuxi\u00e8me m\u00e9daille d&#039;or pendant les Championnats d&#039;Europe de natation. Jamais deux sans trois...\" \/>\n<meta name=\"robots\" content=\"index, follow, max-snippet:-1, max-image-preview:large, max-video-preview:-1\" \/>\n<link rel=\"canonical\" href=\"https:\/\/dicodusport.fr\/blog\/12-mai-2004-malia-metella-sur-le-toit-de-l-europe\/\" \/>\n<meta property=\"og:locale\" content=\"fr_FR\" \/>\n<meta property=\"og:type\" content=\"article\" \/>\n<meta property=\"og:title\" content=\"12 mai 2004 : Malia Metella sur le toit de l&#039;Europe\" \/>\n<meta property=\"og:description\" content=\"Le 12 mai 2004, Malia Metella remportait une deuxi\u00e8me m\u00e9daille d&#039;or pendant les Championnats d&#039;Europe de natation. Jamais deux sans trois...\" \/>\n<meta property=\"og:url\" content=\"https:\/\/dicodusport.fr\/blog\/12-mai-2004-malia-metella-sur-le-toit-de-l-europe\/\" \/>\n<meta property=\"og:site_name\" content=\"Dicodusport\" \/>\n<meta property=\"article:publisher\" content=\"https:\/\/www.facebook.com\/dicodusport\" \/>\n<meta property=\"article:author\" content=\"https:\/\/www.facebook.com\/soocube\" \/>\n<meta property=\"article:published_time\" content=\"2021-05-12T06:00:16+00:00\" \/>\n<meta property=\"article:modified_time\" content=\"2021-05-12T07:17:11+00:00\" \/>\n<meta property=\"og:image\" content=\"https:\/\/dicodusport.fr\/blog\/wp-content\/uploads\/2021\/05\/12-mai-2004-Malia-Metella-sur-le-toit-de-lEurope.png\" \/>\n\t<meta property=\"og:image:width\" content=\"800\" \/>\n\t<meta property=\"og:image:height\" content=\"445\" \/>\n\t<meta property=\"og:image:type\" content=\"image\/png\" \/>\n<meta name=\"author\" content=\"Sophie Clapier\" \/>\n<meta name=\"twitter:card\" content=\"summary_large_image\" \/>\n<meta name=\"twitter:title\" content=\"12 mai 2004 : Malia Metella sur le toit de l&#039;Europe\" \/>\n<meta name=\"twitter:creator\" content=\"@https:\/\/twitter.com\/soocube\" \/>\n<meta name=\"twitter:site\" content=\"@dicodusport\" \/>\n<script type=\"application\/ld+json\" class=\"yoast-schema-graph\">{\"@context\":\"https:\/\/schema.org\",\"@graph\":[{\"@type\":\"NewsArticle\",\"@id\":\"https:\/\/dicodusport.fr\/blog\/12-mai-2004-malia-metella-sur-le-toit-de-l-europe\/#article\",\"isPartOf\":{\"@id\":\"https:\/\/dicodusport.fr\/blog\/12-mai-2004-malia-metella-sur-le-toit-de-l-europe\/\"},\"author\":{\"name\":\"Sophie Clapier\",\"@id\":\"https:\/\/dicodusport.fr\/blog\/#\/schema\/person\/416c975648aca9da8839bdfe333a21c9\"},\"headline\":\"12 mai 2004 : Malia Metella sur le toit de l&rsquo;Europe\",\"datePublished\":\"2021-05-12T06:00:16+00:00\",\"dateModified\":\"2021-05-12T07:17:11+00:00\",\"mainEntityOfPage\":{\"@id\":\"https:\/\/dicodusport.fr\/blog\/12-mai-2004-malia-metella-sur-le-toit-de-l-europe\/\"},\"wordCount\":234,\"commentCount\":0,\"publisher\":{\"@id\":\"https:\/\/dicodusport.fr\/blog\/#organization\"},\"image\":{\"@id\":\"https:\/\/dicodusport.fr\/blog\/12-mai-2004-malia-metella-sur-le-toit-de-l-europe\/#primaryimage\"},\"thumbnailUrl\":\"https:\/\/dicodusport.fr\/blog\/wp-content\/uploads\/2021\/05\/12-mai-2004-Malia-Metella-sur-le-toit-de-lEurope.png\",\"keywords\":[\"sport f\u00e9minin\"],\"articleSection\":[\"Histoire\",\"Natation\"],\"inLanguage\":\"fr-FR\",\"potentialAction\":[{\"@type\":\"CommentAction\",\"name\":\"Comment\",\"target\":[\"https:\/\/dicodusport.fr\/blog\/12-mai-2004-malia-metella-sur-le-toit-de-l-europe\/#respond\"]}],\"copyrightYear\":\"2021\",\"copyrightHolder\":{\"@id\":\"https:\/\/dicodusport.fr\/blog\/#organization\"}},{\"@type\":\"WebPage\",\"@id\":\"https:\/\/dicodusport.fr\/blog\/12-mai-2004-malia-metella-sur-le-toit-de-l-europe\/\",\"url\":\"https:\/\/dicodusport.fr\/blog\/12-mai-2004-malia-metella-sur-le-toit-de-l-europe\/\",\"name\":\"12 mai 2004 : Malia Metella sur le toit de l'Europe\",\"isPartOf\":{\"@id\":\"https:\/\/dicodusport.fr\/blog\/#website\"},\"primaryImageOfPage\":{\"@id\":\"https:\/\/dicodusport.fr\/blog\/12-mai-2004-malia-metella-sur-le-toit-de-l-europe\/#primaryimage\"},\"image\":{\"@id\":\"https:\/\/dicodusport.fr\/blog\/12-mai-2004-malia-metella-sur-le-toit-de-l-europe\/#primaryimage\"},\"thumbnailUrl\":\"https:\/\/dicodusport.fr\/blog\/wp-content\/uploads\/2021\/05\/12-mai-2004-Malia-Metella-sur-le-toit-de-lEurope.png\",\"datePublished\":\"2021-05-12T06:00:16+00:00\",\"dateModified\":\"2021-05-12T07:17:11+00:00\",\"description\":\"Le 12 mai 2004, Malia Metella remportait une deuxi\u00e8me m\u00e9daille d'or pendant les Championnats d'Europe de natation. Jamais deux sans trois...\",\"breadcrumb\":{\"@id\":\"https:\/\/dicodusport.fr\/blog\/12-mai-2004-malia-metella-sur-le-toit-de-l-europe\/#breadcrumb\"},\"inLanguage\":\"fr-FR\",\"potentialAction\":[{\"@type\":\"ReadAction\",\"target\":[\"https:\/\/dicodusport.fr\/blog\/12-mai-2004-malia-metella-sur-le-toit-de-l-europe\/\"]}]},{\"@type\":\"ImageObject\",\"inLanguage\":\"fr-FR\",\"@id\":\"https:\/\/dicodusport.fr\/blog\/12-mai-2004-malia-metella-sur-le-toit-de-l-europe\/#primaryimage\",\"url\":\"https:\/\/dicodusport.fr\/blog\/wp-content\/uploads\/2021\/05\/12-mai-2004-Malia-Metella-sur-le-toit-de-lEurope.png\",\"contentUrl\":\"https:\/\/dicodusport.fr\/blog\/wp-content\/uploads\/2021\/05\/12-mai-2004-Malia-Metella-sur-le-toit-de-lEurope.png\",\"width\":800,\"height\":445,\"caption\":\"12 mai 2004 - Malia Metella sur le toit de l'Europe\"},{\"@type\":\"BreadcrumbList\",\"@id\":\"https:\/\/dicodusport.fr\/blog\/12-mai-2004-malia-metella-sur-le-toit-de-l-europe\/#breadcrumb\",\"itemListElement\":[{\"@type\":\"ListItem\",\"position\":1,\"name\":\"Accueil\",\"item\":\"https:\/\/dicodusport.fr\/blog\/\"},{\"@type\":\"ListItem\",\"position\":2,\"name\":\"12 mai 2004 : Malia Metella sur le toit de l&rsquo;Europe\"}]},{\"@type\":\"WebSite\",\"@id\":\"https:\/\/dicodusport.fr\/blog\/#website\",\"url\":\"https:\/\/dicodusport.fr\/blog\/\",\"name\":\"Dicodusport\",\"description\":\"L&#039;encyclop\u00e9die de l&#039;actualit\u00e9 sportive\",\"publisher\":{\"@id\":\"https:\/\/dicodusport.fr\/blog\/#organization\"},\"potentialAction\":[{\"@type\":\"SearchAction\",\"target\":{\"@type\":\"EntryPoint\",\"urlTemplate\":\"https:\/\/dicodusport.fr\/blog\/?s={search_term_string}\"},\"query-input\":{\"@type\":\"PropertyValueSpecification\",\"valueRequired\":true,\"valueName\":\"search_term_string\"}}],\"inLanguage\":\"fr-FR\"},{\"@type\":\"NewsMediaOrganization\",\"@id\":\"https:\/\/dicodusport.fr\/blog\/#organization\",\"name\":\"Dicodusport\",\"url\":\"https:\/\/dicodusport.fr\/blog\/\",\"logo\":{\"@type\":\"ImageObject\",\"inLanguage\":\"fr-FR\",\"@id\":\"https:\/\/dicodusport.fr\/blog\/#\/schema\/logo\/image\/\",\"url\":\"https:\/\/dicodusport.fr\/blog\/wp-content\/uploads\/2020\/06\/cropped-LOGO-DICODUSPORT-2020-SANS-FOND-SANS-TEXTE.png\",\"contentUrl\":\"https:\/\/dicodusport.fr\/blog\/wp-content\/uploads\/2020\/06\/cropped-LOGO-DICODUSPORT-2020-SANS-FOND-SANS-TEXTE.png\",\"width\":512,\"height\":512,\"caption\":\"Dicodusport\"},\"image\":{\"@id\":\"https:\/\/dicodusport.fr\/blog\/#\/schema\/logo\/image\/\"},\"sameAs\":[\"https:\/\/www.facebook.com\/dicodusport\",\"https:\/\/x.com\/dicodusport\",\"https:\/\/www.instagram.com\/dicodusport\/\",\"https:\/\/www.youtube.com\/channel\/UC7V2KZ5sd3htJivAbA4ZG3w\"],\"description\":\"Dicodusport est l'encyclop\u00e9die de l'actualit\u00e9 sportive.\",\"email\":\"bonjour@dicodusport.fr\",\"legalName\":\"DICODUSPORT\",\"foundingDate\":\"2018-01-14\",\"vatID\":\"FR71834470973\",\"taxID\":\"83447097300043\",\"numberOfEmployees\":{\"@type\":\"QuantitativeValue\",\"minValue\":\"1\",\"maxValue\":\"10\"}},{\"@type\":\"Person\",\"@id\":\"https:\/\/dicodusport.fr\/blog\/#\/schema\/person\/416c975648aca9da8839bdfe333a21c9\",\"name\":\"Sophie Clapier\",\"image\":{\"@type\":\"ImageObject\",\"inLanguage\":\"fr-FR\",\"@id\":\"https:\/\/dicodusport.fr\/blog\/#\/schema\/person\/image\/\",\"url\":\"https:\/\/dicodusport.fr\/blog\/wp-content\/uploads\/2021\/05\/Sophie-Clapier-150x150.jpg\",\"contentUrl\":\"https:\/\/dicodusport.fr\/blog\/wp-content\/uploads\/2021\/05\/Sophie-Clapier-150x150.jpg\",\"caption\":\"Sophie Clapier\"},\"description\":\"Journaliste\/r\u00e9dactrice depuis janvier 2016 - Passionn\u00e9e de sport depuis toujours, j\u2019en ai pratiqu\u00e9 quelques-uns. Judo, football, handball ou encore tennis, je n\u2019ai jamais pu me mettre d\u2019accord sur un en particulier. Mais \u00e7a, c\u2019\u00e9tait avant de d\u00e9couvrir le basket, devenu mon sport de pr\u00e9dilection. Les actions NBA, le All-Star Week-end, la fureur des Game 7 pendant les playoffs ou mieux, lors des Finals, this is why we play. Team Spurs T.P, je m\u2019accroche encore \u00e0 Gregg Popovich (don\u2019t leave !). Team chef Curry, je souhaite qu\u2019il finisse aux Warriors (staaaay !). Non, il n\u2019y a pas qu\u2019eux, des petits nouveaux -et des petites nouvelles \u00e9videmment- arrivent chaque jour dans toutes les disciplines et cr\u00e9ent de nouveaux exploits. Alors pour les grands \u00e9v\u00e9nements et comp\u00e9titions internationales, vive les pulsations 240\/minutes et le d\u00e9fibrillateur pas loin, et allez les Bleu(e)s ! C\u2019est s\u00fbr, j\u2019aurai plus vu ma vie sur un terrain de sport, mais \u00e0 d\u00e9faut d\u2019en faire en haut niveau, je le partage avec vous.\",\"sameAs\":[\"https:\/\/www.facebook.com\/soocube\",\"https:\/\/x.com\/https:\/\/twitter.com\/soocube\",\"admin\"],\"url\":\"https:\/\/dicodusport.fr\/blog\/author\/sophie\/\"}]}<\/script>\n<!-- \/ Yoast SEO Premium plugin. -->","yoast_head_json":{"title":"12 mai 2004 : Malia Metella sur le toit de l'Europe","description":"Le 12 mai 2004, Malia Metella remportait une deuxi\u00e8me m\u00e9daille d'or pendant les Championnats d'Europe de natation. Jamais deux sans trois...","robots":{"index":"index","follow":"follow","max-snippet":"max-snippet:-1","max-image-preview":"max-image-preview:large","max-video-preview":"max-video-preview:-1"},"canonical":"https:\/\/dicodusport.fr\/blog\/12-mai-2004-malia-metella-sur-le-toit-de-l-europe\/","og_locale":"fr_FR","og_type":"article","og_title":"12 mai 2004 : Malia Metella sur le toit de l'Europe","og_description":"Le 12 mai 2004, Malia Metella remportait une deuxi\u00e8me m\u00e9daille d'or pendant les Championnats d'Europe de natation. Jamais deux sans trois...","og_url":"https:\/\/dicodusport.fr\/blog\/12-mai-2004-malia-metella-sur-le-toit-de-l-europe\/","og_site_name":"Dicodusport","article_publisher":"https:\/\/www.facebook.com\/dicodusport","article_author":"https:\/\/www.facebook.com\/soocube","article_published_time":"2021-05-12T06:00:16+00:00","article_modified_time":"2021-05-12T07:17:11+00:00","og_image":[{"width":800,"height":445,"url":"https:\/\/dicodusport.fr\/blog\/wp-content\/uploads\/2021\/05\/12-mai-2004-Malia-Metella-sur-le-toit-de-lEurope.png","type":"image\/png"}],"author":"Sophie Clapier","twitter_card":"summary_large_image","twitter_title":"12 mai 2004 : Malia Metella sur le toit de l'Europe","twitter_creator":"@https:\/\/twitter.com\/soocube","twitter_site":"@dicodusport","schema":{"@context":"https:\/\/schema.org","@graph":[{"@type":"NewsArticle","@id":"https:\/\/dicodusport.fr\/blog\/12-mai-2004-malia-metella-sur-le-toit-de-l-europe\/#article","isPartOf":{"@id":"https:\/\/dicodusport.fr\/blog\/12-mai-2004-malia-metella-sur-le-toit-de-l-europe\/"},"author":{"name":"Sophie Clapier","@id":"https:\/\/dicodusport.fr\/blog\/#\/schema\/person\/416c975648aca9da8839bdfe333a21c9"},"headline":"12 mai 2004 : Malia Metella sur le toit de l&rsquo;Europe","datePublished":"2021-05-12T06:00:16+00:00","dateModified":"2021-05-12T07:17:11+00:00","mainEntityOfPage":{"@id":"https:\/\/dicodusport.fr\/blog\/12-mai-2004-malia-metella-sur-le-toit-de-l-europe\/"},"wordCount":234,"commentCount":0,"publisher":{"@id":"https:\/\/dicodusport.fr\/blog\/#organization"},"image":{"@id":"https:\/\/dicodusport.fr\/blog\/12-mai-2004-malia-metella-sur-le-toit-de-l-europe\/#primaryimage"},"thumbnailUrl":"https:\/\/dicodusport.fr\/blog\/wp-content\/uploads\/2021\/05\/12-mai-2004-Malia-Metella-sur-le-toit-de-lEurope.png","keywords":["sport f\u00e9minin"],"articleSection":["Histoire","Natation"],"inLanguage":"fr-FR","potentialAction":[{"@type":"CommentAction","name":"Comment","target":["https:\/\/dicodusport.fr\/blog\/12-mai-2004-malia-metella-sur-le-toit-de-l-europe\/#respond"]}],"copyrightYear":"2021","copyrightHolder":{"@id":"https:\/\/dicodusport.fr\/blog\/#organization"}},{"@type":"WebPage","@id":"https:\/\/dicodusport.fr\/blog\/12-mai-2004-malia-metella-sur-le-toit-de-l-europe\/","url":"https:\/\/dicodusport.fr\/blog\/12-mai-2004-malia-metella-sur-le-toit-de-l-europe\/","name":"12 mai 2004 : Malia Metella sur le toit de l'Europe","isPartOf":{"@id":"https:\/\/dicodusport.fr\/blog\/#website"},"primaryImageOfPage":{"@id":"https:\/\/dicodusport.fr\/blog\/12-mai-2004-malia-metella-sur-le-toit-de-l-europe\/#primaryimage"},"image":{"@id":"https:\/\/dicodusport.fr\/blog\/12-mai-2004-malia-metella-sur-le-toit-de-l-europe\/#primaryimage"},"thumbnailUrl":"https:\/\/dicodusport.fr\/blog\/wp-content\/uploads\/2021\/05\/12-mai-2004-Malia-Metella-sur-le-toit-de-lEurope.png","datePublished":"2021-05-12T06:00:16+00:00","dateModified":"2021-05-12T07:17:11+00:00","description":"Le 12 mai 2004, Malia Metella remportait une deuxi\u00e8me m\u00e9daille d'or pendant les Championnats d'Europe de natation. Jamais deux sans trois...","breadcrumb":{"@id":"https:\/\/dicodusport.fr\/blog\/12-mai-2004-malia-metella-sur-le-toit-de-l-europe\/#breadcrumb"},"inLanguage":"fr-FR","potentialAction":[{"@type":"ReadAction","target":["https:\/\/dicodusport.fr\/blog\/12-mai-2004-malia-metella-sur-le-toit-de-l-europe\/"]}]},{"@type":"ImageObject","inLanguage":"fr-FR","@id":"https:\/\/dicodusport.fr\/blog\/12-mai-2004-malia-metella-sur-le-toit-de-l-europe\/#primaryimage","url":"https:\/\/dicodusport.fr\/blog\/wp-content\/uploads\/2021\/05\/12-mai-2004-Malia-Metella-sur-le-toit-de-lEurope.png","contentUrl":"https:\/\/dicodusport.fr\/blog\/wp-content\/uploads\/2021\/05\/12-mai-2004-Malia-Metella-sur-le-toit-de-lEurope.png","width":800,"height":445,"caption":"12 mai 2004 - Malia Metella sur le toit de l'Europe"},{"@type":"BreadcrumbList","@id":"https:\/\/dicodusport.fr\/blog\/12-mai-2004-malia-metella-sur-le-toit-de-l-europe\/#breadcrumb","itemListElement":[{"@type":"ListItem","position":1,"name":"Accueil","item":"https:\/\/dicodusport.fr\/blog\/"},{"@type":"ListItem","position":2,"name":"12 mai 2004 : Malia Metella sur le toit de l&rsquo;Europe"}]},{"@type":"WebSite","@id":"https:\/\/dicodusport.fr\/blog\/#website","url":"https:\/\/dicodusport.fr\/blog\/","name":"Dicodusport","description":"L&#039;encyclop\u00e9die de l&#039;actualit\u00e9 sportive","publisher":{"@id":"https:\/\/dicodusport.fr\/blog\/#organization"},"potentialAction":[{"@type":"SearchAction","target":{"@type":"EntryPoint","urlTemplate":"https:\/\/dicodusport.fr\/blog\/?s={search_term_string}"},"query-input":{"@type":"PropertyValueSpecification","valueRequired":true,"valueName":"search_term_string"}}],"inLanguage":"fr-FR"},{"@type":"NewsMediaOrganization","@id":"https:\/\/dicodusport.fr\/blog\/#organization","name":"Dicodusport","url":"https:\/\/dicodusport.fr\/blog\/","logo":{"@type":"ImageObject","inLanguage":"fr-FR","@id":"https:\/\/dicodusport.fr\/blog\/#\/schema\/logo\/image\/","url":"https:\/\/dicodusport.fr\/blog\/wp-content\/uploads\/2020\/06\/cropped-LOGO-DICODUSPORT-2020-SANS-FOND-SANS-TEXTE.png","contentUrl":"https:\/\/dicodusport.fr\/blog\/wp-content\/uploads\/2020\/06\/cropped-LOGO-DICODUSPORT-2020-SANS-FOND-SANS-TEXTE.png","width":512,"height":512,"caption":"Dicodusport"},"image":{"@id":"https:\/\/dicodusport.fr\/blog\/#\/schema\/logo\/image\/"},"sameAs":["https:\/\/www.facebook.com\/dicodusport","https:\/\/x.com\/dicodusport","https:\/\/www.instagram.com\/dicodusport\/","https:\/\/www.youtube.com\/channel\/UC7V2KZ5sd3htJivAbA4ZG3w"],"description":"Dicodusport est l'encyclop\u00e9die de l'actualit\u00e9 sportive.","email":"bonjour@dicodusport.fr","legalName":"DICODUSPORT","foundingDate":"2018-01-14","vatID":"FR71834470973","taxID":"83447097300043","numberOfEmployees":{"@type":"QuantitativeValue","minValue":"1","maxValue":"10"}},{"@type":"Person","@id":"https:\/\/dicodusport.fr\/blog\/#\/schema\/person\/416c975648aca9da8839bdfe333a21c9","name":"Sophie Clapier","image":{"@type":"ImageObject","inLanguage":"fr-FR","@id":"https:\/\/dicodusport.fr\/blog\/#\/schema\/person\/image\/","url":"https:\/\/dicodusport.fr\/blog\/wp-content\/uploads\/2021\/05\/Sophie-Clapier-150x150.jpg","contentUrl":"https:\/\/dicodusport.fr\/blog\/wp-content\/uploads\/2021\/05\/Sophie-Clapier-150x150.jpg","caption":"Sophie Clapier"},"description":"Journaliste\/r\u00e9dactrice depuis janvier 2016 - Passionn\u00e9e de sport depuis toujours, j\u2019en ai pratiqu\u00e9 quelques-uns. Judo, football, handball ou encore tennis, je n\u2019ai jamais pu me mettre d\u2019accord sur un en particulier. Mais \u00e7a, c\u2019\u00e9tait avant de d\u00e9couvrir le basket, devenu mon sport de pr\u00e9dilection. Les actions NBA, le All-Star Week-end, la fureur des Game 7 pendant les playoffs ou mieux, lors des Finals, this is why we play. Team Spurs T.P, je m\u2019accroche encore \u00e0 Gregg Popovich (don\u2019t leave !). Team chef Curry, je souhaite qu\u2019il finisse aux Warriors (staaaay !). Non, il n\u2019y a pas qu\u2019eux, des petits nouveaux -et des petites nouvelles \u00e9videmment- arrivent chaque jour dans toutes les disciplines et cr\u00e9ent de nouveaux exploits. Alors pour les grands \u00e9v\u00e9nements et comp\u00e9titions internationales, vive les pulsations 240\/minutes et le d\u00e9fibrillateur pas loin, et allez les Bleu(e)s ! C\u2019est s\u00fbr, j\u2019aurai plus vu ma vie sur un terrain de sport, mais \u00e0 d\u00e9faut d\u2019en faire en haut niveau, je le partage avec vous.","sameAs":["https:\/\/www.facebook.com\/soocube","https:\/\/x.com\/https:\/\/twitter.com\/soocube","admin"],"url":"https:\/\/dicodusport.fr\/blog\/author\/sophie\/"}]}},"_links":{"self":[{"href":"https:\/\/dicodusport.fr\/blog\/wp-json\/wp\/v2\/posts\/128794","targetHints":{"allow":["GET"]}}],"collection":[{"href":"https:\/\/dicodusport.fr\/blog\/wp-json\/wp\/v2\/posts"}],"about":[{"href":"https:\/\/dicodusport.fr\/blog\/wp-json\/wp\/v2\/types\/post"}],"author":[{"embeddable":true,"href":"https:\/\/dicodusport.fr\/blog\/wp-json\/wp\/v2\/users\/18"}],"replies":[{"embeddable":true,"href":"https:\/\/dicodusport.fr\/blog\/wp-json\/wp\/v2\/comments?post=128794"}],"version-history":[{"count":0,"href":"https:\/\/dicodusport.fr\/blog\/wp-json\/wp\/v2\/posts\/128794\/revisions"}],"wp:featuredmedia":[{"embeddable":true,"href":"https:\/\/dicodusport.fr\/blog\/wp-json\/wp\/v2\/media\/128917"}],"wp:attachment":[{"href":"https:\/\/dicodusport.fr\/blog\/wp-json\/wp\/v2\/media?parent=128794"}],"wp:term":[{"taxonomy":"category","embeddable":true,"href":"https:\/\/dicodusport.fr\/blog\/wp-json\/wp\/v2\/categories?post=128794"},{"taxonomy":"post_tag","embeddable":true,"href":"https:\/\/dicodusport.fr\/blog\/wp-json\/wp\/v2\/tags?post=128794"}],"curies":[{"name":"wp","href":"https:\/\/api.w.org\/{rel}","templated":true}]}}