{"id":12884,"date":"2018-02-17T12:00:10","date_gmt":"2018-02-17T11:00:10","guid":{"rendered":"http:\/\/dicodusport.fr\/blog\/?p=12884"},"modified":"2018-02-17T12:13:54","modified_gmt":"2018-02-17T11:13:54","slug":"sebastien-leiva-marcon-parcours-champion","status":"publish","type":"post","link":"https:\/\/dicodusport.fr\/blog\/sebastien-leiva-marcon-parcours-champion\/","title":{"rendered":"S\u00e9bastien Leiva-Marcon : retour sur le parcours d&rsquo;un champion"},"content":{"rendered":"<p style=\"text-align: justify;\"><em><strong>Nous avons rencontr\u00e9 S\u00e9bastien Leiva-Marcon, champion d\u2019Europe de boules lyonnaises aux c\u00f4t\u00e9s de S\u00e9bastien Belay le week-end dernier \u00e0 Saint-Vulbas, qui revient sur son parcours jusqu\u2019au titre continental.<\/strong><\/em><\/p>\n<h5 style=\"text-align: justify;\">S\u00e9bastien, peux-tu nous dire comment tu as d\u00e9couvert les boules lyonnaises\u00a0?<\/h5>\n<p style=\"text-align: justify;\">J\u2019ai d\u00e9couvert les boules lyonnaises en famille d\u00e8s mon plus jeune \u00e2ge. J\u2019assistais r\u00e9guli\u00e8rement aux comp\u00e9titions de mon oncle, Fr\u00e9d\u00e9ric Maugiron, en compagnie de mon grand-p\u00e8re, Guy. C\u2019est \u00e0 l\u2019\u00e2ge de 12 ans que j\u2019ai pris ma premi\u00e8re licence au CFB Tri\u00e8ves dans l\u2019Is\u00e8re, avec comme premier \u00e9ducateur Serge Olive, toujours tr\u00e8s investi dans la formation des jeunes.<\/p>\n<h5 style=\"text-align: justify;\">Quel a \u00e9t\u00e9 ton parcours entre tes d\u00e9buts et tes s\u00e9lections pour l\u2019\u00e9quipe nationale\u00a0?<\/h5>\n<p style=\"text-align: justify;\">Apr\u00e8s avoir commenc\u00e9 dans l\u2019Is\u00e8re, j\u2019ai eu la chance de pouvoir m\u2019entra\u00eener \u00e0 Saint-Vulbas, avec deux personnes importantes \u00e0 mes yeux que sont mon grand-p\u00e8re et Jean V\u00e9drine, ancien s\u00e9lectionneur des \u00e9quipes de France. Ils m\u2019ont tous les deux appris les fondamentaux de ce sport ainsi que la rigueur n\u00e9cessaire pour atteindre le haut niveau.<\/p>\n<p style=\"text-align: justify;\">Ensuite, j\u2019ai eu l\u2019opportunit\u00e9 de d\u00e9couvrir la comp\u00e9tition \u00ab\u00a0adulte\u00a0\u00bb avec l\u2019\u00e9quipe s\u00e9nior de Janneyrias en \u00e9tant surclass\u00e9. A l\u2019\u00e9poque, alors que j\u2019\u00e9tais toujours dans la cat\u00e9gorie des moins de 18 ans, Daniel Caret, embl\u00e9matique pr\u00e9sident du club, m\u2019avait permis d\u2019acqu\u00e9rir de l\u2019exp\u00e9rience et de gagner mes premiers titres par \u00e9quipe en s\u00e9nior. En 2011, j\u2019ai eu le plaisir d\u2019honorer ma premi\u00e8re s\u00e9lection en \u00e9quipe de France \u00ab\u00a0jeunes\u00a0\u00bb et mon premier titre mondial dans l\u2019\u00e9preuve du relais, avec Guillaume Abelfo. Puis, Jean-Fran\u00e7ois Goberthier, chef d\u2019\u00e9quipe du Team GDP Vend\u00f4me, m\u2019a permis de c\u00f4toyer des joueurs qui ont su me guider dans mon \u00e9volution et envers qui je suis tr\u00e8s reconnaissant, dont notamment G\u00e9rard Condro, Christian Berthet, Lionel Dalmaz, etc.<\/p>\n<h5 style=\"text-align: justify;\">Tu viens de participer au 1<sup>er<\/sup> Euro \u00ab\u00a0jeunes\u00a0\u00bb, que penses-tu de la cr\u00e9ation de cette comp\u00e9tition\u00a0?<\/h5>\n<p style=\"text-align: justify;\">Suite \u00e0 l\u2019annulation des championnats du monde qui n\u2019ont pu avoir lieu, c\u2019\u00e9tait bien d\u2019avoir une comp\u00e9tition dans laquelle on puisse se confronter aux meilleures nations europ\u00e9ennes. Le fait que cet Euro ait regroup\u00e9 les deux cat\u00e9gories -18 et -23 ans nous a permis d\u2019aider les plus jeunes dans la pr\u00e9paration de l\u2019\u00e9v\u00e9nement.<\/p>\n<h5 style=\"text-align: justify;\">As-tu eu une pr\u00e9paration sp\u00e9cifique pour ce championnat d\u2019Europe\u00a0?<\/h5>\n<p style=\"text-align: justify;\">En vue de l\u2019\u00e9ch\u00e9ance de l\u2019Euro, le s\u00e9lectionneur national, Emmanuel Bilon avait d\u00e9cid\u00e9 que l\u2019on jouerait le B\u00e9raudier avec S\u00e9bastien Belay et Fabrice La Posta. Malheureusement, nous avons \u00e9t\u00e9 \u00e9limin\u00e9s d\u00e8s les phases de poules. On a donc d\u00fb se remettre en question pour pr\u00e9parer plus sereinement l\u2019Euro.<\/p>\n<p style=\"text-align: justify;\">Du fait qu\u2019il ait eu lieu en France et gr\u00e2ce \u00e0 la collaboration avec Jean-Paul Delorme, on a pu avoir acc\u00e8s au boulodrome de Saint-Vulbas pour prendre nos rep\u00e8res.<\/p>\n<h5 style=\"text-align: justify;\">Comment s\u2019est pass\u00e9 ton entente avec S\u00e9bastien Belay, ton co-\u00e9quipier dans l\u2019\u00e9preuve du double\u00a0?<\/h5>\n<p style=\"text-align: justify;\">Avec S\u00e9bastien, on se connait depuis plusieurs ann\u00e9es puisqu\u2019on a jou\u00e9 ensemble en jeunes \u00e0 Janneyrias et que c\u2019est un ami en dehors des jeux. En plus de bien s\u2019entendre, on a \u00e9galement une grosse confiance mutuelle, qui nous a servi dans les moments importants lors de ce championnat.<\/p>\n<h5 style=\"text-align: justify;\">Quel a \u00e9t\u00e9 votre parcours\u00a0?<\/h5>\n<p style=\"text-align: justify;\">Pour \u00eatre champion, on n\u2019a pas \u00e9t\u00e9 \u00ab g\u00e2t\u00e9 \u00bb par le tirage\u00a0! En poule, nous avons gagn\u00e9 contre la Croatie et la Serbie. Ensuite, on a affront\u00e9 successivement la Slov\u00e9nie, de nouveau les Croates et en finale l\u2019Italie.<\/p>\n<h5 style=\"text-align: justify;\">Justement, peux-tu nous expliquer comment tu as v\u00e9cu cette finale\u00a0?<\/h5>\n<p style=\"text-align: justify;\">Avec S\u00e9bastien, du fait de notre amiti\u00e9, nous \u00e9tions relativement sereins et s\u00fbrs de notre force. D\u2019autant plus que le fait d\u2019\u00e9voluer \u00e0 \u00ab\u00a0domicile\u00a0\u00bb, les encouragements de nos familles et amis nous ont beaucoup aid\u00e9s.<\/p>\n<h5 style=\"text-align: justify;\">Vous avez su profiter des m\u00e8nes avantageuses et faire le dos rond lors de celles plus compliqu\u00e9es \u2026<\/h5>\n<p style=\"text-align: justify;\">J\u2019ai eu un passage plus compliqu\u00e9 pendant la partie avec quelques trous de rangs. C\u2019est pour cela d\u2019ailleurs que je suis sorti du jeu \u00e0 deux reprises pour me rafra\u00eechir. Puis S\u00e9bastien et Emmanuel ont eu les bonnes paroles et m\u2019ont t\u00e9moign\u00e9 toute leur confiance pour me remettre dans la partie. Pour au final, remporter le titre de champion d\u2019Europe avec mon ami\u00a0!<\/p>\n<h5 style=\"text-align: justify;\">Quelles sont les \u00e9motions v\u00e9cues apr\u00e8s ce titre\u00a0?<\/h5>\n<p style=\"text-align: justify;\">C\u2019est une lib\u00e9ration\u00a0et une joie partag\u00e9e avec S\u00e9bastien puis tout notre entourage. C\u2019est la r\u00e9compense d\u2019un parcours sans fausse note tout le week-end, durant lequel on a r\u00e9alis\u00e9 de belles parties. Je suis fier de pouvoir partager ces moments avec mon ami, surtout que c\u2019est son premier titre lors d\u2019une comp\u00e9tition internationale.<\/p>\n<h5 style=\"text-align: justify;\">Pour terminer, une question plus d\u00e9cal\u00e9e\u00a0: alors que tu \u00e9tais \u00e0 l\u2019Euro, ton \u00e9quipe emmen\u00e9e par Jean-Fran\u00e7ois Baudot, a fait un joli parcours en Super 16 apr\u00e8s un d\u00e9but de saison plut\u00f4t compliqu\u00e9e. Lors de la prochaine \u00e9tape, tu seras pr\u00eat \u00e0 \u00eatre rempla\u00e7ant et aller en tribune\u00a0?<\/h5>\n<p style=\"text-align: justify;\">Ils ont effectivement trouv\u00e9 le chat noir de l\u2019\u00e9quipe\u2026 Je suis content pour l\u2019\u00e9quipe\u00a0! Malgr\u00e9 mon absence \u00e0 M\u00e2con, j\u2019ai suivi leur parcours \u00e0 distance. Bravo \u00e0 eux et notamment \u00e0 Jordy Jouill\u00e9 qui a su parfaitement s\u2019int\u00e9grer \u00e0 l\u2019\u00e9quipe\u00a0! En esp\u00e9rant que l\u2019on parvienne \u00e0 garder cette dynamique lors des prochaines \u00e9tapes.<\/p>\n<p style=\"text-align: justify;\"><em>Photo de couverture : S\u00e9bastien Leiva-Marcon en pleine action lors des championnats d&rsquo;Europe \u00e0 Saint-Vulbas.<br \/>\n<\/em><\/p>\n<p><em><strong>Baptiste Corvey-Biron<\/strong><\/em><em><br \/>\n<\/em><a href=\"https:\/\/www.facebook.com\/baptiste.corveybiron\" target=\"_blank\" rel=\"noopener\"><img loading=\"lazy\" decoding=\"async\" class=\"alignnone wp-image-2909\" src=\"http:\/\/dicodusport.fr\/blog\/wp-content\/uploads\/2017\/07\/logo-facebook-150x150.png\" alt=\"\" width=\"40\" height=\"40\" \/><\/a><a href=\"https:\/\/twitter.com\/CorveyBironBapt?lang=fr\" target=\"_blank\" rel=\"noopener\"><img loading=\"lazy\" decoding=\"async\" class=\"alignnone wp-image-2908\" src=\"http:\/\/dicodusport.fr\/blog\/wp-content\/uploads\/2017\/07\/logo-twitter-150x150.png\" alt=\"\" width=\"39\" height=\"39\" \/><\/a><\/p>\n","protected":false},"excerpt":{"rendered":"<p>Nous avons rencontr\u00e9 S\u00e9bastien Leiva-Marcon, champion d\u2019Europe de boules lyonnaises aux c\u00f4t\u00e9s de S\u00e9bastien Belay le week-end dernier \u00e0 Saint-Vulbas, qui revient sur son parcours jusqu\u2019au titre continental.<\/p>\n","protected":false},"author":31,"featured_media":12890,"comment_status":"open","ping_status":"closed","sticky":false,"template":"","format":"standard","meta":{"_acf_changed":false,"_daextam_enable_autolinks":"","footnotes":""},"categories":[4,2316],"tags":[3789],"class_list":["post-12884","post","type-post","status-publish","format-standard","has-post-thumbnail","hentry","category-portraits","category-tous-les-sports","tag-boules-lyonnaises"],"acf":[],"yoast_head":"<!-- This site is optimized with the Yoast SEO Premium plugin v26.7 (Yoast SEO v26.7) - https:\/\/yoast.com\/wordpress\/plugins\/seo\/ -->\n<title>S\u00e9bastien Leiva-Marcon : retour sur le parcours d&#039;un champion<\/title>\n<meta name=\"description\" content=\"Nous avons rencontr\u00e9 S\u00e9bastien Leiva-Marcon, champion d\u2019Europe de boules lyonnaises aux c\u00f4t\u00e9s de S\u00e9bastien Belay le week-end dernier \u00e0 Saint-Vulbas, qui revient sur son parcours jusqu\u2019au titre continental.\" \/>\n<meta name=\"robots\" content=\"index, follow, max-snippet:-1, max-image-preview:large, max-video-preview:-1\" \/>\n<link rel=\"canonical\" href=\"https:\/\/dicodusport.fr\/blog\/sebastien-leiva-marcon-parcours-champion\/\" \/>\n<meta property=\"og:locale\" content=\"fr_FR\" \/>\n<meta property=\"og:type\" content=\"article\" \/>\n<meta property=\"og:title\" content=\"S\u00e9bastien Leiva-Marcon : retour sur le parcours d&#039;un champion\" \/>\n<meta property=\"og:description\" content=\"Nous avons rencontr\u00e9 S\u00e9bastien Leiva-Marcon, champion d\u2019Europe de boules lyonnaises aux c\u00f4t\u00e9s de S\u00e9bastien Belay le week-end dernier \u00e0 Saint-Vulbas, qui revient sur son parcours jusqu\u2019au titre continental.\" \/>\n<meta property=\"og:url\" content=\"https:\/\/dicodusport.fr\/blog\/sebastien-leiva-marcon-parcours-champion\/\" \/>\n<meta property=\"og:site_name\" content=\"Dicodusport\" \/>\n<meta property=\"article:publisher\" content=\"https:\/\/www.facebook.com\/dicodusport\" \/>\n<meta property=\"article:published_time\" content=\"2018-02-17T11:00:10+00:00\" \/>\n<meta property=\"article:modified_time\" content=\"2018-02-17T11:13:54+00:00\" \/>\n<meta property=\"og:image\" content=\"https:\/\/dicodusport.fr\/blog\/wp-content\/uploads\/2018\/02\/S\u00e9bastien-Leiva-Marcon.png\" \/>\n\t<meta property=\"og:image:width\" content=\"1200\" \/>\n\t<meta property=\"og:image:height\" content=\"670\" \/>\n\t<meta property=\"og:image:type\" content=\"image\/png\" \/>\n<meta name=\"author\" content=\"Baptiste Corvey-Biron\" \/>\n<meta name=\"twitter:card\" content=\"summary_large_image\" \/>\n<meta name=\"twitter:creator\" content=\"@dicodusport\" \/>\n<meta name=\"twitter:site\" content=\"@dicodusport\" \/>\n<script type=\"application\/ld+json\" class=\"yoast-schema-graph\">{\"@context\":\"https:\/\/schema.org\",\"@graph\":[{\"@type\":\"NewsArticle\",\"@id\":\"https:\/\/dicodusport.fr\/blog\/sebastien-leiva-marcon-parcours-champion\/#article\",\"isPartOf\":{\"@id\":\"https:\/\/dicodusport.fr\/blog\/sebastien-leiva-marcon-parcours-champion\/\"},\"author\":{\"name\":\"Baptiste Corvey-Biron\",\"@id\":\"https:\/\/dicodusport.fr\/blog\/#\/schema\/person\/60cd82984d572b0fc3b6948cb900b04f\"},\"headline\":\"S\u00e9bastien Leiva-Marcon : retour sur le parcours d&rsquo;un champion\",\"datePublished\":\"2018-02-17T11:00:10+00:00\",\"dateModified\":\"2018-02-17T11:13:54+00:00\",\"mainEntityOfPage\":{\"@id\":\"https:\/\/dicodusport.fr\/blog\/sebastien-leiva-marcon-parcours-champion\/\"},\"wordCount\":1000,\"commentCount\":0,\"publisher\":{\"@id\":\"https:\/\/dicodusport.fr\/blog\/#organization\"},\"image\":{\"@id\":\"https:\/\/dicodusport.fr\/blog\/sebastien-leiva-marcon-parcours-champion\/#primaryimage\"},\"thumbnailUrl\":\"https:\/\/dicodusport.fr\/blog\/wp-content\/uploads\/2018\/02\/S\u00e9bastien-Leiva-Marcon.png\",\"keywords\":[\"Boules lyonnaises\"],\"articleSection\":[\"Portraits\",\"Sports\"],\"inLanguage\":\"fr-FR\",\"potentialAction\":[{\"@type\":\"CommentAction\",\"name\":\"Comment\",\"target\":[\"https:\/\/dicodusport.fr\/blog\/sebastien-leiva-marcon-parcours-champion\/#respond\"]}],\"copyrightYear\":\"2018\",\"copyrightHolder\":{\"@id\":\"https:\/\/dicodusport.fr\/blog\/#organization\"}},{\"@type\":\"WebPage\",\"@id\":\"https:\/\/dicodusport.fr\/blog\/sebastien-leiva-marcon-parcours-champion\/\",\"url\":\"https:\/\/dicodusport.fr\/blog\/sebastien-leiva-marcon-parcours-champion\/\",\"name\":\"S\u00e9bastien Leiva-Marcon : retour sur le parcours d'un champion\",\"isPartOf\":{\"@id\":\"https:\/\/dicodusport.fr\/blog\/#website\"},\"primaryImageOfPage\":{\"@id\":\"https:\/\/dicodusport.fr\/blog\/sebastien-leiva-marcon-parcours-champion\/#primaryimage\"},\"image\":{\"@id\":\"https:\/\/dicodusport.fr\/blog\/sebastien-leiva-marcon-parcours-champion\/#primaryimage\"},\"thumbnailUrl\":\"https:\/\/dicodusport.fr\/blog\/wp-content\/uploads\/2018\/02\/S\u00e9bastien-Leiva-Marcon.png\",\"datePublished\":\"2018-02-17T11:00:10+00:00\",\"dateModified\":\"2018-02-17T11:13:54+00:00\",\"description\":\"Nous avons rencontr\u00e9 S\u00e9bastien Leiva-Marcon, champion d\u2019Europe de boules lyonnaises aux c\u00f4t\u00e9s de S\u00e9bastien Belay le week-end dernier \u00e0 Saint-Vulbas, qui revient sur son parcours jusqu\u2019au titre continental.\",\"breadcrumb\":{\"@id\":\"https:\/\/dicodusport.fr\/blog\/sebastien-leiva-marcon-parcours-champion\/#breadcrumb\"},\"inLanguage\":\"fr-FR\",\"potentialAction\":[{\"@type\":\"ReadAction\",\"target\":[\"https:\/\/dicodusport.fr\/blog\/sebastien-leiva-marcon-parcours-champion\/\"]}]},{\"@type\":\"ImageObject\",\"inLanguage\":\"fr-FR\",\"@id\":\"https:\/\/dicodusport.fr\/blog\/sebastien-leiva-marcon-parcours-champion\/#primaryimage\",\"url\":\"https:\/\/dicodusport.fr\/blog\/wp-content\/uploads\/2018\/02\/S\u00e9bastien-Leiva-Marcon.png\",\"contentUrl\":\"https:\/\/dicodusport.fr\/blog\/wp-content\/uploads\/2018\/02\/S\u00e9bastien-Leiva-Marcon.png\",\"width\":1200,\"height\":670},{\"@type\":\"BreadcrumbList\",\"@id\":\"https:\/\/dicodusport.fr\/blog\/sebastien-leiva-marcon-parcours-champion\/#breadcrumb\",\"itemListElement\":[{\"@type\":\"ListItem\",\"position\":1,\"name\":\"Accueil\",\"item\":\"https:\/\/dicodusport.fr\/blog\/\"},{\"@type\":\"ListItem\",\"position\":2,\"name\":\"S\u00e9bastien Leiva-Marcon : retour sur le parcours d&rsquo;un champion\"}]},{\"@type\":\"WebSite\",\"@id\":\"https:\/\/dicodusport.fr\/blog\/#website\",\"url\":\"https:\/\/dicodusport.fr\/blog\/\",\"name\":\"Dicodusport\",\"description\":\"L&#039;encyclop\u00e9die de l&#039;actualit\u00e9 sportive\",\"publisher\":{\"@id\":\"https:\/\/dicodusport.fr\/blog\/#organization\"},\"potentialAction\":[{\"@type\":\"SearchAction\",\"target\":{\"@type\":\"EntryPoint\",\"urlTemplate\":\"https:\/\/dicodusport.fr\/blog\/?s={search_term_string}\"},\"query-input\":{\"@type\":\"PropertyValueSpecification\",\"valueRequired\":true,\"valueName\":\"search_term_string\"}}],\"inLanguage\":\"fr-FR\"},{\"@type\":\"NewsMediaOrganization\",\"@id\":\"https:\/\/dicodusport.fr\/blog\/#organization\",\"name\":\"Dicodusport\",\"url\":\"https:\/\/dicodusport.fr\/blog\/\",\"logo\":{\"@type\":\"ImageObject\",\"inLanguage\":\"fr-FR\",\"@id\":\"https:\/\/dicodusport.fr\/blog\/#\/schema\/logo\/image\/\",\"url\":\"https:\/\/dicodusport.fr\/blog\/wp-content\/uploads\/2020\/06\/cropped-LOGO-DICODUSPORT-2020-SANS-FOND-SANS-TEXTE.png\",\"contentUrl\":\"https:\/\/dicodusport.fr\/blog\/wp-content\/uploads\/2020\/06\/cropped-LOGO-DICODUSPORT-2020-SANS-FOND-SANS-TEXTE.png\",\"width\":512,\"height\":512,\"caption\":\"Dicodusport\"},\"image\":{\"@id\":\"https:\/\/dicodusport.fr\/blog\/#\/schema\/logo\/image\/\"},\"sameAs\":[\"https:\/\/www.facebook.com\/dicodusport\",\"https:\/\/x.com\/dicodusport\",\"https:\/\/www.instagram.com\/dicodusport\/\",\"https:\/\/www.youtube.com\/channel\/UC7V2KZ5sd3htJivAbA4ZG3w\"],\"description\":\"Dicodusport est l'encyclop\u00e9die de l'actualit\u00e9 sportive.\",\"email\":\"bonjour@dicodusport.fr\",\"legalName\":\"DICODUSPORT\",\"foundingDate\":\"2018-01-14\",\"vatID\":\"FR71834470973\",\"taxID\":\"83447097300043\",\"numberOfEmployees\":{\"@type\":\"QuantitativeValue\",\"minValue\":\"1\",\"maxValue\":\"10\"}},{\"@type\":\"Person\",\"@id\":\"https:\/\/dicodusport.fr\/blog\/#\/schema\/person\/60cd82984d572b0fc3b6948cb900b04f\",\"name\":\"Baptiste Corvey-Biron\",\"image\":{\"@type\":\"ImageObject\",\"inLanguage\":\"fr-FR\",\"@id\":\"https:\/\/dicodusport.fr\/blog\/#\/schema\/person\/image\/\",\"url\":\"https:\/\/dicodusport.fr\/blog\/wp-content\/uploads\/2017\/01\/cropped-logo-dicodusport-sans-fond-150x150.png\",\"contentUrl\":\"https:\/\/dicodusport.fr\/blog\/wp-content\/uploads\/2017\/01\/cropped-logo-dicodusport-sans-fond-150x150.png\",\"caption\":\"Baptiste Corvey-Biron\"},\"url\":\"https:\/\/dicodusport.fr\/blog\/author\/baptiste\/\"}]}<\/script>\n<!-- \/ Yoast SEO Premium plugin. -->","yoast_head_json":{"title":"S\u00e9bastien Leiva-Marcon : retour sur le parcours d'un champion","description":"Nous avons rencontr\u00e9 S\u00e9bastien Leiva-Marcon, champion d\u2019Europe de boules lyonnaises aux c\u00f4t\u00e9s de S\u00e9bastien Belay le week-end dernier \u00e0 Saint-Vulbas, qui revient sur son parcours jusqu\u2019au titre continental.","robots":{"index":"index","follow":"follow","max-snippet":"max-snippet:-1","max-image-preview":"max-image-preview:large","max-video-preview":"max-video-preview:-1"},"canonical":"https:\/\/dicodusport.fr\/blog\/sebastien-leiva-marcon-parcours-champion\/","og_locale":"fr_FR","og_type":"article","og_title":"S\u00e9bastien Leiva-Marcon : retour sur le parcours d'un champion","og_description":"Nous avons rencontr\u00e9 S\u00e9bastien Leiva-Marcon, champion d\u2019Europe de boules lyonnaises aux c\u00f4t\u00e9s de S\u00e9bastien Belay le week-end dernier \u00e0 Saint-Vulbas, qui revient sur son parcours jusqu\u2019au titre continental.","og_url":"https:\/\/dicodusport.fr\/blog\/sebastien-leiva-marcon-parcours-champion\/","og_site_name":"Dicodusport","article_publisher":"https:\/\/www.facebook.com\/dicodusport","article_published_time":"2018-02-17T11:00:10+00:00","article_modified_time":"2018-02-17T11:13:54+00:00","og_image":[{"width":1200,"height":670,"url":"https:\/\/dicodusport.fr\/blog\/wp-content\/uploads\/2018\/02\/S\u00e9bastien-Leiva-Marcon.png","type":"image\/png"}],"author":"Baptiste Corvey-Biron","twitter_card":"summary_large_image","twitter_creator":"@dicodusport","twitter_site":"@dicodusport","schema":{"@context":"https:\/\/schema.org","@graph":[{"@type":"NewsArticle","@id":"https:\/\/dicodusport.fr\/blog\/sebastien-leiva-marcon-parcours-champion\/#article","isPartOf":{"@id":"https:\/\/dicodusport.fr\/blog\/sebastien-leiva-marcon-parcours-champion\/"},"author":{"name":"Baptiste Corvey-Biron","@id":"https:\/\/dicodusport.fr\/blog\/#\/schema\/person\/60cd82984d572b0fc3b6948cb900b04f"},"headline":"S\u00e9bastien Leiva-Marcon : retour sur le parcours d&rsquo;un champion","datePublished":"2018-02-17T11:00:10+00:00","dateModified":"2018-02-17T11:13:54+00:00","mainEntityOfPage":{"@id":"https:\/\/dicodusport.fr\/blog\/sebastien-leiva-marcon-parcours-champion\/"},"wordCount":1000,"commentCount":0,"publisher":{"@id":"https:\/\/dicodusport.fr\/blog\/#organization"},"image":{"@id":"https:\/\/dicodusport.fr\/blog\/sebastien-leiva-marcon-parcours-champion\/#primaryimage"},"thumbnailUrl":"https:\/\/dicodusport.fr\/blog\/wp-content\/uploads\/2018\/02\/S\u00e9bastien-Leiva-Marcon.png","keywords":["Boules lyonnaises"],"articleSection":["Portraits","Sports"],"inLanguage":"fr-FR","potentialAction":[{"@type":"CommentAction","name":"Comment","target":["https:\/\/dicodusport.fr\/blog\/sebastien-leiva-marcon-parcours-champion\/#respond"]}],"copyrightYear":"2018","copyrightHolder":{"@id":"https:\/\/dicodusport.fr\/blog\/#organization"}},{"@type":"WebPage","@id":"https:\/\/dicodusport.fr\/blog\/sebastien-leiva-marcon-parcours-champion\/","url":"https:\/\/dicodusport.fr\/blog\/sebastien-leiva-marcon-parcours-champion\/","name":"S\u00e9bastien Leiva-Marcon : retour sur le parcours d'un champion","isPartOf":{"@id":"https:\/\/dicodusport.fr\/blog\/#website"},"primaryImageOfPage":{"@id":"https:\/\/dicodusport.fr\/blog\/sebastien-leiva-marcon-parcours-champion\/#primaryimage"},"image":{"@id":"https:\/\/dicodusport.fr\/blog\/sebastien-leiva-marcon-parcours-champion\/#primaryimage"},"thumbnailUrl":"https:\/\/dicodusport.fr\/blog\/wp-content\/uploads\/2018\/02\/S\u00e9bastien-Leiva-Marcon.png","datePublished":"2018-02-17T11:00:10+00:00","dateModified":"2018-02-17T11:13:54+00:00","description":"Nous avons rencontr\u00e9 S\u00e9bastien Leiva-Marcon, champion d\u2019Europe de boules lyonnaises aux c\u00f4t\u00e9s de S\u00e9bastien Belay le week-end dernier \u00e0 Saint-Vulbas, qui revient sur son parcours jusqu\u2019au titre continental.","breadcrumb":{"@id":"https:\/\/dicodusport.fr\/blog\/sebastien-leiva-marcon-parcours-champion\/#breadcrumb"},"inLanguage":"fr-FR","potentialAction":[{"@type":"ReadAction","target":["https:\/\/dicodusport.fr\/blog\/sebastien-leiva-marcon-parcours-champion\/"]}]},{"@type":"ImageObject","inLanguage":"fr-FR","@id":"https:\/\/dicodusport.fr\/blog\/sebastien-leiva-marcon-parcours-champion\/#primaryimage","url":"https:\/\/dicodusport.fr\/blog\/wp-content\/uploads\/2018\/02\/S\u00e9bastien-Leiva-Marcon.png","contentUrl":"https:\/\/dicodusport.fr\/blog\/wp-content\/uploads\/2018\/02\/S\u00e9bastien-Leiva-Marcon.png","width":1200,"height":670},{"@type":"BreadcrumbList","@id":"https:\/\/dicodusport.fr\/blog\/sebastien-leiva-marcon-parcours-champion\/#breadcrumb","itemListElement":[{"@type":"ListItem","position":1,"name":"Accueil","item":"https:\/\/dicodusport.fr\/blog\/"},{"@type":"ListItem","position":2,"name":"S\u00e9bastien Leiva-Marcon : retour sur le parcours d&rsquo;un champion"}]},{"@type":"WebSite","@id":"https:\/\/dicodusport.fr\/blog\/#website","url":"https:\/\/dicodusport.fr\/blog\/","name":"Dicodusport","description":"L&#039;encyclop\u00e9die de l&#039;actualit\u00e9 sportive","publisher":{"@id":"https:\/\/dicodusport.fr\/blog\/#organization"},"potentialAction":[{"@type":"SearchAction","target":{"@type":"EntryPoint","urlTemplate":"https:\/\/dicodusport.fr\/blog\/?s={search_term_string}"},"query-input":{"@type":"PropertyValueSpecification","valueRequired":true,"valueName":"search_term_string"}}],"inLanguage":"fr-FR"},{"@type":"NewsMediaOrganization","@id":"https:\/\/dicodusport.fr\/blog\/#organization","name":"Dicodusport","url":"https:\/\/dicodusport.fr\/blog\/","logo":{"@type":"ImageObject","inLanguage":"fr-FR","@id":"https:\/\/dicodusport.fr\/blog\/#\/schema\/logo\/image\/","url":"https:\/\/dicodusport.fr\/blog\/wp-content\/uploads\/2020\/06\/cropped-LOGO-DICODUSPORT-2020-SANS-FOND-SANS-TEXTE.png","contentUrl":"https:\/\/dicodusport.fr\/blog\/wp-content\/uploads\/2020\/06\/cropped-LOGO-DICODUSPORT-2020-SANS-FOND-SANS-TEXTE.png","width":512,"height":512,"caption":"Dicodusport"},"image":{"@id":"https:\/\/dicodusport.fr\/blog\/#\/schema\/logo\/image\/"},"sameAs":["https:\/\/www.facebook.com\/dicodusport","https:\/\/x.com\/dicodusport","https:\/\/www.instagram.com\/dicodusport\/","https:\/\/www.youtube.com\/channel\/UC7V2KZ5sd3htJivAbA4ZG3w"],"description":"Dicodusport est l'encyclop\u00e9die de l'actualit\u00e9 sportive.","email":"bonjour@dicodusport.fr","legalName":"DICODUSPORT","foundingDate":"2018-01-14","vatID":"FR71834470973","taxID":"83447097300043","numberOfEmployees":{"@type":"QuantitativeValue","minValue":"1","maxValue":"10"}},{"@type":"Person","@id":"https:\/\/dicodusport.fr\/blog\/#\/schema\/person\/60cd82984d572b0fc3b6948cb900b04f","name":"Baptiste Corvey-Biron","image":{"@type":"ImageObject","inLanguage":"fr-FR","@id":"https:\/\/dicodusport.fr\/blog\/#\/schema\/person\/image\/","url":"https:\/\/dicodusport.fr\/blog\/wp-content\/uploads\/2017\/01\/cropped-logo-dicodusport-sans-fond-150x150.png","contentUrl":"https:\/\/dicodusport.fr\/blog\/wp-content\/uploads\/2017\/01\/cropped-logo-dicodusport-sans-fond-150x150.png","caption":"Baptiste Corvey-Biron"},"url":"https:\/\/dicodusport.fr\/blog\/author\/baptiste\/"}]}},"_links":{"self":[{"href":"https:\/\/dicodusport.fr\/blog\/wp-json\/wp\/v2\/posts\/12884","targetHints":{"allow":["GET"]}}],"collection":[{"href":"https:\/\/dicodusport.fr\/blog\/wp-json\/wp\/v2\/posts"}],"about":[{"href":"https:\/\/dicodusport.fr\/blog\/wp-json\/wp\/v2\/types\/post"}],"author":[{"embeddable":true,"href":"https:\/\/dicodusport.fr\/blog\/wp-json\/wp\/v2\/users\/31"}],"replies":[{"embeddable":true,"href":"https:\/\/dicodusport.fr\/blog\/wp-json\/wp\/v2\/comments?post=12884"}],"version-history":[{"count":0,"href":"https:\/\/dicodusport.fr\/blog\/wp-json\/wp\/v2\/posts\/12884\/revisions"}],"wp:featuredmedia":[{"embeddable":true,"href":"https:\/\/dicodusport.fr\/blog\/wp-json\/wp\/v2\/media\/12890"}],"wp:attachment":[{"href":"https:\/\/dicodusport.fr\/blog\/wp-json\/wp\/v2\/media?parent=12884"}],"wp:term":[{"taxonomy":"category","embeddable":true,"href":"https:\/\/dicodusport.fr\/blog\/wp-json\/wp\/v2\/categories?post=12884"},{"taxonomy":"post_tag","embeddable":true,"href":"https:\/\/dicodusport.fr\/blog\/wp-json\/wp\/v2\/tags?post=12884"}],"curies":[{"name":"wp","href":"https:\/\/api.w.org\/{rel}","templated":true}]}}