{"id":129039,"date":"2021-05-12T19:07:24","date_gmt":"2021-05-12T17:07:24","guid":{"rendered":"https:\/\/dicodusport.fr\/blog\/?p=129039"},"modified":"2021-05-12T19:07:24","modified_gmt":"2021-05-12T17:07:24","slug":"gianluigi-buffon-et-la-juventus-fin-d-une-ere","status":"publish","type":"post","link":"https:\/\/dicodusport.fr\/blog\/gianluigi-buffon-et-la-juventus-fin-d-une-ere\/","title":{"rendered":"Gianluigi Buffon et la Juventus, la fin d&rsquo;une \u00e8re"},"content":{"rendered":"<p style=\"text-align: justify;\"><em><strong>Apr\u00e8s 19 saisons dans le Pi\u00e9mont, Gianluigi Buffon a annonc\u00e9 sur les r\u00e9seaux sociaux son d\u00e9part de la Juventus. \u00c0 43 ans, le gardien de but n\u2019a pas encore pr\u00e9cis\u00e9 s\u2019il mettait un terme \u00e0 sa carri\u00e8re et des rumeurs l\u2019envoient d\u00e9j\u00e0 un peu partout en Europe.<\/strong><\/em><\/p>\n<p style=\"text-align: justify;\">Cette fois-ci, c\u2019est la bonne. <strong>Gianluigi Buffon<\/strong> a annonc\u00e9, sur les r\u00e9seaux sociaux, son d\u00e9part de son club de c\u0153ur \u00e0 l\u2019issue de la saison. Arriv\u00e9 en 2001 en provenance de <strong>Parme<\/strong>, \u00ab\u00a0Gigi\u00a0\u00bb aura presque tout connu avec les <strong>Bianconeri<\/strong>. Malgr\u00e9 un break pour d\u00e9couvrir le <strong>PSG<\/strong> en 2018-2019, <strong>Buffon<\/strong> aura \u00e9crit l\u2019une des plus belles histoires d\u2019amour que le football ait connu. Sur ses r\u00e9seaux, le champion du monde 2006 a tenu \u00e0 dresser un dernier message \u00e0 son club de c\u0153ur :<\/p>\n<blockquote class=\"twitter-tweet\">\n<p dir=\"ltr\" lang=\"fr\">[<a href=\"https:\/\/twitter.com\/hashtag\/SerieA?src=hash&amp;ref_src=twsrc%5Etfw\">#SerieA<\/a>&#x1f1ee;&#x1f1f9;] Le message de Buffon apr\u00e8s l\u2019annonce son d\u00e9part de la Juve \u00e0 la fin de la saison. <a href=\"https:\/\/t.co\/EwPW0mdVJX\">pic.twitter.com\/EwPW0mdVJX<\/a><\/p>\n<p>\u2014 Footballogue&#x2b50;&#xfe0f;&#x2b50;&#xfe0f; (@Footballogue) <a href=\"https:\/\/twitter.com\/Footballogue\/status\/1392398701491105792?ref_src=twsrc%5Etfw\">May 12, 2021<\/a><\/p><\/blockquote>\n<p><script async src=\"https:\/\/platform.twitter.com\/widgets.js\" charset=\"utf-8\"><\/script><\/p>\n<h2 style=\"text-align: justify;\"><strong>Une histoire remplie de haut et de bas<\/strong><\/h2>\n<p style=\"text-align: justify;\">Au cours de sa longue aventure dans le Pi\u00e9mont, <strong>Gianluigi Buffon<\/strong> a partag\u00e9 les moments de joie mais aussi de peine du club transalpin. Parmi les moments d\u2019euphorie, les dix titres de <strong>champion d\u2019Italie<\/strong>, les cinq <strong>Coupes d\u2019Italie<\/strong>, ou encore les sept <strong>Supercoupes d\u2019Italie<\/strong>. Autant de troph\u00e9es qui vont de pair avec de nombreux moments bien moins glorieux. Par exemple, les trois finales de <strong>Ligue des Champions<\/strong> perdues au cours de sa carri\u00e8re (2003, 2015, 2017). Mais son pire souvenir doit s\u00fbrement \u00eatre la rel\u00e9gation de la Vieille Dame en <strong>S\u00e9rie B<\/strong> en 2006. Cette r\u00e9trogradation due \u00e0 l\u2019affaire du <strong>Calciopoli<\/strong> a peut-\u00eatre co\u00fbt\u00e9 le Ballon d\u2019Or \u00e0 Buffon cette ann\u00e9e-l\u00e0. Alors que de nombreux joueurs comme Fabio Cannavaro, qui gagnera cette r\u00e9compense, d\u00e9cident de quitter le club, <strong>Gigi<\/strong>, fra\u00eechement sacr\u00e9 <strong>champion du monde<\/strong>, d\u00e9cide de rester pour permettre au club de remonter.<\/p>\n<p style=\"text-align: justify;\">Ainsi, en jouant la moiti\u00e9 de l\u2019ann\u00e9e en deuxi\u00e8me division, <strong>Buffon<\/strong> atteint tout de m\u00eame la deuxi\u00e8me place du <strong>Ballon d\u2019Or<\/strong>, une tr\u00e8s belle performance pour un gardien de but qui plus est. Joueur le plus cap\u00e9 de l\u2019histoire de la <strong>Serie A<\/strong> (650 matchs) et de la s\u00e9lection italienne (176 s\u00e9lections), <strong>Gianluigi Buffon<\/strong> est un exemple de long\u00e9vit\u00e9 qui pourrait continuer \u00e0 jouer la saison prochaine.<\/p>\n<h2 style=\"text-align: justify;\"><strong>Pas de retraite pour Gigi\u00a0?<\/strong><\/h2>\n<p style=\"text-align: justify;\">Mais, selon certains m\u00e9dias, <strong>Gianluigi Buffon<\/strong> ne devrait pas raccrocher les crampons de sit\u00f4t. \u00c0 seulement 43 ans, la retraite ne semble donc pas encore d\u00e9cid\u00e9e pour <strong>Gigi<\/strong>. Ainsi, le gardien italien devrait continuer sa carri\u00e8re en <strong>Europe<\/strong>, et de tr\u00e8s grands noms serait dans les starting-blocks pour l\u2019accueillir. Outre <strong>Galatasaray<\/strong>, le <strong>Chahktar Donetsk<\/strong> ou encore <strong>l\u2019Atalanta<\/strong> <strong>Bergame<\/strong>, <strong>l\u2019AS Monaco<\/strong> et le <strong>FC Barcelone<\/strong> auraientt pris contact avec le joueur. S\u2019il devrait jouer les doublures dans ces clubs-l\u00e0, il apporterait aussi, sans doute, beaucoup d\u2019exp\u00e9rience. En revanche, toujours d\u2019apr\u00e8s ces rumeurs, <strong>Gianluigi Buffon<\/strong> n\u2019a pas encore d\u00e9cid\u00e9 de la destination de son futur club, s\u2019il y en a un. En effet, la retraite reste tout de m\u00eame une solution envisag\u00e9e pour le joueur, malgr\u00e9 sa grande forme.<\/p>\n","protected":false},"excerpt":{"rendered":"<p>Apr\u00e8s 19 saisons dans le Pi\u00e9mont, Gianluigi Buffon a annonc\u00e9 sur les r\u00e9seaux sociaux son d\u00e9part de la Juventus \u00e0 43 ans.<\/p>\n","protected":false},"author":52,"featured_media":129116,"comment_status":"open","ping_status":"closed","sticky":false,"template":"","format":"standard","meta":{"_acf_changed":false,"_daextam_enable_autolinks":"","footnotes":""},"categories":[2301],"tags":[75,4614,4613],"class_list":["post-129039","post","type-post","status-publish","format-standard","has-post-thumbnail","hentry","category-football","tag-football","tag-juventus-turin","tag-serie-a"],"acf":[],"yoast_head":"<!-- This site is optimized with the Yoast SEO Premium plugin v26.7 (Yoast SEO v26.7) - https:\/\/yoast.com\/wordpress\/plugins\/seo\/ -->\n<title>Gianluigi Buffon et la Juventus, la fin d&#039;une \u00e8re<\/title>\n<meta name=\"description\" content=\"Apr\u00e8s 19 saisons dans le Pi\u00e9mont, Gianluigi Buffon a annonc\u00e9 sur les r\u00e9seaux sociaux son d\u00e9part de la Juventus \u00e0 43 ans.\" \/>\n<meta name=\"robots\" content=\"index, follow, max-snippet:-1, max-image-preview:large, max-video-preview:-1\" \/>\n<link rel=\"canonical\" href=\"https:\/\/dicodusport.fr\/blog\/gianluigi-buffon-et-la-juventus-fin-d-une-ere\/\" \/>\n<meta property=\"og:locale\" content=\"fr_FR\" \/>\n<meta property=\"og:type\" content=\"article\" \/>\n<meta property=\"og:title\" content=\"Gianluigi Buffon et la Juventus, la fin d&#039;une \u00e8re\" \/>\n<meta property=\"og:description\" content=\"Apr\u00e8s 19 saisons dans le Pi\u00e9mont, Gianluigi Buffon a annonc\u00e9 sur les r\u00e9seaux sociaux son d\u00e9part de la Juventus \u00e0 43 ans.\" \/>\n<meta property=\"og:url\" content=\"https:\/\/dicodusport.fr\/blog\/gianluigi-buffon-et-la-juventus-fin-d-une-ere\/\" \/>\n<meta property=\"og:site_name\" content=\"Dicodusport\" \/>\n<meta property=\"article:publisher\" content=\"https:\/\/www.facebook.com\/dicodusport\" \/>\n<meta property=\"article:published_time\" content=\"2021-05-12T17:07:24+00:00\" \/>\n<meta property=\"og:image\" content=\"https:\/\/dicodusport.fr\/blog\/wp-content\/uploads\/2021\/05\/Gianluigi-Buffon-et-la-Juventus-la-fin-dune-ere-.png\" \/>\n\t<meta property=\"og:image:width\" content=\"800\" \/>\n\t<meta property=\"og:image:height\" content=\"445\" \/>\n\t<meta property=\"og:image:type\" content=\"image\/png\" \/>\n<meta name=\"author\" content=\"Jean Bod\u00e9r\u00e9\" \/>\n<meta name=\"twitter:card\" content=\"summary_large_image\" \/>\n<meta name=\"twitter:title\" content=\"Gianluigi Buffon et la Juventus, la fin d&#039;une \u00e8re\" \/>\n<meta name=\"twitter:creator\" content=\"@dicodusport\" \/>\n<meta name=\"twitter:site\" content=\"@dicodusport\" \/>\n<script type=\"application\/ld+json\" class=\"yoast-schema-graph\">{\"@context\":\"https:\/\/schema.org\",\"@graph\":[{\"@type\":\"NewsArticle\",\"@id\":\"https:\/\/dicodusport.fr\/blog\/gianluigi-buffon-et-la-juventus-fin-d-une-ere\/#article\",\"isPartOf\":{\"@id\":\"https:\/\/dicodusport.fr\/blog\/gianluigi-buffon-et-la-juventus-fin-d-une-ere\/\"},\"author\":{\"name\":\"Jean Bod\u00e9r\u00e9\",\"@id\":\"https:\/\/dicodusport.fr\/blog\/#\/schema\/person\/cb75f6e4b58e9b98515bdc7902bb5a05\"},\"headline\":\"Gianluigi Buffon et la Juventus, la fin d&rsquo;une \u00e8re\",\"datePublished\":\"2021-05-12T17:07:24+00:00\",\"mainEntityOfPage\":{\"@id\":\"https:\/\/dicodusport.fr\/blog\/gianluigi-buffon-et-la-juventus-fin-d-une-ere\/\"},\"wordCount\":582,\"commentCount\":0,\"publisher\":{\"@id\":\"https:\/\/dicodusport.fr\/blog\/#organization\"},\"image\":{\"@id\":\"https:\/\/dicodusport.fr\/blog\/gianluigi-buffon-et-la-juventus-fin-d-une-ere\/#primaryimage\"},\"thumbnailUrl\":\"https:\/\/dicodusport.fr\/blog\/wp-content\/uploads\/2021\/05\/Gianluigi-Buffon-et-la-Juventus-la-fin-dune-ere-.png\",\"keywords\":[\"Football\",\"Juventus Turin\",\"Serie A\"],\"articleSection\":[\"Football\"],\"inLanguage\":\"fr-FR\",\"potentialAction\":[{\"@type\":\"CommentAction\",\"name\":\"Comment\",\"target\":[\"https:\/\/dicodusport.fr\/blog\/gianluigi-buffon-et-la-juventus-fin-d-une-ere\/#respond\"]}],\"copyrightYear\":\"2021\",\"copyrightHolder\":{\"@id\":\"https:\/\/dicodusport.fr\/blog\/#organization\"}},{\"@type\":\"WebPage\",\"@id\":\"https:\/\/dicodusport.fr\/blog\/gianluigi-buffon-et-la-juventus-fin-d-une-ere\/\",\"url\":\"https:\/\/dicodusport.fr\/blog\/gianluigi-buffon-et-la-juventus-fin-d-une-ere\/\",\"name\":\"Gianluigi Buffon et la Juventus, la fin d'une \u00e8re\",\"isPartOf\":{\"@id\":\"https:\/\/dicodusport.fr\/blog\/#website\"},\"primaryImageOfPage\":{\"@id\":\"https:\/\/dicodusport.fr\/blog\/gianluigi-buffon-et-la-juventus-fin-d-une-ere\/#primaryimage\"},\"image\":{\"@id\":\"https:\/\/dicodusport.fr\/blog\/gianluigi-buffon-et-la-juventus-fin-d-une-ere\/#primaryimage\"},\"thumbnailUrl\":\"https:\/\/dicodusport.fr\/blog\/wp-content\/uploads\/2021\/05\/Gianluigi-Buffon-et-la-Juventus-la-fin-dune-ere-.png\",\"datePublished\":\"2021-05-12T17:07:24+00:00\",\"description\":\"Apr\u00e8s 19 saisons dans le Pi\u00e9mont, Gianluigi Buffon a annonc\u00e9 sur les r\u00e9seaux sociaux son d\u00e9part de la Juventus \u00e0 43 ans.\",\"breadcrumb\":{\"@id\":\"https:\/\/dicodusport.fr\/blog\/gianluigi-buffon-et-la-juventus-fin-d-une-ere\/#breadcrumb\"},\"inLanguage\":\"fr-FR\",\"potentialAction\":[{\"@type\":\"ReadAction\",\"target\":[\"https:\/\/dicodusport.fr\/blog\/gianluigi-buffon-et-la-juventus-fin-d-une-ere\/\"]}]},{\"@type\":\"ImageObject\",\"inLanguage\":\"fr-FR\",\"@id\":\"https:\/\/dicodusport.fr\/blog\/gianluigi-buffon-et-la-juventus-fin-d-une-ere\/#primaryimage\",\"url\":\"https:\/\/dicodusport.fr\/blog\/wp-content\/uploads\/2021\/05\/Gianluigi-Buffon-et-la-Juventus-la-fin-dune-ere-.png\",\"contentUrl\":\"https:\/\/dicodusport.fr\/blog\/wp-content\/uploads\/2021\/05\/Gianluigi-Buffon-et-la-Juventus-la-fin-dune-ere-.png\",\"width\":800,\"height\":445,\"caption\":\"Gianluigi Buffon et la Juventus, la fin d'une \u00e8re\"},{\"@type\":\"BreadcrumbList\",\"@id\":\"https:\/\/dicodusport.fr\/blog\/gianluigi-buffon-et-la-juventus-fin-d-une-ere\/#breadcrumb\",\"itemListElement\":[{\"@type\":\"ListItem\",\"position\":1,\"name\":\"Accueil\",\"item\":\"https:\/\/dicodusport.fr\/blog\/\"},{\"@type\":\"ListItem\",\"position\":2,\"name\":\"Gianluigi Buffon et la Juventus, la fin d&rsquo;une \u00e8re\"}]},{\"@type\":\"WebSite\",\"@id\":\"https:\/\/dicodusport.fr\/blog\/#website\",\"url\":\"https:\/\/dicodusport.fr\/blog\/\",\"name\":\"Dicodusport\",\"description\":\"L&#039;encyclop\u00e9die de l&#039;actualit\u00e9 sportive\",\"publisher\":{\"@id\":\"https:\/\/dicodusport.fr\/blog\/#organization\"},\"potentialAction\":[{\"@type\":\"SearchAction\",\"target\":{\"@type\":\"EntryPoint\",\"urlTemplate\":\"https:\/\/dicodusport.fr\/blog\/?s={search_term_string}\"},\"query-input\":{\"@type\":\"PropertyValueSpecification\",\"valueRequired\":true,\"valueName\":\"search_term_string\"}}],\"inLanguage\":\"fr-FR\"},{\"@type\":\"NewsMediaOrganization\",\"@id\":\"https:\/\/dicodusport.fr\/blog\/#organization\",\"name\":\"Dicodusport\",\"url\":\"https:\/\/dicodusport.fr\/blog\/\",\"logo\":{\"@type\":\"ImageObject\",\"inLanguage\":\"fr-FR\",\"@id\":\"https:\/\/dicodusport.fr\/blog\/#\/schema\/logo\/image\/\",\"url\":\"https:\/\/dicodusport.fr\/blog\/wp-content\/uploads\/2020\/06\/cropped-LOGO-DICODUSPORT-2020-SANS-FOND-SANS-TEXTE.png\",\"contentUrl\":\"https:\/\/dicodusport.fr\/blog\/wp-content\/uploads\/2020\/06\/cropped-LOGO-DICODUSPORT-2020-SANS-FOND-SANS-TEXTE.png\",\"width\":512,\"height\":512,\"caption\":\"Dicodusport\"},\"image\":{\"@id\":\"https:\/\/dicodusport.fr\/blog\/#\/schema\/logo\/image\/\"},\"sameAs\":[\"https:\/\/www.facebook.com\/dicodusport\",\"https:\/\/x.com\/dicodusport\",\"https:\/\/www.instagram.com\/dicodusport\/\",\"https:\/\/www.youtube.com\/channel\/UC7V2KZ5sd3htJivAbA4ZG3w\"],\"description\":\"Dicodusport est l'encyclop\u00e9die de l'actualit\u00e9 sportive.\",\"email\":\"bonjour@dicodusport.fr\",\"legalName\":\"DICODUSPORT\",\"foundingDate\":\"2018-01-14\",\"vatID\":\"FR71834470973\",\"taxID\":\"83447097300043\",\"numberOfEmployees\":{\"@type\":\"QuantitativeValue\",\"minValue\":\"1\",\"maxValue\":\"10\"}},{\"@type\":\"Person\",\"@id\":\"https:\/\/dicodusport.fr\/blog\/#\/schema\/person\/cb75f6e4b58e9b98515bdc7902bb5a05\",\"name\":\"Jean Bod\u00e9r\u00e9\",\"image\":{\"@type\":\"ImageObject\",\"inLanguage\":\"fr-FR\",\"@id\":\"https:\/\/dicodusport.fr\/blog\/#\/schema\/person\/image\/\",\"url\":\"https:\/\/dicodusport.fr\/blog\/wp-content\/uploads\/2020\/06\/cropped-LOGO-DICODUSPORT-2020-SANS-FOND-SANS-TEXTE-150x150.png\",\"contentUrl\":\"https:\/\/dicodusport.fr\/blog\/wp-content\/uploads\/2020\/06\/cropped-LOGO-DICODUSPORT-2020-SANS-FOND-SANS-TEXTE-150x150.png\",\"caption\":\"Jean Bod\u00e9r\u00e9\"},\"url\":\"https:\/\/dicodusport.fr\/blog\/author\/jeanb\/\"}]}<\/script>\n<!-- \/ Yoast SEO Premium plugin. -->","yoast_head_json":{"title":"Gianluigi Buffon et la Juventus, la fin d'une \u00e8re","description":"Apr\u00e8s 19 saisons dans le Pi\u00e9mont, Gianluigi Buffon a annonc\u00e9 sur les r\u00e9seaux sociaux son d\u00e9part de la Juventus \u00e0 43 ans.","robots":{"index":"index","follow":"follow","max-snippet":"max-snippet:-1","max-image-preview":"max-image-preview:large","max-video-preview":"max-video-preview:-1"},"canonical":"https:\/\/dicodusport.fr\/blog\/gianluigi-buffon-et-la-juventus-fin-d-une-ere\/","og_locale":"fr_FR","og_type":"article","og_title":"Gianluigi Buffon et la Juventus, la fin d'une \u00e8re","og_description":"Apr\u00e8s 19 saisons dans le Pi\u00e9mont, Gianluigi Buffon a annonc\u00e9 sur les r\u00e9seaux sociaux son d\u00e9part de la Juventus \u00e0 43 ans.","og_url":"https:\/\/dicodusport.fr\/blog\/gianluigi-buffon-et-la-juventus-fin-d-une-ere\/","og_site_name":"Dicodusport","article_publisher":"https:\/\/www.facebook.com\/dicodusport","article_published_time":"2021-05-12T17:07:24+00:00","og_image":[{"width":800,"height":445,"url":"https:\/\/dicodusport.fr\/blog\/wp-content\/uploads\/2021\/05\/Gianluigi-Buffon-et-la-Juventus-la-fin-dune-ere-.png","type":"image\/png"}],"author":"Jean Bod\u00e9r\u00e9","twitter_card":"summary_large_image","twitter_title":"Gianluigi Buffon et la Juventus, la fin d'une \u00e8re","twitter_creator":"@dicodusport","twitter_site":"@dicodusport","schema":{"@context":"https:\/\/schema.org","@graph":[{"@type":"NewsArticle","@id":"https:\/\/dicodusport.fr\/blog\/gianluigi-buffon-et-la-juventus-fin-d-une-ere\/#article","isPartOf":{"@id":"https:\/\/dicodusport.fr\/blog\/gianluigi-buffon-et-la-juventus-fin-d-une-ere\/"},"author":{"name":"Jean Bod\u00e9r\u00e9","@id":"https:\/\/dicodusport.fr\/blog\/#\/schema\/person\/cb75f6e4b58e9b98515bdc7902bb5a05"},"headline":"Gianluigi Buffon et la Juventus, la fin d&rsquo;une \u00e8re","datePublished":"2021-05-12T17:07:24+00:00","mainEntityOfPage":{"@id":"https:\/\/dicodusport.fr\/blog\/gianluigi-buffon-et-la-juventus-fin-d-une-ere\/"},"wordCount":582,"commentCount":0,"publisher":{"@id":"https:\/\/dicodusport.fr\/blog\/#organization"},"image":{"@id":"https:\/\/dicodusport.fr\/blog\/gianluigi-buffon-et-la-juventus-fin-d-une-ere\/#primaryimage"},"thumbnailUrl":"https:\/\/dicodusport.fr\/blog\/wp-content\/uploads\/2021\/05\/Gianluigi-Buffon-et-la-Juventus-la-fin-dune-ere-.png","keywords":["Football","Juventus Turin","Serie A"],"articleSection":["Football"],"inLanguage":"fr-FR","potentialAction":[{"@type":"CommentAction","name":"Comment","target":["https:\/\/dicodusport.fr\/blog\/gianluigi-buffon-et-la-juventus-fin-d-une-ere\/#respond"]}],"copyrightYear":"2021","copyrightHolder":{"@id":"https:\/\/dicodusport.fr\/blog\/#organization"}},{"@type":"WebPage","@id":"https:\/\/dicodusport.fr\/blog\/gianluigi-buffon-et-la-juventus-fin-d-une-ere\/","url":"https:\/\/dicodusport.fr\/blog\/gianluigi-buffon-et-la-juventus-fin-d-une-ere\/","name":"Gianluigi Buffon et la Juventus, la fin d'une \u00e8re","isPartOf":{"@id":"https:\/\/dicodusport.fr\/blog\/#website"},"primaryImageOfPage":{"@id":"https:\/\/dicodusport.fr\/blog\/gianluigi-buffon-et-la-juventus-fin-d-une-ere\/#primaryimage"},"image":{"@id":"https:\/\/dicodusport.fr\/blog\/gianluigi-buffon-et-la-juventus-fin-d-une-ere\/#primaryimage"},"thumbnailUrl":"https:\/\/dicodusport.fr\/blog\/wp-content\/uploads\/2021\/05\/Gianluigi-Buffon-et-la-Juventus-la-fin-dune-ere-.png","datePublished":"2021-05-12T17:07:24+00:00","description":"Apr\u00e8s 19 saisons dans le Pi\u00e9mont, Gianluigi Buffon a annonc\u00e9 sur les r\u00e9seaux sociaux son d\u00e9part de la Juventus \u00e0 43 ans.","breadcrumb":{"@id":"https:\/\/dicodusport.fr\/blog\/gianluigi-buffon-et-la-juventus-fin-d-une-ere\/#breadcrumb"},"inLanguage":"fr-FR","potentialAction":[{"@type":"ReadAction","target":["https:\/\/dicodusport.fr\/blog\/gianluigi-buffon-et-la-juventus-fin-d-une-ere\/"]}]},{"@type":"ImageObject","inLanguage":"fr-FR","@id":"https:\/\/dicodusport.fr\/blog\/gianluigi-buffon-et-la-juventus-fin-d-une-ere\/#primaryimage","url":"https:\/\/dicodusport.fr\/blog\/wp-content\/uploads\/2021\/05\/Gianluigi-Buffon-et-la-Juventus-la-fin-dune-ere-.png","contentUrl":"https:\/\/dicodusport.fr\/blog\/wp-content\/uploads\/2021\/05\/Gianluigi-Buffon-et-la-Juventus-la-fin-dune-ere-.png","width":800,"height":445,"caption":"Gianluigi Buffon et la Juventus, la fin d'une \u00e8re"},{"@type":"BreadcrumbList","@id":"https:\/\/dicodusport.fr\/blog\/gianluigi-buffon-et-la-juventus-fin-d-une-ere\/#breadcrumb","itemListElement":[{"@type":"ListItem","position":1,"name":"Accueil","item":"https:\/\/dicodusport.fr\/blog\/"},{"@type":"ListItem","position":2,"name":"Gianluigi Buffon et la Juventus, la fin d&rsquo;une \u00e8re"}]},{"@type":"WebSite","@id":"https:\/\/dicodusport.fr\/blog\/#website","url":"https:\/\/dicodusport.fr\/blog\/","name":"Dicodusport","description":"L&#039;encyclop\u00e9die de l&#039;actualit\u00e9 sportive","publisher":{"@id":"https:\/\/dicodusport.fr\/blog\/#organization"},"potentialAction":[{"@type":"SearchAction","target":{"@type":"EntryPoint","urlTemplate":"https:\/\/dicodusport.fr\/blog\/?s={search_term_string}"},"query-input":{"@type":"PropertyValueSpecification","valueRequired":true,"valueName":"search_term_string"}}],"inLanguage":"fr-FR"},{"@type":"NewsMediaOrganization","@id":"https:\/\/dicodusport.fr\/blog\/#organization","name":"Dicodusport","url":"https:\/\/dicodusport.fr\/blog\/","logo":{"@type":"ImageObject","inLanguage":"fr-FR","@id":"https:\/\/dicodusport.fr\/blog\/#\/schema\/logo\/image\/","url":"https:\/\/dicodusport.fr\/blog\/wp-content\/uploads\/2020\/06\/cropped-LOGO-DICODUSPORT-2020-SANS-FOND-SANS-TEXTE.png","contentUrl":"https:\/\/dicodusport.fr\/blog\/wp-content\/uploads\/2020\/06\/cropped-LOGO-DICODUSPORT-2020-SANS-FOND-SANS-TEXTE.png","width":512,"height":512,"caption":"Dicodusport"},"image":{"@id":"https:\/\/dicodusport.fr\/blog\/#\/schema\/logo\/image\/"},"sameAs":["https:\/\/www.facebook.com\/dicodusport","https:\/\/x.com\/dicodusport","https:\/\/www.instagram.com\/dicodusport\/","https:\/\/www.youtube.com\/channel\/UC7V2KZ5sd3htJivAbA4ZG3w"],"description":"Dicodusport est l'encyclop\u00e9die de l'actualit\u00e9 sportive.","email":"bonjour@dicodusport.fr","legalName":"DICODUSPORT","foundingDate":"2018-01-14","vatID":"FR71834470973","taxID":"83447097300043","numberOfEmployees":{"@type":"QuantitativeValue","minValue":"1","maxValue":"10"}},{"@type":"Person","@id":"https:\/\/dicodusport.fr\/blog\/#\/schema\/person\/cb75f6e4b58e9b98515bdc7902bb5a05","name":"Jean Bod\u00e9r\u00e9","image":{"@type":"ImageObject","inLanguage":"fr-FR","@id":"https:\/\/dicodusport.fr\/blog\/#\/schema\/person\/image\/","url":"https:\/\/dicodusport.fr\/blog\/wp-content\/uploads\/2020\/06\/cropped-LOGO-DICODUSPORT-2020-SANS-FOND-SANS-TEXTE-150x150.png","contentUrl":"https:\/\/dicodusport.fr\/blog\/wp-content\/uploads\/2020\/06\/cropped-LOGO-DICODUSPORT-2020-SANS-FOND-SANS-TEXTE-150x150.png","caption":"Jean Bod\u00e9r\u00e9"},"url":"https:\/\/dicodusport.fr\/blog\/author\/jeanb\/"}]}},"_links":{"self":[{"href":"https:\/\/dicodusport.fr\/blog\/wp-json\/wp\/v2\/posts\/129039","targetHints":{"allow":["GET"]}}],"collection":[{"href":"https:\/\/dicodusport.fr\/blog\/wp-json\/wp\/v2\/posts"}],"about":[{"href":"https:\/\/dicodusport.fr\/blog\/wp-json\/wp\/v2\/types\/post"}],"author":[{"embeddable":true,"href":"https:\/\/dicodusport.fr\/blog\/wp-json\/wp\/v2\/users\/52"}],"replies":[{"embeddable":true,"href":"https:\/\/dicodusport.fr\/blog\/wp-json\/wp\/v2\/comments?post=129039"}],"version-history":[{"count":0,"href":"https:\/\/dicodusport.fr\/blog\/wp-json\/wp\/v2\/posts\/129039\/revisions"}],"wp:featuredmedia":[{"embeddable":true,"href":"https:\/\/dicodusport.fr\/blog\/wp-json\/wp\/v2\/media\/129116"}],"wp:attachment":[{"href":"https:\/\/dicodusport.fr\/blog\/wp-json\/wp\/v2\/media?parent=129039"}],"wp:term":[{"taxonomy":"category","embeddable":true,"href":"https:\/\/dicodusport.fr\/blog\/wp-json\/wp\/v2\/categories?post=129039"},{"taxonomy":"post_tag","embeddable":true,"href":"https:\/\/dicodusport.fr\/blog\/wp-json\/wp\/v2\/tags?post=129039"}],"curies":[{"name":"wp","href":"https:\/\/api.w.org\/{rel}","templated":true}]}}