{"id":129486,"date":"2021-05-14T15:00:15","date_gmt":"2021-05-14T13:00:15","guid":{"rendered":"https:\/\/dicodusport.fr\/blog\/?p=129486&#038;preview=true&#038;preview_id=129486"},"modified":"2021-05-14T15:19:51","modified_gmt":"2021-05-14T13:19:51","slug":"motogp-grand-prix-de-france-johann-zarco-meilleur-temps-fp2-devant-fabio-quartararo","status":"publish","type":"post","link":"https:\/\/dicodusport.fr\/blog\/motogp-grand-prix-de-france-johann-zarco-meilleur-temps-fp2-devant-fabio-quartararo\/","title":{"rendered":"Grand Prix de France : Johann Zarco meilleur temps des FP2 devant Fabio Quartararo"},"content":{"rendered":"<p style=\"text-align: justify;\"><strong><em><a href=\"https:\/\/dicodusport.fr\/blog\/motogp-grand-prix-de-france-2021-horaires-et-programme-tv-complet\/\">MOTOGP &#8211; GRAND PRIX DE FRANCE<\/a> &#8211; Solides Fran\u00e7ais ! Johann Zarco (Pramac Ducati) a r\u00e9alis\u00e9 le meilleur temps de la deuxi\u00e8me s\u00e9ance d&rsquo;essais libres, devant Fabio Quartararo (Yamaha). Pol Espargaro (Honda) s&rsquo;est \u00e9galement distingu\u00e9, avec le troisi\u00e8me temps ce vendredi apr\u00e8s-midi.<\/em><\/strong><\/p>\n<p style=\"text-align: justify;\">Les Fran\u00e7ais en forme \u00e0 domicile ! Au terme d&rsquo;une s\u00e9ance qui s&rsquo;est d\u00e9roul\u00e9e au sec, <strong>Johann Zarco<\/strong> (Pramac Ducati) s&rsquo;est empar\u00e9 du meilleur temps ce vendredi, lors des EL2 du Grand Prix de France. Il devance un <strong>Fabio Quartararo<\/strong> plus que rassurant : ce dernier a en effet domin\u00e9 une grande partie des FP2, et ce malgr\u00e9 une chute en milieu de s\u00e9ance. Au final, le Ni\u00e7ois est devanc\u00e9 de 95 milli\u00e8mes par le Cannois. Les deux Tricolores seront certainement de la partie en Q2 samedi apr\u00e8s-midi, la pluie \u00e9tant annonc\u00e9e demain matin pour les EL3. <strong>Marc Marquez<\/strong> (8\u00e8me) et <strong>Valentino Rossi<\/strong> (9\u00e8me) ont \u00e9galement r\u00e9alis\u00e9 une bonne prestation.<\/p>\n<blockquote class=\"twitter-tweet\">\n<p dir=\"ltr\" lang=\"fr\">Premi\u00e8re chute de la saison pour Quartararo sans dommages <a href=\"https:\/\/twitter.com\/hashtag\/FrenchGP?src=hash&amp;ref_src=twsrc%5Etfw\">#FrenchGP<\/a> &#x1f1eb;&#x1f1f7; <a href=\"https:\/\/t.co\/HEc8UYyZLT\">pic.twitter.com\/HEc8UYyZLT<\/a><\/p>\n<p>\u2014 CANAL+ MotoGP&#x2122; (@CanalplusMotoGP) <a href=\"https:\/\/twitter.com\/CanalplusMotoGP\/status\/1393183974151831552?ref_src=twsrc%5Etfw\">May 14, 2021<\/a><\/p><\/blockquote>\n<p><script async src=\"https:\/\/platform.twitter.com\/widgets.js\" charset=\"utf-8\"><\/script><\/p>\n<p style=\"text-align: justify;\">\u00c0 noter que les deux Suzuki d&rsquo;<strong>Alex Rins<\/strong> et <strong>Joan Mir<\/strong>, respectivement 11\u00e8me et 13\u00e8me, sont en mauvaise posture en vue d&rsquo;une qualification directe en Q2. Les deux pilotes espagnols sont all\u00e9s au sol durant cette s\u00e9ance d&rsquo;essais libres.<\/p>\n<h2 style=\"text-align: justify;\"><strong>\u00c0 lire aussi<\/strong><\/h2>\n<ul>\n<li style=\"text-align: justify;\"><a href=\"https:\/\/dicodusport.fr\/blog\/motogp-grand-prix-de-france-2021-classement-essais-libres-2\/\"><strong>Le classement des essais libres 2<\/strong><\/a><\/li>\n<li style=\"text-align: justify;\"><a href=\"https:\/\/dicodusport.fr\/blog\/motogp-grand-prix-de-france-2021-classement-des-essais-libres\/\"><strong>Le classement des essais combin\u00e9s<\/strong><\/a><\/li>\n<\/ul>\n<p>&nbsp;<\/p>\n","protected":false},"excerpt":{"rendered":"<p>MOTOGP &#8211; GRAND PRIX DE FRANCE &#8211; Solides Fran\u00e7ais ! Johann Zarco (Pramac Ducati) a r\u00e9alis\u00e9 le meilleur temps de la deuxi\u00e8me s\u00e9ance d&rsquo;essais libres, devant Fabio Quartararo (Yamaha).<\/p>\n","protected":false},"author":4,"featured_media":117267,"comment_status":"open","ping_status":"closed","sticky":false,"template":"","format":"standard","meta":{"_acf_changed":false,"_daextam_enable_autolinks":"","footnotes":""},"categories":[47087],"tags":[16600,10938],"class_list":["post-129486","post","type-post","status-publish","format-standard","has-post-thumbnail","hentry","category-motogp","tag-grand-prix-de-france-motogp","tag-motogp"],"acf":[],"yoast_head":"<!-- This site is optimized with the Yoast SEO Premium plugin v26.7 (Yoast SEO v26.7) - https:\/\/yoast.com\/wordpress\/plugins\/seo\/ -->\n<title>Grand Prix de France : Johann Zarco meilleur temps des FP2 devant Fabio Quartararo<\/title>\n<meta name=\"description\" content=\"MOTOGP - GRAND PRIX DE FRANCE - Solides Fran\u00e7ais ! Johann Zarco (Pramac Ducati) a r\u00e9alis\u00e9 le meilleur temps de la deuxi\u00e8me s\u00e9ance d&#039;essais libres, devant Fabio Quartararo (Yamaha).\" \/>\n<meta name=\"robots\" content=\"index, follow, max-snippet:-1, max-image-preview:large, max-video-preview:-1\" \/>\n<link rel=\"canonical\" href=\"https:\/\/dicodusport.fr\/blog\/motogp-grand-prix-de-france-johann-zarco-meilleur-temps-fp2-devant-fabio-quartararo\/\" \/>\n<meta property=\"og:locale\" content=\"fr_FR\" \/>\n<meta property=\"og:type\" content=\"article\" \/>\n<meta property=\"og:title\" content=\"Grand Prix de France : Johann Zarco meilleur temps des FP2 devant Fabio Quartararo\" \/>\n<meta property=\"og:description\" content=\"MOTOGP - GRAND PRIX DE FRANCE - Solides Fran\u00e7ais ! Johann Zarco (Pramac Ducati) a r\u00e9alis\u00e9 le meilleur temps de la deuxi\u00e8me s\u00e9ance d&#039;essais libres, devant Fabio Quartararo (Yamaha).\" \/>\n<meta property=\"og:url\" content=\"https:\/\/dicodusport.fr\/blog\/motogp-grand-prix-de-france-johann-zarco-meilleur-temps-fp2-devant-fabio-quartararo\/\" \/>\n<meta property=\"og:site_name\" content=\"Dicodusport\" \/>\n<meta property=\"article:publisher\" content=\"https:\/\/www.facebook.com\/dicodusport\" \/>\n<meta property=\"article:author\" content=\"https:\/\/www.facebook.com\/florent.ostermann\" \/>\n<meta property=\"article:published_time\" content=\"2021-05-14T13:00:15+00:00\" \/>\n<meta property=\"article:modified_time\" content=\"2021-05-14T13:19:51+00:00\" \/>\n<meta property=\"og:image\" content=\"https:\/\/dicodusport.fr\/blog\/wp-content\/uploads\/2021\/03\/Grand-Prix-du-Qatar-Johann-Zarco-deuxieme-derriere-Maverick-Vinales.png\" \/>\n\t<meta property=\"og:image:width\" content=\"800\" \/>\n\t<meta property=\"og:image:height\" content=\"445\" \/>\n\t<meta property=\"og:image:type\" content=\"image\/png\" \/>\n<meta name=\"author\" content=\"Flo Ostermann\" \/>\n<meta name=\"twitter:card\" content=\"summary_large_image\" \/>\n<meta name=\"twitter:title\" content=\"Grand Prix de France : Johann Zarco meilleur temps des FP2 devant Fabio Quartararo\" \/>\n<meta name=\"twitter:creator\" content=\"@https:\/\/twitter.com\/FlOstermann\" \/>\n<meta name=\"twitter:site\" content=\"@dicodusport\" \/>\n<script type=\"application\/ld+json\" class=\"yoast-schema-graph\">{\"@context\":\"https:\/\/schema.org\",\"@graph\":[{\"@type\":\"NewsArticle\",\"@id\":\"https:\/\/dicodusport.fr\/blog\/motogp-grand-prix-de-france-johann-zarco-meilleur-temps-fp2-devant-fabio-quartararo\/#article\",\"isPartOf\":{\"@id\":\"https:\/\/dicodusport.fr\/blog\/motogp-grand-prix-de-france-johann-zarco-meilleur-temps-fp2-devant-fabio-quartararo\/\"},\"author\":{\"name\":\"Flo Ostermann\",\"@id\":\"https:\/\/dicodusport.fr\/blog\/#\/schema\/person\/cb02af4c173ce4a653b55e9baf388d4a\"},\"headline\":\"Grand Prix de France : Johann Zarco meilleur temps des FP2 devant Fabio Quartararo\",\"datePublished\":\"2021-05-14T13:00:15+00:00\",\"dateModified\":\"2021-05-14T13:19:51+00:00\",\"mainEntityOfPage\":{\"@id\":\"https:\/\/dicodusport.fr\/blog\/motogp-grand-prix-de-france-johann-zarco-meilleur-temps-fp2-devant-fabio-quartararo\/\"},\"wordCount\":265,\"commentCount\":0,\"publisher\":{\"@id\":\"https:\/\/dicodusport.fr\/blog\/#organization\"},\"image\":{\"@id\":\"https:\/\/dicodusport.fr\/blog\/motogp-grand-prix-de-france-johann-zarco-meilleur-temps-fp2-devant-fabio-quartararo\/#primaryimage\"},\"thumbnailUrl\":\"https:\/\/dicodusport.fr\/blog\/wp-content\/uploads\/2021\/03\/Grand-Prix-du-Qatar-Johann-Zarco-deuxieme-derriere-Maverick-Vinales.png\",\"keywords\":[\"Grand Prix de France MotoGP\",\"MotoGP\"],\"articleSection\":[\"MotoGP\"],\"inLanguage\":\"fr-FR\",\"potentialAction\":[{\"@type\":\"CommentAction\",\"name\":\"Comment\",\"target\":[\"https:\/\/dicodusport.fr\/blog\/motogp-grand-prix-de-france-johann-zarco-meilleur-temps-fp2-devant-fabio-quartararo\/#respond\"]}],\"copyrightYear\":\"2021\",\"copyrightHolder\":{\"@id\":\"https:\/\/dicodusport.fr\/blog\/#organization\"}},{\"@type\":\"WebPage\",\"@id\":\"https:\/\/dicodusport.fr\/blog\/motogp-grand-prix-de-france-johann-zarco-meilleur-temps-fp2-devant-fabio-quartararo\/\",\"url\":\"https:\/\/dicodusport.fr\/blog\/motogp-grand-prix-de-france-johann-zarco-meilleur-temps-fp2-devant-fabio-quartararo\/\",\"name\":\"Grand Prix de France : Johann Zarco meilleur temps des FP2 devant Fabio Quartararo\",\"isPartOf\":{\"@id\":\"https:\/\/dicodusport.fr\/blog\/#website\"},\"primaryImageOfPage\":{\"@id\":\"https:\/\/dicodusport.fr\/blog\/motogp-grand-prix-de-france-johann-zarco-meilleur-temps-fp2-devant-fabio-quartararo\/#primaryimage\"},\"image\":{\"@id\":\"https:\/\/dicodusport.fr\/blog\/motogp-grand-prix-de-france-johann-zarco-meilleur-temps-fp2-devant-fabio-quartararo\/#primaryimage\"},\"thumbnailUrl\":\"https:\/\/dicodusport.fr\/blog\/wp-content\/uploads\/2021\/03\/Grand-Prix-du-Qatar-Johann-Zarco-deuxieme-derriere-Maverick-Vinales.png\",\"datePublished\":\"2021-05-14T13:00:15+00:00\",\"dateModified\":\"2021-05-14T13:19:51+00:00\",\"description\":\"MOTOGP - GRAND PRIX DE FRANCE - Solides Fran\u00e7ais ! Johann Zarco (Pramac Ducati) a r\u00e9alis\u00e9 le meilleur temps de la deuxi\u00e8me s\u00e9ance d'essais libres, devant Fabio Quartararo (Yamaha).\",\"breadcrumb\":{\"@id\":\"https:\/\/dicodusport.fr\/blog\/motogp-grand-prix-de-france-johann-zarco-meilleur-temps-fp2-devant-fabio-quartararo\/#breadcrumb\"},\"inLanguage\":\"fr-FR\",\"potentialAction\":[{\"@type\":\"ReadAction\",\"target\":[\"https:\/\/dicodusport.fr\/blog\/motogp-grand-prix-de-france-johann-zarco-meilleur-temps-fp2-devant-fabio-quartararo\/\"]}]},{\"@type\":\"ImageObject\",\"inLanguage\":\"fr-FR\",\"@id\":\"https:\/\/dicodusport.fr\/blog\/motogp-grand-prix-de-france-johann-zarco-meilleur-temps-fp2-devant-fabio-quartararo\/#primaryimage\",\"url\":\"https:\/\/dicodusport.fr\/blog\/wp-content\/uploads\/2021\/03\/Grand-Prix-du-Qatar-Johann-Zarco-deuxieme-derriere-Maverick-Vinales.png\",\"contentUrl\":\"https:\/\/dicodusport.fr\/blog\/wp-content\/uploads\/2021\/03\/Grand-Prix-du-Qatar-Johann-Zarco-deuxieme-derriere-Maverick-Vinales.png\",\"width\":800,\"height\":445,\"caption\":\"Grand Prix de France : Johann Zarco meilleur temps des FP2 devant Fabio Quartararo\"},{\"@type\":\"BreadcrumbList\",\"@id\":\"https:\/\/dicodusport.fr\/blog\/motogp-grand-prix-de-france-johann-zarco-meilleur-temps-fp2-devant-fabio-quartararo\/#breadcrumb\",\"itemListElement\":[{\"@type\":\"ListItem\",\"position\":1,\"name\":\"Accueil\",\"item\":\"https:\/\/dicodusport.fr\/blog\/\"},{\"@type\":\"ListItem\",\"position\":2,\"name\":\"Grand Prix de France : Johann Zarco meilleur temps des FP2 devant Fabio Quartararo\"}]},{\"@type\":\"WebSite\",\"@id\":\"https:\/\/dicodusport.fr\/blog\/#website\",\"url\":\"https:\/\/dicodusport.fr\/blog\/\",\"name\":\"Dicodusport\",\"description\":\"L&#039;encyclop\u00e9die de l&#039;actualit\u00e9 sportive\",\"publisher\":{\"@id\":\"https:\/\/dicodusport.fr\/blog\/#organization\"},\"potentialAction\":[{\"@type\":\"SearchAction\",\"target\":{\"@type\":\"EntryPoint\",\"urlTemplate\":\"https:\/\/dicodusport.fr\/blog\/?s={search_term_string}\"},\"query-input\":{\"@type\":\"PropertyValueSpecification\",\"valueRequired\":true,\"valueName\":\"search_term_string\"}}],\"inLanguage\":\"fr-FR\"},{\"@type\":\"NewsMediaOrganization\",\"@id\":\"https:\/\/dicodusport.fr\/blog\/#organization\",\"name\":\"Dicodusport\",\"url\":\"https:\/\/dicodusport.fr\/blog\/\",\"logo\":{\"@type\":\"ImageObject\",\"inLanguage\":\"fr-FR\",\"@id\":\"https:\/\/dicodusport.fr\/blog\/#\/schema\/logo\/image\/\",\"url\":\"https:\/\/dicodusport.fr\/blog\/wp-content\/uploads\/2020\/06\/cropped-LOGO-DICODUSPORT-2020-SANS-FOND-SANS-TEXTE.png\",\"contentUrl\":\"https:\/\/dicodusport.fr\/blog\/wp-content\/uploads\/2020\/06\/cropped-LOGO-DICODUSPORT-2020-SANS-FOND-SANS-TEXTE.png\",\"width\":512,\"height\":512,\"caption\":\"Dicodusport\"},\"image\":{\"@id\":\"https:\/\/dicodusport.fr\/blog\/#\/schema\/logo\/image\/\"},\"sameAs\":[\"https:\/\/www.facebook.com\/dicodusport\",\"https:\/\/x.com\/dicodusport\",\"https:\/\/www.instagram.com\/dicodusport\/\",\"https:\/\/www.youtube.com\/channel\/UC7V2KZ5sd3htJivAbA4ZG3w\"],\"description\":\"Dicodusport est l'encyclop\u00e9die de l'actualit\u00e9 sportive.\",\"email\":\"bonjour@dicodusport.fr\",\"legalName\":\"DICODUSPORT\",\"foundingDate\":\"2018-01-14\",\"vatID\":\"FR71834470973\",\"taxID\":\"83447097300043\",\"numberOfEmployees\":{\"@type\":\"QuantitativeValue\",\"minValue\":\"1\",\"maxValue\":\"10\"}},{\"@type\":\"Person\",\"@id\":\"https:\/\/dicodusport.fr\/blog\/#\/schema\/person\/cb02af4c173ce4a653b55e9baf388d4a\",\"name\":\"Flo Ostermann\",\"image\":{\"@type\":\"ImageObject\",\"inLanguage\":\"fr-FR\",\"@id\":\"https:\/\/dicodusport.fr\/blog\/#\/schema\/person\/image\/\",\"url\":\"https:\/\/dicodusport.fr\/blog\/wp-content\/uploads\/2021\/05\/Flo-Ostermann-150x150.jpg\",\"contentUrl\":\"https:\/\/dicodusport.fr\/blog\/wp-content\/uploads\/2021\/05\/Flo-Ostermann-150x150.jpg\",\"caption\":\"Flo Ostermann\"},\"description\":\"Journaliste\/R\u00e9dacteur depuis septembre 2015 - Mes premiers souvenirs dans le sport ? Les envol\u00e9es du Stade Toulousain et les duels Villeneuve-Schumacher et H\u00e4kkinen-Schumacher \u00e0 la fin des ann\u00e9es 90, la Coupe du monde de football en 1998, l\u2019exploit du XV de France face aux All Blacks en 1999, mais aussi Richard C\u0153ur de Lion qui vole sur les montagnes du Tour de France. Bien parti pour devenir professeur d\u2019EPS, les \u00e9v\u00e9nements de la vie (et la flemme d\u2019animer des s\u00e9ances de 3x500 m\u00e8tres toute ma vie) m\u2019ont conduit \u00e0 revoir mes plans. Me voil\u00e0 depuis fin 2017 sur Dicodusport, m\u00e9dia gr\u00e2ce (et pour) lequel je partage ma passion : le sport dans tous ses \u00e9tats. Le tout accompagn\u00e9 par les fous furieux et folles furieuses cit\u00e9s sur cette page !\",\"sameAs\":[\"https:\/\/www.facebook.com\/florent.ostermann\",\"https:\/\/x.com\/https:\/\/twitter.com\/FlOstermann\",\"admin\"],\"url\":\"https:\/\/dicodusport.fr\/blog\/author\/flo\/\"}]}<\/script>\n<!-- \/ Yoast SEO Premium plugin. -->","yoast_head_json":{"title":"Grand Prix de France : Johann Zarco meilleur temps des FP2 devant Fabio Quartararo","description":"MOTOGP - GRAND PRIX DE FRANCE - Solides Fran\u00e7ais ! Johann Zarco (Pramac Ducati) a r\u00e9alis\u00e9 le meilleur temps de la deuxi\u00e8me s\u00e9ance d'essais libres, devant Fabio Quartararo (Yamaha).","robots":{"index":"index","follow":"follow","max-snippet":"max-snippet:-1","max-image-preview":"max-image-preview:large","max-video-preview":"max-video-preview:-1"},"canonical":"https:\/\/dicodusport.fr\/blog\/motogp-grand-prix-de-france-johann-zarco-meilleur-temps-fp2-devant-fabio-quartararo\/","og_locale":"fr_FR","og_type":"article","og_title":"Grand Prix de France : Johann Zarco meilleur temps des FP2 devant Fabio Quartararo","og_description":"MOTOGP - GRAND PRIX DE FRANCE - Solides Fran\u00e7ais ! Johann Zarco (Pramac Ducati) a r\u00e9alis\u00e9 le meilleur temps de la deuxi\u00e8me s\u00e9ance d'essais libres, devant Fabio Quartararo (Yamaha).","og_url":"https:\/\/dicodusport.fr\/blog\/motogp-grand-prix-de-france-johann-zarco-meilleur-temps-fp2-devant-fabio-quartararo\/","og_site_name":"Dicodusport","article_publisher":"https:\/\/www.facebook.com\/dicodusport","article_author":"https:\/\/www.facebook.com\/florent.ostermann","article_published_time":"2021-05-14T13:00:15+00:00","article_modified_time":"2021-05-14T13:19:51+00:00","og_image":[{"width":800,"height":445,"url":"https:\/\/dicodusport.fr\/blog\/wp-content\/uploads\/2021\/03\/Grand-Prix-du-Qatar-Johann-Zarco-deuxieme-derriere-Maverick-Vinales.png","type":"image\/png"}],"author":"Flo Ostermann","twitter_card":"summary_large_image","twitter_title":"Grand Prix de France : Johann Zarco meilleur temps des FP2 devant Fabio Quartararo","twitter_creator":"@https:\/\/twitter.com\/FlOstermann","twitter_site":"@dicodusport","schema":{"@context":"https:\/\/schema.org","@graph":[{"@type":"NewsArticle","@id":"https:\/\/dicodusport.fr\/blog\/motogp-grand-prix-de-france-johann-zarco-meilleur-temps-fp2-devant-fabio-quartararo\/#article","isPartOf":{"@id":"https:\/\/dicodusport.fr\/blog\/motogp-grand-prix-de-france-johann-zarco-meilleur-temps-fp2-devant-fabio-quartararo\/"},"author":{"name":"Flo Ostermann","@id":"https:\/\/dicodusport.fr\/blog\/#\/schema\/person\/cb02af4c173ce4a653b55e9baf388d4a"},"headline":"Grand Prix de France : Johann Zarco meilleur temps des FP2 devant Fabio Quartararo","datePublished":"2021-05-14T13:00:15+00:00","dateModified":"2021-05-14T13:19:51+00:00","mainEntityOfPage":{"@id":"https:\/\/dicodusport.fr\/blog\/motogp-grand-prix-de-france-johann-zarco-meilleur-temps-fp2-devant-fabio-quartararo\/"},"wordCount":265,"commentCount":0,"publisher":{"@id":"https:\/\/dicodusport.fr\/blog\/#organization"},"image":{"@id":"https:\/\/dicodusport.fr\/blog\/motogp-grand-prix-de-france-johann-zarco-meilleur-temps-fp2-devant-fabio-quartararo\/#primaryimage"},"thumbnailUrl":"https:\/\/dicodusport.fr\/blog\/wp-content\/uploads\/2021\/03\/Grand-Prix-du-Qatar-Johann-Zarco-deuxieme-derriere-Maverick-Vinales.png","keywords":["Grand Prix de France MotoGP","MotoGP"],"articleSection":["MotoGP"],"inLanguage":"fr-FR","potentialAction":[{"@type":"CommentAction","name":"Comment","target":["https:\/\/dicodusport.fr\/blog\/motogp-grand-prix-de-france-johann-zarco-meilleur-temps-fp2-devant-fabio-quartararo\/#respond"]}],"copyrightYear":"2021","copyrightHolder":{"@id":"https:\/\/dicodusport.fr\/blog\/#organization"}},{"@type":"WebPage","@id":"https:\/\/dicodusport.fr\/blog\/motogp-grand-prix-de-france-johann-zarco-meilleur-temps-fp2-devant-fabio-quartararo\/","url":"https:\/\/dicodusport.fr\/blog\/motogp-grand-prix-de-france-johann-zarco-meilleur-temps-fp2-devant-fabio-quartararo\/","name":"Grand Prix de France : Johann Zarco meilleur temps des FP2 devant Fabio Quartararo","isPartOf":{"@id":"https:\/\/dicodusport.fr\/blog\/#website"},"primaryImageOfPage":{"@id":"https:\/\/dicodusport.fr\/blog\/motogp-grand-prix-de-france-johann-zarco-meilleur-temps-fp2-devant-fabio-quartararo\/#primaryimage"},"image":{"@id":"https:\/\/dicodusport.fr\/blog\/motogp-grand-prix-de-france-johann-zarco-meilleur-temps-fp2-devant-fabio-quartararo\/#primaryimage"},"thumbnailUrl":"https:\/\/dicodusport.fr\/blog\/wp-content\/uploads\/2021\/03\/Grand-Prix-du-Qatar-Johann-Zarco-deuxieme-derriere-Maverick-Vinales.png","datePublished":"2021-05-14T13:00:15+00:00","dateModified":"2021-05-14T13:19:51+00:00","description":"MOTOGP - GRAND PRIX DE FRANCE - Solides Fran\u00e7ais ! Johann Zarco (Pramac Ducati) a r\u00e9alis\u00e9 le meilleur temps de la deuxi\u00e8me s\u00e9ance d'essais libres, devant Fabio Quartararo (Yamaha).","breadcrumb":{"@id":"https:\/\/dicodusport.fr\/blog\/motogp-grand-prix-de-france-johann-zarco-meilleur-temps-fp2-devant-fabio-quartararo\/#breadcrumb"},"inLanguage":"fr-FR","potentialAction":[{"@type":"ReadAction","target":["https:\/\/dicodusport.fr\/blog\/motogp-grand-prix-de-france-johann-zarco-meilleur-temps-fp2-devant-fabio-quartararo\/"]}]},{"@type":"ImageObject","inLanguage":"fr-FR","@id":"https:\/\/dicodusport.fr\/blog\/motogp-grand-prix-de-france-johann-zarco-meilleur-temps-fp2-devant-fabio-quartararo\/#primaryimage","url":"https:\/\/dicodusport.fr\/blog\/wp-content\/uploads\/2021\/03\/Grand-Prix-du-Qatar-Johann-Zarco-deuxieme-derriere-Maverick-Vinales.png","contentUrl":"https:\/\/dicodusport.fr\/blog\/wp-content\/uploads\/2021\/03\/Grand-Prix-du-Qatar-Johann-Zarco-deuxieme-derriere-Maverick-Vinales.png","width":800,"height":445,"caption":"Grand Prix de France : Johann Zarco meilleur temps des FP2 devant Fabio Quartararo"},{"@type":"BreadcrumbList","@id":"https:\/\/dicodusport.fr\/blog\/motogp-grand-prix-de-france-johann-zarco-meilleur-temps-fp2-devant-fabio-quartararo\/#breadcrumb","itemListElement":[{"@type":"ListItem","position":1,"name":"Accueil","item":"https:\/\/dicodusport.fr\/blog\/"},{"@type":"ListItem","position":2,"name":"Grand Prix de France : Johann Zarco meilleur temps des FP2 devant Fabio Quartararo"}]},{"@type":"WebSite","@id":"https:\/\/dicodusport.fr\/blog\/#website","url":"https:\/\/dicodusport.fr\/blog\/","name":"Dicodusport","description":"L&#039;encyclop\u00e9die de l&#039;actualit\u00e9 sportive","publisher":{"@id":"https:\/\/dicodusport.fr\/blog\/#organization"},"potentialAction":[{"@type":"SearchAction","target":{"@type":"EntryPoint","urlTemplate":"https:\/\/dicodusport.fr\/blog\/?s={search_term_string}"},"query-input":{"@type":"PropertyValueSpecification","valueRequired":true,"valueName":"search_term_string"}}],"inLanguage":"fr-FR"},{"@type":"NewsMediaOrganization","@id":"https:\/\/dicodusport.fr\/blog\/#organization","name":"Dicodusport","url":"https:\/\/dicodusport.fr\/blog\/","logo":{"@type":"ImageObject","inLanguage":"fr-FR","@id":"https:\/\/dicodusport.fr\/blog\/#\/schema\/logo\/image\/","url":"https:\/\/dicodusport.fr\/blog\/wp-content\/uploads\/2020\/06\/cropped-LOGO-DICODUSPORT-2020-SANS-FOND-SANS-TEXTE.png","contentUrl":"https:\/\/dicodusport.fr\/blog\/wp-content\/uploads\/2020\/06\/cropped-LOGO-DICODUSPORT-2020-SANS-FOND-SANS-TEXTE.png","width":512,"height":512,"caption":"Dicodusport"},"image":{"@id":"https:\/\/dicodusport.fr\/blog\/#\/schema\/logo\/image\/"},"sameAs":["https:\/\/www.facebook.com\/dicodusport","https:\/\/x.com\/dicodusport","https:\/\/www.instagram.com\/dicodusport\/","https:\/\/www.youtube.com\/channel\/UC7V2KZ5sd3htJivAbA4ZG3w"],"description":"Dicodusport est l'encyclop\u00e9die de l'actualit\u00e9 sportive.","email":"bonjour@dicodusport.fr","legalName":"DICODUSPORT","foundingDate":"2018-01-14","vatID":"FR71834470973","taxID":"83447097300043","numberOfEmployees":{"@type":"QuantitativeValue","minValue":"1","maxValue":"10"}},{"@type":"Person","@id":"https:\/\/dicodusport.fr\/blog\/#\/schema\/person\/cb02af4c173ce4a653b55e9baf388d4a","name":"Flo Ostermann","image":{"@type":"ImageObject","inLanguage":"fr-FR","@id":"https:\/\/dicodusport.fr\/blog\/#\/schema\/person\/image\/","url":"https:\/\/dicodusport.fr\/blog\/wp-content\/uploads\/2021\/05\/Flo-Ostermann-150x150.jpg","contentUrl":"https:\/\/dicodusport.fr\/blog\/wp-content\/uploads\/2021\/05\/Flo-Ostermann-150x150.jpg","caption":"Flo Ostermann"},"description":"Journaliste\/R\u00e9dacteur depuis septembre 2015 - Mes premiers souvenirs dans le sport ? Les envol\u00e9es du Stade Toulousain et les duels Villeneuve-Schumacher et H\u00e4kkinen-Schumacher \u00e0 la fin des ann\u00e9es 90, la Coupe du monde de football en 1998, l\u2019exploit du XV de France face aux All Blacks en 1999, mais aussi Richard C\u0153ur de Lion qui vole sur les montagnes du Tour de France. Bien parti pour devenir professeur d\u2019EPS, les \u00e9v\u00e9nements de la vie (et la flemme d\u2019animer des s\u00e9ances de 3x500 m\u00e8tres toute ma vie) m\u2019ont conduit \u00e0 revoir mes plans. Me voil\u00e0 depuis fin 2017 sur Dicodusport, m\u00e9dia gr\u00e2ce (et pour) lequel je partage ma passion : le sport dans tous ses \u00e9tats. Le tout accompagn\u00e9 par les fous furieux et folles furieuses cit\u00e9s sur cette page !","sameAs":["https:\/\/www.facebook.com\/florent.ostermann","https:\/\/x.com\/https:\/\/twitter.com\/FlOstermann","admin"],"url":"https:\/\/dicodusport.fr\/blog\/author\/flo\/"}]}},"_links":{"self":[{"href":"https:\/\/dicodusport.fr\/blog\/wp-json\/wp\/v2\/posts\/129486","targetHints":{"allow":["GET"]}}],"collection":[{"href":"https:\/\/dicodusport.fr\/blog\/wp-json\/wp\/v2\/posts"}],"about":[{"href":"https:\/\/dicodusport.fr\/blog\/wp-json\/wp\/v2\/types\/post"}],"author":[{"embeddable":true,"href":"https:\/\/dicodusport.fr\/blog\/wp-json\/wp\/v2\/users\/4"}],"replies":[{"embeddable":true,"href":"https:\/\/dicodusport.fr\/blog\/wp-json\/wp\/v2\/comments?post=129486"}],"version-history":[{"count":0,"href":"https:\/\/dicodusport.fr\/blog\/wp-json\/wp\/v2\/posts\/129486\/revisions"}],"wp:featuredmedia":[{"embeddable":true,"href":"https:\/\/dicodusport.fr\/blog\/wp-json\/wp\/v2\/media\/117267"}],"wp:attachment":[{"href":"https:\/\/dicodusport.fr\/blog\/wp-json\/wp\/v2\/media?parent=129486"}],"wp:term":[{"taxonomy":"category","embeddable":true,"href":"https:\/\/dicodusport.fr\/blog\/wp-json\/wp\/v2\/categories?post=129486"},{"taxonomy":"post_tag","embeddable":true,"href":"https:\/\/dicodusport.fr\/blog\/wp-json\/wp\/v2\/tags?post=129486"}],"curies":[{"name":"wp","href":"https:\/\/api.w.org\/{rel}","templated":true}]}}