{"id":129593,"date":"2021-05-14T19:13:16","date_gmt":"2021-05-14T17:13:16","guid":{"rendered":"https:\/\/dicodusport.fr\/blog\/?p=129593&#038;preview=true&#038;preview_id=129593"},"modified":"2021-05-14T19:34:22","modified_gmt":"2021-05-14T17:34:22","slug":"vtt-short-track-mathieu-van-der-poel-domine-tom-pidcock-d-un-cheveu-a-nove-mesto","status":"publish","type":"post","link":"https:\/\/dicodusport.fr\/blog\/vtt-short-track-mathieu-van-der-poel-domine-tom-pidcock-d-un-cheveu-a-nove-mesto\/","title":{"rendered":"VTT Short track : Mathieu van der Poel domine Tom Pidcock d&rsquo;un cheveu \u00e0 Nove Mesto"},"content":{"rendered":"<p style=\"text-align: justify;\"><strong><em>VTT &#8211; Au terme d&rsquo;une course ind\u00e9cise, Mathieu van der Poel (Alpecin Fenix) s&rsquo;est impos\u00e9e sur la short track de Nove Mesto (R\u00e9publique Tch\u00e8que). Le N\u00e9erlandais devance d&rsquo;un cheveu un certain Tom Pidcock (INEOS Grenadiers). Champion du monde en titre, Jordan Sarrou (Specialized) compl\u00e8te le podium.<\/em><\/strong><\/p>\n<p style=\"text-align: justify;\">Final digne d&rsquo;une classique belge ce vendredi \u00e0 Nove Mesto ! D\u00e9j\u00e0 victorieux de la short track d&rsquo;Albstadt la semaine pass\u00e9e, <strong>Mathieu van der Poel<\/strong> a remis \u00e7a ce vendredi en R\u00e9publique Tch\u00e8que. Cette fois, il a d\u00fb s&#8217;employer jusque dans les derniers m\u00e8tres pour s&rsquo;imposer, en dominant au sprint la p\u00e9pite <strong>Tom Pidcock<\/strong>. Au cours d&rsquo;une course de marquage, le duo n\u00e9erlando-britannique a fait une petite diff\u00e9rence dans le tout dernier des six tours pour s&rsquo;expliquer, van der Poel d\u00e9bordant Pidcock dans les derniers hectom\u00e8tres. Troisi\u00e8me, <strong>Jordan Sarrou<\/strong> (Specialized) retrouve le sourire apr\u00e8s un week-end allemand mitig\u00e9. <a href=\"https:\/\/dicodusport.fr\/blog\/vtt-victor-koretzky-gagne-devant-nino-schurter\/\">Vainqueur de la course XCO \u00e0 Albstadt<\/a>, <strong>Victor Koretzky<\/strong> se classe 4\u00e8me et confirme sa bonne forme du moment. <strong>Sarrou-Koretzky<\/strong>, ticket gagnant c\u00f4t\u00e9 Tricolores pour le JO ?<\/p>\n<p style=\"text-align: justify;\">C\u00f4t\u00e9 d\u00e9ceptions, <strong>Nino Schurter<\/strong> (Scott-SRAM MTB) et <strong>Henrique Avincini<\/strong> (Cannondale) terminent hors du top 10, respectivement aux 12\u00e8me et 13\u00e8me rang.<\/p>\n<h2 style=\"text-align: justify;\"><strong>Le classement de la short track de Nove Mesto<\/strong><\/h2>\n<div id=\"attachment_129605\" style=\"width: 2058px\" class=\"wp-caption aligncenter\"><a href=\"https:\/\/dicodusport.fr\/blog\/wp-content\/uploads\/2021\/05\/Le-classement-de-la-short-track-hommes-de-Nove-Mesto.jpg\"><img loading=\"lazy\" decoding=\"async\" aria-describedby=\"caption-attachment-129605\" class=\"size-full wp-image-129605\" src=\"https:\/\/dicodusport.fr\/blog\/wp-content\/uploads\/2021\/05\/Le-classement-de-la-short-track-hommes-de-Nove-Mesto.jpg\" alt=\"Le classement de la short track hommes de Nove Mesto\" width=\"2048\" height=\"1152\" srcset=\"https:\/\/dicodusport.fr\/blog\/wp-content\/uploads\/2021\/05\/Le-classement-de-la-short-track-hommes-de-Nove-Mesto.jpg 2048w, https:\/\/dicodusport.fr\/blog\/wp-content\/uploads\/2021\/05\/Le-classement-de-la-short-track-hommes-de-Nove-Mesto-300x169.jpg 300w, https:\/\/dicodusport.fr\/blog\/wp-content\/uploads\/2021\/05\/Le-classement-de-la-short-track-hommes-de-Nove-Mesto-1024x576.jpg 1024w, https:\/\/dicodusport.fr\/blog\/wp-content\/uploads\/2021\/05\/Le-classement-de-la-short-track-hommes-de-Nove-Mesto-768x432.jpg 768w, https:\/\/dicodusport.fr\/blog\/wp-content\/uploads\/2021\/05\/Le-classement-de-la-short-track-hommes-de-Nove-Mesto-1536x864.jpg 1536w\" sizes=\"auto, (max-width: 2048px) 100vw, 2048px\" \/><\/a><p id=\"caption-attachment-129605\" class=\"wp-caption-text\">Le classement de la short track hommes de Nove Mesto<\/p><\/div>\n","protected":false},"excerpt":{"rendered":"<p>VTT &#8211; Au terme d&rsquo;une course ind\u00e9cise, Mathieu van der Poel (Alpecin Fenix) s&rsquo;est impos\u00e9e sur la short track de Nove Mesto (R\u00e9publique Tch\u00e8que). Le N\u00e9erlandais devance d&rsquo;un cheveu un certain Tom Pidcock (INEOS Grenadiers). Champion du monde en titre, Jordan Sarrou (Specialized) compl\u00e8te le podium.<\/p>\n","protected":false},"author":4,"featured_media":128313,"comment_status":"open","ping_status":"closed","sticky":false,"template":"","format":"standard","meta":{"_acf_changed":false,"_daextam_enable_autolinks":"","footnotes":""},"categories":[10279],"tags":[16645],"class_list":["post-129593","post","type-post","status-publish","format-standard","has-post-thumbnail","hentry","category-vtt","tag-vtt-nove-mesto"],"acf":[],"yoast_head":"<!-- This site is optimized with the Yoast SEO Premium plugin v26.7 (Yoast SEO v26.7) - https:\/\/yoast.com\/wordpress\/plugins\/seo\/ -->\n<title>VTT Short track : Mathieu van der Poel domine Tom Pidcock d&#039;un cheveu \u00e0 Nove Mesto<\/title>\n<meta name=\"description\" content=\"VTT - Au terme d&#039;une course ind\u00e9cise, Mathieu van der Poel (Alpecin Fenix) s&#039;est impos\u00e9e sur la short track de Nove Mesto (R\u00e9publique Tch\u00e8que).\" \/>\n<meta name=\"robots\" content=\"index, follow, max-snippet:-1, max-image-preview:large, max-video-preview:-1\" \/>\n<link rel=\"canonical\" href=\"https:\/\/dicodusport.fr\/blog\/vtt-short-track-mathieu-van-der-poel-domine-tom-pidcock-d-un-cheveu-a-nove-mesto\/\" \/>\n<meta property=\"og:locale\" content=\"fr_FR\" \/>\n<meta property=\"og:type\" content=\"article\" \/>\n<meta property=\"og:title\" content=\"VTT Short track : Mathieu van der Poel domine Tom Pidcock d&#039;un cheveu \u00e0 Nove Mesto\" \/>\n<meta property=\"og:description\" content=\"VTT - Au terme d&#039;une course ind\u00e9cise, Mathieu van der Poel (Alpecin Fenix) s&#039;est impos\u00e9e sur la short track de Nove Mesto (R\u00e9publique Tch\u00e8que).\" \/>\n<meta property=\"og:url\" content=\"https:\/\/dicodusport.fr\/blog\/vtt-short-track-mathieu-van-der-poel-domine-tom-pidcock-d-un-cheveu-a-nove-mesto\/\" \/>\n<meta property=\"og:site_name\" content=\"Dicodusport\" \/>\n<meta property=\"article:publisher\" content=\"https:\/\/www.facebook.com\/dicodusport\" \/>\n<meta property=\"article:author\" content=\"https:\/\/www.facebook.com\/florent.ostermann\" \/>\n<meta property=\"article:published_time\" content=\"2021-05-14T17:13:16+00:00\" \/>\n<meta property=\"article:modified_time\" content=\"2021-05-14T17:34:22+00:00\" \/>\n<meta property=\"og:image\" content=\"https:\/\/dicodusport.fr\/blog\/wp-content\/uploads\/2021\/05\/Mathieu-van-der-Poel.png\" \/>\n\t<meta property=\"og:image:width\" content=\"800\" \/>\n\t<meta property=\"og:image:height\" content=\"445\" \/>\n\t<meta property=\"og:image:type\" content=\"image\/png\" \/>\n<meta name=\"author\" content=\"Flo Ostermann\" \/>\n<meta name=\"twitter:card\" content=\"summary_large_image\" \/>\n<meta name=\"twitter:title\" content=\"VTT Short track : Mathieu van der Poel domine Tom Pidcock d&#039;un cheveu \u00e0 Nove Mesto\" \/>\n<meta name=\"twitter:creator\" content=\"@https:\/\/twitter.com\/FlOstermann\" \/>\n<meta name=\"twitter:site\" content=\"@dicodusport\" \/>\n<script type=\"application\/ld+json\" class=\"yoast-schema-graph\">{\"@context\":\"https:\/\/schema.org\",\"@graph\":[{\"@type\":\"NewsArticle\",\"@id\":\"https:\/\/dicodusport.fr\/blog\/vtt-short-track-mathieu-van-der-poel-domine-tom-pidcock-d-un-cheveu-a-nove-mesto\/#article\",\"isPartOf\":{\"@id\":\"https:\/\/dicodusport.fr\/blog\/vtt-short-track-mathieu-van-der-poel-domine-tom-pidcock-d-un-cheveu-a-nove-mesto\/\"},\"author\":{\"name\":\"Flo Ostermann\",\"@id\":\"https:\/\/dicodusport.fr\/blog\/#\/schema\/person\/cb02af4c173ce4a653b55e9baf388d4a\"},\"headline\":\"VTT Short track : Mathieu van der Poel domine Tom Pidcock d&rsquo;un cheveu \u00e0 Nove Mesto\",\"datePublished\":\"2021-05-14T17:13:16+00:00\",\"dateModified\":\"2021-05-14T17:34:22+00:00\",\"mainEntityOfPage\":{\"@id\":\"https:\/\/dicodusport.fr\/blog\/vtt-short-track-mathieu-van-der-poel-domine-tom-pidcock-d-un-cheveu-a-nove-mesto\/\"},\"wordCount\":259,\"commentCount\":0,\"publisher\":{\"@id\":\"https:\/\/dicodusport.fr\/blog\/#organization\"},\"image\":{\"@id\":\"https:\/\/dicodusport.fr\/blog\/vtt-short-track-mathieu-van-der-poel-domine-tom-pidcock-d-un-cheveu-a-nove-mesto\/#primaryimage\"},\"thumbnailUrl\":\"https:\/\/dicodusport.fr\/blog\/wp-content\/uploads\/2021\/05\/Mathieu-van-der-Poel.png\",\"keywords\":[\"VTT Nove Mesto\"],\"articleSection\":[\"VTT\"],\"inLanguage\":\"fr-FR\",\"potentialAction\":[{\"@type\":\"CommentAction\",\"name\":\"Comment\",\"target\":[\"https:\/\/dicodusport.fr\/blog\/vtt-short-track-mathieu-van-der-poel-domine-tom-pidcock-d-un-cheveu-a-nove-mesto\/#respond\"]}],\"copyrightYear\":\"2021\",\"copyrightHolder\":{\"@id\":\"https:\/\/dicodusport.fr\/blog\/#organization\"}},{\"@type\":\"WebPage\",\"@id\":\"https:\/\/dicodusport.fr\/blog\/vtt-short-track-mathieu-van-der-poel-domine-tom-pidcock-d-un-cheveu-a-nove-mesto\/\",\"url\":\"https:\/\/dicodusport.fr\/blog\/vtt-short-track-mathieu-van-der-poel-domine-tom-pidcock-d-un-cheveu-a-nove-mesto\/\",\"name\":\"VTT Short track : Mathieu van der Poel domine Tom Pidcock d'un cheveu \u00e0 Nove Mesto\",\"isPartOf\":{\"@id\":\"https:\/\/dicodusport.fr\/blog\/#website\"},\"primaryImageOfPage\":{\"@id\":\"https:\/\/dicodusport.fr\/blog\/vtt-short-track-mathieu-van-der-poel-domine-tom-pidcock-d-un-cheveu-a-nove-mesto\/#primaryimage\"},\"image\":{\"@id\":\"https:\/\/dicodusport.fr\/blog\/vtt-short-track-mathieu-van-der-poel-domine-tom-pidcock-d-un-cheveu-a-nove-mesto\/#primaryimage\"},\"thumbnailUrl\":\"https:\/\/dicodusport.fr\/blog\/wp-content\/uploads\/2021\/05\/Mathieu-van-der-Poel.png\",\"datePublished\":\"2021-05-14T17:13:16+00:00\",\"dateModified\":\"2021-05-14T17:34:22+00:00\",\"description\":\"VTT - Au terme d'une course ind\u00e9cise, Mathieu van der Poel (Alpecin Fenix) s'est impos\u00e9e sur la short track de Nove Mesto (R\u00e9publique Tch\u00e8que).\",\"breadcrumb\":{\"@id\":\"https:\/\/dicodusport.fr\/blog\/vtt-short-track-mathieu-van-der-poel-domine-tom-pidcock-d-un-cheveu-a-nove-mesto\/#breadcrumb\"},\"inLanguage\":\"fr-FR\",\"potentialAction\":[{\"@type\":\"ReadAction\",\"target\":[\"https:\/\/dicodusport.fr\/blog\/vtt-short-track-mathieu-van-der-poel-domine-tom-pidcock-d-un-cheveu-a-nove-mesto\/\"]}]},{\"@type\":\"ImageObject\",\"inLanguage\":\"fr-FR\",\"@id\":\"https:\/\/dicodusport.fr\/blog\/vtt-short-track-mathieu-van-der-poel-domine-tom-pidcock-d-un-cheveu-a-nove-mesto\/#primaryimage\",\"url\":\"https:\/\/dicodusport.fr\/blog\/wp-content\/uploads\/2021\/05\/Mathieu-van-der-Poel.png\",\"contentUrl\":\"https:\/\/dicodusport.fr\/blog\/wp-content\/uploads\/2021\/05\/Mathieu-van-der-Poel.png\",\"width\":800,\"height\":445,\"caption\":\"VTT Short track : Mathieu van der Poel domine Tom Pidcock d'un cheveu \u00e0 Nove Mesto\"},{\"@type\":\"BreadcrumbList\",\"@id\":\"https:\/\/dicodusport.fr\/blog\/vtt-short-track-mathieu-van-der-poel-domine-tom-pidcock-d-un-cheveu-a-nove-mesto\/#breadcrumb\",\"itemListElement\":[{\"@type\":\"ListItem\",\"position\":1,\"name\":\"Accueil\",\"item\":\"https:\/\/dicodusport.fr\/blog\/\"},{\"@type\":\"ListItem\",\"position\":2,\"name\":\"VTT Short track : Mathieu van der Poel domine Tom Pidcock d&rsquo;un cheveu \u00e0 Nove Mesto\"}]},{\"@type\":\"WebSite\",\"@id\":\"https:\/\/dicodusport.fr\/blog\/#website\",\"url\":\"https:\/\/dicodusport.fr\/blog\/\",\"name\":\"Dicodusport\",\"description\":\"L&#039;encyclop\u00e9die de l&#039;actualit\u00e9 sportive\",\"publisher\":{\"@id\":\"https:\/\/dicodusport.fr\/blog\/#organization\"},\"potentialAction\":[{\"@type\":\"SearchAction\",\"target\":{\"@type\":\"EntryPoint\",\"urlTemplate\":\"https:\/\/dicodusport.fr\/blog\/?s={search_term_string}\"},\"query-input\":{\"@type\":\"PropertyValueSpecification\",\"valueRequired\":true,\"valueName\":\"search_term_string\"}}],\"inLanguage\":\"fr-FR\"},{\"@type\":\"NewsMediaOrganization\",\"@id\":\"https:\/\/dicodusport.fr\/blog\/#organization\",\"name\":\"Dicodusport\",\"url\":\"https:\/\/dicodusport.fr\/blog\/\",\"logo\":{\"@type\":\"ImageObject\",\"inLanguage\":\"fr-FR\",\"@id\":\"https:\/\/dicodusport.fr\/blog\/#\/schema\/logo\/image\/\",\"url\":\"https:\/\/dicodusport.fr\/blog\/wp-content\/uploads\/2020\/06\/cropped-LOGO-DICODUSPORT-2020-SANS-FOND-SANS-TEXTE.png\",\"contentUrl\":\"https:\/\/dicodusport.fr\/blog\/wp-content\/uploads\/2020\/06\/cropped-LOGO-DICODUSPORT-2020-SANS-FOND-SANS-TEXTE.png\",\"width\":512,\"height\":512,\"caption\":\"Dicodusport\"},\"image\":{\"@id\":\"https:\/\/dicodusport.fr\/blog\/#\/schema\/logo\/image\/\"},\"sameAs\":[\"https:\/\/www.facebook.com\/dicodusport\",\"https:\/\/x.com\/dicodusport\",\"https:\/\/www.instagram.com\/dicodusport\/\",\"https:\/\/www.youtube.com\/channel\/UC7V2KZ5sd3htJivAbA4ZG3w\"],\"description\":\"Dicodusport est l'encyclop\u00e9die de l'actualit\u00e9 sportive.\",\"email\":\"bonjour@dicodusport.fr\",\"legalName\":\"DICODUSPORT\",\"foundingDate\":\"2018-01-14\",\"vatID\":\"FR71834470973\",\"taxID\":\"83447097300043\",\"numberOfEmployees\":{\"@type\":\"QuantitativeValue\",\"minValue\":\"1\",\"maxValue\":\"10\"}},{\"@type\":\"Person\",\"@id\":\"https:\/\/dicodusport.fr\/blog\/#\/schema\/person\/cb02af4c173ce4a653b55e9baf388d4a\",\"name\":\"Flo Ostermann\",\"image\":{\"@type\":\"ImageObject\",\"inLanguage\":\"fr-FR\",\"@id\":\"https:\/\/dicodusport.fr\/blog\/#\/schema\/person\/image\/\",\"url\":\"https:\/\/dicodusport.fr\/blog\/wp-content\/uploads\/2021\/05\/Flo-Ostermann-150x150.jpg\",\"contentUrl\":\"https:\/\/dicodusport.fr\/blog\/wp-content\/uploads\/2021\/05\/Flo-Ostermann-150x150.jpg\",\"caption\":\"Flo Ostermann\"},\"description\":\"Journaliste\/R\u00e9dacteur depuis septembre 2015 - Mes premiers souvenirs dans le sport ? Les envol\u00e9es du Stade Toulousain et les duels Villeneuve-Schumacher et H\u00e4kkinen-Schumacher \u00e0 la fin des ann\u00e9es 90, la Coupe du monde de football en 1998, l\u2019exploit du XV de France face aux All Blacks en 1999, mais aussi Richard C\u0153ur de Lion qui vole sur les montagnes du Tour de France. Bien parti pour devenir professeur d\u2019EPS, les \u00e9v\u00e9nements de la vie (et la flemme d\u2019animer des s\u00e9ances de 3x500 m\u00e8tres toute ma vie) m\u2019ont conduit \u00e0 revoir mes plans. Me voil\u00e0 depuis fin 2017 sur Dicodusport, m\u00e9dia gr\u00e2ce (et pour) lequel je partage ma passion : le sport dans tous ses \u00e9tats. Le tout accompagn\u00e9 par les fous furieux et folles furieuses cit\u00e9s sur cette page !\",\"sameAs\":[\"https:\/\/www.facebook.com\/florent.ostermann\",\"https:\/\/x.com\/https:\/\/twitter.com\/FlOstermann\",\"admin\"],\"url\":\"https:\/\/dicodusport.fr\/blog\/author\/flo\/\"}]}<\/script>\n<!-- \/ Yoast SEO Premium plugin. -->","yoast_head_json":{"title":"VTT Short track : Mathieu van der Poel domine Tom Pidcock d'un cheveu \u00e0 Nove Mesto","description":"VTT - Au terme d'une course ind\u00e9cise, Mathieu van der Poel (Alpecin Fenix) s'est impos\u00e9e sur la short track de Nove Mesto (R\u00e9publique Tch\u00e8que).","robots":{"index":"index","follow":"follow","max-snippet":"max-snippet:-1","max-image-preview":"max-image-preview:large","max-video-preview":"max-video-preview:-1"},"canonical":"https:\/\/dicodusport.fr\/blog\/vtt-short-track-mathieu-van-der-poel-domine-tom-pidcock-d-un-cheveu-a-nove-mesto\/","og_locale":"fr_FR","og_type":"article","og_title":"VTT Short track : Mathieu van der Poel domine Tom Pidcock d'un cheveu \u00e0 Nove Mesto","og_description":"VTT - Au terme d'une course ind\u00e9cise, Mathieu van der Poel (Alpecin Fenix) s'est impos\u00e9e sur la short track de Nove Mesto (R\u00e9publique Tch\u00e8que).","og_url":"https:\/\/dicodusport.fr\/blog\/vtt-short-track-mathieu-van-der-poel-domine-tom-pidcock-d-un-cheveu-a-nove-mesto\/","og_site_name":"Dicodusport","article_publisher":"https:\/\/www.facebook.com\/dicodusport","article_author":"https:\/\/www.facebook.com\/florent.ostermann","article_published_time":"2021-05-14T17:13:16+00:00","article_modified_time":"2021-05-14T17:34:22+00:00","og_image":[{"width":800,"height":445,"url":"https:\/\/dicodusport.fr\/blog\/wp-content\/uploads\/2021\/05\/Mathieu-van-der-Poel.png","type":"image\/png"}],"author":"Flo Ostermann","twitter_card":"summary_large_image","twitter_title":"VTT Short track : Mathieu van der Poel domine Tom Pidcock d'un cheveu \u00e0 Nove Mesto","twitter_creator":"@https:\/\/twitter.com\/FlOstermann","twitter_site":"@dicodusport","schema":{"@context":"https:\/\/schema.org","@graph":[{"@type":"NewsArticle","@id":"https:\/\/dicodusport.fr\/blog\/vtt-short-track-mathieu-van-der-poel-domine-tom-pidcock-d-un-cheveu-a-nove-mesto\/#article","isPartOf":{"@id":"https:\/\/dicodusport.fr\/blog\/vtt-short-track-mathieu-van-der-poel-domine-tom-pidcock-d-un-cheveu-a-nove-mesto\/"},"author":{"name":"Flo Ostermann","@id":"https:\/\/dicodusport.fr\/blog\/#\/schema\/person\/cb02af4c173ce4a653b55e9baf388d4a"},"headline":"VTT Short track : Mathieu van der Poel domine Tom Pidcock d&rsquo;un cheveu \u00e0 Nove Mesto","datePublished":"2021-05-14T17:13:16+00:00","dateModified":"2021-05-14T17:34:22+00:00","mainEntityOfPage":{"@id":"https:\/\/dicodusport.fr\/blog\/vtt-short-track-mathieu-van-der-poel-domine-tom-pidcock-d-un-cheveu-a-nove-mesto\/"},"wordCount":259,"commentCount":0,"publisher":{"@id":"https:\/\/dicodusport.fr\/blog\/#organization"},"image":{"@id":"https:\/\/dicodusport.fr\/blog\/vtt-short-track-mathieu-van-der-poel-domine-tom-pidcock-d-un-cheveu-a-nove-mesto\/#primaryimage"},"thumbnailUrl":"https:\/\/dicodusport.fr\/blog\/wp-content\/uploads\/2021\/05\/Mathieu-van-der-Poel.png","keywords":["VTT Nove Mesto"],"articleSection":["VTT"],"inLanguage":"fr-FR","potentialAction":[{"@type":"CommentAction","name":"Comment","target":["https:\/\/dicodusport.fr\/blog\/vtt-short-track-mathieu-van-der-poel-domine-tom-pidcock-d-un-cheveu-a-nove-mesto\/#respond"]}],"copyrightYear":"2021","copyrightHolder":{"@id":"https:\/\/dicodusport.fr\/blog\/#organization"}},{"@type":"WebPage","@id":"https:\/\/dicodusport.fr\/blog\/vtt-short-track-mathieu-van-der-poel-domine-tom-pidcock-d-un-cheveu-a-nove-mesto\/","url":"https:\/\/dicodusport.fr\/blog\/vtt-short-track-mathieu-van-der-poel-domine-tom-pidcock-d-un-cheveu-a-nove-mesto\/","name":"VTT Short track : Mathieu van der Poel domine Tom Pidcock d'un cheveu \u00e0 Nove Mesto","isPartOf":{"@id":"https:\/\/dicodusport.fr\/blog\/#website"},"primaryImageOfPage":{"@id":"https:\/\/dicodusport.fr\/blog\/vtt-short-track-mathieu-van-der-poel-domine-tom-pidcock-d-un-cheveu-a-nove-mesto\/#primaryimage"},"image":{"@id":"https:\/\/dicodusport.fr\/blog\/vtt-short-track-mathieu-van-der-poel-domine-tom-pidcock-d-un-cheveu-a-nove-mesto\/#primaryimage"},"thumbnailUrl":"https:\/\/dicodusport.fr\/blog\/wp-content\/uploads\/2021\/05\/Mathieu-van-der-Poel.png","datePublished":"2021-05-14T17:13:16+00:00","dateModified":"2021-05-14T17:34:22+00:00","description":"VTT - Au terme d'une course ind\u00e9cise, Mathieu van der Poel (Alpecin Fenix) s'est impos\u00e9e sur la short track de Nove Mesto (R\u00e9publique Tch\u00e8que).","breadcrumb":{"@id":"https:\/\/dicodusport.fr\/blog\/vtt-short-track-mathieu-van-der-poel-domine-tom-pidcock-d-un-cheveu-a-nove-mesto\/#breadcrumb"},"inLanguage":"fr-FR","potentialAction":[{"@type":"ReadAction","target":["https:\/\/dicodusport.fr\/blog\/vtt-short-track-mathieu-van-der-poel-domine-tom-pidcock-d-un-cheveu-a-nove-mesto\/"]}]},{"@type":"ImageObject","inLanguage":"fr-FR","@id":"https:\/\/dicodusport.fr\/blog\/vtt-short-track-mathieu-van-der-poel-domine-tom-pidcock-d-un-cheveu-a-nove-mesto\/#primaryimage","url":"https:\/\/dicodusport.fr\/blog\/wp-content\/uploads\/2021\/05\/Mathieu-van-der-Poel.png","contentUrl":"https:\/\/dicodusport.fr\/blog\/wp-content\/uploads\/2021\/05\/Mathieu-van-der-Poel.png","width":800,"height":445,"caption":"VTT Short track : Mathieu van der Poel domine Tom Pidcock d'un cheveu \u00e0 Nove Mesto"},{"@type":"BreadcrumbList","@id":"https:\/\/dicodusport.fr\/blog\/vtt-short-track-mathieu-van-der-poel-domine-tom-pidcock-d-un-cheveu-a-nove-mesto\/#breadcrumb","itemListElement":[{"@type":"ListItem","position":1,"name":"Accueil","item":"https:\/\/dicodusport.fr\/blog\/"},{"@type":"ListItem","position":2,"name":"VTT Short track : Mathieu van der Poel domine Tom Pidcock d&rsquo;un cheveu \u00e0 Nove Mesto"}]},{"@type":"WebSite","@id":"https:\/\/dicodusport.fr\/blog\/#website","url":"https:\/\/dicodusport.fr\/blog\/","name":"Dicodusport","description":"L&#039;encyclop\u00e9die de l&#039;actualit\u00e9 sportive","publisher":{"@id":"https:\/\/dicodusport.fr\/blog\/#organization"},"potentialAction":[{"@type":"SearchAction","target":{"@type":"EntryPoint","urlTemplate":"https:\/\/dicodusport.fr\/blog\/?s={search_term_string}"},"query-input":{"@type":"PropertyValueSpecification","valueRequired":true,"valueName":"search_term_string"}}],"inLanguage":"fr-FR"},{"@type":"NewsMediaOrganization","@id":"https:\/\/dicodusport.fr\/blog\/#organization","name":"Dicodusport","url":"https:\/\/dicodusport.fr\/blog\/","logo":{"@type":"ImageObject","inLanguage":"fr-FR","@id":"https:\/\/dicodusport.fr\/blog\/#\/schema\/logo\/image\/","url":"https:\/\/dicodusport.fr\/blog\/wp-content\/uploads\/2020\/06\/cropped-LOGO-DICODUSPORT-2020-SANS-FOND-SANS-TEXTE.png","contentUrl":"https:\/\/dicodusport.fr\/blog\/wp-content\/uploads\/2020\/06\/cropped-LOGO-DICODUSPORT-2020-SANS-FOND-SANS-TEXTE.png","width":512,"height":512,"caption":"Dicodusport"},"image":{"@id":"https:\/\/dicodusport.fr\/blog\/#\/schema\/logo\/image\/"},"sameAs":["https:\/\/www.facebook.com\/dicodusport","https:\/\/x.com\/dicodusport","https:\/\/www.instagram.com\/dicodusport\/","https:\/\/www.youtube.com\/channel\/UC7V2KZ5sd3htJivAbA4ZG3w"],"description":"Dicodusport est l'encyclop\u00e9die de l'actualit\u00e9 sportive.","email":"bonjour@dicodusport.fr","legalName":"DICODUSPORT","foundingDate":"2018-01-14","vatID":"FR71834470973","taxID":"83447097300043","numberOfEmployees":{"@type":"QuantitativeValue","minValue":"1","maxValue":"10"}},{"@type":"Person","@id":"https:\/\/dicodusport.fr\/blog\/#\/schema\/person\/cb02af4c173ce4a653b55e9baf388d4a","name":"Flo Ostermann","image":{"@type":"ImageObject","inLanguage":"fr-FR","@id":"https:\/\/dicodusport.fr\/blog\/#\/schema\/person\/image\/","url":"https:\/\/dicodusport.fr\/blog\/wp-content\/uploads\/2021\/05\/Flo-Ostermann-150x150.jpg","contentUrl":"https:\/\/dicodusport.fr\/blog\/wp-content\/uploads\/2021\/05\/Flo-Ostermann-150x150.jpg","caption":"Flo Ostermann"},"description":"Journaliste\/R\u00e9dacteur depuis septembre 2015 - Mes premiers souvenirs dans le sport ? Les envol\u00e9es du Stade Toulousain et les duels Villeneuve-Schumacher et H\u00e4kkinen-Schumacher \u00e0 la fin des ann\u00e9es 90, la Coupe du monde de football en 1998, l\u2019exploit du XV de France face aux All Blacks en 1999, mais aussi Richard C\u0153ur de Lion qui vole sur les montagnes du Tour de France. Bien parti pour devenir professeur d\u2019EPS, les \u00e9v\u00e9nements de la vie (et la flemme d\u2019animer des s\u00e9ances de 3x500 m\u00e8tres toute ma vie) m\u2019ont conduit \u00e0 revoir mes plans. Me voil\u00e0 depuis fin 2017 sur Dicodusport, m\u00e9dia gr\u00e2ce (et pour) lequel je partage ma passion : le sport dans tous ses \u00e9tats. Le tout accompagn\u00e9 par les fous furieux et folles furieuses cit\u00e9s sur cette page !","sameAs":["https:\/\/www.facebook.com\/florent.ostermann","https:\/\/x.com\/https:\/\/twitter.com\/FlOstermann","admin"],"url":"https:\/\/dicodusport.fr\/blog\/author\/flo\/"}]}},"_links":{"self":[{"href":"https:\/\/dicodusport.fr\/blog\/wp-json\/wp\/v2\/posts\/129593","targetHints":{"allow":["GET"]}}],"collection":[{"href":"https:\/\/dicodusport.fr\/blog\/wp-json\/wp\/v2\/posts"}],"about":[{"href":"https:\/\/dicodusport.fr\/blog\/wp-json\/wp\/v2\/types\/post"}],"author":[{"embeddable":true,"href":"https:\/\/dicodusport.fr\/blog\/wp-json\/wp\/v2\/users\/4"}],"replies":[{"embeddable":true,"href":"https:\/\/dicodusport.fr\/blog\/wp-json\/wp\/v2\/comments?post=129593"}],"version-history":[{"count":0,"href":"https:\/\/dicodusport.fr\/blog\/wp-json\/wp\/v2\/posts\/129593\/revisions"}],"wp:featuredmedia":[{"embeddable":true,"href":"https:\/\/dicodusport.fr\/blog\/wp-json\/wp\/v2\/media\/128313"}],"wp:attachment":[{"href":"https:\/\/dicodusport.fr\/blog\/wp-json\/wp\/v2\/media?parent=129593"}],"wp:term":[{"taxonomy":"category","embeddable":true,"href":"https:\/\/dicodusport.fr\/blog\/wp-json\/wp\/v2\/categories?post=129593"},{"taxonomy":"post_tag","embeddable":true,"href":"https:\/\/dicodusport.fr\/blog\/wp-json\/wp\/v2\/tags?post=129593"}],"curies":[{"name":"wp","href":"https:\/\/api.w.org\/{rel}","templated":true}]}}