{"id":129668,"date":"2021-05-15T08:00:39","date_gmt":"2021-05-15T06:00:39","guid":{"rendered":"https:\/\/dicodusport.fr\/blog\/?p=129668"},"modified":"2021-05-15T07:52:13","modified_gmt":"2021-05-15T05:52:13","slug":"15-mai-2007-dirk-nowitzki-premier-mvp-europeen","status":"publish","type":"post","link":"https:\/\/dicodusport.fr\/blog\/15-mai-2007-dirk-nowitzki-premier-mvp-europeen\/","title":{"rendered":"15 mai 2007 : Dirk Nowitzki, premier MVP europ\u00e9en"},"content":{"rendered":"<p style=\"text-align: justify;\"><em><strong><a href=\"https:\/\/dicodusport.fr\/definition-sport\/basket-ball\/\">BASKET-BALL<\/a> &#8211; Cherchez, cherchez bien, depuis la cr\u00e9ation du titre de MVP, aucun europ\u00e9en n\u2019a \u00e9t\u00e9 sacr\u00e9. Mais \u00e7a, c\u2019\u00e9tait avec ce 15 mai 2007 et un certain Allemand du nom de Dirk Nowitzki. Apr\u00e8s la fabuleuse histoire de <a href=\"https:\/\/dicodusport.fr\/blog\/10-mai-2016-stephen-curry-mvp-a-lunanimite\/\">Stephen Curry<\/a>, retour aujourd\u2019hui sur cette autre premi\u00e8re dans l\u2019histoire de la NBA.<\/strong><\/em><\/p>\n<h2>\u00c7a s&rsquo;est pass\u00e9 le 15 mai 2007<\/h2>\n<p style=\"text-align: justify;\">Draft\u00e9 en 1998 par les Bucks de Milwaukee, <strong>Dirk Nowitzki<\/strong> est \u00e9chang\u00e9 \u00e0 Dallas dans la foul\u00e9e. Si les d\u00e9buts et l\u2019int\u00e9gration chez les Mavericks s\u2019av\u00e8rent compliqu\u00e9s, l\u2019Allemand trouve en Steve Nash un partenaire de jeu compl\u00e9mentaire. Petit \u00e0 petit, l\u2019ailier fort se fait sa place, les Mavs aussi. Pour la saison 2000-2001, la franchise retrouve les playoffs apr\u00e8s dix ans d\u2019absence. Malheureusement, les s\u00e9ries \u00e9liminatoires ne se passent pas toujours de la meilleure des mani\u00e8res. Pourtant, la r\u00e9gularit\u00e9 est l\u00e0 au fil des ann\u00e9es.<\/p>\n<p style=\"text-align: justify;\">Dirk Nowitzki, de son c\u00f4t\u00e9, a finalement parfaitement trouv\u00e9 sa place et encha\u00eene les bonnes performances. C\u2019est en 2007, apr\u00e8s un bilan de 67 victoires et 15 d\u00e9faites pour Dallas que le travail de l\u2019Allemand est r\u00e9compens\u00e9. Lors de la remise des Troph\u00e9es NBA, il devient en ce 15 mai 2007 le premier basketteur europ\u00e9en \u00e0 \u00eatre sacr\u00e9 MVP de la saison r\u00e9guli\u00e8re. Loin d\u2019\u00f4ter les regrets dans l\u2019esprit de Nowitzki apr\u00e8s un nouvel \u00e9chec en playoffs, ce dernier vient pourtant d\u2019entrer dans l\u2019histoire de la NBA. Surtout qu\u2019avec un peu de patience, il finira par le soulever, ce troph\u00e9e Larry O\u2019Brien.<\/p>\n<p><span class=\"zC9hou4hx6MgxqLvUtwdrYAsdpNe8Dk3HJ9WWkD8ES5QtpybIf6KOnCj74GXrPgmnauRcloGUM3i\"><iframe loading=\"lazy\" title=\"Dirk Nowitzki Top 50 Career Plays\" width=\"740\" height=\"416\" src=\"https:\/\/www.youtube.com\/embed\/BfixJPEky1I?feature=oembed\" frameborder=\"0\" allow=\"accelerometer; autoplay; clipboard-write; encrypted-media; gyroscope; picture-in-picture; web-share\" allowfullscreen><\/iframe><\/span><\/p>\n<p style=\"text-align: justify;\"><strong>Info\u00a0<\/strong>: Apr\u00e8s 21 saisons sous les couleurs de la m\u00eame franchise, Dirk Nowitzki joue son dernier match le 10 avril 2019. Meilleur marqueur de l\u2019histoire de Dallas, il est bien loin le temps o\u00f9 il arrivait dans la Grande Ligue. Quant au titre NBA, il le d\u00e9croche finalement en 2011, le seul des Mavericks.<\/p>\n","protected":false},"excerpt":{"rendered":"<p>Le 15 mai 2007, l&rsquo;Allemand Dirk Nowitzki devenait le premier europ\u00e9en \u00e0 \u00eatre MVP. Retour sur cette grande premi\u00e8re dans l&rsquo;histoire de la NBA.<\/p>\n","protected":false},"author":18,"featured_media":129676,"comment_status":"open","ping_status":"closed","sticky":false,"template":"","format":"standard","meta":{"_acf_changed":false,"_daextam_enable_autolinks":"","footnotes":""},"categories":[8,10533],"tags":[2111,179],"class_list":["post-129668","post","type-post","status-publish","format-standard","has-post-thumbnail","hentry","category-histoire","category-nba","tag-dallas-mavericks","tag-nba"],"acf":[],"yoast_head":"<!-- This site is optimized with the Yoast SEO Premium plugin v26.7 (Yoast SEO v26.7) - https:\/\/yoast.com\/wordpress\/plugins\/seo\/ -->\n<title>15 mai 2007 : Dirk Nowitzki, premier MVP europ\u00e9en<\/title>\n<meta name=\"description\" content=\"Le 15 mai 2007, l&#039;Allemand Dirk Nowitzki devenait le premier europ\u00e9en \u00e0 \u00eatre MVP. Retour sur cette grande premi\u00e8re dans l&#039;histoire de la NBA.\" \/>\n<meta name=\"robots\" content=\"index, follow, max-snippet:-1, max-image-preview:large, max-video-preview:-1\" \/>\n<link rel=\"canonical\" href=\"https:\/\/dicodusport.fr\/blog\/15-mai-2007-dirk-nowitzki-premier-mvp-europeen\/\" \/>\n<meta property=\"og:locale\" content=\"fr_FR\" \/>\n<meta property=\"og:type\" content=\"article\" \/>\n<meta property=\"og:title\" content=\"15 mai 2007 : Dirk Nowitzki, premier MVP europ\u00e9en\" \/>\n<meta property=\"og:description\" content=\"Le 15 mai 2007, l&#039;Allemand Dirk Nowitzki devenait le premier europ\u00e9en \u00e0 \u00eatre MVP. Retour sur cette grande premi\u00e8re dans l&#039;histoire de la NBA.\" \/>\n<meta property=\"og:url\" content=\"https:\/\/dicodusport.fr\/blog\/15-mai-2007-dirk-nowitzki-premier-mvp-europeen\/\" \/>\n<meta property=\"og:site_name\" content=\"Dicodusport\" \/>\n<meta property=\"article:publisher\" content=\"https:\/\/www.facebook.com\/dicodusport\" \/>\n<meta property=\"article:author\" content=\"https:\/\/www.facebook.com\/soocube\" \/>\n<meta property=\"article:published_time\" content=\"2021-05-15T06:00:39+00:00\" \/>\n<meta property=\"og:image\" content=\"https:\/\/dicodusport.fr\/blog\/wp-content\/uploads\/2021\/05\/15-mai-2007-Dirk-Nowitzki-premier-MVP-europeen.png\" \/>\n\t<meta property=\"og:image:width\" content=\"800\" \/>\n\t<meta property=\"og:image:height\" content=\"445\" \/>\n\t<meta property=\"og:image:type\" content=\"image\/png\" \/>\n<meta name=\"author\" content=\"Sophie Clapier\" \/>\n<meta name=\"twitter:card\" content=\"summary_large_image\" \/>\n<meta name=\"twitter:title\" content=\"15 mai 2007 : Dirk Nowitzki, premier MVP europ\u00e9en\" \/>\n<meta name=\"twitter:creator\" content=\"@https:\/\/twitter.com\/soocube\" \/>\n<meta name=\"twitter:site\" content=\"@dicodusport\" \/>\n<script type=\"application\/ld+json\" class=\"yoast-schema-graph\">{\"@context\":\"https:\/\/schema.org\",\"@graph\":[{\"@type\":\"NewsArticle\",\"@id\":\"https:\/\/dicodusport.fr\/blog\/15-mai-2007-dirk-nowitzki-premier-mvp-europeen\/#article\",\"isPartOf\":{\"@id\":\"https:\/\/dicodusport.fr\/blog\/15-mai-2007-dirk-nowitzki-premier-mvp-europeen\/\"},\"author\":{\"name\":\"Sophie Clapier\",\"@id\":\"https:\/\/dicodusport.fr\/blog\/#\/schema\/person\/416c975648aca9da8839bdfe333a21c9\"},\"headline\":\"15 mai 2007 : Dirk Nowitzki, premier MVP europ\u00e9en\",\"datePublished\":\"2021-05-15T06:00:39+00:00\",\"mainEntityOfPage\":{\"@id\":\"https:\/\/dicodusport.fr\/blog\/15-mai-2007-dirk-nowitzki-premier-mvp-europeen\/\"},\"wordCount\":346,\"commentCount\":0,\"publisher\":{\"@id\":\"https:\/\/dicodusport.fr\/blog\/#organization\"},\"image\":{\"@id\":\"https:\/\/dicodusport.fr\/blog\/15-mai-2007-dirk-nowitzki-premier-mvp-europeen\/#primaryimage\"},\"thumbnailUrl\":\"https:\/\/dicodusport.fr\/blog\/wp-content\/uploads\/2021\/05\/15-mai-2007-Dirk-Nowitzki-premier-MVP-europeen.png\",\"keywords\":[\"Dallas Mavericks\",\"NBA\"],\"articleSection\":[\"Histoire\",\"NBA\"],\"inLanguage\":\"fr-FR\",\"potentialAction\":[{\"@type\":\"CommentAction\",\"name\":\"Comment\",\"target\":[\"https:\/\/dicodusport.fr\/blog\/15-mai-2007-dirk-nowitzki-premier-mvp-europeen\/#respond\"]}],\"copyrightYear\":\"2021\",\"copyrightHolder\":{\"@id\":\"https:\/\/dicodusport.fr\/blog\/#organization\"}},{\"@type\":\"WebPage\",\"@id\":\"https:\/\/dicodusport.fr\/blog\/15-mai-2007-dirk-nowitzki-premier-mvp-europeen\/\",\"url\":\"https:\/\/dicodusport.fr\/blog\/15-mai-2007-dirk-nowitzki-premier-mvp-europeen\/\",\"name\":\"15 mai 2007 : Dirk Nowitzki, premier MVP europ\u00e9en\",\"isPartOf\":{\"@id\":\"https:\/\/dicodusport.fr\/blog\/#website\"},\"primaryImageOfPage\":{\"@id\":\"https:\/\/dicodusport.fr\/blog\/15-mai-2007-dirk-nowitzki-premier-mvp-europeen\/#primaryimage\"},\"image\":{\"@id\":\"https:\/\/dicodusport.fr\/blog\/15-mai-2007-dirk-nowitzki-premier-mvp-europeen\/#primaryimage\"},\"thumbnailUrl\":\"https:\/\/dicodusport.fr\/blog\/wp-content\/uploads\/2021\/05\/15-mai-2007-Dirk-Nowitzki-premier-MVP-europeen.png\",\"datePublished\":\"2021-05-15T06:00:39+00:00\",\"description\":\"Le 15 mai 2007, l'Allemand Dirk Nowitzki devenait le premier europ\u00e9en \u00e0 \u00eatre MVP. Retour sur cette grande premi\u00e8re dans l'histoire de la NBA.\",\"breadcrumb\":{\"@id\":\"https:\/\/dicodusport.fr\/blog\/15-mai-2007-dirk-nowitzki-premier-mvp-europeen\/#breadcrumb\"},\"inLanguage\":\"fr-FR\",\"potentialAction\":[{\"@type\":\"ReadAction\",\"target\":[\"https:\/\/dicodusport.fr\/blog\/15-mai-2007-dirk-nowitzki-premier-mvp-europeen\/\"]}]},{\"@type\":\"ImageObject\",\"inLanguage\":\"fr-FR\",\"@id\":\"https:\/\/dicodusport.fr\/blog\/15-mai-2007-dirk-nowitzki-premier-mvp-europeen\/#primaryimage\",\"url\":\"https:\/\/dicodusport.fr\/blog\/wp-content\/uploads\/2021\/05\/15-mai-2007-Dirk-Nowitzki-premier-MVP-europeen.png\",\"contentUrl\":\"https:\/\/dicodusport.fr\/blog\/wp-content\/uploads\/2021\/05\/15-mai-2007-Dirk-Nowitzki-premier-MVP-europeen.png\",\"width\":800,\"height\":445,\"caption\":\"15 mai 2007 - Dirk Nowitzki, premier MVP europ\u00e9en\"},{\"@type\":\"BreadcrumbList\",\"@id\":\"https:\/\/dicodusport.fr\/blog\/15-mai-2007-dirk-nowitzki-premier-mvp-europeen\/#breadcrumb\",\"itemListElement\":[{\"@type\":\"ListItem\",\"position\":1,\"name\":\"Accueil\",\"item\":\"https:\/\/dicodusport.fr\/blog\/\"},{\"@type\":\"ListItem\",\"position\":2,\"name\":\"15 mai 2007 : Dirk Nowitzki, premier MVP europ\u00e9en\"}]},{\"@type\":\"WebSite\",\"@id\":\"https:\/\/dicodusport.fr\/blog\/#website\",\"url\":\"https:\/\/dicodusport.fr\/blog\/\",\"name\":\"Dicodusport\",\"description\":\"L&#039;encyclop\u00e9die de l&#039;actualit\u00e9 sportive\",\"publisher\":{\"@id\":\"https:\/\/dicodusport.fr\/blog\/#organization\"},\"potentialAction\":[{\"@type\":\"SearchAction\",\"target\":{\"@type\":\"EntryPoint\",\"urlTemplate\":\"https:\/\/dicodusport.fr\/blog\/?s={search_term_string}\"},\"query-input\":{\"@type\":\"PropertyValueSpecification\",\"valueRequired\":true,\"valueName\":\"search_term_string\"}}],\"inLanguage\":\"fr-FR\"},{\"@type\":\"NewsMediaOrganization\",\"@id\":\"https:\/\/dicodusport.fr\/blog\/#organization\",\"name\":\"Dicodusport\",\"url\":\"https:\/\/dicodusport.fr\/blog\/\",\"logo\":{\"@type\":\"ImageObject\",\"inLanguage\":\"fr-FR\",\"@id\":\"https:\/\/dicodusport.fr\/blog\/#\/schema\/logo\/image\/\",\"url\":\"https:\/\/dicodusport.fr\/blog\/wp-content\/uploads\/2020\/06\/cropped-LOGO-DICODUSPORT-2020-SANS-FOND-SANS-TEXTE.png\",\"contentUrl\":\"https:\/\/dicodusport.fr\/blog\/wp-content\/uploads\/2020\/06\/cropped-LOGO-DICODUSPORT-2020-SANS-FOND-SANS-TEXTE.png\",\"width\":512,\"height\":512,\"caption\":\"Dicodusport\"},\"image\":{\"@id\":\"https:\/\/dicodusport.fr\/blog\/#\/schema\/logo\/image\/\"},\"sameAs\":[\"https:\/\/www.facebook.com\/dicodusport\",\"https:\/\/x.com\/dicodusport\",\"https:\/\/www.instagram.com\/dicodusport\/\",\"https:\/\/www.youtube.com\/channel\/UC7V2KZ5sd3htJivAbA4ZG3w\"],\"description\":\"Dicodusport est l'encyclop\u00e9die de l'actualit\u00e9 sportive.\",\"email\":\"bonjour@dicodusport.fr\",\"legalName\":\"DICODUSPORT\",\"foundingDate\":\"2018-01-14\",\"vatID\":\"FR71834470973\",\"taxID\":\"83447097300043\",\"numberOfEmployees\":{\"@type\":\"QuantitativeValue\",\"minValue\":\"1\",\"maxValue\":\"10\"}},{\"@type\":\"Person\",\"@id\":\"https:\/\/dicodusport.fr\/blog\/#\/schema\/person\/416c975648aca9da8839bdfe333a21c9\",\"name\":\"Sophie Clapier\",\"image\":{\"@type\":\"ImageObject\",\"inLanguage\":\"fr-FR\",\"@id\":\"https:\/\/dicodusport.fr\/blog\/#\/schema\/person\/image\/\",\"url\":\"https:\/\/dicodusport.fr\/blog\/wp-content\/uploads\/2021\/05\/Sophie-Clapier-150x150.jpg\",\"contentUrl\":\"https:\/\/dicodusport.fr\/blog\/wp-content\/uploads\/2021\/05\/Sophie-Clapier-150x150.jpg\",\"caption\":\"Sophie Clapier\"},\"description\":\"Journaliste\/r\u00e9dactrice depuis janvier 2016 - Passionn\u00e9e de sport depuis toujours, j\u2019en ai pratiqu\u00e9 quelques-uns. Judo, football, handball ou encore tennis, je n\u2019ai jamais pu me mettre d\u2019accord sur un en particulier. Mais \u00e7a, c\u2019\u00e9tait avant de d\u00e9couvrir le basket, devenu mon sport de pr\u00e9dilection. Les actions NBA, le All-Star Week-end, la fureur des Game 7 pendant les playoffs ou mieux, lors des Finals, this is why we play. Team Spurs T.P, je m\u2019accroche encore \u00e0 Gregg Popovich (don\u2019t leave !). Team chef Curry, je souhaite qu\u2019il finisse aux Warriors (staaaay !). Non, il n\u2019y a pas qu\u2019eux, des petits nouveaux -et des petites nouvelles \u00e9videmment- arrivent chaque jour dans toutes les disciplines et cr\u00e9ent de nouveaux exploits. Alors pour les grands \u00e9v\u00e9nements et comp\u00e9titions internationales, vive les pulsations 240\/minutes et le d\u00e9fibrillateur pas loin, et allez les Bleu(e)s ! C\u2019est s\u00fbr, j\u2019aurai plus vu ma vie sur un terrain de sport, mais \u00e0 d\u00e9faut d\u2019en faire en haut niveau, je le partage avec vous.\",\"sameAs\":[\"https:\/\/www.facebook.com\/soocube\",\"https:\/\/x.com\/https:\/\/twitter.com\/soocube\",\"admin\"],\"url\":\"https:\/\/dicodusport.fr\/blog\/author\/sophie\/\"}]}<\/script>\n<!-- \/ Yoast SEO Premium plugin. -->","yoast_head_json":{"title":"15 mai 2007 : Dirk Nowitzki, premier MVP europ\u00e9en","description":"Le 15 mai 2007, l'Allemand Dirk Nowitzki devenait le premier europ\u00e9en \u00e0 \u00eatre MVP. Retour sur cette grande premi\u00e8re dans l'histoire de la NBA.","robots":{"index":"index","follow":"follow","max-snippet":"max-snippet:-1","max-image-preview":"max-image-preview:large","max-video-preview":"max-video-preview:-1"},"canonical":"https:\/\/dicodusport.fr\/blog\/15-mai-2007-dirk-nowitzki-premier-mvp-europeen\/","og_locale":"fr_FR","og_type":"article","og_title":"15 mai 2007 : Dirk Nowitzki, premier MVP europ\u00e9en","og_description":"Le 15 mai 2007, l'Allemand Dirk Nowitzki devenait le premier europ\u00e9en \u00e0 \u00eatre MVP. Retour sur cette grande premi\u00e8re dans l'histoire de la NBA.","og_url":"https:\/\/dicodusport.fr\/blog\/15-mai-2007-dirk-nowitzki-premier-mvp-europeen\/","og_site_name":"Dicodusport","article_publisher":"https:\/\/www.facebook.com\/dicodusport","article_author":"https:\/\/www.facebook.com\/soocube","article_published_time":"2021-05-15T06:00:39+00:00","og_image":[{"width":800,"height":445,"url":"https:\/\/dicodusport.fr\/blog\/wp-content\/uploads\/2021\/05\/15-mai-2007-Dirk-Nowitzki-premier-MVP-europeen.png","type":"image\/png"}],"author":"Sophie Clapier","twitter_card":"summary_large_image","twitter_title":"15 mai 2007 : Dirk Nowitzki, premier MVP europ\u00e9en","twitter_creator":"@https:\/\/twitter.com\/soocube","twitter_site":"@dicodusport","schema":{"@context":"https:\/\/schema.org","@graph":[{"@type":"NewsArticle","@id":"https:\/\/dicodusport.fr\/blog\/15-mai-2007-dirk-nowitzki-premier-mvp-europeen\/#article","isPartOf":{"@id":"https:\/\/dicodusport.fr\/blog\/15-mai-2007-dirk-nowitzki-premier-mvp-europeen\/"},"author":{"name":"Sophie Clapier","@id":"https:\/\/dicodusport.fr\/blog\/#\/schema\/person\/416c975648aca9da8839bdfe333a21c9"},"headline":"15 mai 2007 : Dirk Nowitzki, premier MVP europ\u00e9en","datePublished":"2021-05-15T06:00:39+00:00","mainEntityOfPage":{"@id":"https:\/\/dicodusport.fr\/blog\/15-mai-2007-dirk-nowitzki-premier-mvp-europeen\/"},"wordCount":346,"commentCount":0,"publisher":{"@id":"https:\/\/dicodusport.fr\/blog\/#organization"},"image":{"@id":"https:\/\/dicodusport.fr\/blog\/15-mai-2007-dirk-nowitzki-premier-mvp-europeen\/#primaryimage"},"thumbnailUrl":"https:\/\/dicodusport.fr\/blog\/wp-content\/uploads\/2021\/05\/15-mai-2007-Dirk-Nowitzki-premier-MVP-europeen.png","keywords":["Dallas Mavericks","NBA"],"articleSection":["Histoire","NBA"],"inLanguage":"fr-FR","potentialAction":[{"@type":"CommentAction","name":"Comment","target":["https:\/\/dicodusport.fr\/blog\/15-mai-2007-dirk-nowitzki-premier-mvp-europeen\/#respond"]}],"copyrightYear":"2021","copyrightHolder":{"@id":"https:\/\/dicodusport.fr\/blog\/#organization"}},{"@type":"WebPage","@id":"https:\/\/dicodusport.fr\/blog\/15-mai-2007-dirk-nowitzki-premier-mvp-europeen\/","url":"https:\/\/dicodusport.fr\/blog\/15-mai-2007-dirk-nowitzki-premier-mvp-europeen\/","name":"15 mai 2007 : Dirk Nowitzki, premier MVP europ\u00e9en","isPartOf":{"@id":"https:\/\/dicodusport.fr\/blog\/#website"},"primaryImageOfPage":{"@id":"https:\/\/dicodusport.fr\/blog\/15-mai-2007-dirk-nowitzki-premier-mvp-europeen\/#primaryimage"},"image":{"@id":"https:\/\/dicodusport.fr\/blog\/15-mai-2007-dirk-nowitzki-premier-mvp-europeen\/#primaryimage"},"thumbnailUrl":"https:\/\/dicodusport.fr\/blog\/wp-content\/uploads\/2021\/05\/15-mai-2007-Dirk-Nowitzki-premier-MVP-europeen.png","datePublished":"2021-05-15T06:00:39+00:00","description":"Le 15 mai 2007, l'Allemand Dirk Nowitzki devenait le premier europ\u00e9en \u00e0 \u00eatre MVP. Retour sur cette grande premi\u00e8re dans l'histoire de la NBA.","breadcrumb":{"@id":"https:\/\/dicodusport.fr\/blog\/15-mai-2007-dirk-nowitzki-premier-mvp-europeen\/#breadcrumb"},"inLanguage":"fr-FR","potentialAction":[{"@type":"ReadAction","target":["https:\/\/dicodusport.fr\/blog\/15-mai-2007-dirk-nowitzki-premier-mvp-europeen\/"]}]},{"@type":"ImageObject","inLanguage":"fr-FR","@id":"https:\/\/dicodusport.fr\/blog\/15-mai-2007-dirk-nowitzki-premier-mvp-europeen\/#primaryimage","url":"https:\/\/dicodusport.fr\/blog\/wp-content\/uploads\/2021\/05\/15-mai-2007-Dirk-Nowitzki-premier-MVP-europeen.png","contentUrl":"https:\/\/dicodusport.fr\/blog\/wp-content\/uploads\/2021\/05\/15-mai-2007-Dirk-Nowitzki-premier-MVP-europeen.png","width":800,"height":445,"caption":"15 mai 2007 - Dirk Nowitzki, premier MVP europ\u00e9en"},{"@type":"BreadcrumbList","@id":"https:\/\/dicodusport.fr\/blog\/15-mai-2007-dirk-nowitzki-premier-mvp-europeen\/#breadcrumb","itemListElement":[{"@type":"ListItem","position":1,"name":"Accueil","item":"https:\/\/dicodusport.fr\/blog\/"},{"@type":"ListItem","position":2,"name":"15 mai 2007 : Dirk Nowitzki, premier MVP europ\u00e9en"}]},{"@type":"WebSite","@id":"https:\/\/dicodusport.fr\/blog\/#website","url":"https:\/\/dicodusport.fr\/blog\/","name":"Dicodusport","description":"L&#039;encyclop\u00e9die de l&#039;actualit\u00e9 sportive","publisher":{"@id":"https:\/\/dicodusport.fr\/blog\/#organization"},"potentialAction":[{"@type":"SearchAction","target":{"@type":"EntryPoint","urlTemplate":"https:\/\/dicodusport.fr\/blog\/?s={search_term_string}"},"query-input":{"@type":"PropertyValueSpecification","valueRequired":true,"valueName":"search_term_string"}}],"inLanguage":"fr-FR"},{"@type":"NewsMediaOrganization","@id":"https:\/\/dicodusport.fr\/blog\/#organization","name":"Dicodusport","url":"https:\/\/dicodusport.fr\/blog\/","logo":{"@type":"ImageObject","inLanguage":"fr-FR","@id":"https:\/\/dicodusport.fr\/blog\/#\/schema\/logo\/image\/","url":"https:\/\/dicodusport.fr\/blog\/wp-content\/uploads\/2020\/06\/cropped-LOGO-DICODUSPORT-2020-SANS-FOND-SANS-TEXTE.png","contentUrl":"https:\/\/dicodusport.fr\/blog\/wp-content\/uploads\/2020\/06\/cropped-LOGO-DICODUSPORT-2020-SANS-FOND-SANS-TEXTE.png","width":512,"height":512,"caption":"Dicodusport"},"image":{"@id":"https:\/\/dicodusport.fr\/blog\/#\/schema\/logo\/image\/"},"sameAs":["https:\/\/www.facebook.com\/dicodusport","https:\/\/x.com\/dicodusport","https:\/\/www.instagram.com\/dicodusport\/","https:\/\/www.youtube.com\/channel\/UC7V2KZ5sd3htJivAbA4ZG3w"],"description":"Dicodusport est l'encyclop\u00e9die de l'actualit\u00e9 sportive.","email":"bonjour@dicodusport.fr","legalName":"DICODUSPORT","foundingDate":"2018-01-14","vatID":"FR71834470973","taxID":"83447097300043","numberOfEmployees":{"@type":"QuantitativeValue","minValue":"1","maxValue":"10"}},{"@type":"Person","@id":"https:\/\/dicodusport.fr\/blog\/#\/schema\/person\/416c975648aca9da8839bdfe333a21c9","name":"Sophie Clapier","image":{"@type":"ImageObject","inLanguage":"fr-FR","@id":"https:\/\/dicodusport.fr\/blog\/#\/schema\/person\/image\/","url":"https:\/\/dicodusport.fr\/blog\/wp-content\/uploads\/2021\/05\/Sophie-Clapier-150x150.jpg","contentUrl":"https:\/\/dicodusport.fr\/blog\/wp-content\/uploads\/2021\/05\/Sophie-Clapier-150x150.jpg","caption":"Sophie Clapier"},"description":"Journaliste\/r\u00e9dactrice depuis janvier 2016 - Passionn\u00e9e de sport depuis toujours, j\u2019en ai pratiqu\u00e9 quelques-uns. Judo, football, handball ou encore tennis, je n\u2019ai jamais pu me mettre d\u2019accord sur un en particulier. Mais \u00e7a, c\u2019\u00e9tait avant de d\u00e9couvrir le basket, devenu mon sport de pr\u00e9dilection. Les actions NBA, le All-Star Week-end, la fureur des Game 7 pendant les playoffs ou mieux, lors des Finals, this is why we play. Team Spurs T.P, je m\u2019accroche encore \u00e0 Gregg Popovich (don\u2019t leave !). Team chef Curry, je souhaite qu\u2019il finisse aux Warriors (staaaay !). Non, il n\u2019y a pas qu\u2019eux, des petits nouveaux -et des petites nouvelles \u00e9videmment- arrivent chaque jour dans toutes les disciplines et cr\u00e9ent de nouveaux exploits. Alors pour les grands \u00e9v\u00e9nements et comp\u00e9titions internationales, vive les pulsations 240\/minutes et le d\u00e9fibrillateur pas loin, et allez les Bleu(e)s ! C\u2019est s\u00fbr, j\u2019aurai plus vu ma vie sur un terrain de sport, mais \u00e0 d\u00e9faut d\u2019en faire en haut niveau, je le partage avec vous.","sameAs":["https:\/\/www.facebook.com\/soocube","https:\/\/x.com\/https:\/\/twitter.com\/soocube","admin"],"url":"https:\/\/dicodusport.fr\/blog\/author\/sophie\/"}]}},"_links":{"self":[{"href":"https:\/\/dicodusport.fr\/blog\/wp-json\/wp\/v2\/posts\/129668","targetHints":{"allow":["GET"]}}],"collection":[{"href":"https:\/\/dicodusport.fr\/blog\/wp-json\/wp\/v2\/posts"}],"about":[{"href":"https:\/\/dicodusport.fr\/blog\/wp-json\/wp\/v2\/types\/post"}],"author":[{"embeddable":true,"href":"https:\/\/dicodusport.fr\/blog\/wp-json\/wp\/v2\/users\/18"}],"replies":[{"embeddable":true,"href":"https:\/\/dicodusport.fr\/blog\/wp-json\/wp\/v2\/comments?post=129668"}],"version-history":[{"count":0,"href":"https:\/\/dicodusport.fr\/blog\/wp-json\/wp\/v2\/posts\/129668\/revisions"}],"wp:featuredmedia":[{"embeddable":true,"href":"https:\/\/dicodusport.fr\/blog\/wp-json\/wp\/v2\/media\/129676"}],"wp:attachment":[{"href":"https:\/\/dicodusport.fr\/blog\/wp-json\/wp\/v2\/media?parent=129668"}],"wp:term":[{"taxonomy":"category","embeddable":true,"href":"https:\/\/dicodusport.fr\/blog\/wp-json\/wp\/v2\/categories?post=129668"},{"taxonomy":"post_tag","embeddable":true,"href":"https:\/\/dicodusport.fr\/blog\/wp-json\/wp\/v2\/tags?post=129668"}],"curies":[{"name":"wp","href":"https:\/\/api.w.org\/{rel}","templated":true}]}}