{"id":12967,"date":"2018-02-18T18:34:34","date_gmt":"2018-02-18T17:34:34","guid":{"rendered":"http:\/\/dicodusport.fr\/blog\/?p=12967"},"modified":"2018-02-18T19:10:47","modified_gmt":"2018-02-18T18:10:47","slug":"jo-2018-programme-du-19-fevrier-papadakis-cizeron-entrent-danse-martinod-doubler","status":"publish","type":"post","link":"https:\/\/dicodusport.fr\/blog\/jo-2018-programme-du-19-fevrier-papadakis-cizeron-entrent-danse-martinod-doubler\/","title":{"rendered":"JO 2018 &#8211; Programme du 19 f\u00e9vrier : Papadakis et Cizeron entrent dans la danse, Martinod pour un doubl\u00e9"},"content":{"rendered":"<p style=\"text-align: justify;\"><em><b>Dixi\u00e8me jour de comp\u00e9tition en Cor\u00e9e du Sud ! Ce lundi, Gabriella Papadakis et Guillaume Cizeron feront leur apparition, tout comme Marie Martinod, qui d\u00e9fendra sa m\u00e9daille d&rsquo;argent d&rsquo;il y a quatre ans \u00e0 Sotchi.<br \/>\n<\/b><\/em><\/p>\n<h4 style=\"text-align: justify;\">2h00 : Ski freestyle &#8211; Half pipe (F)<\/h4>\n<p style=\"text-align: justify;\">En argent \u00e0 Sotchi, Marie Martinod tentera de faire aussi bien qu&rsquo;il y a quatre ans. Vice-championne du monde l&rsquo;ann\u00e9e derni\u00e8re \u00e0 Sierra Nevada en Espagne, la Plagnarde, laur\u00e9ate de la Coupe du Monde de la sp\u00e9cialit\u00e9 \u00e0 deux reprises (2004 et 2017), est un peu plus en retrait cette ann\u00e9e et occupe la 8\u00e8me place. A 33 ans, elle sera accompagn\u00e9e d&rsquo;une autre tricolore, Ana\u00efs Caradeux, 12\u00e8me \u00e0 Sotchi. Premi\u00e8re manche des qualifications \u00e0 2h, la seconde se d\u00e9roulera \u00e0 2h43.<\/p>\n<h4 style=\"text-align: justify;\">2h00 : Patinage artistique &#8211; Danse (Programme court)<\/h4>\n<p style=\"text-align: justify;\">C&rsquo;est le grand jour pour Gabriella Papadakis et Guillaume Cizeron ! Le couple tricolore, num\u00e9ro un mondial et recordman du monde, entamera la comp\u00e9tition par le programme court cette nuit. Voil\u00e0 seize ans que les sports de glace n&rsquo;ont pas ramen\u00e9 la moindre breloque et cette ann\u00e9e, si tout se passe bien, cette longue p\u00e9riode de disette ne sera plus qu&rsquo;un mauvais souvenir. Face \u00e0 Papadakis et Cizeron, les Canadiens Tessa Virtue et Scott Moir seront redoutables et leurs adversaires principaux. Si le concours d\u00e9butera \u00e0 2h, le couple fran\u00e7ais devrait passer peu avant 6h. Mais ne ratez surtout pas le spectacle assur\u00e9 par les couples pr\u00e9c\u00e9dents.<\/p>\n<h4 class=\"clearfix\" style=\"text-align: justify;\">12h15 : Bobsleigh &#8211; x2 hommes<\/h4>\n<p class=\"article__chapeau\" style=\"text-align: justify;\">17\u00e8mes apr\u00e8s les deux premiers runs, Romain Heinrich et Dorian Hauterville disputeront les deux derni\u00e8res manches en bobsleigh \u00e0 2. La m\u00e9daille semble impensable, mais les deux Tricolores tenteront d&rsquo;accrocher la meilleure place possible.<\/p>\n<p><em><strong>Flo Ostermann<\/strong><\/em><em><br \/>\n<\/em><a href=\"https:\/\/www.facebook.com\/florent.ostermann\"><img loading=\"lazy\" decoding=\"async\" class=\"alignnone wp-image-2909\" src=\"http:\/\/dicodusport.fr\/blog\/wp-content\/uploads\/2017\/07\/logo-facebook-150x150.png\" alt=\"\" width=\"40\" height=\"40\" \/><\/a><a href=\"https:\/\/twitter.com\/SportInsideMag\"><img loading=\"lazy\" decoding=\"async\" class=\"alignnone wp-image-2908\" src=\"http:\/\/dicodusport.fr\/blog\/wp-content\/uploads\/2017\/07\/logo-twitter-150x150.png\" alt=\"\" width=\"39\" height=\"39\" \/><\/a><\/p>\n<p style=\"text-align: justify;\">\n","protected":false},"excerpt":{"rendered":"<p>Dixi\u00e8me jour de comp\u00e9tition en Cor\u00e9e du Sud ! Ce lundi, Gabriella Papadakis et Guillaume Cizeron feront leur apparition, tout comme Marie Martinod, qui d\u00e9fendra sa m\u00e9daille d&rsquo;argent d&rsquo;il y a quatre ans \u00e0 Sotchi.<\/p>\n","protected":false},"author":4,"featured_media":12120,"comment_status":"open","ping_status":"closed","sticky":false,"template":"","format":"standard","meta":{"_acf_changed":false,"_daextam_enable_autolinks":"","footnotes":""},"categories":[2,3588,2313],"tags":[2291,2292,3524,3544,2821,2289,2687],"class_list":["post-12967","post","type-post","status-publish","format-standard","has-post-thumbnail","hentry","category-actualites","category-pyeongchang-2018","category-sports-dhiver","tag-gabriella-papadakis","tag-guillaume-cizeron","tag-half-pipe","tag-jo-de-pyeongchang","tag-marie-martinod","tag-patinage-artistique","tag-ski-freestyle"],"acf":[],"yoast_head":"<!-- This site is optimized with the Yoast SEO Premium plugin v26.7 (Yoast SEO v26.7) - https:\/\/yoast.com\/wordpress\/plugins\/seo\/ -->\n<title>JO 2018 - Programme du 19 f\u00e9vrier : Papadakis et Cizeron entrent dans la danse, Martinod pour un doubl\u00e9<\/title>\n<meta name=\"description\" content=\"Dixi\u00e8me jour de comp\u00e9tition en Cor\u00e9e du Sud ! Ce lundi, Gabriella Papadakis et Guillaume Cizeron feront leur apparition, tout comme Marie Martinod, qui d\u00e9fendra sa m\u00e9daille d&#039;argent d&#039;il y a quatre ans \u00e0 Sotchi.\" \/>\n<meta name=\"robots\" content=\"index, follow, max-snippet:-1, max-image-preview:large, max-video-preview:-1\" \/>\n<link rel=\"canonical\" href=\"https:\/\/dicodusport.fr\/blog\/jo-2018-programme-du-19-fevrier-papadakis-cizeron-entrent-danse-martinod-doubler\/\" \/>\n<meta property=\"og:locale\" content=\"fr_FR\" \/>\n<meta property=\"og:type\" content=\"article\" \/>\n<meta property=\"og:title\" content=\"JO 2018 - Programme du 19 f\u00e9vrier : Papadakis et Cizeron entrent dans la danse, Martinod pour un doubl\u00e9\" \/>\n<meta property=\"og:description\" content=\"Dixi\u00e8me jour de comp\u00e9tition en Cor\u00e9e du Sud ! Ce lundi, Gabriella Papadakis et Guillaume Cizeron feront leur apparition, tout comme Marie Martinod, qui d\u00e9fendra sa m\u00e9daille d&#039;argent d&#039;il y a quatre ans \u00e0 Sotchi.\" \/>\n<meta property=\"og:url\" content=\"https:\/\/dicodusport.fr\/blog\/jo-2018-programme-du-19-fevrier-papadakis-cizeron-entrent-danse-martinod-doubler\/\" \/>\n<meta property=\"og:site_name\" content=\"Dicodusport\" \/>\n<meta property=\"article:publisher\" content=\"https:\/\/www.facebook.com\/dicodusport\" \/>\n<meta property=\"article:author\" content=\"https:\/\/www.facebook.com\/florent.ostermann\" \/>\n<meta property=\"article:published_time\" content=\"2018-02-18T17:34:34+00:00\" \/>\n<meta property=\"article:modified_time\" content=\"2018-02-18T18:10:47+00:00\" \/>\n<meta property=\"og:image\" content=\"https:\/\/dicodusport.fr\/blog\/wp-content\/uploads\/2018\/02\/JO-2018-Programme-19-f\u00e9vrier.png\" \/>\n\t<meta property=\"og:image:width\" content=\"1200\" \/>\n\t<meta property=\"og:image:height\" content=\"670\" \/>\n\t<meta property=\"og:image:type\" content=\"image\/png\" \/>\n<meta name=\"author\" content=\"Flo Ostermann\" \/>\n<meta name=\"twitter:card\" content=\"summary_large_image\" \/>\n<meta name=\"twitter:creator\" content=\"@https:\/\/twitter.com\/FlOstermann\" \/>\n<meta name=\"twitter:site\" content=\"@dicodusport\" \/>\n<script type=\"application\/ld+json\" class=\"yoast-schema-graph\">{\"@context\":\"https:\/\/schema.org\",\"@graph\":[{\"@type\":\"NewsArticle\",\"@id\":\"https:\/\/dicodusport.fr\/blog\/jo-2018-programme-du-19-fevrier-papadakis-cizeron-entrent-danse-martinod-doubler\/#article\",\"isPartOf\":{\"@id\":\"https:\/\/dicodusport.fr\/blog\/jo-2018-programme-du-19-fevrier-papadakis-cizeron-entrent-danse-martinod-doubler\/\"},\"author\":{\"name\":\"Flo Ostermann\",\"@id\":\"https:\/\/dicodusport.fr\/blog\/#\/schema\/person\/cb02af4c173ce4a653b55e9baf388d4a\"},\"headline\":\"JO 2018 &#8211; Programme du 19 f\u00e9vrier : Papadakis et Cizeron entrent dans la danse, Martinod pour un doubl\u00e9\",\"datePublished\":\"2018-02-18T17:34:34+00:00\",\"dateModified\":\"2018-02-18T18:10:47+00:00\",\"mainEntityOfPage\":{\"@id\":\"https:\/\/dicodusport.fr\/blog\/jo-2018-programme-du-19-fevrier-papadakis-cizeron-entrent-danse-martinod-doubler\/\"},\"wordCount\":314,\"commentCount\":0,\"publisher\":{\"@id\":\"https:\/\/dicodusport.fr\/blog\/#organization\"},\"image\":{\"@id\":\"https:\/\/dicodusport.fr\/blog\/jo-2018-programme-du-19-fevrier-papadakis-cizeron-entrent-danse-martinod-doubler\/#primaryimage\"},\"thumbnailUrl\":\"https:\/\/dicodusport.fr\/blog\/wp-content\/uploads\/2018\/02\/JO-2018-Programme-19-f\u00e9vrier.png\",\"keywords\":[\"Gabriella Papadakis\",\"Guillaume Cizeron\",\"Half pipe\",\"JO de Pyeongchang\",\"Marie Martinod\",\"Patinage artistique\",\"ski freestyle\"],\"articleSection\":[\"Actualit\u00e9s\",\"Pyeongchang 2018\",\"Sports d'hiver\"],\"inLanguage\":\"fr-FR\",\"potentialAction\":[{\"@type\":\"CommentAction\",\"name\":\"Comment\",\"target\":[\"https:\/\/dicodusport.fr\/blog\/jo-2018-programme-du-19-fevrier-papadakis-cizeron-entrent-danse-martinod-doubler\/#respond\"]}],\"copyrightYear\":\"2018\",\"copyrightHolder\":{\"@id\":\"https:\/\/dicodusport.fr\/blog\/#organization\"}},{\"@type\":\"WebPage\",\"@id\":\"https:\/\/dicodusport.fr\/blog\/jo-2018-programme-du-19-fevrier-papadakis-cizeron-entrent-danse-martinod-doubler\/\",\"url\":\"https:\/\/dicodusport.fr\/blog\/jo-2018-programme-du-19-fevrier-papadakis-cizeron-entrent-danse-martinod-doubler\/\",\"name\":\"JO 2018 - Programme du 19 f\u00e9vrier : Papadakis et Cizeron entrent dans la danse, Martinod pour un doubl\u00e9\",\"isPartOf\":{\"@id\":\"https:\/\/dicodusport.fr\/blog\/#website\"},\"primaryImageOfPage\":{\"@id\":\"https:\/\/dicodusport.fr\/blog\/jo-2018-programme-du-19-fevrier-papadakis-cizeron-entrent-danse-martinod-doubler\/#primaryimage\"},\"image\":{\"@id\":\"https:\/\/dicodusport.fr\/blog\/jo-2018-programme-du-19-fevrier-papadakis-cizeron-entrent-danse-martinod-doubler\/#primaryimage\"},\"thumbnailUrl\":\"https:\/\/dicodusport.fr\/blog\/wp-content\/uploads\/2018\/02\/JO-2018-Programme-19-f\u00e9vrier.png\",\"datePublished\":\"2018-02-18T17:34:34+00:00\",\"dateModified\":\"2018-02-18T18:10:47+00:00\",\"description\":\"Dixi\u00e8me jour de comp\u00e9tition en Cor\u00e9e du Sud ! Ce lundi, Gabriella Papadakis et Guillaume Cizeron feront leur apparition, tout comme Marie Martinod, qui d\u00e9fendra sa m\u00e9daille d'argent d'il y a quatre ans \u00e0 Sotchi.\",\"breadcrumb\":{\"@id\":\"https:\/\/dicodusport.fr\/blog\/jo-2018-programme-du-19-fevrier-papadakis-cizeron-entrent-danse-martinod-doubler\/#breadcrumb\"},\"inLanguage\":\"fr-FR\",\"potentialAction\":[{\"@type\":\"ReadAction\",\"target\":[\"https:\/\/dicodusport.fr\/blog\/jo-2018-programme-du-19-fevrier-papadakis-cizeron-entrent-danse-martinod-doubler\/\"]}]},{\"@type\":\"ImageObject\",\"inLanguage\":\"fr-FR\",\"@id\":\"https:\/\/dicodusport.fr\/blog\/jo-2018-programme-du-19-fevrier-papadakis-cizeron-entrent-danse-martinod-doubler\/#primaryimage\",\"url\":\"https:\/\/dicodusport.fr\/blog\/wp-content\/uploads\/2018\/02\/JO-2018-Programme-19-f\u00e9vrier.png\",\"contentUrl\":\"https:\/\/dicodusport.fr\/blog\/wp-content\/uploads\/2018\/02\/JO-2018-Programme-19-f\u00e9vrier.png\",\"width\":1200,\"height\":670},{\"@type\":\"BreadcrumbList\",\"@id\":\"https:\/\/dicodusport.fr\/blog\/jo-2018-programme-du-19-fevrier-papadakis-cizeron-entrent-danse-martinod-doubler\/#breadcrumb\",\"itemListElement\":[{\"@type\":\"ListItem\",\"position\":1,\"name\":\"Accueil\",\"item\":\"https:\/\/dicodusport.fr\/blog\/\"},{\"@type\":\"ListItem\",\"position\":2,\"name\":\"JO 2018 &#8211; Programme du 19 f\u00e9vrier : Papadakis et Cizeron entrent dans la danse, Martinod pour un doubl\u00e9\"}]},{\"@type\":\"WebSite\",\"@id\":\"https:\/\/dicodusport.fr\/blog\/#website\",\"url\":\"https:\/\/dicodusport.fr\/blog\/\",\"name\":\"Dicodusport\",\"description\":\"L&#039;encyclop\u00e9die de l&#039;actualit\u00e9 sportive\",\"publisher\":{\"@id\":\"https:\/\/dicodusport.fr\/blog\/#organization\"},\"potentialAction\":[{\"@type\":\"SearchAction\",\"target\":{\"@type\":\"EntryPoint\",\"urlTemplate\":\"https:\/\/dicodusport.fr\/blog\/?s={search_term_string}\"},\"query-input\":{\"@type\":\"PropertyValueSpecification\",\"valueRequired\":true,\"valueName\":\"search_term_string\"}}],\"inLanguage\":\"fr-FR\"},{\"@type\":\"NewsMediaOrganization\",\"@id\":\"https:\/\/dicodusport.fr\/blog\/#organization\",\"name\":\"Dicodusport\",\"url\":\"https:\/\/dicodusport.fr\/blog\/\",\"logo\":{\"@type\":\"ImageObject\",\"inLanguage\":\"fr-FR\",\"@id\":\"https:\/\/dicodusport.fr\/blog\/#\/schema\/logo\/image\/\",\"url\":\"https:\/\/dicodusport.fr\/blog\/wp-content\/uploads\/2020\/06\/cropped-LOGO-DICODUSPORT-2020-SANS-FOND-SANS-TEXTE.png\",\"contentUrl\":\"https:\/\/dicodusport.fr\/blog\/wp-content\/uploads\/2020\/06\/cropped-LOGO-DICODUSPORT-2020-SANS-FOND-SANS-TEXTE.png\",\"width\":512,\"height\":512,\"caption\":\"Dicodusport\"},\"image\":{\"@id\":\"https:\/\/dicodusport.fr\/blog\/#\/schema\/logo\/image\/\"},\"sameAs\":[\"https:\/\/www.facebook.com\/dicodusport\",\"https:\/\/x.com\/dicodusport\",\"https:\/\/www.instagram.com\/dicodusport\/\",\"https:\/\/www.youtube.com\/channel\/UC7V2KZ5sd3htJivAbA4ZG3w\"],\"description\":\"Dicodusport est l'encyclop\u00e9die de l'actualit\u00e9 sportive.\",\"email\":\"bonjour@dicodusport.fr\",\"legalName\":\"DICODUSPORT\",\"foundingDate\":\"2018-01-14\",\"vatID\":\"FR71834470973\",\"taxID\":\"83447097300043\",\"numberOfEmployees\":{\"@type\":\"QuantitativeValue\",\"minValue\":\"1\",\"maxValue\":\"10\"}},{\"@type\":\"Person\",\"@id\":\"https:\/\/dicodusport.fr\/blog\/#\/schema\/person\/cb02af4c173ce4a653b55e9baf388d4a\",\"name\":\"Flo Ostermann\",\"image\":{\"@type\":\"ImageObject\",\"inLanguage\":\"fr-FR\",\"@id\":\"https:\/\/dicodusport.fr\/blog\/#\/schema\/person\/image\/\",\"url\":\"https:\/\/dicodusport.fr\/blog\/wp-content\/uploads\/2021\/05\/Flo-Ostermann-150x150.jpg\",\"contentUrl\":\"https:\/\/dicodusport.fr\/blog\/wp-content\/uploads\/2021\/05\/Flo-Ostermann-150x150.jpg\",\"caption\":\"Flo Ostermann\"},\"description\":\"Journaliste\/R\u00e9dacteur depuis septembre 2015 - Mes premiers souvenirs dans le sport ? Les envol\u00e9es du Stade Toulousain et les duels Villeneuve-Schumacher et H\u00e4kkinen-Schumacher \u00e0 la fin des ann\u00e9es 90, la Coupe du monde de football en 1998, l\u2019exploit du XV de France face aux All Blacks en 1999, mais aussi Richard C\u0153ur de Lion qui vole sur les montagnes du Tour de France. Bien parti pour devenir professeur d\u2019EPS, les \u00e9v\u00e9nements de la vie (et la flemme d\u2019animer des s\u00e9ances de 3x500 m\u00e8tres toute ma vie) m\u2019ont conduit \u00e0 revoir mes plans. Me voil\u00e0 depuis fin 2017 sur Dicodusport, m\u00e9dia gr\u00e2ce (et pour) lequel je partage ma passion : le sport dans tous ses \u00e9tats. Le tout accompagn\u00e9 par les fous furieux et folles furieuses cit\u00e9s sur cette page !\",\"sameAs\":[\"https:\/\/www.facebook.com\/florent.ostermann\",\"https:\/\/x.com\/https:\/\/twitter.com\/FlOstermann\",\"admin\"],\"url\":\"https:\/\/dicodusport.fr\/blog\/author\/flo\/\"}]}<\/script>\n<!-- \/ Yoast SEO Premium plugin. -->","yoast_head_json":{"title":"JO 2018 - Programme du 19 f\u00e9vrier : Papadakis et Cizeron entrent dans la danse, Martinod pour un doubl\u00e9","description":"Dixi\u00e8me jour de comp\u00e9tition en Cor\u00e9e du Sud ! Ce lundi, Gabriella Papadakis et Guillaume Cizeron feront leur apparition, tout comme Marie Martinod, qui d\u00e9fendra sa m\u00e9daille d'argent d'il y a quatre ans \u00e0 Sotchi.","robots":{"index":"index","follow":"follow","max-snippet":"max-snippet:-1","max-image-preview":"max-image-preview:large","max-video-preview":"max-video-preview:-1"},"canonical":"https:\/\/dicodusport.fr\/blog\/jo-2018-programme-du-19-fevrier-papadakis-cizeron-entrent-danse-martinod-doubler\/","og_locale":"fr_FR","og_type":"article","og_title":"JO 2018 - Programme du 19 f\u00e9vrier : Papadakis et Cizeron entrent dans la danse, Martinod pour un doubl\u00e9","og_description":"Dixi\u00e8me jour de comp\u00e9tition en Cor\u00e9e du Sud ! Ce lundi, Gabriella Papadakis et Guillaume Cizeron feront leur apparition, tout comme Marie Martinod, qui d\u00e9fendra sa m\u00e9daille d'argent d'il y a quatre ans \u00e0 Sotchi.","og_url":"https:\/\/dicodusport.fr\/blog\/jo-2018-programme-du-19-fevrier-papadakis-cizeron-entrent-danse-martinod-doubler\/","og_site_name":"Dicodusport","article_publisher":"https:\/\/www.facebook.com\/dicodusport","article_author":"https:\/\/www.facebook.com\/florent.ostermann","article_published_time":"2018-02-18T17:34:34+00:00","article_modified_time":"2018-02-18T18:10:47+00:00","og_image":[{"width":1200,"height":670,"url":"https:\/\/dicodusport.fr\/blog\/wp-content\/uploads\/2018\/02\/JO-2018-Programme-19-f\u00e9vrier.png","type":"image\/png"}],"author":"Flo Ostermann","twitter_card":"summary_large_image","twitter_creator":"@https:\/\/twitter.com\/FlOstermann","twitter_site":"@dicodusport","schema":{"@context":"https:\/\/schema.org","@graph":[{"@type":"NewsArticle","@id":"https:\/\/dicodusport.fr\/blog\/jo-2018-programme-du-19-fevrier-papadakis-cizeron-entrent-danse-martinod-doubler\/#article","isPartOf":{"@id":"https:\/\/dicodusport.fr\/blog\/jo-2018-programme-du-19-fevrier-papadakis-cizeron-entrent-danse-martinod-doubler\/"},"author":{"name":"Flo Ostermann","@id":"https:\/\/dicodusport.fr\/blog\/#\/schema\/person\/cb02af4c173ce4a653b55e9baf388d4a"},"headline":"JO 2018 &#8211; Programme du 19 f\u00e9vrier : Papadakis et Cizeron entrent dans la danse, Martinod pour un doubl\u00e9","datePublished":"2018-02-18T17:34:34+00:00","dateModified":"2018-02-18T18:10:47+00:00","mainEntityOfPage":{"@id":"https:\/\/dicodusport.fr\/blog\/jo-2018-programme-du-19-fevrier-papadakis-cizeron-entrent-danse-martinod-doubler\/"},"wordCount":314,"commentCount":0,"publisher":{"@id":"https:\/\/dicodusport.fr\/blog\/#organization"},"image":{"@id":"https:\/\/dicodusport.fr\/blog\/jo-2018-programme-du-19-fevrier-papadakis-cizeron-entrent-danse-martinod-doubler\/#primaryimage"},"thumbnailUrl":"https:\/\/dicodusport.fr\/blog\/wp-content\/uploads\/2018\/02\/JO-2018-Programme-19-f\u00e9vrier.png","keywords":["Gabriella Papadakis","Guillaume Cizeron","Half pipe","JO de Pyeongchang","Marie Martinod","Patinage artistique","ski freestyle"],"articleSection":["Actualit\u00e9s","Pyeongchang 2018","Sports d'hiver"],"inLanguage":"fr-FR","potentialAction":[{"@type":"CommentAction","name":"Comment","target":["https:\/\/dicodusport.fr\/blog\/jo-2018-programme-du-19-fevrier-papadakis-cizeron-entrent-danse-martinod-doubler\/#respond"]}],"copyrightYear":"2018","copyrightHolder":{"@id":"https:\/\/dicodusport.fr\/blog\/#organization"}},{"@type":"WebPage","@id":"https:\/\/dicodusport.fr\/blog\/jo-2018-programme-du-19-fevrier-papadakis-cizeron-entrent-danse-martinod-doubler\/","url":"https:\/\/dicodusport.fr\/blog\/jo-2018-programme-du-19-fevrier-papadakis-cizeron-entrent-danse-martinod-doubler\/","name":"JO 2018 - Programme du 19 f\u00e9vrier : Papadakis et Cizeron entrent dans la danse, Martinod pour un doubl\u00e9","isPartOf":{"@id":"https:\/\/dicodusport.fr\/blog\/#website"},"primaryImageOfPage":{"@id":"https:\/\/dicodusport.fr\/blog\/jo-2018-programme-du-19-fevrier-papadakis-cizeron-entrent-danse-martinod-doubler\/#primaryimage"},"image":{"@id":"https:\/\/dicodusport.fr\/blog\/jo-2018-programme-du-19-fevrier-papadakis-cizeron-entrent-danse-martinod-doubler\/#primaryimage"},"thumbnailUrl":"https:\/\/dicodusport.fr\/blog\/wp-content\/uploads\/2018\/02\/JO-2018-Programme-19-f\u00e9vrier.png","datePublished":"2018-02-18T17:34:34+00:00","dateModified":"2018-02-18T18:10:47+00:00","description":"Dixi\u00e8me jour de comp\u00e9tition en Cor\u00e9e du Sud ! Ce lundi, Gabriella Papadakis et Guillaume Cizeron feront leur apparition, tout comme Marie Martinod, qui d\u00e9fendra sa m\u00e9daille d'argent d'il y a quatre ans \u00e0 Sotchi.","breadcrumb":{"@id":"https:\/\/dicodusport.fr\/blog\/jo-2018-programme-du-19-fevrier-papadakis-cizeron-entrent-danse-martinod-doubler\/#breadcrumb"},"inLanguage":"fr-FR","potentialAction":[{"@type":"ReadAction","target":["https:\/\/dicodusport.fr\/blog\/jo-2018-programme-du-19-fevrier-papadakis-cizeron-entrent-danse-martinod-doubler\/"]}]},{"@type":"ImageObject","inLanguage":"fr-FR","@id":"https:\/\/dicodusport.fr\/blog\/jo-2018-programme-du-19-fevrier-papadakis-cizeron-entrent-danse-martinod-doubler\/#primaryimage","url":"https:\/\/dicodusport.fr\/blog\/wp-content\/uploads\/2018\/02\/JO-2018-Programme-19-f\u00e9vrier.png","contentUrl":"https:\/\/dicodusport.fr\/blog\/wp-content\/uploads\/2018\/02\/JO-2018-Programme-19-f\u00e9vrier.png","width":1200,"height":670},{"@type":"BreadcrumbList","@id":"https:\/\/dicodusport.fr\/blog\/jo-2018-programme-du-19-fevrier-papadakis-cizeron-entrent-danse-martinod-doubler\/#breadcrumb","itemListElement":[{"@type":"ListItem","position":1,"name":"Accueil","item":"https:\/\/dicodusport.fr\/blog\/"},{"@type":"ListItem","position":2,"name":"JO 2018 &#8211; Programme du 19 f\u00e9vrier : Papadakis et Cizeron entrent dans la danse, Martinod pour un doubl\u00e9"}]},{"@type":"WebSite","@id":"https:\/\/dicodusport.fr\/blog\/#website","url":"https:\/\/dicodusport.fr\/blog\/","name":"Dicodusport","description":"L&#039;encyclop\u00e9die de l&#039;actualit\u00e9 sportive","publisher":{"@id":"https:\/\/dicodusport.fr\/blog\/#organization"},"potentialAction":[{"@type":"SearchAction","target":{"@type":"EntryPoint","urlTemplate":"https:\/\/dicodusport.fr\/blog\/?s={search_term_string}"},"query-input":{"@type":"PropertyValueSpecification","valueRequired":true,"valueName":"search_term_string"}}],"inLanguage":"fr-FR"},{"@type":"NewsMediaOrganization","@id":"https:\/\/dicodusport.fr\/blog\/#organization","name":"Dicodusport","url":"https:\/\/dicodusport.fr\/blog\/","logo":{"@type":"ImageObject","inLanguage":"fr-FR","@id":"https:\/\/dicodusport.fr\/blog\/#\/schema\/logo\/image\/","url":"https:\/\/dicodusport.fr\/blog\/wp-content\/uploads\/2020\/06\/cropped-LOGO-DICODUSPORT-2020-SANS-FOND-SANS-TEXTE.png","contentUrl":"https:\/\/dicodusport.fr\/blog\/wp-content\/uploads\/2020\/06\/cropped-LOGO-DICODUSPORT-2020-SANS-FOND-SANS-TEXTE.png","width":512,"height":512,"caption":"Dicodusport"},"image":{"@id":"https:\/\/dicodusport.fr\/blog\/#\/schema\/logo\/image\/"},"sameAs":["https:\/\/www.facebook.com\/dicodusport","https:\/\/x.com\/dicodusport","https:\/\/www.instagram.com\/dicodusport\/","https:\/\/www.youtube.com\/channel\/UC7V2KZ5sd3htJivAbA4ZG3w"],"description":"Dicodusport est l'encyclop\u00e9die de l'actualit\u00e9 sportive.","email":"bonjour@dicodusport.fr","legalName":"DICODUSPORT","foundingDate":"2018-01-14","vatID":"FR71834470973","taxID":"83447097300043","numberOfEmployees":{"@type":"QuantitativeValue","minValue":"1","maxValue":"10"}},{"@type":"Person","@id":"https:\/\/dicodusport.fr\/blog\/#\/schema\/person\/cb02af4c173ce4a653b55e9baf388d4a","name":"Flo Ostermann","image":{"@type":"ImageObject","inLanguage":"fr-FR","@id":"https:\/\/dicodusport.fr\/blog\/#\/schema\/person\/image\/","url":"https:\/\/dicodusport.fr\/blog\/wp-content\/uploads\/2021\/05\/Flo-Ostermann-150x150.jpg","contentUrl":"https:\/\/dicodusport.fr\/blog\/wp-content\/uploads\/2021\/05\/Flo-Ostermann-150x150.jpg","caption":"Flo Ostermann"},"description":"Journaliste\/R\u00e9dacteur depuis septembre 2015 - Mes premiers souvenirs dans le sport ? Les envol\u00e9es du Stade Toulousain et les duels Villeneuve-Schumacher et H\u00e4kkinen-Schumacher \u00e0 la fin des ann\u00e9es 90, la Coupe du monde de football en 1998, l\u2019exploit du XV de France face aux All Blacks en 1999, mais aussi Richard C\u0153ur de Lion qui vole sur les montagnes du Tour de France. Bien parti pour devenir professeur d\u2019EPS, les \u00e9v\u00e9nements de la vie (et la flemme d\u2019animer des s\u00e9ances de 3x500 m\u00e8tres toute ma vie) m\u2019ont conduit \u00e0 revoir mes plans. Me voil\u00e0 depuis fin 2017 sur Dicodusport, m\u00e9dia gr\u00e2ce (et pour) lequel je partage ma passion : le sport dans tous ses \u00e9tats. Le tout accompagn\u00e9 par les fous furieux et folles furieuses cit\u00e9s sur cette page !","sameAs":["https:\/\/www.facebook.com\/florent.ostermann","https:\/\/x.com\/https:\/\/twitter.com\/FlOstermann","admin"],"url":"https:\/\/dicodusport.fr\/blog\/author\/flo\/"}]}},"_links":{"self":[{"href":"https:\/\/dicodusport.fr\/blog\/wp-json\/wp\/v2\/posts\/12967","targetHints":{"allow":["GET"]}}],"collection":[{"href":"https:\/\/dicodusport.fr\/blog\/wp-json\/wp\/v2\/posts"}],"about":[{"href":"https:\/\/dicodusport.fr\/blog\/wp-json\/wp\/v2\/types\/post"}],"author":[{"embeddable":true,"href":"https:\/\/dicodusport.fr\/blog\/wp-json\/wp\/v2\/users\/4"}],"replies":[{"embeddable":true,"href":"https:\/\/dicodusport.fr\/blog\/wp-json\/wp\/v2\/comments?post=12967"}],"version-history":[{"count":0,"href":"https:\/\/dicodusport.fr\/blog\/wp-json\/wp\/v2\/posts\/12967\/revisions"}],"wp:featuredmedia":[{"embeddable":true,"href":"https:\/\/dicodusport.fr\/blog\/wp-json\/wp\/v2\/media\/12120"}],"wp:attachment":[{"href":"https:\/\/dicodusport.fr\/blog\/wp-json\/wp\/v2\/media?parent=12967"}],"wp:term":[{"taxonomy":"category","embeddable":true,"href":"https:\/\/dicodusport.fr\/blog\/wp-json\/wp\/v2\/categories?post=12967"},{"taxonomy":"post_tag","embeddable":true,"href":"https:\/\/dicodusport.fr\/blog\/wp-json\/wp\/v2\/tags?post=12967"}],"curies":[{"name":"wp","href":"https:\/\/api.w.org\/{rel}","templated":true}]}}