{"id":129734,"date":"2021-05-15T13:39:17","date_gmt":"2021-05-15T11:39:17","guid":{"rendered":"https:\/\/dicodusport.fr\/blog\/?p=129734&#038;preview=true&#038;preview_id=129734"},"modified":"2021-05-15T14:55:23","modified_gmt":"2021-05-15T12:55:23","slug":"motogp-grand-prix-de-france-2021-grille-de-depart","status":"publish","type":"post","link":"https:\/\/dicodusport.fr\/blog\/motogp-grand-prix-de-france-2021-grille-de-depart\/","title":{"rendered":"MotoGP &#8211; Grand Prix de France 2021 : la grille de d\u00e9part"},"content":{"rendered":"<p style=\"text-align: justify;\"><strong><em><a href=\"https:\/\/dicodusport.fr\/blog\/motogp-grand-prix-de-france-2021-horaires-et-programme-tv-complet\/\">MOTOGP &#8211; GRAND PRIX DE FRANCE 2021<\/a> &#8211; D\u00e9couvrez la grille de d\u00e9part du Grand Prix de France 2021, apr\u00e8s les qualifications qui ont eu lieu ce 15 mai.<\/em><\/strong><\/p>\n<hr \/>\n<h2 style=\"text-align: center;\">Grille de d\u00e9part<\/h2>\n<hr \/>\n<table style=\"width: 798px; border-collapse: collapse;\">\n<tbody>\n<tr>\n<td style=\"vertical-align: top; text-align: center; border-style: none; width: 266px; background-color: #ffffff; height: 100px;\"><span style=\"font-size: 0.9em;\"><strong>1. &#x1f1eb;&#x1f1f7; FABIO QUARTARARO<strong style=\"font-size: 14.4px;\"><br style=\"font-size: 14.4px;\" \/><\/strong><\/strong><span style=\"font-size: 0.8em;\">MONSTER ENERGY YAMAHA MOTOGP<\/span><\/span><\/td>\n<td style=\"vertical-align: middle; text-align: center; border-style: none; width: 266px; background-color: #ffffff; height: 100px;\"><span style=\"font-size: 0.9em;\"><strong>2. &#x1f1ea;&#x1f1f8; MAVERICK VINALES <br style=\"font-size: 14.4px;\" \/><\/strong><span style=\"font-size: 0.8em;\">MONSTER ENERGY YAMAHA MOTOGP<\/span><\/span><\/td>\n<td style=\"vertical-align: bottom; text-align: center; border-style: none; width: 266px; background-color: #ffffff; height: 100px;\"><span style=\"font-size: 0.9em;\"><strong>3. &#x1f1e6;&#x1f1fa; JACK MILLER<br \/>\n<\/strong><span style=\"font-size: 0.8em;\">DUCATI LENOVO TEAM<\/span><\/span><\/td>\n<\/tr>\n<tr>\n<td style=\"text-align: center; border-style: none; vertical-align: top; width: 266px; background-color: #ffffff; height: 100px;\"><span style=\"font-size: 0.9em;\"><strong>4. &#x1f1ee;&#x1f1f9; FRANCO MORBIDELLI<br \/>\n<\/strong><span style=\"font-size: 0.8em;\">PETRONAS YAMAHA\u00a0SRT<\/span><\/span><\/td>\n<td style=\"text-align: center; border-style: none; vertical-align: middle; width: 266px; background-color: #ffffff; height: 100px;\"><span style=\"font-size: 0.9em;\"><strong>5. &#x1f1eb;&#x1f1f7; JOHANN ZARCO<br \/>\n<\/strong><span style=\"font-size: 0.8em;\">PRAMAC<\/span><span style=\"font-size: 0.8em;\"> RACING<\/span><\/span><\/td>\n<td style=\"text-align: center; border-style: none; vertical-align: bottom; width: 266px; background-color: #ffffff; height: 100px;\"><span style=\"font-size: 0.9em;\"><strong>6. &#x1f1ea;&#x1f1f8; MARC MARQUEZ<br \/>\n<\/strong><span style=\"font-size: 0.8em;\">REPSOL HONDA TEAM<\/span><\/span><\/td>\n<\/tr>\n<tr>\n<td style=\"text-align: center; border-style: none; vertical-align: top; width: 266px; background-color: #ffffff; height: 100px;\"><span style=\"font-size: 0.9em;\"><strong>7. &#x1f1ef;&#x1f1f5; TAKAAKI NAKAGAMI<br \/>\n<\/strong><span style=\"font-size: 0.8em;\">LCR HONDA IDEMITSU<\/span><\/span><\/td>\n<td style=\"text-align: center; border-style: none; vertical-align: middle; width: 266px; background-color: #ffffff; height: 100px;\"><span style=\"font-size: 0.9em;\"><strong>8. &#x1f1ea;&#x1f1f8; POL ESPARGARO<br \/>\n<\/strong><span style=\"font-size: 0.8em;\">REPSOL HONDA TEAM<\/span><\/span><\/td>\n<td style=\"text-align: center; border-style: none; vertical-align: bottom; width: 266px; background-color: #ffffff; height: 100px;\"><span style=\"font-size: 0.9em;\"><strong>9. &#x1f1ee;&#x1f1f9; VALENTINO ROSSI<br \/>\n<\/strong><span style=\"font-size: 0.8em;\">PETRONAS YAMAHA\u00a0SRT<\/span><\/span><\/td>\n<\/tr>\n<tr>\n<td style=\"text-align: center; border-style: none; vertical-align: top; width: 266px; background-color: #ffffff; height: 100px;\"><span style=\"font-size: 0.9em;\"><strong>10. &#x1f1f5;&#x1f1f9; MIGUEL OLIVEIRA<br \/>\n<\/strong><span style=\"font-size: 0.8em;\">RED BULL KTM FACTORY RACING<\/span><\/span><\/td>\n<td style=\"text-align: center; border-style: none; vertical-align: middle; width: 266px; background-color: #ffffff; height: 100px;\"><span style=\"font-size: 0.9em;\"><strong>11. &#x1f1ee;&#x1f1f9; LORENZO SAVADORI<br \/>\n<\/strong><span style=\"font-size: 0.8em;\">APRILIA RACING TEAM GRESINI<\/span><\/span><\/td>\n<td style=\"text-align: center; border-style: none; vertical-align: bottom; width: 266px; background-color: #ffffff; height: 100px;\"><span style=\"font-size: 0.9em;\"><strong>12. &#x1f1ee;&#x1f1f9; LUCA MARINI<br \/>\n<\/strong><span style=\"font-size: 0.8em;\">SKY VR46 AVINTIA TEAM<\/span><\/span><\/td>\n<\/tr>\n<tr>\n<td style=\"text-align: center; border-style: none; vertical-align: top; width: 266px; background-color: #ffffff; height: 100px;\"><span style=\"font-size: 0.9em;\"><strong>13. \u00a0&#x1f1ea;&#x1f1f8; ALEIX ESPARGARO<br \/>\n<\/strong><span style=\"font-size: 0.8em;\">APRILIA RACING TEAM GRESINI<\/span><\/span><\/td>\n<td style=\"text-align: center; border-style: none; vertical-align: middle; width: 266px; background-color: #ffffff; height: 100px;\"><span style=\"font-size: 0.9em;\"><strong>14. &#x1f1ea;&#x1f1f8; JOAN MIR<br \/>\n<\/strong><span style=\"font-size: 0.8em;\">TEAM SUZUKI ECSTAR<\/span><\/span><\/td>\n<td style=\"text-align: center; border-style: none; vertical-align: bottom; width: 266px; background-color: #ffffff; height: 100px;\"><span style=\"font-size: 0.9em;\"><strong>15. &#x1f1ea;&#x1f1f8; ALEX RINS<br \/>\n<\/strong><span style=\"font-size: 0.8em;\">TEAM SUZUKI ECSTAR<\/span><\/span><\/td>\n<\/tr>\n<tr>\n<td style=\"text-align: center; border-style: none; vertical-align: top; width: 266px; background-color: #ffffff; height: 100px;\"><span style=\"font-size: 0.9em;\"><strong>16. &#x1f1ee;&#x1f1f9; FRANCESCO BAGNAIA<br \/>\n<\/strong><span style=\"font-size: 0.8em;\">DUCATI LENOVO TEAM<\/span><\/span><\/td>\n<td style=\"text-align: center; border-style: none; vertical-align: middle; width: 266px; background-color: #ffffff; height: 100px;\"><span style=\"font-size: 0.9em;\"><strong>17. &#x1f1ee;&#x1f1f9; DANILO PETRUCCI<br \/>\n<\/strong><span style=\"font-size: 0.8em;\">TECH 3 KTM FACTORY RACING<\/span><\/span><\/td>\n<td style=\"text-align: center; border-style: none; vertical-align: bottom; width: 266px; background-color: #ffffff; height: 100px;\"><span style=\"font-size: 0.9em;\"><strong>18. &#x1f1ea;&#x1f1f8; IKER LECUONA<br \/>\n<\/strong><span style=\"font-size: 0.8em;\">TECH 3 KTM FACTORY RACING<\/span><\/span><\/td>\n<\/tr>\n<tr>\n<td style=\"text-align: center; border-style: none; vertical-align: top; width: 266px; background-color: #ffffff; height: 100px;\"><span style=\"font-size: 0.9em;\"><strong>19. &#x1f1ea;&#x1f1f8; ALEX MARQUEZ<br \/>\n<span style=\"font-size: 0.8em;\">LCR HONDA CASTROL<\/span><\/strong><\/span><\/td>\n<td style=\"text-align: center; border-style: none; vertical-align: middle; width: 266px; background-color: #ffffff; height: 100px;\"><span style=\"font-size: 0.9em;\"><strong>20. &#x1f1ea;&#x1f1f8; TITO RABAT<br \/>\n<\/strong><span style=\"font-size: 0.8em;\">PRAMAC RACING<\/span><\/span><\/td>\n<td style=\"text-align: center; border-style: none; vertical-align: bottom; width: 266px; background-color: #ffffff; height: 100px;\"><span style=\"font-size: 0.9em;\"><strong>21. &#x1f1ff;&#x1f1e6; BRAD BINDER<br style=\"font-size: 14.4px;\" \/><\/strong><span style=\"font-size: 0.8em;\">RED BULL KTM FACTORY RACING<\/span><\/span><\/td>\n<\/tr>\n<tr>\n<td style=\"text-align: center; border-style: none; vertical-align: top; width: 266px; background-color: #ffffff; height: 100px;\"><span style=\"font-size: 0.9em;\"><strong>22. &#x1f1ee;&#x1f1f9; ENEA BASTIANINI<br \/>\n<\/strong><span style=\"font-size: 0.8em;\">AVINTIA ESPONSORAMA RACING<\/span><\/span><\/td>\n<td style=\"text-align: center; border-style: none; vertical-align: middle; width: 266px; background-color: #ffffff; height: 100px;\"><\/td>\n<td style=\"text-align: center; border-style: none; vertical-align: bottom; width: 266px; background-color: #ffffff; height: 100px;\"><\/td>\n<\/tr>\n<\/tbody>\n<\/table>\n<hr \/>\n<h2 style=\"text-align: justify;\">\u00c0 lire aussi<\/h2>\n<ul>\n<li style=\"text-align: justify;\"><a href=\"https:\/\/dicodusport.fr\/blog\/motogp-championnat-du-monde-2021-calendrier-complet\/\" target=\"_blank\" rel=\"noopener\"><strong>MotoGP \u2013 Championnat du monde 2021 : le calendrier complet<\/strong><\/a><\/li>\n<\/ul>\n","protected":false},"excerpt":{"rendered":"<p>MOTOGP &#8211; GRAND PRIX DE FRANCE 2021 &#8211; D\u00e9couvrez la grille de d\u00e9part du Grand Prix de France 2021, apr\u00e8s les qualifications qui ont eu lieu ce 15 mai.<\/p>\n","protected":false},"author":4,"featured_media":129739,"comment_status":"open","ping_status":"closed","sticky":false,"template":"","format":"standard","meta":{"_acf_changed":false,"_daextam_enable_autolinks":"","footnotes":""},"categories":[47087],"tags":[16600,4736],"class_list":["post-129734","post","type-post","status-publish","format-standard","has-post-thumbnail","hentry","category-motogp","tag-grand-prix-de-france-motogp","tag-moto-gp"],"acf":[],"yoast_head":"<!-- This site is optimized with the Yoast SEO Premium plugin v26.7 (Yoast SEO v26.7) - https:\/\/yoast.com\/wordpress\/plugins\/seo\/ -->\n<title>MotoGP - Grand Prix de France 2021 : la grille de d\u00e9part<\/title>\n<meta name=\"description\" content=\"MOTOGP - GRAND PRIX DE FRANCE 2021 - D\u00e9couvrez la grille de d\u00e9part du Grand Prix de France 2021, apr\u00e8s les qualifications qui ont eu lieu ce 15 mai.\" \/>\n<meta name=\"robots\" content=\"index, follow, max-snippet:-1, max-image-preview:large, max-video-preview:-1\" \/>\n<link rel=\"canonical\" href=\"https:\/\/dicodusport.fr\/blog\/motogp-grand-prix-de-france-2021-grille-de-depart\/\" \/>\n<meta property=\"og:locale\" content=\"fr_FR\" \/>\n<meta property=\"og:type\" content=\"article\" \/>\n<meta property=\"og:title\" content=\"MotoGP - Grand Prix de France 2021 : la grille de d\u00e9part\" \/>\n<meta property=\"og:description\" content=\"MOTOGP - GRAND PRIX DE FRANCE 2021 - D\u00e9couvrez la grille de d\u00e9part du Grand Prix de France 2021, apr\u00e8s les qualifications qui ont eu lieu ce 15 mai.\" \/>\n<meta property=\"og:url\" content=\"https:\/\/dicodusport.fr\/blog\/motogp-grand-prix-de-france-2021-grille-de-depart\/\" \/>\n<meta property=\"og:site_name\" content=\"Dicodusport\" \/>\n<meta property=\"article:publisher\" content=\"https:\/\/www.facebook.com\/dicodusport\" \/>\n<meta property=\"article:author\" content=\"https:\/\/www.facebook.com\/florent.ostermann\" \/>\n<meta property=\"article:published_time\" content=\"2021-05-15T11:39:17+00:00\" \/>\n<meta property=\"article:modified_time\" content=\"2021-05-15T12:55:23+00:00\" \/>\n<meta property=\"og:image\" content=\"https:\/\/dicodusport.fr\/blog\/wp-content\/uploads\/2021\/05\/MotoGP-Grand-Prix-de-France-2021-La-grille-de-depart.png\" \/>\n\t<meta property=\"og:image:width\" content=\"1200\" \/>\n\t<meta property=\"og:image:height\" content=\"670\" \/>\n\t<meta property=\"og:image:type\" content=\"image\/png\" \/>\n<meta name=\"author\" content=\"Flo Ostermann\" \/>\n<meta name=\"twitter:card\" content=\"summary_large_image\" \/>\n<meta name=\"twitter:title\" content=\"MotoGP - Grand Prix de France 2021 : la grille de d\u00e9part\" \/>\n<meta name=\"twitter:creator\" content=\"@https:\/\/twitter.com\/FlOstermann\" \/>\n<meta name=\"twitter:site\" content=\"@dicodusport\" \/>\n<script type=\"application\/ld+json\" class=\"yoast-schema-graph\">{\"@context\":\"https:\/\/schema.org\",\"@graph\":[{\"@type\":\"NewsArticle\",\"@id\":\"https:\/\/dicodusport.fr\/blog\/motogp-grand-prix-de-france-2021-grille-de-depart\/#article\",\"isPartOf\":{\"@id\":\"https:\/\/dicodusport.fr\/blog\/motogp-grand-prix-de-france-2021-grille-de-depart\/\"},\"author\":{\"name\":\"Flo Ostermann\",\"@id\":\"https:\/\/dicodusport.fr\/blog\/#\/schema\/person\/cb02af4c173ce4a653b55e9baf388d4a\"},\"headline\":\"MotoGP &#8211; Grand Prix de France 2021 : la grille de d\u00e9part\",\"datePublished\":\"2021-05-15T11:39:17+00:00\",\"dateModified\":\"2021-05-15T12:55:23+00:00\",\"mainEntityOfPage\":{\"@id\":\"https:\/\/dicodusport.fr\/blog\/motogp-grand-prix-de-france-2021-grille-de-depart\/\"},\"wordCount\":304,\"commentCount\":0,\"publisher\":{\"@id\":\"https:\/\/dicodusport.fr\/blog\/#organization\"},\"image\":{\"@id\":\"https:\/\/dicodusport.fr\/blog\/motogp-grand-prix-de-france-2021-grille-de-depart\/#primaryimage\"},\"thumbnailUrl\":\"https:\/\/dicodusport.fr\/blog\/wp-content\/uploads\/2021\/05\/MotoGP-Grand-Prix-de-France-2021-La-grille-de-depart.png\",\"keywords\":[\"Grand Prix de France MotoGP\",\"Moto GP\"],\"articleSection\":[\"MotoGP\"],\"inLanguage\":\"fr-FR\",\"potentialAction\":[{\"@type\":\"CommentAction\",\"name\":\"Comment\",\"target\":[\"https:\/\/dicodusport.fr\/blog\/motogp-grand-prix-de-france-2021-grille-de-depart\/#respond\"]}],\"copyrightYear\":\"2021\",\"copyrightHolder\":{\"@id\":\"https:\/\/dicodusport.fr\/blog\/#organization\"}},{\"@type\":\"WebPage\",\"@id\":\"https:\/\/dicodusport.fr\/blog\/motogp-grand-prix-de-france-2021-grille-de-depart\/\",\"url\":\"https:\/\/dicodusport.fr\/blog\/motogp-grand-prix-de-france-2021-grille-de-depart\/\",\"name\":\"MotoGP - Grand Prix de France 2021 : la grille de d\u00e9part\",\"isPartOf\":{\"@id\":\"https:\/\/dicodusport.fr\/blog\/#website\"},\"primaryImageOfPage\":{\"@id\":\"https:\/\/dicodusport.fr\/blog\/motogp-grand-prix-de-france-2021-grille-de-depart\/#primaryimage\"},\"image\":{\"@id\":\"https:\/\/dicodusport.fr\/blog\/motogp-grand-prix-de-france-2021-grille-de-depart\/#primaryimage\"},\"thumbnailUrl\":\"https:\/\/dicodusport.fr\/blog\/wp-content\/uploads\/2021\/05\/MotoGP-Grand-Prix-de-France-2021-La-grille-de-depart.png\",\"datePublished\":\"2021-05-15T11:39:17+00:00\",\"dateModified\":\"2021-05-15T12:55:23+00:00\",\"description\":\"MOTOGP - GRAND PRIX DE FRANCE 2021 - D\u00e9couvrez la grille de d\u00e9part du Grand Prix de France 2021, apr\u00e8s les qualifications qui ont eu lieu ce 15 mai.\",\"breadcrumb\":{\"@id\":\"https:\/\/dicodusport.fr\/blog\/motogp-grand-prix-de-france-2021-grille-de-depart\/#breadcrumb\"},\"inLanguage\":\"fr-FR\",\"potentialAction\":[{\"@type\":\"ReadAction\",\"target\":[\"https:\/\/dicodusport.fr\/blog\/motogp-grand-prix-de-france-2021-grille-de-depart\/\"]}]},{\"@type\":\"ImageObject\",\"inLanguage\":\"fr-FR\",\"@id\":\"https:\/\/dicodusport.fr\/blog\/motogp-grand-prix-de-france-2021-grille-de-depart\/#primaryimage\",\"url\":\"https:\/\/dicodusport.fr\/blog\/wp-content\/uploads\/2021\/05\/MotoGP-Grand-Prix-de-France-2021-La-grille-de-depart.png\",\"contentUrl\":\"https:\/\/dicodusport.fr\/blog\/wp-content\/uploads\/2021\/05\/MotoGP-Grand-Prix-de-France-2021-La-grille-de-depart.png\",\"width\":1200,\"height\":670,\"caption\":\"MotoGP - Grand Prix de France 2021 : la grille de d\u00e9part\"},{\"@type\":\"BreadcrumbList\",\"@id\":\"https:\/\/dicodusport.fr\/blog\/motogp-grand-prix-de-france-2021-grille-de-depart\/#breadcrumb\",\"itemListElement\":[{\"@type\":\"ListItem\",\"position\":1,\"name\":\"Accueil\",\"item\":\"https:\/\/dicodusport.fr\/blog\/\"},{\"@type\":\"ListItem\",\"position\":2,\"name\":\"MotoGP &#8211; Grand Prix de France 2021 : la grille de d\u00e9part\"}]},{\"@type\":\"WebSite\",\"@id\":\"https:\/\/dicodusport.fr\/blog\/#website\",\"url\":\"https:\/\/dicodusport.fr\/blog\/\",\"name\":\"Dicodusport\",\"description\":\"L&#039;encyclop\u00e9die de l&#039;actualit\u00e9 sportive\",\"publisher\":{\"@id\":\"https:\/\/dicodusport.fr\/blog\/#organization\"},\"potentialAction\":[{\"@type\":\"SearchAction\",\"target\":{\"@type\":\"EntryPoint\",\"urlTemplate\":\"https:\/\/dicodusport.fr\/blog\/?s={search_term_string}\"},\"query-input\":{\"@type\":\"PropertyValueSpecification\",\"valueRequired\":true,\"valueName\":\"search_term_string\"}}],\"inLanguage\":\"fr-FR\"},{\"@type\":\"NewsMediaOrganization\",\"@id\":\"https:\/\/dicodusport.fr\/blog\/#organization\",\"name\":\"Dicodusport\",\"url\":\"https:\/\/dicodusport.fr\/blog\/\",\"logo\":{\"@type\":\"ImageObject\",\"inLanguage\":\"fr-FR\",\"@id\":\"https:\/\/dicodusport.fr\/blog\/#\/schema\/logo\/image\/\",\"url\":\"https:\/\/dicodusport.fr\/blog\/wp-content\/uploads\/2020\/06\/cropped-LOGO-DICODUSPORT-2020-SANS-FOND-SANS-TEXTE.png\",\"contentUrl\":\"https:\/\/dicodusport.fr\/blog\/wp-content\/uploads\/2020\/06\/cropped-LOGO-DICODUSPORT-2020-SANS-FOND-SANS-TEXTE.png\",\"width\":512,\"height\":512,\"caption\":\"Dicodusport\"},\"image\":{\"@id\":\"https:\/\/dicodusport.fr\/blog\/#\/schema\/logo\/image\/\"},\"sameAs\":[\"https:\/\/www.facebook.com\/dicodusport\",\"https:\/\/x.com\/dicodusport\",\"https:\/\/www.instagram.com\/dicodusport\/\",\"https:\/\/www.youtube.com\/channel\/UC7V2KZ5sd3htJivAbA4ZG3w\"],\"description\":\"Dicodusport est l'encyclop\u00e9die de l'actualit\u00e9 sportive.\",\"email\":\"bonjour@dicodusport.fr\",\"legalName\":\"DICODUSPORT\",\"foundingDate\":\"2018-01-14\",\"vatID\":\"FR71834470973\",\"taxID\":\"83447097300043\",\"numberOfEmployees\":{\"@type\":\"QuantitativeValue\",\"minValue\":\"1\",\"maxValue\":\"10\"}},{\"@type\":\"Person\",\"@id\":\"https:\/\/dicodusport.fr\/blog\/#\/schema\/person\/cb02af4c173ce4a653b55e9baf388d4a\",\"name\":\"Flo Ostermann\",\"image\":{\"@type\":\"ImageObject\",\"inLanguage\":\"fr-FR\",\"@id\":\"https:\/\/dicodusport.fr\/blog\/#\/schema\/person\/image\/\",\"url\":\"https:\/\/dicodusport.fr\/blog\/wp-content\/uploads\/2021\/05\/Flo-Ostermann-150x150.jpg\",\"contentUrl\":\"https:\/\/dicodusport.fr\/blog\/wp-content\/uploads\/2021\/05\/Flo-Ostermann-150x150.jpg\",\"caption\":\"Flo Ostermann\"},\"description\":\"Journaliste\/R\u00e9dacteur depuis septembre 2015 - Mes premiers souvenirs dans le sport ? Les envol\u00e9es du Stade Toulousain et les duels Villeneuve-Schumacher et H\u00e4kkinen-Schumacher \u00e0 la fin des ann\u00e9es 90, la Coupe du monde de football en 1998, l\u2019exploit du XV de France face aux All Blacks en 1999, mais aussi Richard C\u0153ur de Lion qui vole sur les montagnes du Tour de France. Bien parti pour devenir professeur d\u2019EPS, les \u00e9v\u00e9nements de la vie (et la flemme d\u2019animer des s\u00e9ances de 3x500 m\u00e8tres toute ma vie) m\u2019ont conduit \u00e0 revoir mes plans. Me voil\u00e0 depuis fin 2017 sur Dicodusport, m\u00e9dia gr\u00e2ce (et pour) lequel je partage ma passion : le sport dans tous ses \u00e9tats. Le tout accompagn\u00e9 par les fous furieux et folles furieuses cit\u00e9s sur cette page !\",\"sameAs\":[\"https:\/\/www.facebook.com\/florent.ostermann\",\"https:\/\/x.com\/https:\/\/twitter.com\/FlOstermann\",\"admin\"],\"url\":\"https:\/\/dicodusport.fr\/blog\/author\/flo\/\"}]}<\/script>\n<!-- \/ Yoast SEO Premium plugin. -->","yoast_head_json":{"title":"MotoGP - Grand Prix de France 2021 : la grille de d\u00e9part","description":"MOTOGP - GRAND PRIX DE FRANCE 2021 - D\u00e9couvrez la grille de d\u00e9part du Grand Prix de France 2021, apr\u00e8s les qualifications qui ont eu lieu ce 15 mai.","robots":{"index":"index","follow":"follow","max-snippet":"max-snippet:-1","max-image-preview":"max-image-preview:large","max-video-preview":"max-video-preview:-1"},"canonical":"https:\/\/dicodusport.fr\/blog\/motogp-grand-prix-de-france-2021-grille-de-depart\/","og_locale":"fr_FR","og_type":"article","og_title":"MotoGP - Grand Prix de France 2021 : la grille de d\u00e9part","og_description":"MOTOGP - GRAND PRIX DE FRANCE 2021 - D\u00e9couvrez la grille de d\u00e9part du Grand Prix de France 2021, apr\u00e8s les qualifications qui ont eu lieu ce 15 mai.","og_url":"https:\/\/dicodusport.fr\/blog\/motogp-grand-prix-de-france-2021-grille-de-depart\/","og_site_name":"Dicodusport","article_publisher":"https:\/\/www.facebook.com\/dicodusport","article_author":"https:\/\/www.facebook.com\/florent.ostermann","article_published_time":"2021-05-15T11:39:17+00:00","article_modified_time":"2021-05-15T12:55:23+00:00","og_image":[{"width":1200,"height":670,"url":"https:\/\/dicodusport.fr\/blog\/wp-content\/uploads\/2021\/05\/MotoGP-Grand-Prix-de-France-2021-La-grille-de-depart.png","type":"image\/png"}],"author":"Flo Ostermann","twitter_card":"summary_large_image","twitter_title":"MotoGP - Grand Prix de France 2021 : la grille de d\u00e9part","twitter_creator":"@https:\/\/twitter.com\/FlOstermann","twitter_site":"@dicodusport","schema":{"@context":"https:\/\/schema.org","@graph":[{"@type":"NewsArticle","@id":"https:\/\/dicodusport.fr\/blog\/motogp-grand-prix-de-france-2021-grille-de-depart\/#article","isPartOf":{"@id":"https:\/\/dicodusport.fr\/blog\/motogp-grand-prix-de-france-2021-grille-de-depart\/"},"author":{"name":"Flo Ostermann","@id":"https:\/\/dicodusport.fr\/blog\/#\/schema\/person\/cb02af4c173ce4a653b55e9baf388d4a"},"headline":"MotoGP &#8211; Grand Prix de France 2021 : la grille de d\u00e9part","datePublished":"2021-05-15T11:39:17+00:00","dateModified":"2021-05-15T12:55:23+00:00","mainEntityOfPage":{"@id":"https:\/\/dicodusport.fr\/blog\/motogp-grand-prix-de-france-2021-grille-de-depart\/"},"wordCount":304,"commentCount":0,"publisher":{"@id":"https:\/\/dicodusport.fr\/blog\/#organization"},"image":{"@id":"https:\/\/dicodusport.fr\/blog\/motogp-grand-prix-de-france-2021-grille-de-depart\/#primaryimage"},"thumbnailUrl":"https:\/\/dicodusport.fr\/blog\/wp-content\/uploads\/2021\/05\/MotoGP-Grand-Prix-de-France-2021-La-grille-de-depart.png","keywords":["Grand Prix de France MotoGP","Moto GP"],"articleSection":["MotoGP"],"inLanguage":"fr-FR","potentialAction":[{"@type":"CommentAction","name":"Comment","target":["https:\/\/dicodusport.fr\/blog\/motogp-grand-prix-de-france-2021-grille-de-depart\/#respond"]}],"copyrightYear":"2021","copyrightHolder":{"@id":"https:\/\/dicodusport.fr\/blog\/#organization"}},{"@type":"WebPage","@id":"https:\/\/dicodusport.fr\/blog\/motogp-grand-prix-de-france-2021-grille-de-depart\/","url":"https:\/\/dicodusport.fr\/blog\/motogp-grand-prix-de-france-2021-grille-de-depart\/","name":"MotoGP - Grand Prix de France 2021 : la grille de d\u00e9part","isPartOf":{"@id":"https:\/\/dicodusport.fr\/blog\/#website"},"primaryImageOfPage":{"@id":"https:\/\/dicodusport.fr\/blog\/motogp-grand-prix-de-france-2021-grille-de-depart\/#primaryimage"},"image":{"@id":"https:\/\/dicodusport.fr\/blog\/motogp-grand-prix-de-france-2021-grille-de-depart\/#primaryimage"},"thumbnailUrl":"https:\/\/dicodusport.fr\/blog\/wp-content\/uploads\/2021\/05\/MotoGP-Grand-Prix-de-France-2021-La-grille-de-depart.png","datePublished":"2021-05-15T11:39:17+00:00","dateModified":"2021-05-15T12:55:23+00:00","description":"MOTOGP - GRAND PRIX DE FRANCE 2021 - D\u00e9couvrez la grille de d\u00e9part du Grand Prix de France 2021, apr\u00e8s les qualifications qui ont eu lieu ce 15 mai.","breadcrumb":{"@id":"https:\/\/dicodusport.fr\/blog\/motogp-grand-prix-de-france-2021-grille-de-depart\/#breadcrumb"},"inLanguage":"fr-FR","potentialAction":[{"@type":"ReadAction","target":["https:\/\/dicodusport.fr\/blog\/motogp-grand-prix-de-france-2021-grille-de-depart\/"]}]},{"@type":"ImageObject","inLanguage":"fr-FR","@id":"https:\/\/dicodusport.fr\/blog\/motogp-grand-prix-de-france-2021-grille-de-depart\/#primaryimage","url":"https:\/\/dicodusport.fr\/blog\/wp-content\/uploads\/2021\/05\/MotoGP-Grand-Prix-de-France-2021-La-grille-de-depart.png","contentUrl":"https:\/\/dicodusport.fr\/blog\/wp-content\/uploads\/2021\/05\/MotoGP-Grand-Prix-de-France-2021-La-grille-de-depart.png","width":1200,"height":670,"caption":"MotoGP - Grand Prix de France 2021 : la grille de d\u00e9part"},{"@type":"BreadcrumbList","@id":"https:\/\/dicodusport.fr\/blog\/motogp-grand-prix-de-france-2021-grille-de-depart\/#breadcrumb","itemListElement":[{"@type":"ListItem","position":1,"name":"Accueil","item":"https:\/\/dicodusport.fr\/blog\/"},{"@type":"ListItem","position":2,"name":"MotoGP &#8211; Grand Prix de France 2021 : la grille de d\u00e9part"}]},{"@type":"WebSite","@id":"https:\/\/dicodusport.fr\/blog\/#website","url":"https:\/\/dicodusport.fr\/blog\/","name":"Dicodusport","description":"L&#039;encyclop\u00e9die de l&#039;actualit\u00e9 sportive","publisher":{"@id":"https:\/\/dicodusport.fr\/blog\/#organization"},"potentialAction":[{"@type":"SearchAction","target":{"@type":"EntryPoint","urlTemplate":"https:\/\/dicodusport.fr\/blog\/?s={search_term_string}"},"query-input":{"@type":"PropertyValueSpecification","valueRequired":true,"valueName":"search_term_string"}}],"inLanguage":"fr-FR"},{"@type":"NewsMediaOrganization","@id":"https:\/\/dicodusport.fr\/blog\/#organization","name":"Dicodusport","url":"https:\/\/dicodusport.fr\/blog\/","logo":{"@type":"ImageObject","inLanguage":"fr-FR","@id":"https:\/\/dicodusport.fr\/blog\/#\/schema\/logo\/image\/","url":"https:\/\/dicodusport.fr\/blog\/wp-content\/uploads\/2020\/06\/cropped-LOGO-DICODUSPORT-2020-SANS-FOND-SANS-TEXTE.png","contentUrl":"https:\/\/dicodusport.fr\/blog\/wp-content\/uploads\/2020\/06\/cropped-LOGO-DICODUSPORT-2020-SANS-FOND-SANS-TEXTE.png","width":512,"height":512,"caption":"Dicodusport"},"image":{"@id":"https:\/\/dicodusport.fr\/blog\/#\/schema\/logo\/image\/"},"sameAs":["https:\/\/www.facebook.com\/dicodusport","https:\/\/x.com\/dicodusport","https:\/\/www.instagram.com\/dicodusport\/","https:\/\/www.youtube.com\/channel\/UC7V2KZ5sd3htJivAbA4ZG3w"],"description":"Dicodusport est l'encyclop\u00e9die de l'actualit\u00e9 sportive.","email":"bonjour@dicodusport.fr","legalName":"DICODUSPORT","foundingDate":"2018-01-14","vatID":"FR71834470973","taxID":"83447097300043","numberOfEmployees":{"@type":"QuantitativeValue","minValue":"1","maxValue":"10"}},{"@type":"Person","@id":"https:\/\/dicodusport.fr\/blog\/#\/schema\/person\/cb02af4c173ce4a653b55e9baf388d4a","name":"Flo Ostermann","image":{"@type":"ImageObject","inLanguage":"fr-FR","@id":"https:\/\/dicodusport.fr\/blog\/#\/schema\/person\/image\/","url":"https:\/\/dicodusport.fr\/blog\/wp-content\/uploads\/2021\/05\/Flo-Ostermann-150x150.jpg","contentUrl":"https:\/\/dicodusport.fr\/blog\/wp-content\/uploads\/2021\/05\/Flo-Ostermann-150x150.jpg","caption":"Flo Ostermann"},"description":"Journaliste\/R\u00e9dacteur depuis septembre 2015 - Mes premiers souvenirs dans le sport ? Les envol\u00e9es du Stade Toulousain et les duels Villeneuve-Schumacher et H\u00e4kkinen-Schumacher \u00e0 la fin des ann\u00e9es 90, la Coupe du monde de football en 1998, l\u2019exploit du XV de France face aux All Blacks en 1999, mais aussi Richard C\u0153ur de Lion qui vole sur les montagnes du Tour de France. Bien parti pour devenir professeur d\u2019EPS, les \u00e9v\u00e9nements de la vie (et la flemme d\u2019animer des s\u00e9ances de 3x500 m\u00e8tres toute ma vie) m\u2019ont conduit \u00e0 revoir mes plans. Me voil\u00e0 depuis fin 2017 sur Dicodusport, m\u00e9dia gr\u00e2ce (et pour) lequel je partage ma passion : le sport dans tous ses \u00e9tats. Le tout accompagn\u00e9 par les fous furieux et folles furieuses cit\u00e9s sur cette page !","sameAs":["https:\/\/www.facebook.com\/florent.ostermann","https:\/\/x.com\/https:\/\/twitter.com\/FlOstermann","admin"],"url":"https:\/\/dicodusport.fr\/blog\/author\/flo\/"}]}},"_links":{"self":[{"href":"https:\/\/dicodusport.fr\/blog\/wp-json\/wp\/v2\/posts\/129734","targetHints":{"allow":["GET"]}}],"collection":[{"href":"https:\/\/dicodusport.fr\/blog\/wp-json\/wp\/v2\/posts"}],"about":[{"href":"https:\/\/dicodusport.fr\/blog\/wp-json\/wp\/v2\/types\/post"}],"author":[{"embeddable":true,"href":"https:\/\/dicodusport.fr\/blog\/wp-json\/wp\/v2\/users\/4"}],"replies":[{"embeddable":true,"href":"https:\/\/dicodusport.fr\/blog\/wp-json\/wp\/v2\/comments?post=129734"}],"version-history":[{"count":0,"href":"https:\/\/dicodusport.fr\/blog\/wp-json\/wp\/v2\/posts\/129734\/revisions"}],"wp:featuredmedia":[{"embeddable":true,"href":"https:\/\/dicodusport.fr\/blog\/wp-json\/wp\/v2\/media\/129739"}],"wp:attachment":[{"href":"https:\/\/dicodusport.fr\/blog\/wp-json\/wp\/v2\/media?parent=129734"}],"wp:term":[{"taxonomy":"category","embeddable":true,"href":"https:\/\/dicodusport.fr\/blog\/wp-json\/wp\/v2\/categories?post=129734"},{"taxonomy":"post_tag","embeddable":true,"href":"https:\/\/dicodusport.fr\/blog\/wp-json\/wp\/v2\/tags?post=129734"}],"curies":[{"name":"wp","href":"https:\/\/api.w.org\/{rel}","templated":true}]}}