{"id":129784,"date":"2021-05-15T17:14:22","date_gmt":"2021-05-15T15:14:22","guid":{"rendered":"https:\/\/dicodusport.fr\/blog\/?p=129784"},"modified":"2021-05-15T20:55:46","modified_gmt":"2021-05-15T18:55:46","slug":"tour-d-italie-2021-victor-lafay-gagne-la-8e-etape","status":"publish","type":"post","link":"https:\/\/dicodusport.fr\/blog\/tour-d-italie-2021-victor-lafay-gagne-la-8e-etape\/","title":{"rendered":"Tour d&rsquo;Italie 2021 : Victor Lafay gagne la 8\u00e8me \u00e9tape en solitaire !"},"content":{"rendered":"<p style=\"text-align: justify;\"><em><strong><a href=\"https:\/\/dicodusport.fr\/blog\/actualites\/cyclisme\/\">CYCLISME<\/a> &#8211; Pour cette 8\u00e8me \u00e9tape du Tour d&rsquo;Italie, les coureurs disputaient une \u00e9tape de moyenne montagne \u00e0 l&rsquo;ouest de la cha\u00eene des Apennins avec un col \u00e0 gravir et une arriv\u00e9e en bosse \u00e0 Guardia Sanframondi. Issu de l&rsquo;\u00e9chapp\u00e9e matinale, Victor Lafay (Cofidis) s&rsquo;est impos\u00e9 en solitaire.<br \/>\n<\/strong><\/em><\/p>\n<p style=\"text-align: justify;\">D&rsquo;abord, apr\u00e8s de nombreuses tentatives, neuf coureurs ont form\u00e9 l&rsquo;\u00e9chapp\u00e9e matinale apr\u00e8s une quarantaine de kilom\u00e8tres : <strong>Alexis Gougeard<\/strong> (AG2R Citro\u00ebn Team), <strong>Giovanni Carboni<\/strong> (Bardiani-CSF-Faizan\u00e8), <strong>Victor Lafay<\/strong> (Cofidis), <strong>Francesco Gavazzi<\/strong> (EOLO-Kometa), <strong>Kobe Goossens<\/strong> (Lotto Soudal), <strong>Nelson Oliveira<\/strong> (Movistar), Nikias Arndt (Team DSM), <strong>Victor Campenaerts<\/strong> (Team Qhubeka ASSOS) et <strong>Fernando Gaviria<\/strong> (UAE-Team Emirates). Cette \u00e9chapp\u00e9e a obtenu au moment d&rsquo;aborder le premier col du jour un peu plus de 7 minutes d&rsquo;avance sur un peloton emmen\u00e9 par la Groupama FDJ du maillot rose <strong>Attila Valter<\/strong>.<\/p>\n<p style=\"text-align: justify;\">Auparavant, Fernando Gaviria est pass\u00e9 en premier lors du sprint interm\u00e9diaire de Campobasso. Tandis que le vainqueur des 5e et 7e \u00e9tapes Caleb Ewan (Lotto Soudal) a abandonn\u00e9.<\/p>\n<h2 style=\"text-align: justify;\">La Groupama FDJ neutralise l&rsquo;\u00e9cart dans le seul col du jour<\/h2>\n<p style=\"text-align: justify;\">Au sommet de la premi\u00e8re ascension du jour, la Bocca della Selva (19km \u00e0 4.6%), Kobe Goossens (Lotto Soudal) est pass\u00e9 en t\u00eate. Dans la longue descente de ce col, Gaviria est tomb\u00e9 mais fort heureusement, le sprinteur colombien est reparti. Au bas de cette descente, il y a eu plusieurs attaques dans le groupe de t\u00eate. Gaviria est pass\u00e9 en t\u00eate sur le second sprint interm\u00e9diaire \u00e0 Castelvenere. L&rsquo;\u00e9cart des hommes de t\u00eate a baiss\u00e9 lors de cette portion descendante de presque 50 kilom\u00e8tres, mais insuffisamment pour emp\u00eacher un des \u00e9chapp\u00e9s matinaux de viser la victoire d&rsquo;\u00e9tape.<\/p>\n<h2 style=\"text-align: justify;\">Victor Lafay, le plus fort dans un final exigeant<\/h2>\n<p style=\"text-align: justify;\">Par la suite, <strong>Giovanni Carboni<\/strong> (Bardiani-CSF-Faizan\u00e8) a suivi une offensive de Campenaerts \u00e0 6 kilom\u00e8tres de l&rsquo;arriv\u00e9e. L&rsquo;Italien s&rsquo;est ensuite isol\u00e9 d\u00e8s les premiers pourcentages de la mont\u00e9e finale. Mais, Victor Lafay (Cofidis) est revenu sur le Transalpin avant de l&rsquo;attaquer \u00e0 2,5 kilom\u00e8tres de l&rsquo;arriv\u00e9e.<\/p>\n<p style=\"text-align: justify;\">Finalement, le coureur fran\u00e7ais de 25 ans s&rsquo;est impos\u00e9 avec 36 secondes d&rsquo;avance sur Francesco Gavazzi (EOLO-Kometa). Nikias Arndt (Team DSM a compl\u00e9t\u00e9 le podium \u00e0 37 secondes. Excellent sur le dernier Tour de Valence, <strong>Lafay<\/strong> a sign\u00e9 ainsi son premier succ\u00e8s professionnel et il est devenu le 43\u00e8me coureur fran\u00e7ais \u00e0 inscrire son nom \u00e0 une \u00e9tape du Tour d&rsquo;Italie.<\/p>\n<p style=\"text-align: justify;\">Enfin, le peloton des favoris a pass\u00e9 la ligne avec un retard de 4 minutes 48. Au classement g\u00e9n\u00e9ral, Attila Valter (Groupama &#8211; FDJ) reste en rose avec 11 secondes d&rsquo;avance sur Evenepoel et 16 secondes sur Bernal. Demain, l&rsquo;\u00e9tape sera bien plus difficile entre Castel di Sangro et Campo Felice avec quatre ascensions r\u00e9pertori\u00e9es.<\/p>\n<blockquote class=\"twitter-tweet\">\n<p dir=\"ltr\" lang=\"fr\">&#x1f5e3; \u00ab\u00a0Chapeau gamin !\u00a0\u00bb : Dans la derni\u00e8re ascension du jour, Victor Lafay a plac\u00e9 une acc\u00e9l\u00e9ration d\u00e9cisive et s&rsquo;est envol\u00e9 vers la victoire, magnifique ! &#x1f44f; <a href=\"https:\/\/twitter.com\/hashtag\/Giro?src=hash&amp;ref_src=twsrc%5Etfw\">#Giro<\/a> <a href=\"https:\/\/twitter.com\/hashtag\/LesRP?src=hash&amp;ref_src=twsrc%5Etfw\">#LesRP<\/a> <a href=\"https:\/\/t.co\/iaiTQHlXfb\">pic.twitter.com\/iaiTQHlXfb<\/a><\/p>\n<p>\u2014 Eurosport France (@Eurosport_FR) <a href=\"https:\/\/twitter.com\/Eurosport_FR\/status\/1393601454800359424?ref_src=twsrc%5Etfw\">May 15, 2021<\/a><\/p><\/blockquote>\n<p><script async src=\"https:\/\/platform.twitter.com\/widgets.js\" charset=\"utf-8\"><\/script><\/p>\n<h2 style=\"text-align: justify;\"><strong>\u00c0 lire aussi<\/strong><\/h2>\n<ul>\n<li style=\"text-align: justify;\"><a href=\"https:\/\/dicodusport.fr\/blog\/tour-d-italie-2021-classement-8eme-etape\/\"><strong>Le classement de la 8\u00e8me \u00e9tape<\/strong><\/a><\/li>\n<li style=\"text-align: justify;\"><a href=\"https:\/\/dicodusport.fr\/blog\/tour-d-italie-2021-classement-general-maillot-rose\/\"><strong>Le classement g\u00e9n\u00e9ral<\/strong><\/a><\/li>\n<\/ul>\n","protected":false},"excerpt":{"rendered":"<p>CYCLISME &#8211; Pour cette 8\u00e8me \u00e9tape du Tour d&rsquo;Italie, les coureurs disputaient une \u00e9tape de moyenne montagne \u00e0 l&rsquo;ouest de la cha\u00eene des Apennins avec un col \u00e0 gravir et une arriv\u00e9e en bosse \u00e0 Guardia Sanframondi. Issu de l&rsquo;\u00e9chapp\u00e9e matinale, Victor Lafay (Cofidis) s&rsquo;est impos\u00e9 en solitaire.<\/p>\n","protected":false},"author":48,"featured_media":129811,"comment_status":"open","ping_status":"closed","sticky":false,"template":"","format":"standard","meta":{"_acf_changed":false,"_daextam_enable_autolinks":"","footnotes":""},"categories":[47041],"tags":[3119,24,4722],"class_list":["post-129784","post","type-post","status-publish","format-standard","has-post-thumbnail","hentry","category-tour-d-italie","tag-actualite-cyclisme","tag-sport","tag-tour-ditalie"],"acf":[],"yoast_head":"<!-- This site is optimized with the Yoast SEO Premium plugin v26.7 (Yoast SEO v26.7) - https:\/\/yoast.com\/wordpress\/plugins\/seo\/ -->\n<title>Tour d&#039;Italie 2021 : Victor Lafay gagne la 8\u00e8me \u00e9tape en solitaire !<\/title>\n<meta name=\"description\" content=\"CYCLISME - Issu de l&#039;\u00e9chapp\u00e9e matinale, Victor Lafay (Cofidis) s&#039;est impos\u00e9 en solitaire ce samedi, sur la 8\u00e8me \u00e9tape du Tour d&#039;Italie.\" \/>\n<meta name=\"robots\" content=\"index, follow, max-snippet:-1, max-image-preview:large, max-video-preview:-1\" \/>\n<link rel=\"canonical\" href=\"https:\/\/dicodusport.fr\/blog\/tour-d-italie-2021-victor-lafay-gagne-la-8e-etape\/\" \/>\n<meta property=\"og:locale\" content=\"fr_FR\" \/>\n<meta property=\"og:type\" content=\"article\" \/>\n<meta property=\"og:title\" content=\"Tour d&#039;Italie 2021 : Victor Lafay gagne la 8\u00e8me \u00e9tape en solitaire !\" \/>\n<meta property=\"og:description\" content=\"CYCLISME - Issu de l&#039;\u00e9chapp\u00e9e matinale, Victor Lafay (Cofidis) s&#039;est impos\u00e9 en solitaire ce samedi, sur la 8\u00e8me \u00e9tape du Tour d&#039;Italie.\" \/>\n<meta property=\"og:url\" content=\"https:\/\/dicodusport.fr\/blog\/tour-d-italie-2021-victor-lafay-gagne-la-8e-etape\/\" \/>\n<meta property=\"og:site_name\" content=\"Dicodusport\" \/>\n<meta property=\"article:publisher\" content=\"https:\/\/www.facebook.com\/dicodusport\" \/>\n<meta property=\"article:author\" content=\"https:\/\/www.facebook.com\/groups\/LesRoisDuPeloton\" \/>\n<meta property=\"article:published_time\" content=\"2021-05-15T15:14:22+00:00\" \/>\n<meta property=\"article:modified_time\" content=\"2021-05-15T18:55:46+00:00\" \/>\n<meta property=\"og:image\" content=\"https:\/\/dicodusport.fr\/blog\/wp-content\/uploads\/2021\/05\/Tour-dItalie-2021-Victor-Lafay-gagne-la-8eme-etape-en-solitaire-.png\" \/>\n\t<meta property=\"og:image:width\" content=\"800\" \/>\n\t<meta property=\"og:image:height\" content=\"445\" \/>\n\t<meta property=\"og:image:type\" content=\"image\/png\" \/>\n<meta name=\"author\" content=\"Emilien Descampiaux\" \/>\n<meta name=\"twitter:card\" content=\"summary_large_image\" \/>\n<meta name=\"twitter:title\" content=\"Tour d&#039;Italie 2021 : Victor Lafay gagne la 8\u00e8me \u00e9tape en solitaire !\" \/>\n<meta name=\"twitter:creator\" content=\"@https:\/\/twitter.com\/LRoisDuPeloton\" \/>\n<meta name=\"twitter:site\" content=\"@dicodusport\" \/>\n<script type=\"application\/ld+json\" class=\"yoast-schema-graph\">{\"@context\":\"https:\/\/schema.org\",\"@graph\":[{\"@type\":\"NewsArticle\",\"@id\":\"https:\/\/dicodusport.fr\/blog\/tour-d-italie-2021-victor-lafay-gagne-la-8e-etape\/#article\",\"isPartOf\":{\"@id\":\"https:\/\/dicodusport.fr\/blog\/tour-d-italie-2021-victor-lafay-gagne-la-8e-etape\/\"},\"author\":{\"name\":\"Emilien Descampiaux\",\"@id\":\"https:\/\/dicodusport.fr\/blog\/#\/schema\/person\/6db4bae06b171592211be385b32876a7\"},\"headline\":\"Tour d&rsquo;Italie 2021 : Victor Lafay gagne la 8\u00e8me \u00e9tape en solitaire !\",\"datePublished\":\"2021-05-15T15:14:22+00:00\",\"dateModified\":\"2021-05-15T18:55:46+00:00\",\"mainEntityOfPage\":{\"@id\":\"https:\/\/dicodusport.fr\/blog\/tour-d-italie-2021-victor-lafay-gagne-la-8e-etape\/\"},\"wordCount\":540,\"commentCount\":1,\"publisher\":{\"@id\":\"https:\/\/dicodusport.fr\/blog\/#organization\"},\"image\":{\"@id\":\"https:\/\/dicodusport.fr\/blog\/tour-d-italie-2021-victor-lafay-gagne-la-8e-etape\/#primaryimage\"},\"thumbnailUrl\":\"https:\/\/dicodusport.fr\/blog\/wp-content\/uploads\/2021\/05\/Tour-dItalie-2021-Victor-Lafay-gagne-la-8eme-etape-en-solitaire-.png\",\"keywords\":[\"Actualit\u00e9 Cyclisme\",\"sport\",\"Tour d'Italie\"],\"articleSection\":[\"Tour d'Italie\"],\"inLanguage\":\"fr-FR\",\"potentialAction\":[{\"@type\":\"CommentAction\",\"name\":\"Comment\",\"target\":[\"https:\/\/dicodusport.fr\/blog\/tour-d-italie-2021-victor-lafay-gagne-la-8e-etape\/#respond\"]}],\"copyrightYear\":\"2021\",\"copyrightHolder\":{\"@id\":\"https:\/\/dicodusport.fr\/blog\/#organization\"}},{\"@type\":\"WebPage\",\"@id\":\"https:\/\/dicodusport.fr\/blog\/tour-d-italie-2021-victor-lafay-gagne-la-8e-etape\/\",\"url\":\"https:\/\/dicodusport.fr\/blog\/tour-d-italie-2021-victor-lafay-gagne-la-8e-etape\/\",\"name\":\"Tour d'Italie 2021 : Victor Lafay gagne la 8\u00e8me \u00e9tape en solitaire !\",\"isPartOf\":{\"@id\":\"https:\/\/dicodusport.fr\/blog\/#website\"},\"primaryImageOfPage\":{\"@id\":\"https:\/\/dicodusport.fr\/blog\/tour-d-italie-2021-victor-lafay-gagne-la-8e-etape\/#primaryimage\"},\"image\":{\"@id\":\"https:\/\/dicodusport.fr\/blog\/tour-d-italie-2021-victor-lafay-gagne-la-8e-etape\/#primaryimage\"},\"thumbnailUrl\":\"https:\/\/dicodusport.fr\/blog\/wp-content\/uploads\/2021\/05\/Tour-dItalie-2021-Victor-Lafay-gagne-la-8eme-etape-en-solitaire-.png\",\"datePublished\":\"2021-05-15T15:14:22+00:00\",\"dateModified\":\"2021-05-15T18:55:46+00:00\",\"description\":\"CYCLISME - Issu de l'\u00e9chapp\u00e9e matinale, Victor Lafay (Cofidis) s'est impos\u00e9 en solitaire ce samedi, sur la 8\u00e8me \u00e9tape du Tour d'Italie.\",\"breadcrumb\":{\"@id\":\"https:\/\/dicodusport.fr\/blog\/tour-d-italie-2021-victor-lafay-gagne-la-8e-etape\/#breadcrumb\"},\"inLanguage\":\"fr-FR\",\"potentialAction\":[{\"@type\":\"ReadAction\",\"target\":[\"https:\/\/dicodusport.fr\/blog\/tour-d-italie-2021-victor-lafay-gagne-la-8e-etape\/\"]}]},{\"@type\":\"ImageObject\",\"inLanguage\":\"fr-FR\",\"@id\":\"https:\/\/dicodusport.fr\/blog\/tour-d-italie-2021-victor-lafay-gagne-la-8e-etape\/#primaryimage\",\"url\":\"https:\/\/dicodusport.fr\/blog\/wp-content\/uploads\/2021\/05\/Tour-dItalie-2021-Victor-Lafay-gagne-la-8eme-etape-en-solitaire-.png\",\"contentUrl\":\"https:\/\/dicodusport.fr\/blog\/wp-content\/uploads\/2021\/05\/Tour-dItalie-2021-Victor-Lafay-gagne-la-8eme-etape-en-solitaire-.png\",\"width\":800,\"height\":445,\"caption\":\"Tour d'Italie 2021 : Victor Lafay gagne la 8\u00e8me \u00e9tape en solitaire !\"},{\"@type\":\"BreadcrumbList\",\"@id\":\"https:\/\/dicodusport.fr\/blog\/tour-d-italie-2021-victor-lafay-gagne-la-8e-etape\/#breadcrumb\",\"itemListElement\":[{\"@type\":\"ListItem\",\"position\":1,\"name\":\"Accueil\",\"item\":\"https:\/\/dicodusport.fr\/blog\/\"},{\"@type\":\"ListItem\",\"position\":2,\"name\":\"Tour d&rsquo;Italie 2021 : Victor Lafay gagne la 8\u00e8me \u00e9tape en solitaire !\"}]},{\"@type\":\"WebSite\",\"@id\":\"https:\/\/dicodusport.fr\/blog\/#website\",\"url\":\"https:\/\/dicodusport.fr\/blog\/\",\"name\":\"Dicodusport\",\"description\":\"L&#039;encyclop\u00e9die de l&#039;actualit\u00e9 sportive\",\"publisher\":{\"@id\":\"https:\/\/dicodusport.fr\/blog\/#organization\"},\"potentialAction\":[{\"@type\":\"SearchAction\",\"target\":{\"@type\":\"EntryPoint\",\"urlTemplate\":\"https:\/\/dicodusport.fr\/blog\/?s={search_term_string}\"},\"query-input\":{\"@type\":\"PropertyValueSpecification\",\"valueRequired\":true,\"valueName\":\"search_term_string\"}}],\"inLanguage\":\"fr-FR\"},{\"@type\":\"NewsMediaOrganization\",\"@id\":\"https:\/\/dicodusport.fr\/blog\/#organization\",\"name\":\"Dicodusport\",\"url\":\"https:\/\/dicodusport.fr\/blog\/\",\"logo\":{\"@type\":\"ImageObject\",\"inLanguage\":\"fr-FR\",\"@id\":\"https:\/\/dicodusport.fr\/blog\/#\/schema\/logo\/image\/\",\"url\":\"https:\/\/dicodusport.fr\/blog\/wp-content\/uploads\/2020\/06\/cropped-LOGO-DICODUSPORT-2020-SANS-FOND-SANS-TEXTE.png\",\"contentUrl\":\"https:\/\/dicodusport.fr\/blog\/wp-content\/uploads\/2020\/06\/cropped-LOGO-DICODUSPORT-2020-SANS-FOND-SANS-TEXTE.png\",\"width\":512,\"height\":512,\"caption\":\"Dicodusport\"},\"image\":{\"@id\":\"https:\/\/dicodusport.fr\/blog\/#\/schema\/logo\/image\/\"},\"sameAs\":[\"https:\/\/www.facebook.com\/dicodusport\",\"https:\/\/x.com\/dicodusport\",\"https:\/\/www.instagram.com\/dicodusport\/\",\"https:\/\/www.youtube.com\/channel\/UC7V2KZ5sd3htJivAbA4ZG3w\"],\"description\":\"Dicodusport est l'encyclop\u00e9die de l'actualit\u00e9 sportive.\",\"email\":\"bonjour@dicodusport.fr\",\"legalName\":\"DICODUSPORT\",\"foundingDate\":\"2018-01-14\",\"vatID\":\"FR71834470973\",\"taxID\":\"83447097300043\",\"numberOfEmployees\":{\"@type\":\"QuantitativeValue\",\"minValue\":\"1\",\"maxValue\":\"10\"}},{\"@type\":\"Person\",\"@id\":\"https:\/\/dicodusport.fr\/blog\/#\/schema\/person\/6db4bae06b171592211be385b32876a7\",\"name\":\"Emilien Descampiaux\",\"image\":{\"@type\":\"ImageObject\",\"inLanguage\":\"fr-FR\",\"@id\":\"https:\/\/dicodusport.fr\/blog\/#\/schema\/person\/image\/\",\"url\":\"https:\/\/dicodusport.fr\/blog\/wp-content\/uploads\/2021\/05\/Emilien-Descampiaux-150x150.jpg\",\"contentUrl\":\"https:\/\/dicodusport.fr\/blog\/wp-content\/uploads\/2021\/05\/Emilien-Descampiaux-150x150.jpg\",\"caption\":\"Emilien Descampiaux\"},\"description\":\"Journaliste\/r\u00e9dacteur depuis 2014 - Fan de la classe de Frank Vandenbroucke, je vis cyclisme (et de ses paysages) depuis plus de 20 ans. Je suis tr\u00e8s impliqu\u00e9 sur mes diff\u00e9rents r\u00e9seaux sociaux pour partager ma passion sur le monde et l'Histoire de la bicyclette avec ma voix sur les images en noir et blanc du succ\u00e8s de Rik Van Steenbergen lors du Ronde sur le V\u00e9lodrome de Gand.\",\"sameAs\":[\"https:\/\/www.facebook.com\/groups\/LesRoisDuPeloton\",\"https:\/\/x.com\/https:\/\/twitter.com\/LRoisDuPeloton\"],\"url\":\"https:\/\/dicodusport.fr\/blog\/author\/emiliend\/\"}]}<\/script>\n<!-- \/ Yoast SEO Premium plugin. -->","yoast_head_json":{"title":"Tour d'Italie 2021 : Victor Lafay gagne la 8\u00e8me \u00e9tape en solitaire !","description":"CYCLISME - Issu de l'\u00e9chapp\u00e9e matinale, Victor Lafay (Cofidis) s'est impos\u00e9 en solitaire ce samedi, sur la 8\u00e8me \u00e9tape du Tour d'Italie.","robots":{"index":"index","follow":"follow","max-snippet":"max-snippet:-1","max-image-preview":"max-image-preview:large","max-video-preview":"max-video-preview:-1"},"canonical":"https:\/\/dicodusport.fr\/blog\/tour-d-italie-2021-victor-lafay-gagne-la-8e-etape\/","og_locale":"fr_FR","og_type":"article","og_title":"Tour d'Italie 2021 : Victor Lafay gagne la 8\u00e8me \u00e9tape en solitaire !","og_description":"CYCLISME - Issu de l'\u00e9chapp\u00e9e matinale, Victor Lafay (Cofidis) s'est impos\u00e9 en solitaire ce samedi, sur la 8\u00e8me \u00e9tape du Tour d'Italie.","og_url":"https:\/\/dicodusport.fr\/blog\/tour-d-italie-2021-victor-lafay-gagne-la-8e-etape\/","og_site_name":"Dicodusport","article_publisher":"https:\/\/www.facebook.com\/dicodusport","article_author":"https:\/\/www.facebook.com\/groups\/LesRoisDuPeloton","article_published_time":"2021-05-15T15:14:22+00:00","article_modified_time":"2021-05-15T18:55:46+00:00","og_image":[{"width":800,"height":445,"url":"https:\/\/dicodusport.fr\/blog\/wp-content\/uploads\/2021\/05\/Tour-dItalie-2021-Victor-Lafay-gagne-la-8eme-etape-en-solitaire-.png","type":"image\/png"}],"author":"Emilien Descampiaux","twitter_card":"summary_large_image","twitter_title":"Tour d'Italie 2021 : Victor Lafay gagne la 8\u00e8me \u00e9tape en solitaire !","twitter_creator":"@https:\/\/twitter.com\/LRoisDuPeloton","twitter_site":"@dicodusport","schema":{"@context":"https:\/\/schema.org","@graph":[{"@type":"NewsArticle","@id":"https:\/\/dicodusport.fr\/blog\/tour-d-italie-2021-victor-lafay-gagne-la-8e-etape\/#article","isPartOf":{"@id":"https:\/\/dicodusport.fr\/blog\/tour-d-italie-2021-victor-lafay-gagne-la-8e-etape\/"},"author":{"name":"Emilien Descampiaux","@id":"https:\/\/dicodusport.fr\/blog\/#\/schema\/person\/6db4bae06b171592211be385b32876a7"},"headline":"Tour d&rsquo;Italie 2021 : Victor Lafay gagne la 8\u00e8me \u00e9tape en solitaire !","datePublished":"2021-05-15T15:14:22+00:00","dateModified":"2021-05-15T18:55:46+00:00","mainEntityOfPage":{"@id":"https:\/\/dicodusport.fr\/blog\/tour-d-italie-2021-victor-lafay-gagne-la-8e-etape\/"},"wordCount":540,"commentCount":1,"publisher":{"@id":"https:\/\/dicodusport.fr\/blog\/#organization"},"image":{"@id":"https:\/\/dicodusport.fr\/blog\/tour-d-italie-2021-victor-lafay-gagne-la-8e-etape\/#primaryimage"},"thumbnailUrl":"https:\/\/dicodusport.fr\/blog\/wp-content\/uploads\/2021\/05\/Tour-dItalie-2021-Victor-Lafay-gagne-la-8eme-etape-en-solitaire-.png","keywords":["Actualit\u00e9 Cyclisme","sport","Tour d'Italie"],"articleSection":["Tour d'Italie"],"inLanguage":"fr-FR","potentialAction":[{"@type":"CommentAction","name":"Comment","target":["https:\/\/dicodusport.fr\/blog\/tour-d-italie-2021-victor-lafay-gagne-la-8e-etape\/#respond"]}],"copyrightYear":"2021","copyrightHolder":{"@id":"https:\/\/dicodusport.fr\/blog\/#organization"}},{"@type":"WebPage","@id":"https:\/\/dicodusport.fr\/blog\/tour-d-italie-2021-victor-lafay-gagne-la-8e-etape\/","url":"https:\/\/dicodusport.fr\/blog\/tour-d-italie-2021-victor-lafay-gagne-la-8e-etape\/","name":"Tour d'Italie 2021 : Victor Lafay gagne la 8\u00e8me \u00e9tape en solitaire !","isPartOf":{"@id":"https:\/\/dicodusport.fr\/blog\/#website"},"primaryImageOfPage":{"@id":"https:\/\/dicodusport.fr\/blog\/tour-d-italie-2021-victor-lafay-gagne-la-8e-etape\/#primaryimage"},"image":{"@id":"https:\/\/dicodusport.fr\/blog\/tour-d-italie-2021-victor-lafay-gagne-la-8e-etape\/#primaryimage"},"thumbnailUrl":"https:\/\/dicodusport.fr\/blog\/wp-content\/uploads\/2021\/05\/Tour-dItalie-2021-Victor-Lafay-gagne-la-8eme-etape-en-solitaire-.png","datePublished":"2021-05-15T15:14:22+00:00","dateModified":"2021-05-15T18:55:46+00:00","description":"CYCLISME - Issu de l'\u00e9chapp\u00e9e matinale, Victor Lafay (Cofidis) s'est impos\u00e9 en solitaire ce samedi, sur la 8\u00e8me \u00e9tape du Tour d'Italie.","breadcrumb":{"@id":"https:\/\/dicodusport.fr\/blog\/tour-d-italie-2021-victor-lafay-gagne-la-8e-etape\/#breadcrumb"},"inLanguage":"fr-FR","potentialAction":[{"@type":"ReadAction","target":["https:\/\/dicodusport.fr\/blog\/tour-d-italie-2021-victor-lafay-gagne-la-8e-etape\/"]}]},{"@type":"ImageObject","inLanguage":"fr-FR","@id":"https:\/\/dicodusport.fr\/blog\/tour-d-italie-2021-victor-lafay-gagne-la-8e-etape\/#primaryimage","url":"https:\/\/dicodusport.fr\/blog\/wp-content\/uploads\/2021\/05\/Tour-dItalie-2021-Victor-Lafay-gagne-la-8eme-etape-en-solitaire-.png","contentUrl":"https:\/\/dicodusport.fr\/blog\/wp-content\/uploads\/2021\/05\/Tour-dItalie-2021-Victor-Lafay-gagne-la-8eme-etape-en-solitaire-.png","width":800,"height":445,"caption":"Tour d'Italie 2021 : Victor Lafay gagne la 8\u00e8me \u00e9tape en solitaire !"},{"@type":"BreadcrumbList","@id":"https:\/\/dicodusport.fr\/blog\/tour-d-italie-2021-victor-lafay-gagne-la-8e-etape\/#breadcrumb","itemListElement":[{"@type":"ListItem","position":1,"name":"Accueil","item":"https:\/\/dicodusport.fr\/blog\/"},{"@type":"ListItem","position":2,"name":"Tour d&rsquo;Italie 2021 : Victor Lafay gagne la 8\u00e8me \u00e9tape en solitaire !"}]},{"@type":"WebSite","@id":"https:\/\/dicodusport.fr\/blog\/#website","url":"https:\/\/dicodusport.fr\/blog\/","name":"Dicodusport","description":"L&#039;encyclop\u00e9die de l&#039;actualit\u00e9 sportive","publisher":{"@id":"https:\/\/dicodusport.fr\/blog\/#organization"},"potentialAction":[{"@type":"SearchAction","target":{"@type":"EntryPoint","urlTemplate":"https:\/\/dicodusport.fr\/blog\/?s={search_term_string}"},"query-input":{"@type":"PropertyValueSpecification","valueRequired":true,"valueName":"search_term_string"}}],"inLanguage":"fr-FR"},{"@type":"NewsMediaOrganization","@id":"https:\/\/dicodusport.fr\/blog\/#organization","name":"Dicodusport","url":"https:\/\/dicodusport.fr\/blog\/","logo":{"@type":"ImageObject","inLanguage":"fr-FR","@id":"https:\/\/dicodusport.fr\/blog\/#\/schema\/logo\/image\/","url":"https:\/\/dicodusport.fr\/blog\/wp-content\/uploads\/2020\/06\/cropped-LOGO-DICODUSPORT-2020-SANS-FOND-SANS-TEXTE.png","contentUrl":"https:\/\/dicodusport.fr\/blog\/wp-content\/uploads\/2020\/06\/cropped-LOGO-DICODUSPORT-2020-SANS-FOND-SANS-TEXTE.png","width":512,"height":512,"caption":"Dicodusport"},"image":{"@id":"https:\/\/dicodusport.fr\/blog\/#\/schema\/logo\/image\/"},"sameAs":["https:\/\/www.facebook.com\/dicodusport","https:\/\/x.com\/dicodusport","https:\/\/www.instagram.com\/dicodusport\/","https:\/\/www.youtube.com\/channel\/UC7V2KZ5sd3htJivAbA4ZG3w"],"description":"Dicodusport est l'encyclop\u00e9die de l'actualit\u00e9 sportive.","email":"bonjour@dicodusport.fr","legalName":"DICODUSPORT","foundingDate":"2018-01-14","vatID":"FR71834470973","taxID":"83447097300043","numberOfEmployees":{"@type":"QuantitativeValue","minValue":"1","maxValue":"10"}},{"@type":"Person","@id":"https:\/\/dicodusport.fr\/blog\/#\/schema\/person\/6db4bae06b171592211be385b32876a7","name":"Emilien Descampiaux","image":{"@type":"ImageObject","inLanguage":"fr-FR","@id":"https:\/\/dicodusport.fr\/blog\/#\/schema\/person\/image\/","url":"https:\/\/dicodusport.fr\/blog\/wp-content\/uploads\/2021\/05\/Emilien-Descampiaux-150x150.jpg","contentUrl":"https:\/\/dicodusport.fr\/blog\/wp-content\/uploads\/2021\/05\/Emilien-Descampiaux-150x150.jpg","caption":"Emilien Descampiaux"},"description":"Journaliste\/r\u00e9dacteur depuis 2014 - Fan de la classe de Frank Vandenbroucke, je vis cyclisme (et de ses paysages) depuis plus de 20 ans. Je suis tr\u00e8s impliqu\u00e9 sur mes diff\u00e9rents r\u00e9seaux sociaux pour partager ma passion sur le monde et l'Histoire de la bicyclette avec ma voix sur les images en noir et blanc du succ\u00e8s de Rik Van Steenbergen lors du Ronde sur le V\u00e9lodrome de Gand.","sameAs":["https:\/\/www.facebook.com\/groups\/LesRoisDuPeloton","https:\/\/x.com\/https:\/\/twitter.com\/LRoisDuPeloton"],"url":"https:\/\/dicodusport.fr\/blog\/author\/emiliend\/"}]}},"_links":{"self":[{"href":"https:\/\/dicodusport.fr\/blog\/wp-json\/wp\/v2\/posts\/129784","targetHints":{"allow":["GET"]}}],"collection":[{"href":"https:\/\/dicodusport.fr\/blog\/wp-json\/wp\/v2\/posts"}],"about":[{"href":"https:\/\/dicodusport.fr\/blog\/wp-json\/wp\/v2\/types\/post"}],"author":[{"embeddable":true,"href":"https:\/\/dicodusport.fr\/blog\/wp-json\/wp\/v2\/users\/48"}],"replies":[{"embeddable":true,"href":"https:\/\/dicodusport.fr\/blog\/wp-json\/wp\/v2\/comments?post=129784"}],"version-history":[{"count":0,"href":"https:\/\/dicodusport.fr\/blog\/wp-json\/wp\/v2\/posts\/129784\/revisions"}],"wp:featuredmedia":[{"embeddable":true,"href":"https:\/\/dicodusport.fr\/blog\/wp-json\/wp\/v2\/media\/129811"}],"wp:attachment":[{"href":"https:\/\/dicodusport.fr\/blog\/wp-json\/wp\/v2\/media?parent=129784"}],"wp:term":[{"taxonomy":"category","embeddable":true,"href":"https:\/\/dicodusport.fr\/blog\/wp-json\/wp\/v2\/categories?post=129784"},{"taxonomy":"post_tag","embeddable":true,"href":"https:\/\/dicodusport.fr\/blog\/wp-json\/wp\/v2\/tags?post=129784"}],"curies":[{"name":"wp","href":"https:\/\/api.w.org\/{rel}","templated":true}]}}