{"id":130189,"date":"2021-05-17T08:46:26","date_gmt":"2021-05-17T06:46:26","guid":{"rendered":"https:\/\/dicodusport.fr\/blog\/?p=130189"},"modified":"2021-05-17T09:37:32","modified_gmt":"2021-05-17T07:37:32","slug":"championnats-d-europe-de-natation-handisport-trois-medailles-pour-la-france","status":"publish","type":"post","link":"https:\/\/dicodusport.fr\/blog\/championnats-d-europe-de-natation-handisport-trois-medailles-pour-la-france\/","title":{"rendered":"Championnats d&rsquo;Europe de natation handisport : trois m\u00e9dailles pour la France"},"content":{"rendered":"<p style=\"text-align: justify;\"><strong><em><a href=\"https:\/\/dicodusport.fr\/blog\/handisport\/\">Handisport<\/a> &#8211; \u00c0 exactement 100 jours de l&rsquo;ouverture des Jeux Paralympiques, la France d\u00e9marre tr\u00e8s bien ses Championnats d&rsquo;Europe de natation. Une premi\u00e8re journ\u00e9e o\u00f9 les nageurs fran\u00e7ais rapportent 3 m\u00e9dailles dont un titre.<\/em><\/strong><\/p>\n<h2>Laurent Chardard en or<\/h2>\n<p style=\"text-align: justify;\">C&rsquo;est la grosse performance de la journ\u00e9e c\u00f4t\u00e9 Bleu, <strong>Laurent Chardard<\/strong> <strong>s&rsquo;est offert le titre europ\u00e9en <\/strong>sur 100 m\u00e8tres dos en cat\u00e9gorie S6. Au terme d&rsquo;un finish haletant, il devance le Croate Dino Sinovcic de 29 centi\u00e8mes. L&rsquo;Italien Antonio Fantin compl\u00e8te le podium.<\/p>\n<p style=\"text-align: justify;\">Autre Fran\u00e7ais qui a brill\u00e9, c&rsquo;est <strong>Alex Portal<\/strong>. Engag\u00e9 en 100 m\u00e8tres papillon en cat\u00e9gorie S13, <strong>il remporte la m\u00e9daille de bronze<\/strong>. Il bat par la m\u00eame occasion son propre record de France qu&rsquo;il avait d\u00e9j\u00e0 battu en s\u00e9rie en exactement 57 secondes. Loin devant, le Bi\u00e9lorusse Ihar Boki bat le record du monde en 53:72. <strong>Emeline Pierre<\/strong> <strong>d\u00e9croche elle aussi le bronze<\/strong> lors du 50 m\u00e8tres nage libre S10.<\/p>\n<p style=\"text-align: justify;\">Jeune Fran\u00e7aise qui honore sa premi\u00e8re s\u00e9lection en \u00e9quipe de France, <strong>Jade Le Bris<\/strong> s&rsquo;est class\u00e9e 6\u00e8me du 400 m\u00e8tres nage libre S8. <strong>Ugo Didier<\/strong> a pris la 8\u00e8me place du 100 m\u00e8tres brasse S9. Sur 200 m\u00e8tres S14, <strong>Assya Maurin Espiau<\/strong> termine 8\u00e8me de sa finale. \u00c9limin\u00e9 en s\u00e9rie, le petit fr\u00e8re d&rsquo;Alex, <strong>Kylian Portal<\/strong> a battu son record personnel \u00e0 seulement 14 ans !<\/p>\n<blockquote class=\"twitter-tweet\">\n<p dir=\"ltr\" lang=\"fr\">ALERTE M\u00c9DAILLE<br \/>\nCHAMPION D\u2019EUROPE &#x1f947;<br \/>\nLe nageur de Guyenne Handinages Laurent Chardard s\u2019impose magistralement sur le 100m dos S6 (1\u201916\u201d19) et monte sur le toit de l\u2019Europe ! Chapeau bas Monsieur &#x1f929;. <a href=\"https:\/\/t.co\/sJ7vbMWT49\">pic.twitter.com\/sJ7vbMWT49<\/a><\/p>\n<p>\u2014 FFHandisport (@FFHandisport) <a href=\"https:\/\/twitter.com\/FFHandisport\/status\/1393993465915219977?ref_src=twsrc%5Etfw\">May 16, 2021<\/a><\/p><\/blockquote>\n<p><script async src=\"https:\/\/platform.twitter.com\/widgets.js\" charset=\"utf-8\"><\/script><\/p>\n","protected":false},"excerpt":{"rendered":"<p>Handisport &#8211; \u00c0 exactement 100 jours de l&rsquo;ouverture des Jeux Paralympiques, la France d\u00e9marre tr\u00e8s bien ses Championnats d&rsquo;Europe de natation. Une premi\u00e8re journ\u00e9e o\u00f9 les nageurs fran\u00e7ais rapportent 3 m\u00e9dailles dont un titre.<\/p>\n","protected":false},"author":43,"featured_media":130241,"comment_status":"open","ping_status":"closed","sticky":false,"template":"","format":"standard","meta":{"_acf_changed":false,"_daextam_enable_autolinks":"","footnotes":""},"categories":[5753,2306],"tags":[5631,1265,69],"class_list":["post-130189","post","type-post","status-publish","format-standard","has-post-thumbnail","hentry","category-handisport","category-natation","tag-championnats-deurope-de-natation","tag-handisport","tag-natation"],"acf":[],"yoast_head":"<!-- This site is optimized with the Yoast SEO Premium plugin v26.7 (Yoast SEO v26.7) - https:\/\/yoast.com\/wordpress\/plugins\/seo\/ -->\n<title>Championnats d&#039;Europe de natation handisport : trois m\u00e9dailles pour la France<\/title>\n<meta name=\"description\" content=\"Bonne premi\u00e8re journ\u00e9e pour les nageurs fran\u00e7ais aux Championnats d&#039;Europe de natation handisport. Avec notamment une m\u00e9daille d&#039;or.\" \/>\n<meta name=\"robots\" content=\"index, follow, max-snippet:-1, max-image-preview:large, max-video-preview:-1\" \/>\n<link rel=\"canonical\" href=\"https:\/\/dicodusport.fr\/blog\/championnats-d-europe-de-natation-handisport-trois-medailles-pour-la-france\/\" \/>\n<meta property=\"og:locale\" content=\"fr_FR\" \/>\n<meta property=\"og:type\" content=\"article\" \/>\n<meta property=\"og:title\" content=\"Championnats d&#039;Europe de natation handisport : trois m\u00e9dailles pour la France\" \/>\n<meta property=\"og:description\" content=\"Bonne premi\u00e8re journ\u00e9e pour les nageurs fran\u00e7ais aux Championnats d&#039;Europe de natation handisport. Avec notamment une m\u00e9daille d&#039;or.\" \/>\n<meta property=\"og:url\" content=\"https:\/\/dicodusport.fr\/blog\/championnats-d-europe-de-natation-handisport-trois-medailles-pour-la-france\/\" \/>\n<meta property=\"og:site_name\" content=\"Dicodusport\" \/>\n<meta property=\"article:publisher\" content=\"https:\/\/www.facebook.com\/dicodusport\" \/>\n<meta property=\"article:author\" content=\"https:\/\/www.facebook.com\/Max.Bld2\/\" \/>\n<meta property=\"article:published_time\" content=\"2021-05-17T06:46:26+00:00\" \/>\n<meta property=\"article:modified_time\" content=\"2021-05-17T07:37:32+00:00\" \/>\n<meta property=\"og:image\" content=\"https:\/\/dicodusport.fr\/blog\/wp-content\/uploads\/2021\/05\/Championnats-dEurope-de-natation-handisport-Trois-medailles-pour-la-France.png\" \/>\n\t<meta property=\"og:image:width\" content=\"800\" \/>\n\t<meta property=\"og:image:height\" content=\"445\" \/>\n\t<meta property=\"og:image:type\" content=\"image\/png\" \/>\n<meta name=\"author\" content=\"Maxime Boulard\" \/>\n<meta name=\"twitter:card\" content=\"summary_large_image\" \/>\n<meta name=\"twitter:title\" content=\"Championnats d&#039;Europe de natation handisport : trois m\u00e9dailles pour la France\" \/>\n<meta name=\"twitter:creator\" content=\"@https:\/\/twitter.com\/MaximeB_2\" \/>\n<meta name=\"twitter:site\" content=\"@dicodusport\" \/>\n<script type=\"application\/ld+json\" class=\"yoast-schema-graph\">{\"@context\":\"https:\/\/schema.org\",\"@graph\":[{\"@type\":\"NewsArticle\",\"@id\":\"https:\/\/dicodusport.fr\/blog\/championnats-d-europe-de-natation-handisport-trois-medailles-pour-la-france\/#article\",\"isPartOf\":{\"@id\":\"https:\/\/dicodusport.fr\/blog\/championnats-d-europe-de-natation-handisport-trois-medailles-pour-la-france\/\"},\"author\":{\"name\":\"Maxime Boulard\",\"@id\":\"https:\/\/dicodusport.fr\/blog\/#\/schema\/person\/5aab10ee856e86ac63e9819a9da34784\"},\"headline\":\"Championnats d&rsquo;Europe de natation handisport : trois m\u00e9dailles pour la France\",\"datePublished\":\"2021-05-17T06:46:26+00:00\",\"dateModified\":\"2021-05-17T07:37:32+00:00\",\"mainEntityOfPage\":{\"@id\":\"https:\/\/dicodusport.fr\/blog\/championnats-d-europe-de-natation-handisport-trois-medailles-pour-la-france\/\"},\"wordCount\":300,\"commentCount\":0,\"publisher\":{\"@id\":\"https:\/\/dicodusport.fr\/blog\/#organization\"},\"image\":{\"@id\":\"https:\/\/dicodusport.fr\/blog\/championnats-d-europe-de-natation-handisport-trois-medailles-pour-la-france\/#primaryimage\"},\"thumbnailUrl\":\"https:\/\/dicodusport.fr\/blog\/wp-content\/uploads\/2021\/05\/Championnats-dEurope-de-natation-handisport-Trois-medailles-pour-la-France.png\",\"keywords\":[\"Championnats d'Europe de natation\",\"handisport\",\"natation\"],\"articleSection\":[\"Handisport\",\"Natation\"],\"inLanguage\":\"fr-FR\",\"potentialAction\":[{\"@type\":\"CommentAction\",\"name\":\"Comment\",\"target\":[\"https:\/\/dicodusport.fr\/blog\/championnats-d-europe-de-natation-handisport-trois-medailles-pour-la-france\/#respond\"]}],\"copyrightYear\":\"2021\",\"copyrightHolder\":{\"@id\":\"https:\/\/dicodusport.fr\/blog\/#organization\"}},{\"@type\":\"WebPage\",\"@id\":\"https:\/\/dicodusport.fr\/blog\/championnats-d-europe-de-natation-handisport-trois-medailles-pour-la-france\/\",\"url\":\"https:\/\/dicodusport.fr\/blog\/championnats-d-europe-de-natation-handisport-trois-medailles-pour-la-france\/\",\"name\":\"Championnats d'Europe de natation handisport : trois m\u00e9dailles pour la France\",\"isPartOf\":{\"@id\":\"https:\/\/dicodusport.fr\/blog\/#website\"},\"primaryImageOfPage\":{\"@id\":\"https:\/\/dicodusport.fr\/blog\/championnats-d-europe-de-natation-handisport-trois-medailles-pour-la-france\/#primaryimage\"},\"image\":{\"@id\":\"https:\/\/dicodusport.fr\/blog\/championnats-d-europe-de-natation-handisport-trois-medailles-pour-la-france\/#primaryimage\"},\"thumbnailUrl\":\"https:\/\/dicodusport.fr\/blog\/wp-content\/uploads\/2021\/05\/Championnats-dEurope-de-natation-handisport-Trois-medailles-pour-la-France.png\",\"datePublished\":\"2021-05-17T06:46:26+00:00\",\"dateModified\":\"2021-05-17T07:37:32+00:00\",\"description\":\"Bonne premi\u00e8re journ\u00e9e pour les nageurs fran\u00e7ais aux Championnats d'Europe de natation handisport. Avec notamment une m\u00e9daille d'or.\",\"breadcrumb\":{\"@id\":\"https:\/\/dicodusport.fr\/blog\/championnats-d-europe-de-natation-handisport-trois-medailles-pour-la-france\/#breadcrumb\"},\"inLanguage\":\"fr-FR\",\"potentialAction\":[{\"@type\":\"ReadAction\",\"target\":[\"https:\/\/dicodusport.fr\/blog\/championnats-d-europe-de-natation-handisport-trois-medailles-pour-la-france\/\"]}]},{\"@type\":\"ImageObject\",\"inLanguage\":\"fr-FR\",\"@id\":\"https:\/\/dicodusport.fr\/blog\/championnats-d-europe-de-natation-handisport-trois-medailles-pour-la-france\/#primaryimage\",\"url\":\"https:\/\/dicodusport.fr\/blog\/wp-content\/uploads\/2021\/05\/Championnats-dEurope-de-natation-handisport-Trois-medailles-pour-la-France.png\",\"contentUrl\":\"https:\/\/dicodusport.fr\/blog\/wp-content\/uploads\/2021\/05\/Championnats-dEurope-de-natation-handisport-Trois-medailles-pour-la-France.png\",\"width\":800,\"height\":445,\"caption\":\"Championnats d'Europe de natation handisport : trois m\u00e9dailles pour la France\"},{\"@type\":\"BreadcrumbList\",\"@id\":\"https:\/\/dicodusport.fr\/blog\/championnats-d-europe-de-natation-handisport-trois-medailles-pour-la-france\/#breadcrumb\",\"itemListElement\":[{\"@type\":\"ListItem\",\"position\":1,\"name\":\"Accueil\",\"item\":\"https:\/\/dicodusport.fr\/blog\/\"},{\"@type\":\"ListItem\",\"position\":2,\"name\":\"Championnats d&rsquo;Europe de natation handisport : trois m\u00e9dailles pour la France\"}]},{\"@type\":\"WebSite\",\"@id\":\"https:\/\/dicodusport.fr\/blog\/#website\",\"url\":\"https:\/\/dicodusport.fr\/blog\/\",\"name\":\"Dicodusport\",\"description\":\"L&#039;encyclop\u00e9die de l&#039;actualit\u00e9 sportive\",\"publisher\":{\"@id\":\"https:\/\/dicodusport.fr\/blog\/#organization\"},\"potentialAction\":[{\"@type\":\"SearchAction\",\"target\":{\"@type\":\"EntryPoint\",\"urlTemplate\":\"https:\/\/dicodusport.fr\/blog\/?s={search_term_string}\"},\"query-input\":{\"@type\":\"PropertyValueSpecification\",\"valueRequired\":true,\"valueName\":\"search_term_string\"}}],\"inLanguage\":\"fr-FR\"},{\"@type\":\"NewsMediaOrganization\",\"@id\":\"https:\/\/dicodusport.fr\/blog\/#organization\",\"name\":\"Dicodusport\",\"url\":\"https:\/\/dicodusport.fr\/blog\/\",\"logo\":{\"@type\":\"ImageObject\",\"inLanguage\":\"fr-FR\",\"@id\":\"https:\/\/dicodusport.fr\/blog\/#\/schema\/logo\/image\/\",\"url\":\"https:\/\/dicodusport.fr\/blog\/wp-content\/uploads\/2020\/06\/cropped-LOGO-DICODUSPORT-2020-SANS-FOND-SANS-TEXTE.png\",\"contentUrl\":\"https:\/\/dicodusport.fr\/blog\/wp-content\/uploads\/2020\/06\/cropped-LOGO-DICODUSPORT-2020-SANS-FOND-SANS-TEXTE.png\",\"width\":512,\"height\":512,\"caption\":\"Dicodusport\"},\"image\":{\"@id\":\"https:\/\/dicodusport.fr\/blog\/#\/schema\/logo\/image\/\"},\"sameAs\":[\"https:\/\/www.facebook.com\/dicodusport\",\"https:\/\/x.com\/dicodusport\",\"https:\/\/www.instagram.com\/dicodusport\/\",\"https:\/\/www.youtube.com\/channel\/UC7V2KZ5sd3htJivAbA4ZG3w\"],\"description\":\"Dicodusport est l'encyclop\u00e9die de l'actualit\u00e9 sportive.\",\"email\":\"bonjour@dicodusport.fr\",\"legalName\":\"DICODUSPORT\",\"foundingDate\":\"2018-01-14\",\"vatID\":\"FR71834470973\",\"taxID\":\"83447097300043\",\"numberOfEmployees\":{\"@type\":\"QuantitativeValue\",\"minValue\":\"1\",\"maxValue\":\"10\"}},{\"@type\":\"Person\",\"@id\":\"https:\/\/dicodusport.fr\/blog\/#\/schema\/person\/5aab10ee856e86ac63e9819a9da34784\",\"name\":\"Maxime Boulard\",\"image\":{\"@type\":\"ImageObject\",\"inLanguage\":\"fr-FR\",\"@id\":\"https:\/\/dicodusport.fr\/blog\/#\/schema\/person\/image\/\",\"url\":\"https:\/\/dicodusport.fr\/blog\/wp-content\/uploads\/2021\/05\/Maxime-Boulard-150x150.jpg\",\"contentUrl\":\"https:\/\/dicodusport.fr\/blog\/wp-content\/uploads\/2021\/05\/Maxime-Boulard-150x150.jpg\",\"caption\":\"Maxime Boulard\"},\"description\":\"Journaliste\/r\u00e9dacteur depuis octobre 2020 - Si mon plus vieux souvenir de sport aurait pu m'en d\u00e9go\u00fbter, la finale de la Coupe du monde 2006 a \u00e9t\u00e9 tout le contraire. V\u00e9ritable d\u00e9clencheur d'une passion qui aujourd'hui ne fait que grandir avec le temps, mon leitmotiv est la France qui brille ! Je relate les exploits pass\u00e9s et pr\u00e9sents du sport bleu-blanc-rouge sans m\u00e9nagement depuis octobre 2020. Sport valide ou handisport, aucune diff\u00e9rence, il n'y a que du sport et plusieurs fa\u00e7ons de le pratiquer.\",\"sameAs\":[\"https:\/\/www.facebook.com\/Max.Bld2\/\",\"https:\/\/x.com\/https:\/\/twitter.com\/MaximeB_2\"],\"url\":\"https:\/\/dicodusport.fr\/blog\/author\/maxime-b\/\"}]}<\/script>\n<!-- \/ Yoast SEO Premium plugin. -->","yoast_head_json":{"title":"Championnats d'Europe de natation handisport : trois m\u00e9dailles pour la France","description":"Bonne premi\u00e8re journ\u00e9e pour les nageurs fran\u00e7ais aux Championnats d'Europe de natation handisport. Avec notamment une m\u00e9daille d'or.","robots":{"index":"index","follow":"follow","max-snippet":"max-snippet:-1","max-image-preview":"max-image-preview:large","max-video-preview":"max-video-preview:-1"},"canonical":"https:\/\/dicodusport.fr\/blog\/championnats-d-europe-de-natation-handisport-trois-medailles-pour-la-france\/","og_locale":"fr_FR","og_type":"article","og_title":"Championnats d'Europe de natation handisport : trois m\u00e9dailles pour la France","og_description":"Bonne premi\u00e8re journ\u00e9e pour les nageurs fran\u00e7ais aux Championnats d'Europe de natation handisport. Avec notamment une m\u00e9daille d'or.","og_url":"https:\/\/dicodusport.fr\/blog\/championnats-d-europe-de-natation-handisport-trois-medailles-pour-la-france\/","og_site_name":"Dicodusport","article_publisher":"https:\/\/www.facebook.com\/dicodusport","article_author":"https:\/\/www.facebook.com\/Max.Bld2\/","article_published_time":"2021-05-17T06:46:26+00:00","article_modified_time":"2021-05-17T07:37:32+00:00","og_image":[{"width":800,"height":445,"url":"https:\/\/dicodusport.fr\/blog\/wp-content\/uploads\/2021\/05\/Championnats-dEurope-de-natation-handisport-Trois-medailles-pour-la-France.png","type":"image\/png"}],"author":"Maxime Boulard","twitter_card":"summary_large_image","twitter_title":"Championnats d'Europe de natation handisport : trois m\u00e9dailles pour la France","twitter_creator":"@https:\/\/twitter.com\/MaximeB_2","twitter_site":"@dicodusport","schema":{"@context":"https:\/\/schema.org","@graph":[{"@type":"NewsArticle","@id":"https:\/\/dicodusport.fr\/blog\/championnats-d-europe-de-natation-handisport-trois-medailles-pour-la-france\/#article","isPartOf":{"@id":"https:\/\/dicodusport.fr\/blog\/championnats-d-europe-de-natation-handisport-trois-medailles-pour-la-france\/"},"author":{"name":"Maxime Boulard","@id":"https:\/\/dicodusport.fr\/blog\/#\/schema\/person\/5aab10ee856e86ac63e9819a9da34784"},"headline":"Championnats d&rsquo;Europe de natation handisport : trois m\u00e9dailles pour la France","datePublished":"2021-05-17T06:46:26+00:00","dateModified":"2021-05-17T07:37:32+00:00","mainEntityOfPage":{"@id":"https:\/\/dicodusport.fr\/blog\/championnats-d-europe-de-natation-handisport-trois-medailles-pour-la-france\/"},"wordCount":300,"commentCount":0,"publisher":{"@id":"https:\/\/dicodusport.fr\/blog\/#organization"},"image":{"@id":"https:\/\/dicodusport.fr\/blog\/championnats-d-europe-de-natation-handisport-trois-medailles-pour-la-france\/#primaryimage"},"thumbnailUrl":"https:\/\/dicodusport.fr\/blog\/wp-content\/uploads\/2021\/05\/Championnats-dEurope-de-natation-handisport-Trois-medailles-pour-la-France.png","keywords":["Championnats d'Europe de natation","handisport","natation"],"articleSection":["Handisport","Natation"],"inLanguage":"fr-FR","potentialAction":[{"@type":"CommentAction","name":"Comment","target":["https:\/\/dicodusport.fr\/blog\/championnats-d-europe-de-natation-handisport-trois-medailles-pour-la-france\/#respond"]}],"copyrightYear":"2021","copyrightHolder":{"@id":"https:\/\/dicodusport.fr\/blog\/#organization"}},{"@type":"WebPage","@id":"https:\/\/dicodusport.fr\/blog\/championnats-d-europe-de-natation-handisport-trois-medailles-pour-la-france\/","url":"https:\/\/dicodusport.fr\/blog\/championnats-d-europe-de-natation-handisport-trois-medailles-pour-la-france\/","name":"Championnats d'Europe de natation handisport : trois m\u00e9dailles pour la France","isPartOf":{"@id":"https:\/\/dicodusport.fr\/blog\/#website"},"primaryImageOfPage":{"@id":"https:\/\/dicodusport.fr\/blog\/championnats-d-europe-de-natation-handisport-trois-medailles-pour-la-france\/#primaryimage"},"image":{"@id":"https:\/\/dicodusport.fr\/blog\/championnats-d-europe-de-natation-handisport-trois-medailles-pour-la-france\/#primaryimage"},"thumbnailUrl":"https:\/\/dicodusport.fr\/blog\/wp-content\/uploads\/2021\/05\/Championnats-dEurope-de-natation-handisport-Trois-medailles-pour-la-France.png","datePublished":"2021-05-17T06:46:26+00:00","dateModified":"2021-05-17T07:37:32+00:00","description":"Bonne premi\u00e8re journ\u00e9e pour les nageurs fran\u00e7ais aux Championnats d'Europe de natation handisport. Avec notamment une m\u00e9daille d'or.","breadcrumb":{"@id":"https:\/\/dicodusport.fr\/blog\/championnats-d-europe-de-natation-handisport-trois-medailles-pour-la-france\/#breadcrumb"},"inLanguage":"fr-FR","potentialAction":[{"@type":"ReadAction","target":["https:\/\/dicodusport.fr\/blog\/championnats-d-europe-de-natation-handisport-trois-medailles-pour-la-france\/"]}]},{"@type":"ImageObject","inLanguage":"fr-FR","@id":"https:\/\/dicodusport.fr\/blog\/championnats-d-europe-de-natation-handisport-trois-medailles-pour-la-france\/#primaryimage","url":"https:\/\/dicodusport.fr\/blog\/wp-content\/uploads\/2021\/05\/Championnats-dEurope-de-natation-handisport-Trois-medailles-pour-la-France.png","contentUrl":"https:\/\/dicodusport.fr\/blog\/wp-content\/uploads\/2021\/05\/Championnats-dEurope-de-natation-handisport-Trois-medailles-pour-la-France.png","width":800,"height":445,"caption":"Championnats d'Europe de natation handisport : trois m\u00e9dailles pour la France"},{"@type":"BreadcrumbList","@id":"https:\/\/dicodusport.fr\/blog\/championnats-d-europe-de-natation-handisport-trois-medailles-pour-la-france\/#breadcrumb","itemListElement":[{"@type":"ListItem","position":1,"name":"Accueil","item":"https:\/\/dicodusport.fr\/blog\/"},{"@type":"ListItem","position":2,"name":"Championnats d&rsquo;Europe de natation handisport : trois m\u00e9dailles pour la France"}]},{"@type":"WebSite","@id":"https:\/\/dicodusport.fr\/blog\/#website","url":"https:\/\/dicodusport.fr\/blog\/","name":"Dicodusport","description":"L&#039;encyclop\u00e9die de l&#039;actualit\u00e9 sportive","publisher":{"@id":"https:\/\/dicodusport.fr\/blog\/#organization"},"potentialAction":[{"@type":"SearchAction","target":{"@type":"EntryPoint","urlTemplate":"https:\/\/dicodusport.fr\/blog\/?s={search_term_string}"},"query-input":{"@type":"PropertyValueSpecification","valueRequired":true,"valueName":"search_term_string"}}],"inLanguage":"fr-FR"},{"@type":"NewsMediaOrganization","@id":"https:\/\/dicodusport.fr\/blog\/#organization","name":"Dicodusport","url":"https:\/\/dicodusport.fr\/blog\/","logo":{"@type":"ImageObject","inLanguage":"fr-FR","@id":"https:\/\/dicodusport.fr\/blog\/#\/schema\/logo\/image\/","url":"https:\/\/dicodusport.fr\/blog\/wp-content\/uploads\/2020\/06\/cropped-LOGO-DICODUSPORT-2020-SANS-FOND-SANS-TEXTE.png","contentUrl":"https:\/\/dicodusport.fr\/blog\/wp-content\/uploads\/2020\/06\/cropped-LOGO-DICODUSPORT-2020-SANS-FOND-SANS-TEXTE.png","width":512,"height":512,"caption":"Dicodusport"},"image":{"@id":"https:\/\/dicodusport.fr\/blog\/#\/schema\/logo\/image\/"},"sameAs":["https:\/\/www.facebook.com\/dicodusport","https:\/\/x.com\/dicodusport","https:\/\/www.instagram.com\/dicodusport\/","https:\/\/www.youtube.com\/channel\/UC7V2KZ5sd3htJivAbA4ZG3w"],"description":"Dicodusport est l'encyclop\u00e9die de l'actualit\u00e9 sportive.","email":"bonjour@dicodusport.fr","legalName":"DICODUSPORT","foundingDate":"2018-01-14","vatID":"FR71834470973","taxID":"83447097300043","numberOfEmployees":{"@type":"QuantitativeValue","minValue":"1","maxValue":"10"}},{"@type":"Person","@id":"https:\/\/dicodusport.fr\/blog\/#\/schema\/person\/5aab10ee856e86ac63e9819a9da34784","name":"Maxime Boulard","image":{"@type":"ImageObject","inLanguage":"fr-FR","@id":"https:\/\/dicodusport.fr\/blog\/#\/schema\/person\/image\/","url":"https:\/\/dicodusport.fr\/blog\/wp-content\/uploads\/2021\/05\/Maxime-Boulard-150x150.jpg","contentUrl":"https:\/\/dicodusport.fr\/blog\/wp-content\/uploads\/2021\/05\/Maxime-Boulard-150x150.jpg","caption":"Maxime Boulard"},"description":"Journaliste\/r\u00e9dacteur depuis octobre 2020 - Si mon plus vieux souvenir de sport aurait pu m'en d\u00e9go\u00fbter, la finale de la Coupe du monde 2006 a \u00e9t\u00e9 tout le contraire. V\u00e9ritable d\u00e9clencheur d'une passion qui aujourd'hui ne fait que grandir avec le temps, mon leitmotiv est la France qui brille ! Je relate les exploits pass\u00e9s et pr\u00e9sents du sport bleu-blanc-rouge sans m\u00e9nagement depuis octobre 2020. Sport valide ou handisport, aucune diff\u00e9rence, il n'y a que du sport et plusieurs fa\u00e7ons de le pratiquer.","sameAs":["https:\/\/www.facebook.com\/Max.Bld2\/","https:\/\/x.com\/https:\/\/twitter.com\/MaximeB_2"],"url":"https:\/\/dicodusport.fr\/blog\/author\/maxime-b\/"}]}},"_links":{"self":[{"href":"https:\/\/dicodusport.fr\/blog\/wp-json\/wp\/v2\/posts\/130189","targetHints":{"allow":["GET"]}}],"collection":[{"href":"https:\/\/dicodusport.fr\/blog\/wp-json\/wp\/v2\/posts"}],"about":[{"href":"https:\/\/dicodusport.fr\/blog\/wp-json\/wp\/v2\/types\/post"}],"author":[{"embeddable":true,"href":"https:\/\/dicodusport.fr\/blog\/wp-json\/wp\/v2\/users\/43"}],"replies":[{"embeddable":true,"href":"https:\/\/dicodusport.fr\/blog\/wp-json\/wp\/v2\/comments?post=130189"}],"version-history":[{"count":0,"href":"https:\/\/dicodusport.fr\/blog\/wp-json\/wp\/v2\/posts\/130189\/revisions"}],"wp:featuredmedia":[{"embeddable":true,"href":"https:\/\/dicodusport.fr\/blog\/wp-json\/wp\/v2\/media\/130241"}],"wp:attachment":[{"href":"https:\/\/dicodusport.fr\/blog\/wp-json\/wp\/v2\/media?parent=130189"}],"wp:term":[{"taxonomy":"category","embeddable":true,"href":"https:\/\/dicodusport.fr\/blog\/wp-json\/wp\/v2\/categories?post=130189"},{"taxonomy":"post_tag","embeddable":true,"href":"https:\/\/dicodusport.fr\/blog\/wp-json\/wp\/v2\/tags?post=130189"}],"curies":[{"name":"wp","href":"https:\/\/api.w.org\/{rel}","templated":true}]}}