{"id":130585,"date":"2021-05-19T09:20:35","date_gmt":"2021-05-19T07:20:35","guid":{"rendered":"https:\/\/dicodusport.fr\/blog\/?p=130585"},"modified":"2021-05-19T09:20:35","modified_gmt":"2021-05-19T07:20:35","slug":"tour-d-italie-2021-ou-en-sont-les-favoris","status":"publish","type":"post","link":"https:\/\/dicodusport.fr\/blog\/tour-d-italie-2021-ou-en-sont-les-favoris\/","title":{"rendered":"Tour d&rsquo;Italie 2021 : o\u00f9 en sont les favoris ?"},"content":{"rendered":"<p style=\"text-align: justify;\"><em><strong><a href=\"https:\/\/dicodusport.fr\/blog\/actualites\/cyclisme\/tour-d-italie-2021\/\">TOUR D&rsquo;ITALIE 2021<\/a> &#8211; A l\u2019issue des dix premi\u00e8res \u00e9tapes du Tour d\u2019Italie, Dicodusport tire les nombreux enseignements de ce d\u00e9part et fait le point sur les principales chances de victoire finale. Voici les dix hommes que nous surveilleront avec attention pendant la suite de ce Giro.<\/strong><\/em><\/p>\n<h2 style=\"text-align: justify;\">Egan Bernal (1er, INEOS Grenadiers)<\/h2>\n<p style=\"text-align: justify;\">On se demandait si le grimpeur colombien \u00e9tait remis de son mal de dos, mais ses premiers jours de course sont rassurants. Dimanche, il a fait le gros coup <a href=\"https:\/\/dicodusport.fr\/blog\/tour-d-italie-2021-egan-bernal-fait-coup-double-sur-la-9eme-etape\/\">en remportant l\u2019\u00e9tape sur les pentes du Campo Felice<\/a>. Il a \u00e9galement distanc\u00e9 tous ses concurrents au g\u00e9n\u00e9ral pour s\u2019emparer du maillot rose de leader. C\u2019est d\u00e9sormais notre grand favori, \u00e0 condition qu\u2019il garde sa constance tout au long de l\u2019\u00e9preuve, au contraire du dernier Tour de France o\u00f9 il avait conc\u00e9d\u00e9 huit minutes dans la mont\u00e9e de Grand Colombier, la faute \u00e0 un dos capricieux.<\/p>\n<h2 style=\"text-align: justify;\">Remco Evenepoel (2\u00e8me \u00e0 14 secondes, Deceuninck \u2013 Quick-Step)<\/h2>\n<p style=\"text-align: justify;\">On pouvait douter de sa forme avant d\u2019attaquer le Giro, le Belge a montr\u00e9 qu\u2019il avait bien les cartes en main pour assumer le r\u00f4le de leader sur les dix premi\u00e8res \u00e9tapes. Nous mettons tout de m\u00eame un point d\u2019interrogation sur l\u2019\u00e9ventuel duel face \u00e0 Egan Bernal, puisque Evenepoel n\u2019a pas l\u2019exp\u00e9rience des Grands Tours et pourrait bien craquer dans l\u2019encha\u00eenement des \u00e9tapes de haute montagne. C\u2019est donc tout ou rien pour lui, on opte plus pour la seconde option et on le voit hors du top 5.<\/p>\n<h2 style=\"text-align: justify;\">Alexander Vlasov (3\u00e8me \u00e0 22 secondes, Astana)<\/h2>\n<p style=\"text-align: justify;\">On parle beaucoup d\u2019un duel entre Bernal et Evenepoel, mais c\u2019est finalement Vlasov qui pourrait jouer le r\u00f4le d\u2019arbitre. Discret en ce d\u00e9but de Giro, le Russe n\u2019a jamais montr\u00e9 de signe de faiblesse et ne pointe qu\u2019\u00e0 22 secondes du Colombien et \u00e0 8 secondes du Belge. On le pensait capable de terminer sur le podium, c\u2019est pour nous le principal rival du leader des INEOS d\u00e9sormais.<\/p>\n<h2 style=\"text-align: justify;\">Giulio Ciccone (4\u00e8me \u00e0 37 secondes, Trek-Segafredo)<\/h2>\n<p style=\"text-align: justify;\">Qui pouvait l\u2019attendre \u00e0 ce niveau ? L\u2019Italien r\u00e9alise un excellent d\u00e9but d\u2019\u00e9preuve, semblant en mesure d\u2019accrocher n\u2019importe qui sur les premi\u00e8res \u00e9tapes. C\u2019est lui qui r\u00e9agit en premier \u00e0 l\u2019attaque de Bernal dimanche. Cependant, les \u00e9tapes de haute montagne risquent de le mettre en difficult\u00e9. Battu pour le g\u00e9n\u00e9ral, le local pourrait avoir envie d&rsquo;aller chercher une \u00e9tape en troisi\u00e8me semaine.<\/p>\n<h2 style=\"text-align: justify;\">Hugh Carthy (6\u00e8me \u00e0 45 secondes, EF Education Nippo)<\/h2>\n<p style=\"text-align: justify;\">Si le parcours de ce Giro est taill\u00e9 pour un homme, il l\u2019est pour lui. Le Britannique devrait pouvoir exprimer \u00e0 pleine mesure son talent sur les longues ascensions pr\u00e9vues dans les prochains jours. De plus, il n\u2019a conc\u00e9d\u00e9 que 12 secondes \u00e0 Egan Bernal dimanche sur une arriv\u00e9e qui ne lui convenait pas. Nous n\u2019avons pas de doute sur sa capacit\u00e9 \u00e0 encha\u00eener les \u00e9tapes de montagne, ce qui nous fait penser qu\u2019il pourrait bien \u00eatre la surprise sur le podium, comme sur la derni\u00e8re Vuelta.<\/p>\n<h2 style=\"text-align: justify;\">Simon Yates (9\u00e8me \u00e0 56 secondes, BikeExchange)<\/h2>\n<p style=\"text-align: justify;\">Le Britannique a l\u2019habitude d\u2019\u00eatre au top au d\u00e9but des grands tours avant de craquer en troisi\u00e8me semaine. Cette fois-ci, ses premi\u00e8res \u00e9tapes n\u2019ont pas \u00e9t\u00e9 convaincantes, perdant pr\u00e8s d\u2019une minute sur des \u00e9tapes assez abordables pour un coureur de son niveau. \u00c9tait-ce pour chasser ses vieux d\u00e9mons et performer en troisi\u00e8me semaine ? Malheureusement, non n\u2019y croyons pas trop\u2026<\/p>\n<h2 style=\"text-align: justify;\">Marc Soler (11\u00e8me \u00e0 1&rsquo;21, Movistar)<\/h2>\n<p style=\"text-align: justify;\">L\u2019Espagnol a l\u2019avantage d\u2019avoir une bonne \u00e9quipe acquise \u00e0 sa cause, qui a d\u00e9j\u00e0 travaill\u00e9 pour lui et qui continuera \u00e0 le faire tout au long de ce Giro. Il a fini dans les m\u00eames temps que Carthy et Bardet dimanche et sera encore dans la bataille pour le top 5, \u00e0 condition de ne pas craquer en troisi\u00e8me semaine.<\/p>\n<h2 style=\"text-align: justify;\">Romain Bardet (12\u00e8me \u00e0 1&rsquo;21, DSM)<\/h2>\n<p style=\"text-align: justify;\">Le Fran\u00e7ais nous a rassur\u00e9 en ce d\u00e9but de Giro et semble \u00eatre dans une forme ascendante. Il a fait une bonne mont\u00e9e dimanche derri\u00e8re Bernal et pourra exploiter ses qualit\u00e9s montagnardes dans les \u00e9tapes qui arrivent. Il perdra du temps au contre-la-montre final, mais cela ne l\u2019emp\u00eachera pas de se battre pour un top 5.<\/p>\n<h2 style=\"text-align: justify;\">Emanuel Buchmann (15\u00e8me \u00e0 1&rsquo;47, Bora-Hansgrohe)<\/h2>\n<p style=\"text-align: justify;\">Oui, l\u2019Allemand a perdu du temps, oui il n\u2019est pas dans une grande forme depuis le Tour 2019, mais peut-on vraiment l\u2019enterrer ? Le leader de la Bora-Hansgrohe terminait avec les autres favoris dimanche \u00e0 12 secondes de Bernal. C\u2019est l\u2019un des seuls \u00e0 avoir de l\u2019exp\u00e9rience sur les courses de trois semaines et \u00e0 avoir d\u00e9j\u00e0 lutt\u00e9 pour la victoire finale dans un grand tour. Il peut revenir dans le top 5.<\/p>\n<div id=\"attachment_130762\" style=\"width: 810px\" class=\"wp-caption aligncenter\"><a href=\"https:\/\/dicodusport.fr\/blog\/wp-content\/uploads\/2021\/05\/Evenepoel-et-Bernal-duo-gagnant-vraiment-.png\"><img loading=\"lazy\" decoding=\"async\" aria-describedby=\"caption-attachment-130762\" class=\"size-full wp-image-130762\" src=\"https:\/\/dicodusport.fr\/blog\/wp-content\/uploads\/2021\/05\/Evenepoel-et-Bernal-duo-gagnant-vraiment-.png\" alt=\"Evenepoel et Bernal, duo gagnant, vraiment ?\" width=\"800\" height=\"445\" srcset=\"https:\/\/dicodusport.fr\/blog\/wp-content\/uploads\/2021\/05\/Evenepoel-et-Bernal-duo-gagnant-vraiment-.png 800w, https:\/\/dicodusport.fr\/blog\/wp-content\/uploads\/2021\/05\/Evenepoel-et-Bernal-duo-gagnant-vraiment--300x167.png 300w, https:\/\/dicodusport.fr\/blog\/wp-content\/uploads\/2021\/05\/Evenepoel-et-Bernal-duo-gagnant-vraiment--768x427.png 768w\" sizes=\"auto, (max-width: 800px) 100vw, 800px\" \/><\/a><p id=\"caption-attachment-130762\" class=\"wp-caption-text\">Evenepoel et Bernal, duo gagnant, vraiment ? &#8211; Photo INEOS Grenadiers<\/p><\/div>\n<h2 style=\"text-align: justify;\">Notre classement<\/h2>\n<p style=\"text-align: justify;\">1er : Egan Bernal (COL \/ INEOS Grenadiers)<\/p>\n<p style=\"text-align: justify;\">2e : Alexander Vlasov (RUS \/ Astana)<\/p>\n<p style=\"text-align: justify;\">3e : Hugh Carthy (GBR \/ EF Education Nippo)<\/p>\n<p style=\"text-align: justify;\">4e : Romain Bardet (FRA \/ DSM)<\/p>\n<p style=\"text-align: justify;\">5e : Emanuel Buchmann (ALL \/ Bora-Hansgrohe)<\/p>\n","protected":false},"excerpt":{"rendered":"<p>TOUR D&rsquo;ITALIE 2021 &#8211; A l\u2019issue des dix premi\u00e8res \u00e9tapes du Tour d\u2019Italie, Dicodusport tire les nombreux enseignements de ce d\u00e9part et fait le point sur les principales chances de victoire finale. Voici les dix hommes que nous surveilleront avec attention pendant la suite de ce Giro.<\/p>\n","protected":false},"author":57,"featured_media":130757,"comment_status":"open","ping_status":"closed","sticky":false,"template":"","format":"standard","meta":{"_acf_changed":false,"_daextam_enable_autolinks":"","footnotes":""},"categories":[47041],"tags":[574,2830,4722],"class_list":["post-130585","post","type-post","status-publish","format-standard","has-post-thumbnail","hentry","category-tour-d-italie","tag-cyclisme","tag-giro","tag-tour-ditalie"],"acf":[],"yoast_head":"<!-- This site is optimized with the Yoast SEO Premium plugin v26.7 (Yoast SEO v26.7) - https:\/\/yoast.com\/wordpress\/plugins\/seo\/ -->\n<title>Tour d&#039;Italie 2021 : o\u00f9 en sont les favoris ?<\/title>\n<meta name=\"description\" content=\"Apr\u00e8s dix \u00e9tapes, quels sont les coureurs les mieux plac\u00e9s pour remporter le Tour d&#039;Italie ? Bernal, Evenepoel, Vlasov... On fait le point !\" \/>\n<meta name=\"robots\" content=\"index, follow, max-snippet:-1, max-image-preview:large, max-video-preview:-1\" \/>\n<link rel=\"canonical\" href=\"https:\/\/dicodusport.fr\/blog\/tour-d-italie-2021-ou-en-sont-les-favoris\/\" \/>\n<meta property=\"og:locale\" content=\"fr_FR\" \/>\n<meta property=\"og:type\" content=\"article\" \/>\n<meta property=\"og:title\" content=\"Tour d&#039;Italie 2021 : o\u00f9 en sont les favoris ?\" \/>\n<meta property=\"og:description\" content=\"Apr\u00e8s dix \u00e9tapes, quels sont les coureurs les mieux plac\u00e9s pour remporter le Tour d&#039;Italie ? Bernal, Evenepoel, Vlasov... On fait le point !\" \/>\n<meta property=\"og:url\" content=\"https:\/\/dicodusport.fr\/blog\/tour-d-italie-2021-ou-en-sont-les-favoris\/\" \/>\n<meta property=\"og:site_name\" content=\"Dicodusport\" \/>\n<meta property=\"article:publisher\" content=\"https:\/\/www.facebook.com\/dicodusport\" \/>\n<meta property=\"article:published_time\" content=\"2021-05-19T07:20:35+00:00\" \/>\n<meta property=\"og:image\" content=\"https:\/\/dicodusport.fr\/blog\/wp-content\/uploads\/2021\/05\/Tour-dItalie-2021-Ou-en-sont-les-favoris.png\" \/>\n\t<meta property=\"og:image:width\" content=\"800\" \/>\n\t<meta property=\"og:image:height\" content=\"445\" \/>\n\t<meta property=\"og:image:type\" content=\"image\/png\" \/>\n<meta name=\"author\" content=\"Vincent Soubab\u00e8re\" \/>\n<meta name=\"twitter:card\" content=\"summary_large_image\" \/>\n<meta name=\"twitter:creator\" content=\"@dicodusport\" \/>\n<meta name=\"twitter:site\" content=\"@dicodusport\" \/>\n<script type=\"application\/ld+json\" class=\"yoast-schema-graph\">{\"@context\":\"https:\/\/schema.org\",\"@graph\":[{\"@type\":\"NewsArticle\",\"@id\":\"https:\/\/dicodusport.fr\/blog\/tour-d-italie-2021-ou-en-sont-les-favoris\/#article\",\"isPartOf\":{\"@id\":\"https:\/\/dicodusport.fr\/blog\/tour-d-italie-2021-ou-en-sont-les-favoris\/\"},\"author\":{\"name\":\"Vincent Soubab\u00e8re\",\"@id\":\"https:\/\/dicodusport.fr\/blog\/#\/schema\/person\/ba9487b5b85f57eecfb00513e982c05b\"},\"headline\":\"Tour d&rsquo;Italie 2021 : o\u00f9 en sont les favoris ?\",\"datePublished\":\"2021-05-19T07:20:35+00:00\",\"mainEntityOfPage\":{\"@id\":\"https:\/\/dicodusport.fr\/blog\/tour-d-italie-2021-ou-en-sont-les-favoris\/\"},\"wordCount\":860,\"commentCount\":0,\"publisher\":{\"@id\":\"https:\/\/dicodusport.fr\/blog\/#organization\"},\"image\":{\"@id\":\"https:\/\/dicodusport.fr\/blog\/tour-d-italie-2021-ou-en-sont-les-favoris\/#primaryimage\"},\"thumbnailUrl\":\"https:\/\/dicodusport.fr\/blog\/wp-content\/uploads\/2021\/05\/Tour-dItalie-2021-Ou-en-sont-les-favoris.png\",\"keywords\":[\"Cyclisme\",\"Giro\",\"Tour d'Italie\"],\"articleSection\":[\"Tour d'Italie\"],\"inLanguage\":\"fr-FR\",\"potentialAction\":[{\"@type\":\"CommentAction\",\"name\":\"Comment\",\"target\":[\"https:\/\/dicodusport.fr\/blog\/tour-d-italie-2021-ou-en-sont-les-favoris\/#respond\"]}],\"copyrightYear\":\"2021\",\"copyrightHolder\":{\"@id\":\"https:\/\/dicodusport.fr\/blog\/#organization\"}},{\"@type\":\"WebPage\",\"@id\":\"https:\/\/dicodusport.fr\/blog\/tour-d-italie-2021-ou-en-sont-les-favoris\/\",\"url\":\"https:\/\/dicodusport.fr\/blog\/tour-d-italie-2021-ou-en-sont-les-favoris\/\",\"name\":\"Tour d'Italie 2021 : o\u00f9 en sont les favoris ?\",\"isPartOf\":{\"@id\":\"https:\/\/dicodusport.fr\/blog\/#website\"},\"primaryImageOfPage\":{\"@id\":\"https:\/\/dicodusport.fr\/blog\/tour-d-italie-2021-ou-en-sont-les-favoris\/#primaryimage\"},\"image\":{\"@id\":\"https:\/\/dicodusport.fr\/blog\/tour-d-italie-2021-ou-en-sont-les-favoris\/#primaryimage\"},\"thumbnailUrl\":\"https:\/\/dicodusport.fr\/blog\/wp-content\/uploads\/2021\/05\/Tour-dItalie-2021-Ou-en-sont-les-favoris.png\",\"datePublished\":\"2021-05-19T07:20:35+00:00\",\"description\":\"Apr\u00e8s dix \u00e9tapes, quels sont les coureurs les mieux plac\u00e9s pour remporter le Tour d'Italie ? Bernal, Evenepoel, Vlasov... On fait le point !\",\"breadcrumb\":{\"@id\":\"https:\/\/dicodusport.fr\/blog\/tour-d-italie-2021-ou-en-sont-les-favoris\/#breadcrumb\"},\"inLanguage\":\"fr-FR\",\"potentialAction\":[{\"@type\":\"ReadAction\",\"target\":[\"https:\/\/dicodusport.fr\/blog\/tour-d-italie-2021-ou-en-sont-les-favoris\/\"]}]},{\"@type\":\"ImageObject\",\"inLanguage\":\"fr-FR\",\"@id\":\"https:\/\/dicodusport.fr\/blog\/tour-d-italie-2021-ou-en-sont-les-favoris\/#primaryimage\",\"url\":\"https:\/\/dicodusport.fr\/blog\/wp-content\/uploads\/2021\/05\/Tour-dItalie-2021-Ou-en-sont-les-favoris.png\",\"contentUrl\":\"https:\/\/dicodusport.fr\/blog\/wp-content\/uploads\/2021\/05\/Tour-dItalie-2021-Ou-en-sont-les-favoris.png\",\"width\":800,\"height\":445,\"caption\":\"Tour d'Italie 2021 : nos favoris pour la 14\u00e8me \u00e9tape\"},{\"@type\":\"BreadcrumbList\",\"@id\":\"https:\/\/dicodusport.fr\/blog\/tour-d-italie-2021-ou-en-sont-les-favoris\/#breadcrumb\",\"itemListElement\":[{\"@type\":\"ListItem\",\"position\":1,\"name\":\"Accueil\",\"item\":\"https:\/\/dicodusport.fr\/blog\/\"},{\"@type\":\"ListItem\",\"position\":2,\"name\":\"Tour d&rsquo;Italie 2021 : o\u00f9 en sont les favoris ?\"}]},{\"@type\":\"WebSite\",\"@id\":\"https:\/\/dicodusport.fr\/blog\/#website\",\"url\":\"https:\/\/dicodusport.fr\/blog\/\",\"name\":\"Dicodusport\",\"description\":\"L&#039;encyclop\u00e9die de l&#039;actualit\u00e9 sportive\",\"publisher\":{\"@id\":\"https:\/\/dicodusport.fr\/blog\/#organization\"},\"potentialAction\":[{\"@type\":\"SearchAction\",\"target\":{\"@type\":\"EntryPoint\",\"urlTemplate\":\"https:\/\/dicodusport.fr\/blog\/?s={search_term_string}\"},\"query-input\":{\"@type\":\"PropertyValueSpecification\",\"valueRequired\":true,\"valueName\":\"search_term_string\"}}],\"inLanguage\":\"fr-FR\"},{\"@type\":\"NewsMediaOrganization\",\"@id\":\"https:\/\/dicodusport.fr\/blog\/#organization\",\"name\":\"Dicodusport\",\"url\":\"https:\/\/dicodusport.fr\/blog\/\",\"logo\":{\"@type\":\"ImageObject\",\"inLanguage\":\"fr-FR\",\"@id\":\"https:\/\/dicodusport.fr\/blog\/#\/schema\/logo\/image\/\",\"url\":\"https:\/\/dicodusport.fr\/blog\/wp-content\/uploads\/2020\/06\/cropped-LOGO-DICODUSPORT-2020-SANS-FOND-SANS-TEXTE.png\",\"contentUrl\":\"https:\/\/dicodusport.fr\/blog\/wp-content\/uploads\/2020\/06\/cropped-LOGO-DICODUSPORT-2020-SANS-FOND-SANS-TEXTE.png\",\"width\":512,\"height\":512,\"caption\":\"Dicodusport\"},\"image\":{\"@id\":\"https:\/\/dicodusport.fr\/blog\/#\/schema\/logo\/image\/\"},\"sameAs\":[\"https:\/\/www.facebook.com\/dicodusport\",\"https:\/\/x.com\/dicodusport\",\"https:\/\/www.instagram.com\/dicodusport\/\",\"https:\/\/www.youtube.com\/channel\/UC7V2KZ5sd3htJivAbA4ZG3w\"],\"description\":\"Dicodusport est l'encyclop\u00e9die de l'actualit\u00e9 sportive.\",\"email\":\"bonjour@dicodusport.fr\",\"legalName\":\"DICODUSPORT\",\"foundingDate\":\"2018-01-14\",\"vatID\":\"FR71834470973\",\"taxID\":\"83447097300043\",\"numberOfEmployees\":{\"@type\":\"QuantitativeValue\",\"minValue\":\"1\",\"maxValue\":\"10\"}},{\"@type\":\"Person\",\"@id\":\"https:\/\/dicodusport.fr\/blog\/#\/schema\/person\/ba9487b5b85f57eecfb00513e982c05b\",\"name\":\"Vincent Soubab\u00e8re\",\"image\":{\"@type\":\"ImageObject\",\"inLanguage\":\"fr-FR\",\"@id\":\"https:\/\/dicodusport.fr\/blog\/#\/schema\/person\/image\/\",\"url\":\"https:\/\/dicodusport.fr\/blog\/wp-content\/uploads\/2021\/05\/Vincent-Soubabere-150x150.jpg\",\"contentUrl\":\"https:\/\/dicodusport.fr\/blog\/wp-content\/uploads\/2021\/05\/Vincent-Soubabere-150x150.jpg\",\"caption\":\"Vincent Soubab\u00e8re\"},\"description\":\"Journaliste\/r\u00e9dacteur depuis ao\u00fbt 2018 - Passionn\u00e9 de sport depuis tout petit, je me suis logiquement tourn\u00e9 vers le journalisme sportif depuis ao\u00fbt 2018. Grand supporter des Girondins, je suis aussi un fan de football. Je pratique le tennis et suis l'actualit\u00e9 de la petite balle jaune. En juillet, vous risquez de me croiser sur les routes du Tour.\",\"url\":\"https:\/\/dicodusport.fr\/blog\/author\/vincents\/\"}]}<\/script>\n<!-- \/ Yoast SEO Premium plugin. -->","yoast_head_json":{"title":"Tour d'Italie 2021 : o\u00f9 en sont les favoris ?","description":"Apr\u00e8s dix \u00e9tapes, quels sont les coureurs les mieux plac\u00e9s pour remporter le Tour d'Italie ? Bernal, Evenepoel, Vlasov... On fait le point !","robots":{"index":"index","follow":"follow","max-snippet":"max-snippet:-1","max-image-preview":"max-image-preview:large","max-video-preview":"max-video-preview:-1"},"canonical":"https:\/\/dicodusport.fr\/blog\/tour-d-italie-2021-ou-en-sont-les-favoris\/","og_locale":"fr_FR","og_type":"article","og_title":"Tour d'Italie 2021 : o\u00f9 en sont les favoris ?","og_description":"Apr\u00e8s dix \u00e9tapes, quels sont les coureurs les mieux plac\u00e9s pour remporter le Tour d'Italie ? Bernal, Evenepoel, Vlasov... On fait le point !","og_url":"https:\/\/dicodusport.fr\/blog\/tour-d-italie-2021-ou-en-sont-les-favoris\/","og_site_name":"Dicodusport","article_publisher":"https:\/\/www.facebook.com\/dicodusport","article_published_time":"2021-05-19T07:20:35+00:00","og_image":[{"width":800,"height":445,"url":"https:\/\/dicodusport.fr\/blog\/wp-content\/uploads\/2021\/05\/Tour-dItalie-2021-Ou-en-sont-les-favoris.png","type":"image\/png"}],"author":"Vincent Soubab\u00e8re","twitter_card":"summary_large_image","twitter_creator":"@dicodusport","twitter_site":"@dicodusport","schema":{"@context":"https:\/\/schema.org","@graph":[{"@type":"NewsArticle","@id":"https:\/\/dicodusport.fr\/blog\/tour-d-italie-2021-ou-en-sont-les-favoris\/#article","isPartOf":{"@id":"https:\/\/dicodusport.fr\/blog\/tour-d-italie-2021-ou-en-sont-les-favoris\/"},"author":{"name":"Vincent Soubab\u00e8re","@id":"https:\/\/dicodusport.fr\/blog\/#\/schema\/person\/ba9487b5b85f57eecfb00513e982c05b"},"headline":"Tour d&rsquo;Italie 2021 : o\u00f9 en sont les favoris ?","datePublished":"2021-05-19T07:20:35+00:00","mainEntityOfPage":{"@id":"https:\/\/dicodusport.fr\/blog\/tour-d-italie-2021-ou-en-sont-les-favoris\/"},"wordCount":860,"commentCount":0,"publisher":{"@id":"https:\/\/dicodusport.fr\/blog\/#organization"},"image":{"@id":"https:\/\/dicodusport.fr\/blog\/tour-d-italie-2021-ou-en-sont-les-favoris\/#primaryimage"},"thumbnailUrl":"https:\/\/dicodusport.fr\/blog\/wp-content\/uploads\/2021\/05\/Tour-dItalie-2021-Ou-en-sont-les-favoris.png","keywords":["Cyclisme","Giro","Tour d'Italie"],"articleSection":["Tour d'Italie"],"inLanguage":"fr-FR","potentialAction":[{"@type":"CommentAction","name":"Comment","target":["https:\/\/dicodusport.fr\/blog\/tour-d-italie-2021-ou-en-sont-les-favoris\/#respond"]}],"copyrightYear":"2021","copyrightHolder":{"@id":"https:\/\/dicodusport.fr\/blog\/#organization"}},{"@type":"WebPage","@id":"https:\/\/dicodusport.fr\/blog\/tour-d-italie-2021-ou-en-sont-les-favoris\/","url":"https:\/\/dicodusport.fr\/blog\/tour-d-italie-2021-ou-en-sont-les-favoris\/","name":"Tour d'Italie 2021 : o\u00f9 en sont les favoris ?","isPartOf":{"@id":"https:\/\/dicodusport.fr\/blog\/#website"},"primaryImageOfPage":{"@id":"https:\/\/dicodusport.fr\/blog\/tour-d-italie-2021-ou-en-sont-les-favoris\/#primaryimage"},"image":{"@id":"https:\/\/dicodusport.fr\/blog\/tour-d-italie-2021-ou-en-sont-les-favoris\/#primaryimage"},"thumbnailUrl":"https:\/\/dicodusport.fr\/blog\/wp-content\/uploads\/2021\/05\/Tour-dItalie-2021-Ou-en-sont-les-favoris.png","datePublished":"2021-05-19T07:20:35+00:00","description":"Apr\u00e8s dix \u00e9tapes, quels sont les coureurs les mieux plac\u00e9s pour remporter le Tour d'Italie ? Bernal, Evenepoel, Vlasov... On fait le point !","breadcrumb":{"@id":"https:\/\/dicodusport.fr\/blog\/tour-d-italie-2021-ou-en-sont-les-favoris\/#breadcrumb"},"inLanguage":"fr-FR","potentialAction":[{"@type":"ReadAction","target":["https:\/\/dicodusport.fr\/blog\/tour-d-italie-2021-ou-en-sont-les-favoris\/"]}]},{"@type":"ImageObject","inLanguage":"fr-FR","@id":"https:\/\/dicodusport.fr\/blog\/tour-d-italie-2021-ou-en-sont-les-favoris\/#primaryimage","url":"https:\/\/dicodusport.fr\/blog\/wp-content\/uploads\/2021\/05\/Tour-dItalie-2021-Ou-en-sont-les-favoris.png","contentUrl":"https:\/\/dicodusport.fr\/blog\/wp-content\/uploads\/2021\/05\/Tour-dItalie-2021-Ou-en-sont-les-favoris.png","width":800,"height":445,"caption":"Tour d'Italie 2021 : nos favoris pour la 14\u00e8me \u00e9tape"},{"@type":"BreadcrumbList","@id":"https:\/\/dicodusport.fr\/blog\/tour-d-italie-2021-ou-en-sont-les-favoris\/#breadcrumb","itemListElement":[{"@type":"ListItem","position":1,"name":"Accueil","item":"https:\/\/dicodusport.fr\/blog\/"},{"@type":"ListItem","position":2,"name":"Tour d&rsquo;Italie 2021 : o\u00f9 en sont les favoris ?"}]},{"@type":"WebSite","@id":"https:\/\/dicodusport.fr\/blog\/#website","url":"https:\/\/dicodusport.fr\/blog\/","name":"Dicodusport","description":"L&#039;encyclop\u00e9die de l&#039;actualit\u00e9 sportive","publisher":{"@id":"https:\/\/dicodusport.fr\/blog\/#organization"},"potentialAction":[{"@type":"SearchAction","target":{"@type":"EntryPoint","urlTemplate":"https:\/\/dicodusport.fr\/blog\/?s={search_term_string}"},"query-input":{"@type":"PropertyValueSpecification","valueRequired":true,"valueName":"search_term_string"}}],"inLanguage":"fr-FR"},{"@type":"NewsMediaOrganization","@id":"https:\/\/dicodusport.fr\/blog\/#organization","name":"Dicodusport","url":"https:\/\/dicodusport.fr\/blog\/","logo":{"@type":"ImageObject","inLanguage":"fr-FR","@id":"https:\/\/dicodusport.fr\/blog\/#\/schema\/logo\/image\/","url":"https:\/\/dicodusport.fr\/blog\/wp-content\/uploads\/2020\/06\/cropped-LOGO-DICODUSPORT-2020-SANS-FOND-SANS-TEXTE.png","contentUrl":"https:\/\/dicodusport.fr\/blog\/wp-content\/uploads\/2020\/06\/cropped-LOGO-DICODUSPORT-2020-SANS-FOND-SANS-TEXTE.png","width":512,"height":512,"caption":"Dicodusport"},"image":{"@id":"https:\/\/dicodusport.fr\/blog\/#\/schema\/logo\/image\/"},"sameAs":["https:\/\/www.facebook.com\/dicodusport","https:\/\/x.com\/dicodusport","https:\/\/www.instagram.com\/dicodusport\/","https:\/\/www.youtube.com\/channel\/UC7V2KZ5sd3htJivAbA4ZG3w"],"description":"Dicodusport est l'encyclop\u00e9die de l'actualit\u00e9 sportive.","email":"bonjour@dicodusport.fr","legalName":"DICODUSPORT","foundingDate":"2018-01-14","vatID":"FR71834470973","taxID":"83447097300043","numberOfEmployees":{"@type":"QuantitativeValue","minValue":"1","maxValue":"10"}},{"@type":"Person","@id":"https:\/\/dicodusport.fr\/blog\/#\/schema\/person\/ba9487b5b85f57eecfb00513e982c05b","name":"Vincent Soubab\u00e8re","image":{"@type":"ImageObject","inLanguage":"fr-FR","@id":"https:\/\/dicodusport.fr\/blog\/#\/schema\/person\/image\/","url":"https:\/\/dicodusport.fr\/blog\/wp-content\/uploads\/2021\/05\/Vincent-Soubabere-150x150.jpg","contentUrl":"https:\/\/dicodusport.fr\/blog\/wp-content\/uploads\/2021\/05\/Vincent-Soubabere-150x150.jpg","caption":"Vincent Soubab\u00e8re"},"description":"Journaliste\/r\u00e9dacteur depuis ao\u00fbt 2018 - Passionn\u00e9 de sport depuis tout petit, je me suis logiquement tourn\u00e9 vers le journalisme sportif depuis ao\u00fbt 2018. Grand supporter des Girondins, je suis aussi un fan de football. Je pratique le tennis et suis l'actualit\u00e9 de la petite balle jaune. En juillet, vous risquez de me croiser sur les routes du Tour.","url":"https:\/\/dicodusport.fr\/blog\/author\/vincents\/"}]}},"_links":{"self":[{"href":"https:\/\/dicodusport.fr\/blog\/wp-json\/wp\/v2\/posts\/130585","targetHints":{"allow":["GET"]}}],"collection":[{"href":"https:\/\/dicodusport.fr\/blog\/wp-json\/wp\/v2\/posts"}],"about":[{"href":"https:\/\/dicodusport.fr\/blog\/wp-json\/wp\/v2\/types\/post"}],"author":[{"embeddable":true,"href":"https:\/\/dicodusport.fr\/blog\/wp-json\/wp\/v2\/users\/57"}],"replies":[{"embeddable":true,"href":"https:\/\/dicodusport.fr\/blog\/wp-json\/wp\/v2\/comments?post=130585"}],"version-history":[{"count":0,"href":"https:\/\/dicodusport.fr\/blog\/wp-json\/wp\/v2\/posts\/130585\/revisions"}],"wp:featuredmedia":[{"embeddable":true,"href":"https:\/\/dicodusport.fr\/blog\/wp-json\/wp\/v2\/media\/130757"}],"wp:attachment":[{"href":"https:\/\/dicodusport.fr\/blog\/wp-json\/wp\/v2\/media?parent=130585"}],"wp:term":[{"taxonomy":"category","embeddable":true,"href":"https:\/\/dicodusport.fr\/blog\/wp-json\/wp\/v2\/categories?post=130585"},{"taxonomy":"post_tag","embeddable":true,"href":"https:\/\/dicodusport.fr\/blog\/wp-json\/wp\/v2\/tags?post=130585"}],"curies":[{"name":"wp","href":"https:\/\/api.w.org\/{rel}","templated":true}]}}