{"id":13088,"date":"2018-02-20T13:25:49","date_gmt":"2018-02-20T12:25:49","guid":{"rendered":"http:\/\/dicodusport.fr\/blog\/?p=13088"},"modified":"2018-02-20T13:40:26","modified_gmt":"2018-02-20T12:40:26","slug":"jo-2018-biathlon-relais-mixte-relais-or","status":"publish","type":"post","link":"https:\/\/dicodusport.fr\/blog\/jo-2018-biathlon-relais-mixte-relais-or\/","title":{"rendered":"JO 2018 &#8211; Biathlon (Relais mixte) : un relais bleu en OR !"},"content":{"rendered":"<p style=\"text-align: justify;\"><em><strong>Une nouvelle page d&rsquo;histoire s&rsquo;est \u00e9crite ce mardi sur la piste de Pyeongchang, avec le relais mixte fran\u00e7ais qui s&rsquo;est impos\u00e9 avec brio, devant la Norv\u00e8ge et l&rsquo;Italie. Bravo \u00e0 Marie Dorin-Habert, Anais Bescond, Simon Desthieux et Martin Fourcade !<\/strong><\/em><\/p>\n<h5 style=\"text-align: justify;\">Relais n\u00b01 : Marie Dorin-Habert assure et se d\u00e9tache<\/h5>\n<p style=\"text-align: justify;\">Sur le premier relais, on assiste \u00e0 un premier \u00e9cr\u00e9mage : la Su\u00e9doise Mona Brorsson craque d&rsquo;entr\u00e9e et va tourner 2 fois sur l&rsquo;anneau de p\u00e9nalit\u00e9, r\u00e9duisant \u00e0 n\u00e9ant les chances d&rsquo;une \u00e9quipe su\u00e9doise prometteuse. Pour l&rsquo;Italienne Vittozzi, l&rsquo;Allemande Hinz et notre Fran\u00e7aise Marie Dorin-Habert, tout se passe bien en revanche et le trio de t\u00eate se d\u00e9tache. Avec les 3 pioches de la Norv\u00e9gienne Olsbu, les Scandinaves sont eux aussi d\u00e9j\u00e0 distanc\u00e9s.<\/p>\n<h5>Relais n\u00b02 : Anais Bescond frise la correctionnelle mais s&rsquo;en sort !<\/h5>\n<p style=\"text-align: justify;\">Avec 4 pioches, dont 3 sur le debout, la deuxi\u00e8me relayeuse fran\u00e7aise a failli aller tourner sur l&rsquo;anneau de p\u00e9nalit\u00e9 mais elle s&rsquo;est finalement bien reprise. Elle transmet n\u00e9anmoins le relais \u00e0 Simon Desthieux en 4\u00e8me place avec 49 secondes de retard sur Dahlmeier\/Lesser et 20 secondes de retard sur l&rsquo;Italie de Wierer\/Hofer, avec la Bi\u00e9lorussie intercal\u00e9e.<\/p>\n<h5>Relais n\u00b03 : Johannes Boe revient en force, Simon Desthieux fait le job<\/h5>\n<p style=\"text-align: justify;\">Avec un beau 10\/10, Simon Desthieux a permis \u00e0 la France de recoller \u00e0 l&rsquo;Italie et de passer la Bi\u00e9lorussie. Devant, Erik Lesser garde plus de 30 secondes d&rsquo;avance sur les 3 poursuivants derri\u00e8re malgr\u00e9 une petite pioche. Car oui, ils sont toujours 3 derri\u00e8re avec le retour en trombe de la Norv\u00e8ge de Johannes Boe et le Bi\u00e9lorusse qui craque. Au passage du dernier relais, Martin Fourcade va affronter Arnd Peiffer (Allemagne), Dominik Windisch (Italie) et Emil Svendsen (Norv\u00e8ge).<\/p>\n<h5>Relais n\u00b04 : Martin Fourcade en patron !<\/h5>\n<p style=\"text-align: justify;\">\u00c7a chauffe pour Peiffer ! L&rsquo;Allemand a besoin de 2 pioches pour blanchir ses 5 cibles, et derri\u00e8re Martin est le seul \u00e0 faire un sans-faute ! La course est relanc\u00e9e il ressort \u00e0 6 secondes de Peiffer sur le couch\u00e9 et Windisch et Svenden sont 10 secondes derri\u00e8re ! Avant le debout, Martin met la gomme, d\u00e9passe Peiffer et parvient au dernier pas de tir avec 5 secondes d&rsquo;avance sur l&rsquo;Allemand et 20 secondes sur la Norv\u00e8ge et l&rsquo;Italie.<\/p>\n<p style=\"text-align: justify;\">Et sur le dernier debout, Martin Fourcade d\u00e9molit les cibles et \u00e9crase la concurrence ! LA FRANCE EST CHAMPIONNE OLYMPIQUE DE RELAIS MIXTE !<\/p>\n<div id=\"attachment_13100\" style=\"width: 333px\" class=\"wp-caption aligncenter\"><img loading=\"lazy\" decoding=\"async\" aria-describedby=\"caption-attachment-13100\" class=\"wp-image-13100 size-full\" src=\"http:\/\/dicodusport.fr\/blog\/wp-content\/uploads\/2018\/02\/Classement-3.png\" alt=\"Relais Mixte\" width=\"323\" height=\"257\" srcset=\"https:\/\/dicodusport.fr\/blog\/wp-content\/uploads\/2018\/02\/Classement-3.png 323w, https:\/\/dicodusport.fr\/blog\/wp-content\/uploads\/2018\/02\/Classement-3-300x239.png 300w\" sizes=\"auto, (max-width: 323px) 100vw, 323px\" \/><p id=\"caption-attachment-13100\" class=\"wp-caption-text\">Classement de ce relais mixte olympique<\/p><\/div>\n<p><em><strong>Mathieu Veillon<br \/>\n<a href=\"https:\/\/twitter.com\/MathieuVeillon\" target=\"_blank\" rel=\"noopener noreferrer\"><img loading=\"lazy\" decoding=\"async\" class=\"alignnone wp-image-2908\" src=\"http:\/\/dicodusport.fr\/blog\/wp-content\/uploads\/2017\/07\/logo-twitter-150x150.png\" alt=\"\" width=\"39\" height=\"39\" \/><\/a><\/strong><\/em><\/p>\n","protected":false},"excerpt":{"rendered":"<p>Une nouvelle page d&rsquo;histoire s&rsquo;est \u00e9crite ce mardi sur la piste de Pyeongchang, avec le relais mixte fran\u00e7ais qui s&rsquo;est impos\u00e9 avec brio, devant la Norv\u00e8ge et l&rsquo;Italie. Bravo \u00e0 Marie Dorin-Habert, Anais Bescond, Simon Desthieux et Martin Fourcade ! Relais n\u00b01 : Marie Dorin-Habert assure et se d\u00e9tache Sur le premier relais, on assiste [&hellip;]<\/p>\n","protected":false},"author":21,"featured_media":13094,"comment_status":"open","ping_status":"closed","sticky":false,"template":"","format":"standard","meta":{"_acf_changed":false,"_daextam_enable_autolinks":"","footnotes":""},"categories":[2,2426,3588,2313],"tags":[2427,3544,3877],"class_list":["post-13088","post","type-post","status-publish","format-standard","has-post-thumbnail","hentry","category-actualites","category-biathlon","category-pyeongchang-2018","category-sports-dhiver","tag-biathlon","tag-jo-de-pyeongchang","tag-relais-mixte"],"acf":[],"yoast_head":"<!-- This site is optimized with the Yoast SEO Premium plugin v26.7 (Yoast SEO v26.7) - https:\/\/yoast.com\/wordpress\/plugins\/seo\/ -->\n<title>JO 2018 - Biathlon (Relais Mixte) : un relais bleu en OR !<\/title>\n<meta name=\"description\" content=\"Une nouvelle page d&#039;histoire s&#039;est \u00e9crite ce mardi sur la piste de Pyeonchang, avec le relais mixte fran\u00e7ais qui s&#039;est impos\u00e9 avec brio, devant la Norv\u00e8ge et l&#039;Italie. Bravo \u00e0 Marie Dorin-Habert, Anais Bescond, Simon Desthieux et Martin Fourcade !\" \/>\n<meta name=\"robots\" content=\"index, follow, max-snippet:-1, max-image-preview:large, max-video-preview:-1\" \/>\n<link rel=\"canonical\" href=\"https:\/\/dicodusport.fr\/blog\/jo-2018-biathlon-relais-mixte-relais-or\/\" \/>\n<meta property=\"og:locale\" content=\"fr_FR\" \/>\n<meta property=\"og:type\" content=\"article\" \/>\n<meta property=\"og:title\" content=\"JO 2018 - Biathlon (Relais mixte) : un relais bleu en OR !\" \/>\n<meta property=\"og:description\" content=\"Une nouvelle page d&#039;histoire s&#039;est \u00e9crite ce mardi sur la piste de Pyeonchang, avec le relais mixte fran\u00e7ais qui s&#039;est impos\u00e9 avec brio, devant la Norv\u00e8ge et l&#039;Italie. Bravo \u00e0 Marie Dorin-Habert, Anais Bescond, Simon Desthieux et Martin Fourcade !\" \/>\n<meta property=\"og:url\" content=\"https:\/\/dicodusport.fr\/blog\/jo-2018-biathlon-relais-mixte-relais-or\/\" \/>\n<meta property=\"og:site_name\" content=\"Dicodusport\" \/>\n<meta property=\"article:publisher\" content=\"https:\/\/www.facebook.com\/dicodusport\" \/>\n<meta property=\"article:published_time\" content=\"2018-02-20T12:25:49+00:00\" \/>\n<meta property=\"article:modified_time\" content=\"2018-02-20T12:40:26+00:00\" \/>\n<meta property=\"og:image\" content=\"https:\/\/dicodusport.fr\/blog\/wp-content\/uploads\/2018\/02\/Relais-Mixte-Biathlon-Pyeongchang.png\" \/>\n\t<meta property=\"og:image:width\" content=\"1200\" \/>\n\t<meta property=\"og:image:height\" content=\"670\" \/>\n\t<meta property=\"og:image:type\" content=\"image\/png\" \/>\n<meta name=\"author\" content=\"Mathieu Veillon\" \/>\n<meta name=\"twitter:card\" content=\"summary_large_image\" \/>\n<meta name=\"twitter:creator\" content=\"@https:\/\/twitter.com\/MathieuVeillon\" \/>\n<meta name=\"twitter:site\" content=\"@dicodusport\" \/>\n<script type=\"application\/ld+json\" class=\"yoast-schema-graph\">{\"@context\":\"https:\/\/schema.org\",\"@graph\":[{\"@type\":\"NewsArticle\",\"@id\":\"https:\/\/dicodusport.fr\/blog\/jo-2018-biathlon-relais-mixte-relais-or\/#article\",\"isPartOf\":{\"@id\":\"https:\/\/dicodusport.fr\/blog\/jo-2018-biathlon-relais-mixte-relais-or\/\"},\"author\":{\"name\":\"Mathieu Veillon\",\"@id\":\"https:\/\/dicodusport.fr\/blog\/#\/schema\/person\/9731cdc747db1ceb457a2bfa9180a806\"},\"headline\":\"JO 2018 &#8211; Biathlon (Relais mixte) : un relais bleu en OR !\",\"datePublished\":\"2018-02-20T12:25:49+00:00\",\"dateModified\":\"2018-02-20T12:40:26+00:00\",\"mainEntityOfPage\":{\"@id\":\"https:\/\/dicodusport.fr\/blog\/jo-2018-biathlon-relais-mixte-relais-or\/\"},\"wordCount\":439,\"commentCount\":0,\"publisher\":{\"@id\":\"https:\/\/dicodusport.fr\/blog\/#organization\"},\"image\":{\"@id\":\"https:\/\/dicodusport.fr\/blog\/jo-2018-biathlon-relais-mixte-relais-or\/#primaryimage\"},\"thumbnailUrl\":\"https:\/\/dicodusport.fr\/blog\/wp-content\/uploads\/2018\/02\/Relais-Mixte-Biathlon-Pyeongchang.png\",\"keywords\":[\"Biathlon\",\"JO de Pyeongchang\",\"Relais Mixte\"],\"articleSection\":[\"Actualit\u00e9s\",\"Biathlon\",\"Pyeongchang 2018\",\"Sports d'hiver\"],\"inLanguage\":\"fr-FR\",\"potentialAction\":[{\"@type\":\"CommentAction\",\"name\":\"Comment\",\"target\":[\"https:\/\/dicodusport.fr\/blog\/jo-2018-biathlon-relais-mixte-relais-or\/#respond\"]}],\"copyrightYear\":\"2018\",\"copyrightHolder\":{\"@id\":\"https:\/\/dicodusport.fr\/blog\/#organization\"}},{\"@type\":\"WebPage\",\"@id\":\"https:\/\/dicodusport.fr\/blog\/jo-2018-biathlon-relais-mixte-relais-or\/\",\"url\":\"https:\/\/dicodusport.fr\/blog\/jo-2018-biathlon-relais-mixte-relais-or\/\",\"name\":\"JO 2018 - Biathlon (Relais Mixte) : un relais bleu en OR !\",\"isPartOf\":{\"@id\":\"https:\/\/dicodusport.fr\/blog\/#website\"},\"primaryImageOfPage\":{\"@id\":\"https:\/\/dicodusport.fr\/blog\/jo-2018-biathlon-relais-mixte-relais-or\/#primaryimage\"},\"image\":{\"@id\":\"https:\/\/dicodusport.fr\/blog\/jo-2018-biathlon-relais-mixte-relais-or\/#primaryimage\"},\"thumbnailUrl\":\"https:\/\/dicodusport.fr\/blog\/wp-content\/uploads\/2018\/02\/Relais-Mixte-Biathlon-Pyeongchang.png\",\"datePublished\":\"2018-02-20T12:25:49+00:00\",\"dateModified\":\"2018-02-20T12:40:26+00:00\",\"description\":\"Une nouvelle page d'histoire s'est \u00e9crite ce mardi sur la piste de Pyeonchang, avec le relais mixte fran\u00e7ais qui s'est impos\u00e9 avec brio, devant la Norv\u00e8ge et l'Italie. Bravo \u00e0 Marie Dorin-Habert, Anais Bescond, Simon Desthieux et Martin Fourcade !\",\"breadcrumb\":{\"@id\":\"https:\/\/dicodusport.fr\/blog\/jo-2018-biathlon-relais-mixte-relais-or\/#breadcrumb\"},\"inLanguage\":\"fr-FR\",\"potentialAction\":[{\"@type\":\"ReadAction\",\"target\":[\"https:\/\/dicodusport.fr\/blog\/jo-2018-biathlon-relais-mixte-relais-or\/\"]}]},{\"@type\":\"ImageObject\",\"inLanguage\":\"fr-FR\",\"@id\":\"https:\/\/dicodusport.fr\/blog\/jo-2018-biathlon-relais-mixte-relais-or\/#primaryimage\",\"url\":\"https:\/\/dicodusport.fr\/blog\/wp-content\/uploads\/2018\/02\/Relais-Mixte-Biathlon-Pyeongchang.png\",\"contentUrl\":\"https:\/\/dicodusport.fr\/blog\/wp-content\/uploads\/2018\/02\/Relais-Mixte-Biathlon-Pyeongchang.png\",\"width\":1200,\"height\":670},{\"@type\":\"BreadcrumbList\",\"@id\":\"https:\/\/dicodusport.fr\/blog\/jo-2018-biathlon-relais-mixte-relais-or\/#breadcrumb\",\"itemListElement\":[{\"@type\":\"ListItem\",\"position\":1,\"name\":\"Accueil\",\"item\":\"https:\/\/dicodusport.fr\/blog\/\"},{\"@type\":\"ListItem\",\"position\":2,\"name\":\"JO 2018 &#8211; Biathlon (Relais mixte) : un relais bleu en OR !\"}]},{\"@type\":\"WebSite\",\"@id\":\"https:\/\/dicodusport.fr\/blog\/#website\",\"url\":\"https:\/\/dicodusport.fr\/blog\/\",\"name\":\"Dicodusport\",\"description\":\"L&#039;encyclop\u00e9die de l&#039;actualit\u00e9 sportive\",\"publisher\":{\"@id\":\"https:\/\/dicodusport.fr\/blog\/#organization\"},\"potentialAction\":[{\"@type\":\"SearchAction\",\"target\":{\"@type\":\"EntryPoint\",\"urlTemplate\":\"https:\/\/dicodusport.fr\/blog\/?s={search_term_string}\"},\"query-input\":{\"@type\":\"PropertyValueSpecification\",\"valueRequired\":true,\"valueName\":\"search_term_string\"}}],\"inLanguage\":\"fr-FR\"},{\"@type\":\"NewsMediaOrganization\",\"@id\":\"https:\/\/dicodusport.fr\/blog\/#organization\",\"name\":\"Dicodusport\",\"url\":\"https:\/\/dicodusport.fr\/blog\/\",\"logo\":{\"@type\":\"ImageObject\",\"inLanguage\":\"fr-FR\",\"@id\":\"https:\/\/dicodusport.fr\/blog\/#\/schema\/logo\/image\/\",\"url\":\"https:\/\/dicodusport.fr\/blog\/wp-content\/uploads\/2020\/06\/cropped-LOGO-DICODUSPORT-2020-SANS-FOND-SANS-TEXTE.png\",\"contentUrl\":\"https:\/\/dicodusport.fr\/blog\/wp-content\/uploads\/2020\/06\/cropped-LOGO-DICODUSPORT-2020-SANS-FOND-SANS-TEXTE.png\",\"width\":512,\"height\":512,\"caption\":\"Dicodusport\"},\"image\":{\"@id\":\"https:\/\/dicodusport.fr\/blog\/#\/schema\/logo\/image\/\"},\"sameAs\":[\"https:\/\/www.facebook.com\/dicodusport\",\"https:\/\/x.com\/dicodusport\",\"https:\/\/www.instagram.com\/dicodusport\/\",\"https:\/\/www.youtube.com\/channel\/UC7V2KZ5sd3htJivAbA4ZG3w\"],\"description\":\"Dicodusport est l'encyclop\u00e9die de l'actualit\u00e9 sportive.\",\"email\":\"bonjour@dicodusport.fr\",\"legalName\":\"DICODUSPORT\",\"foundingDate\":\"2018-01-14\",\"vatID\":\"FR71834470973\",\"taxID\":\"83447097300043\",\"numberOfEmployees\":{\"@type\":\"QuantitativeValue\",\"minValue\":\"1\",\"maxValue\":\"10\"}},{\"@type\":\"Person\",\"@id\":\"https:\/\/dicodusport.fr\/blog\/#\/schema\/person\/9731cdc747db1ceb457a2bfa9180a806\",\"name\":\"Mathieu Veillon\",\"image\":{\"@type\":\"ImageObject\",\"inLanguage\":\"fr-FR\",\"@id\":\"https:\/\/dicodusport.fr\/blog\/#\/schema\/person\/image\/\",\"url\":\"https:\/\/dicodusport.fr\/blog\/wp-content\/uploads\/2021\/05\/Mathieu-Veillon-150x150.jpg\",\"contentUrl\":\"https:\/\/dicodusport.fr\/blog\/wp-content\/uploads\/2021\/05\/Mathieu-Veillon-150x150.jpg\",\"caption\":\"Mathieu Veillon\"},\"description\":\"Journaliste\/r\u00e9dacteur depuis septembre 2015 - Ma d\u00e9finition du bonheur ? Une galette-saucisse au Roazhon Park ou un caf\u00e9 devant un Lakers\/Celtics au petit matin. Fid\u00e8le membre de la team insomniaque de la r\u00e9dac, j\u2019ai le pouvoir de rester \u00e9veill\u00e9 jusqu\u2019\u00e0 l\u2019aube pour faire vivre aux lecteurs ma passion du sport. Ainsi, j\u2019\u00e9cris principalement sur la NBA, le biathlon, le cyclisme ou encore la F1. Comptez dans mes exploits sportifs le fait d\u2019avoir fait gagner le Tour de France 2018 \u00e0 Tony Gallopin sur Pro Cycling Manager, ou encore d\u2019avoir men\u00e9 l\u2019\u00e9quipe nationale de Bretagne en finale de Coupe du monde sur Football Manager.\",\"sameAs\":[\"https:\/\/x.com\/https:\/\/twitter.com\/MathieuVeillon\"],\"url\":\"https:\/\/dicodusport.fr\/blog\/author\/mathieu\/\"}]}<\/script>\n<!-- \/ Yoast SEO Premium plugin. -->","yoast_head_json":{"title":"JO 2018 - Biathlon (Relais Mixte) : un relais bleu en OR !","description":"Une nouvelle page d'histoire s'est \u00e9crite ce mardi sur la piste de Pyeonchang, avec le relais mixte fran\u00e7ais qui s'est impos\u00e9 avec brio, devant la Norv\u00e8ge et l'Italie. Bravo \u00e0 Marie Dorin-Habert, Anais Bescond, Simon Desthieux et Martin Fourcade !","robots":{"index":"index","follow":"follow","max-snippet":"max-snippet:-1","max-image-preview":"max-image-preview:large","max-video-preview":"max-video-preview:-1"},"canonical":"https:\/\/dicodusport.fr\/blog\/jo-2018-biathlon-relais-mixte-relais-or\/","og_locale":"fr_FR","og_type":"article","og_title":"JO 2018 - Biathlon (Relais mixte) : un relais bleu en OR !","og_description":"Une nouvelle page d'histoire s'est \u00e9crite ce mardi sur la piste de Pyeonchang, avec le relais mixte fran\u00e7ais qui s'est impos\u00e9 avec brio, devant la Norv\u00e8ge et l'Italie. Bravo \u00e0 Marie Dorin-Habert, Anais Bescond, Simon Desthieux et Martin Fourcade !","og_url":"https:\/\/dicodusport.fr\/blog\/jo-2018-biathlon-relais-mixte-relais-or\/","og_site_name":"Dicodusport","article_publisher":"https:\/\/www.facebook.com\/dicodusport","article_published_time":"2018-02-20T12:25:49+00:00","article_modified_time":"2018-02-20T12:40:26+00:00","og_image":[{"width":1200,"height":670,"url":"https:\/\/dicodusport.fr\/blog\/wp-content\/uploads\/2018\/02\/Relais-Mixte-Biathlon-Pyeongchang.png","type":"image\/png"}],"author":"Mathieu Veillon","twitter_card":"summary_large_image","twitter_creator":"@https:\/\/twitter.com\/MathieuVeillon","twitter_site":"@dicodusport","schema":{"@context":"https:\/\/schema.org","@graph":[{"@type":"NewsArticle","@id":"https:\/\/dicodusport.fr\/blog\/jo-2018-biathlon-relais-mixte-relais-or\/#article","isPartOf":{"@id":"https:\/\/dicodusport.fr\/blog\/jo-2018-biathlon-relais-mixte-relais-or\/"},"author":{"name":"Mathieu Veillon","@id":"https:\/\/dicodusport.fr\/blog\/#\/schema\/person\/9731cdc747db1ceb457a2bfa9180a806"},"headline":"JO 2018 &#8211; Biathlon (Relais mixte) : un relais bleu en OR !","datePublished":"2018-02-20T12:25:49+00:00","dateModified":"2018-02-20T12:40:26+00:00","mainEntityOfPage":{"@id":"https:\/\/dicodusport.fr\/blog\/jo-2018-biathlon-relais-mixte-relais-or\/"},"wordCount":439,"commentCount":0,"publisher":{"@id":"https:\/\/dicodusport.fr\/blog\/#organization"},"image":{"@id":"https:\/\/dicodusport.fr\/blog\/jo-2018-biathlon-relais-mixte-relais-or\/#primaryimage"},"thumbnailUrl":"https:\/\/dicodusport.fr\/blog\/wp-content\/uploads\/2018\/02\/Relais-Mixte-Biathlon-Pyeongchang.png","keywords":["Biathlon","JO de Pyeongchang","Relais Mixte"],"articleSection":["Actualit\u00e9s","Biathlon","Pyeongchang 2018","Sports d'hiver"],"inLanguage":"fr-FR","potentialAction":[{"@type":"CommentAction","name":"Comment","target":["https:\/\/dicodusport.fr\/blog\/jo-2018-biathlon-relais-mixte-relais-or\/#respond"]}],"copyrightYear":"2018","copyrightHolder":{"@id":"https:\/\/dicodusport.fr\/blog\/#organization"}},{"@type":"WebPage","@id":"https:\/\/dicodusport.fr\/blog\/jo-2018-biathlon-relais-mixte-relais-or\/","url":"https:\/\/dicodusport.fr\/blog\/jo-2018-biathlon-relais-mixte-relais-or\/","name":"JO 2018 - Biathlon (Relais Mixte) : un relais bleu en OR !","isPartOf":{"@id":"https:\/\/dicodusport.fr\/blog\/#website"},"primaryImageOfPage":{"@id":"https:\/\/dicodusport.fr\/blog\/jo-2018-biathlon-relais-mixte-relais-or\/#primaryimage"},"image":{"@id":"https:\/\/dicodusport.fr\/blog\/jo-2018-biathlon-relais-mixte-relais-or\/#primaryimage"},"thumbnailUrl":"https:\/\/dicodusport.fr\/blog\/wp-content\/uploads\/2018\/02\/Relais-Mixte-Biathlon-Pyeongchang.png","datePublished":"2018-02-20T12:25:49+00:00","dateModified":"2018-02-20T12:40:26+00:00","description":"Une nouvelle page d'histoire s'est \u00e9crite ce mardi sur la piste de Pyeonchang, avec le relais mixte fran\u00e7ais qui s'est impos\u00e9 avec brio, devant la Norv\u00e8ge et l'Italie. Bravo \u00e0 Marie Dorin-Habert, Anais Bescond, Simon Desthieux et Martin Fourcade !","breadcrumb":{"@id":"https:\/\/dicodusport.fr\/blog\/jo-2018-biathlon-relais-mixte-relais-or\/#breadcrumb"},"inLanguage":"fr-FR","potentialAction":[{"@type":"ReadAction","target":["https:\/\/dicodusport.fr\/blog\/jo-2018-biathlon-relais-mixte-relais-or\/"]}]},{"@type":"ImageObject","inLanguage":"fr-FR","@id":"https:\/\/dicodusport.fr\/blog\/jo-2018-biathlon-relais-mixte-relais-or\/#primaryimage","url":"https:\/\/dicodusport.fr\/blog\/wp-content\/uploads\/2018\/02\/Relais-Mixte-Biathlon-Pyeongchang.png","contentUrl":"https:\/\/dicodusport.fr\/blog\/wp-content\/uploads\/2018\/02\/Relais-Mixte-Biathlon-Pyeongchang.png","width":1200,"height":670},{"@type":"BreadcrumbList","@id":"https:\/\/dicodusport.fr\/blog\/jo-2018-biathlon-relais-mixte-relais-or\/#breadcrumb","itemListElement":[{"@type":"ListItem","position":1,"name":"Accueil","item":"https:\/\/dicodusport.fr\/blog\/"},{"@type":"ListItem","position":2,"name":"JO 2018 &#8211; Biathlon (Relais mixte) : un relais bleu en OR !"}]},{"@type":"WebSite","@id":"https:\/\/dicodusport.fr\/blog\/#website","url":"https:\/\/dicodusport.fr\/blog\/","name":"Dicodusport","description":"L&#039;encyclop\u00e9die de l&#039;actualit\u00e9 sportive","publisher":{"@id":"https:\/\/dicodusport.fr\/blog\/#organization"},"potentialAction":[{"@type":"SearchAction","target":{"@type":"EntryPoint","urlTemplate":"https:\/\/dicodusport.fr\/blog\/?s={search_term_string}"},"query-input":{"@type":"PropertyValueSpecification","valueRequired":true,"valueName":"search_term_string"}}],"inLanguage":"fr-FR"},{"@type":"NewsMediaOrganization","@id":"https:\/\/dicodusport.fr\/blog\/#organization","name":"Dicodusport","url":"https:\/\/dicodusport.fr\/blog\/","logo":{"@type":"ImageObject","inLanguage":"fr-FR","@id":"https:\/\/dicodusport.fr\/blog\/#\/schema\/logo\/image\/","url":"https:\/\/dicodusport.fr\/blog\/wp-content\/uploads\/2020\/06\/cropped-LOGO-DICODUSPORT-2020-SANS-FOND-SANS-TEXTE.png","contentUrl":"https:\/\/dicodusport.fr\/blog\/wp-content\/uploads\/2020\/06\/cropped-LOGO-DICODUSPORT-2020-SANS-FOND-SANS-TEXTE.png","width":512,"height":512,"caption":"Dicodusport"},"image":{"@id":"https:\/\/dicodusport.fr\/blog\/#\/schema\/logo\/image\/"},"sameAs":["https:\/\/www.facebook.com\/dicodusport","https:\/\/x.com\/dicodusport","https:\/\/www.instagram.com\/dicodusport\/","https:\/\/www.youtube.com\/channel\/UC7V2KZ5sd3htJivAbA4ZG3w"],"description":"Dicodusport est l'encyclop\u00e9die de l'actualit\u00e9 sportive.","email":"bonjour@dicodusport.fr","legalName":"DICODUSPORT","foundingDate":"2018-01-14","vatID":"FR71834470973","taxID":"83447097300043","numberOfEmployees":{"@type":"QuantitativeValue","minValue":"1","maxValue":"10"}},{"@type":"Person","@id":"https:\/\/dicodusport.fr\/blog\/#\/schema\/person\/9731cdc747db1ceb457a2bfa9180a806","name":"Mathieu Veillon","image":{"@type":"ImageObject","inLanguage":"fr-FR","@id":"https:\/\/dicodusport.fr\/blog\/#\/schema\/person\/image\/","url":"https:\/\/dicodusport.fr\/blog\/wp-content\/uploads\/2021\/05\/Mathieu-Veillon-150x150.jpg","contentUrl":"https:\/\/dicodusport.fr\/blog\/wp-content\/uploads\/2021\/05\/Mathieu-Veillon-150x150.jpg","caption":"Mathieu Veillon"},"description":"Journaliste\/r\u00e9dacteur depuis septembre 2015 - Ma d\u00e9finition du bonheur ? Une galette-saucisse au Roazhon Park ou un caf\u00e9 devant un Lakers\/Celtics au petit matin. Fid\u00e8le membre de la team insomniaque de la r\u00e9dac, j\u2019ai le pouvoir de rester \u00e9veill\u00e9 jusqu\u2019\u00e0 l\u2019aube pour faire vivre aux lecteurs ma passion du sport. Ainsi, j\u2019\u00e9cris principalement sur la NBA, le biathlon, le cyclisme ou encore la F1. Comptez dans mes exploits sportifs le fait d\u2019avoir fait gagner le Tour de France 2018 \u00e0 Tony Gallopin sur Pro Cycling Manager, ou encore d\u2019avoir men\u00e9 l\u2019\u00e9quipe nationale de Bretagne en finale de Coupe du monde sur Football Manager.","sameAs":["https:\/\/x.com\/https:\/\/twitter.com\/MathieuVeillon"],"url":"https:\/\/dicodusport.fr\/blog\/author\/mathieu\/"}]}},"_links":{"self":[{"href":"https:\/\/dicodusport.fr\/blog\/wp-json\/wp\/v2\/posts\/13088","targetHints":{"allow":["GET"]}}],"collection":[{"href":"https:\/\/dicodusport.fr\/blog\/wp-json\/wp\/v2\/posts"}],"about":[{"href":"https:\/\/dicodusport.fr\/blog\/wp-json\/wp\/v2\/types\/post"}],"author":[{"embeddable":true,"href":"https:\/\/dicodusport.fr\/blog\/wp-json\/wp\/v2\/users\/21"}],"replies":[{"embeddable":true,"href":"https:\/\/dicodusport.fr\/blog\/wp-json\/wp\/v2\/comments?post=13088"}],"version-history":[{"count":0,"href":"https:\/\/dicodusport.fr\/blog\/wp-json\/wp\/v2\/posts\/13088\/revisions"}],"wp:featuredmedia":[{"embeddable":true,"href":"https:\/\/dicodusport.fr\/blog\/wp-json\/wp\/v2\/media\/13094"}],"wp:attachment":[{"href":"https:\/\/dicodusport.fr\/blog\/wp-json\/wp\/v2\/media?parent=13088"}],"wp:term":[{"taxonomy":"category","embeddable":true,"href":"https:\/\/dicodusport.fr\/blog\/wp-json\/wp\/v2\/categories?post=13088"},{"taxonomy":"post_tag","embeddable":true,"href":"https:\/\/dicodusport.fr\/blog\/wp-json\/wp\/v2\/tags?post=13088"}],"curies":[{"name":"wp","href":"https:\/\/api.w.org\/{rel}","templated":true}]}}