{"id":130966,"date":"2021-05-20T08:07:01","date_gmt":"2021-05-20T06:07:01","guid":{"rendered":"https:\/\/dicodusport.fr\/blog\/?p=130966"},"modified":"2021-05-20T08:29:34","modified_gmt":"2021-05-20T06:29:34","slug":"championnats-deurope-de-natation-deux-medailles-dargent-pour-les-francais","status":"publish","type":"post","link":"https:\/\/dicodusport.fr\/blog\/championnats-deurope-de-natation-deux-medailles-dargent-pour-les-francais\/","title":{"rendered":"Championnats d&rsquo;Europe de natation : deux m\u00e9dailles d&rsquo;argent pour les Fran\u00e7ais"},"content":{"rendered":"<p style=\"text-align: justify;\"><strong><em>HANDISPORT &#8211; CHAMPIONNATS D&rsquo;EUROPE DE NATATION &#8211; Nouvelles m\u00e9dailles pour le clan fran\u00e7ais. Tous les deux m\u00e9daill\u00e9s en d\u00e9but de semaine, Alex Portal et Ugo Didier ont sign\u00e9 leurs deuxi\u00e8mes podiums aujourd&rsquo;hui.\u00a0<\/em><\/strong><\/p>\n<h2>8 m\u00e9dailles pour la France<\/h2>\n<p style=\"text-align: justify;\">Jusqu&rsquo;\u00e0 pr\u00e9sent en or ou en bronze, la collection de m\u00e9daille tricolore a \u00e9t\u00e9 garnie de deux m\u00e9dailles d&rsquo;argent. Troisi\u00e8me du 100 m\u00e8tres papillon lundi, <strong>Alex Portal<\/strong> a cette fois gagn\u00e9 une place et devient vice-champion d&rsquo;Europe du 100 m\u00e8tres dos S13. Avec un temps sup\u00e9rieur \u00e0 la minute, 1:00.59, le Fran\u00e7ais n&rsquo;a rien pu faire contre le recordman du monde <strong>Ihar Boki<\/strong>, 56:96. Quelques minutes plus tard, c&rsquo;est au tour du champion d&rsquo;Europe du 200 m\u00e8tres 4 nages de finir deuxi\u00e8me. <strong>Ugo Didier<\/strong>, auteur d&rsquo;une superbe course, est all\u00e9 chercher une m\u00e9daille d&rsquo;argent dans le deuxi\u00e8me 50 m\u00e8tres du 100 m\u00e8tres S9.<\/p>\n<p style=\"text-align: justify;\">De son c\u00f4t\u00e9 <strong>Jade Le Bris<\/strong> termine 6\u00e8me du 100 m\u00e8tres nage libre S8. Lors du 100 m\u00e8tres S9, <strong>Claire Supiot<\/strong> prend une 5\u00e8me place.<\/p>\n<blockquote class=\"twitter-tweet\">\n<p dir=\"ltr\" lang=\"fr\"><a href=\"https:\/\/twitter.com\/hashtag\/FUNCHAL2021?src=hash&amp;ref_src=twsrc%5Etfw\">#FUNCHAL2021<\/a><br \/>\nARGENT POUR ALEX PORTAL &#x1f948;<br \/>\nApr\u00e8s le bronze sur le 100m papillon, le soci\u00e9taire du <a href=\"https:\/\/twitter.com\/cno_stgermain?ref_src=twsrc%5Etfw\">@cno_stgermain<\/a> Alex Portal s\u2019offre l\u2019argent sur le 100m Dos S13 et \u00e9tablit un nouveau record de France &#x1f1eb;&#x1f1f7; (1\u201900\u2019\u201959). <a href=\"https:\/\/t.co\/46laSZzYgX\">pic.twitter.com\/46laSZzYgX<\/a><\/p>\n<p>\u2014 FFHandisport (@FFHandisport) <a href=\"https:\/\/twitter.com\/FFHandisport\/status\/1395084167742951424?ref_src=twsrc%5Etfw\">May 19, 2021<\/a><\/p><\/blockquote>\n<p><script async src=\"https:\/\/platform.twitter.com\/widgets.js\" charset=\"utf-8\"><\/script><\/p>\n","protected":false},"excerpt":{"rendered":"<p>HANDISPORT &#8211; CHAMPIONNATS D&rsquo;EUROPE DE NATATION &#8211; Nouvelles m\u00e9dailles pour le clan fran\u00e7ais. Tous les deux m\u00e9daill\u00e9s en d\u00e9but de semaine, Alex Portal et Ugo Didier ont sign\u00e9 leurs deuxi\u00e8mes podiums aujourd&rsquo;hui.\u00a0<\/p>\n","protected":false},"author":43,"featured_media":130466,"comment_status":"open","ping_status":"closed","sticky":false,"template":"","format":"standard","meta":{"_acf_changed":false,"_daextam_enable_autolinks":"","footnotes":""},"categories":[5753,2306],"tags":[5631,1265,69],"class_list":["post-130966","post","type-post","status-publish","format-standard","has-post-thumbnail","hentry","category-handisport","category-natation","tag-championnats-deurope-de-natation","tag-handisport","tag-natation"],"acf":[],"yoast_head":"<!-- This site is optimized with the Yoast SEO Premium plugin v26.7 (Yoast SEO v26.7) - https:\/\/yoast.com\/wordpress\/plugins\/seo\/ -->\n<title>Championnats d&#039;Europe de natation : deux m\u00e9dailles d&#039;argent pour les Fran\u00e7ais<\/title>\n<meta name=\"description\" content=\"Apr\u00e8s la m\u00e9daille de bronze, Alex Portal d\u00e9croche la m\u00e9daille d&#039;argent europ\u00e9enne du 100 m\u00e8tres dos en cat\u00e9gorie S13.\" \/>\n<meta name=\"robots\" content=\"index, follow, max-snippet:-1, max-image-preview:large, max-video-preview:-1\" \/>\n<link rel=\"canonical\" href=\"https:\/\/dicodusport.fr\/blog\/championnats-deurope-de-natation-deux-medailles-dargent-pour-les-francais\/\" \/>\n<meta property=\"og:locale\" content=\"fr_FR\" \/>\n<meta property=\"og:type\" content=\"article\" \/>\n<meta property=\"og:title\" content=\"Championnats d&#039;Europe de natation : deux m\u00e9dailles d&#039;argent pour les Fran\u00e7ais\" \/>\n<meta property=\"og:description\" content=\"Apr\u00e8s la m\u00e9daille de bronze, Alex Portal d\u00e9croche la m\u00e9daille d&#039;argent europ\u00e9enne du 100 m\u00e8tres dos en cat\u00e9gorie S13.\" \/>\n<meta property=\"og:url\" content=\"https:\/\/dicodusport.fr\/blog\/championnats-deurope-de-natation-deux-medailles-dargent-pour-les-francais\/\" \/>\n<meta property=\"og:site_name\" content=\"Dicodusport\" \/>\n<meta property=\"article:publisher\" content=\"https:\/\/www.facebook.com\/dicodusport\" \/>\n<meta property=\"article:author\" content=\"https:\/\/www.facebook.com\/Max.Bld2\/\" \/>\n<meta property=\"article:published_time\" content=\"2021-05-20T06:07:01+00:00\" \/>\n<meta property=\"article:modified_time\" content=\"2021-05-20T06:29:34+00:00\" \/>\n<meta property=\"og:image\" content=\"https:\/\/dicodusport.fr\/blog\/wp-content\/uploads\/2021\/05\/Championnats-dEurope-de-natation-handisport-Deux-autres-medailles-pour-la-France.png\" \/>\n\t<meta property=\"og:image:width\" content=\"800\" \/>\n\t<meta property=\"og:image:height\" content=\"445\" \/>\n\t<meta property=\"og:image:type\" content=\"image\/png\" \/>\n<meta name=\"author\" content=\"Maxime Boulard\" \/>\n<meta name=\"twitter:card\" content=\"summary_large_image\" \/>\n<meta name=\"twitter:creator\" content=\"@https:\/\/twitter.com\/MaximeB_2\" \/>\n<meta name=\"twitter:site\" content=\"@dicodusport\" \/>\n<script type=\"application\/ld+json\" class=\"yoast-schema-graph\">{\"@context\":\"https:\/\/schema.org\",\"@graph\":[{\"@type\":\"NewsArticle\",\"@id\":\"https:\/\/dicodusport.fr\/blog\/championnats-deurope-de-natation-deux-medailles-dargent-pour-les-francais\/#article\",\"isPartOf\":{\"@id\":\"https:\/\/dicodusport.fr\/blog\/championnats-deurope-de-natation-deux-medailles-dargent-pour-les-francais\/\"},\"author\":{\"name\":\"Maxime Boulard\",\"@id\":\"https:\/\/dicodusport.fr\/blog\/#\/schema\/person\/5aab10ee856e86ac63e9819a9da34784\"},\"headline\":\"Championnats d&rsquo;Europe de natation : deux m\u00e9dailles d&rsquo;argent pour les Fran\u00e7ais\",\"datePublished\":\"2021-05-20T06:07:01+00:00\",\"dateModified\":\"2021-05-20T06:29:34+00:00\",\"mainEntityOfPage\":{\"@id\":\"https:\/\/dicodusport.fr\/blog\/championnats-deurope-de-natation-deux-medailles-dargent-pour-les-francais\/\"},\"wordCount\":252,\"commentCount\":0,\"publisher\":{\"@id\":\"https:\/\/dicodusport.fr\/blog\/#organization\"},\"image\":{\"@id\":\"https:\/\/dicodusport.fr\/blog\/championnats-deurope-de-natation-deux-medailles-dargent-pour-les-francais\/#primaryimage\"},\"thumbnailUrl\":\"https:\/\/dicodusport.fr\/blog\/wp-content\/uploads\/2021\/05\/Championnats-dEurope-de-natation-handisport-Deux-autres-medailles-pour-la-France.png\",\"keywords\":[\"Championnats d'Europe de natation\",\"handisport\",\"natation\"],\"articleSection\":[\"Handisport\",\"Natation\"],\"inLanguage\":\"fr-FR\",\"potentialAction\":[{\"@type\":\"CommentAction\",\"name\":\"Comment\",\"target\":[\"https:\/\/dicodusport.fr\/blog\/championnats-deurope-de-natation-deux-medailles-dargent-pour-les-francais\/#respond\"]}],\"copyrightYear\":\"2021\",\"copyrightHolder\":{\"@id\":\"https:\/\/dicodusport.fr\/blog\/#organization\"}},{\"@type\":\"WebPage\",\"@id\":\"https:\/\/dicodusport.fr\/blog\/championnats-deurope-de-natation-deux-medailles-dargent-pour-les-francais\/\",\"url\":\"https:\/\/dicodusport.fr\/blog\/championnats-deurope-de-natation-deux-medailles-dargent-pour-les-francais\/\",\"name\":\"Championnats d'Europe de natation : deux m\u00e9dailles d'argent pour les Fran\u00e7ais\",\"isPartOf\":{\"@id\":\"https:\/\/dicodusport.fr\/blog\/#website\"},\"primaryImageOfPage\":{\"@id\":\"https:\/\/dicodusport.fr\/blog\/championnats-deurope-de-natation-deux-medailles-dargent-pour-les-francais\/#primaryimage\"},\"image\":{\"@id\":\"https:\/\/dicodusport.fr\/blog\/championnats-deurope-de-natation-deux-medailles-dargent-pour-les-francais\/#primaryimage\"},\"thumbnailUrl\":\"https:\/\/dicodusport.fr\/blog\/wp-content\/uploads\/2021\/05\/Championnats-dEurope-de-natation-handisport-Deux-autres-medailles-pour-la-France.png\",\"datePublished\":\"2021-05-20T06:07:01+00:00\",\"dateModified\":\"2021-05-20T06:29:34+00:00\",\"description\":\"Apr\u00e8s la m\u00e9daille de bronze, Alex Portal d\u00e9croche la m\u00e9daille d'argent europ\u00e9enne du 100 m\u00e8tres dos en cat\u00e9gorie S13.\",\"breadcrumb\":{\"@id\":\"https:\/\/dicodusport.fr\/blog\/championnats-deurope-de-natation-deux-medailles-dargent-pour-les-francais\/#breadcrumb\"},\"inLanguage\":\"fr-FR\",\"potentialAction\":[{\"@type\":\"ReadAction\",\"target\":[\"https:\/\/dicodusport.fr\/blog\/championnats-deurope-de-natation-deux-medailles-dargent-pour-les-francais\/\"]}]},{\"@type\":\"ImageObject\",\"inLanguage\":\"fr-FR\",\"@id\":\"https:\/\/dicodusport.fr\/blog\/championnats-deurope-de-natation-deux-medailles-dargent-pour-les-francais\/#primaryimage\",\"url\":\"https:\/\/dicodusport.fr\/blog\/wp-content\/uploads\/2021\/05\/Championnats-dEurope-de-natation-handisport-Deux-autres-medailles-pour-la-France.png\",\"contentUrl\":\"https:\/\/dicodusport.fr\/blog\/wp-content\/uploads\/2021\/05\/Championnats-dEurope-de-natation-handisport-Deux-autres-medailles-pour-la-France.png\",\"width\":800,\"height\":445,\"caption\":\"Championnats d'Europe de natation handisport - Deux autres m\u00e9dailles pour la France\"},{\"@type\":\"BreadcrumbList\",\"@id\":\"https:\/\/dicodusport.fr\/blog\/championnats-deurope-de-natation-deux-medailles-dargent-pour-les-francais\/#breadcrumb\",\"itemListElement\":[{\"@type\":\"ListItem\",\"position\":1,\"name\":\"Accueil\",\"item\":\"https:\/\/dicodusport.fr\/blog\/\"},{\"@type\":\"ListItem\",\"position\":2,\"name\":\"Championnats d&rsquo;Europe de natation : deux m\u00e9dailles d&rsquo;argent pour les Fran\u00e7ais\"}]},{\"@type\":\"WebSite\",\"@id\":\"https:\/\/dicodusport.fr\/blog\/#website\",\"url\":\"https:\/\/dicodusport.fr\/blog\/\",\"name\":\"Dicodusport\",\"description\":\"L&#039;encyclop\u00e9die de l&#039;actualit\u00e9 sportive\",\"publisher\":{\"@id\":\"https:\/\/dicodusport.fr\/blog\/#organization\"},\"potentialAction\":[{\"@type\":\"SearchAction\",\"target\":{\"@type\":\"EntryPoint\",\"urlTemplate\":\"https:\/\/dicodusport.fr\/blog\/?s={search_term_string}\"},\"query-input\":{\"@type\":\"PropertyValueSpecification\",\"valueRequired\":true,\"valueName\":\"search_term_string\"}}],\"inLanguage\":\"fr-FR\"},{\"@type\":\"NewsMediaOrganization\",\"@id\":\"https:\/\/dicodusport.fr\/blog\/#organization\",\"name\":\"Dicodusport\",\"url\":\"https:\/\/dicodusport.fr\/blog\/\",\"logo\":{\"@type\":\"ImageObject\",\"inLanguage\":\"fr-FR\",\"@id\":\"https:\/\/dicodusport.fr\/blog\/#\/schema\/logo\/image\/\",\"url\":\"https:\/\/dicodusport.fr\/blog\/wp-content\/uploads\/2020\/06\/cropped-LOGO-DICODUSPORT-2020-SANS-FOND-SANS-TEXTE.png\",\"contentUrl\":\"https:\/\/dicodusport.fr\/blog\/wp-content\/uploads\/2020\/06\/cropped-LOGO-DICODUSPORT-2020-SANS-FOND-SANS-TEXTE.png\",\"width\":512,\"height\":512,\"caption\":\"Dicodusport\"},\"image\":{\"@id\":\"https:\/\/dicodusport.fr\/blog\/#\/schema\/logo\/image\/\"},\"sameAs\":[\"https:\/\/www.facebook.com\/dicodusport\",\"https:\/\/x.com\/dicodusport\",\"https:\/\/www.instagram.com\/dicodusport\/\",\"https:\/\/www.youtube.com\/channel\/UC7V2KZ5sd3htJivAbA4ZG3w\"],\"description\":\"Dicodusport est l'encyclop\u00e9die de l'actualit\u00e9 sportive.\",\"email\":\"bonjour@dicodusport.fr\",\"legalName\":\"DICODUSPORT\",\"foundingDate\":\"2018-01-14\",\"vatID\":\"FR71834470973\",\"taxID\":\"83447097300043\",\"numberOfEmployees\":{\"@type\":\"QuantitativeValue\",\"minValue\":\"1\",\"maxValue\":\"10\"}},{\"@type\":\"Person\",\"@id\":\"https:\/\/dicodusport.fr\/blog\/#\/schema\/person\/5aab10ee856e86ac63e9819a9da34784\",\"name\":\"Maxime Boulard\",\"image\":{\"@type\":\"ImageObject\",\"inLanguage\":\"fr-FR\",\"@id\":\"https:\/\/dicodusport.fr\/blog\/#\/schema\/person\/image\/\",\"url\":\"https:\/\/dicodusport.fr\/blog\/wp-content\/uploads\/2021\/05\/Maxime-Boulard-150x150.jpg\",\"contentUrl\":\"https:\/\/dicodusport.fr\/blog\/wp-content\/uploads\/2021\/05\/Maxime-Boulard-150x150.jpg\",\"caption\":\"Maxime Boulard\"},\"description\":\"Journaliste\/r\u00e9dacteur depuis octobre 2020 - Si mon plus vieux souvenir de sport aurait pu m'en d\u00e9go\u00fbter, la finale de la Coupe du monde 2006 a \u00e9t\u00e9 tout le contraire. V\u00e9ritable d\u00e9clencheur d'une passion qui aujourd'hui ne fait que grandir avec le temps, mon leitmotiv est la France qui brille ! Je relate les exploits pass\u00e9s et pr\u00e9sents du sport bleu-blanc-rouge sans m\u00e9nagement depuis octobre 2020. Sport valide ou handisport, aucune diff\u00e9rence, il n'y a que du sport et plusieurs fa\u00e7ons de le pratiquer.\",\"sameAs\":[\"https:\/\/www.facebook.com\/Max.Bld2\/\",\"https:\/\/x.com\/https:\/\/twitter.com\/MaximeB_2\"],\"url\":\"https:\/\/dicodusport.fr\/blog\/author\/maxime-b\/\"}]}<\/script>\n<!-- \/ Yoast SEO Premium plugin. -->","yoast_head_json":{"title":"Championnats d'Europe de natation : deux m\u00e9dailles d'argent pour les Fran\u00e7ais","description":"Apr\u00e8s la m\u00e9daille de bronze, Alex Portal d\u00e9croche la m\u00e9daille d'argent europ\u00e9enne du 100 m\u00e8tres dos en cat\u00e9gorie S13.","robots":{"index":"index","follow":"follow","max-snippet":"max-snippet:-1","max-image-preview":"max-image-preview:large","max-video-preview":"max-video-preview:-1"},"canonical":"https:\/\/dicodusport.fr\/blog\/championnats-deurope-de-natation-deux-medailles-dargent-pour-les-francais\/","og_locale":"fr_FR","og_type":"article","og_title":"Championnats d'Europe de natation : deux m\u00e9dailles d'argent pour les Fran\u00e7ais","og_description":"Apr\u00e8s la m\u00e9daille de bronze, Alex Portal d\u00e9croche la m\u00e9daille d'argent europ\u00e9enne du 100 m\u00e8tres dos en cat\u00e9gorie S13.","og_url":"https:\/\/dicodusport.fr\/blog\/championnats-deurope-de-natation-deux-medailles-dargent-pour-les-francais\/","og_site_name":"Dicodusport","article_publisher":"https:\/\/www.facebook.com\/dicodusport","article_author":"https:\/\/www.facebook.com\/Max.Bld2\/","article_published_time":"2021-05-20T06:07:01+00:00","article_modified_time":"2021-05-20T06:29:34+00:00","og_image":[{"width":800,"height":445,"url":"https:\/\/dicodusport.fr\/blog\/wp-content\/uploads\/2021\/05\/Championnats-dEurope-de-natation-handisport-Deux-autres-medailles-pour-la-France.png","type":"image\/png"}],"author":"Maxime Boulard","twitter_card":"summary_large_image","twitter_creator":"@https:\/\/twitter.com\/MaximeB_2","twitter_site":"@dicodusport","schema":{"@context":"https:\/\/schema.org","@graph":[{"@type":"NewsArticle","@id":"https:\/\/dicodusport.fr\/blog\/championnats-deurope-de-natation-deux-medailles-dargent-pour-les-francais\/#article","isPartOf":{"@id":"https:\/\/dicodusport.fr\/blog\/championnats-deurope-de-natation-deux-medailles-dargent-pour-les-francais\/"},"author":{"name":"Maxime Boulard","@id":"https:\/\/dicodusport.fr\/blog\/#\/schema\/person\/5aab10ee856e86ac63e9819a9da34784"},"headline":"Championnats d&rsquo;Europe de natation : deux m\u00e9dailles d&rsquo;argent pour les Fran\u00e7ais","datePublished":"2021-05-20T06:07:01+00:00","dateModified":"2021-05-20T06:29:34+00:00","mainEntityOfPage":{"@id":"https:\/\/dicodusport.fr\/blog\/championnats-deurope-de-natation-deux-medailles-dargent-pour-les-francais\/"},"wordCount":252,"commentCount":0,"publisher":{"@id":"https:\/\/dicodusport.fr\/blog\/#organization"},"image":{"@id":"https:\/\/dicodusport.fr\/blog\/championnats-deurope-de-natation-deux-medailles-dargent-pour-les-francais\/#primaryimage"},"thumbnailUrl":"https:\/\/dicodusport.fr\/blog\/wp-content\/uploads\/2021\/05\/Championnats-dEurope-de-natation-handisport-Deux-autres-medailles-pour-la-France.png","keywords":["Championnats d'Europe de natation","handisport","natation"],"articleSection":["Handisport","Natation"],"inLanguage":"fr-FR","potentialAction":[{"@type":"CommentAction","name":"Comment","target":["https:\/\/dicodusport.fr\/blog\/championnats-deurope-de-natation-deux-medailles-dargent-pour-les-francais\/#respond"]}],"copyrightYear":"2021","copyrightHolder":{"@id":"https:\/\/dicodusport.fr\/blog\/#organization"}},{"@type":"WebPage","@id":"https:\/\/dicodusport.fr\/blog\/championnats-deurope-de-natation-deux-medailles-dargent-pour-les-francais\/","url":"https:\/\/dicodusport.fr\/blog\/championnats-deurope-de-natation-deux-medailles-dargent-pour-les-francais\/","name":"Championnats d'Europe de natation : deux m\u00e9dailles d'argent pour les Fran\u00e7ais","isPartOf":{"@id":"https:\/\/dicodusport.fr\/blog\/#website"},"primaryImageOfPage":{"@id":"https:\/\/dicodusport.fr\/blog\/championnats-deurope-de-natation-deux-medailles-dargent-pour-les-francais\/#primaryimage"},"image":{"@id":"https:\/\/dicodusport.fr\/blog\/championnats-deurope-de-natation-deux-medailles-dargent-pour-les-francais\/#primaryimage"},"thumbnailUrl":"https:\/\/dicodusport.fr\/blog\/wp-content\/uploads\/2021\/05\/Championnats-dEurope-de-natation-handisport-Deux-autres-medailles-pour-la-France.png","datePublished":"2021-05-20T06:07:01+00:00","dateModified":"2021-05-20T06:29:34+00:00","description":"Apr\u00e8s la m\u00e9daille de bronze, Alex Portal d\u00e9croche la m\u00e9daille d'argent europ\u00e9enne du 100 m\u00e8tres dos en cat\u00e9gorie S13.","breadcrumb":{"@id":"https:\/\/dicodusport.fr\/blog\/championnats-deurope-de-natation-deux-medailles-dargent-pour-les-francais\/#breadcrumb"},"inLanguage":"fr-FR","potentialAction":[{"@type":"ReadAction","target":["https:\/\/dicodusport.fr\/blog\/championnats-deurope-de-natation-deux-medailles-dargent-pour-les-francais\/"]}]},{"@type":"ImageObject","inLanguage":"fr-FR","@id":"https:\/\/dicodusport.fr\/blog\/championnats-deurope-de-natation-deux-medailles-dargent-pour-les-francais\/#primaryimage","url":"https:\/\/dicodusport.fr\/blog\/wp-content\/uploads\/2021\/05\/Championnats-dEurope-de-natation-handisport-Deux-autres-medailles-pour-la-France.png","contentUrl":"https:\/\/dicodusport.fr\/blog\/wp-content\/uploads\/2021\/05\/Championnats-dEurope-de-natation-handisport-Deux-autres-medailles-pour-la-France.png","width":800,"height":445,"caption":"Championnats d'Europe de natation handisport - Deux autres m\u00e9dailles pour la France"},{"@type":"BreadcrumbList","@id":"https:\/\/dicodusport.fr\/blog\/championnats-deurope-de-natation-deux-medailles-dargent-pour-les-francais\/#breadcrumb","itemListElement":[{"@type":"ListItem","position":1,"name":"Accueil","item":"https:\/\/dicodusport.fr\/blog\/"},{"@type":"ListItem","position":2,"name":"Championnats d&rsquo;Europe de natation : deux m\u00e9dailles d&rsquo;argent pour les Fran\u00e7ais"}]},{"@type":"WebSite","@id":"https:\/\/dicodusport.fr\/blog\/#website","url":"https:\/\/dicodusport.fr\/blog\/","name":"Dicodusport","description":"L&#039;encyclop\u00e9die de l&#039;actualit\u00e9 sportive","publisher":{"@id":"https:\/\/dicodusport.fr\/blog\/#organization"},"potentialAction":[{"@type":"SearchAction","target":{"@type":"EntryPoint","urlTemplate":"https:\/\/dicodusport.fr\/blog\/?s={search_term_string}"},"query-input":{"@type":"PropertyValueSpecification","valueRequired":true,"valueName":"search_term_string"}}],"inLanguage":"fr-FR"},{"@type":"NewsMediaOrganization","@id":"https:\/\/dicodusport.fr\/blog\/#organization","name":"Dicodusport","url":"https:\/\/dicodusport.fr\/blog\/","logo":{"@type":"ImageObject","inLanguage":"fr-FR","@id":"https:\/\/dicodusport.fr\/blog\/#\/schema\/logo\/image\/","url":"https:\/\/dicodusport.fr\/blog\/wp-content\/uploads\/2020\/06\/cropped-LOGO-DICODUSPORT-2020-SANS-FOND-SANS-TEXTE.png","contentUrl":"https:\/\/dicodusport.fr\/blog\/wp-content\/uploads\/2020\/06\/cropped-LOGO-DICODUSPORT-2020-SANS-FOND-SANS-TEXTE.png","width":512,"height":512,"caption":"Dicodusport"},"image":{"@id":"https:\/\/dicodusport.fr\/blog\/#\/schema\/logo\/image\/"},"sameAs":["https:\/\/www.facebook.com\/dicodusport","https:\/\/x.com\/dicodusport","https:\/\/www.instagram.com\/dicodusport\/","https:\/\/www.youtube.com\/channel\/UC7V2KZ5sd3htJivAbA4ZG3w"],"description":"Dicodusport est l'encyclop\u00e9die de l'actualit\u00e9 sportive.","email":"bonjour@dicodusport.fr","legalName":"DICODUSPORT","foundingDate":"2018-01-14","vatID":"FR71834470973","taxID":"83447097300043","numberOfEmployees":{"@type":"QuantitativeValue","minValue":"1","maxValue":"10"}},{"@type":"Person","@id":"https:\/\/dicodusport.fr\/blog\/#\/schema\/person\/5aab10ee856e86ac63e9819a9da34784","name":"Maxime Boulard","image":{"@type":"ImageObject","inLanguage":"fr-FR","@id":"https:\/\/dicodusport.fr\/blog\/#\/schema\/person\/image\/","url":"https:\/\/dicodusport.fr\/blog\/wp-content\/uploads\/2021\/05\/Maxime-Boulard-150x150.jpg","contentUrl":"https:\/\/dicodusport.fr\/blog\/wp-content\/uploads\/2021\/05\/Maxime-Boulard-150x150.jpg","caption":"Maxime Boulard"},"description":"Journaliste\/r\u00e9dacteur depuis octobre 2020 - Si mon plus vieux souvenir de sport aurait pu m'en d\u00e9go\u00fbter, la finale de la Coupe du monde 2006 a \u00e9t\u00e9 tout le contraire. V\u00e9ritable d\u00e9clencheur d'une passion qui aujourd'hui ne fait que grandir avec le temps, mon leitmotiv est la France qui brille ! Je relate les exploits pass\u00e9s et pr\u00e9sents du sport bleu-blanc-rouge sans m\u00e9nagement depuis octobre 2020. Sport valide ou handisport, aucune diff\u00e9rence, il n'y a que du sport et plusieurs fa\u00e7ons de le pratiquer.","sameAs":["https:\/\/www.facebook.com\/Max.Bld2\/","https:\/\/x.com\/https:\/\/twitter.com\/MaximeB_2"],"url":"https:\/\/dicodusport.fr\/blog\/author\/maxime-b\/"}]}},"_links":{"self":[{"href":"https:\/\/dicodusport.fr\/blog\/wp-json\/wp\/v2\/posts\/130966","targetHints":{"allow":["GET"]}}],"collection":[{"href":"https:\/\/dicodusport.fr\/blog\/wp-json\/wp\/v2\/posts"}],"about":[{"href":"https:\/\/dicodusport.fr\/blog\/wp-json\/wp\/v2\/types\/post"}],"author":[{"embeddable":true,"href":"https:\/\/dicodusport.fr\/blog\/wp-json\/wp\/v2\/users\/43"}],"replies":[{"embeddable":true,"href":"https:\/\/dicodusport.fr\/blog\/wp-json\/wp\/v2\/comments?post=130966"}],"version-history":[{"count":0,"href":"https:\/\/dicodusport.fr\/blog\/wp-json\/wp\/v2\/posts\/130966\/revisions"}],"wp:featuredmedia":[{"embeddable":true,"href":"https:\/\/dicodusport.fr\/blog\/wp-json\/wp\/v2\/media\/130466"}],"wp:attachment":[{"href":"https:\/\/dicodusport.fr\/blog\/wp-json\/wp\/v2\/media?parent=130966"}],"wp:term":[{"taxonomy":"category","embeddable":true,"href":"https:\/\/dicodusport.fr\/blog\/wp-json\/wp\/v2\/categories?post=130966"},{"taxonomy":"post_tag","embeddable":true,"href":"https:\/\/dicodusport.fr\/blog\/wp-json\/wp\/v2\/tags?post=130966"}],"curies":[{"name":"wp","href":"https:\/\/api.w.org\/{rel}","templated":true}]}}