{"id":131020,"date":"2021-05-20T08:00:59","date_gmt":"2021-05-20T06:00:59","guid":{"rendered":"https:\/\/dicodusport.fr\/blog\/?p=131020"},"modified":"2021-05-20T08:26:11","modified_gmt":"2021-05-20T06:26:11","slug":"20-mai-2001-premier-sacre-europeen-pour-frederique-jossinet","status":"publish","type":"post","link":"https:\/\/dicodusport.fr\/blog\/20-mai-2001-premier-sacre-europeen-pour-frederique-jossinet\/","title":{"rendered":"20 mai 2001 : Premier sacre europ\u00e9en pour Fr\u00e9d\u00e9rique Jossinet"},"content":{"rendered":"<p style=\"text-align: justify;\"><em><strong><a href=\"https:\/\/dicodusport.fr\/definition-sport\/judo\/\">JUDO<\/a> &#8211; Apr\u00e8s avoir suivi de loin les Jeux d&rsquo;Atlanta et Sydney, Fr\u00e9d\u00e9rique Jossinet conna\u00eet n\u00e9anmoins le go\u00fbt de l\u2019or europ\u00e9en. Ces deux m\u00e9dailles dor\u00e9es ont \u00e9t\u00e9 d\u00e9croch\u00e9es en 1996 et l\u2019ann\u00e9e suivante, mais en \u00e9quipe. Ne manquait plus qu\u2019un titre international individuel \u00e0 la judokate fran\u00e7aise.<\/strong><\/em><\/p>\n<h2 style=\"text-align: justify;\">\u00c7a s&rsquo;est pass\u00e9 le 20 mai 2001<\/h2>\n<p style=\"text-align: justify;\">Partie sur les chapeaux de roue dans ces Championnats d\u2019Europe, dans la cat\u00e9gorie des -48 kg, <strong>Fr\u00e9d\u00e9rique Jossinet<\/strong> a d\u2019abord \u00e9limin\u00e9 la vice-championne olympique en titre au premier tour, rien que \u00e7a. M\u00eame punition pour Anna Zemla-Krajewska avant de jouer sa place en finale contre la Belge Ann Simons \u00e0 qui elle ne laisse aucune chance non plus. Pour le sacre, le d\u00e9but de combat est ferm\u00e9. Face \u00e0 la judokate tricolore, la Roumaine Laura Moise-Moricz compte bien d\u00e9fendre son titre. Pourtant \u00e0 domicile, pouss\u00e9e par le public, c\u2019est finalement Jossinet qui impose son rythme et parvient \u00e0 faire chuter son adversaire. Apr\u00e8s beaucoup d\u2019attente, voici une premi\u00e8re m\u00e9daille d\u2019or europ\u00e9enne bien m\u00e9rit\u00e9e. Elle y ajoute deux nouveaux titres continentaux en 2002 et 2009 mais \u00e9galement deux breloques mondiales en argent (2007 et 2009).<\/p>\n<p style=\"text-align: justify;\"><strong>Info\u00a0<\/strong>: Si Fr\u00e9d\u00e9rique Jossinet a particip\u00e9 \u00e0 ses premiers Mondiaux en 1995, elle a d\u00fb attendre 2004 pour \u00eatre s\u00e9lectionn\u00e9e aux Jeux. C\u2019est lors de cette \u00e9dition qu\u2019elle d\u00e9croche l\u2019argent olympique.<\/p>\n<p style=\"text-align: justify;\">Aujourd\u2019hui, elle met ses services au sein de la F\u00e9d\u00e9ration Fran\u00e7aise\u2026 de football. Elle y est directrice du football f\u00e9minin et de la f\u00e9minisation de ce sport.<\/p>\n","protected":false},"excerpt":{"rendered":"<p>Le 20 mai 2001, Fr\u00e9d\u00e9rique Jossinet remportait, \u00e0 domicile, le premier de ses trois titres continentaux. Retour sur ce sacre \u00e0 Paris.<\/p>\n","protected":false},"author":18,"featured_media":131037,"comment_status":"open","ping_status":"closed","sticky":false,"template":"","format":"standard","meta":{"_acf_changed":false,"_daextam_enable_autolinks":"","footnotes":""},"categories":[8,8651],"tags":[4799,68,1398],"class_list":["post-131020","post","type-post","status-publish","format-standard","has-post-thumbnail","hentry","category-histoire","category-judo","tag-championnats-deurope","tag-judo","tag-sport-feminin"],"acf":[],"yoast_head":"<!-- This site is optimized with the Yoast SEO Premium plugin v26.7 (Yoast SEO v26.7) - https:\/\/yoast.com\/wordpress\/plugins\/seo\/ -->\n<title>20 mai 2001 : Premier sacre europ\u00e9en pour Fr\u00e9d\u00e9rique Jossinet<\/title>\n<meta name=\"description\" content=\"Le 20 mai 2001, Fr\u00e9d\u00e9rique Jossinet remportait, \u00e0 domicile, le premier de ses trois titres continentaux. Retour sur ce sacre \u00e0 Paris.\" \/>\n<meta name=\"robots\" content=\"index, follow, max-snippet:-1, max-image-preview:large, max-video-preview:-1\" \/>\n<link rel=\"canonical\" href=\"https:\/\/dicodusport.fr\/blog\/20-mai-2001-premier-sacre-europeen-pour-frederique-jossinet\/\" \/>\n<meta property=\"og:locale\" content=\"fr_FR\" \/>\n<meta property=\"og:type\" content=\"article\" \/>\n<meta property=\"og:title\" content=\"20 mai 2001 : Premier sacre europ\u00e9en pour Fr\u00e9d\u00e9rique Jossinet\" \/>\n<meta property=\"og:description\" content=\"Le 20 mai 2001, Fr\u00e9d\u00e9rique Jossinet remportait, \u00e0 domicile, le premier de ses trois titres continentaux. Retour sur ce sacre \u00e0 Paris.\" \/>\n<meta property=\"og:url\" content=\"https:\/\/dicodusport.fr\/blog\/20-mai-2001-premier-sacre-europeen-pour-frederique-jossinet\/\" \/>\n<meta property=\"og:site_name\" content=\"Dicodusport\" \/>\n<meta property=\"article:publisher\" content=\"https:\/\/www.facebook.com\/dicodusport\" \/>\n<meta property=\"article:author\" content=\"https:\/\/www.facebook.com\/soocube\" \/>\n<meta property=\"article:published_time\" content=\"2021-05-20T06:00:59+00:00\" \/>\n<meta property=\"article:modified_time\" content=\"2021-05-20T06:26:11+00:00\" \/>\n<meta property=\"og:image\" content=\"https:\/\/dicodusport.fr\/blog\/wp-content\/uploads\/2021\/05\/20-mai-2001-Premier-sacre-europeen-pour-Frederique-Jossinet.png\" \/>\n\t<meta property=\"og:image:width\" content=\"800\" \/>\n\t<meta property=\"og:image:height\" content=\"445\" \/>\n\t<meta property=\"og:image:type\" content=\"image\/png\" \/>\n<meta name=\"author\" content=\"Sophie Clapier\" \/>\n<meta name=\"twitter:card\" content=\"summary_large_image\" \/>\n<meta name=\"twitter:title\" content=\"20 mai 2001 : Premier sacre europ\u00e9en pour Fr\u00e9d\u00e9rique Jossinet\" \/>\n<meta name=\"twitter:creator\" content=\"@https:\/\/twitter.com\/soocube\" \/>\n<meta name=\"twitter:site\" content=\"@dicodusport\" \/>\n<script type=\"application\/ld+json\" class=\"yoast-schema-graph\">{\"@context\":\"https:\/\/schema.org\",\"@graph\":[{\"@type\":\"NewsArticle\",\"@id\":\"https:\/\/dicodusport.fr\/blog\/20-mai-2001-premier-sacre-europeen-pour-frederique-jossinet\/#article\",\"isPartOf\":{\"@id\":\"https:\/\/dicodusport.fr\/blog\/20-mai-2001-premier-sacre-europeen-pour-frederique-jossinet\/\"},\"author\":{\"name\":\"Sophie Clapier\",\"@id\":\"https:\/\/dicodusport.fr\/blog\/#\/schema\/person\/416c975648aca9da8839bdfe333a21c9\"},\"headline\":\"20 mai 2001 : Premier sacre europ\u00e9en pour Fr\u00e9d\u00e9rique Jossinet\",\"datePublished\":\"2021-05-20T06:00:59+00:00\",\"dateModified\":\"2021-05-20T06:26:11+00:00\",\"mainEntityOfPage\":{\"@id\":\"https:\/\/dicodusport.fr\/blog\/20-mai-2001-premier-sacre-europeen-pour-frederique-jossinet\/\"},\"wordCount\":291,\"commentCount\":0,\"publisher\":{\"@id\":\"https:\/\/dicodusport.fr\/blog\/#organization\"},\"image\":{\"@id\":\"https:\/\/dicodusport.fr\/blog\/20-mai-2001-premier-sacre-europeen-pour-frederique-jossinet\/#primaryimage\"},\"thumbnailUrl\":\"https:\/\/dicodusport.fr\/blog\/wp-content\/uploads\/2021\/05\/20-mai-2001-Premier-sacre-europeen-pour-Frederique-Jossinet.png\",\"keywords\":[\"Championnats d'Europe\",\"Judo\",\"sport f\u00e9minin\"],\"articleSection\":[\"Histoire\",\"Judo\"],\"inLanguage\":\"fr-FR\",\"potentialAction\":[{\"@type\":\"CommentAction\",\"name\":\"Comment\",\"target\":[\"https:\/\/dicodusport.fr\/blog\/20-mai-2001-premier-sacre-europeen-pour-frederique-jossinet\/#respond\"]}],\"copyrightYear\":\"2021\",\"copyrightHolder\":{\"@id\":\"https:\/\/dicodusport.fr\/blog\/#organization\"}},{\"@type\":\"WebPage\",\"@id\":\"https:\/\/dicodusport.fr\/blog\/20-mai-2001-premier-sacre-europeen-pour-frederique-jossinet\/\",\"url\":\"https:\/\/dicodusport.fr\/blog\/20-mai-2001-premier-sacre-europeen-pour-frederique-jossinet\/\",\"name\":\"20 mai 2001 : Premier sacre europ\u00e9en pour Fr\u00e9d\u00e9rique Jossinet\",\"isPartOf\":{\"@id\":\"https:\/\/dicodusport.fr\/blog\/#website\"},\"primaryImageOfPage\":{\"@id\":\"https:\/\/dicodusport.fr\/blog\/20-mai-2001-premier-sacre-europeen-pour-frederique-jossinet\/#primaryimage\"},\"image\":{\"@id\":\"https:\/\/dicodusport.fr\/blog\/20-mai-2001-premier-sacre-europeen-pour-frederique-jossinet\/#primaryimage\"},\"thumbnailUrl\":\"https:\/\/dicodusport.fr\/blog\/wp-content\/uploads\/2021\/05\/20-mai-2001-Premier-sacre-europeen-pour-Frederique-Jossinet.png\",\"datePublished\":\"2021-05-20T06:00:59+00:00\",\"dateModified\":\"2021-05-20T06:26:11+00:00\",\"description\":\"Le 20 mai 2001, Fr\u00e9d\u00e9rique Jossinet remportait, \u00e0 domicile, le premier de ses trois titres continentaux. Retour sur ce sacre \u00e0 Paris.\",\"breadcrumb\":{\"@id\":\"https:\/\/dicodusport.fr\/blog\/20-mai-2001-premier-sacre-europeen-pour-frederique-jossinet\/#breadcrumb\"},\"inLanguage\":\"fr-FR\",\"potentialAction\":[{\"@type\":\"ReadAction\",\"target\":[\"https:\/\/dicodusport.fr\/blog\/20-mai-2001-premier-sacre-europeen-pour-frederique-jossinet\/\"]}]},{\"@type\":\"ImageObject\",\"inLanguage\":\"fr-FR\",\"@id\":\"https:\/\/dicodusport.fr\/blog\/20-mai-2001-premier-sacre-europeen-pour-frederique-jossinet\/#primaryimage\",\"url\":\"https:\/\/dicodusport.fr\/blog\/wp-content\/uploads\/2021\/05\/20-mai-2001-Premier-sacre-europeen-pour-Frederique-Jossinet.png\",\"contentUrl\":\"https:\/\/dicodusport.fr\/blog\/wp-content\/uploads\/2021\/05\/20-mai-2001-Premier-sacre-europeen-pour-Frederique-Jossinet.png\",\"width\":800,\"height\":445,\"caption\":\"20 mai 2001 - Premier sacre europ\u00e9en pour Fr\u00e9d\u00e9rique Jossinet\"},{\"@type\":\"BreadcrumbList\",\"@id\":\"https:\/\/dicodusport.fr\/blog\/20-mai-2001-premier-sacre-europeen-pour-frederique-jossinet\/#breadcrumb\",\"itemListElement\":[{\"@type\":\"ListItem\",\"position\":1,\"name\":\"Accueil\",\"item\":\"https:\/\/dicodusport.fr\/blog\/\"},{\"@type\":\"ListItem\",\"position\":2,\"name\":\"20 mai 2001 : Premier sacre europ\u00e9en pour Fr\u00e9d\u00e9rique Jossinet\"}]},{\"@type\":\"WebSite\",\"@id\":\"https:\/\/dicodusport.fr\/blog\/#website\",\"url\":\"https:\/\/dicodusport.fr\/blog\/\",\"name\":\"Dicodusport\",\"description\":\"L&#039;encyclop\u00e9die de l&#039;actualit\u00e9 sportive\",\"publisher\":{\"@id\":\"https:\/\/dicodusport.fr\/blog\/#organization\"},\"potentialAction\":[{\"@type\":\"SearchAction\",\"target\":{\"@type\":\"EntryPoint\",\"urlTemplate\":\"https:\/\/dicodusport.fr\/blog\/?s={search_term_string}\"},\"query-input\":{\"@type\":\"PropertyValueSpecification\",\"valueRequired\":true,\"valueName\":\"search_term_string\"}}],\"inLanguage\":\"fr-FR\"},{\"@type\":\"NewsMediaOrganization\",\"@id\":\"https:\/\/dicodusport.fr\/blog\/#organization\",\"name\":\"Dicodusport\",\"url\":\"https:\/\/dicodusport.fr\/blog\/\",\"logo\":{\"@type\":\"ImageObject\",\"inLanguage\":\"fr-FR\",\"@id\":\"https:\/\/dicodusport.fr\/blog\/#\/schema\/logo\/image\/\",\"url\":\"https:\/\/dicodusport.fr\/blog\/wp-content\/uploads\/2020\/06\/cropped-LOGO-DICODUSPORT-2020-SANS-FOND-SANS-TEXTE.png\",\"contentUrl\":\"https:\/\/dicodusport.fr\/blog\/wp-content\/uploads\/2020\/06\/cropped-LOGO-DICODUSPORT-2020-SANS-FOND-SANS-TEXTE.png\",\"width\":512,\"height\":512,\"caption\":\"Dicodusport\"},\"image\":{\"@id\":\"https:\/\/dicodusport.fr\/blog\/#\/schema\/logo\/image\/\"},\"sameAs\":[\"https:\/\/www.facebook.com\/dicodusport\",\"https:\/\/x.com\/dicodusport\",\"https:\/\/www.instagram.com\/dicodusport\/\",\"https:\/\/www.youtube.com\/channel\/UC7V2KZ5sd3htJivAbA4ZG3w\"],\"description\":\"Dicodusport est l'encyclop\u00e9die de l'actualit\u00e9 sportive.\",\"email\":\"bonjour@dicodusport.fr\",\"legalName\":\"DICODUSPORT\",\"foundingDate\":\"2018-01-14\",\"vatID\":\"FR71834470973\",\"taxID\":\"83447097300043\",\"numberOfEmployees\":{\"@type\":\"QuantitativeValue\",\"minValue\":\"1\",\"maxValue\":\"10\"}},{\"@type\":\"Person\",\"@id\":\"https:\/\/dicodusport.fr\/blog\/#\/schema\/person\/416c975648aca9da8839bdfe333a21c9\",\"name\":\"Sophie Clapier\",\"image\":{\"@type\":\"ImageObject\",\"inLanguage\":\"fr-FR\",\"@id\":\"https:\/\/dicodusport.fr\/blog\/#\/schema\/person\/image\/\",\"url\":\"https:\/\/dicodusport.fr\/blog\/wp-content\/uploads\/2021\/05\/Sophie-Clapier-150x150.jpg\",\"contentUrl\":\"https:\/\/dicodusport.fr\/blog\/wp-content\/uploads\/2021\/05\/Sophie-Clapier-150x150.jpg\",\"caption\":\"Sophie Clapier\"},\"description\":\"Journaliste\/r\u00e9dactrice depuis janvier 2016 - Passionn\u00e9e de sport depuis toujours, j\u2019en ai pratiqu\u00e9 quelques-uns. Judo, football, handball ou encore tennis, je n\u2019ai jamais pu me mettre d\u2019accord sur un en particulier. Mais \u00e7a, c\u2019\u00e9tait avant de d\u00e9couvrir le basket, devenu mon sport de pr\u00e9dilection. Les actions NBA, le All-Star Week-end, la fureur des Game 7 pendant les playoffs ou mieux, lors des Finals, this is why we play. Team Spurs T.P, je m\u2019accroche encore \u00e0 Gregg Popovich (don\u2019t leave !). Team chef Curry, je souhaite qu\u2019il finisse aux Warriors (staaaay !). Non, il n\u2019y a pas qu\u2019eux, des petits nouveaux -et des petites nouvelles \u00e9videmment- arrivent chaque jour dans toutes les disciplines et cr\u00e9ent de nouveaux exploits. Alors pour les grands \u00e9v\u00e9nements et comp\u00e9titions internationales, vive les pulsations 240\/minutes et le d\u00e9fibrillateur pas loin, et allez les Bleu(e)s ! C\u2019est s\u00fbr, j\u2019aurai plus vu ma vie sur un terrain de sport, mais \u00e0 d\u00e9faut d\u2019en faire en haut niveau, je le partage avec vous.\",\"sameAs\":[\"https:\/\/www.facebook.com\/soocube\",\"https:\/\/x.com\/https:\/\/twitter.com\/soocube\",\"admin\"],\"url\":\"https:\/\/dicodusport.fr\/blog\/author\/sophie\/\"}]}<\/script>\n<!-- \/ Yoast SEO Premium plugin. -->","yoast_head_json":{"title":"20 mai 2001 : Premier sacre europ\u00e9en pour Fr\u00e9d\u00e9rique Jossinet","description":"Le 20 mai 2001, Fr\u00e9d\u00e9rique Jossinet remportait, \u00e0 domicile, le premier de ses trois titres continentaux. Retour sur ce sacre \u00e0 Paris.","robots":{"index":"index","follow":"follow","max-snippet":"max-snippet:-1","max-image-preview":"max-image-preview:large","max-video-preview":"max-video-preview:-1"},"canonical":"https:\/\/dicodusport.fr\/blog\/20-mai-2001-premier-sacre-europeen-pour-frederique-jossinet\/","og_locale":"fr_FR","og_type":"article","og_title":"20 mai 2001 : Premier sacre europ\u00e9en pour Fr\u00e9d\u00e9rique Jossinet","og_description":"Le 20 mai 2001, Fr\u00e9d\u00e9rique Jossinet remportait, \u00e0 domicile, le premier de ses trois titres continentaux. Retour sur ce sacre \u00e0 Paris.","og_url":"https:\/\/dicodusport.fr\/blog\/20-mai-2001-premier-sacre-europeen-pour-frederique-jossinet\/","og_site_name":"Dicodusport","article_publisher":"https:\/\/www.facebook.com\/dicodusport","article_author":"https:\/\/www.facebook.com\/soocube","article_published_time":"2021-05-20T06:00:59+00:00","article_modified_time":"2021-05-20T06:26:11+00:00","og_image":[{"width":800,"height":445,"url":"https:\/\/dicodusport.fr\/blog\/wp-content\/uploads\/2021\/05\/20-mai-2001-Premier-sacre-europeen-pour-Frederique-Jossinet.png","type":"image\/png"}],"author":"Sophie Clapier","twitter_card":"summary_large_image","twitter_title":"20 mai 2001 : Premier sacre europ\u00e9en pour Fr\u00e9d\u00e9rique Jossinet","twitter_creator":"@https:\/\/twitter.com\/soocube","twitter_site":"@dicodusport","schema":{"@context":"https:\/\/schema.org","@graph":[{"@type":"NewsArticle","@id":"https:\/\/dicodusport.fr\/blog\/20-mai-2001-premier-sacre-europeen-pour-frederique-jossinet\/#article","isPartOf":{"@id":"https:\/\/dicodusport.fr\/blog\/20-mai-2001-premier-sacre-europeen-pour-frederique-jossinet\/"},"author":{"name":"Sophie Clapier","@id":"https:\/\/dicodusport.fr\/blog\/#\/schema\/person\/416c975648aca9da8839bdfe333a21c9"},"headline":"20 mai 2001 : Premier sacre europ\u00e9en pour Fr\u00e9d\u00e9rique Jossinet","datePublished":"2021-05-20T06:00:59+00:00","dateModified":"2021-05-20T06:26:11+00:00","mainEntityOfPage":{"@id":"https:\/\/dicodusport.fr\/blog\/20-mai-2001-premier-sacre-europeen-pour-frederique-jossinet\/"},"wordCount":291,"commentCount":0,"publisher":{"@id":"https:\/\/dicodusport.fr\/blog\/#organization"},"image":{"@id":"https:\/\/dicodusport.fr\/blog\/20-mai-2001-premier-sacre-europeen-pour-frederique-jossinet\/#primaryimage"},"thumbnailUrl":"https:\/\/dicodusport.fr\/blog\/wp-content\/uploads\/2021\/05\/20-mai-2001-Premier-sacre-europeen-pour-Frederique-Jossinet.png","keywords":["Championnats d'Europe","Judo","sport f\u00e9minin"],"articleSection":["Histoire","Judo"],"inLanguage":"fr-FR","potentialAction":[{"@type":"CommentAction","name":"Comment","target":["https:\/\/dicodusport.fr\/blog\/20-mai-2001-premier-sacre-europeen-pour-frederique-jossinet\/#respond"]}],"copyrightYear":"2021","copyrightHolder":{"@id":"https:\/\/dicodusport.fr\/blog\/#organization"}},{"@type":"WebPage","@id":"https:\/\/dicodusport.fr\/blog\/20-mai-2001-premier-sacre-europeen-pour-frederique-jossinet\/","url":"https:\/\/dicodusport.fr\/blog\/20-mai-2001-premier-sacre-europeen-pour-frederique-jossinet\/","name":"20 mai 2001 : Premier sacre europ\u00e9en pour Fr\u00e9d\u00e9rique Jossinet","isPartOf":{"@id":"https:\/\/dicodusport.fr\/blog\/#website"},"primaryImageOfPage":{"@id":"https:\/\/dicodusport.fr\/blog\/20-mai-2001-premier-sacre-europeen-pour-frederique-jossinet\/#primaryimage"},"image":{"@id":"https:\/\/dicodusport.fr\/blog\/20-mai-2001-premier-sacre-europeen-pour-frederique-jossinet\/#primaryimage"},"thumbnailUrl":"https:\/\/dicodusport.fr\/blog\/wp-content\/uploads\/2021\/05\/20-mai-2001-Premier-sacre-europeen-pour-Frederique-Jossinet.png","datePublished":"2021-05-20T06:00:59+00:00","dateModified":"2021-05-20T06:26:11+00:00","description":"Le 20 mai 2001, Fr\u00e9d\u00e9rique Jossinet remportait, \u00e0 domicile, le premier de ses trois titres continentaux. Retour sur ce sacre \u00e0 Paris.","breadcrumb":{"@id":"https:\/\/dicodusport.fr\/blog\/20-mai-2001-premier-sacre-europeen-pour-frederique-jossinet\/#breadcrumb"},"inLanguage":"fr-FR","potentialAction":[{"@type":"ReadAction","target":["https:\/\/dicodusport.fr\/blog\/20-mai-2001-premier-sacre-europeen-pour-frederique-jossinet\/"]}]},{"@type":"ImageObject","inLanguage":"fr-FR","@id":"https:\/\/dicodusport.fr\/blog\/20-mai-2001-premier-sacre-europeen-pour-frederique-jossinet\/#primaryimage","url":"https:\/\/dicodusport.fr\/blog\/wp-content\/uploads\/2021\/05\/20-mai-2001-Premier-sacre-europeen-pour-Frederique-Jossinet.png","contentUrl":"https:\/\/dicodusport.fr\/blog\/wp-content\/uploads\/2021\/05\/20-mai-2001-Premier-sacre-europeen-pour-Frederique-Jossinet.png","width":800,"height":445,"caption":"20 mai 2001 - Premier sacre europ\u00e9en pour Fr\u00e9d\u00e9rique Jossinet"},{"@type":"BreadcrumbList","@id":"https:\/\/dicodusport.fr\/blog\/20-mai-2001-premier-sacre-europeen-pour-frederique-jossinet\/#breadcrumb","itemListElement":[{"@type":"ListItem","position":1,"name":"Accueil","item":"https:\/\/dicodusport.fr\/blog\/"},{"@type":"ListItem","position":2,"name":"20 mai 2001 : Premier sacre europ\u00e9en pour Fr\u00e9d\u00e9rique Jossinet"}]},{"@type":"WebSite","@id":"https:\/\/dicodusport.fr\/blog\/#website","url":"https:\/\/dicodusport.fr\/blog\/","name":"Dicodusport","description":"L&#039;encyclop\u00e9die de l&#039;actualit\u00e9 sportive","publisher":{"@id":"https:\/\/dicodusport.fr\/blog\/#organization"},"potentialAction":[{"@type":"SearchAction","target":{"@type":"EntryPoint","urlTemplate":"https:\/\/dicodusport.fr\/blog\/?s={search_term_string}"},"query-input":{"@type":"PropertyValueSpecification","valueRequired":true,"valueName":"search_term_string"}}],"inLanguage":"fr-FR"},{"@type":"NewsMediaOrganization","@id":"https:\/\/dicodusport.fr\/blog\/#organization","name":"Dicodusport","url":"https:\/\/dicodusport.fr\/blog\/","logo":{"@type":"ImageObject","inLanguage":"fr-FR","@id":"https:\/\/dicodusport.fr\/blog\/#\/schema\/logo\/image\/","url":"https:\/\/dicodusport.fr\/blog\/wp-content\/uploads\/2020\/06\/cropped-LOGO-DICODUSPORT-2020-SANS-FOND-SANS-TEXTE.png","contentUrl":"https:\/\/dicodusport.fr\/blog\/wp-content\/uploads\/2020\/06\/cropped-LOGO-DICODUSPORT-2020-SANS-FOND-SANS-TEXTE.png","width":512,"height":512,"caption":"Dicodusport"},"image":{"@id":"https:\/\/dicodusport.fr\/blog\/#\/schema\/logo\/image\/"},"sameAs":["https:\/\/www.facebook.com\/dicodusport","https:\/\/x.com\/dicodusport","https:\/\/www.instagram.com\/dicodusport\/","https:\/\/www.youtube.com\/channel\/UC7V2KZ5sd3htJivAbA4ZG3w"],"description":"Dicodusport est l'encyclop\u00e9die de l'actualit\u00e9 sportive.","email":"bonjour@dicodusport.fr","legalName":"DICODUSPORT","foundingDate":"2018-01-14","vatID":"FR71834470973","taxID":"83447097300043","numberOfEmployees":{"@type":"QuantitativeValue","minValue":"1","maxValue":"10"}},{"@type":"Person","@id":"https:\/\/dicodusport.fr\/blog\/#\/schema\/person\/416c975648aca9da8839bdfe333a21c9","name":"Sophie Clapier","image":{"@type":"ImageObject","inLanguage":"fr-FR","@id":"https:\/\/dicodusport.fr\/blog\/#\/schema\/person\/image\/","url":"https:\/\/dicodusport.fr\/blog\/wp-content\/uploads\/2021\/05\/Sophie-Clapier-150x150.jpg","contentUrl":"https:\/\/dicodusport.fr\/blog\/wp-content\/uploads\/2021\/05\/Sophie-Clapier-150x150.jpg","caption":"Sophie Clapier"},"description":"Journaliste\/r\u00e9dactrice depuis janvier 2016 - Passionn\u00e9e de sport depuis toujours, j\u2019en ai pratiqu\u00e9 quelques-uns. Judo, football, handball ou encore tennis, je n\u2019ai jamais pu me mettre d\u2019accord sur un en particulier. Mais \u00e7a, c\u2019\u00e9tait avant de d\u00e9couvrir le basket, devenu mon sport de pr\u00e9dilection. Les actions NBA, le All-Star Week-end, la fureur des Game 7 pendant les playoffs ou mieux, lors des Finals, this is why we play. Team Spurs T.P, je m\u2019accroche encore \u00e0 Gregg Popovich (don\u2019t leave !). Team chef Curry, je souhaite qu\u2019il finisse aux Warriors (staaaay !). Non, il n\u2019y a pas qu\u2019eux, des petits nouveaux -et des petites nouvelles \u00e9videmment- arrivent chaque jour dans toutes les disciplines et cr\u00e9ent de nouveaux exploits. Alors pour les grands \u00e9v\u00e9nements et comp\u00e9titions internationales, vive les pulsations 240\/minutes et le d\u00e9fibrillateur pas loin, et allez les Bleu(e)s ! C\u2019est s\u00fbr, j\u2019aurai plus vu ma vie sur un terrain de sport, mais \u00e0 d\u00e9faut d\u2019en faire en haut niveau, je le partage avec vous.","sameAs":["https:\/\/www.facebook.com\/soocube","https:\/\/x.com\/https:\/\/twitter.com\/soocube","admin"],"url":"https:\/\/dicodusport.fr\/blog\/author\/sophie\/"}]}},"_links":{"self":[{"href":"https:\/\/dicodusport.fr\/blog\/wp-json\/wp\/v2\/posts\/131020","targetHints":{"allow":["GET"]}}],"collection":[{"href":"https:\/\/dicodusport.fr\/blog\/wp-json\/wp\/v2\/posts"}],"about":[{"href":"https:\/\/dicodusport.fr\/blog\/wp-json\/wp\/v2\/types\/post"}],"author":[{"embeddable":true,"href":"https:\/\/dicodusport.fr\/blog\/wp-json\/wp\/v2\/users\/18"}],"replies":[{"embeddable":true,"href":"https:\/\/dicodusport.fr\/blog\/wp-json\/wp\/v2\/comments?post=131020"}],"version-history":[{"count":0,"href":"https:\/\/dicodusport.fr\/blog\/wp-json\/wp\/v2\/posts\/131020\/revisions"}],"wp:featuredmedia":[{"embeddable":true,"href":"https:\/\/dicodusport.fr\/blog\/wp-json\/wp\/v2\/media\/131037"}],"wp:attachment":[{"href":"https:\/\/dicodusport.fr\/blog\/wp-json\/wp\/v2\/media?parent=131020"}],"wp:term":[{"taxonomy":"category","embeddable":true,"href":"https:\/\/dicodusport.fr\/blog\/wp-json\/wp\/v2\/categories?post=131020"},{"taxonomy":"post_tag","embeddable":true,"href":"https:\/\/dicodusport.fr\/blog\/wp-json\/wp\/v2\/tags?post=131020"}],"curies":[{"name":"wp","href":"https:\/\/api.w.org\/{rel}","templated":true}]}}