{"id":131084,"date":"2021-05-20T16:24:47","date_gmt":"2021-05-20T14:24:47","guid":{"rendered":"https:\/\/dicodusport.fr\/blog\/?p=131084&#038;preview=true&#038;preview_id=131084"},"modified":"2021-05-22T17:47:16","modified_gmt":"2021-05-22T15:47:16","slug":"f1-grand-prix-de-monaco-2021-horaires-et-programme-tv-complet","status":"publish","type":"post","link":"https:\/\/dicodusport.fr\/blog\/f1-grand-prix-de-monaco-2021-horaires-et-programme-tv-complet\/","title":{"rendered":"F1 &#8211; Grand Prix de Monaco 2021 : horaires et programme TV complet"},"content":{"rendered":"<p style=\"text-align: justify;\"><b><i><a href=\"https:\/\/dicodusport.fr\/blog\/actualites\/sports-mecaniques\/formule-1\/f1-2021\/\" target=\"_blank\" rel=\"noopener\">F1 2021<\/a> &#8211; D\u00e9couvrez les horaires et le programme TV complet du Grand Prix de Monaco 2021 \u00e0 Monte-Carlo, qui se dispute ce dimanche 23 mai.<\/i><\/b><\/p>\n<p style=\"text-align: justify;\">Depuis le GP du Portugal, Mercedes a pris l&rsquo;avantage sur Red Bull, et <strong>Max Verstappen<\/strong>. Victorieux \u00e0 Portimao et \u00e0 Barcelone, <strong>Lewis Hamilton<\/strong> a sans doute pris un ascendant psychologique sur le N\u00e9erlandais. Le <strong>Grand Prix de Monaco<\/strong> va-t-il rebattre les cartes ?<\/p>\n<h2 style=\"text-align: justify;\"><strong>Ce qu&rsquo;il faut savoir sur le Grand Prix de Monaco<\/strong><\/h2>\n<p style=\"text-align: justify;\">78 tours, 3,337 km de long, 260.286 km au total, voil\u00e0 les chiffres \u00e0 retenir du Grand Prix de Monaco 2021. Le record du circuit est d\u00e9tenu par un certain Lewis Hamilton qui, en 2019, avait \u00e9table le chrono de 1:10.166.<\/p>\n<h2 style=\"text-align: justify;\">Horaires et programme TV du Grand Prix de Monaco 2021<\/h2>\n<h3>Jeudi 20 mai 2021<\/h3>\n<p><strong>11h30 &#8211; 12h30 :<\/strong> Essais libres 1 (Canal + Sport) &#8211; <strong><a href=\"https:\/\/dicodusport.fr\/blog\/f1-grand-prix-de-monaco-classement-essais-libres-1\/\">Classement<\/a> &#8211; <a href=\"https:\/\/dicodusport.fr\/blog\/grand-prix-de-monaco-perez-sainz-et-verstappen-dominent-essais-libres-1\/\">Ce qu&rsquo;il faut retenir<\/a><\/strong><br \/>\n<strong>15h00 &#8211; 16h00 :<\/strong> Essais libres 2 (Canal + Sport) &#8211; <strong><a href=\"https:\/\/dicodusport.fr\/blog\/f1-grand-prix-de-monaco-classement-essais-libres-2\/\">Classement<\/a> &#8211; <a href=\"https:\/\/dicodusport.fr\/blog\/grand-prix-de-monaco-charles-leclerc-meilleur-temps-des-essais-libres-2\/\">Ce qu&rsquo;il faut retenir<\/a><\/strong><\/p>\n<h3 style=\"text-align: justify;\">Samedi 22 mai 2021<\/h3>\n<p style=\"text-align: justify;\"><strong>12h00 &#8211; 13h00 :<\/strong> Essais libres 3 (Canal + Sport) &#8211; <strong><a href=\"https:\/\/dicodusport.fr\/blog\/f1-grand-prix-de-monaco-classement-essais-libres-3\/\">Classement<\/a> &#8211; <a href=\"https:\/\/dicodusport.fr\/blog\/grand-prix-de-monaco-max-verstappen-le-plus-rapide-des-el3\/\">Ce qu&rsquo;il faut retenir<\/a><\/strong><br \/>\n<strong>15h00 &#8211; 16h00 :<\/strong> Qualifications (Canal +) &#8211; <strong><a href=\"https:\/\/dicodusport.fr\/blog\/f1-grand-prix-de-monaco-2021-grille-de-depart\/\">La grille de d\u00e9part<\/a> &#8211; <a href=\"https:\/\/dicodusport.fr\/blog\/grand-prix-de-monaco-pole-position-pour-charles-leclerc-a-domicile\/\">Ce qu&rsquo;il faut retenir<\/a><\/strong><\/p>\n<h3 style=\"text-align: justify;\">Dimanche 23 mai 2021<\/h3>\n<p style=\"text-align: justify;\"><strong>14h00 :<\/strong> La Grille (Canal +)<br \/>\n<strong>15h00 :<\/strong> La course (Canal +)<br \/>\n<strong>16h55 :<\/strong> Formula One, le d\u00e9brief (Canal +)<\/p>\n<hr \/>\n<h2 style=\"text-align: justify;\">\u00c0 lire aussi<\/h2>\n<ul>\n<li style=\"text-align: justify;\"><a href=\"https:\/\/dicodusport.fr\/blog\/formule-1-le-classement-du-championnat-du-monde-des-pilotes-2021\/\" target=\"_blank\" rel=\"noopener\"><strong>Le classement du championnat du monde des pilotes 2021<\/strong><\/a><\/li>\n<li><a href=\"https:\/\/dicodusport.fr\/blog\/formule-1-le-classement-du-championnat-du-monde-des-constructeurs-2021\/\" target=\"_blank\" rel=\"noopener\"><strong>Le classement des championnat du monde des constructeurs 2021<\/strong><\/a><\/li>\n<li><a href=\"https:\/\/dicodusport.fr\/blog\/f1-championnat-du-monde-2021-calendrier-complet\/\" target=\"_blank\" rel=\"noopener\"><strong>F1 &#8211; Championnat du monde 2021 : le calendrier complet<\/strong><\/a><\/li>\n<li><a href=\"https:\/\/dicodusport.fr\/blog\/f1-salaires-des-pilotes-en-2021\/\" target=\"_blank\" rel=\"noopener\"><strong>F1 : les salaires des pilotes en 2021<\/strong><\/a><\/li>\n<\/ul>\n","protected":false},"excerpt":{"rendered":"<p>F1 2021 &#8211; D\u00e9couvrez les horaires et le programme TV complet du Grand Prix de Monaco 2021 \u00e0 Monte-Carlo, qui se dispute ce dimanche 23 mai.<\/p>\n","protected":false},"author":4,"featured_media":131091,"comment_status":"open","ping_status":"closed","sticky":false,"template":"","format":"standard","meta":{"_acf_changed":false,"_daextam_enable_autolinks":"","footnotes":""},"categories":[8653],"tags":[2065,7951,16784],"class_list":["post-131084","post","type-post","status-publish","format-standard","has-post-thumbnail","hentry","category-formule-1","tag-formule-1","tag-grand-prix-de-monaco","tag-grand-prix-de-monaco-f1"],"acf":[],"yoast_head":"<!-- This site is optimized with the Yoast SEO Premium plugin v26.7 (Yoast SEO v26.7) - https:\/\/yoast.com\/wordpress\/plugins\/seo\/ -->\n<title>F1 - Grand Prix de Monaco 2021 : horaires et programme TV complet<\/title>\n<meta name=\"description\" content=\"F1 2021 - D\u00e9couvrez les horaires et le programme TV complet du Grand Prix de Monaco 2021 \u00e0 Monte-Carlo, qui se dispute ce dimanche 23 mai.\" \/>\n<meta name=\"robots\" content=\"index, follow, max-snippet:-1, max-image-preview:large, max-video-preview:-1\" \/>\n<link rel=\"canonical\" href=\"https:\/\/dicodusport.fr\/blog\/f1-grand-prix-de-monaco-2021-horaires-et-programme-tv-complet\/\" \/>\n<meta property=\"og:locale\" content=\"fr_FR\" \/>\n<meta property=\"og:type\" content=\"article\" \/>\n<meta property=\"og:title\" content=\"F1 - Grand Prix de Monaco 2021 : horaires et programme TV complet\" \/>\n<meta property=\"og:description\" content=\"F1 2021 - D\u00e9couvrez les horaires et le programme TV complet du Grand Prix de Monaco 2021 \u00e0 Monte-Carlo, qui se dispute ce dimanche 23 mai.\" \/>\n<meta property=\"og:url\" content=\"https:\/\/dicodusport.fr\/blog\/f1-grand-prix-de-monaco-2021-horaires-et-programme-tv-complet\/\" \/>\n<meta property=\"og:site_name\" content=\"Dicodusport\" \/>\n<meta property=\"article:publisher\" content=\"https:\/\/www.facebook.com\/dicodusport\" \/>\n<meta property=\"article:author\" content=\"https:\/\/www.facebook.com\/florent.ostermann\" \/>\n<meta property=\"article:published_time\" content=\"2021-05-20T14:24:47+00:00\" \/>\n<meta property=\"article:modified_time\" content=\"2021-05-22T15:47:16+00:00\" \/>\n<meta property=\"og:image\" content=\"https:\/\/dicodusport.fr\/blog\/wp-content\/uploads\/2021\/05\/F1-Grand-Prix-de-Monaco-2021-Horaires-et-programme-TV-complet.png\" \/>\n\t<meta property=\"og:image:width\" content=\"800\" \/>\n\t<meta property=\"og:image:height\" content=\"445\" \/>\n\t<meta property=\"og:image:type\" content=\"image\/png\" \/>\n<meta name=\"author\" content=\"Flo Ostermann\" \/>\n<meta name=\"twitter:card\" content=\"summary_large_image\" \/>\n<meta name=\"twitter:title\" content=\"F1 - Grand Prix de Monaco 2021 : horaires et programme TV complet\" \/>\n<meta name=\"twitter:creator\" content=\"@https:\/\/twitter.com\/FlOstermann\" \/>\n<meta name=\"twitter:site\" content=\"@dicodusport\" \/>\n<script type=\"application\/ld+json\" class=\"yoast-schema-graph\">{\"@context\":\"https:\/\/schema.org\",\"@graph\":[{\"@type\":\"NewsArticle\",\"@id\":\"https:\/\/dicodusport.fr\/blog\/f1-grand-prix-de-monaco-2021-horaires-et-programme-tv-complet\/#article\",\"isPartOf\":{\"@id\":\"https:\/\/dicodusport.fr\/blog\/f1-grand-prix-de-monaco-2021-horaires-et-programme-tv-complet\/\"},\"author\":{\"name\":\"Flo Ostermann\",\"@id\":\"https:\/\/dicodusport.fr\/blog\/#\/schema\/person\/cb02af4c173ce4a653b55e9baf388d4a\"},\"headline\":\"F1 &#8211; Grand Prix de Monaco 2021 : horaires et programme TV complet\",\"datePublished\":\"2021-05-20T14:24:47+00:00\",\"dateModified\":\"2021-05-22T15:47:16+00:00\",\"mainEntityOfPage\":{\"@id\":\"https:\/\/dicodusport.fr\/blog\/f1-grand-prix-de-monaco-2021-horaires-et-programme-tv-complet\/\"},\"wordCount\":246,\"commentCount\":0,\"publisher\":{\"@id\":\"https:\/\/dicodusport.fr\/blog\/#organization\"},\"image\":{\"@id\":\"https:\/\/dicodusport.fr\/blog\/f1-grand-prix-de-monaco-2021-horaires-et-programme-tv-complet\/#primaryimage\"},\"thumbnailUrl\":\"https:\/\/dicodusport.fr\/blog\/wp-content\/uploads\/2021\/05\/F1-Grand-Prix-de-Monaco-2021-Horaires-et-programme-TV-complet.png\",\"keywords\":[\"Formule 1\",\"Grand Prix de Monaco\",\"Grand Prix de Monaco F1\"],\"articleSection\":[\"Formule 1\"],\"inLanguage\":\"fr-FR\",\"potentialAction\":[{\"@type\":\"CommentAction\",\"name\":\"Comment\",\"target\":[\"https:\/\/dicodusport.fr\/blog\/f1-grand-prix-de-monaco-2021-horaires-et-programme-tv-complet\/#respond\"]}],\"copyrightYear\":\"2021\",\"copyrightHolder\":{\"@id\":\"https:\/\/dicodusport.fr\/blog\/#organization\"}},{\"@type\":\"WebPage\",\"@id\":\"https:\/\/dicodusport.fr\/blog\/f1-grand-prix-de-monaco-2021-horaires-et-programme-tv-complet\/\",\"url\":\"https:\/\/dicodusport.fr\/blog\/f1-grand-prix-de-monaco-2021-horaires-et-programme-tv-complet\/\",\"name\":\"F1 - Grand Prix de Monaco 2021 : horaires et programme TV complet\",\"isPartOf\":{\"@id\":\"https:\/\/dicodusport.fr\/blog\/#website\"},\"primaryImageOfPage\":{\"@id\":\"https:\/\/dicodusport.fr\/blog\/f1-grand-prix-de-monaco-2021-horaires-et-programme-tv-complet\/#primaryimage\"},\"image\":{\"@id\":\"https:\/\/dicodusport.fr\/blog\/f1-grand-prix-de-monaco-2021-horaires-et-programme-tv-complet\/#primaryimage\"},\"thumbnailUrl\":\"https:\/\/dicodusport.fr\/blog\/wp-content\/uploads\/2021\/05\/F1-Grand-Prix-de-Monaco-2021-Horaires-et-programme-TV-complet.png\",\"datePublished\":\"2021-05-20T14:24:47+00:00\",\"dateModified\":\"2021-05-22T15:47:16+00:00\",\"description\":\"F1 2021 - D\u00e9couvrez les horaires et le programme TV complet du Grand Prix de Monaco 2021 \u00e0 Monte-Carlo, qui se dispute ce dimanche 23 mai.\",\"breadcrumb\":{\"@id\":\"https:\/\/dicodusport.fr\/blog\/f1-grand-prix-de-monaco-2021-horaires-et-programme-tv-complet\/#breadcrumb\"},\"inLanguage\":\"fr-FR\",\"potentialAction\":[{\"@type\":\"ReadAction\",\"target\":[\"https:\/\/dicodusport.fr\/blog\/f1-grand-prix-de-monaco-2021-horaires-et-programme-tv-complet\/\"]}]},{\"@type\":\"ImageObject\",\"inLanguage\":\"fr-FR\",\"@id\":\"https:\/\/dicodusport.fr\/blog\/f1-grand-prix-de-monaco-2021-horaires-et-programme-tv-complet\/#primaryimage\",\"url\":\"https:\/\/dicodusport.fr\/blog\/wp-content\/uploads\/2021\/05\/F1-Grand-Prix-de-Monaco-2021-Horaires-et-programme-TV-complet.png\",\"contentUrl\":\"https:\/\/dicodusport.fr\/blog\/wp-content\/uploads\/2021\/05\/F1-Grand-Prix-de-Monaco-2021-Horaires-et-programme-TV-complet.png\",\"width\":800,\"height\":445,\"caption\":\"F1 - Grand Prix de Monaco 2021 : horaires et programme TV complet\"},{\"@type\":\"BreadcrumbList\",\"@id\":\"https:\/\/dicodusport.fr\/blog\/f1-grand-prix-de-monaco-2021-horaires-et-programme-tv-complet\/#breadcrumb\",\"itemListElement\":[{\"@type\":\"ListItem\",\"position\":1,\"name\":\"Accueil\",\"item\":\"https:\/\/dicodusport.fr\/blog\/\"},{\"@type\":\"ListItem\",\"position\":2,\"name\":\"F1 &#8211; Grand Prix de Monaco 2021 : horaires et programme TV complet\"}]},{\"@type\":\"WebSite\",\"@id\":\"https:\/\/dicodusport.fr\/blog\/#website\",\"url\":\"https:\/\/dicodusport.fr\/blog\/\",\"name\":\"Dicodusport\",\"description\":\"L&#039;encyclop\u00e9die de l&#039;actualit\u00e9 sportive\",\"publisher\":{\"@id\":\"https:\/\/dicodusport.fr\/blog\/#organization\"},\"potentialAction\":[{\"@type\":\"SearchAction\",\"target\":{\"@type\":\"EntryPoint\",\"urlTemplate\":\"https:\/\/dicodusport.fr\/blog\/?s={search_term_string}\"},\"query-input\":{\"@type\":\"PropertyValueSpecification\",\"valueRequired\":true,\"valueName\":\"search_term_string\"}}],\"inLanguage\":\"fr-FR\"},{\"@type\":\"NewsMediaOrganization\",\"@id\":\"https:\/\/dicodusport.fr\/blog\/#organization\",\"name\":\"Dicodusport\",\"url\":\"https:\/\/dicodusport.fr\/blog\/\",\"logo\":{\"@type\":\"ImageObject\",\"inLanguage\":\"fr-FR\",\"@id\":\"https:\/\/dicodusport.fr\/blog\/#\/schema\/logo\/image\/\",\"url\":\"https:\/\/dicodusport.fr\/blog\/wp-content\/uploads\/2020\/06\/cropped-LOGO-DICODUSPORT-2020-SANS-FOND-SANS-TEXTE.png\",\"contentUrl\":\"https:\/\/dicodusport.fr\/blog\/wp-content\/uploads\/2020\/06\/cropped-LOGO-DICODUSPORT-2020-SANS-FOND-SANS-TEXTE.png\",\"width\":512,\"height\":512,\"caption\":\"Dicodusport\"},\"image\":{\"@id\":\"https:\/\/dicodusport.fr\/blog\/#\/schema\/logo\/image\/\"},\"sameAs\":[\"https:\/\/www.facebook.com\/dicodusport\",\"https:\/\/x.com\/dicodusport\",\"https:\/\/www.instagram.com\/dicodusport\/\",\"https:\/\/www.youtube.com\/channel\/UC7V2KZ5sd3htJivAbA4ZG3w\"],\"description\":\"Dicodusport est l'encyclop\u00e9die de l'actualit\u00e9 sportive.\",\"email\":\"bonjour@dicodusport.fr\",\"legalName\":\"DICODUSPORT\",\"foundingDate\":\"2018-01-14\",\"vatID\":\"FR71834470973\",\"taxID\":\"83447097300043\",\"numberOfEmployees\":{\"@type\":\"QuantitativeValue\",\"minValue\":\"1\",\"maxValue\":\"10\"}},{\"@type\":\"Person\",\"@id\":\"https:\/\/dicodusport.fr\/blog\/#\/schema\/person\/cb02af4c173ce4a653b55e9baf388d4a\",\"name\":\"Flo Ostermann\",\"image\":{\"@type\":\"ImageObject\",\"inLanguage\":\"fr-FR\",\"@id\":\"https:\/\/dicodusport.fr\/blog\/#\/schema\/person\/image\/\",\"url\":\"https:\/\/dicodusport.fr\/blog\/wp-content\/uploads\/2021\/05\/Flo-Ostermann-150x150.jpg\",\"contentUrl\":\"https:\/\/dicodusport.fr\/blog\/wp-content\/uploads\/2021\/05\/Flo-Ostermann-150x150.jpg\",\"caption\":\"Flo Ostermann\"},\"description\":\"Journaliste\/R\u00e9dacteur depuis septembre 2015 - Mes premiers souvenirs dans le sport ? Les envol\u00e9es du Stade Toulousain et les duels Villeneuve-Schumacher et H\u00e4kkinen-Schumacher \u00e0 la fin des ann\u00e9es 90, la Coupe du monde de football en 1998, l\u2019exploit du XV de France face aux All Blacks en 1999, mais aussi Richard C\u0153ur de Lion qui vole sur les montagnes du Tour de France. Bien parti pour devenir professeur d\u2019EPS, les \u00e9v\u00e9nements de la vie (et la flemme d\u2019animer des s\u00e9ances de 3x500 m\u00e8tres toute ma vie) m\u2019ont conduit \u00e0 revoir mes plans. Me voil\u00e0 depuis fin 2017 sur Dicodusport, m\u00e9dia gr\u00e2ce (et pour) lequel je partage ma passion : le sport dans tous ses \u00e9tats. Le tout accompagn\u00e9 par les fous furieux et folles furieuses cit\u00e9s sur cette page !\",\"sameAs\":[\"https:\/\/www.facebook.com\/florent.ostermann\",\"https:\/\/x.com\/https:\/\/twitter.com\/FlOstermann\",\"admin\"],\"url\":\"https:\/\/dicodusport.fr\/blog\/author\/flo\/\"}]}<\/script>\n<!-- \/ Yoast SEO Premium plugin. -->","yoast_head_json":{"title":"F1 - Grand Prix de Monaco 2021 : horaires et programme TV complet","description":"F1 2021 - D\u00e9couvrez les horaires et le programme TV complet du Grand Prix de Monaco 2021 \u00e0 Monte-Carlo, qui se dispute ce dimanche 23 mai.","robots":{"index":"index","follow":"follow","max-snippet":"max-snippet:-1","max-image-preview":"max-image-preview:large","max-video-preview":"max-video-preview:-1"},"canonical":"https:\/\/dicodusport.fr\/blog\/f1-grand-prix-de-monaco-2021-horaires-et-programme-tv-complet\/","og_locale":"fr_FR","og_type":"article","og_title":"F1 - Grand Prix de Monaco 2021 : horaires et programme TV complet","og_description":"F1 2021 - D\u00e9couvrez les horaires et le programme TV complet du Grand Prix de Monaco 2021 \u00e0 Monte-Carlo, qui se dispute ce dimanche 23 mai.","og_url":"https:\/\/dicodusport.fr\/blog\/f1-grand-prix-de-monaco-2021-horaires-et-programme-tv-complet\/","og_site_name":"Dicodusport","article_publisher":"https:\/\/www.facebook.com\/dicodusport","article_author":"https:\/\/www.facebook.com\/florent.ostermann","article_published_time":"2021-05-20T14:24:47+00:00","article_modified_time":"2021-05-22T15:47:16+00:00","og_image":[{"width":800,"height":445,"url":"https:\/\/dicodusport.fr\/blog\/wp-content\/uploads\/2021\/05\/F1-Grand-Prix-de-Monaco-2021-Horaires-et-programme-TV-complet.png","type":"image\/png"}],"author":"Flo Ostermann","twitter_card":"summary_large_image","twitter_title":"F1 - Grand Prix de Monaco 2021 : horaires et programme TV complet","twitter_creator":"@https:\/\/twitter.com\/FlOstermann","twitter_site":"@dicodusport","schema":{"@context":"https:\/\/schema.org","@graph":[{"@type":"NewsArticle","@id":"https:\/\/dicodusport.fr\/blog\/f1-grand-prix-de-monaco-2021-horaires-et-programme-tv-complet\/#article","isPartOf":{"@id":"https:\/\/dicodusport.fr\/blog\/f1-grand-prix-de-monaco-2021-horaires-et-programme-tv-complet\/"},"author":{"name":"Flo Ostermann","@id":"https:\/\/dicodusport.fr\/blog\/#\/schema\/person\/cb02af4c173ce4a653b55e9baf388d4a"},"headline":"F1 &#8211; Grand Prix de Monaco 2021 : horaires et programme TV complet","datePublished":"2021-05-20T14:24:47+00:00","dateModified":"2021-05-22T15:47:16+00:00","mainEntityOfPage":{"@id":"https:\/\/dicodusport.fr\/blog\/f1-grand-prix-de-monaco-2021-horaires-et-programme-tv-complet\/"},"wordCount":246,"commentCount":0,"publisher":{"@id":"https:\/\/dicodusport.fr\/blog\/#organization"},"image":{"@id":"https:\/\/dicodusport.fr\/blog\/f1-grand-prix-de-monaco-2021-horaires-et-programme-tv-complet\/#primaryimage"},"thumbnailUrl":"https:\/\/dicodusport.fr\/blog\/wp-content\/uploads\/2021\/05\/F1-Grand-Prix-de-Monaco-2021-Horaires-et-programme-TV-complet.png","keywords":["Formule 1","Grand Prix de Monaco","Grand Prix de Monaco F1"],"articleSection":["Formule 1"],"inLanguage":"fr-FR","potentialAction":[{"@type":"CommentAction","name":"Comment","target":["https:\/\/dicodusport.fr\/blog\/f1-grand-prix-de-monaco-2021-horaires-et-programme-tv-complet\/#respond"]}],"copyrightYear":"2021","copyrightHolder":{"@id":"https:\/\/dicodusport.fr\/blog\/#organization"}},{"@type":"WebPage","@id":"https:\/\/dicodusport.fr\/blog\/f1-grand-prix-de-monaco-2021-horaires-et-programme-tv-complet\/","url":"https:\/\/dicodusport.fr\/blog\/f1-grand-prix-de-monaco-2021-horaires-et-programme-tv-complet\/","name":"F1 - Grand Prix de Monaco 2021 : horaires et programme TV complet","isPartOf":{"@id":"https:\/\/dicodusport.fr\/blog\/#website"},"primaryImageOfPage":{"@id":"https:\/\/dicodusport.fr\/blog\/f1-grand-prix-de-monaco-2021-horaires-et-programme-tv-complet\/#primaryimage"},"image":{"@id":"https:\/\/dicodusport.fr\/blog\/f1-grand-prix-de-monaco-2021-horaires-et-programme-tv-complet\/#primaryimage"},"thumbnailUrl":"https:\/\/dicodusport.fr\/blog\/wp-content\/uploads\/2021\/05\/F1-Grand-Prix-de-Monaco-2021-Horaires-et-programme-TV-complet.png","datePublished":"2021-05-20T14:24:47+00:00","dateModified":"2021-05-22T15:47:16+00:00","description":"F1 2021 - D\u00e9couvrez les horaires et le programme TV complet du Grand Prix de Monaco 2021 \u00e0 Monte-Carlo, qui se dispute ce dimanche 23 mai.","breadcrumb":{"@id":"https:\/\/dicodusport.fr\/blog\/f1-grand-prix-de-monaco-2021-horaires-et-programme-tv-complet\/#breadcrumb"},"inLanguage":"fr-FR","potentialAction":[{"@type":"ReadAction","target":["https:\/\/dicodusport.fr\/blog\/f1-grand-prix-de-monaco-2021-horaires-et-programme-tv-complet\/"]}]},{"@type":"ImageObject","inLanguage":"fr-FR","@id":"https:\/\/dicodusport.fr\/blog\/f1-grand-prix-de-monaco-2021-horaires-et-programme-tv-complet\/#primaryimage","url":"https:\/\/dicodusport.fr\/blog\/wp-content\/uploads\/2021\/05\/F1-Grand-Prix-de-Monaco-2021-Horaires-et-programme-TV-complet.png","contentUrl":"https:\/\/dicodusport.fr\/blog\/wp-content\/uploads\/2021\/05\/F1-Grand-Prix-de-Monaco-2021-Horaires-et-programme-TV-complet.png","width":800,"height":445,"caption":"F1 - Grand Prix de Monaco 2021 : horaires et programme TV complet"},{"@type":"BreadcrumbList","@id":"https:\/\/dicodusport.fr\/blog\/f1-grand-prix-de-monaco-2021-horaires-et-programme-tv-complet\/#breadcrumb","itemListElement":[{"@type":"ListItem","position":1,"name":"Accueil","item":"https:\/\/dicodusport.fr\/blog\/"},{"@type":"ListItem","position":2,"name":"F1 &#8211; Grand Prix de Monaco 2021 : horaires et programme TV complet"}]},{"@type":"WebSite","@id":"https:\/\/dicodusport.fr\/blog\/#website","url":"https:\/\/dicodusport.fr\/blog\/","name":"Dicodusport","description":"L&#039;encyclop\u00e9die de l&#039;actualit\u00e9 sportive","publisher":{"@id":"https:\/\/dicodusport.fr\/blog\/#organization"},"potentialAction":[{"@type":"SearchAction","target":{"@type":"EntryPoint","urlTemplate":"https:\/\/dicodusport.fr\/blog\/?s={search_term_string}"},"query-input":{"@type":"PropertyValueSpecification","valueRequired":true,"valueName":"search_term_string"}}],"inLanguage":"fr-FR"},{"@type":"NewsMediaOrganization","@id":"https:\/\/dicodusport.fr\/blog\/#organization","name":"Dicodusport","url":"https:\/\/dicodusport.fr\/blog\/","logo":{"@type":"ImageObject","inLanguage":"fr-FR","@id":"https:\/\/dicodusport.fr\/blog\/#\/schema\/logo\/image\/","url":"https:\/\/dicodusport.fr\/blog\/wp-content\/uploads\/2020\/06\/cropped-LOGO-DICODUSPORT-2020-SANS-FOND-SANS-TEXTE.png","contentUrl":"https:\/\/dicodusport.fr\/blog\/wp-content\/uploads\/2020\/06\/cropped-LOGO-DICODUSPORT-2020-SANS-FOND-SANS-TEXTE.png","width":512,"height":512,"caption":"Dicodusport"},"image":{"@id":"https:\/\/dicodusport.fr\/blog\/#\/schema\/logo\/image\/"},"sameAs":["https:\/\/www.facebook.com\/dicodusport","https:\/\/x.com\/dicodusport","https:\/\/www.instagram.com\/dicodusport\/","https:\/\/www.youtube.com\/channel\/UC7V2KZ5sd3htJivAbA4ZG3w"],"description":"Dicodusport est l'encyclop\u00e9die de l'actualit\u00e9 sportive.","email":"bonjour@dicodusport.fr","legalName":"DICODUSPORT","foundingDate":"2018-01-14","vatID":"FR71834470973","taxID":"83447097300043","numberOfEmployees":{"@type":"QuantitativeValue","minValue":"1","maxValue":"10"}},{"@type":"Person","@id":"https:\/\/dicodusport.fr\/blog\/#\/schema\/person\/cb02af4c173ce4a653b55e9baf388d4a","name":"Flo Ostermann","image":{"@type":"ImageObject","inLanguage":"fr-FR","@id":"https:\/\/dicodusport.fr\/blog\/#\/schema\/person\/image\/","url":"https:\/\/dicodusport.fr\/blog\/wp-content\/uploads\/2021\/05\/Flo-Ostermann-150x150.jpg","contentUrl":"https:\/\/dicodusport.fr\/blog\/wp-content\/uploads\/2021\/05\/Flo-Ostermann-150x150.jpg","caption":"Flo Ostermann"},"description":"Journaliste\/R\u00e9dacteur depuis septembre 2015 - Mes premiers souvenirs dans le sport ? Les envol\u00e9es du Stade Toulousain et les duels Villeneuve-Schumacher et H\u00e4kkinen-Schumacher \u00e0 la fin des ann\u00e9es 90, la Coupe du monde de football en 1998, l\u2019exploit du XV de France face aux All Blacks en 1999, mais aussi Richard C\u0153ur de Lion qui vole sur les montagnes du Tour de France. Bien parti pour devenir professeur d\u2019EPS, les \u00e9v\u00e9nements de la vie (et la flemme d\u2019animer des s\u00e9ances de 3x500 m\u00e8tres toute ma vie) m\u2019ont conduit \u00e0 revoir mes plans. Me voil\u00e0 depuis fin 2017 sur Dicodusport, m\u00e9dia gr\u00e2ce (et pour) lequel je partage ma passion : le sport dans tous ses \u00e9tats. Le tout accompagn\u00e9 par les fous furieux et folles furieuses cit\u00e9s sur cette page !","sameAs":["https:\/\/www.facebook.com\/florent.ostermann","https:\/\/x.com\/https:\/\/twitter.com\/FlOstermann","admin"],"url":"https:\/\/dicodusport.fr\/blog\/author\/flo\/"}]}},"_links":{"self":[{"href":"https:\/\/dicodusport.fr\/blog\/wp-json\/wp\/v2\/posts\/131084","targetHints":{"allow":["GET"]}}],"collection":[{"href":"https:\/\/dicodusport.fr\/blog\/wp-json\/wp\/v2\/posts"}],"about":[{"href":"https:\/\/dicodusport.fr\/blog\/wp-json\/wp\/v2\/types\/post"}],"author":[{"embeddable":true,"href":"https:\/\/dicodusport.fr\/blog\/wp-json\/wp\/v2\/users\/4"}],"replies":[{"embeddable":true,"href":"https:\/\/dicodusport.fr\/blog\/wp-json\/wp\/v2\/comments?post=131084"}],"version-history":[{"count":0,"href":"https:\/\/dicodusport.fr\/blog\/wp-json\/wp\/v2\/posts\/131084\/revisions"}],"wp:featuredmedia":[{"embeddable":true,"href":"https:\/\/dicodusport.fr\/blog\/wp-json\/wp\/v2\/media\/131091"}],"wp:attachment":[{"href":"https:\/\/dicodusport.fr\/blog\/wp-json\/wp\/v2\/media?parent=131084"}],"wp:term":[{"taxonomy":"category","embeddable":true,"href":"https:\/\/dicodusport.fr\/blog\/wp-json\/wp\/v2\/categories?post=131084"},{"taxonomy":"post_tag","embeddable":true,"href":"https:\/\/dicodusport.fr\/blog\/wp-json\/wp\/v2\/tags?post=131084"}],"curies":[{"name":"wp","href":"https:\/\/api.w.org\/{rel}","templated":true}]}}