{"id":1312,"date":"2017-03-28T09:21:41","date_gmt":"2017-03-28T08:21:41","guid":{"rendered":"http:\/\/dicodusport.fr\/blog\/?p=1312"},"modified":"2021-04-13T23:27:34","modified_gmt":"2021-04-13T21:27:34","slug":"semaine-de-bande-2-week-end-bretagne","status":"publish","type":"post","link":"https:\/\/dicodusport.fr\/blog\/semaine-de-bande-2-week-end-bretagne\/","title":{"rendered":"La semaine de La Bande #2 : week-end en Bretagne"},"content":{"rendered":"<p class=\"p1\" style=\"text-align: justify;\"><span style=\"color: #000000;\"><em>Chaque mardi, retrouvez \u00ab\u00a0la semaine de La Bande\u00a0\u00bb sur votre blog <span style=\"color: #0000ff;\"><a style=\"color: #0000ff;\" href=\"http:\/\/dicodusport.fr\/blog\/\">dicodusport.fr<\/a><\/span> : r\u00e9sultats, actualit\u00e9s, d\u00e9clarations, courses \u00e0 venir. Ce week-end la Bande \u00e9tait en Bretagne et m\u00eame si les r\u00e9sultats n&rsquo;ont pas \u00e9t\u00e9 au rendez-vous, Max Massat voit le positif de cette escapade bretonne.<\/em><\/span><\/p>\n<p class=\"p1\" style=\"text-align: justify;\"><span class=\"s2\" style=\"font-size: 18pt; color: #000000;\"><b>Les R\u00e9sultats<\/b><\/span><\/p>\n<p class=\"p1\" style=\"text-align: justify;\"><span style=\"color: #000000;\"><span class=\"s2\">25<\/span><span class=\"s3\">\/03\/2017 <span style=\"color: #0000ff;\"><a style=\"color: #0000ff;\" href=\"http:\/\/www.directvelo.com\/actualite\/56920\/grand-prix-gilbert-bousquet-classement\" target=\"_blank\" rel=\"noopener\">GRAND PRIX GILBERT BOUSQUET \u00c9lites<\/a><\/span> (Bretagne) 7 coureurs<\/span><\/span><\/p>\n<p class=\"p1\" style=\"text-align: justify;\"><span style=\"color: #000000;\"><span class=\"s2\">1er CAM Maxime (C\u00f4tes d&rsquo;Armor &#8211; Marie Morin) les 155,1km en 3h52&rsquo;43\u00a0\u00bb (moy. 39,989 km\/h)<br \/>\n<\/span><span class=\"s2\">33e MENVILLE L\u00e9o\u00a0(La Bande)<br \/>\n<\/span><span class=\"s2\">46e BORN Vivian* (La Bande)<\/span><\/span><\/p>\n<p class=\"p3\" style=\"text-align: justify;\"><span style=\"color: #000000;\"><span class=\"s2\">26<\/span><span class=\"s3\">\/03\/2017 <span style=\"color: #0000ff;\"><a style=\"color: #0000ff;\" href=\"http:\/\/www.bouclesguegonnaises.fr\/FR\/Classements.awp?P1=2017\" target=\"_blank\" rel=\"noopener\">LES BOUCLES GU\u00c9GONNAISES \u00c9lites<\/a><\/span> (Bretagne) 7 coureurs<\/span><\/span><\/p>\n<p class=\"p1\" style=\"text-align: justify;\"><span style=\"color: #000000;\"><span class=\"s2\">1er MENUT David (HP Auber 93) les 159,1km en 3h39&rsquo;00\u00a0\u00bb (moy. 43,595 km\/h)<br \/>\n<\/span><span class=\"s2\">40e MENVILLE L\u00e9o (La Bande)<br \/>\n<\/span><span class=\"s2\">89e GLEIZES Arnaud (La Bande)<\/span><\/span><\/p>\n<p class=\"p1\" style=\"text-align: justify;\"><span class=\"s3\" style=\"color: #000000;\">26\/03\/2017 <span style=\"color: #0000ff;\"><a style=\"color: #0000ff;\" href=\"http:\/\/www.directvelo.com\/actualite\/56956\/grand-prix-national-de-cintegabelle-classement\" target=\"_blank\" rel=\"noopener\">GRAND PRIX DE CINTEGABELLE Toutes cat\u00e9gories<\/a><\/span> (Occitanie) 4 coureurs<\/span><\/p>\n<p class=\"p1\" style=\"text-align: justify;\"><span style=\"color: #000000;\"><span class=\"s2\">1er BENETT Stephan (Gsc Blagnac) les 114.36km en 2h56&rsquo;13.20 (moy. 38,94 km\/h)<br \/>\n<\/span><span class=\"s2\">7e WATANABE Ayumu (La Bande &#8211; As Villemur)<br \/>\n<\/span><span class=\"s2\">14e PILLON S\u00e9bastien (La Bande)<\/span><\/span><\/p>\n<p class=\"p1\" style=\"text-align: justify;\"><span class=\"s3\" style=\"color: #000000;\">26\/03\/2017 <span style=\"color: #0000ff;\"><a style=\"color: #0000ff;\" href=\"http:\/\/www.directvelo.com\/actualite\/56947\/grand-prix-de-sable-classement\" target=\"_blank\" rel=\"noopener\">GRAND PRIX DE LA VILLE DE SABL\u00c9 Toutes cat\u00e9gories<\/a><\/span> (Pays de La Loire) 1 coureur<\/span><\/p>\n<p class=\"p1\" style=\"text-align: justify;\"><span style=\"color: #000000;\"><span class=\"s2\">1er KERBORIOU Julien (CG Orl\u00e9ans Loiret)<br \/>\n<\/span><span class=\"s2\">12e CHABOCHE Tristan (La Bande &#8211; As Villemur)<\/span><\/span><\/p>\n<p class=\"p1\" style=\"text-align: justify;\"><img loading=\"lazy\" decoding=\"async\" class=\"alignnone size-full wp-image-1314\" src=\"http:\/\/dicodusport.fr\/blog\/wp-content\/uploads\/2017\/03\/17505090_1482932285052933_3766044224295436931_o.jpg\" alt=\"\" width=\"2048\" height=\"1365\" srcset=\"https:\/\/dicodusport.fr\/blog\/wp-content\/uploads\/2017\/03\/17505090_1482932285052933_3766044224295436931_o.jpg 2048w, https:\/\/dicodusport.fr\/blog\/wp-content\/uploads\/2017\/03\/17505090_1482932285052933_3766044224295436931_o-300x200.jpg 300w, https:\/\/dicodusport.fr\/blog\/wp-content\/uploads\/2017\/03\/17505090_1482932285052933_3766044224295436931_o-768x512.jpg 768w, https:\/\/dicodusport.fr\/blog\/wp-content\/uploads\/2017\/03\/17505090_1482932285052933_3766044224295436931_o-1024x683.jpg 1024w\" sizes=\"auto, (max-width: 2048px) 100vw, 2048px\" \/><\/p>\n<p class=\"p1\" style=\"text-align: justify;\"><span class=\"s2\" style=\"font-size: 18pt; color: #000000;\"><b>La Loupe<\/b><\/span><\/p>\n<p class=\"p1\" style=\"text-align: justify;\"><span class=\"s2\" style=\"color: #000000;\">La semaine derni\u00e8re nous vous avions parl\u00e9 d&rsquo;un junior du club de Villeneuve Cycliste, C\u00e9dric Fonquerne qui avait r\u00e9alis\u00e9 une belle performance. Ce week-end, ce sont les cadets du club de l&rsquo;AS Villemur cyclisme qui ont une nouvelle fois fait des \u00e9tincelles. Nous ne pouvons pas rester insensible face \u00e0 un tel d\u00e9but de saison de ces jeunes pousses du club. Th\u00e9o CRESCENCE vainqueur pour la troisi\u00e8me fois depuis le d\u00e9but de saison, s&rsquo;impose cette fois-ci au Grand prix de Cintegabelle devant son co\u00e9quipier Sacha LALBIN. Pour compl\u00e9ter, Thibaut SALVAN s&#8217;empare de la quatri\u00e8me place.<\/span><\/p>\n<p class=\"p1\" style=\"text-align: justify;\"><span class=\"s2\" style=\"color: #000000;\">Une sacr\u00e9e \u00e9quipe ces cadets du club de l&rsquo;As Villemur. Avec une telle rel\u00e8ve, cela motive La Bande, et confirme la politique de formation par les clubs de l&rsquo;entente !<\/span><\/p>\n<p class=\"p1\"><span class=\"s2\" style=\"font-size: 18pt; color: #000000;\"><b>L&rsquo;Actu<\/b><\/span><\/p>\n<p class=\"p1\"><span class=\"s2\" style=\"color: #000000;\">Nous sommes le 28 Mars et si tout va bien, dans un mois, le vendredi 28 Avril il y aura la pr\u00e9sentation des nouvelles tenues ! La date est encore \u00e0 confirmer !<\/span><\/p>\n<p class=\"p1\" style=\"text-align: justify;\"><span class=\"s2\" style=\"font-size: 18pt; color: #000000;\"><b>Le Mot du Manager<\/b><\/span><\/p>\n<p class=\"p1\" style=\"text-align: justify;\"><span class=\"s2\" style=\"color: #000000;\">Max Massat \u00ab\u00a0Nous avons pass\u00e9 un week-end compliqu\u00e9 sur le front en Bretagne en terme de r\u00e9sultat. Ce qui est tout de m\u00eame normal quand on prend par \u00e0 l&rsquo;une des plus prestigieuses courses du calendrier Fran\u00e7ais. Nous \u00e9tions seulement quelques DN3, contre les prestigieuses DN1 et DN2, en plus des deux \u00e9quipes pro de l&rsquo;Arm\u00e9e de terre cycliste et HP Auber 93. Le samedi fut tr\u00e8s compliqu\u00e9 avec les coups de bordure. Je perds tr\u00e8s vite la moiti\u00e9 de l&rsquo;\u00e9quipe, cependant Lucas et L\u00e9o se sont tr\u00e8s bien comport\u00e9s. Vivian revient de loin, mais finalement seul L\u00e9o arrivera \u00e0 rester avec les meilleurs dans le final. Le lendemain, sur les boucles gu\u00e9gonnaises, les gars voulaient se racheter et c&rsquo;est ce qu&rsquo;ils ont fait en restant \u00e0 6 sur 7 dans le peloton \u00e0 l&rsquo;entr\u00e9e du circuit final. Ils craqueront, finalement, au fur et \u00e0 mesure, \u00e0 3 tours de la fin soit 20 km de l&rsquo;arriv\u00e9e. Il ne restera une nouvelle fois que L\u00e9o dans le dernier tour. Il \u00e9tait quand m\u00eame difficile pour lui de frotter pour le sprint seul contre les grosses \u00e9curies.<\/span><\/p>\n<p class=\"p1\" style=\"text-align: justify;\"><span style=\"color: #000000;\"><span class=\"s2\">En conclusion, L\u00e9o r\u00e9alise parfaitement son r\u00f4le depuis le d\u00e9but de saison, c&rsquo;est vraiment un grand soulagement de savoir que les gars sont entour\u00e9 par un coureur de sa qualit\u00e9, maintenant \u00e0 eux d&rsquo;en profiter au maximum, en plus d&rsquo;avoir Lucas qui manque encore un peu de comp\u00e9tition mais qui est extr\u00eamement\u00a0bien plac\u00e9 en course dans le peloton. Encore une fois, il me tarde de voir tout le monde \u00e0 100%&#8230;\u00a0<\/span><span class=\"s2\">Ayumu Watanabe r\u00e9alise la meilleure place du we pour l&rsquo;\u00e9quipe avec sa 7eme place \u00e0 Cintegabelle, press\u00e9 de voir la suite et les chevaux qu&rsquo;il a sous le capot.<\/span><\/span><\/p>\n<p class=\"p1\" style=\"text-align: justify;\"><span class=\"s2\" style=\"color: #000000;\">J&rsquo;esp\u00e8re que notre excursion en Bretagne, pour une partie de l&rsquo;\u00e9quipe, sera b\u00e9n\u00e9fique pour la suite. Malgr\u00e9 que ce fut tr\u00e8s fatiguant, j&rsquo;ai pris tout de m\u00eame du plaisir que ce soit avec mes coureurs o\u00f9 bien les acteurs qui entourent cet \u00e9v\u00e9nement. Il existe une vraie ferveur en Bretagne, c&rsquo;est un fait, de l&rsquo;organisateur au public en passant m\u00eame par l&rsquo;h\u00f4telier. Je remercie au passage les personnes des \u00e9quipes adverses qui se reconna\u00eetront. J&rsquo;ai eu quelques coups de mains, pendant les courses, et c&rsquo;est toujours agr\u00e9able d&rsquo;obtenir un peu d&rsquo;entraide \ud83d\ude42 \u00ab\u00a0<\/span><\/p>\n<p class=\"p1\" style=\"text-align: justify;\"><img loading=\"lazy\" decoding=\"async\" class=\"alignnone size-full wp-image-1323\" src=\"http:\/\/dicodusport.fr\/blog\/wp-content\/uploads\/2017\/03\/DSC_7079-e1490690118608.jpg\" alt=\"\" width=\"1200\" height=\"795\" \/><\/p>\n<p class=\"p1\"><span class=\"s2\" style=\"color: #000000; font-size: 18pt;\"><b>Les Courses \u00e0 Venir<\/b><\/span><\/p>\n<p class=\"p1\"><span class=\"s3\"><span style=\"color: #000000;\">Dimanche 02\/04\/2017 :<\/span> <a href=\"http:\/\/www.sudgirondecyclisme.fr\/2017\/03\/2-avril-29eme-primevere-montoise-souvenir-janine-sabathier\/\" target=\"_blank\" rel=\"noopener\">29e Primev\u00e8re Montoise<\/a>\u00a0<span style=\"color: #000000;\">(145km) Toutes cat\u00e9gories<\/span><\/span><\/p>\n<p>&nbsp;<\/p>\n<p class=\"p1\"><img loading=\"lazy\" decoding=\"async\" class=\"size-thumbnail wp-image-999 aligncenter\" src=\"http:\/\/dicodusport.fr\/blog\/wp-content\/uploads\/2017\/01\/cropped-logo-dicodusport-sans-fond-150x150.png\" alt=\"\" width=\"150\" height=\"150\" srcset=\"https:\/\/dicodusport.fr\/blog\/wp-content\/uploads\/2017\/01\/cropped-logo-dicodusport-sans-fond-150x150.png 150w, https:\/\/dicodusport.fr\/blog\/wp-content\/uploads\/2017\/01\/cropped-logo-dicodusport-sans-fond-300x300.png 300w, https:\/\/dicodusport.fr\/blog\/wp-content\/uploads\/2017\/01\/cropped-logo-dicodusport-sans-fond-270x270.png 270w, https:\/\/dicodusport.fr\/blog\/wp-content\/uploads\/2017\/01\/cropped-logo-dicodusport-sans-fond-192x192.png 192w, https:\/\/dicodusport.fr\/blog\/wp-content\/uploads\/2017\/01\/cropped-logo-dicodusport-sans-fond-180x180.png 180w, https:\/\/dicodusport.fr\/blog\/wp-content\/uploads\/2017\/01\/cropped-logo-dicodusport-sans-fond-32x32.png 32w, https:\/\/dicodusport.fr\/blog\/wp-content\/uploads\/2017\/01\/cropped-logo-dicodusport-sans-fond.png 512w\" sizes=\"auto, (max-width: 150px) 100vw, 150px\" \/><\/p>\n","protected":false},"excerpt":{"rendered":"<p>Chaque mardi, retrouvez \u00ab\u00a0la semaine de La Bande\u00a0\u00bb sur votre blog dicodusport.fr : r\u00e9sultats, actualit\u00e9s, d\u00e9clarations, courses \u00e0 venir. Ce week-end la Bande \u00e9tait en Bretagne et m\u00eame si les r\u00e9sultats n&rsquo;ont pas \u00e9t\u00e9 au rendez-vous, Max Massat voit le positif de cette escapade bretonne. Les R\u00e9sultats 25\/03\/2017 GRAND PRIX GILBERT BOUSQUET \u00c9lites (Bretagne) 7 [&hellip;]<\/p>\n","protected":false},"author":1,"featured_media":1317,"comment_status":"open","ping_status":"closed","sticky":false,"template":"","format":"standard","meta":{"_acf_changed":false,"_daextam_enable_autolinks":"","footnotes":""},"categories":[2016],"tags":[574,772,773,24,579],"class_list":["post-1312","post","type-post","status-publish","format-standard","has-post-thumbnail","hentry","category-nos-champions","tag-cyclisme","tag-la-bande","tag-max-massat","tag-sport","tag-velo"],"acf":[],"yoast_head":"<!-- This site is optimized with the Yoast SEO Premium plugin v26.7 (Yoast SEO v26.7) - https:\/\/yoast.com\/wordpress\/plugins\/seo\/ -->\n<title>La semaine de La Bande #2 : week-end en Bretagne<\/title>\n<meta name=\"description\" content=\"Ce week-end la Bande \u00e9tait en Bretagne et m\u00eame si les r\u00e9sultats n&#039;ont pas \u00e9t\u00e9 au rendez-vous, Max Massat voit le positif de cette escapade bretonne.\" \/>\n<meta name=\"robots\" content=\"index, follow, max-snippet:-1, max-image-preview:large, max-video-preview:-1\" \/>\n<link rel=\"canonical\" href=\"https:\/\/dicodusport.fr\/blog\/semaine-de-bande-2-week-end-bretagne\/\" \/>\n<meta property=\"og:locale\" content=\"fr_FR\" \/>\n<meta property=\"og:type\" content=\"article\" \/>\n<meta property=\"og:title\" content=\"La semaine de La Bande #2 : week-end en Bretagne\" \/>\n<meta property=\"og:description\" content=\"Ce week-end la Bande \u00e9tait en Bretagne et m\u00eame si les r\u00e9sultats n&#039;ont pas \u00e9t\u00e9 au rendez-vous, Max Massat voit le positif de cette escapade bretonne.\" \/>\n<meta property=\"og:url\" content=\"https:\/\/dicodusport.fr\/blog\/semaine-de-bande-2-week-end-bretagne\/\" \/>\n<meta property=\"og:site_name\" content=\"Dicodusport\" \/>\n<meta property=\"article:publisher\" content=\"https:\/\/www.facebook.com\/dicodusport\" \/>\n<meta property=\"article:author\" content=\"https:\/\/www.facebook.com\/dicodusport\" \/>\n<meta property=\"article:published_time\" content=\"2017-03-28T08:21:41+00:00\" \/>\n<meta property=\"article:modified_time\" content=\"2021-04-13T21:27:34+00:00\" \/>\n<meta property=\"og:image\" content=\"https:\/\/dicodusport.fr\/blog\/wp-content\/uploads\/2017\/03\/la-bande-en-bretagne.png\" \/>\n\t<meta property=\"og:image:width\" content=\"1200\" \/>\n\t<meta property=\"og:image:height\" content=\"670\" \/>\n\t<meta property=\"og:image:type\" content=\"image\/png\" \/>\n<meta name=\"author\" content=\"Nicolas Jacquemard\" \/>\n<meta name=\"twitter:card\" content=\"summary_large_image\" \/>\n<meta name=\"twitter:creator\" content=\"@https:\/\/twitter.com\/Nico_Jacquemard\" \/>\n<meta name=\"twitter:site\" content=\"@dicodusport\" \/>\n<script type=\"application\/ld+json\" class=\"yoast-schema-graph\">{\"@context\":\"https:\/\/schema.org\",\"@graph\":[{\"@type\":\"NewsArticle\",\"@id\":\"https:\/\/dicodusport.fr\/blog\/semaine-de-bande-2-week-end-bretagne\/#article\",\"isPartOf\":{\"@id\":\"https:\/\/dicodusport.fr\/blog\/semaine-de-bande-2-week-end-bretagne\/\"},\"author\":{\"name\":\"Nicolas Jacquemard\",\"@id\":\"https:\/\/dicodusport.fr\/blog\/#\/schema\/person\/55dcb50ad410894e431ed812bbb70191\"},\"headline\":\"La semaine de La Bande #2 : week-end en Bretagne\",\"datePublished\":\"2017-03-28T08:21:41+00:00\",\"dateModified\":\"2021-04-13T21:27:34+00:00\",\"mainEntityOfPage\":{\"@id\":\"https:\/\/dicodusport.fr\/blog\/semaine-de-bande-2-week-end-bretagne\/\"},\"wordCount\":799,\"commentCount\":0,\"publisher\":{\"@id\":\"https:\/\/dicodusport.fr\/blog\/#organization\"},\"image\":{\"@id\":\"https:\/\/dicodusport.fr\/blog\/semaine-de-bande-2-week-end-bretagne\/#primaryimage\"},\"thumbnailUrl\":\"https:\/\/dicodusport.fr\/blog\/wp-content\/uploads\/2017\/03\/la-bande-en-bretagne.png\",\"keywords\":[\"Cyclisme\",\"la bande\",\"max massat\",\"sport\",\"v\u00e9lo\"],\"articleSection\":[\"Nos champions\"],\"inLanguage\":\"fr-FR\",\"potentialAction\":[{\"@type\":\"CommentAction\",\"name\":\"Comment\",\"target\":[\"https:\/\/dicodusport.fr\/blog\/semaine-de-bande-2-week-end-bretagne\/#respond\"]}],\"copyrightYear\":\"2017\",\"copyrightHolder\":{\"@id\":\"https:\/\/dicodusport.fr\/blog\/#organization\"}},{\"@type\":\"WebPage\",\"@id\":\"https:\/\/dicodusport.fr\/blog\/semaine-de-bande-2-week-end-bretagne\/\",\"url\":\"https:\/\/dicodusport.fr\/blog\/semaine-de-bande-2-week-end-bretagne\/\",\"name\":\"La semaine de La Bande #2 : week-end en Bretagne\",\"isPartOf\":{\"@id\":\"https:\/\/dicodusport.fr\/blog\/#website\"},\"primaryImageOfPage\":{\"@id\":\"https:\/\/dicodusport.fr\/blog\/semaine-de-bande-2-week-end-bretagne\/#primaryimage\"},\"image\":{\"@id\":\"https:\/\/dicodusport.fr\/blog\/semaine-de-bande-2-week-end-bretagne\/#primaryimage\"},\"thumbnailUrl\":\"https:\/\/dicodusport.fr\/blog\/wp-content\/uploads\/2017\/03\/la-bande-en-bretagne.png\",\"datePublished\":\"2017-03-28T08:21:41+00:00\",\"dateModified\":\"2021-04-13T21:27:34+00:00\",\"description\":\"Ce week-end la Bande \u00e9tait en Bretagne et m\u00eame si les r\u00e9sultats n'ont pas \u00e9t\u00e9 au rendez-vous, Max Massat voit le positif de cette escapade bretonne.\",\"breadcrumb\":{\"@id\":\"https:\/\/dicodusport.fr\/blog\/semaine-de-bande-2-week-end-bretagne\/#breadcrumb\"},\"inLanguage\":\"fr-FR\",\"potentialAction\":[{\"@type\":\"ReadAction\",\"target\":[\"https:\/\/dicodusport.fr\/blog\/semaine-de-bande-2-week-end-bretagne\/\"]}]},{\"@type\":\"ImageObject\",\"inLanguage\":\"fr-FR\",\"@id\":\"https:\/\/dicodusport.fr\/blog\/semaine-de-bande-2-week-end-bretagne\/#primaryimage\",\"url\":\"https:\/\/dicodusport.fr\/blog\/wp-content\/uploads\/2017\/03\/la-bande-en-bretagne.png\",\"contentUrl\":\"https:\/\/dicodusport.fr\/blog\/wp-content\/uploads\/2017\/03\/la-bande-en-bretagne.png\",\"width\":1200,\"height\":670,\"caption\":\"la bande en bretagne\"},{\"@type\":\"BreadcrumbList\",\"@id\":\"https:\/\/dicodusport.fr\/blog\/semaine-de-bande-2-week-end-bretagne\/#breadcrumb\",\"itemListElement\":[{\"@type\":\"ListItem\",\"position\":1,\"name\":\"Accueil\",\"item\":\"https:\/\/dicodusport.fr\/blog\/\"},{\"@type\":\"ListItem\",\"position\":2,\"name\":\"La semaine de La Bande #2 : week-end en Bretagne\"}]},{\"@type\":\"WebSite\",\"@id\":\"https:\/\/dicodusport.fr\/blog\/#website\",\"url\":\"https:\/\/dicodusport.fr\/blog\/\",\"name\":\"Dicodusport\",\"description\":\"L&#039;encyclop\u00e9die de l&#039;actualit\u00e9 sportive\",\"publisher\":{\"@id\":\"https:\/\/dicodusport.fr\/blog\/#organization\"},\"potentialAction\":[{\"@type\":\"SearchAction\",\"target\":{\"@type\":\"EntryPoint\",\"urlTemplate\":\"https:\/\/dicodusport.fr\/blog\/?s={search_term_string}\"},\"query-input\":{\"@type\":\"PropertyValueSpecification\",\"valueRequired\":true,\"valueName\":\"search_term_string\"}}],\"inLanguage\":\"fr-FR\"},{\"@type\":\"NewsMediaOrganization\",\"@id\":\"https:\/\/dicodusport.fr\/blog\/#organization\",\"name\":\"Dicodusport\",\"url\":\"https:\/\/dicodusport.fr\/blog\/\",\"logo\":{\"@type\":\"ImageObject\",\"inLanguage\":\"fr-FR\",\"@id\":\"https:\/\/dicodusport.fr\/blog\/#\/schema\/logo\/image\/\",\"url\":\"https:\/\/dicodusport.fr\/blog\/wp-content\/uploads\/2020\/06\/cropped-LOGO-DICODUSPORT-2020-SANS-FOND-SANS-TEXTE.png\",\"contentUrl\":\"https:\/\/dicodusport.fr\/blog\/wp-content\/uploads\/2020\/06\/cropped-LOGO-DICODUSPORT-2020-SANS-FOND-SANS-TEXTE.png\",\"width\":512,\"height\":512,\"caption\":\"Dicodusport\"},\"image\":{\"@id\":\"https:\/\/dicodusport.fr\/blog\/#\/schema\/logo\/image\/\"},\"sameAs\":[\"https:\/\/www.facebook.com\/dicodusport\",\"https:\/\/x.com\/dicodusport\",\"https:\/\/www.instagram.com\/dicodusport\/\",\"https:\/\/www.youtube.com\/channel\/UC7V2KZ5sd3htJivAbA4ZG3w\"],\"description\":\"Dicodusport est l'encyclop\u00e9die de l'actualit\u00e9 sportive.\",\"email\":\"bonjour@dicodusport.fr\",\"legalName\":\"DICODUSPORT\",\"foundingDate\":\"2018-01-14\",\"vatID\":\"FR71834470973\",\"taxID\":\"83447097300043\",\"numberOfEmployees\":{\"@type\":\"QuantitativeValue\",\"minValue\":\"1\",\"maxValue\":\"10\"}},{\"@type\":\"Person\",\"@id\":\"https:\/\/dicodusport.fr\/blog\/#\/schema\/person\/55dcb50ad410894e431ed812bbb70191\",\"name\":\"Nicolas Jacquemard\",\"image\":{\"@type\":\"ImageObject\",\"inLanguage\":\"fr-FR\",\"@id\":\"https:\/\/dicodusport.fr\/blog\/#\/schema\/person\/image\/\",\"url\":\"https:\/\/dicodusport.fr\/blog\/wp-content\/uploads\/2021\/05\/Nicolas-Jacquemard-150x150.jpeg\",\"contentUrl\":\"https:\/\/dicodusport.fr\/blog\/wp-content\/uploads\/2021\/05\/Nicolas-Jacquemard-150x150.jpeg\",\"caption\":\"Nicolas Jacquemard\"},\"description\":\"Passionn\u00e9 de sport et entrepreneur depuis mes 18 ans, la cr\u00e9ation de Dicodusport m'a sembl\u00e9 \u00e9vidente pour participer \u00e0 la m\u00e9diatisation d'un plus grand nombre de sports. Le chemin est long mais avec une \u00e9quipe des plus motiv\u00e9es et les Jeux Olympiques de Paris 2024 en point de mire, nous y arriverons ! Journaliste dans le monde du sport depuis plus de 5 ans, je traite aussi bien de football, de rugby, de biathlon que de cyclisme.\",\"sameAs\":[\"https:\/\/www.facebook.com\/dicodusport\",\"https:\/\/x.com\/https:\/\/twitter.com\/Nico_Jacquemard\"],\"url\":\"https:\/\/dicodusport.fr\/blog\/author\/dicodusport\/\"}]}<\/script>\n<!-- \/ Yoast SEO Premium plugin. -->","yoast_head_json":{"title":"La semaine de La Bande #2 : week-end en Bretagne","description":"Ce week-end la Bande \u00e9tait en Bretagne et m\u00eame si les r\u00e9sultats n'ont pas \u00e9t\u00e9 au rendez-vous, Max Massat voit le positif de cette escapade bretonne.","robots":{"index":"index","follow":"follow","max-snippet":"max-snippet:-1","max-image-preview":"max-image-preview:large","max-video-preview":"max-video-preview:-1"},"canonical":"https:\/\/dicodusport.fr\/blog\/semaine-de-bande-2-week-end-bretagne\/","og_locale":"fr_FR","og_type":"article","og_title":"La semaine de La Bande #2 : week-end en Bretagne","og_description":"Ce week-end la Bande \u00e9tait en Bretagne et m\u00eame si les r\u00e9sultats n'ont pas \u00e9t\u00e9 au rendez-vous, Max Massat voit le positif de cette escapade bretonne.","og_url":"https:\/\/dicodusport.fr\/blog\/semaine-de-bande-2-week-end-bretagne\/","og_site_name":"Dicodusport","article_publisher":"https:\/\/www.facebook.com\/dicodusport","article_author":"https:\/\/www.facebook.com\/dicodusport","article_published_time":"2017-03-28T08:21:41+00:00","article_modified_time":"2021-04-13T21:27:34+00:00","og_image":[{"width":1200,"height":670,"url":"https:\/\/dicodusport.fr\/blog\/wp-content\/uploads\/2017\/03\/la-bande-en-bretagne.png","type":"image\/png"}],"author":"Nicolas Jacquemard","twitter_card":"summary_large_image","twitter_creator":"@https:\/\/twitter.com\/Nico_Jacquemard","twitter_site":"@dicodusport","schema":{"@context":"https:\/\/schema.org","@graph":[{"@type":"NewsArticle","@id":"https:\/\/dicodusport.fr\/blog\/semaine-de-bande-2-week-end-bretagne\/#article","isPartOf":{"@id":"https:\/\/dicodusport.fr\/blog\/semaine-de-bande-2-week-end-bretagne\/"},"author":{"name":"Nicolas Jacquemard","@id":"https:\/\/dicodusport.fr\/blog\/#\/schema\/person\/55dcb50ad410894e431ed812bbb70191"},"headline":"La semaine de La Bande #2 : week-end en Bretagne","datePublished":"2017-03-28T08:21:41+00:00","dateModified":"2021-04-13T21:27:34+00:00","mainEntityOfPage":{"@id":"https:\/\/dicodusport.fr\/blog\/semaine-de-bande-2-week-end-bretagne\/"},"wordCount":799,"commentCount":0,"publisher":{"@id":"https:\/\/dicodusport.fr\/blog\/#organization"},"image":{"@id":"https:\/\/dicodusport.fr\/blog\/semaine-de-bande-2-week-end-bretagne\/#primaryimage"},"thumbnailUrl":"https:\/\/dicodusport.fr\/blog\/wp-content\/uploads\/2017\/03\/la-bande-en-bretagne.png","keywords":["Cyclisme","la bande","max massat","sport","v\u00e9lo"],"articleSection":["Nos champions"],"inLanguage":"fr-FR","potentialAction":[{"@type":"CommentAction","name":"Comment","target":["https:\/\/dicodusport.fr\/blog\/semaine-de-bande-2-week-end-bretagne\/#respond"]}],"copyrightYear":"2017","copyrightHolder":{"@id":"https:\/\/dicodusport.fr\/blog\/#organization"}},{"@type":"WebPage","@id":"https:\/\/dicodusport.fr\/blog\/semaine-de-bande-2-week-end-bretagne\/","url":"https:\/\/dicodusport.fr\/blog\/semaine-de-bande-2-week-end-bretagne\/","name":"La semaine de La Bande #2 : week-end en Bretagne","isPartOf":{"@id":"https:\/\/dicodusport.fr\/blog\/#website"},"primaryImageOfPage":{"@id":"https:\/\/dicodusport.fr\/blog\/semaine-de-bande-2-week-end-bretagne\/#primaryimage"},"image":{"@id":"https:\/\/dicodusport.fr\/blog\/semaine-de-bande-2-week-end-bretagne\/#primaryimage"},"thumbnailUrl":"https:\/\/dicodusport.fr\/blog\/wp-content\/uploads\/2017\/03\/la-bande-en-bretagne.png","datePublished":"2017-03-28T08:21:41+00:00","dateModified":"2021-04-13T21:27:34+00:00","description":"Ce week-end la Bande \u00e9tait en Bretagne et m\u00eame si les r\u00e9sultats n'ont pas \u00e9t\u00e9 au rendez-vous, Max Massat voit le positif de cette escapade bretonne.","breadcrumb":{"@id":"https:\/\/dicodusport.fr\/blog\/semaine-de-bande-2-week-end-bretagne\/#breadcrumb"},"inLanguage":"fr-FR","potentialAction":[{"@type":"ReadAction","target":["https:\/\/dicodusport.fr\/blog\/semaine-de-bande-2-week-end-bretagne\/"]}]},{"@type":"ImageObject","inLanguage":"fr-FR","@id":"https:\/\/dicodusport.fr\/blog\/semaine-de-bande-2-week-end-bretagne\/#primaryimage","url":"https:\/\/dicodusport.fr\/blog\/wp-content\/uploads\/2017\/03\/la-bande-en-bretagne.png","contentUrl":"https:\/\/dicodusport.fr\/blog\/wp-content\/uploads\/2017\/03\/la-bande-en-bretagne.png","width":1200,"height":670,"caption":"la bande en bretagne"},{"@type":"BreadcrumbList","@id":"https:\/\/dicodusport.fr\/blog\/semaine-de-bande-2-week-end-bretagne\/#breadcrumb","itemListElement":[{"@type":"ListItem","position":1,"name":"Accueil","item":"https:\/\/dicodusport.fr\/blog\/"},{"@type":"ListItem","position":2,"name":"La semaine de La Bande #2 : week-end en Bretagne"}]},{"@type":"WebSite","@id":"https:\/\/dicodusport.fr\/blog\/#website","url":"https:\/\/dicodusport.fr\/blog\/","name":"Dicodusport","description":"L&#039;encyclop\u00e9die de l&#039;actualit\u00e9 sportive","publisher":{"@id":"https:\/\/dicodusport.fr\/blog\/#organization"},"potentialAction":[{"@type":"SearchAction","target":{"@type":"EntryPoint","urlTemplate":"https:\/\/dicodusport.fr\/blog\/?s={search_term_string}"},"query-input":{"@type":"PropertyValueSpecification","valueRequired":true,"valueName":"search_term_string"}}],"inLanguage":"fr-FR"},{"@type":"NewsMediaOrganization","@id":"https:\/\/dicodusport.fr\/blog\/#organization","name":"Dicodusport","url":"https:\/\/dicodusport.fr\/blog\/","logo":{"@type":"ImageObject","inLanguage":"fr-FR","@id":"https:\/\/dicodusport.fr\/blog\/#\/schema\/logo\/image\/","url":"https:\/\/dicodusport.fr\/blog\/wp-content\/uploads\/2020\/06\/cropped-LOGO-DICODUSPORT-2020-SANS-FOND-SANS-TEXTE.png","contentUrl":"https:\/\/dicodusport.fr\/blog\/wp-content\/uploads\/2020\/06\/cropped-LOGO-DICODUSPORT-2020-SANS-FOND-SANS-TEXTE.png","width":512,"height":512,"caption":"Dicodusport"},"image":{"@id":"https:\/\/dicodusport.fr\/blog\/#\/schema\/logo\/image\/"},"sameAs":["https:\/\/www.facebook.com\/dicodusport","https:\/\/x.com\/dicodusport","https:\/\/www.instagram.com\/dicodusport\/","https:\/\/www.youtube.com\/channel\/UC7V2KZ5sd3htJivAbA4ZG3w"],"description":"Dicodusport est l'encyclop\u00e9die de l'actualit\u00e9 sportive.","email":"bonjour@dicodusport.fr","legalName":"DICODUSPORT","foundingDate":"2018-01-14","vatID":"FR71834470973","taxID":"83447097300043","numberOfEmployees":{"@type":"QuantitativeValue","minValue":"1","maxValue":"10"}},{"@type":"Person","@id":"https:\/\/dicodusport.fr\/blog\/#\/schema\/person\/55dcb50ad410894e431ed812bbb70191","name":"Nicolas Jacquemard","image":{"@type":"ImageObject","inLanguage":"fr-FR","@id":"https:\/\/dicodusport.fr\/blog\/#\/schema\/person\/image\/","url":"https:\/\/dicodusport.fr\/blog\/wp-content\/uploads\/2021\/05\/Nicolas-Jacquemard-150x150.jpeg","contentUrl":"https:\/\/dicodusport.fr\/blog\/wp-content\/uploads\/2021\/05\/Nicolas-Jacquemard-150x150.jpeg","caption":"Nicolas Jacquemard"},"description":"Passionn\u00e9 de sport et entrepreneur depuis mes 18 ans, la cr\u00e9ation de Dicodusport m'a sembl\u00e9 \u00e9vidente pour participer \u00e0 la m\u00e9diatisation d'un plus grand nombre de sports. Le chemin est long mais avec une \u00e9quipe des plus motiv\u00e9es et les Jeux Olympiques de Paris 2024 en point de mire, nous y arriverons ! Journaliste dans le monde du sport depuis plus de 5 ans, je traite aussi bien de football, de rugby, de biathlon que de cyclisme.","sameAs":["https:\/\/www.facebook.com\/dicodusport","https:\/\/x.com\/https:\/\/twitter.com\/Nico_Jacquemard"],"url":"https:\/\/dicodusport.fr\/blog\/author\/dicodusport\/"}]}},"_links":{"self":[{"href":"https:\/\/dicodusport.fr\/blog\/wp-json\/wp\/v2\/posts\/1312","targetHints":{"allow":["GET"]}}],"collection":[{"href":"https:\/\/dicodusport.fr\/blog\/wp-json\/wp\/v2\/posts"}],"about":[{"href":"https:\/\/dicodusport.fr\/blog\/wp-json\/wp\/v2\/types\/post"}],"author":[{"embeddable":true,"href":"https:\/\/dicodusport.fr\/blog\/wp-json\/wp\/v2\/users\/1"}],"replies":[{"embeddable":true,"href":"https:\/\/dicodusport.fr\/blog\/wp-json\/wp\/v2\/comments?post=1312"}],"version-history":[{"count":0,"href":"https:\/\/dicodusport.fr\/blog\/wp-json\/wp\/v2\/posts\/1312\/revisions"}],"wp:featuredmedia":[{"embeddable":true,"href":"https:\/\/dicodusport.fr\/blog\/wp-json\/wp\/v2\/media\/1317"}],"wp:attachment":[{"href":"https:\/\/dicodusport.fr\/blog\/wp-json\/wp\/v2\/media?parent=1312"}],"wp:term":[{"taxonomy":"category","embeddable":true,"href":"https:\/\/dicodusport.fr\/blog\/wp-json\/wp\/v2\/categories?post=1312"},{"taxonomy":"post_tag","embeddable":true,"href":"https:\/\/dicodusport.fr\/blog\/wp-json\/wp\/v2\/tags?post=1312"}],"curies":[{"name":"wp","href":"https:\/\/api.w.org\/{rel}","templated":true}]}}