{"id":131291,"date":"2021-05-20T17:29:59","date_gmt":"2021-05-20T15:29:59","guid":{"rendered":"https:\/\/dicodusport.fr\/blog\/?p=131291&#038;preview=true&#038;preview_id=131291"},"modified":"2021-05-20T17:57:45","modified_gmt":"2021-05-20T15:57:45","slug":"tour-d-italie-2021-andrea-vendrame-ag2r-citroen-enleve-12eme-etape","status":"publish","type":"post","link":"https:\/\/dicodusport.fr\/blog\/tour-d-italie-2021-andrea-vendrame-ag2r-citroen-enleve-12eme-etape\/","title":{"rendered":"Tour d&rsquo;Italie 2021 : Andrea Vendrame (AG2R Citro\u00ebn) enl\u00e8ve la 12\u00e8me \u00e9tape"},"content":{"rendered":"<p style=\"text-align: justify;\"><em><a style=\"font-weight: bold;\" href=\"https:\/\/dicodusport.fr\/blog\/actualites\/cyclisme\/\">CYCLISME<\/a><b> &#8211; Membre de l&rsquo;\u00e9chapp\u00e9e du jour, Andrea Vendrame (AG2R Citro\u00ebn) a remport\u00e9 ce jeudi la 12\u00e8me \u00e9tape du Giro, \u00e0 <strong>Bagno Di Romagna. L&rsquo;Italien a devanc\u00e9 son dernier compagnon d&rsquo;\u00e9chapp\u00e9e, l&rsquo;Australien Chris Hamilton (DSM). Derri\u00e8re, George Bennett (Jumbo-Visma) et Gianluca Brambilla (Trek-Segafredo), sans doute les plus forts du groupe d&rsquo;\u00e9chapp\u00e9s, ont jou\u00e9 et ont perdu.<\/strong><\/b><\/em><\/p>\n<p style=\"text-align: justify;\">Nouvelle \u00e9chapp\u00e9e victorieuse sur les routes du Giro. Et deuxi\u00e8me victoire pour une \u00e9quipe fran\u00e7aise ! Apr\u00e8s Victor Lafay (Cofidis), c&rsquo;est <strong>Andrea Vendrame<\/strong> qui a offert \u00e0 AG2R Citro\u00ebn une deuxi\u00e8me victoire cette saison. L&rsquo;Italien a lui d\u00e9croch\u00e9 sa troisi\u00e8me victoire professionnelle, sa plus belle, sans l&rsquo;ombre d&rsquo;un doute. Et le Transalpin a fait les choses en grand sur cette 12\u00e8me \u00e9tape, longue de 212 km entre Sienne et Bagno Di Romagna.<\/p>\n<h2 style=\"text-align: justify;\"><strong>Vendrame en patron<\/strong><\/h2>\n<p style=\"text-align: justify;\">Membre de l&rsquo;\u00e9chapp\u00e9e du jour, aux c\u00f4t\u00e9s notamment de <strong>Geoffrey Bouchard<\/strong>, son co\u00e9quipier qui a consolid\u00e9 son maillot bleu de la montagne, le coureur de 26 ans a fait une premi\u00e8re diff\u00e9rence \u00e0 20 km de l&rsquo;arriv\u00e9e, en attaquant dans la derni\u00e8re ascension du jour, le Passo del Carnaio. Derri\u00e8re, <strong>Gianluca Brambilla<\/strong> (Trek-Segafredo), <strong>George Bennett<\/strong> (Jumbo-Visma) et <strong>Chris Hamilton<\/strong> (Team DSM) parvenaient \u00e0 rentrer sur l&rsquo;ancien pensionnaire de la formation Androni. Au sommet, \u00e0 10 km de l&rsquo;arriv\u00e9e, ils \u00e9taient donc 4 \u00e0 se jouer la victoire, les meilleurs grimpeurs du groupe, <strong>Brambilla<\/strong> et <strong>Bennett<\/strong>, n&rsquo;ayant pas r\u00e9ussi \u00e0 faire la diff\u00e9rence. \u00c0 3 km de l&rsquo;arriv\u00e9e, <strong>Hamilton<\/strong> attaque, et est suivi par Vendrame. Pas par les deux autres costauds du jour. Sur la ligne, le coureur d&rsquo;AG2R La Mondiale, avec sa pointe de vitesse, dominait l&rsquo;Australien. Limpide !<\/p>\n<blockquote class=\"twitter-tweet\">\n<p dir=\"ltr\" lang=\"fr\"><a href=\"https:\/\/twitter.com\/hashtag\/lesRP?src=hash&amp;ref_src=twsrc%5Etfw\">#lesRP<\/a> &#x1f1ee;&#x1f1f9; &#8211; VICTOIRE D&rsquo;ANDREA VENDRAME &#x1f1ee;&#x1f1f9; ! Nouvelle \u00e9chapp\u00e9e qui l&#8217;emporte sur ces routes du <a href=\"https:\/\/twitter.com\/hashtag\/Giro?src=hash&amp;ref_src=twsrc%5Etfw\">#Giro<\/a>, le coureur de la AG2R devance au sprint son compagnon de fuite Chris Hamilton &#x1f1e6;&#x1f1fa;. Gianluca Brambilla &#x1f1ee;&#x1f1f9; vient chercher la 3\u00e8me place. <a href=\"https:\/\/t.co\/7F4D9nKop0\">pic.twitter.com\/7F4D9nKop0<\/a><\/p>\n<p>\u2014 Paul Moutarde (@PaulMoutarde) <a href=\"https:\/\/twitter.com\/PaulMoutarde\/status\/1395402502594568193?ref_src=twsrc%5Etfw\">May 20, 2021<\/a><\/p><\/blockquote>\n<p><script async src=\"https:\/\/platform.twitter.com\/widgets.js\" charset=\"utf-8\"><\/script><\/p>\n<p style=\"text-align: justify;\">Chez les favoris, une fois n&rsquo;est pas coutume sur ce 104\u00e8me Giro, pas de gros changements notables \u00e0 signaler, hormis l&rsquo;abandon de <strong>Marc Soler<\/strong> (Movistar), 11\u00e8me du g\u00e9n\u00e9ral ce matin, et victime d&rsquo;une chute en d\u00e9but d&rsquo;\u00e9tape. <strong>Alessandro De Marchi<\/strong> et <strong>Alex Dowsett<\/strong> (Israel Start-Up Nation), <strong>Gino M\u00e4der<\/strong> (Bahrain Victorious) et <strong>Fausto Masnada<\/strong> (Deceuninck &#8211; Quick-Step) ont \u00e9galement abandonn\u00e9 ce jeudi.<\/p>\n<h2 style=\"text-align: justify;\"><strong>\u00c0 lire aussi<\/strong><\/h2>\n<ul>\n<li style=\"text-align: justify;\"><a href=\"https:\/\/dicodusport.fr\/blog\/tour-d-italie-2021-classement-12eme-etape\/\"><strong>Le classement de la 12\u00e8me \u00e9tape<\/strong><\/a><\/li>\n<li style=\"text-align: justify;\"><a href=\"https:\/\/dicodusport.fr\/blog\/tour-d-italie-2021-classement-general-maillot-rose\/\"><strong>Le classement g\u00e9n\u00e9ral<\/strong><\/a><\/li>\n<\/ul>\n","protected":false},"excerpt":{"rendered":"<p>CYCLISME &#8211; Membre de l&rsquo;\u00e9chapp\u00e9e du jour, Andrea Vendrame (AG2R Citro\u00ebn) a remport\u00e9 ce jeudi la 12\u00e8me \u00e9tape du Giro, \u00e0 Bagno Di Romagna. L&rsquo;Italien a devanc\u00e9 son dernier compagnon d&rsquo;\u00e9chapp\u00e9e, l&rsquo;Australien Chris Hamilton (DSM). Derri\u00e8re, George Bennett (Jumbo-Visma) et Gianluca Brambilla (Trek-Segafredo), sans doute les plus forts du groupe d&rsquo;\u00e9chapp\u00e9s, ont jou\u00e9 et ont perdu.<\/p>\n","protected":false},"author":4,"featured_media":131315,"comment_status":"open","ping_status":"closed","sticky":false,"template":"","format":"standard","meta":{"_acf_changed":false,"_daextam_enable_autolinks":"","footnotes":""},"categories":[47041],"tags":[4722],"class_list":["post-131291","post","type-post","status-publish","format-standard","has-post-thumbnail","hentry","category-tour-d-italie","tag-tour-ditalie"],"acf":[],"yoast_head":"<!-- This site is optimized with the Yoast SEO Premium plugin v26.7 (Yoast SEO v26.7) - https:\/\/yoast.com\/wordpress\/plugins\/seo\/ -->\n<title>Tour d&#039;Italie 2021 : Andrea Vendrame (AG2R Citro\u00ebn) enl\u00e8ve la 12\u00e8me \u00e9tape<\/title>\n<meta name=\"description\" content=\"CYCLISME - Membre de l&#039;\u00e9chapp\u00e9e du jour, Andrea Vendrame (AG2R Citro\u00ebn) a remport\u00e9 ce jeudi la 12\u00e8me \u00e9tape du Giro, \u00e0 Bagno Di Romagna.\" \/>\n<meta name=\"robots\" content=\"index, follow, max-snippet:-1, max-image-preview:large, max-video-preview:-1\" \/>\n<link rel=\"canonical\" href=\"https:\/\/dicodusport.fr\/blog\/tour-d-italie-2021-andrea-vendrame-ag2r-citroen-enleve-12eme-etape\/\" \/>\n<meta property=\"og:locale\" content=\"fr_FR\" \/>\n<meta property=\"og:type\" content=\"article\" \/>\n<meta property=\"og:title\" content=\"Tour d&#039;Italie 2021 : Andrea Vendrame (AG2R Citro\u00ebn) enl\u00e8ve la 12\u00e8me \u00e9tape\" \/>\n<meta property=\"og:description\" content=\"CYCLISME - Membre de l&#039;\u00e9chapp\u00e9e du jour, Andrea Vendrame (AG2R Citro\u00ebn) a remport\u00e9 ce jeudi la 12\u00e8me \u00e9tape du Giro, \u00e0 Bagno Di Romagna.\" \/>\n<meta property=\"og:url\" content=\"https:\/\/dicodusport.fr\/blog\/tour-d-italie-2021-andrea-vendrame-ag2r-citroen-enleve-12eme-etape\/\" \/>\n<meta property=\"og:site_name\" content=\"Dicodusport\" \/>\n<meta property=\"article:publisher\" content=\"https:\/\/www.facebook.com\/dicodusport\" \/>\n<meta property=\"article:author\" content=\"https:\/\/www.facebook.com\/florent.ostermann\" \/>\n<meta property=\"article:published_time\" content=\"2021-05-20T15:29:59+00:00\" \/>\n<meta property=\"article:modified_time\" content=\"2021-05-20T15:57:45+00:00\" \/>\n<meta property=\"og:image\" content=\"https:\/\/dicodusport.fr\/blog\/wp-content\/uploads\/2021\/05\/Tour-dItalie-2021-Andrea-Vendrame-AG2R-Citroen-enleve-la-12eme-etape.png\" \/>\n\t<meta property=\"og:image:width\" content=\"800\" \/>\n\t<meta property=\"og:image:height\" content=\"445\" \/>\n\t<meta property=\"og:image:type\" content=\"image\/png\" \/>\n<meta name=\"author\" content=\"Flo Ostermann\" \/>\n<meta name=\"twitter:card\" content=\"summary_large_image\" \/>\n<meta name=\"twitter:title\" content=\"Tour d&#039;Italie 2021 : Andrea Vendrame (AG2R Citro\u00ebn) enl\u00e8ve la 12\u00e8me \u00e9tape\" \/>\n<meta name=\"twitter:creator\" content=\"@https:\/\/twitter.com\/FlOstermann\" \/>\n<meta name=\"twitter:site\" content=\"@dicodusport\" \/>\n<script type=\"application\/ld+json\" class=\"yoast-schema-graph\">{\"@context\":\"https:\/\/schema.org\",\"@graph\":[{\"@type\":\"NewsArticle\",\"@id\":\"https:\/\/dicodusport.fr\/blog\/tour-d-italie-2021-andrea-vendrame-ag2r-citroen-enleve-12eme-etape\/#article\",\"isPartOf\":{\"@id\":\"https:\/\/dicodusport.fr\/blog\/tour-d-italie-2021-andrea-vendrame-ag2r-citroen-enleve-12eme-etape\/\"},\"author\":{\"name\":\"Flo Ostermann\",\"@id\":\"https:\/\/dicodusport.fr\/blog\/#\/schema\/person\/cb02af4c173ce4a653b55e9baf388d4a\"},\"headline\":\"Tour d&rsquo;Italie 2021 : Andrea Vendrame (AG2R Citro\u00ebn) enl\u00e8ve la 12\u00e8me \u00e9tape\",\"datePublished\":\"2021-05-20T15:29:59+00:00\",\"dateModified\":\"2021-05-20T15:57:45+00:00\",\"mainEntityOfPage\":{\"@id\":\"https:\/\/dicodusport.fr\/blog\/tour-d-italie-2021-andrea-vendrame-ag2r-citroen-enleve-12eme-etape\/\"},\"wordCount\":468,\"commentCount\":0,\"publisher\":{\"@id\":\"https:\/\/dicodusport.fr\/blog\/#organization\"},\"image\":{\"@id\":\"https:\/\/dicodusport.fr\/blog\/tour-d-italie-2021-andrea-vendrame-ag2r-citroen-enleve-12eme-etape\/#primaryimage\"},\"thumbnailUrl\":\"https:\/\/dicodusport.fr\/blog\/wp-content\/uploads\/2021\/05\/Tour-dItalie-2021-Andrea-Vendrame-AG2R-Citroen-enleve-la-12eme-etape.png\",\"keywords\":[\"Tour d'Italie\"],\"articleSection\":[\"Tour d'Italie\"],\"inLanguage\":\"fr-FR\",\"potentialAction\":[{\"@type\":\"CommentAction\",\"name\":\"Comment\",\"target\":[\"https:\/\/dicodusport.fr\/blog\/tour-d-italie-2021-andrea-vendrame-ag2r-citroen-enleve-12eme-etape\/#respond\"]}],\"copyrightYear\":\"2021\",\"copyrightHolder\":{\"@id\":\"https:\/\/dicodusport.fr\/blog\/#organization\"}},{\"@type\":\"WebPage\",\"@id\":\"https:\/\/dicodusport.fr\/blog\/tour-d-italie-2021-andrea-vendrame-ag2r-citroen-enleve-12eme-etape\/\",\"url\":\"https:\/\/dicodusport.fr\/blog\/tour-d-italie-2021-andrea-vendrame-ag2r-citroen-enleve-12eme-etape\/\",\"name\":\"Tour d'Italie 2021 : Andrea Vendrame (AG2R Citro\u00ebn) enl\u00e8ve la 12\u00e8me \u00e9tape\",\"isPartOf\":{\"@id\":\"https:\/\/dicodusport.fr\/blog\/#website\"},\"primaryImageOfPage\":{\"@id\":\"https:\/\/dicodusport.fr\/blog\/tour-d-italie-2021-andrea-vendrame-ag2r-citroen-enleve-12eme-etape\/#primaryimage\"},\"image\":{\"@id\":\"https:\/\/dicodusport.fr\/blog\/tour-d-italie-2021-andrea-vendrame-ag2r-citroen-enleve-12eme-etape\/#primaryimage\"},\"thumbnailUrl\":\"https:\/\/dicodusport.fr\/blog\/wp-content\/uploads\/2021\/05\/Tour-dItalie-2021-Andrea-Vendrame-AG2R-Citroen-enleve-la-12eme-etape.png\",\"datePublished\":\"2021-05-20T15:29:59+00:00\",\"dateModified\":\"2021-05-20T15:57:45+00:00\",\"description\":\"CYCLISME - Membre de l'\u00e9chapp\u00e9e du jour, Andrea Vendrame (AG2R Citro\u00ebn) a remport\u00e9 ce jeudi la 12\u00e8me \u00e9tape du Giro, \u00e0 Bagno Di Romagna.\",\"breadcrumb\":{\"@id\":\"https:\/\/dicodusport.fr\/blog\/tour-d-italie-2021-andrea-vendrame-ag2r-citroen-enleve-12eme-etape\/#breadcrumb\"},\"inLanguage\":\"fr-FR\",\"potentialAction\":[{\"@type\":\"ReadAction\",\"target\":[\"https:\/\/dicodusport.fr\/blog\/tour-d-italie-2021-andrea-vendrame-ag2r-citroen-enleve-12eme-etape\/\"]}]},{\"@type\":\"ImageObject\",\"inLanguage\":\"fr-FR\",\"@id\":\"https:\/\/dicodusport.fr\/blog\/tour-d-italie-2021-andrea-vendrame-ag2r-citroen-enleve-12eme-etape\/#primaryimage\",\"url\":\"https:\/\/dicodusport.fr\/blog\/wp-content\/uploads\/2021\/05\/Tour-dItalie-2021-Andrea-Vendrame-AG2R-Citroen-enleve-la-12eme-etape.png\",\"contentUrl\":\"https:\/\/dicodusport.fr\/blog\/wp-content\/uploads\/2021\/05\/Tour-dItalie-2021-Andrea-Vendrame-AG2R-Citroen-enleve-la-12eme-etape.png\",\"width\":800,\"height\":445,\"caption\":\"Tour d'Italie 2021 - Andrea Vendrame (AG2R Citro\u00ebn) enl\u00e8ve la 12\u00e8me \u00e9tape\"},{\"@type\":\"BreadcrumbList\",\"@id\":\"https:\/\/dicodusport.fr\/blog\/tour-d-italie-2021-andrea-vendrame-ag2r-citroen-enleve-12eme-etape\/#breadcrumb\",\"itemListElement\":[{\"@type\":\"ListItem\",\"position\":1,\"name\":\"Accueil\",\"item\":\"https:\/\/dicodusport.fr\/blog\/\"},{\"@type\":\"ListItem\",\"position\":2,\"name\":\"Tour d&rsquo;Italie 2021 : Andrea Vendrame (AG2R Citro\u00ebn) enl\u00e8ve la 12\u00e8me \u00e9tape\"}]},{\"@type\":\"WebSite\",\"@id\":\"https:\/\/dicodusport.fr\/blog\/#website\",\"url\":\"https:\/\/dicodusport.fr\/blog\/\",\"name\":\"Dicodusport\",\"description\":\"L&#039;encyclop\u00e9die de l&#039;actualit\u00e9 sportive\",\"publisher\":{\"@id\":\"https:\/\/dicodusport.fr\/blog\/#organization\"},\"potentialAction\":[{\"@type\":\"SearchAction\",\"target\":{\"@type\":\"EntryPoint\",\"urlTemplate\":\"https:\/\/dicodusport.fr\/blog\/?s={search_term_string}\"},\"query-input\":{\"@type\":\"PropertyValueSpecification\",\"valueRequired\":true,\"valueName\":\"search_term_string\"}}],\"inLanguage\":\"fr-FR\"},{\"@type\":\"NewsMediaOrganization\",\"@id\":\"https:\/\/dicodusport.fr\/blog\/#organization\",\"name\":\"Dicodusport\",\"url\":\"https:\/\/dicodusport.fr\/blog\/\",\"logo\":{\"@type\":\"ImageObject\",\"inLanguage\":\"fr-FR\",\"@id\":\"https:\/\/dicodusport.fr\/blog\/#\/schema\/logo\/image\/\",\"url\":\"https:\/\/dicodusport.fr\/blog\/wp-content\/uploads\/2020\/06\/cropped-LOGO-DICODUSPORT-2020-SANS-FOND-SANS-TEXTE.png\",\"contentUrl\":\"https:\/\/dicodusport.fr\/blog\/wp-content\/uploads\/2020\/06\/cropped-LOGO-DICODUSPORT-2020-SANS-FOND-SANS-TEXTE.png\",\"width\":512,\"height\":512,\"caption\":\"Dicodusport\"},\"image\":{\"@id\":\"https:\/\/dicodusport.fr\/blog\/#\/schema\/logo\/image\/\"},\"sameAs\":[\"https:\/\/www.facebook.com\/dicodusport\",\"https:\/\/x.com\/dicodusport\",\"https:\/\/www.instagram.com\/dicodusport\/\",\"https:\/\/www.youtube.com\/channel\/UC7V2KZ5sd3htJivAbA4ZG3w\"],\"description\":\"Dicodusport est l'encyclop\u00e9die de l'actualit\u00e9 sportive.\",\"email\":\"bonjour@dicodusport.fr\",\"legalName\":\"DICODUSPORT\",\"foundingDate\":\"2018-01-14\",\"vatID\":\"FR71834470973\",\"taxID\":\"83447097300043\",\"numberOfEmployees\":{\"@type\":\"QuantitativeValue\",\"minValue\":\"1\",\"maxValue\":\"10\"}},{\"@type\":\"Person\",\"@id\":\"https:\/\/dicodusport.fr\/blog\/#\/schema\/person\/cb02af4c173ce4a653b55e9baf388d4a\",\"name\":\"Flo Ostermann\",\"image\":{\"@type\":\"ImageObject\",\"inLanguage\":\"fr-FR\",\"@id\":\"https:\/\/dicodusport.fr\/blog\/#\/schema\/person\/image\/\",\"url\":\"https:\/\/dicodusport.fr\/blog\/wp-content\/uploads\/2021\/05\/Flo-Ostermann-150x150.jpg\",\"contentUrl\":\"https:\/\/dicodusport.fr\/blog\/wp-content\/uploads\/2021\/05\/Flo-Ostermann-150x150.jpg\",\"caption\":\"Flo Ostermann\"},\"description\":\"Journaliste\/R\u00e9dacteur depuis septembre 2015 - Mes premiers souvenirs dans le sport ? Les envol\u00e9es du Stade Toulousain et les duels Villeneuve-Schumacher et H\u00e4kkinen-Schumacher \u00e0 la fin des ann\u00e9es 90, la Coupe du monde de football en 1998, l\u2019exploit du XV de France face aux All Blacks en 1999, mais aussi Richard C\u0153ur de Lion qui vole sur les montagnes du Tour de France. Bien parti pour devenir professeur d\u2019EPS, les \u00e9v\u00e9nements de la vie (et la flemme d\u2019animer des s\u00e9ances de 3x500 m\u00e8tres toute ma vie) m\u2019ont conduit \u00e0 revoir mes plans. Me voil\u00e0 depuis fin 2017 sur Dicodusport, m\u00e9dia gr\u00e2ce (et pour) lequel je partage ma passion : le sport dans tous ses \u00e9tats. Le tout accompagn\u00e9 par les fous furieux et folles furieuses cit\u00e9s sur cette page !\",\"sameAs\":[\"https:\/\/www.facebook.com\/florent.ostermann\",\"https:\/\/x.com\/https:\/\/twitter.com\/FlOstermann\",\"admin\"],\"url\":\"https:\/\/dicodusport.fr\/blog\/author\/flo\/\"}]}<\/script>\n<!-- \/ Yoast SEO Premium plugin. -->","yoast_head_json":{"title":"Tour d'Italie 2021 : Andrea Vendrame (AG2R Citro\u00ebn) enl\u00e8ve la 12\u00e8me \u00e9tape","description":"CYCLISME - Membre de l'\u00e9chapp\u00e9e du jour, Andrea Vendrame (AG2R Citro\u00ebn) a remport\u00e9 ce jeudi la 12\u00e8me \u00e9tape du Giro, \u00e0 Bagno Di Romagna.","robots":{"index":"index","follow":"follow","max-snippet":"max-snippet:-1","max-image-preview":"max-image-preview:large","max-video-preview":"max-video-preview:-1"},"canonical":"https:\/\/dicodusport.fr\/blog\/tour-d-italie-2021-andrea-vendrame-ag2r-citroen-enleve-12eme-etape\/","og_locale":"fr_FR","og_type":"article","og_title":"Tour d'Italie 2021 : Andrea Vendrame (AG2R Citro\u00ebn) enl\u00e8ve la 12\u00e8me \u00e9tape","og_description":"CYCLISME - Membre de l'\u00e9chapp\u00e9e du jour, Andrea Vendrame (AG2R Citro\u00ebn) a remport\u00e9 ce jeudi la 12\u00e8me \u00e9tape du Giro, \u00e0 Bagno Di Romagna.","og_url":"https:\/\/dicodusport.fr\/blog\/tour-d-italie-2021-andrea-vendrame-ag2r-citroen-enleve-12eme-etape\/","og_site_name":"Dicodusport","article_publisher":"https:\/\/www.facebook.com\/dicodusport","article_author":"https:\/\/www.facebook.com\/florent.ostermann","article_published_time":"2021-05-20T15:29:59+00:00","article_modified_time":"2021-05-20T15:57:45+00:00","og_image":[{"width":800,"height":445,"url":"https:\/\/dicodusport.fr\/blog\/wp-content\/uploads\/2021\/05\/Tour-dItalie-2021-Andrea-Vendrame-AG2R-Citroen-enleve-la-12eme-etape.png","type":"image\/png"}],"author":"Flo Ostermann","twitter_card":"summary_large_image","twitter_title":"Tour d'Italie 2021 : Andrea Vendrame (AG2R Citro\u00ebn) enl\u00e8ve la 12\u00e8me \u00e9tape","twitter_creator":"@https:\/\/twitter.com\/FlOstermann","twitter_site":"@dicodusport","schema":{"@context":"https:\/\/schema.org","@graph":[{"@type":"NewsArticle","@id":"https:\/\/dicodusport.fr\/blog\/tour-d-italie-2021-andrea-vendrame-ag2r-citroen-enleve-12eme-etape\/#article","isPartOf":{"@id":"https:\/\/dicodusport.fr\/blog\/tour-d-italie-2021-andrea-vendrame-ag2r-citroen-enleve-12eme-etape\/"},"author":{"name":"Flo Ostermann","@id":"https:\/\/dicodusport.fr\/blog\/#\/schema\/person\/cb02af4c173ce4a653b55e9baf388d4a"},"headline":"Tour d&rsquo;Italie 2021 : Andrea Vendrame (AG2R Citro\u00ebn) enl\u00e8ve la 12\u00e8me \u00e9tape","datePublished":"2021-05-20T15:29:59+00:00","dateModified":"2021-05-20T15:57:45+00:00","mainEntityOfPage":{"@id":"https:\/\/dicodusport.fr\/blog\/tour-d-italie-2021-andrea-vendrame-ag2r-citroen-enleve-12eme-etape\/"},"wordCount":468,"commentCount":0,"publisher":{"@id":"https:\/\/dicodusport.fr\/blog\/#organization"},"image":{"@id":"https:\/\/dicodusport.fr\/blog\/tour-d-italie-2021-andrea-vendrame-ag2r-citroen-enleve-12eme-etape\/#primaryimage"},"thumbnailUrl":"https:\/\/dicodusport.fr\/blog\/wp-content\/uploads\/2021\/05\/Tour-dItalie-2021-Andrea-Vendrame-AG2R-Citroen-enleve-la-12eme-etape.png","keywords":["Tour d'Italie"],"articleSection":["Tour d'Italie"],"inLanguage":"fr-FR","potentialAction":[{"@type":"CommentAction","name":"Comment","target":["https:\/\/dicodusport.fr\/blog\/tour-d-italie-2021-andrea-vendrame-ag2r-citroen-enleve-12eme-etape\/#respond"]}],"copyrightYear":"2021","copyrightHolder":{"@id":"https:\/\/dicodusport.fr\/blog\/#organization"}},{"@type":"WebPage","@id":"https:\/\/dicodusport.fr\/blog\/tour-d-italie-2021-andrea-vendrame-ag2r-citroen-enleve-12eme-etape\/","url":"https:\/\/dicodusport.fr\/blog\/tour-d-italie-2021-andrea-vendrame-ag2r-citroen-enleve-12eme-etape\/","name":"Tour d'Italie 2021 : Andrea Vendrame (AG2R Citro\u00ebn) enl\u00e8ve la 12\u00e8me \u00e9tape","isPartOf":{"@id":"https:\/\/dicodusport.fr\/blog\/#website"},"primaryImageOfPage":{"@id":"https:\/\/dicodusport.fr\/blog\/tour-d-italie-2021-andrea-vendrame-ag2r-citroen-enleve-12eme-etape\/#primaryimage"},"image":{"@id":"https:\/\/dicodusport.fr\/blog\/tour-d-italie-2021-andrea-vendrame-ag2r-citroen-enleve-12eme-etape\/#primaryimage"},"thumbnailUrl":"https:\/\/dicodusport.fr\/blog\/wp-content\/uploads\/2021\/05\/Tour-dItalie-2021-Andrea-Vendrame-AG2R-Citroen-enleve-la-12eme-etape.png","datePublished":"2021-05-20T15:29:59+00:00","dateModified":"2021-05-20T15:57:45+00:00","description":"CYCLISME - Membre de l'\u00e9chapp\u00e9e du jour, Andrea Vendrame (AG2R Citro\u00ebn) a remport\u00e9 ce jeudi la 12\u00e8me \u00e9tape du Giro, \u00e0 Bagno Di Romagna.","breadcrumb":{"@id":"https:\/\/dicodusport.fr\/blog\/tour-d-italie-2021-andrea-vendrame-ag2r-citroen-enleve-12eme-etape\/#breadcrumb"},"inLanguage":"fr-FR","potentialAction":[{"@type":"ReadAction","target":["https:\/\/dicodusport.fr\/blog\/tour-d-italie-2021-andrea-vendrame-ag2r-citroen-enleve-12eme-etape\/"]}]},{"@type":"ImageObject","inLanguage":"fr-FR","@id":"https:\/\/dicodusport.fr\/blog\/tour-d-italie-2021-andrea-vendrame-ag2r-citroen-enleve-12eme-etape\/#primaryimage","url":"https:\/\/dicodusport.fr\/blog\/wp-content\/uploads\/2021\/05\/Tour-dItalie-2021-Andrea-Vendrame-AG2R-Citroen-enleve-la-12eme-etape.png","contentUrl":"https:\/\/dicodusport.fr\/blog\/wp-content\/uploads\/2021\/05\/Tour-dItalie-2021-Andrea-Vendrame-AG2R-Citroen-enleve-la-12eme-etape.png","width":800,"height":445,"caption":"Tour d'Italie 2021 - Andrea Vendrame (AG2R Citro\u00ebn) enl\u00e8ve la 12\u00e8me \u00e9tape"},{"@type":"BreadcrumbList","@id":"https:\/\/dicodusport.fr\/blog\/tour-d-italie-2021-andrea-vendrame-ag2r-citroen-enleve-12eme-etape\/#breadcrumb","itemListElement":[{"@type":"ListItem","position":1,"name":"Accueil","item":"https:\/\/dicodusport.fr\/blog\/"},{"@type":"ListItem","position":2,"name":"Tour d&rsquo;Italie 2021 : Andrea Vendrame (AG2R Citro\u00ebn) enl\u00e8ve la 12\u00e8me \u00e9tape"}]},{"@type":"WebSite","@id":"https:\/\/dicodusport.fr\/blog\/#website","url":"https:\/\/dicodusport.fr\/blog\/","name":"Dicodusport","description":"L&#039;encyclop\u00e9die de l&#039;actualit\u00e9 sportive","publisher":{"@id":"https:\/\/dicodusport.fr\/blog\/#organization"},"potentialAction":[{"@type":"SearchAction","target":{"@type":"EntryPoint","urlTemplate":"https:\/\/dicodusport.fr\/blog\/?s={search_term_string}"},"query-input":{"@type":"PropertyValueSpecification","valueRequired":true,"valueName":"search_term_string"}}],"inLanguage":"fr-FR"},{"@type":"NewsMediaOrganization","@id":"https:\/\/dicodusport.fr\/blog\/#organization","name":"Dicodusport","url":"https:\/\/dicodusport.fr\/blog\/","logo":{"@type":"ImageObject","inLanguage":"fr-FR","@id":"https:\/\/dicodusport.fr\/blog\/#\/schema\/logo\/image\/","url":"https:\/\/dicodusport.fr\/blog\/wp-content\/uploads\/2020\/06\/cropped-LOGO-DICODUSPORT-2020-SANS-FOND-SANS-TEXTE.png","contentUrl":"https:\/\/dicodusport.fr\/blog\/wp-content\/uploads\/2020\/06\/cropped-LOGO-DICODUSPORT-2020-SANS-FOND-SANS-TEXTE.png","width":512,"height":512,"caption":"Dicodusport"},"image":{"@id":"https:\/\/dicodusport.fr\/blog\/#\/schema\/logo\/image\/"},"sameAs":["https:\/\/www.facebook.com\/dicodusport","https:\/\/x.com\/dicodusport","https:\/\/www.instagram.com\/dicodusport\/","https:\/\/www.youtube.com\/channel\/UC7V2KZ5sd3htJivAbA4ZG3w"],"description":"Dicodusport est l'encyclop\u00e9die de l'actualit\u00e9 sportive.","email":"bonjour@dicodusport.fr","legalName":"DICODUSPORT","foundingDate":"2018-01-14","vatID":"FR71834470973","taxID":"83447097300043","numberOfEmployees":{"@type":"QuantitativeValue","minValue":"1","maxValue":"10"}},{"@type":"Person","@id":"https:\/\/dicodusport.fr\/blog\/#\/schema\/person\/cb02af4c173ce4a653b55e9baf388d4a","name":"Flo Ostermann","image":{"@type":"ImageObject","inLanguage":"fr-FR","@id":"https:\/\/dicodusport.fr\/blog\/#\/schema\/person\/image\/","url":"https:\/\/dicodusport.fr\/blog\/wp-content\/uploads\/2021\/05\/Flo-Ostermann-150x150.jpg","contentUrl":"https:\/\/dicodusport.fr\/blog\/wp-content\/uploads\/2021\/05\/Flo-Ostermann-150x150.jpg","caption":"Flo Ostermann"},"description":"Journaliste\/R\u00e9dacteur depuis septembre 2015 - Mes premiers souvenirs dans le sport ? Les envol\u00e9es du Stade Toulousain et les duels Villeneuve-Schumacher et H\u00e4kkinen-Schumacher \u00e0 la fin des ann\u00e9es 90, la Coupe du monde de football en 1998, l\u2019exploit du XV de France face aux All Blacks en 1999, mais aussi Richard C\u0153ur de Lion qui vole sur les montagnes du Tour de France. Bien parti pour devenir professeur d\u2019EPS, les \u00e9v\u00e9nements de la vie (et la flemme d\u2019animer des s\u00e9ances de 3x500 m\u00e8tres toute ma vie) m\u2019ont conduit \u00e0 revoir mes plans. Me voil\u00e0 depuis fin 2017 sur Dicodusport, m\u00e9dia gr\u00e2ce (et pour) lequel je partage ma passion : le sport dans tous ses \u00e9tats. Le tout accompagn\u00e9 par les fous furieux et folles furieuses cit\u00e9s sur cette page !","sameAs":["https:\/\/www.facebook.com\/florent.ostermann","https:\/\/x.com\/https:\/\/twitter.com\/FlOstermann","admin"],"url":"https:\/\/dicodusport.fr\/blog\/author\/flo\/"}]}},"_links":{"self":[{"href":"https:\/\/dicodusport.fr\/blog\/wp-json\/wp\/v2\/posts\/131291","targetHints":{"allow":["GET"]}}],"collection":[{"href":"https:\/\/dicodusport.fr\/blog\/wp-json\/wp\/v2\/posts"}],"about":[{"href":"https:\/\/dicodusport.fr\/blog\/wp-json\/wp\/v2\/types\/post"}],"author":[{"embeddable":true,"href":"https:\/\/dicodusport.fr\/blog\/wp-json\/wp\/v2\/users\/4"}],"replies":[{"embeddable":true,"href":"https:\/\/dicodusport.fr\/blog\/wp-json\/wp\/v2\/comments?post=131291"}],"version-history":[{"count":0,"href":"https:\/\/dicodusport.fr\/blog\/wp-json\/wp\/v2\/posts\/131291\/revisions"}],"wp:featuredmedia":[{"embeddable":true,"href":"https:\/\/dicodusport.fr\/blog\/wp-json\/wp\/v2\/media\/131315"}],"wp:attachment":[{"href":"https:\/\/dicodusport.fr\/blog\/wp-json\/wp\/v2\/media?parent=131291"}],"wp:term":[{"taxonomy":"category","embeddable":true,"href":"https:\/\/dicodusport.fr\/blog\/wp-json\/wp\/v2\/categories?post=131291"},{"taxonomy":"post_tag","embeddable":true,"href":"https:\/\/dicodusport.fr\/blog\/wp-json\/wp\/v2\/tags?post=131291"}],"curies":[{"name":"wp","href":"https:\/\/api.w.org\/{rel}","templated":true}]}}