{"id":131365,"date":"2021-05-21T08:12:45","date_gmt":"2021-05-21T06:12:45","guid":{"rendered":"https:\/\/dicodusport.fr\/blog\/?p=131365"},"modified":"2021-05-21T08:12:45","modified_gmt":"2021-05-21T06:12:45","slug":"championnats-d-europe-de-natation-handisport-ugo-didier-inarretable","status":"publish","type":"post","link":"https:\/\/dicodusport.fr\/blog\/championnats-d-europe-de-natation-handisport-ugo-didier-inarretable\/","title":{"rendered":"Championnats d&rsquo;Europe de natation handisport : Ugo Didier inarr\u00eatable"},"content":{"rendered":"<p style=\"text-align: justify;\"><strong><em>HANDISPORT &#8211; CHAMPIONNATS D&rsquo;EUROPE DE NATATION &#8211; D\u00e9j\u00e0 m\u00e9daill\u00e9 d&rsquo;or et d&rsquo;argent, Ugo Didier n&rsquo;en finit plus d&rsquo;\u00e9pater. Il a remport\u00e9 ce jeudi le 400 m\u00e8tres nage libre en patron.<\/em><\/strong><\/p>\n<h2>Une course r\u00e9f\u00e9rence<\/h2>\n<p style=\"text-align: justify;\">Vainqueur du 200 m\u00e8tres 4 nages avec le record d&rsquo;Europe, m\u00e9daill\u00e9 d&rsquo;argent sur le 100 m\u00e8tres, <strong>Ugo Didier<\/strong> continue sa moisson. D\u00e9j\u00e0 meilleur temps des s\u00e9ries ce matin, le Fran\u00e7ais n&rsquo;a jamais \u00e9t\u00e9 inqui\u00e9t\u00e9 durant sa course. S&rsquo;il est pourtant d\u00e9savantag\u00e9 sur les virages \u00e0 cause d&rsquo;une pouss\u00e9e moindre, il fait la diff\u00e9rence sur une nage irr\u00e9prochable. Au terme des 8 longueurs, il colle plus de 5 secondes au second et \u00e9choue \u00e0 seulement 1.14 secondes du record continental en cat\u00e9gorie S9. Ses performances laissent pr\u00e9sager une pleine forme en vue des Jeux Paralympiques.<\/p>\n<blockquote class=\"twitter-tweet\">\n<p dir=\"ltr\" lang=\"fr\">DOUBL\u00c9 DOR\u00c9 POUR UGO DIDIER<br \/>\nRien ne l\u2019arr\u00eate ! Le jeune nageur de 19 ans r\u00e9alise un championnat d\u2019Europe sensationnel. Il domine le 400m NL S9 de bout en bout et d\u00e9croche l\u2019or (4\u201915\u2019\u201960) \u00e0 un souffle du record d\u2019Europe. Un grand champion, chapeau bas Monsieur ! <a href=\"https:\/\/twitter.com\/hashtag\/BleusHandisport?src=hash&amp;ref_src=twsrc%5Etfw\">#BleusHandisport<\/a> <a href=\"https:\/\/t.co\/XSAFzMiXsS\">pic.twitter.com\/XSAFzMiXsS<\/a><\/p>\n<p>\u2014 FFHandisport (@FFHandisport) <a href=\"https:\/\/twitter.com\/FFHandisport\/status\/1395430090725593088?ref_src=twsrc%5Etfw\">May 20, 2021<\/a><\/p><\/blockquote>\n<p><script async src=\"https:\/\/platform.twitter.com\/widgets.js\" charset=\"utf-8\"><\/script><\/p>\n<p style=\"text-align: justify;\">Les autres Fran\u00e7ais n&rsquo;ont malheureusement pas eu autant de r\u00e9ussite. Dans la m\u00eame cat\u00e9gorie et la m\u00eame distance que <strong>Ugo Didier<\/strong>, <strong>Claire Supiot\u00a0<\/strong>n&rsquo;a pas pu faire mieux qu&rsquo;une 4\u00e8me place. Lui aussi au pied du podium (et pour la deuxi\u00e8me fois de la semaine) <strong>David Sm\u00e9tanine<\/strong> a termin\u00e9 son 50 m\u00e8tres S4 \u00e0 moins d&rsquo;une seconde du bronze. Quatri\u00e8me du 400 m\u00e8tres S10, <strong>Florent Marais<\/strong> doit se contenter du 5\u00e8me temps de la finale du 100 m\u00e8tres papillon. <strong>Charles Rozoy<\/strong> prend la 8\u00e8me place du 50 m\u00e8tres S8 et <strong>Alex Portal <\/strong>est 5\u00e8me du 50 m\u00e8tres S13.<\/p>\n","protected":false},"excerpt":{"rendered":"<p>Nouveau titre europ\u00e9en pour le prodige fran\u00e7ais Ugo Didier qui a remport\u00e9 le 400 m\u00e8tres nage libre sans trembler.<\/p>\n","protected":false},"author":43,"featured_media":131438,"comment_status":"open","ping_status":"closed","sticky":false,"template":"","format":"standard","meta":{"_acf_changed":false,"_daextam_enable_autolinks":"","footnotes":""},"categories":[5753,2306],"tags":[5631,1265,69,2700],"class_list":["post-131365","post","type-post","status-publish","format-standard","has-post-thumbnail","hentry","category-handisport","category-natation","tag-championnats-deurope-de-natation","tag-handisport","tag-natation","tag-ugo-didier"],"acf":[],"yoast_head":"<!-- This site is optimized with the Yoast SEO Premium plugin v26.7 (Yoast SEO v26.7) - https:\/\/yoast.com\/wordpress\/plugins\/seo\/ -->\n<title>Championnats d&#039;Europe de natation handisport : Ugo Didier inarr\u00eatable<\/title>\n<meta name=\"description\" content=\"Nouveau titre europ\u00e9en pour le prodige fran\u00e7ais Ugo Didier qui a remport\u00e9 le 400 m\u00e8tres nage libre sans trembler.\" \/>\n<meta name=\"robots\" content=\"index, follow, max-snippet:-1, max-image-preview:large, max-video-preview:-1\" \/>\n<link rel=\"canonical\" href=\"https:\/\/dicodusport.fr\/blog\/championnats-d-europe-de-natation-handisport-ugo-didier-inarretable\/\" \/>\n<meta property=\"og:locale\" content=\"fr_FR\" \/>\n<meta property=\"og:type\" content=\"article\" \/>\n<meta property=\"og:title\" content=\"Championnats d&#039;Europe de natation handisport : Ugo Didier inarr\u00eatable\" \/>\n<meta property=\"og:description\" content=\"Nouveau titre europ\u00e9en pour le prodige fran\u00e7ais Ugo Didier qui a remport\u00e9 le 400 m\u00e8tres nage libre sans trembler.\" \/>\n<meta property=\"og:url\" content=\"https:\/\/dicodusport.fr\/blog\/championnats-d-europe-de-natation-handisport-ugo-didier-inarretable\/\" \/>\n<meta property=\"og:site_name\" content=\"Dicodusport\" \/>\n<meta property=\"article:publisher\" content=\"https:\/\/www.facebook.com\/dicodusport\" \/>\n<meta property=\"article:author\" content=\"https:\/\/www.facebook.com\/Max.Bld2\/\" \/>\n<meta property=\"article:published_time\" content=\"2021-05-21T06:12:45+00:00\" \/>\n<meta property=\"og:image\" content=\"https:\/\/dicodusport.fr\/blog\/wp-content\/uploads\/2021\/05\/Championnats-dEurope-de-natation-handisport-Ugo-Didier-inarretable.png\" \/>\n\t<meta property=\"og:image:width\" content=\"800\" \/>\n\t<meta property=\"og:image:height\" content=\"445\" \/>\n\t<meta property=\"og:image:type\" content=\"image\/png\" \/>\n<meta name=\"author\" content=\"Maxime Boulard\" \/>\n<meta name=\"twitter:card\" content=\"summary_large_image\" \/>\n<meta name=\"twitter:title\" content=\"Championnats d&#039;Europe de natation handisport : Ugo Didier inarr\u00eatable\" \/>\n<meta name=\"twitter:creator\" content=\"@https:\/\/twitter.com\/MaximeB_2\" \/>\n<meta name=\"twitter:site\" content=\"@dicodusport\" \/>\n<script type=\"application\/ld+json\" class=\"yoast-schema-graph\">{\"@context\":\"https:\/\/schema.org\",\"@graph\":[{\"@type\":\"NewsArticle\",\"@id\":\"https:\/\/dicodusport.fr\/blog\/championnats-d-europe-de-natation-handisport-ugo-didier-inarretable\/#article\",\"isPartOf\":{\"@id\":\"https:\/\/dicodusport.fr\/blog\/championnats-d-europe-de-natation-handisport-ugo-didier-inarretable\/\"},\"author\":{\"name\":\"Maxime Boulard\",\"@id\":\"https:\/\/dicodusport.fr\/blog\/#\/schema\/person\/5aab10ee856e86ac63e9819a9da34784\"},\"headline\":\"Championnats d&rsquo;Europe de natation handisport : Ugo Didier inarr\u00eatable\",\"datePublished\":\"2021-05-21T06:12:45+00:00\",\"mainEntityOfPage\":{\"@id\":\"https:\/\/dicodusport.fr\/blog\/championnats-d-europe-de-natation-handisport-ugo-didier-inarretable\/\"},\"wordCount\":322,\"commentCount\":0,\"publisher\":{\"@id\":\"https:\/\/dicodusport.fr\/blog\/#organization\"},\"image\":{\"@id\":\"https:\/\/dicodusport.fr\/blog\/championnats-d-europe-de-natation-handisport-ugo-didier-inarretable\/#primaryimage\"},\"thumbnailUrl\":\"https:\/\/dicodusport.fr\/blog\/wp-content\/uploads\/2021\/05\/Championnats-dEurope-de-natation-handisport-Ugo-Didier-inarretable.png\",\"keywords\":[\"Championnats d'Europe de natation\",\"handisport\",\"natation\",\"Ugo Didier\"],\"articleSection\":[\"Handisport\",\"Natation\"],\"inLanguage\":\"fr-FR\",\"potentialAction\":[{\"@type\":\"CommentAction\",\"name\":\"Comment\",\"target\":[\"https:\/\/dicodusport.fr\/blog\/championnats-d-europe-de-natation-handisport-ugo-didier-inarretable\/#respond\"]}],\"copyrightYear\":\"2021\",\"copyrightHolder\":{\"@id\":\"https:\/\/dicodusport.fr\/blog\/#organization\"}},{\"@type\":\"WebPage\",\"@id\":\"https:\/\/dicodusport.fr\/blog\/championnats-d-europe-de-natation-handisport-ugo-didier-inarretable\/\",\"url\":\"https:\/\/dicodusport.fr\/blog\/championnats-d-europe-de-natation-handisport-ugo-didier-inarretable\/\",\"name\":\"Championnats d'Europe de natation handisport : Ugo Didier inarr\u00eatable\",\"isPartOf\":{\"@id\":\"https:\/\/dicodusport.fr\/blog\/#website\"},\"primaryImageOfPage\":{\"@id\":\"https:\/\/dicodusport.fr\/blog\/championnats-d-europe-de-natation-handisport-ugo-didier-inarretable\/#primaryimage\"},\"image\":{\"@id\":\"https:\/\/dicodusport.fr\/blog\/championnats-d-europe-de-natation-handisport-ugo-didier-inarretable\/#primaryimage\"},\"thumbnailUrl\":\"https:\/\/dicodusport.fr\/blog\/wp-content\/uploads\/2021\/05\/Championnats-dEurope-de-natation-handisport-Ugo-Didier-inarretable.png\",\"datePublished\":\"2021-05-21T06:12:45+00:00\",\"description\":\"Nouveau titre europ\u00e9en pour le prodige fran\u00e7ais Ugo Didier qui a remport\u00e9 le 400 m\u00e8tres nage libre sans trembler.\",\"breadcrumb\":{\"@id\":\"https:\/\/dicodusport.fr\/blog\/championnats-d-europe-de-natation-handisport-ugo-didier-inarretable\/#breadcrumb\"},\"inLanguage\":\"fr-FR\",\"potentialAction\":[{\"@type\":\"ReadAction\",\"target\":[\"https:\/\/dicodusport.fr\/blog\/championnats-d-europe-de-natation-handisport-ugo-didier-inarretable\/\"]}]},{\"@type\":\"ImageObject\",\"inLanguage\":\"fr-FR\",\"@id\":\"https:\/\/dicodusport.fr\/blog\/championnats-d-europe-de-natation-handisport-ugo-didier-inarretable\/#primaryimage\",\"url\":\"https:\/\/dicodusport.fr\/blog\/wp-content\/uploads\/2021\/05\/Championnats-dEurope-de-natation-handisport-Ugo-Didier-inarretable.png\",\"contentUrl\":\"https:\/\/dicodusport.fr\/blog\/wp-content\/uploads\/2021\/05\/Championnats-dEurope-de-natation-handisport-Ugo-Didier-inarretable.png\",\"width\":800,\"height\":445,\"caption\":\"Mieux comprendre le handisport : la natation\"},{\"@type\":\"BreadcrumbList\",\"@id\":\"https:\/\/dicodusport.fr\/blog\/championnats-d-europe-de-natation-handisport-ugo-didier-inarretable\/#breadcrumb\",\"itemListElement\":[{\"@type\":\"ListItem\",\"position\":1,\"name\":\"Accueil\",\"item\":\"https:\/\/dicodusport.fr\/blog\/\"},{\"@type\":\"ListItem\",\"position\":2,\"name\":\"Championnats d&rsquo;Europe de natation handisport : Ugo Didier inarr\u00eatable\"}]},{\"@type\":\"WebSite\",\"@id\":\"https:\/\/dicodusport.fr\/blog\/#website\",\"url\":\"https:\/\/dicodusport.fr\/blog\/\",\"name\":\"Dicodusport\",\"description\":\"L&#039;encyclop\u00e9die de l&#039;actualit\u00e9 sportive\",\"publisher\":{\"@id\":\"https:\/\/dicodusport.fr\/blog\/#organization\"},\"potentialAction\":[{\"@type\":\"SearchAction\",\"target\":{\"@type\":\"EntryPoint\",\"urlTemplate\":\"https:\/\/dicodusport.fr\/blog\/?s={search_term_string}\"},\"query-input\":{\"@type\":\"PropertyValueSpecification\",\"valueRequired\":true,\"valueName\":\"search_term_string\"}}],\"inLanguage\":\"fr-FR\"},{\"@type\":\"NewsMediaOrganization\",\"@id\":\"https:\/\/dicodusport.fr\/blog\/#organization\",\"name\":\"Dicodusport\",\"url\":\"https:\/\/dicodusport.fr\/blog\/\",\"logo\":{\"@type\":\"ImageObject\",\"inLanguage\":\"fr-FR\",\"@id\":\"https:\/\/dicodusport.fr\/blog\/#\/schema\/logo\/image\/\",\"url\":\"https:\/\/dicodusport.fr\/blog\/wp-content\/uploads\/2020\/06\/cropped-LOGO-DICODUSPORT-2020-SANS-FOND-SANS-TEXTE.png\",\"contentUrl\":\"https:\/\/dicodusport.fr\/blog\/wp-content\/uploads\/2020\/06\/cropped-LOGO-DICODUSPORT-2020-SANS-FOND-SANS-TEXTE.png\",\"width\":512,\"height\":512,\"caption\":\"Dicodusport\"},\"image\":{\"@id\":\"https:\/\/dicodusport.fr\/blog\/#\/schema\/logo\/image\/\"},\"sameAs\":[\"https:\/\/www.facebook.com\/dicodusport\",\"https:\/\/x.com\/dicodusport\",\"https:\/\/www.instagram.com\/dicodusport\/\",\"https:\/\/www.youtube.com\/channel\/UC7V2KZ5sd3htJivAbA4ZG3w\"],\"description\":\"Dicodusport est l'encyclop\u00e9die de l'actualit\u00e9 sportive.\",\"email\":\"bonjour@dicodusport.fr\",\"legalName\":\"DICODUSPORT\",\"foundingDate\":\"2018-01-14\",\"vatID\":\"FR71834470973\",\"taxID\":\"83447097300043\",\"numberOfEmployees\":{\"@type\":\"QuantitativeValue\",\"minValue\":\"1\",\"maxValue\":\"10\"}},{\"@type\":\"Person\",\"@id\":\"https:\/\/dicodusport.fr\/blog\/#\/schema\/person\/5aab10ee856e86ac63e9819a9da34784\",\"name\":\"Maxime Boulard\",\"image\":{\"@type\":\"ImageObject\",\"inLanguage\":\"fr-FR\",\"@id\":\"https:\/\/dicodusport.fr\/blog\/#\/schema\/person\/image\/\",\"url\":\"https:\/\/dicodusport.fr\/blog\/wp-content\/uploads\/2021\/05\/Maxime-Boulard-150x150.jpg\",\"contentUrl\":\"https:\/\/dicodusport.fr\/blog\/wp-content\/uploads\/2021\/05\/Maxime-Boulard-150x150.jpg\",\"caption\":\"Maxime Boulard\"},\"description\":\"Journaliste\/r\u00e9dacteur depuis octobre 2020 - Si mon plus vieux souvenir de sport aurait pu m'en d\u00e9go\u00fbter, la finale de la Coupe du monde 2006 a \u00e9t\u00e9 tout le contraire. V\u00e9ritable d\u00e9clencheur d'une passion qui aujourd'hui ne fait que grandir avec le temps, mon leitmotiv est la France qui brille ! Je relate les exploits pass\u00e9s et pr\u00e9sents du sport bleu-blanc-rouge sans m\u00e9nagement depuis octobre 2020. Sport valide ou handisport, aucune diff\u00e9rence, il n'y a que du sport et plusieurs fa\u00e7ons de le pratiquer.\",\"sameAs\":[\"https:\/\/www.facebook.com\/Max.Bld2\/\",\"https:\/\/x.com\/https:\/\/twitter.com\/MaximeB_2\"],\"url\":\"https:\/\/dicodusport.fr\/blog\/author\/maxime-b\/\"}]}<\/script>\n<!-- \/ Yoast SEO Premium plugin. -->","yoast_head_json":{"title":"Championnats d'Europe de natation handisport : Ugo Didier inarr\u00eatable","description":"Nouveau titre europ\u00e9en pour le prodige fran\u00e7ais Ugo Didier qui a remport\u00e9 le 400 m\u00e8tres nage libre sans trembler.","robots":{"index":"index","follow":"follow","max-snippet":"max-snippet:-1","max-image-preview":"max-image-preview:large","max-video-preview":"max-video-preview:-1"},"canonical":"https:\/\/dicodusport.fr\/blog\/championnats-d-europe-de-natation-handisport-ugo-didier-inarretable\/","og_locale":"fr_FR","og_type":"article","og_title":"Championnats d'Europe de natation handisport : Ugo Didier inarr\u00eatable","og_description":"Nouveau titre europ\u00e9en pour le prodige fran\u00e7ais Ugo Didier qui a remport\u00e9 le 400 m\u00e8tres nage libre sans trembler.","og_url":"https:\/\/dicodusport.fr\/blog\/championnats-d-europe-de-natation-handisport-ugo-didier-inarretable\/","og_site_name":"Dicodusport","article_publisher":"https:\/\/www.facebook.com\/dicodusport","article_author":"https:\/\/www.facebook.com\/Max.Bld2\/","article_published_time":"2021-05-21T06:12:45+00:00","og_image":[{"width":800,"height":445,"url":"https:\/\/dicodusport.fr\/blog\/wp-content\/uploads\/2021\/05\/Championnats-dEurope-de-natation-handisport-Ugo-Didier-inarretable.png","type":"image\/png"}],"author":"Maxime Boulard","twitter_card":"summary_large_image","twitter_title":"Championnats d'Europe de natation handisport : Ugo Didier inarr\u00eatable","twitter_creator":"@https:\/\/twitter.com\/MaximeB_2","twitter_site":"@dicodusport","schema":{"@context":"https:\/\/schema.org","@graph":[{"@type":"NewsArticle","@id":"https:\/\/dicodusport.fr\/blog\/championnats-d-europe-de-natation-handisport-ugo-didier-inarretable\/#article","isPartOf":{"@id":"https:\/\/dicodusport.fr\/blog\/championnats-d-europe-de-natation-handisport-ugo-didier-inarretable\/"},"author":{"name":"Maxime Boulard","@id":"https:\/\/dicodusport.fr\/blog\/#\/schema\/person\/5aab10ee856e86ac63e9819a9da34784"},"headline":"Championnats d&rsquo;Europe de natation handisport : Ugo Didier inarr\u00eatable","datePublished":"2021-05-21T06:12:45+00:00","mainEntityOfPage":{"@id":"https:\/\/dicodusport.fr\/blog\/championnats-d-europe-de-natation-handisport-ugo-didier-inarretable\/"},"wordCount":322,"commentCount":0,"publisher":{"@id":"https:\/\/dicodusport.fr\/blog\/#organization"},"image":{"@id":"https:\/\/dicodusport.fr\/blog\/championnats-d-europe-de-natation-handisport-ugo-didier-inarretable\/#primaryimage"},"thumbnailUrl":"https:\/\/dicodusport.fr\/blog\/wp-content\/uploads\/2021\/05\/Championnats-dEurope-de-natation-handisport-Ugo-Didier-inarretable.png","keywords":["Championnats d'Europe de natation","handisport","natation","Ugo Didier"],"articleSection":["Handisport","Natation"],"inLanguage":"fr-FR","potentialAction":[{"@type":"CommentAction","name":"Comment","target":["https:\/\/dicodusport.fr\/blog\/championnats-d-europe-de-natation-handisport-ugo-didier-inarretable\/#respond"]}],"copyrightYear":"2021","copyrightHolder":{"@id":"https:\/\/dicodusport.fr\/blog\/#organization"}},{"@type":"WebPage","@id":"https:\/\/dicodusport.fr\/blog\/championnats-d-europe-de-natation-handisport-ugo-didier-inarretable\/","url":"https:\/\/dicodusport.fr\/blog\/championnats-d-europe-de-natation-handisport-ugo-didier-inarretable\/","name":"Championnats d'Europe de natation handisport : Ugo Didier inarr\u00eatable","isPartOf":{"@id":"https:\/\/dicodusport.fr\/blog\/#website"},"primaryImageOfPage":{"@id":"https:\/\/dicodusport.fr\/blog\/championnats-d-europe-de-natation-handisport-ugo-didier-inarretable\/#primaryimage"},"image":{"@id":"https:\/\/dicodusport.fr\/blog\/championnats-d-europe-de-natation-handisport-ugo-didier-inarretable\/#primaryimage"},"thumbnailUrl":"https:\/\/dicodusport.fr\/blog\/wp-content\/uploads\/2021\/05\/Championnats-dEurope-de-natation-handisport-Ugo-Didier-inarretable.png","datePublished":"2021-05-21T06:12:45+00:00","description":"Nouveau titre europ\u00e9en pour le prodige fran\u00e7ais Ugo Didier qui a remport\u00e9 le 400 m\u00e8tres nage libre sans trembler.","breadcrumb":{"@id":"https:\/\/dicodusport.fr\/blog\/championnats-d-europe-de-natation-handisport-ugo-didier-inarretable\/#breadcrumb"},"inLanguage":"fr-FR","potentialAction":[{"@type":"ReadAction","target":["https:\/\/dicodusport.fr\/blog\/championnats-d-europe-de-natation-handisport-ugo-didier-inarretable\/"]}]},{"@type":"ImageObject","inLanguage":"fr-FR","@id":"https:\/\/dicodusport.fr\/blog\/championnats-d-europe-de-natation-handisport-ugo-didier-inarretable\/#primaryimage","url":"https:\/\/dicodusport.fr\/blog\/wp-content\/uploads\/2021\/05\/Championnats-dEurope-de-natation-handisport-Ugo-Didier-inarretable.png","contentUrl":"https:\/\/dicodusport.fr\/blog\/wp-content\/uploads\/2021\/05\/Championnats-dEurope-de-natation-handisport-Ugo-Didier-inarretable.png","width":800,"height":445,"caption":"Mieux comprendre le handisport : la natation"},{"@type":"BreadcrumbList","@id":"https:\/\/dicodusport.fr\/blog\/championnats-d-europe-de-natation-handisport-ugo-didier-inarretable\/#breadcrumb","itemListElement":[{"@type":"ListItem","position":1,"name":"Accueil","item":"https:\/\/dicodusport.fr\/blog\/"},{"@type":"ListItem","position":2,"name":"Championnats d&rsquo;Europe de natation handisport : Ugo Didier inarr\u00eatable"}]},{"@type":"WebSite","@id":"https:\/\/dicodusport.fr\/blog\/#website","url":"https:\/\/dicodusport.fr\/blog\/","name":"Dicodusport","description":"L&#039;encyclop\u00e9die de l&#039;actualit\u00e9 sportive","publisher":{"@id":"https:\/\/dicodusport.fr\/blog\/#organization"},"potentialAction":[{"@type":"SearchAction","target":{"@type":"EntryPoint","urlTemplate":"https:\/\/dicodusport.fr\/blog\/?s={search_term_string}"},"query-input":{"@type":"PropertyValueSpecification","valueRequired":true,"valueName":"search_term_string"}}],"inLanguage":"fr-FR"},{"@type":"NewsMediaOrganization","@id":"https:\/\/dicodusport.fr\/blog\/#organization","name":"Dicodusport","url":"https:\/\/dicodusport.fr\/blog\/","logo":{"@type":"ImageObject","inLanguage":"fr-FR","@id":"https:\/\/dicodusport.fr\/blog\/#\/schema\/logo\/image\/","url":"https:\/\/dicodusport.fr\/blog\/wp-content\/uploads\/2020\/06\/cropped-LOGO-DICODUSPORT-2020-SANS-FOND-SANS-TEXTE.png","contentUrl":"https:\/\/dicodusport.fr\/blog\/wp-content\/uploads\/2020\/06\/cropped-LOGO-DICODUSPORT-2020-SANS-FOND-SANS-TEXTE.png","width":512,"height":512,"caption":"Dicodusport"},"image":{"@id":"https:\/\/dicodusport.fr\/blog\/#\/schema\/logo\/image\/"},"sameAs":["https:\/\/www.facebook.com\/dicodusport","https:\/\/x.com\/dicodusport","https:\/\/www.instagram.com\/dicodusport\/","https:\/\/www.youtube.com\/channel\/UC7V2KZ5sd3htJivAbA4ZG3w"],"description":"Dicodusport est l'encyclop\u00e9die de l'actualit\u00e9 sportive.","email":"bonjour@dicodusport.fr","legalName":"DICODUSPORT","foundingDate":"2018-01-14","vatID":"FR71834470973","taxID":"83447097300043","numberOfEmployees":{"@type":"QuantitativeValue","minValue":"1","maxValue":"10"}},{"@type":"Person","@id":"https:\/\/dicodusport.fr\/blog\/#\/schema\/person\/5aab10ee856e86ac63e9819a9da34784","name":"Maxime Boulard","image":{"@type":"ImageObject","inLanguage":"fr-FR","@id":"https:\/\/dicodusport.fr\/blog\/#\/schema\/person\/image\/","url":"https:\/\/dicodusport.fr\/blog\/wp-content\/uploads\/2021\/05\/Maxime-Boulard-150x150.jpg","contentUrl":"https:\/\/dicodusport.fr\/blog\/wp-content\/uploads\/2021\/05\/Maxime-Boulard-150x150.jpg","caption":"Maxime Boulard"},"description":"Journaliste\/r\u00e9dacteur depuis octobre 2020 - Si mon plus vieux souvenir de sport aurait pu m'en d\u00e9go\u00fbter, la finale de la Coupe du monde 2006 a \u00e9t\u00e9 tout le contraire. V\u00e9ritable d\u00e9clencheur d'une passion qui aujourd'hui ne fait que grandir avec le temps, mon leitmotiv est la France qui brille ! Je relate les exploits pass\u00e9s et pr\u00e9sents du sport bleu-blanc-rouge sans m\u00e9nagement depuis octobre 2020. Sport valide ou handisport, aucune diff\u00e9rence, il n'y a que du sport et plusieurs fa\u00e7ons de le pratiquer.","sameAs":["https:\/\/www.facebook.com\/Max.Bld2\/","https:\/\/x.com\/https:\/\/twitter.com\/MaximeB_2"],"url":"https:\/\/dicodusport.fr\/blog\/author\/maxime-b\/"}]}},"_links":{"self":[{"href":"https:\/\/dicodusport.fr\/blog\/wp-json\/wp\/v2\/posts\/131365","targetHints":{"allow":["GET"]}}],"collection":[{"href":"https:\/\/dicodusport.fr\/blog\/wp-json\/wp\/v2\/posts"}],"about":[{"href":"https:\/\/dicodusport.fr\/blog\/wp-json\/wp\/v2\/types\/post"}],"author":[{"embeddable":true,"href":"https:\/\/dicodusport.fr\/blog\/wp-json\/wp\/v2\/users\/43"}],"replies":[{"embeddable":true,"href":"https:\/\/dicodusport.fr\/blog\/wp-json\/wp\/v2\/comments?post=131365"}],"version-history":[{"count":0,"href":"https:\/\/dicodusport.fr\/blog\/wp-json\/wp\/v2\/posts\/131365\/revisions"}],"wp:featuredmedia":[{"embeddable":true,"href":"https:\/\/dicodusport.fr\/blog\/wp-json\/wp\/v2\/media\/131438"}],"wp:attachment":[{"href":"https:\/\/dicodusport.fr\/blog\/wp-json\/wp\/v2\/media?parent=131365"}],"wp:term":[{"taxonomy":"category","embeddable":true,"href":"https:\/\/dicodusport.fr\/blog\/wp-json\/wp\/v2\/categories?post=131365"},{"taxonomy":"post_tag","embeddable":true,"href":"https:\/\/dicodusport.fr\/blog\/wp-json\/wp\/v2\/tags?post=131365"}],"curies":[{"name":"wp","href":"https:\/\/api.w.org\/{rel}","templated":true}]}}