{"id":131374,"date":"2021-05-20T20:41:16","date_gmt":"2021-05-20T18:41:16","guid":{"rendered":"https:\/\/dicodusport.fr\/blog\/?p=131374"},"modified":"2021-05-21T08:43:48","modified_gmt":"2021-05-21T06:43:48","slug":"jeep-elite-asvel-gere-face-a-un-strasbourg-decime","status":"publish","type":"post","link":"https:\/\/dicodusport.fr\/blog\/jeep-elite-asvel-gere-face-a-un-strasbourg-decime\/","title":{"rendered":"Jeep \u00c9lite : L\u2019ASVEL g\u00e8re face \u00e0 un Strasbourg d\u00e9cim\u00e9"},"content":{"rendered":"<p align=\"justify\"><em><b>JEEP \u00c9LITE &#8211; Face \u00e0 une \u00e9quipe de Strasbourg d\u00e9cim\u00e9e, l\u2019ASVEL s\u2019est offert un septi\u00e8me succ\u00e8s cons\u00e9cutif en Jeep Elite. Le collectif lyonnais n\u2019a pas eu \u00e0 forcer son talent, faisant la diff\u00e9rence en premi\u00e8re mi-temps, pour finalement l\u2019emporter 87-75.<\/b><\/em><\/p>\n<p align=\"justify\">Pr\u00e8s d\u2019un mois apr\u00e8s avoir subi sa derni\u00e8re d\u00e9faite \u00e0 l\u2019Astroballe, <b>l\u2019ASVEL<\/b> d\u00e9fiait de nouveau <b>Strasbourg<\/b> ce jeudi soir. La SIG a pu faire un break pendant une dizaine de jours apr\u00e8s avoir particip\u00e9 au Final Eight de la Ligue des Champions. Cependant, cette derni\u00e8re \u00e9tait s\u00e9v\u00e8rement handicap\u00e9e par les absences de <b>Bonzi Colson<\/b> et <b>Brendan Jefferson<\/b>.<\/p>\n<h2 style=\"text-align: justify;\" align=\"justify\"><b>Le collectif lyonnais fait rapidement la diff\u00e9rence<\/b><\/h2>\n<p align=\"justify\"><b>TJ Parker<\/b> d\u00e9cide de son c\u00f4t\u00e9 de partir sur un cinq 100\u00a0% fran\u00e7ais pour d\u00e9buter la partie (Heurtel-Diot-Kahudi-Yabusele-Fall). Si les Strasbourgeois d\u00e9fendent bien sur les premi\u00e8res possessions, ils n\u2019arrivent pas \u00e0 d\u00e9velopper un jeu efficace en attaques. L\u2019ASVEL commence \u00e0 trouver son rythme et creuse rapidement un petit \u00e9cart derri\u00e8re lequel les hommes de <b>Lasse Tuovi <\/b>doivent courir. Ces derniers ne se facilitent pas la t\u00e2che en ratant leurs trois premiers lancers francs.<\/p>\n<p align=\"justify\">L\u2019ASVEL n\u2019a pas l\u2019intention de faire des cadeaux et cela se ressent d\u2019embl\u00e9e dans le deuxi\u00e8me quart. Le jeu se lib\u00e8re mais l\u2019intensit\u00e9 d\u00e9fensive des hommes de TJ Parker est \u00e9norme. La SIG souffre pour inscrire le moindre point en prenant l\u2019eau de l\u2019autre c\u00f4t\u00e9 malgr\u00e9 l\u2019omnipr\u00e9sence de <b>Jaromir Bohacik<\/b> (13 points, 5 passes). <b>David Lighty<\/b> (11 points) montre la voie par ses efforts de part et d\u2019autres du parquet, tandis que <b>Antoine Diot <\/b>(11 points, 5 passes) se r\u00e9gale derri\u00e8re l\u2019arc. La r\u00e9ussite est pr\u00e9sente, et l\u2019\u00e9cart lui se creuse inexorablement. Le collectif lyonnais \u00e9crase la rotation courte des Alsaciens de 22 points au bout de 20 minutes.<\/p>\n<h2 style=\"text-align: justify;\" align=\"justify\"><b>La rotation de la SIG trop courte<\/b><\/h2>\n<p align=\"justify\">Cependant, les hommes de Lasse Tuovi reviennent des vestiaires avec beaucoup d\u2019envie et de percussion. Ils passent directement un 8-0 pour se rapprocher l\u00e9g\u00e8rement dans les pas de <b>DeAndre Lansdowne<\/b> (18 points, 5 rebonds). L\u2019ASVEL ne panique pas et continue \u00e0 produire un jeu de qualit\u00e9, avec un Thomas Heurtel plus discret que d\u2019habitude. La fatigue c\u00f4t\u00e9 SIG se fait de plus en plus pr\u00e9sente, mais le 4<sup>e<\/sup> du championnat ne craque pas totalement.<\/p>\n<p align=\"justify\">Cependant, l\u2019\u00e9cart reste toujours \u00e0 plus de dix points. Seul \u00e0 surnager, DeAndre Lansdowne effectue un tr\u00e8s bon match pour compenser du mieux qu\u2019il peut les absences de Colson et Jefferson. S\u2019ils parviennent \u00e0 se rapprocher dans les derni\u00e8res secondes, <b>Thomas Heurtel<\/b> (15 points, 4 passes) vient plier l\u2019affaire d\u2019un shoot assassin \u00e0 2 minutes du buzzer. Trop forte collectivement et individuellement, l\u2019ASVEL l\u2019emporte 87-75 en s\u2019appuyant sur son collectif huil\u00e9 et profond. Cela a encore permis \u00e0 six joueurs de d\u00e9passer les 10 points. Strasbourg essuie donc sa sixi\u00e8me d\u00e9faite de la saison, soit autant que son adversaire du soir.<\/p>\n<blockquote class=\"twitter-tweet\">\n<p dir=\"ltr\" lang=\"fr\">Le public \u00e9tait de retour \u00e0 l&rsquo;Astroballe, et LDLC ASVEL assur\u00e9 le coup pour encha\u00eener un 8\u00e8me succ\u00e8s de suite en <a href=\"https:\/\/twitter.com\/hashtag\/JeepELITE?src=hash&amp;ref_src=twsrc%5Etfw\">#JeepELITE<\/a> ! <a href=\"https:\/\/twitter.com\/hashtag\/LDLCASVEL?src=hash&amp;ref_src=twsrc%5Etfw\">#LDLCASVEL<\/a> <a href=\"https:\/\/t.co\/VIw40L8i90\">pic.twitter.com\/VIw40L8i90<\/a><\/p>\n<p>\u2014 LDLC ASVEL (@LDLCASVEL) <a href=\"https:\/\/twitter.com\/LDLCASVEL\/status\/1395444139303575552?ref_src=twsrc%5Etfw\">May 20, 2021<\/a><\/p><\/blockquote>\n<p><script async src=\"https:\/\/platform.twitter.com\/widgets.js\" charset=\"utf-8\"><\/script><\/p>\n","protected":false},"excerpt":{"rendered":"<p>JEEP \u00c9LITE &#8211; Face \u00e0 une \u00e9quipe de Strasbourg d\u00e9cim\u00e9e, l\u2019ASVEL s\u2019est offert un septi\u00e8me succ\u00e8s cons\u00e9cutif en Jeep Elite. Le collectif lyonnais n\u2019a pas eu \u00e0 forcer son talent, faisant la diff\u00e9rence en premi\u00e8re mi-temps, pour finalement l\u2019emporter 87-75.<\/p>\n","protected":false},"author":55,"featured_media":129778,"comment_status":"open","ping_status":"closed","sticky":false,"template":"","format":"standard","meta":{"_acf_changed":false,"_daextam_enable_autolinks":"","footnotes":""},"categories":[2305],"tags":[7864,8271,1619,4474],"class_list":["post-131374","post","type-post","status-publish","format-standard","has-post-thumbnail","hentry","category-basket-ball","tag-asvel","tag-jeep-elite","tag-strasbourg","tag-thomas-heurtel"],"acf":[],"yoast_head":"<!-- This site is optimized with the Yoast SEO Premium plugin v26.7 (Yoast SEO v26.7) - https:\/\/yoast.com\/wordpress\/plugins\/seo\/ -->\n<title>Jeep \u00c9lite : L\u2019ASVEL g\u00e8re face \u00e0 un Strasbourg d\u00e9cim\u00e9<\/title>\n<meta name=\"description\" content=\"Pr\u00e8s d&#039;un mois apr\u00e8s sa derni\u00e8re d\u00e9faite \u00e0 Strasbourg, l&#039;ASVEL a enchain\u00e9 un septi\u00e8me succ\u00e8s cons\u00e9cutif en disposant des Alsaciens.\" \/>\n<meta name=\"robots\" content=\"index, follow, max-snippet:-1, max-image-preview:large, max-video-preview:-1\" \/>\n<link rel=\"canonical\" href=\"https:\/\/dicodusport.fr\/blog\/jeep-elite-asvel-gere-face-a-un-strasbourg-decime\/\" \/>\n<meta property=\"og:locale\" content=\"fr_FR\" \/>\n<meta property=\"og:type\" content=\"article\" \/>\n<meta property=\"og:title\" content=\"Jeep \u00c9lite : L\u2019ASVEL g\u00e8re face \u00e0 un Strasbourg d\u00e9cim\u00e9\" \/>\n<meta property=\"og:description\" content=\"Pr\u00e8s d&#039;un mois apr\u00e8s sa derni\u00e8re d\u00e9faite \u00e0 Strasbourg, l&#039;ASVEL a enchain\u00e9 un septi\u00e8me succ\u00e8s cons\u00e9cutif en disposant des Alsaciens.\" \/>\n<meta property=\"og:url\" content=\"https:\/\/dicodusport.fr\/blog\/jeep-elite-asvel-gere-face-a-un-strasbourg-decime\/\" \/>\n<meta property=\"og:site_name\" content=\"Dicodusport\" \/>\n<meta property=\"article:publisher\" content=\"https:\/\/www.facebook.com\/dicodusport\" \/>\n<meta property=\"article:published_time\" content=\"2021-05-20T18:41:16+00:00\" \/>\n<meta property=\"article:modified_time\" content=\"2021-05-21T06:43:48+00:00\" \/>\n<meta property=\"og:image\" content=\"https:\/\/dicodusport.fr\/blog\/wp-content\/uploads\/2021\/05\/Jeep-Elite-LASVEL-de-Thomas-Heurtel-et-Moustapha-Fall-desosse-Monaco.png\" \/>\n\t<meta property=\"og:image:width\" content=\"800\" \/>\n\t<meta property=\"og:image:height\" content=\"445\" \/>\n\t<meta property=\"og:image:type\" content=\"image\/png\" \/>\n<meta name=\"author\" content=\"Maxime Cazenave\" \/>\n<meta name=\"twitter:card\" content=\"summary_large_image\" \/>\n<meta name=\"twitter:title\" content=\"Jeep \u00c9lite : L\u2019ASVEL g\u00e8re face \u00e0 un Strasbourg d\u00e9cim\u00e9\" \/>\n<meta name=\"twitter:creator\" content=\"@https:\/\/twitter.com\/Maxime_Caze\" \/>\n<meta name=\"twitter:site\" content=\"@dicodusport\" \/>\n<script type=\"application\/ld+json\" class=\"yoast-schema-graph\">{\"@context\":\"https:\/\/schema.org\",\"@graph\":[{\"@type\":\"NewsArticle\",\"@id\":\"https:\/\/dicodusport.fr\/blog\/jeep-elite-asvel-gere-face-a-un-strasbourg-decime\/#article\",\"isPartOf\":{\"@id\":\"https:\/\/dicodusport.fr\/blog\/jeep-elite-asvel-gere-face-a-un-strasbourg-decime\/\"},\"author\":{\"name\":\"Maxime Cazenave\",\"@id\":\"https:\/\/dicodusport.fr\/blog\/#\/schema\/person\/37def232098a7a5cbab3974a3690abb0\"},\"headline\":\"Jeep \u00c9lite : L\u2019ASVEL g\u00e8re face \u00e0 un Strasbourg d\u00e9cim\u00e9\",\"datePublished\":\"2021-05-20T18:41:16+00:00\",\"dateModified\":\"2021-05-21T06:43:48+00:00\",\"mainEntityOfPage\":{\"@id\":\"https:\/\/dicodusport.fr\/blog\/jeep-elite-asvel-gere-face-a-un-strasbourg-decime\/\"},\"wordCount\":566,\"commentCount\":0,\"publisher\":{\"@id\":\"https:\/\/dicodusport.fr\/blog\/#organization\"},\"image\":{\"@id\":\"https:\/\/dicodusport.fr\/blog\/jeep-elite-asvel-gere-face-a-un-strasbourg-decime\/#primaryimage\"},\"thumbnailUrl\":\"https:\/\/dicodusport.fr\/blog\/wp-content\/uploads\/2021\/05\/Jeep-Elite-LASVEL-de-Thomas-Heurtel-et-Moustapha-Fall-desosse-Monaco.png\",\"keywords\":[\"ASVEL\",\"Jeep Elite\",\"Strasbourg\",\"Thomas Heurtel\"],\"articleSection\":[\"Basket-ball\"],\"inLanguage\":\"fr-FR\",\"potentialAction\":[{\"@type\":\"CommentAction\",\"name\":\"Comment\",\"target\":[\"https:\/\/dicodusport.fr\/blog\/jeep-elite-asvel-gere-face-a-un-strasbourg-decime\/#respond\"]}],\"copyrightYear\":\"2021\",\"copyrightHolder\":{\"@id\":\"https:\/\/dicodusport.fr\/blog\/#organization\"}},{\"@type\":\"WebPage\",\"@id\":\"https:\/\/dicodusport.fr\/blog\/jeep-elite-asvel-gere-face-a-un-strasbourg-decime\/\",\"url\":\"https:\/\/dicodusport.fr\/blog\/jeep-elite-asvel-gere-face-a-un-strasbourg-decime\/\",\"name\":\"Jeep \u00c9lite : L\u2019ASVEL g\u00e8re face \u00e0 un Strasbourg d\u00e9cim\u00e9\",\"isPartOf\":{\"@id\":\"https:\/\/dicodusport.fr\/blog\/#website\"},\"primaryImageOfPage\":{\"@id\":\"https:\/\/dicodusport.fr\/blog\/jeep-elite-asvel-gere-face-a-un-strasbourg-decime\/#primaryimage\"},\"image\":{\"@id\":\"https:\/\/dicodusport.fr\/blog\/jeep-elite-asvel-gere-face-a-un-strasbourg-decime\/#primaryimage\"},\"thumbnailUrl\":\"https:\/\/dicodusport.fr\/blog\/wp-content\/uploads\/2021\/05\/Jeep-Elite-LASVEL-de-Thomas-Heurtel-et-Moustapha-Fall-desosse-Monaco.png\",\"datePublished\":\"2021-05-20T18:41:16+00:00\",\"dateModified\":\"2021-05-21T06:43:48+00:00\",\"description\":\"Pr\u00e8s d'un mois apr\u00e8s sa derni\u00e8re d\u00e9faite \u00e0 Strasbourg, l'ASVEL a enchain\u00e9 un septi\u00e8me succ\u00e8s cons\u00e9cutif en disposant des Alsaciens.\",\"breadcrumb\":{\"@id\":\"https:\/\/dicodusport.fr\/blog\/jeep-elite-asvel-gere-face-a-un-strasbourg-decime\/#breadcrumb\"},\"inLanguage\":\"fr-FR\",\"potentialAction\":[{\"@type\":\"ReadAction\",\"target\":[\"https:\/\/dicodusport.fr\/blog\/jeep-elite-asvel-gere-face-a-un-strasbourg-decime\/\"]}]},{\"@type\":\"ImageObject\",\"inLanguage\":\"fr-FR\",\"@id\":\"https:\/\/dicodusport.fr\/blog\/jeep-elite-asvel-gere-face-a-un-strasbourg-decime\/#primaryimage\",\"url\":\"https:\/\/dicodusport.fr\/blog\/wp-content\/uploads\/2021\/05\/Jeep-Elite-LASVEL-de-Thomas-Heurtel-et-Moustapha-Fall-desosse-Monaco.png\",\"contentUrl\":\"https:\/\/dicodusport.fr\/blog\/wp-content\/uploads\/2021\/05\/Jeep-Elite-LASVEL-de-Thomas-Heurtel-et-Moustapha-Fall-desosse-Monaco.png\",\"width\":800,\"height\":445,\"caption\":\"Jeep \u00c9lite\u00a0: L\u2019ASVEL valide un douzi\u00e8me succ\u00e8s cons\u00e9cutif en ma\u00eetrisant Cholet\"},{\"@type\":\"BreadcrumbList\",\"@id\":\"https:\/\/dicodusport.fr\/blog\/jeep-elite-asvel-gere-face-a-un-strasbourg-decime\/#breadcrumb\",\"itemListElement\":[{\"@type\":\"ListItem\",\"position\":1,\"name\":\"Accueil\",\"item\":\"https:\/\/dicodusport.fr\/blog\/\"},{\"@type\":\"ListItem\",\"position\":2,\"name\":\"Jeep \u00c9lite : L\u2019ASVEL g\u00e8re face \u00e0 un Strasbourg d\u00e9cim\u00e9\"}]},{\"@type\":\"WebSite\",\"@id\":\"https:\/\/dicodusport.fr\/blog\/#website\",\"url\":\"https:\/\/dicodusport.fr\/blog\/\",\"name\":\"Dicodusport\",\"description\":\"L&#039;encyclop\u00e9die de l&#039;actualit\u00e9 sportive\",\"publisher\":{\"@id\":\"https:\/\/dicodusport.fr\/blog\/#organization\"},\"potentialAction\":[{\"@type\":\"SearchAction\",\"target\":{\"@type\":\"EntryPoint\",\"urlTemplate\":\"https:\/\/dicodusport.fr\/blog\/?s={search_term_string}\"},\"query-input\":{\"@type\":\"PropertyValueSpecification\",\"valueRequired\":true,\"valueName\":\"search_term_string\"}}],\"inLanguage\":\"fr-FR\"},{\"@type\":\"NewsMediaOrganization\",\"@id\":\"https:\/\/dicodusport.fr\/blog\/#organization\",\"name\":\"Dicodusport\",\"url\":\"https:\/\/dicodusport.fr\/blog\/\",\"logo\":{\"@type\":\"ImageObject\",\"inLanguage\":\"fr-FR\",\"@id\":\"https:\/\/dicodusport.fr\/blog\/#\/schema\/logo\/image\/\",\"url\":\"https:\/\/dicodusport.fr\/blog\/wp-content\/uploads\/2020\/06\/cropped-LOGO-DICODUSPORT-2020-SANS-FOND-SANS-TEXTE.png\",\"contentUrl\":\"https:\/\/dicodusport.fr\/blog\/wp-content\/uploads\/2020\/06\/cropped-LOGO-DICODUSPORT-2020-SANS-FOND-SANS-TEXTE.png\",\"width\":512,\"height\":512,\"caption\":\"Dicodusport\"},\"image\":{\"@id\":\"https:\/\/dicodusport.fr\/blog\/#\/schema\/logo\/image\/\"},\"sameAs\":[\"https:\/\/www.facebook.com\/dicodusport\",\"https:\/\/x.com\/dicodusport\",\"https:\/\/www.instagram.com\/dicodusport\/\",\"https:\/\/www.youtube.com\/channel\/UC7V2KZ5sd3htJivAbA4ZG3w\"],\"description\":\"Dicodusport est l'encyclop\u00e9die de l'actualit\u00e9 sportive.\",\"email\":\"bonjour@dicodusport.fr\",\"legalName\":\"DICODUSPORT\",\"foundingDate\":\"2018-01-14\",\"vatID\":\"FR71834470973\",\"taxID\":\"83447097300043\",\"numberOfEmployees\":{\"@type\":\"QuantitativeValue\",\"minValue\":\"1\",\"maxValue\":\"10\"}},{\"@type\":\"Person\",\"@id\":\"https:\/\/dicodusport.fr\/blog\/#\/schema\/person\/37def232098a7a5cbab3974a3690abb0\",\"name\":\"Maxime Cazenave\",\"image\":{\"@type\":\"ImageObject\",\"inLanguage\":\"fr-FR\",\"@id\":\"https:\/\/dicodusport.fr\/blog\/#\/schema\/person\/image\/\",\"url\":\"https:\/\/dicodusport.fr\/blog\/wp-content\/uploads\/2021\/05\/Maxime-Cazenave-150x150.jpg\",\"contentUrl\":\"https:\/\/dicodusport.fr\/blog\/wp-content\/uploads\/2021\/05\/Maxime-Cazenave-150x150.jpg\",\"caption\":\"Maxime Cazenave\"},\"description\":\"Journaliste\/R\u00e9dacteur depuis 2012 - Berc\u00e9 par l\u2019amour des Girondins de Bordeaux, les \u00e9checs de Christophe Moreau sur le Tour de France sous l'\u00e8re Lance Armstrong et le fade-away l\u00e9tal de Dirk Nowitzki, ma passion d\u00e9vorante pour le sport a toujours \u00e9t\u00e9 un pan incontournable de ma vie. Transmettre ma passion \u00e0 l\u2019\u00e9crit a \u00e9t\u00e9 une transition naturelle. Suiveur assidu de basket et de hockey sur glace, je garde toujours un peu de place pour suivre le cyclisme, le football et le maximum de performances fran\u00e7aises.\",\"sameAs\":[\"https:\/\/x.com\/https:\/\/twitter.com\/Maxime_Caze\"],\"url\":\"https:\/\/dicodusport.fr\/blog\/author\/maximec\/\"}]}<\/script>\n<!-- \/ Yoast SEO Premium plugin. -->","yoast_head_json":{"title":"Jeep \u00c9lite : L\u2019ASVEL g\u00e8re face \u00e0 un Strasbourg d\u00e9cim\u00e9","description":"Pr\u00e8s d'un mois apr\u00e8s sa derni\u00e8re d\u00e9faite \u00e0 Strasbourg, l'ASVEL a enchain\u00e9 un septi\u00e8me succ\u00e8s cons\u00e9cutif en disposant des Alsaciens.","robots":{"index":"index","follow":"follow","max-snippet":"max-snippet:-1","max-image-preview":"max-image-preview:large","max-video-preview":"max-video-preview:-1"},"canonical":"https:\/\/dicodusport.fr\/blog\/jeep-elite-asvel-gere-face-a-un-strasbourg-decime\/","og_locale":"fr_FR","og_type":"article","og_title":"Jeep \u00c9lite : L\u2019ASVEL g\u00e8re face \u00e0 un Strasbourg d\u00e9cim\u00e9","og_description":"Pr\u00e8s d'un mois apr\u00e8s sa derni\u00e8re d\u00e9faite \u00e0 Strasbourg, l'ASVEL a enchain\u00e9 un septi\u00e8me succ\u00e8s cons\u00e9cutif en disposant des Alsaciens.","og_url":"https:\/\/dicodusport.fr\/blog\/jeep-elite-asvel-gere-face-a-un-strasbourg-decime\/","og_site_name":"Dicodusport","article_publisher":"https:\/\/www.facebook.com\/dicodusport","article_published_time":"2021-05-20T18:41:16+00:00","article_modified_time":"2021-05-21T06:43:48+00:00","og_image":[{"width":800,"height":445,"url":"https:\/\/dicodusport.fr\/blog\/wp-content\/uploads\/2021\/05\/Jeep-Elite-LASVEL-de-Thomas-Heurtel-et-Moustapha-Fall-desosse-Monaco.png","type":"image\/png"}],"author":"Maxime Cazenave","twitter_card":"summary_large_image","twitter_title":"Jeep \u00c9lite : L\u2019ASVEL g\u00e8re face \u00e0 un Strasbourg d\u00e9cim\u00e9","twitter_creator":"@https:\/\/twitter.com\/Maxime_Caze","twitter_site":"@dicodusport","schema":{"@context":"https:\/\/schema.org","@graph":[{"@type":"NewsArticle","@id":"https:\/\/dicodusport.fr\/blog\/jeep-elite-asvel-gere-face-a-un-strasbourg-decime\/#article","isPartOf":{"@id":"https:\/\/dicodusport.fr\/blog\/jeep-elite-asvel-gere-face-a-un-strasbourg-decime\/"},"author":{"name":"Maxime Cazenave","@id":"https:\/\/dicodusport.fr\/blog\/#\/schema\/person\/37def232098a7a5cbab3974a3690abb0"},"headline":"Jeep \u00c9lite : L\u2019ASVEL g\u00e8re face \u00e0 un Strasbourg d\u00e9cim\u00e9","datePublished":"2021-05-20T18:41:16+00:00","dateModified":"2021-05-21T06:43:48+00:00","mainEntityOfPage":{"@id":"https:\/\/dicodusport.fr\/blog\/jeep-elite-asvel-gere-face-a-un-strasbourg-decime\/"},"wordCount":566,"commentCount":0,"publisher":{"@id":"https:\/\/dicodusport.fr\/blog\/#organization"},"image":{"@id":"https:\/\/dicodusport.fr\/blog\/jeep-elite-asvel-gere-face-a-un-strasbourg-decime\/#primaryimage"},"thumbnailUrl":"https:\/\/dicodusport.fr\/blog\/wp-content\/uploads\/2021\/05\/Jeep-Elite-LASVEL-de-Thomas-Heurtel-et-Moustapha-Fall-desosse-Monaco.png","keywords":["ASVEL","Jeep Elite","Strasbourg","Thomas Heurtel"],"articleSection":["Basket-ball"],"inLanguage":"fr-FR","potentialAction":[{"@type":"CommentAction","name":"Comment","target":["https:\/\/dicodusport.fr\/blog\/jeep-elite-asvel-gere-face-a-un-strasbourg-decime\/#respond"]}],"copyrightYear":"2021","copyrightHolder":{"@id":"https:\/\/dicodusport.fr\/blog\/#organization"}},{"@type":"WebPage","@id":"https:\/\/dicodusport.fr\/blog\/jeep-elite-asvel-gere-face-a-un-strasbourg-decime\/","url":"https:\/\/dicodusport.fr\/blog\/jeep-elite-asvel-gere-face-a-un-strasbourg-decime\/","name":"Jeep \u00c9lite : L\u2019ASVEL g\u00e8re face \u00e0 un Strasbourg d\u00e9cim\u00e9","isPartOf":{"@id":"https:\/\/dicodusport.fr\/blog\/#website"},"primaryImageOfPage":{"@id":"https:\/\/dicodusport.fr\/blog\/jeep-elite-asvel-gere-face-a-un-strasbourg-decime\/#primaryimage"},"image":{"@id":"https:\/\/dicodusport.fr\/blog\/jeep-elite-asvel-gere-face-a-un-strasbourg-decime\/#primaryimage"},"thumbnailUrl":"https:\/\/dicodusport.fr\/blog\/wp-content\/uploads\/2021\/05\/Jeep-Elite-LASVEL-de-Thomas-Heurtel-et-Moustapha-Fall-desosse-Monaco.png","datePublished":"2021-05-20T18:41:16+00:00","dateModified":"2021-05-21T06:43:48+00:00","description":"Pr\u00e8s d'un mois apr\u00e8s sa derni\u00e8re d\u00e9faite \u00e0 Strasbourg, l'ASVEL a enchain\u00e9 un septi\u00e8me succ\u00e8s cons\u00e9cutif en disposant des Alsaciens.","breadcrumb":{"@id":"https:\/\/dicodusport.fr\/blog\/jeep-elite-asvel-gere-face-a-un-strasbourg-decime\/#breadcrumb"},"inLanguage":"fr-FR","potentialAction":[{"@type":"ReadAction","target":["https:\/\/dicodusport.fr\/blog\/jeep-elite-asvel-gere-face-a-un-strasbourg-decime\/"]}]},{"@type":"ImageObject","inLanguage":"fr-FR","@id":"https:\/\/dicodusport.fr\/blog\/jeep-elite-asvel-gere-face-a-un-strasbourg-decime\/#primaryimage","url":"https:\/\/dicodusport.fr\/blog\/wp-content\/uploads\/2021\/05\/Jeep-Elite-LASVEL-de-Thomas-Heurtel-et-Moustapha-Fall-desosse-Monaco.png","contentUrl":"https:\/\/dicodusport.fr\/blog\/wp-content\/uploads\/2021\/05\/Jeep-Elite-LASVEL-de-Thomas-Heurtel-et-Moustapha-Fall-desosse-Monaco.png","width":800,"height":445,"caption":"Jeep \u00c9lite\u00a0: L\u2019ASVEL valide un douzi\u00e8me succ\u00e8s cons\u00e9cutif en ma\u00eetrisant Cholet"},{"@type":"BreadcrumbList","@id":"https:\/\/dicodusport.fr\/blog\/jeep-elite-asvel-gere-face-a-un-strasbourg-decime\/#breadcrumb","itemListElement":[{"@type":"ListItem","position":1,"name":"Accueil","item":"https:\/\/dicodusport.fr\/blog\/"},{"@type":"ListItem","position":2,"name":"Jeep \u00c9lite : L\u2019ASVEL g\u00e8re face \u00e0 un Strasbourg d\u00e9cim\u00e9"}]},{"@type":"WebSite","@id":"https:\/\/dicodusport.fr\/blog\/#website","url":"https:\/\/dicodusport.fr\/blog\/","name":"Dicodusport","description":"L&#039;encyclop\u00e9die de l&#039;actualit\u00e9 sportive","publisher":{"@id":"https:\/\/dicodusport.fr\/blog\/#organization"},"potentialAction":[{"@type":"SearchAction","target":{"@type":"EntryPoint","urlTemplate":"https:\/\/dicodusport.fr\/blog\/?s={search_term_string}"},"query-input":{"@type":"PropertyValueSpecification","valueRequired":true,"valueName":"search_term_string"}}],"inLanguage":"fr-FR"},{"@type":"NewsMediaOrganization","@id":"https:\/\/dicodusport.fr\/blog\/#organization","name":"Dicodusport","url":"https:\/\/dicodusport.fr\/blog\/","logo":{"@type":"ImageObject","inLanguage":"fr-FR","@id":"https:\/\/dicodusport.fr\/blog\/#\/schema\/logo\/image\/","url":"https:\/\/dicodusport.fr\/blog\/wp-content\/uploads\/2020\/06\/cropped-LOGO-DICODUSPORT-2020-SANS-FOND-SANS-TEXTE.png","contentUrl":"https:\/\/dicodusport.fr\/blog\/wp-content\/uploads\/2020\/06\/cropped-LOGO-DICODUSPORT-2020-SANS-FOND-SANS-TEXTE.png","width":512,"height":512,"caption":"Dicodusport"},"image":{"@id":"https:\/\/dicodusport.fr\/blog\/#\/schema\/logo\/image\/"},"sameAs":["https:\/\/www.facebook.com\/dicodusport","https:\/\/x.com\/dicodusport","https:\/\/www.instagram.com\/dicodusport\/","https:\/\/www.youtube.com\/channel\/UC7V2KZ5sd3htJivAbA4ZG3w"],"description":"Dicodusport est l'encyclop\u00e9die de l'actualit\u00e9 sportive.","email":"bonjour@dicodusport.fr","legalName":"DICODUSPORT","foundingDate":"2018-01-14","vatID":"FR71834470973","taxID":"83447097300043","numberOfEmployees":{"@type":"QuantitativeValue","minValue":"1","maxValue":"10"}},{"@type":"Person","@id":"https:\/\/dicodusport.fr\/blog\/#\/schema\/person\/37def232098a7a5cbab3974a3690abb0","name":"Maxime Cazenave","image":{"@type":"ImageObject","inLanguage":"fr-FR","@id":"https:\/\/dicodusport.fr\/blog\/#\/schema\/person\/image\/","url":"https:\/\/dicodusport.fr\/blog\/wp-content\/uploads\/2021\/05\/Maxime-Cazenave-150x150.jpg","contentUrl":"https:\/\/dicodusport.fr\/blog\/wp-content\/uploads\/2021\/05\/Maxime-Cazenave-150x150.jpg","caption":"Maxime Cazenave"},"description":"Journaliste\/R\u00e9dacteur depuis 2012 - Berc\u00e9 par l\u2019amour des Girondins de Bordeaux, les \u00e9checs de Christophe Moreau sur le Tour de France sous l'\u00e8re Lance Armstrong et le fade-away l\u00e9tal de Dirk Nowitzki, ma passion d\u00e9vorante pour le sport a toujours \u00e9t\u00e9 un pan incontournable de ma vie. Transmettre ma passion \u00e0 l\u2019\u00e9crit a \u00e9t\u00e9 une transition naturelle. Suiveur assidu de basket et de hockey sur glace, je garde toujours un peu de place pour suivre le cyclisme, le football et le maximum de performances fran\u00e7aises.","sameAs":["https:\/\/x.com\/https:\/\/twitter.com\/Maxime_Caze"],"url":"https:\/\/dicodusport.fr\/blog\/author\/maximec\/"}]}},"_links":{"self":[{"href":"https:\/\/dicodusport.fr\/blog\/wp-json\/wp\/v2\/posts\/131374","targetHints":{"allow":["GET"]}}],"collection":[{"href":"https:\/\/dicodusport.fr\/blog\/wp-json\/wp\/v2\/posts"}],"about":[{"href":"https:\/\/dicodusport.fr\/blog\/wp-json\/wp\/v2\/types\/post"}],"author":[{"embeddable":true,"href":"https:\/\/dicodusport.fr\/blog\/wp-json\/wp\/v2\/users\/55"}],"replies":[{"embeddable":true,"href":"https:\/\/dicodusport.fr\/blog\/wp-json\/wp\/v2\/comments?post=131374"}],"version-history":[{"count":0,"href":"https:\/\/dicodusport.fr\/blog\/wp-json\/wp\/v2\/posts\/131374\/revisions"}],"wp:featuredmedia":[{"embeddable":true,"href":"https:\/\/dicodusport.fr\/blog\/wp-json\/wp\/v2\/media\/129778"}],"wp:attachment":[{"href":"https:\/\/dicodusport.fr\/blog\/wp-json\/wp\/v2\/media?parent=131374"}],"wp:term":[{"taxonomy":"category","embeddable":true,"href":"https:\/\/dicodusport.fr\/blog\/wp-json\/wp\/v2\/categories?post=131374"},{"taxonomy":"post_tag","embeddable":true,"href":"https:\/\/dicodusport.fr\/blog\/wp-json\/wp\/v2\/tags?post=131374"}],"curies":[{"name":"wp","href":"https:\/\/api.w.org\/{rel}","templated":true}]}}