{"id":131383,"date":"2021-05-20T21:10:40","date_gmt":"2021-05-20T19:10:40","guid":{"rendered":"https:\/\/dicodusport.fr\/blog\/?p=131383"},"modified":"2021-07-05T15:55:27","modified_gmt":"2021-07-05T13:55:27","slug":"jo-de-tokyo-vincent-collet-devoile-les-selectionnes-du-groupe-france","status":"publish","type":"post","link":"https:\/\/dicodusport.fr\/blog\/jo-de-tokyo-vincent-collet-devoile-les-selectionnes-du-groupe-france\/","title":{"rendered":"JO de Tokyo : Vincent Collet d\u00e9voile les s\u00e9lectionn\u00e9s du groupe France"},"content":{"rendered":"<p style=\"text-align: justify;\"><em><strong>Vincent Collet a d\u00e9voil\u00e9 les heureux \u00e9lus qui participeront aux JO de Tokyo cet \u00e9t\u00e9. Ce groupe aura pour ambition de retrouver un podium olympique qui fuit les Bleus depuis 2000.<\/strong><\/em><\/p>\n<p style=\"text-align: justify;\">C&rsquo;est sans doute un soulagement pour les joueurs s\u00e9lectionn\u00e9s mais aussi pour le coach. En effet <strong>Vincent Collet<\/strong> d\u00e9voilait il y a peu pour <em>20 minutes <strong>\u00ab<\/strong> <strong>qu&rsquo;il pensait \u00e0 sa s\u00e9lection tous les matins \u00bb<\/strong>. <\/em>Un choix plus compliqu\u00e9 encore qu&rsquo;\u00e0 l&rsquo;accoutum\u00e9e tant les talents sont nombreux. Tout juste remis du Covid-19, cette liste a donn\u00e9 des maux de t\u00eate \u00e0 l&rsquo;ancien coach de la<strong> SIG<\/strong>.<strong> <em>\u00ab <\/em><em>Pour moi, c\u2019est une vraie difficult\u00e9 de choisir. Il y a d\u00e9j\u00e0 une ossature d\u2019\u00e9quipe importante mais pour compl\u00e9ter, \u00e7a demande \u00e0 chaque fois r\u00e9flexion. \u00bb <\/em><\/strong>L&rsquo;heure du choix \u00e9tait donc venu ce soir. Et voici la liste des joueurs que le s\u00e9lectionneur a annonc\u00e9 en direct dans l&rsquo;\u00e9mission <em>Tout le sport.<\/em><\/p>\n<h2><strong>La liste des 12 s\u00e9lectionn\u00e9s et les 4 suppl\u00e9ants<\/strong><\/h2>\n<p><strong>Thomas Heurtel<\/strong><\/p>\n<p><strong>Andrew Albicy<\/strong><\/p>\n<p><strong>Frank Ntikilina<\/strong><\/p>\n<p><strong>Evan Fournier<\/strong><\/p>\n<p><strong>Nando De Colo<\/strong><\/p>\n<p><strong>Nicolas Batum<\/strong><\/p>\n<p><strong>Timoth\u00e9 Luwawu-Cabarrot<\/strong><\/p>\n<p><strong>Petr Cornelie<\/strong><\/p>\n<p><strong>Guerschon Yabusele<\/strong><\/p>\n<p><strong>Rudy Gobert<\/strong><\/p>\n<p><strong>Vincent Poirier<\/strong><\/p>\n<p><strong>Moustapha Fall<\/strong><\/p>\n<p>Et voici les 4 suppl\u00e9ants : <strong>Isaia Cordinier, William Howard, Matthias Lessort, Axel Toupane<\/strong><\/p>\n<blockquote class=\"twitter-tweet\">\n<p dir=\"ltr\" lang=\"fr\">Invit\u00e9 exceptionnel de Tout le Sport sur <a href=\"https:\/\/twitter.com\/France3tv?ref_src=twsrc%5Etfw\">@France3tv<\/a>, l&rsquo;entra\u00eeneur de l&rsquo;\u00c9quipe de France masculine Vincent Collet a d\u00e9voil\u00e9 ce jour la liste des joueurs s\u00e9lectionn\u00e9s pour les Jeux Olympiques de Tokyo &#x1f64c;<\/p>\n<p>Plus d&rsquo;infos &#x2935;&#xfe0f;<a href=\"https:\/\/twitter.com\/hashtag\/TeamFranceBasket?src=hash&amp;ref_src=twsrc%5Etfw\">#TeamFranceBasket<\/a> <a href=\"https:\/\/t.co\/nICu09Gzh0\">https:\/\/t.co\/nICu09Gzh0<\/a><\/p>\n<p>\u2014 Equipes de France de Basket (@FRABasketball) <a href=\"https:\/\/twitter.com\/FRABasketball\/status\/1395455196877049856?ref_src=twsrc%5Etfw\">May 20, 2021<\/a><\/p><\/blockquote>\n<p><script async src=\"https:\/\/platform.twitter.com\/widgets.js\" charset=\"utf-8\"><\/script><\/p>\n<p style=\"text-align: justify;\">Rendez-vous dans 2 mois pour ces joueurs pour ramener une m\u00e9daille donc et ne pas se <em>\u00ab fixer de limites \u00bb<\/em> comme l&rsquo;a annonc\u00e9 le s\u00e9lectionneur.<\/p>\n","protected":false},"excerpt":{"rendered":"<p>Vincent Collet a d\u00e9voil\u00e9 les heureux \u00e9lus qui participeront aux JO de Tokyo cet \u00e9t\u00e9. Ce groupe aura pour ambition de retrouver un podium olympique qui fuit les Bleus depuis 2000.<\/p>\n","protected":false},"author":37,"featured_media":47309,"comment_status":"open","ping_status":"closed","sticky":false,"template":"","format":"standard","meta":{"_acf_changed":false,"_daextam_enable_autolinks":"","footnotes":""},"categories":[2305,8433],"tags":[199,161,319,8441],"class_list":["post-131383","post","type-post","status-publish","format-standard","has-post-thumbnail","hentry","category-basket-ball","category-jo-tokyo-2020","tag-equipe-de-france","tag-jeux-olympiques","tag-tokyo","tag-vincent-collet"],"acf":[],"yoast_head":"<!-- This site is optimized with the Yoast SEO Premium plugin v26.7 (Yoast SEO v26.7) - https:\/\/yoast.com\/wordpress\/plugins\/seo\/ -->\n<title>JO de Tokyo : Vincent Collet d\u00e9voile les s\u00e9lectionn\u00e9s du groupe France<\/title>\n<meta name=\"description\" content=\"BASKET - Vincent Collet a d\u00e9voil\u00e9 ce soir la liste des 12 joueurs s\u00e9lectionn\u00e9s pour les JO de Tokyo ainsi que 4 suppl\u00e9ants.\" \/>\n<meta name=\"robots\" content=\"index, follow, max-snippet:-1, max-image-preview:large, max-video-preview:-1\" \/>\n<link rel=\"canonical\" href=\"https:\/\/dicodusport.fr\/blog\/jo-de-tokyo-vincent-collet-devoile-les-selectionnes-du-groupe-france\/\" \/>\n<meta property=\"og:locale\" content=\"fr_FR\" \/>\n<meta property=\"og:type\" content=\"article\" \/>\n<meta property=\"og:title\" content=\"JO de Tokyo : Vincent Collet d\u00e9voile les s\u00e9lectionn\u00e9s du groupe France\" \/>\n<meta property=\"og:description\" content=\"BASKET - Vincent Collet a d\u00e9voil\u00e9 ce soir la liste des 12 joueurs s\u00e9lectionn\u00e9s pour les JO de Tokyo ainsi que 4 suppl\u00e9ants.\" \/>\n<meta property=\"og:url\" content=\"https:\/\/dicodusport.fr\/blog\/jo-de-tokyo-vincent-collet-devoile-les-selectionnes-du-groupe-france\/\" \/>\n<meta property=\"og:site_name\" content=\"Dicodusport\" \/>\n<meta property=\"article:publisher\" content=\"https:\/\/www.facebook.com\/dicodusport\" \/>\n<meta property=\"article:author\" content=\"https:\/\/www.facebook.com\/julien.correia.52\" \/>\n<meta property=\"article:published_time\" content=\"2021-05-20T19:10:40+00:00\" \/>\n<meta property=\"article:modified_time\" content=\"2021-07-05T13:55:27+00:00\" \/>\n<meta property=\"og:image\" content=\"https:\/\/dicodusport.fr\/blog\/wp-content\/uploads\/2019\/09\/France-R\u00e9publique-Dominicaine-Mondial-de-basket-2019.png\" \/>\n\t<meta property=\"og:image:width\" content=\"800\" \/>\n\t<meta property=\"og:image:height\" content=\"445\" \/>\n\t<meta property=\"og:image:type\" content=\"image\/png\" \/>\n<meta name=\"author\" content=\"Julien Correia\" \/>\n<meta name=\"twitter:card\" content=\"summary_large_image\" \/>\n<meta name=\"twitter:title\" content=\"JO de Tokyo : Vincent Collet d\u00e9voile les s\u00e9lectionn\u00e9s du groupe France\" \/>\n<meta name=\"twitter:creator\" content=\"@https:\/\/twitter.com\/julienco_psg70\" \/>\n<meta name=\"twitter:site\" content=\"@dicodusport\" \/>\n<script type=\"application\/ld+json\" class=\"yoast-schema-graph\">{\"@context\":\"https:\/\/schema.org\",\"@graph\":[{\"@type\":\"NewsArticle\",\"@id\":\"https:\/\/dicodusport.fr\/blog\/jo-de-tokyo-vincent-collet-devoile-les-selectionnes-du-groupe-france\/#article\",\"isPartOf\":{\"@id\":\"https:\/\/dicodusport.fr\/blog\/jo-de-tokyo-vincent-collet-devoile-les-selectionnes-du-groupe-france\/\"},\"author\":{\"name\":\"Julien Correia\",\"@id\":\"https:\/\/dicodusport.fr\/blog\/#\/schema\/person\/0f73d157e4670e108e23009fa82f2239\"},\"headline\":\"JO de Tokyo : Vincent Collet d\u00e9voile les s\u00e9lectionn\u00e9s du groupe France\",\"datePublished\":\"2021-05-20T19:10:40+00:00\",\"dateModified\":\"2021-07-05T13:55:27+00:00\",\"mainEntityOfPage\":{\"@id\":\"https:\/\/dicodusport.fr\/blog\/jo-de-tokyo-vincent-collet-devoile-les-selectionnes-du-groupe-france\/\"},\"wordCount\":309,\"commentCount\":0,\"publisher\":{\"@id\":\"https:\/\/dicodusport.fr\/blog\/#organization\"},\"image\":{\"@id\":\"https:\/\/dicodusport.fr\/blog\/jo-de-tokyo-vincent-collet-devoile-les-selectionnes-du-groupe-france\/#primaryimage\"},\"thumbnailUrl\":\"https:\/\/dicodusport.fr\/blog\/wp-content\/uploads\/2019\/09\/France-R\u00e9publique-Dominicaine-Mondial-de-basket-2019.png\",\"keywords\":[\"\u00c9quipe de France\",\"Jeux Olympiques\",\"Tokyo\",\"Vincent Collet\"],\"articleSection\":[\"Basket-ball\",\"JO Tokyo 2020\"],\"inLanguage\":\"fr-FR\",\"potentialAction\":[{\"@type\":\"CommentAction\",\"name\":\"Comment\",\"target\":[\"https:\/\/dicodusport.fr\/blog\/jo-de-tokyo-vincent-collet-devoile-les-selectionnes-du-groupe-france\/#respond\"]}],\"copyrightYear\":\"2021\",\"copyrightHolder\":{\"@id\":\"https:\/\/dicodusport.fr\/blog\/#organization\"}},{\"@type\":\"WebPage\",\"@id\":\"https:\/\/dicodusport.fr\/blog\/jo-de-tokyo-vincent-collet-devoile-les-selectionnes-du-groupe-france\/\",\"url\":\"https:\/\/dicodusport.fr\/blog\/jo-de-tokyo-vincent-collet-devoile-les-selectionnes-du-groupe-france\/\",\"name\":\"JO de Tokyo : Vincent Collet d\u00e9voile les s\u00e9lectionn\u00e9s du groupe France\",\"isPartOf\":{\"@id\":\"https:\/\/dicodusport.fr\/blog\/#website\"},\"primaryImageOfPage\":{\"@id\":\"https:\/\/dicodusport.fr\/blog\/jo-de-tokyo-vincent-collet-devoile-les-selectionnes-du-groupe-france\/#primaryimage\"},\"image\":{\"@id\":\"https:\/\/dicodusport.fr\/blog\/jo-de-tokyo-vincent-collet-devoile-les-selectionnes-du-groupe-france\/#primaryimage\"},\"thumbnailUrl\":\"https:\/\/dicodusport.fr\/blog\/wp-content\/uploads\/2019\/09\/France-R\u00e9publique-Dominicaine-Mondial-de-basket-2019.png\",\"datePublished\":\"2021-05-20T19:10:40+00:00\",\"dateModified\":\"2021-07-05T13:55:27+00:00\",\"description\":\"BASKET - Vincent Collet a d\u00e9voil\u00e9 ce soir la liste des 12 joueurs s\u00e9lectionn\u00e9s pour les JO de Tokyo ainsi que 4 suppl\u00e9ants.\",\"breadcrumb\":{\"@id\":\"https:\/\/dicodusport.fr\/blog\/jo-de-tokyo-vincent-collet-devoile-les-selectionnes-du-groupe-france\/#breadcrumb\"},\"inLanguage\":\"fr-FR\",\"potentialAction\":[{\"@type\":\"ReadAction\",\"target\":[\"https:\/\/dicodusport.fr\/blog\/jo-de-tokyo-vincent-collet-devoile-les-selectionnes-du-groupe-france\/\"]}]},{\"@type\":\"ImageObject\",\"inLanguage\":\"fr-FR\",\"@id\":\"https:\/\/dicodusport.fr\/blog\/jo-de-tokyo-vincent-collet-devoile-les-selectionnes-du-groupe-france\/#primaryimage\",\"url\":\"https:\/\/dicodusport.fr\/blog\/wp-content\/uploads\/2019\/09\/France-R\u00e9publique-Dominicaine-Mondial-de-basket-2019.png\",\"contentUrl\":\"https:\/\/dicodusport.fr\/blog\/wp-content\/uploads\/2019\/09\/France-R\u00e9publique-Dominicaine-Mondial-de-basket-2019.png\",\"width\":800,\"height\":445},{\"@type\":\"BreadcrumbList\",\"@id\":\"https:\/\/dicodusport.fr\/blog\/jo-de-tokyo-vincent-collet-devoile-les-selectionnes-du-groupe-france\/#breadcrumb\",\"itemListElement\":[{\"@type\":\"ListItem\",\"position\":1,\"name\":\"Accueil\",\"item\":\"https:\/\/dicodusport.fr\/blog\/\"},{\"@type\":\"ListItem\",\"position\":2,\"name\":\"JO de Tokyo : Vincent Collet d\u00e9voile les s\u00e9lectionn\u00e9s du groupe France\"}]},{\"@type\":\"WebSite\",\"@id\":\"https:\/\/dicodusport.fr\/blog\/#website\",\"url\":\"https:\/\/dicodusport.fr\/blog\/\",\"name\":\"Dicodusport\",\"description\":\"L&#039;encyclop\u00e9die de l&#039;actualit\u00e9 sportive\",\"publisher\":{\"@id\":\"https:\/\/dicodusport.fr\/blog\/#organization\"},\"potentialAction\":[{\"@type\":\"SearchAction\",\"target\":{\"@type\":\"EntryPoint\",\"urlTemplate\":\"https:\/\/dicodusport.fr\/blog\/?s={search_term_string}\"},\"query-input\":{\"@type\":\"PropertyValueSpecification\",\"valueRequired\":true,\"valueName\":\"search_term_string\"}}],\"inLanguage\":\"fr-FR\"},{\"@type\":\"NewsMediaOrganization\",\"@id\":\"https:\/\/dicodusport.fr\/blog\/#organization\",\"name\":\"Dicodusport\",\"url\":\"https:\/\/dicodusport.fr\/blog\/\",\"logo\":{\"@type\":\"ImageObject\",\"inLanguage\":\"fr-FR\",\"@id\":\"https:\/\/dicodusport.fr\/blog\/#\/schema\/logo\/image\/\",\"url\":\"https:\/\/dicodusport.fr\/blog\/wp-content\/uploads\/2020\/06\/cropped-LOGO-DICODUSPORT-2020-SANS-FOND-SANS-TEXTE.png\",\"contentUrl\":\"https:\/\/dicodusport.fr\/blog\/wp-content\/uploads\/2020\/06\/cropped-LOGO-DICODUSPORT-2020-SANS-FOND-SANS-TEXTE.png\",\"width\":512,\"height\":512,\"caption\":\"Dicodusport\"},\"image\":{\"@id\":\"https:\/\/dicodusport.fr\/blog\/#\/schema\/logo\/image\/\"},\"sameAs\":[\"https:\/\/www.facebook.com\/dicodusport\",\"https:\/\/x.com\/dicodusport\",\"https:\/\/www.instagram.com\/dicodusport\/\",\"https:\/\/www.youtube.com\/channel\/UC7V2KZ5sd3htJivAbA4ZG3w\"],\"description\":\"Dicodusport est l'encyclop\u00e9die de l'actualit\u00e9 sportive.\",\"email\":\"bonjour@dicodusport.fr\",\"legalName\":\"DICODUSPORT\",\"foundingDate\":\"2018-01-14\",\"vatID\":\"FR71834470973\",\"taxID\":\"83447097300043\",\"numberOfEmployees\":{\"@type\":\"QuantitativeValue\",\"minValue\":\"1\",\"maxValue\":\"10\"}},{\"@type\":\"Person\",\"@id\":\"https:\/\/dicodusport.fr\/blog\/#\/schema\/person\/0f73d157e4670e108e23009fa82f2239\",\"name\":\"Julien Correia\",\"image\":{\"@type\":\"ImageObject\",\"inLanguage\":\"fr-FR\",\"@id\":\"https:\/\/dicodusport.fr\/blog\/#\/schema\/person\/image\/\",\"url\":\"https:\/\/dicodusport.fr\/blog\/wp-content\/uploads\/2021\/05\/Julien-Correia-150x150.jpg\",\"contentUrl\":\"https:\/\/dicodusport.fr\/blog\/wp-content\/uploads\/2021\/05\/Julien-Correia-150x150.jpg\",\"caption\":\"Julien Correia\"},\"description\":\"Journaliste\/r\u00e9dacteur depuis janvier 2019 - Tomb\u00e9 dans le monde du ballon rond \u00e9tant petit, j\u2019aurais pu devenir pro sans ces foutus ligaments crois\u00e9s. D\u00e9filant sur les champs (mais pas Elys\u00e9es) en 98, j\u2019ai \u00e9t\u00e9 berc\u00e9 par les exploits de Mister George, piqu\u00e9 par la technique du Snake, grandi avec Captain Rai et Ronnie, m\u00fbri avec Pauleta et Edi. Mais Ibracadabra, je suis d\u00e9sormais reconverti en runner\/traileur. Moins rapide que Bolt et moins endurant que Jornet, c\u2019est donc plume \u00e0 la main que je partage les exploits de ces athl\u00e8tes !\",\"sameAs\":[\"https:\/\/www.facebook.com\/julien.correia.52\",\"https:\/\/x.com\/https:\/\/twitter.com\/julienco_psg70\"],\"url\":\"https:\/\/dicodusport.fr\/blog\/author\/julien-c\/\"}]}<\/script>\n<!-- \/ Yoast SEO Premium plugin. -->","yoast_head_json":{"title":"JO de Tokyo : Vincent Collet d\u00e9voile les s\u00e9lectionn\u00e9s du groupe France","description":"BASKET - Vincent Collet a d\u00e9voil\u00e9 ce soir la liste des 12 joueurs s\u00e9lectionn\u00e9s pour les JO de Tokyo ainsi que 4 suppl\u00e9ants.","robots":{"index":"index","follow":"follow","max-snippet":"max-snippet:-1","max-image-preview":"max-image-preview:large","max-video-preview":"max-video-preview:-1"},"canonical":"https:\/\/dicodusport.fr\/blog\/jo-de-tokyo-vincent-collet-devoile-les-selectionnes-du-groupe-france\/","og_locale":"fr_FR","og_type":"article","og_title":"JO de Tokyo : Vincent Collet d\u00e9voile les s\u00e9lectionn\u00e9s du groupe France","og_description":"BASKET - Vincent Collet a d\u00e9voil\u00e9 ce soir la liste des 12 joueurs s\u00e9lectionn\u00e9s pour les JO de Tokyo ainsi que 4 suppl\u00e9ants.","og_url":"https:\/\/dicodusport.fr\/blog\/jo-de-tokyo-vincent-collet-devoile-les-selectionnes-du-groupe-france\/","og_site_name":"Dicodusport","article_publisher":"https:\/\/www.facebook.com\/dicodusport","article_author":"https:\/\/www.facebook.com\/julien.correia.52","article_published_time":"2021-05-20T19:10:40+00:00","article_modified_time":"2021-07-05T13:55:27+00:00","og_image":[{"width":800,"height":445,"url":"https:\/\/dicodusport.fr\/blog\/wp-content\/uploads\/2019\/09\/France-R\u00e9publique-Dominicaine-Mondial-de-basket-2019.png","type":"image\/png"}],"author":"Julien Correia","twitter_card":"summary_large_image","twitter_title":"JO de Tokyo : Vincent Collet d\u00e9voile les s\u00e9lectionn\u00e9s du groupe France","twitter_creator":"@https:\/\/twitter.com\/julienco_psg70","twitter_site":"@dicodusport","schema":{"@context":"https:\/\/schema.org","@graph":[{"@type":"NewsArticle","@id":"https:\/\/dicodusport.fr\/blog\/jo-de-tokyo-vincent-collet-devoile-les-selectionnes-du-groupe-france\/#article","isPartOf":{"@id":"https:\/\/dicodusport.fr\/blog\/jo-de-tokyo-vincent-collet-devoile-les-selectionnes-du-groupe-france\/"},"author":{"name":"Julien Correia","@id":"https:\/\/dicodusport.fr\/blog\/#\/schema\/person\/0f73d157e4670e108e23009fa82f2239"},"headline":"JO de Tokyo : Vincent Collet d\u00e9voile les s\u00e9lectionn\u00e9s du groupe France","datePublished":"2021-05-20T19:10:40+00:00","dateModified":"2021-07-05T13:55:27+00:00","mainEntityOfPage":{"@id":"https:\/\/dicodusport.fr\/blog\/jo-de-tokyo-vincent-collet-devoile-les-selectionnes-du-groupe-france\/"},"wordCount":309,"commentCount":0,"publisher":{"@id":"https:\/\/dicodusport.fr\/blog\/#organization"},"image":{"@id":"https:\/\/dicodusport.fr\/blog\/jo-de-tokyo-vincent-collet-devoile-les-selectionnes-du-groupe-france\/#primaryimage"},"thumbnailUrl":"https:\/\/dicodusport.fr\/blog\/wp-content\/uploads\/2019\/09\/France-R\u00e9publique-Dominicaine-Mondial-de-basket-2019.png","keywords":["\u00c9quipe de France","Jeux Olympiques","Tokyo","Vincent Collet"],"articleSection":["Basket-ball","JO Tokyo 2020"],"inLanguage":"fr-FR","potentialAction":[{"@type":"CommentAction","name":"Comment","target":["https:\/\/dicodusport.fr\/blog\/jo-de-tokyo-vincent-collet-devoile-les-selectionnes-du-groupe-france\/#respond"]}],"copyrightYear":"2021","copyrightHolder":{"@id":"https:\/\/dicodusport.fr\/blog\/#organization"}},{"@type":"WebPage","@id":"https:\/\/dicodusport.fr\/blog\/jo-de-tokyo-vincent-collet-devoile-les-selectionnes-du-groupe-france\/","url":"https:\/\/dicodusport.fr\/blog\/jo-de-tokyo-vincent-collet-devoile-les-selectionnes-du-groupe-france\/","name":"JO de Tokyo : Vincent Collet d\u00e9voile les s\u00e9lectionn\u00e9s du groupe France","isPartOf":{"@id":"https:\/\/dicodusport.fr\/blog\/#website"},"primaryImageOfPage":{"@id":"https:\/\/dicodusport.fr\/blog\/jo-de-tokyo-vincent-collet-devoile-les-selectionnes-du-groupe-france\/#primaryimage"},"image":{"@id":"https:\/\/dicodusport.fr\/blog\/jo-de-tokyo-vincent-collet-devoile-les-selectionnes-du-groupe-france\/#primaryimage"},"thumbnailUrl":"https:\/\/dicodusport.fr\/blog\/wp-content\/uploads\/2019\/09\/France-R\u00e9publique-Dominicaine-Mondial-de-basket-2019.png","datePublished":"2021-05-20T19:10:40+00:00","dateModified":"2021-07-05T13:55:27+00:00","description":"BASKET - Vincent Collet a d\u00e9voil\u00e9 ce soir la liste des 12 joueurs s\u00e9lectionn\u00e9s pour les JO de Tokyo ainsi que 4 suppl\u00e9ants.","breadcrumb":{"@id":"https:\/\/dicodusport.fr\/blog\/jo-de-tokyo-vincent-collet-devoile-les-selectionnes-du-groupe-france\/#breadcrumb"},"inLanguage":"fr-FR","potentialAction":[{"@type":"ReadAction","target":["https:\/\/dicodusport.fr\/blog\/jo-de-tokyo-vincent-collet-devoile-les-selectionnes-du-groupe-france\/"]}]},{"@type":"ImageObject","inLanguage":"fr-FR","@id":"https:\/\/dicodusport.fr\/blog\/jo-de-tokyo-vincent-collet-devoile-les-selectionnes-du-groupe-france\/#primaryimage","url":"https:\/\/dicodusport.fr\/blog\/wp-content\/uploads\/2019\/09\/France-R\u00e9publique-Dominicaine-Mondial-de-basket-2019.png","contentUrl":"https:\/\/dicodusport.fr\/blog\/wp-content\/uploads\/2019\/09\/France-R\u00e9publique-Dominicaine-Mondial-de-basket-2019.png","width":800,"height":445},{"@type":"BreadcrumbList","@id":"https:\/\/dicodusport.fr\/blog\/jo-de-tokyo-vincent-collet-devoile-les-selectionnes-du-groupe-france\/#breadcrumb","itemListElement":[{"@type":"ListItem","position":1,"name":"Accueil","item":"https:\/\/dicodusport.fr\/blog\/"},{"@type":"ListItem","position":2,"name":"JO de Tokyo : Vincent Collet d\u00e9voile les s\u00e9lectionn\u00e9s du groupe France"}]},{"@type":"WebSite","@id":"https:\/\/dicodusport.fr\/blog\/#website","url":"https:\/\/dicodusport.fr\/blog\/","name":"Dicodusport","description":"L&#039;encyclop\u00e9die de l&#039;actualit\u00e9 sportive","publisher":{"@id":"https:\/\/dicodusport.fr\/blog\/#organization"},"potentialAction":[{"@type":"SearchAction","target":{"@type":"EntryPoint","urlTemplate":"https:\/\/dicodusport.fr\/blog\/?s={search_term_string}"},"query-input":{"@type":"PropertyValueSpecification","valueRequired":true,"valueName":"search_term_string"}}],"inLanguage":"fr-FR"},{"@type":"NewsMediaOrganization","@id":"https:\/\/dicodusport.fr\/blog\/#organization","name":"Dicodusport","url":"https:\/\/dicodusport.fr\/blog\/","logo":{"@type":"ImageObject","inLanguage":"fr-FR","@id":"https:\/\/dicodusport.fr\/blog\/#\/schema\/logo\/image\/","url":"https:\/\/dicodusport.fr\/blog\/wp-content\/uploads\/2020\/06\/cropped-LOGO-DICODUSPORT-2020-SANS-FOND-SANS-TEXTE.png","contentUrl":"https:\/\/dicodusport.fr\/blog\/wp-content\/uploads\/2020\/06\/cropped-LOGO-DICODUSPORT-2020-SANS-FOND-SANS-TEXTE.png","width":512,"height":512,"caption":"Dicodusport"},"image":{"@id":"https:\/\/dicodusport.fr\/blog\/#\/schema\/logo\/image\/"},"sameAs":["https:\/\/www.facebook.com\/dicodusport","https:\/\/x.com\/dicodusport","https:\/\/www.instagram.com\/dicodusport\/","https:\/\/www.youtube.com\/channel\/UC7V2KZ5sd3htJivAbA4ZG3w"],"description":"Dicodusport est l'encyclop\u00e9die de l'actualit\u00e9 sportive.","email":"bonjour@dicodusport.fr","legalName":"DICODUSPORT","foundingDate":"2018-01-14","vatID":"FR71834470973","taxID":"83447097300043","numberOfEmployees":{"@type":"QuantitativeValue","minValue":"1","maxValue":"10"}},{"@type":"Person","@id":"https:\/\/dicodusport.fr\/blog\/#\/schema\/person\/0f73d157e4670e108e23009fa82f2239","name":"Julien Correia","image":{"@type":"ImageObject","inLanguage":"fr-FR","@id":"https:\/\/dicodusport.fr\/blog\/#\/schema\/person\/image\/","url":"https:\/\/dicodusport.fr\/blog\/wp-content\/uploads\/2021\/05\/Julien-Correia-150x150.jpg","contentUrl":"https:\/\/dicodusport.fr\/blog\/wp-content\/uploads\/2021\/05\/Julien-Correia-150x150.jpg","caption":"Julien Correia"},"description":"Journaliste\/r\u00e9dacteur depuis janvier 2019 - Tomb\u00e9 dans le monde du ballon rond \u00e9tant petit, j\u2019aurais pu devenir pro sans ces foutus ligaments crois\u00e9s. D\u00e9filant sur les champs (mais pas Elys\u00e9es) en 98, j\u2019ai \u00e9t\u00e9 berc\u00e9 par les exploits de Mister George, piqu\u00e9 par la technique du Snake, grandi avec Captain Rai et Ronnie, m\u00fbri avec Pauleta et Edi. Mais Ibracadabra, je suis d\u00e9sormais reconverti en runner\/traileur. Moins rapide que Bolt et moins endurant que Jornet, c\u2019est donc plume \u00e0 la main que je partage les exploits de ces athl\u00e8tes !","sameAs":["https:\/\/www.facebook.com\/julien.correia.52","https:\/\/x.com\/https:\/\/twitter.com\/julienco_psg70"],"url":"https:\/\/dicodusport.fr\/blog\/author\/julien-c\/"}]}},"_links":{"self":[{"href":"https:\/\/dicodusport.fr\/blog\/wp-json\/wp\/v2\/posts\/131383","targetHints":{"allow":["GET"]}}],"collection":[{"href":"https:\/\/dicodusport.fr\/blog\/wp-json\/wp\/v2\/posts"}],"about":[{"href":"https:\/\/dicodusport.fr\/blog\/wp-json\/wp\/v2\/types\/post"}],"author":[{"embeddable":true,"href":"https:\/\/dicodusport.fr\/blog\/wp-json\/wp\/v2\/users\/37"}],"replies":[{"embeddable":true,"href":"https:\/\/dicodusport.fr\/blog\/wp-json\/wp\/v2\/comments?post=131383"}],"version-history":[{"count":0,"href":"https:\/\/dicodusport.fr\/blog\/wp-json\/wp\/v2\/posts\/131383\/revisions"}],"wp:featuredmedia":[{"embeddable":true,"href":"https:\/\/dicodusport.fr\/blog\/wp-json\/wp\/v2\/media\/47309"}],"wp:attachment":[{"href":"https:\/\/dicodusport.fr\/blog\/wp-json\/wp\/v2\/media?parent=131383"}],"wp:term":[{"taxonomy":"category","embeddable":true,"href":"https:\/\/dicodusport.fr\/blog\/wp-json\/wp\/v2\/categories?post=131383"},{"taxonomy":"post_tag","embeddable":true,"href":"https:\/\/dicodusport.fr\/blog\/wp-json\/wp\/v2\/tags?post=131383"}],"curies":[{"name":"wp","href":"https:\/\/api.w.org\/{rel}","templated":true}]}}