{"id":131705,"date":"2021-05-22T09:20:29","date_gmt":"2021-05-22T07:20:29","guid":{"rendered":"https:\/\/dicodusport.fr\/blog\/?p=131705"},"modified":"2021-05-22T16:50:03","modified_gmt":"2021-05-22T14:50:03","slug":"championnats-d-europe-de-natation-handisport-journee-argentee-pour-les-bleus","status":"publish","type":"post","link":"https:\/\/dicodusport.fr\/blog\/championnats-d-europe-de-natation-handisport-journee-argentee-pour-les-bleus\/","title":{"rendered":"Championnats d&rsquo;Europe de natation handisport : journ\u00e9e argent\u00e9e pour les Bleus"},"content":{"rendered":"<p style=\"text-align: justify;\"><strong><em>HANDISPORT &#8211; CHAMPIONNATS D&rsquo;EUROPE DE NATATION &#8211; Avant-derni\u00e8re journ\u00e9e de ces championnats, et les m\u00e9dailles continuent de tomber pour les Fran\u00e7ais. La France a d\u00e9j\u00e0 plus de titres qu&rsquo;en 2018 et se rapproche des 14 m\u00e9dailles au total.<\/em><\/strong><\/p>\n<h2>La jeunesse \u00e9pate<\/h2>\n<p style=\"text-align: justify;\">A 19 et 20 ans, <strong>Alex Portal<\/strong> et <strong>Ugo Didier<\/strong> s&rsquo;imposent comme les futurs leaders de la natation fran\u00e7aise. D\u00e9j\u00e0 double m\u00e9daill\u00e9 en d\u00e9but de semaine <strong>Alex Portal<\/strong> a de nouveau d\u00e9croch\u00e9 une m\u00e9daille aujourd&rsquo;hui. Align\u00e9 sur le 400 m\u00e8tres S13, le jeune nageur termine second et bat son record personnel en 4:02.28. Doublement titr\u00e9, <strong>Ugo Didier<\/strong> est all\u00e9 chercher une deuxi\u00e8me m\u00e9daille d&rsquo;argent sur 100 m\u00e8tres dos S9. Au terme d&rsquo;un finish exaltant, il \u00e9choue \u00e0 seulement 28 centi\u00e8mes de l&rsquo;or.<\/p>\n<blockquote class=\"twitter-tweet\">\n<p dir=\"ltr\" lang=\"fr\">FUNCHAL 2021 &#x1f948;<br \/>\nALEX PORTAL ARGENT\u00c9<br \/>\nDoubl\u00e9 en argent pour Alex Portal qui, apr\u00e8s le 100m Dos, s\u2019offre une deuxi\u00e8me place de vice-champion d\u2019Europe sur le 400m NL en 4\u201902\u2019\u201928 derri\u00e8re le russe Boki (nouveau record de France) &#x1f4a5;&#x1f44f;.<br \/>\n{Guillaume Benoist \/ <a href=\"https:\/\/twitter.com\/cno_stgermain?ref_src=twsrc%5Etfw\">@cno_stgermain<\/a>} <a href=\"https:\/\/t.co\/uvV97tZFFS\">pic.twitter.com\/uvV97tZFFS<\/a><\/p>\n<p>\u2014 FFHandisport (@FFHandisport) <a href=\"https:\/\/twitter.com\/FFHandisport\/status\/1395796310742142978?ref_src=twsrc%5Etfw\">May 21, 2021<\/a><\/p><\/blockquote>\n<p><script async src=\"https:\/\/platform.twitter.com\/widgets.js\" charset=\"utf-8\"><\/script><\/p>\n<p style=\"text-align: justify;\">En finale du 100 m\u00e8tres S14, <strong>Nathan Maillet\u00a0<\/strong>prend la 8\u00e8me place chez les hommes. M\u00eame distance et m\u00eame cat\u00e9gorie, <strong>Ma\u00ebly Chevallier<\/strong> termine 7\u00e8me. <strong>David Sm\u00e9tanine<\/strong> prend une troisi\u00e8me 4\u00e8me place de suite sur le 200 m\u00e8tres S4. Cinqui\u00e8me place du 100 m\u00e8tres S10 pour <strong>Emeline Pierre\u00a0<\/strong>et <strong>Laurent Chardard<\/strong> est 7\u00e8me du 100 m\u00e8tres brasse S6.<\/p>\n","protected":false},"excerpt":{"rendered":"<p>HANDISPORT &#8211; CHAMPIONNATS D&rsquo;EUROPE DE NATATION &#8211; Avant-derni\u00e8re journ\u00e9e de ces championnats, et les m\u00e9dailles continuent de tomber pour les Fran\u00e7ais. La France a d\u00e9j\u00e0 plus de titres qu&rsquo;en 2018 et se rapproche des 14 m\u00e9dailles au total.<\/p>\n","protected":false},"author":43,"featured_media":131792,"comment_status":"open","ping_status":"closed","sticky":false,"template":"","format":"standard","meta":{"_acf_changed":false,"_daextam_enable_autolinks":"","footnotes":""},"categories":[5753,2306],"tags":[5631,1265,69],"class_list":["post-131705","post","type-post","status-publish","format-standard","has-post-thumbnail","hentry","category-handisport","category-natation","tag-championnats-deurope-de-natation","tag-handisport","tag-natation"],"acf":[],"yoast_head":"<!-- This site is optimized with the Yoast SEO Premium plugin v26.7 (Yoast SEO v26.7) - https:\/\/yoast.com\/wordpress\/plugins\/seo\/ -->\n<title>Championnats d&#039;Europe de natation handisport : journ\u00e9e argent\u00e9e pour les Bleus<\/title>\n<meta name=\"description\" content=\"Encore une belle journ\u00e9e pour la natation handisport fran\u00e7aise vendredi. Ugo Didier et Alex Portal d\u00e9crochent une nouvelle m\u00e9daille d&#039;argent chacun.\" \/>\n<meta name=\"robots\" content=\"index, follow, max-snippet:-1, max-image-preview:large, max-video-preview:-1\" \/>\n<link rel=\"canonical\" href=\"https:\/\/dicodusport.fr\/blog\/championnats-d-europe-de-natation-handisport-journee-argentee-pour-les-bleus\/\" \/>\n<meta property=\"og:locale\" content=\"fr_FR\" \/>\n<meta property=\"og:type\" content=\"article\" \/>\n<meta property=\"og:title\" content=\"Championnats d&#039;Europe de natation handisport : journ\u00e9e argent\u00e9e pour les Bleus\" \/>\n<meta property=\"og:description\" content=\"Encore une belle journ\u00e9e pour la natation handisport fran\u00e7aise vendredi. Ugo Didier et Alex Portal d\u00e9crochent une nouvelle m\u00e9daille d&#039;argent chacun.\" \/>\n<meta property=\"og:url\" content=\"https:\/\/dicodusport.fr\/blog\/championnats-d-europe-de-natation-handisport-journee-argentee-pour-les-bleus\/\" \/>\n<meta property=\"og:site_name\" content=\"Dicodusport\" \/>\n<meta property=\"article:publisher\" content=\"https:\/\/www.facebook.com\/dicodusport\" \/>\n<meta property=\"article:author\" content=\"https:\/\/www.facebook.com\/Max.Bld2\/\" \/>\n<meta property=\"article:published_time\" content=\"2021-05-22T07:20:29+00:00\" \/>\n<meta property=\"article:modified_time\" content=\"2021-05-22T14:50:03+00:00\" \/>\n<meta property=\"og:image\" content=\"https:\/\/dicodusport.fr\/blog\/wp-content\/uploads\/2021\/05\/Championnats-dEurope-de-natation-handisport-Journee-argentee-pour-les-Bleus.png\" \/>\n\t<meta property=\"og:image:width\" content=\"800\" \/>\n\t<meta property=\"og:image:height\" content=\"445\" \/>\n\t<meta property=\"og:image:type\" content=\"image\/png\" \/>\n<meta name=\"author\" content=\"Maxime Boulard\" \/>\n<meta name=\"twitter:card\" content=\"summary_large_image\" \/>\n<meta name=\"twitter:title\" content=\"Championnats d&#039;Europe de natation handisport : journ\u00e9e argent\u00e9e pour les Bleus\" \/>\n<meta name=\"twitter:creator\" content=\"@https:\/\/twitter.com\/MaximeB_2\" \/>\n<meta name=\"twitter:site\" content=\"@dicodusport\" \/>\n<script type=\"application\/ld+json\" class=\"yoast-schema-graph\">{\"@context\":\"https:\/\/schema.org\",\"@graph\":[{\"@type\":\"NewsArticle\",\"@id\":\"https:\/\/dicodusport.fr\/blog\/championnats-d-europe-de-natation-handisport-journee-argentee-pour-les-bleus\/#article\",\"isPartOf\":{\"@id\":\"https:\/\/dicodusport.fr\/blog\/championnats-d-europe-de-natation-handisport-journee-argentee-pour-les-bleus\/\"},\"author\":{\"name\":\"Maxime Boulard\",\"@id\":\"https:\/\/dicodusport.fr\/blog\/#\/schema\/person\/5aab10ee856e86ac63e9819a9da34784\"},\"headline\":\"Championnats d&rsquo;Europe de natation handisport : journ\u00e9e argent\u00e9e pour les Bleus\",\"datePublished\":\"2021-05-22T07:20:29+00:00\",\"dateModified\":\"2021-05-22T14:50:03+00:00\",\"mainEntityOfPage\":{\"@id\":\"https:\/\/dicodusport.fr\/blog\/championnats-d-europe-de-natation-handisport-journee-argentee-pour-les-bleus\/\"},\"wordCount\":275,\"commentCount\":0,\"publisher\":{\"@id\":\"https:\/\/dicodusport.fr\/blog\/#organization\"},\"image\":{\"@id\":\"https:\/\/dicodusport.fr\/blog\/championnats-d-europe-de-natation-handisport-journee-argentee-pour-les-bleus\/#primaryimage\"},\"thumbnailUrl\":\"https:\/\/dicodusport.fr\/blog\/wp-content\/uploads\/2021\/05\/Championnats-dEurope-de-natation-handisport-Journee-argentee-pour-les-Bleus.png\",\"keywords\":[\"Championnats d'Europe de natation\",\"handisport\",\"natation\"],\"articleSection\":[\"Handisport\",\"Natation\"],\"inLanguage\":\"fr-FR\",\"potentialAction\":[{\"@type\":\"CommentAction\",\"name\":\"Comment\",\"target\":[\"https:\/\/dicodusport.fr\/blog\/championnats-d-europe-de-natation-handisport-journee-argentee-pour-les-bleus\/#respond\"]}],\"copyrightYear\":\"2021\",\"copyrightHolder\":{\"@id\":\"https:\/\/dicodusport.fr\/blog\/#organization\"}},{\"@type\":\"WebPage\",\"@id\":\"https:\/\/dicodusport.fr\/blog\/championnats-d-europe-de-natation-handisport-journee-argentee-pour-les-bleus\/\",\"url\":\"https:\/\/dicodusport.fr\/blog\/championnats-d-europe-de-natation-handisport-journee-argentee-pour-les-bleus\/\",\"name\":\"Championnats d'Europe de natation handisport : journ\u00e9e argent\u00e9e pour les Bleus\",\"isPartOf\":{\"@id\":\"https:\/\/dicodusport.fr\/blog\/#website\"},\"primaryImageOfPage\":{\"@id\":\"https:\/\/dicodusport.fr\/blog\/championnats-d-europe-de-natation-handisport-journee-argentee-pour-les-bleus\/#primaryimage\"},\"image\":{\"@id\":\"https:\/\/dicodusport.fr\/blog\/championnats-d-europe-de-natation-handisport-journee-argentee-pour-les-bleus\/#primaryimage\"},\"thumbnailUrl\":\"https:\/\/dicodusport.fr\/blog\/wp-content\/uploads\/2021\/05\/Championnats-dEurope-de-natation-handisport-Journee-argentee-pour-les-Bleus.png\",\"datePublished\":\"2021-05-22T07:20:29+00:00\",\"dateModified\":\"2021-05-22T14:50:03+00:00\",\"description\":\"Encore une belle journ\u00e9e pour la natation handisport fran\u00e7aise vendredi. Ugo Didier et Alex Portal d\u00e9crochent une nouvelle m\u00e9daille d'argent chacun.\",\"breadcrumb\":{\"@id\":\"https:\/\/dicodusport.fr\/blog\/championnats-d-europe-de-natation-handisport-journee-argentee-pour-les-bleus\/#breadcrumb\"},\"inLanguage\":\"fr-FR\",\"potentialAction\":[{\"@type\":\"ReadAction\",\"target\":[\"https:\/\/dicodusport.fr\/blog\/championnats-d-europe-de-natation-handisport-journee-argentee-pour-les-bleus\/\"]}]},{\"@type\":\"ImageObject\",\"inLanguage\":\"fr-FR\",\"@id\":\"https:\/\/dicodusport.fr\/blog\/championnats-d-europe-de-natation-handisport-journee-argentee-pour-les-bleus\/#primaryimage\",\"url\":\"https:\/\/dicodusport.fr\/blog\/wp-content\/uploads\/2021\/05\/Championnats-dEurope-de-natation-handisport-Journee-argentee-pour-les-Bleus.png\",\"contentUrl\":\"https:\/\/dicodusport.fr\/blog\/wp-content\/uploads\/2021\/05\/Championnats-dEurope-de-natation-handisport-Journee-argentee-pour-les-Bleus.png\",\"width\":800,\"height\":445,\"caption\":\"Championnats d'Europe de natation handisport : journ\u00e9e argent\u00e9e pour les Bleus\"},{\"@type\":\"BreadcrumbList\",\"@id\":\"https:\/\/dicodusport.fr\/blog\/championnats-d-europe-de-natation-handisport-journee-argentee-pour-les-bleus\/#breadcrumb\",\"itemListElement\":[{\"@type\":\"ListItem\",\"position\":1,\"name\":\"Accueil\",\"item\":\"https:\/\/dicodusport.fr\/blog\/\"},{\"@type\":\"ListItem\",\"position\":2,\"name\":\"Championnats d&rsquo;Europe de natation handisport : journ\u00e9e argent\u00e9e pour les Bleus\"}]},{\"@type\":\"WebSite\",\"@id\":\"https:\/\/dicodusport.fr\/blog\/#website\",\"url\":\"https:\/\/dicodusport.fr\/blog\/\",\"name\":\"Dicodusport\",\"description\":\"L&#039;encyclop\u00e9die de l&#039;actualit\u00e9 sportive\",\"publisher\":{\"@id\":\"https:\/\/dicodusport.fr\/blog\/#organization\"},\"potentialAction\":[{\"@type\":\"SearchAction\",\"target\":{\"@type\":\"EntryPoint\",\"urlTemplate\":\"https:\/\/dicodusport.fr\/blog\/?s={search_term_string}\"},\"query-input\":{\"@type\":\"PropertyValueSpecification\",\"valueRequired\":true,\"valueName\":\"search_term_string\"}}],\"inLanguage\":\"fr-FR\"},{\"@type\":\"NewsMediaOrganization\",\"@id\":\"https:\/\/dicodusport.fr\/blog\/#organization\",\"name\":\"Dicodusport\",\"url\":\"https:\/\/dicodusport.fr\/blog\/\",\"logo\":{\"@type\":\"ImageObject\",\"inLanguage\":\"fr-FR\",\"@id\":\"https:\/\/dicodusport.fr\/blog\/#\/schema\/logo\/image\/\",\"url\":\"https:\/\/dicodusport.fr\/blog\/wp-content\/uploads\/2020\/06\/cropped-LOGO-DICODUSPORT-2020-SANS-FOND-SANS-TEXTE.png\",\"contentUrl\":\"https:\/\/dicodusport.fr\/blog\/wp-content\/uploads\/2020\/06\/cropped-LOGO-DICODUSPORT-2020-SANS-FOND-SANS-TEXTE.png\",\"width\":512,\"height\":512,\"caption\":\"Dicodusport\"},\"image\":{\"@id\":\"https:\/\/dicodusport.fr\/blog\/#\/schema\/logo\/image\/\"},\"sameAs\":[\"https:\/\/www.facebook.com\/dicodusport\",\"https:\/\/x.com\/dicodusport\",\"https:\/\/www.instagram.com\/dicodusport\/\",\"https:\/\/www.youtube.com\/channel\/UC7V2KZ5sd3htJivAbA4ZG3w\"],\"description\":\"Dicodusport est l'encyclop\u00e9die de l'actualit\u00e9 sportive.\",\"email\":\"bonjour@dicodusport.fr\",\"legalName\":\"DICODUSPORT\",\"foundingDate\":\"2018-01-14\",\"vatID\":\"FR71834470973\",\"taxID\":\"83447097300043\",\"numberOfEmployees\":{\"@type\":\"QuantitativeValue\",\"minValue\":\"1\",\"maxValue\":\"10\"}},{\"@type\":\"Person\",\"@id\":\"https:\/\/dicodusport.fr\/blog\/#\/schema\/person\/5aab10ee856e86ac63e9819a9da34784\",\"name\":\"Maxime Boulard\",\"image\":{\"@type\":\"ImageObject\",\"inLanguage\":\"fr-FR\",\"@id\":\"https:\/\/dicodusport.fr\/blog\/#\/schema\/person\/image\/\",\"url\":\"https:\/\/dicodusport.fr\/blog\/wp-content\/uploads\/2021\/05\/Maxime-Boulard-150x150.jpg\",\"contentUrl\":\"https:\/\/dicodusport.fr\/blog\/wp-content\/uploads\/2021\/05\/Maxime-Boulard-150x150.jpg\",\"caption\":\"Maxime Boulard\"},\"description\":\"Journaliste\/r\u00e9dacteur depuis octobre 2020 - Si mon plus vieux souvenir de sport aurait pu m'en d\u00e9go\u00fbter, la finale de la Coupe du monde 2006 a \u00e9t\u00e9 tout le contraire. V\u00e9ritable d\u00e9clencheur d'une passion qui aujourd'hui ne fait que grandir avec le temps, mon leitmotiv est la France qui brille ! Je relate les exploits pass\u00e9s et pr\u00e9sents du sport bleu-blanc-rouge sans m\u00e9nagement depuis octobre 2020. Sport valide ou handisport, aucune diff\u00e9rence, il n'y a que du sport et plusieurs fa\u00e7ons de le pratiquer.\",\"sameAs\":[\"https:\/\/www.facebook.com\/Max.Bld2\/\",\"https:\/\/x.com\/https:\/\/twitter.com\/MaximeB_2\"],\"url\":\"https:\/\/dicodusport.fr\/blog\/author\/maxime-b\/\"}]}<\/script>\n<!-- \/ Yoast SEO Premium plugin. -->","yoast_head_json":{"title":"Championnats d'Europe de natation handisport : journ\u00e9e argent\u00e9e pour les Bleus","description":"Encore une belle journ\u00e9e pour la natation handisport fran\u00e7aise vendredi. Ugo Didier et Alex Portal d\u00e9crochent une nouvelle m\u00e9daille d'argent chacun.","robots":{"index":"index","follow":"follow","max-snippet":"max-snippet:-1","max-image-preview":"max-image-preview:large","max-video-preview":"max-video-preview:-1"},"canonical":"https:\/\/dicodusport.fr\/blog\/championnats-d-europe-de-natation-handisport-journee-argentee-pour-les-bleus\/","og_locale":"fr_FR","og_type":"article","og_title":"Championnats d'Europe de natation handisport : journ\u00e9e argent\u00e9e pour les Bleus","og_description":"Encore une belle journ\u00e9e pour la natation handisport fran\u00e7aise vendredi. Ugo Didier et Alex Portal d\u00e9crochent une nouvelle m\u00e9daille d'argent chacun.","og_url":"https:\/\/dicodusport.fr\/blog\/championnats-d-europe-de-natation-handisport-journee-argentee-pour-les-bleus\/","og_site_name":"Dicodusport","article_publisher":"https:\/\/www.facebook.com\/dicodusport","article_author":"https:\/\/www.facebook.com\/Max.Bld2\/","article_published_time":"2021-05-22T07:20:29+00:00","article_modified_time":"2021-05-22T14:50:03+00:00","og_image":[{"width":800,"height":445,"url":"https:\/\/dicodusport.fr\/blog\/wp-content\/uploads\/2021\/05\/Championnats-dEurope-de-natation-handisport-Journee-argentee-pour-les-Bleus.png","type":"image\/png"}],"author":"Maxime Boulard","twitter_card":"summary_large_image","twitter_title":"Championnats d'Europe de natation handisport : journ\u00e9e argent\u00e9e pour les Bleus","twitter_creator":"@https:\/\/twitter.com\/MaximeB_2","twitter_site":"@dicodusport","schema":{"@context":"https:\/\/schema.org","@graph":[{"@type":"NewsArticle","@id":"https:\/\/dicodusport.fr\/blog\/championnats-d-europe-de-natation-handisport-journee-argentee-pour-les-bleus\/#article","isPartOf":{"@id":"https:\/\/dicodusport.fr\/blog\/championnats-d-europe-de-natation-handisport-journee-argentee-pour-les-bleus\/"},"author":{"name":"Maxime Boulard","@id":"https:\/\/dicodusport.fr\/blog\/#\/schema\/person\/5aab10ee856e86ac63e9819a9da34784"},"headline":"Championnats d&rsquo;Europe de natation handisport : journ\u00e9e argent\u00e9e pour les Bleus","datePublished":"2021-05-22T07:20:29+00:00","dateModified":"2021-05-22T14:50:03+00:00","mainEntityOfPage":{"@id":"https:\/\/dicodusport.fr\/blog\/championnats-d-europe-de-natation-handisport-journee-argentee-pour-les-bleus\/"},"wordCount":275,"commentCount":0,"publisher":{"@id":"https:\/\/dicodusport.fr\/blog\/#organization"},"image":{"@id":"https:\/\/dicodusport.fr\/blog\/championnats-d-europe-de-natation-handisport-journee-argentee-pour-les-bleus\/#primaryimage"},"thumbnailUrl":"https:\/\/dicodusport.fr\/blog\/wp-content\/uploads\/2021\/05\/Championnats-dEurope-de-natation-handisport-Journee-argentee-pour-les-Bleus.png","keywords":["Championnats d'Europe de natation","handisport","natation"],"articleSection":["Handisport","Natation"],"inLanguage":"fr-FR","potentialAction":[{"@type":"CommentAction","name":"Comment","target":["https:\/\/dicodusport.fr\/blog\/championnats-d-europe-de-natation-handisport-journee-argentee-pour-les-bleus\/#respond"]}],"copyrightYear":"2021","copyrightHolder":{"@id":"https:\/\/dicodusport.fr\/blog\/#organization"}},{"@type":"WebPage","@id":"https:\/\/dicodusport.fr\/blog\/championnats-d-europe-de-natation-handisport-journee-argentee-pour-les-bleus\/","url":"https:\/\/dicodusport.fr\/blog\/championnats-d-europe-de-natation-handisport-journee-argentee-pour-les-bleus\/","name":"Championnats d'Europe de natation handisport : journ\u00e9e argent\u00e9e pour les Bleus","isPartOf":{"@id":"https:\/\/dicodusport.fr\/blog\/#website"},"primaryImageOfPage":{"@id":"https:\/\/dicodusport.fr\/blog\/championnats-d-europe-de-natation-handisport-journee-argentee-pour-les-bleus\/#primaryimage"},"image":{"@id":"https:\/\/dicodusport.fr\/blog\/championnats-d-europe-de-natation-handisport-journee-argentee-pour-les-bleus\/#primaryimage"},"thumbnailUrl":"https:\/\/dicodusport.fr\/blog\/wp-content\/uploads\/2021\/05\/Championnats-dEurope-de-natation-handisport-Journee-argentee-pour-les-Bleus.png","datePublished":"2021-05-22T07:20:29+00:00","dateModified":"2021-05-22T14:50:03+00:00","description":"Encore une belle journ\u00e9e pour la natation handisport fran\u00e7aise vendredi. Ugo Didier et Alex Portal d\u00e9crochent une nouvelle m\u00e9daille d'argent chacun.","breadcrumb":{"@id":"https:\/\/dicodusport.fr\/blog\/championnats-d-europe-de-natation-handisport-journee-argentee-pour-les-bleus\/#breadcrumb"},"inLanguage":"fr-FR","potentialAction":[{"@type":"ReadAction","target":["https:\/\/dicodusport.fr\/blog\/championnats-d-europe-de-natation-handisport-journee-argentee-pour-les-bleus\/"]}]},{"@type":"ImageObject","inLanguage":"fr-FR","@id":"https:\/\/dicodusport.fr\/blog\/championnats-d-europe-de-natation-handisport-journee-argentee-pour-les-bleus\/#primaryimage","url":"https:\/\/dicodusport.fr\/blog\/wp-content\/uploads\/2021\/05\/Championnats-dEurope-de-natation-handisport-Journee-argentee-pour-les-Bleus.png","contentUrl":"https:\/\/dicodusport.fr\/blog\/wp-content\/uploads\/2021\/05\/Championnats-dEurope-de-natation-handisport-Journee-argentee-pour-les-Bleus.png","width":800,"height":445,"caption":"Championnats d'Europe de natation handisport : journ\u00e9e argent\u00e9e pour les Bleus"},{"@type":"BreadcrumbList","@id":"https:\/\/dicodusport.fr\/blog\/championnats-d-europe-de-natation-handisport-journee-argentee-pour-les-bleus\/#breadcrumb","itemListElement":[{"@type":"ListItem","position":1,"name":"Accueil","item":"https:\/\/dicodusport.fr\/blog\/"},{"@type":"ListItem","position":2,"name":"Championnats d&rsquo;Europe de natation handisport : journ\u00e9e argent\u00e9e pour les Bleus"}]},{"@type":"WebSite","@id":"https:\/\/dicodusport.fr\/blog\/#website","url":"https:\/\/dicodusport.fr\/blog\/","name":"Dicodusport","description":"L&#039;encyclop\u00e9die de l&#039;actualit\u00e9 sportive","publisher":{"@id":"https:\/\/dicodusport.fr\/blog\/#organization"},"potentialAction":[{"@type":"SearchAction","target":{"@type":"EntryPoint","urlTemplate":"https:\/\/dicodusport.fr\/blog\/?s={search_term_string}"},"query-input":{"@type":"PropertyValueSpecification","valueRequired":true,"valueName":"search_term_string"}}],"inLanguage":"fr-FR"},{"@type":"NewsMediaOrganization","@id":"https:\/\/dicodusport.fr\/blog\/#organization","name":"Dicodusport","url":"https:\/\/dicodusport.fr\/blog\/","logo":{"@type":"ImageObject","inLanguage":"fr-FR","@id":"https:\/\/dicodusport.fr\/blog\/#\/schema\/logo\/image\/","url":"https:\/\/dicodusport.fr\/blog\/wp-content\/uploads\/2020\/06\/cropped-LOGO-DICODUSPORT-2020-SANS-FOND-SANS-TEXTE.png","contentUrl":"https:\/\/dicodusport.fr\/blog\/wp-content\/uploads\/2020\/06\/cropped-LOGO-DICODUSPORT-2020-SANS-FOND-SANS-TEXTE.png","width":512,"height":512,"caption":"Dicodusport"},"image":{"@id":"https:\/\/dicodusport.fr\/blog\/#\/schema\/logo\/image\/"},"sameAs":["https:\/\/www.facebook.com\/dicodusport","https:\/\/x.com\/dicodusport","https:\/\/www.instagram.com\/dicodusport\/","https:\/\/www.youtube.com\/channel\/UC7V2KZ5sd3htJivAbA4ZG3w"],"description":"Dicodusport est l'encyclop\u00e9die de l'actualit\u00e9 sportive.","email":"bonjour@dicodusport.fr","legalName":"DICODUSPORT","foundingDate":"2018-01-14","vatID":"FR71834470973","taxID":"83447097300043","numberOfEmployees":{"@type":"QuantitativeValue","minValue":"1","maxValue":"10"}},{"@type":"Person","@id":"https:\/\/dicodusport.fr\/blog\/#\/schema\/person\/5aab10ee856e86ac63e9819a9da34784","name":"Maxime Boulard","image":{"@type":"ImageObject","inLanguage":"fr-FR","@id":"https:\/\/dicodusport.fr\/blog\/#\/schema\/person\/image\/","url":"https:\/\/dicodusport.fr\/blog\/wp-content\/uploads\/2021\/05\/Maxime-Boulard-150x150.jpg","contentUrl":"https:\/\/dicodusport.fr\/blog\/wp-content\/uploads\/2021\/05\/Maxime-Boulard-150x150.jpg","caption":"Maxime Boulard"},"description":"Journaliste\/r\u00e9dacteur depuis octobre 2020 - Si mon plus vieux souvenir de sport aurait pu m'en d\u00e9go\u00fbter, la finale de la Coupe du monde 2006 a \u00e9t\u00e9 tout le contraire. V\u00e9ritable d\u00e9clencheur d'une passion qui aujourd'hui ne fait que grandir avec le temps, mon leitmotiv est la France qui brille ! Je relate les exploits pass\u00e9s et pr\u00e9sents du sport bleu-blanc-rouge sans m\u00e9nagement depuis octobre 2020. Sport valide ou handisport, aucune diff\u00e9rence, il n'y a que du sport et plusieurs fa\u00e7ons de le pratiquer.","sameAs":["https:\/\/www.facebook.com\/Max.Bld2\/","https:\/\/x.com\/https:\/\/twitter.com\/MaximeB_2"],"url":"https:\/\/dicodusport.fr\/blog\/author\/maxime-b\/"}]}},"_links":{"self":[{"href":"https:\/\/dicodusport.fr\/blog\/wp-json\/wp\/v2\/posts\/131705","targetHints":{"allow":["GET"]}}],"collection":[{"href":"https:\/\/dicodusport.fr\/blog\/wp-json\/wp\/v2\/posts"}],"about":[{"href":"https:\/\/dicodusport.fr\/blog\/wp-json\/wp\/v2\/types\/post"}],"author":[{"embeddable":true,"href":"https:\/\/dicodusport.fr\/blog\/wp-json\/wp\/v2\/users\/43"}],"replies":[{"embeddable":true,"href":"https:\/\/dicodusport.fr\/blog\/wp-json\/wp\/v2\/comments?post=131705"}],"version-history":[{"count":0,"href":"https:\/\/dicodusport.fr\/blog\/wp-json\/wp\/v2\/posts\/131705\/revisions"}],"wp:featuredmedia":[{"embeddable":true,"href":"https:\/\/dicodusport.fr\/blog\/wp-json\/wp\/v2\/media\/131792"}],"wp:attachment":[{"href":"https:\/\/dicodusport.fr\/blog\/wp-json\/wp\/v2\/media?parent=131705"}],"wp:term":[{"taxonomy":"category","embeddable":true,"href":"https:\/\/dicodusport.fr\/blog\/wp-json\/wp\/v2\/categories?post=131705"},{"taxonomy":"post_tag","embeddable":true,"href":"https:\/\/dicodusport.fr\/blog\/wp-json\/wp\/v2\/tags?post=131705"}],"curies":[{"name":"wp","href":"https:\/\/api.w.org\/{rel}","templated":true}]}}