{"id":131750,"date":"2021-05-22T08:38:46","date_gmt":"2021-05-22T06:38:46","guid":{"rendered":"https:\/\/dicodusport.fr\/blog\/?p=131750"},"modified":"2021-05-22T08:33:00","modified_gmt":"2021-05-22T06:33:00","slug":"22-mai-2017-pauline-ado-surfe-sur-le-monde","status":"publish","type":"post","link":"https:\/\/dicodusport.fr\/blog\/22-mai-2017-pauline-ado-surfe-sur-le-monde\/","title":{"rendered":"22 mai 2017 : Pauline Ado surfe sur le monde"},"content":{"rendered":"<p style=\"text-align: justify;\"><em><strong><a href=\"https:\/\/dicodusport.fr\/definition-sport\/surf\/\">SURF<\/a> &#8211; Avant ces Championnats du monde ISA 2017, Pauline Ado a d\u00e9j\u00e0 bien fait ses preuves. Quintuple championne d\u2019Europe de la World Surf League, la surfeuse fran\u00e7aise peine n\u00e9anmoins \u00e0 d\u00e9crocher un titre mondial. Puis un jour, \u00e7a arrive.<\/strong> <\/em><\/p>\n<h2>\u00c7a s&rsquo;est pass\u00e9 le 22 mai 2017<\/h2>\n<p style=\"text-align: justify;\">Tout vient \u00e0 point \u00e0 qui sait attendre. Apr\u00e8s quatre participations et une troisi\u00e8me place mondiale l\u2019ann\u00e9e pr\u00e9c\u00e9dente, <strong>Pauline Ado<\/strong> a domin\u00e9 ses adversaires. En finale, face \u00e0 sa compatriote <strong>Johanne Defay<\/strong>, la triple championne de France a dompt\u00e9 les vagues de Biarritz. Ne laissant aucun espoir \u00e0 Leilani McGonagle et Bianca Buitendag, les deux tricolores ont bataill\u00e9 entre elles. Mais d\u00e8s sa premi\u00e8re vague, Pauline Ado annon\u00e7ait la couleur. L\u2019encha\u00eenement est jug\u00e9 6,50 tandis que celui de Defay 6,00.<\/p>\n<p style=\"text-align: justify;\">Cet \u00e9cart, la Basque le creuse un peu plus. Un 5,50 plus tard sur la seconde vague la propulse un peu plus loin devant mais c\u2019est au terme de la derni\u00e8re que les d\u00e9s sont jet\u00e9s (5,67). Avec un total de 12, 17, Pauline Ado est enfin r\u00e9compens\u00e9e dans l\u2019\u00e9lite mondiale, devenant \u00e9galement la seconde Fran\u00e7aise \u00e0 devenir championne du monde de surf. Sur la Grande Plage, la seconde place de Johanne Defay permet \u00e9galement \u00e0 l\u2019\u00e9quipe de France de r\u00e9aliser un doubl\u00e9 historique. Que d\u2019exploits en ce 22 mai 2017\u00a0!<\/p>\n<p style=\"text-align: justify;\"><strong>Info\u00a0<\/strong>: Sportive engag\u00e9e, Pauline Ado est ambassadrice de la fondation <a href=\"https:\/\/surfrider.eu\/\">SurfRider<\/a> qui lutte pour la protection des oc\u00e9ans. Elle est \u00e9galement la marraine de l\u2019association <a href=\"http:\/\/www.handi-surf.org\/\">Handi Surf<\/a>.<\/p>\n","protected":false},"excerpt":{"rendered":"<p>Le 22 mai 2017, Pauline Ado devenait championne du monde de surf, r\u00e9alisant un doubl\u00e9 avec sa co\u00e9quipi\u00e8re Johanne Defay. Historique !<\/p>\n","protected":false},"author":18,"featured_media":131783,"comment_status":"open","ping_status":"closed","sticky":false,"template":"","format":"standard","meta":{"_acf_changed":false,"_daextam_enable_autolinks":"","footnotes":""},"categories":[8,11679],"tags":[5135,249],"class_list":["post-131750","post","type-post","status-publish","format-standard","has-post-thumbnail","hentry","category-histoire","category-surf","tag-johanne-defay","tag-surf"],"acf":[],"yoast_head":"<!-- This site is optimized with the Yoast SEO Premium plugin v26.7 (Yoast SEO v26.7) - https:\/\/yoast.com\/wordpress\/plugins\/seo\/ -->\n<title>22 mai 2017 : Pauline Ado surfe sur le monde<\/title>\n<meta name=\"description\" content=\"Le 22 mai 2017, Pauline Ado devenait championne du monde de surf, r\u00e9alisant un doubl\u00e9 avec sa co\u00e9quipi\u00e8re Johanne Defay. Historique !\" \/>\n<meta name=\"robots\" content=\"index, follow, max-snippet:-1, max-image-preview:large, max-video-preview:-1\" \/>\n<link rel=\"canonical\" href=\"https:\/\/dicodusport.fr\/blog\/22-mai-2017-pauline-ado-surfe-sur-le-monde\/\" \/>\n<meta property=\"og:locale\" content=\"fr_FR\" \/>\n<meta property=\"og:type\" content=\"article\" \/>\n<meta property=\"og:title\" content=\"22 mai 2017 : Pauline Ado surfe sur le monde\" \/>\n<meta property=\"og:description\" content=\"Le 22 mai 2017, Pauline Ado devenait championne du monde de surf, r\u00e9alisant un doubl\u00e9 avec sa co\u00e9quipi\u00e8re Johanne Defay. Historique !\" \/>\n<meta property=\"og:url\" content=\"https:\/\/dicodusport.fr\/blog\/22-mai-2017-pauline-ado-surfe-sur-le-monde\/\" \/>\n<meta property=\"og:site_name\" content=\"Dicodusport\" \/>\n<meta property=\"article:publisher\" content=\"https:\/\/www.facebook.com\/dicodusport\" \/>\n<meta property=\"article:author\" content=\"https:\/\/www.facebook.com\/soocube\" \/>\n<meta property=\"article:published_time\" content=\"2021-05-22T06:38:46+00:00\" \/>\n<meta property=\"og:image\" content=\"https:\/\/dicodusport.fr\/blog\/wp-content\/uploads\/2021\/05\/22-mai-2017-Pauline-Ado-surfe-sur-le-monde.png\" \/>\n\t<meta property=\"og:image:width\" content=\"800\" \/>\n\t<meta property=\"og:image:height\" content=\"445\" \/>\n\t<meta property=\"og:image:type\" content=\"image\/png\" \/>\n<meta name=\"author\" content=\"Sophie Clapier\" \/>\n<meta name=\"twitter:card\" content=\"summary_large_image\" \/>\n<meta name=\"twitter:title\" content=\"22 mai 2017 : Pauline Ado surfe sur le monde\" \/>\n<meta name=\"twitter:creator\" content=\"@https:\/\/twitter.com\/soocube\" \/>\n<meta name=\"twitter:site\" content=\"@dicodusport\" \/>\n<script type=\"application\/ld+json\" class=\"yoast-schema-graph\">{\"@context\":\"https:\/\/schema.org\",\"@graph\":[{\"@type\":\"NewsArticle\",\"@id\":\"https:\/\/dicodusport.fr\/blog\/22-mai-2017-pauline-ado-surfe-sur-le-monde\/#article\",\"isPartOf\":{\"@id\":\"https:\/\/dicodusport.fr\/blog\/22-mai-2017-pauline-ado-surfe-sur-le-monde\/\"},\"author\":{\"name\":\"Sophie Clapier\",\"@id\":\"https:\/\/dicodusport.fr\/blog\/#\/schema\/person\/416c975648aca9da8839bdfe333a21c9\"},\"headline\":\"22 mai 2017 : Pauline Ado surfe sur le monde\",\"datePublished\":\"2021-05-22T06:38:46+00:00\",\"mainEntityOfPage\":{\"@id\":\"https:\/\/dicodusport.fr\/blog\/22-mai-2017-pauline-ado-surfe-sur-le-monde\/\"},\"wordCount\":265,\"commentCount\":0,\"publisher\":{\"@id\":\"https:\/\/dicodusport.fr\/blog\/#organization\"},\"image\":{\"@id\":\"https:\/\/dicodusport.fr\/blog\/22-mai-2017-pauline-ado-surfe-sur-le-monde\/#primaryimage\"},\"thumbnailUrl\":\"https:\/\/dicodusport.fr\/blog\/wp-content\/uploads\/2021\/05\/22-mai-2017-Pauline-Ado-surfe-sur-le-monde.png\",\"keywords\":[\"Johanne Defay\",\"surf\"],\"articleSection\":[\"Histoire\",\"Surf\"],\"inLanguage\":\"fr-FR\",\"potentialAction\":[{\"@type\":\"CommentAction\",\"name\":\"Comment\",\"target\":[\"https:\/\/dicodusport.fr\/blog\/22-mai-2017-pauline-ado-surfe-sur-le-monde\/#respond\"]}],\"copyrightYear\":\"2021\",\"copyrightHolder\":{\"@id\":\"https:\/\/dicodusport.fr\/blog\/#organization\"}},{\"@type\":\"WebPage\",\"@id\":\"https:\/\/dicodusport.fr\/blog\/22-mai-2017-pauline-ado-surfe-sur-le-monde\/\",\"url\":\"https:\/\/dicodusport.fr\/blog\/22-mai-2017-pauline-ado-surfe-sur-le-monde\/\",\"name\":\"22 mai 2017 : Pauline Ado surfe sur le monde\",\"isPartOf\":{\"@id\":\"https:\/\/dicodusport.fr\/blog\/#website\"},\"primaryImageOfPage\":{\"@id\":\"https:\/\/dicodusport.fr\/blog\/22-mai-2017-pauline-ado-surfe-sur-le-monde\/#primaryimage\"},\"image\":{\"@id\":\"https:\/\/dicodusport.fr\/blog\/22-mai-2017-pauline-ado-surfe-sur-le-monde\/#primaryimage\"},\"thumbnailUrl\":\"https:\/\/dicodusport.fr\/blog\/wp-content\/uploads\/2021\/05\/22-mai-2017-Pauline-Ado-surfe-sur-le-monde.png\",\"datePublished\":\"2021-05-22T06:38:46+00:00\",\"description\":\"Le 22 mai 2017, Pauline Ado devenait championne du monde de surf, r\u00e9alisant un doubl\u00e9 avec sa co\u00e9quipi\u00e8re Johanne Defay. Historique !\",\"breadcrumb\":{\"@id\":\"https:\/\/dicodusport.fr\/blog\/22-mai-2017-pauline-ado-surfe-sur-le-monde\/#breadcrumb\"},\"inLanguage\":\"fr-FR\",\"potentialAction\":[{\"@type\":\"ReadAction\",\"target\":[\"https:\/\/dicodusport.fr\/blog\/22-mai-2017-pauline-ado-surfe-sur-le-monde\/\"]}]},{\"@type\":\"ImageObject\",\"inLanguage\":\"fr-FR\",\"@id\":\"https:\/\/dicodusport.fr\/blog\/22-mai-2017-pauline-ado-surfe-sur-le-monde\/#primaryimage\",\"url\":\"https:\/\/dicodusport.fr\/blog\/wp-content\/uploads\/2021\/05\/22-mai-2017-Pauline-Ado-surfe-sur-le-monde.png\",\"contentUrl\":\"https:\/\/dicodusport.fr\/blog\/wp-content\/uploads\/2021\/05\/22-mai-2017-Pauline-Ado-surfe-sur-le-monde.png\",\"width\":800,\"height\":445,\"caption\":\"22 mai 2017 : Pauline Ado surfe sur le monde\"},{\"@type\":\"BreadcrumbList\",\"@id\":\"https:\/\/dicodusport.fr\/blog\/22-mai-2017-pauline-ado-surfe-sur-le-monde\/#breadcrumb\",\"itemListElement\":[{\"@type\":\"ListItem\",\"position\":1,\"name\":\"Accueil\",\"item\":\"https:\/\/dicodusport.fr\/blog\/\"},{\"@type\":\"ListItem\",\"position\":2,\"name\":\"22 mai 2017 : Pauline Ado surfe sur le monde\"}]},{\"@type\":\"WebSite\",\"@id\":\"https:\/\/dicodusport.fr\/blog\/#website\",\"url\":\"https:\/\/dicodusport.fr\/blog\/\",\"name\":\"Dicodusport\",\"description\":\"L&#039;encyclop\u00e9die de l&#039;actualit\u00e9 sportive\",\"publisher\":{\"@id\":\"https:\/\/dicodusport.fr\/blog\/#organization\"},\"potentialAction\":[{\"@type\":\"SearchAction\",\"target\":{\"@type\":\"EntryPoint\",\"urlTemplate\":\"https:\/\/dicodusport.fr\/blog\/?s={search_term_string}\"},\"query-input\":{\"@type\":\"PropertyValueSpecification\",\"valueRequired\":true,\"valueName\":\"search_term_string\"}}],\"inLanguage\":\"fr-FR\"},{\"@type\":\"NewsMediaOrganization\",\"@id\":\"https:\/\/dicodusport.fr\/blog\/#organization\",\"name\":\"Dicodusport\",\"url\":\"https:\/\/dicodusport.fr\/blog\/\",\"logo\":{\"@type\":\"ImageObject\",\"inLanguage\":\"fr-FR\",\"@id\":\"https:\/\/dicodusport.fr\/blog\/#\/schema\/logo\/image\/\",\"url\":\"https:\/\/dicodusport.fr\/blog\/wp-content\/uploads\/2020\/06\/cropped-LOGO-DICODUSPORT-2020-SANS-FOND-SANS-TEXTE.png\",\"contentUrl\":\"https:\/\/dicodusport.fr\/blog\/wp-content\/uploads\/2020\/06\/cropped-LOGO-DICODUSPORT-2020-SANS-FOND-SANS-TEXTE.png\",\"width\":512,\"height\":512,\"caption\":\"Dicodusport\"},\"image\":{\"@id\":\"https:\/\/dicodusport.fr\/blog\/#\/schema\/logo\/image\/\"},\"sameAs\":[\"https:\/\/www.facebook.com\/dicodusport\",\"https:\/\/x.com\/dicodusport\",\"https:\/\/www.instagram.com\/dicodusport\/\",\"https:\/\/www.youtube.com\/channel\/UC7V2KZ5sd3htJivAbA4ZG3w\"],\"description\":\"Dicodusport est l'encyclop\u00e9die de l'actualit\u00e9 sportive.\",\"email\":\"bonjour@dicodusport.fr\",\"legalName\":\"DICODUSPORT\",\"foundingDate\":\"2018-01-14\",\"vatID\":\"FR71834470973\",\"taxID\":\"83447097300043\",\"numberOfEmployees\":{\"@type\":\"QuantitativeValue\",\"minValue\":\"1\",\"maxValue\":\"10\"}},{\"@type\":\"Person\",\"@id\":\"https:\/\/dicodusport.fr\/blog\/#\/schema\/person\/416c975648aca9da8839bdfe333a21c9\",\"name\":\"Sophie Clapier\",\"image\":{\"@type\":\"ImageObject\",\"inLanguage\":\"fr-FR\",\"@id\":\"https:\/\/dicodusport.fr\/blog\/#\/schema\/person\/image\/\",\"url\":\"https:\/\/dicodusport.fr\/blog\/wp-content\/uploads\/2021\/05\/Sophie-Clapier-150x150.jpg\",\"contentUrl\":\"https:\/\/dicodusport.fr\/blog\/wp-content\/uploads\/2021\/05\/Sophie-Clapier-150x150.jpg\",\"caption\":\"Sophie Clapier\"},\"description\":\"Journaliste\/r\u00e9dactrice depuis janvier 2016 - Passionn\u00e9e de sport depuis toujours, j\u2019en ai pratiqu\u00e9 quelques-uns. Judo, football, handball ou encore tennis, je n\u2019ai jamais pu me mettre d\u2019accord sur un en particulier. Mais \u00e7a, c\u2019\u00e9tait avant de d\u00e9couvrir le basket, devenu mon sport de pr\u00e9dilection. Les actions NBA, le All-Star Week-end, la fureur des Game 7 pendant les playoffs ou mieux, lors des Finals, this is why we play. Team Spurs T.P, je m\u2019accroche encore \u00e0 Gregg Popovich (don\u2019t leave !). Team chef Curry, je souhaite qu\u2019il finisse aux Warriors (staaaay !). Non, il n\u2019y a pas qu\u2019eux, des petits nouveaux -et des petites nouvelles \u00e9videmment- arrivent chaque jour dans toutes les disciplines et cr\u00e9ent de nouveaux exploits. Alors pour les grands \u00e9v\u00e9nements et comp\u00e9titions internationales, vive les pulsations 240\/minutes et le d\u00e9fibrillateur pas loin, et allez les Bleu(e)s ! C\u2019est s\u00fbr, j\u2019aurai plus vu ma vie sur un terrain de sport, mais \u00e0 d\u00e9faut d\u2019en faire en haut niveau, je le partage avec vous.\",\"sameAs\":[\"https:\/\/www.facebook.com\/soocube\",\"https:\/\/x.com\/https:\/\/twitter.com\/soocube\",\"admin\"],\"url\":\"https:\/\/dicodusport.fr\/blog\/author\/sophie\/\"}]}<\/script>\n<!-- \/ Yoast SEO Premium plugin. -->","yoast_head_json":{"title":"22 mai 2017 : Pauline Ado surfe sur le monde","description":"Le 22 mai 2017, Pauline Ado devenait championne du monde de surf, r\u00e9alisant un doubl\u00e9 avec sa co\u00e9quipi\u00e8re Johanne Defay. Historique !","robots":{"index":"index","follow":"follow","max-snippet":"max-snippet:-1","max-image-preview":"max-image-preview:large","max-video-preview":"max-video-preview:-1"},"canonical":"https:\/\/dicodusport.fr\/blog\/22-mai-2017-pauline-ado-surfe-sur-le-monde\/","og_locale":"fr_FR","og_type":"article","og_title":"22 mai 2017 : Pauline Ado surfe sur le monde","og_description":"Le 22 mai 2017, Pauline Ado devenait championne du monde de surf, r\u00e9alisant un doubl\u00e9 avec sa co\u00e9quipi\u00e8re Johanne Defay. Historique !","og_url":"https:\/\/dicodusport.fr\/blog\/22-mai-2017-pauline-ado-surfe-sur-le-monde\/","og_site_name":"Dicodusport","article_publisher":"https:\/\/www.facebook.com\/dicodusport","article_author":"https:\/\/www.facebook.com\/soocube","article_published_time":"2021-05-22T06:38:46+00:00","og_image":[{"width":800,"height":445,"url":"https:\/\/dicodusport.fr\/blog\/wp-content\/uploads\/2021\/05\/22-mai-2017-Pauline-Ado-surfe-sur-le-monde.png","type":"image\/png"}],"author":"Sophie Clapier","twitter_card":"summary_large_image","twitter_title":"22 mai 2017 : Pauline Ado surfe sur le monde","twitter_creator":"@https:\/\/twitter.com\/soocube","twitter_site":"@dicodusport","schema":{"@context":"https:\/\/schema.org","@graph":[{"@type":"NewsArticle","@id":"https:\/\/dicodusport.fr\/blog\/22-mai-2017-pauline-ado-surfe-sur-le-monde\/#article","isPartOf":{"@id":"https:\/\/dicodusport.fr\/blog\/22-mai-2017-pauline-ado-surfe-sur-le-monde\/"},"author":{"name":"Sophie Clapier","@id":"https:\/\/dicodusport.fr\/blog\/#\/schema\/person\/416c975648aca9da8839bdfe333a21c9"},"headline":"22 mai 2017 : Pauline Ado surfe sur le monde","datePublished":"2021-05-22T06:38:46+00:00","mainEntityOfPage":{"@id":"https:\/\/dicodusport.fr\/blog\/22-mai-2017-pauline-ado-surfe-sur-le-monde\/"},"wordCount":265,"commentCount":0,"publisher":{"@id":"https:\/\/dicodusport.fr\/blog\/#organization"},"image":{"@id":"https:\/\/dicodusport.fr\/blog\/22-mai-2017-pauline-ado-surfe-sur-le-monde\/#primaryimage"},"thumbnailUrl":"https:\/\/dicodusport.fr\/blog\/wp-content\/uploads\/2021\/05\/22-mai-2017-Pauline-Ado-surfe-sur-le-monde.png","keywords":["Johanne Defay","surf"],"articleSection":["Histoire","Surf"],"inLanguage":"fr-FR","potentialAction":[{"@type":"CommentAction","name":"Comment","target":["https:\/\/dicodusport.fr\/blog\/22-mai-2017-pauline-ado-surfe-sur-le-monde\/#respond"]}],"copyrightYear":"2021","copyrightHolder":{"@id":"https:\/\/dicodusport.fr\/blog\/#organization"}},{"@type":"WebPage","@id":"https:\/\/dicodusport.fr\/blog\/22-mai-2017-pauline-ado-surfe-sur-le-monde\/","url":"https:\/\/dicodusport.fr\/blog\/22-mai-2017-pauline-ado-surfe-sur-le-monde\/","name":"22 mai 2017 : Pauline Ado surfe sur le monde","isPartOf":{"@id":"https:\/\/dicodusport.fr\/blog\/#website"},"primaryImageOfPage":{"@id":"https:\/\/dicodusport.fr\/blog\/22-mai-2017-pauline-ado-surfe-sur-le-monde\/#primaryimage"},"image":{"@id":"https:\/\/dicodusport.fr\/blog\/22-mai-2017-pauline-ado-surfe-sur-le-monde\/#primaryimage"},"thumbnailUrl":"https:\/\/dicodusport.fr\/blog\/wp-content\/uploads\/2021\/05\/22-mai-2017-Pauline-Ado-surfe-sur-le-monde.png","datePublished":"2021-05-22T06:38:46+00:00","description":"Le 22 mai 2017, Pauline Ado devenait championne du monde de surf, r\u00e9alisant un doubl\u00e9 avec sa co\u00e9quipi\u00e8re Johanne Defay. Historique !","breadcrumb":{"@id":"https:\/\/dicodusport.fr\/blog\/22-mai-2017-pauline-ado-surfe-sur-le-monde\/#breadcrumb"},"inLanguage":"fr-FR","potentialAction":[{"@type":"ReadAction","target":["https:\/\/dicodusport.fr\/blog\/22-mai-2017-pauline-ado-surfe-sur-le-monde\/"]}]},{"@type":"ImageObject","inLanguage":"fr-FR","@id":"https:\/\/dicodusport.fr\/blog\/22-mai-2017-pauline-ado-surfe-sur-le-monde\/#primaryimage","url":"https:\/\/dicodusport.fr\/blog\/wp-content\/uploads\/2021\/05\/22-mai-2017-Pauline-Ado-surfe-sur-le-monde.png","contentUrl":"https:\/\/dicodusport.fr\/blog\/wp-content\/uploads\/2021\/05\/22-mai-2017-Pauline-Ado-surfe-sur-le-monde.png","width":800,"height":445,"caption":"22 mai 2017 : Pauline Ado surfe sur le monde"},{"@type":"BreadcrumbList","@id":"https:\/\/dicodusport.fr\/blog\/22-mai-2017-pauline-ado-surfe-sur-le-monde\/#breadcrumb","itemListElement":[{"@type":"ListItem","position":1,"name":"Accueil","item":"https:\/\/dicodusport.fr\/blog\/"},{"@type":"ListItem","position":2,"name":"22 mai 2017 : Pauline Ado surfe sur le monde"}]},{"@type":"WebSite","@id":"https:\/\/dicodusport.fr\/blog\/#website","url":"https:\/\/dicodusport.fr\/blog\/","name":"Dicodusport","description":"L&#039;encyclop\u00e9die de l&#039;actualit\u00e9 sportive","publisher":{"@id":"https:\/\/dicodusport.fr\/blog\/#organization"},"potentialAction":[{"@type":"SearchAction","target":{"@type":"EntryPoint","urlTemplate":"https:\/\/dicodusport.fr\/blog\/?s={search_term_string}"},"query-input":{"@type":"PropertyValueSpecification","valueRequired":true,"valueName":"search_term_string"}}],"inLanguage":"fr-FR"},{"@type":"NewsMediaOrganization","@id":"https:\/\/dicodusport.fr\/blog\/#organization","name":"Dicodusport","url":"https:\/\/dicodusport.fr\/blog\/","logo":{"@type":"ImageObject","inLanguage":"fr-FR","@id":"https:\/\/dicodusport.fr\/blog\/#\/schema\/logo\/image\/","url":"https:\/\/dicodusport.fr\/blog\/wp-content\/uploads\/2020\/06\/cropped-LOGO-DICODUSPORT-2020-SANS-FOND-SANS-TEXTE.png","contentUrl":"https:\/\/dicodusport.fr\/blog\/wp-content\/uploads\/2020\/06\/cropped-LOGO-DICODUSPORT-2020-SANS-FOND-SANS-TEXTE.png","width":512,"height":512,"caption":"Dicodusport"},"image":{"@id":"https:\/\/dicodusport.fr\/blog\/#\/schema\/logo\/image\/"},"sameAs":["https:\/\/www.facebook.com\/dicodusport","https:\/\/x.com\/dicodusport","https:\/\/www.instagram.com\/dicodusport\/","https:\/\/www.youtube.com\/channel\/UC7V2KZ5sd3htJivAbA4ZG3w"],"description":"Dicodusport est l'encyclop\u00e9die de l'actualit\u00e9 sportive.","email":"bonjour@dicodusport.fr","legalName":"DICODUSPORT","foundingDate":"2018-01-14","vatID":"FR71834470973","taxID":"83447097300043","numberOfEmployees":{"@type":"QuantitativeValue","minValue":"1","maxValue":"10"}},{"@type":"Person","@id":"https:\/\/dicodusport.fr\/blog\/#\/schema\/person\/416c975648aca9da8839bdfe333a21c9","name":"Sophie Clapier","image":{"@type":"ImageObject","inLanguage":"fr-FR","@id":"https:\/\/dicodusport.fr\/blog\/#\/schema\/person\/image\/","url":"https:\/\/dicodusport.fr\/blog\/wp-content\/uploads\/2021\/05\/Sophie-Clapier-150x150.jpg","contentUrl":"https:\/\/dicodusport.fr\/blog\/wp-content\/uploads\/2021\/05\/Sophie-Clapier-150x150.jpg","caption":"Sophie Clapier"},"description":"Journaliste\/r\u00e9dactrice depuis janvier 2016 - Passionn\u00e9e de sport depuis toujours, j\u2019en ai pratiqu\u00e9 quelques-uns. Judo, football, handball ou encore tennis, je n\u2019ai jamais pu me mettre d\u2019accord sur un en particulier. Mais \u00e7a, c\u2019\u00e9tait avant de d\u00e9couvrir le basket, devenu mon sport de pr\u00e9dilection. Les actions NBA, le All-Star Week-end, la fureur des Game 7 pendant les playoffs ou mieux, lors des Finals, this is why we play. Team Spurs T.P, je m\u2019accroche encore \u00e0 Gregg Popovich (don\u2019t leave !). Team chef Curry, je souhaite qu\u2019il finisse aux Warriors (staaaay !). Non, il n\u2019y a pas qu\u2019eux, des petits nouveaux -et des petites nouvelles \u00e9videmment- arrivent chaque jour dans toutes les disciplines et cr\u00e9ent de nouveaux exploits. Alors pour les grands \u00e9v\u00e9nements et comp\u00e9titions internationales, vive les pulsations 240\/minutes et le d\u00e9fibrillateur pas loin, et allez les Bleu(e)s ! C\u2019est s\u00fbr, j\u2019aurai plus vu ma vie sur un terrain de sport, mais \u00e0 d\u00e9faut d\u2019en faire en haut niveau, je le partage avec vous.","sameAs":["https:\/\/www.facebook.com\/soocube","https:\/\/x.com\/https:\/\/twitter.com\/soocube","admin"],"url":"https:\/\/dicodusport.fr\/blog\/author\/sophie\/"}]}},"_links":{"self":[{"href":"https:\/\/dicodusport.fr\/blog\/wp-json\/wp\/v2\/posts\/131750","targetHints":{"allow":["GET"]}}],"collection":[{"href":"https:\/\/dicodusport.fr\/blog\/wp-json\/wp\/v2\/posts"}],"about":[{"href":"https:\/\/dicodusport.fr\/blog\/wp-json\/wp\/v2\/types\/post"}],"author":[{"embeddable":true,"href":"https:\/\/dicodusport.fr\/blog\/wp-json\/wp\/v2\/users\/18"}],"replies":[{"embeddable":true,"href":"https:\/\/dicodusport.fr\/blog\/wp-json\/wp\/v2\/comments?post=131750"}],"version-history":[{"count":0,"href":"https:\/\/dicodusport.fr\/blog\/wp-json\/wp\/v2\/posts\/131750\/revisions"}],"wp:featuredmedia":[{"embeddable":true,"href":"https:\/\/dicodusport.fr\/blog\/wp-json\/wp\/v2\/media\/131783"}],"wp:attachment":[{"href":"https:\/\/dicodusport.fr\/blog\/wp-json\/wp\/v2\/media?parent=131750"}],"wp:term":[{"taxonomy":"category","embeddable":true,"href":"https:\/\/dicodusport.fr\/blog\/wp-json\/wp\/v2\/categories?post=131750"},{"taxonomy":"post_tag","embeddable":true,"href":"https:\/\/dicodusport.fr\/blog\/wp-json\/wp\/v2\/tags?post=131750"}],"curies":[{"name":"wp","href":"https:\/\/api.w.org\/{rel}","templated":true}]}}