{"id":131810,"date":"2021-05-22T11:32:18","date_gmt":"2021-05-22T09:32:18","guid":{"rendered":"https:\/\/dicodusport.fr\/blog\/?p=131810&#038;preview=true&#038;preview_id=131810"},"modified":"2021-05-22T19:38:20","modified_gmt":"2021-05-22T17:38:20","slug":"detenteur-de-plusieurs-records-chez-les-centenaires-robert-marchand-est-mort","status":"publish","type":"post","link":"https:\/\/dicodusport.fr\/blog\/detenteur-de-plusieurs-records-chez-les-centenaires-robert-marchand-est-mort\/","title":{"rendered":"D\u00e9tenteur de plusieurs records chez les centenaires, Robert Marchand est mort"},"content":{"rendered":"<p style=\"text-align: justify;\"><strong><em>CYCLISME &#8211; Triste nouvelle ce samedi matin. \u00c2g\u00e9 de 109 ans, Robert Marchand est d\u00e9c\u00e9d\u00e9 dans la nuit de vendredi \u00e0 samedi, dans l&rsquo;EHPAD de Mitry-Mory, l\u00e0 o\u00f9 il vivait depuis quelques ann\u00e9es.<\/em><\/strong><\/p>\n<p style=\"text-align: justify;\">C&rsquo;est un centenaire record, mais surtout un champion dont tout le monde devrait s&rsquo;inspirer, qui s&rsquo;est \u00e9teint la nuit derni\u00e8re. \u00c0 109 ans, <a href=\"https:\/\/dicodusport.fr\/blog\/robert-marchand-un-papy-qui-a-fait-de-la-resistance\/\"><strong>Robert Marchand<\/strong><\/a> est d\u00e9c\u00e9d\u00e9, a annonc\u00e9 la mairie de Mitry-Mory <a href=\"https:\/\/www.leparisien.fr\/sports\/cyclisme\/robert-marchand-plus-vieux-sportif-et-cycliste-de-la-planete-est-mort-a-109-ans-22-05-2021-CLMB24CCUNANVPQGQKPQYIGAUU.php\"><em>au Parisien<\/em><\/a>. Consid\u00e9r\u00e9 comme le doyen des cyclistes, le Picard d&rsquo;origine, n\u00e9 \u00e0 Amiens, a \u00e9tabli plusieurs records de l&rsquo;heure sur son v\u00e9lo. Sur piste, c&rsquo;est lui qui d\u00e9tient les records <a href=\"https:\/\/dicodusport.fr\/blog\/4-janvier-2017-l-improbable-record-de-robert-marchand\/\">chez les Masters de + de 100 ans<\/a>, mais aussi chez les + de 105 ans. C&rsquo;est \u00e9galement lui qui est consid\u00e9r\u00e9 comme le recordman des 100 km chez les + de 100 ans.<\/p>\n<h2 style=\"text-align: justify;\">Le v\u00e9lo, depuis le plus jeune \u00e2ge<\/h2>\n<p style=\"text-align: justify;\">En 2018, <strong>Robert Marchand<\/strong> avait d\u00e9finitivement rang\u00e9 son v\u00e9lo, apr\u00e8s avoir parcouru une vingtaine de kilom\u00e8tres \u00e0 v\u00e9lo entre Privas et le Pouzin, en Ard\u00e8che. Les derniers tours de roues \u00e0 bicyclette pour le Roi Marchand, sans doute le plus vieux des passionn\u00e9s de la petite reine, lui qui avait achet\u00e9 son premier v\u00e9lo en&#8230; 1925, \u00e0 l&rsquo;\u00e2ge de 14 ans. Celui qui avait \u00e9t\u00e9 jug\u00e9 trop petit pour courir chez les professionnels, pompier de Paris dans les ann\u00e9es 30, \u00e9tait aussi engag\u00e9 au Front Populaire, tout en \u00e9tant adh\u00e9rent au Parti Communiste.<\/p>\n<p style=\"text-align: justify;\">En d\u00e9cembre dernier, lors d&rsquo;un entretien accord\u00e9 <a href=\"https:\/\/www.leparisien.fr\/seine-et-marne-77\/robert-marchand-109-ans-militant-communiste-ne-avant-le-parti-communiste-24-12-2020-8415979.php\"><em>au Parisien<\/em><\/a>, l&rsquo;Ami\u00e9nois racontait que le PC \u00e9tait <em>\u00ab le parti qui, \u00e0 mes (ses) yeux, d\u00e9fendait le mieux la <\/em><em>classe ouvri\u00e8re et portait mes (ses) propres valeurs. \u00bb <\/em>Il avait ensuite repris le v\u00e9lo dans les ann\u00e9es 70, \u00e0 l&rsquo;\u00e2ge de 67 ans. La bicyclette, une passion qui ne l&rsquo;a jamais quitt\u00e9 donc. RIP, Monsieur <strong>Robert Marchand<\/strong> !<\/p>\n<blockquote class=\"twitter-tweet\">\n<p dir=\"ltr\" lang=\"fr\">Il \u00e9tait n\u00e9 avant Coppi ou Bartali. Il avait gagn\u00e9 sa premi\u00e8re course cycliste en 1925 (!) Il a connu une vie digne d\u2019un roman.<\/p>\n<p>Robert Marchand est mort hier, \u00e0 109 ans. RIP, monsieur. <a href=\"https:\/\/t.co\/eq8iXF5kjJ\">pic.twitter.com\/eq8iXF5kjJ<\/a><\/p>\n<p>\u2014 David Gu\u00e9nel (@davidguenel) <a href=\"https:\/\/twitter.com\/davidguenel\/status\/1396032014663438337?ref_src=twsrc%5Etfw\">May 22, 2021<\/a><\/p><\/blockquote>\n<p><script async src=\"https:\/\/platform.twitter.com\/widgets.js\" charset=\"utf-8\"><\/script><\/p>\n","protected":false},"excerpt":{"rendered":"<p>CYCLISME &#8211; Triste nouvelle ce samedi matin. \u00c2g\u00e9 de 109 ans, Robert Marchand est d\u00e9c\u00e9d\u00e9 dans la nuit de vendredi \u00e0 samedi, dans l&rsquo;EHPAD de Mitry-Mory, l\u00e0 o\u00f9 il vivait depuis quelques ann\u00e9es.<\/p>\n","protected":false},"author":4,"featured_media":131812,"comment_status":"open","ping_status":"closed","sticky":false,"template":"","format":"standard","meta":{"_acf_changed":false,"_daextam_enable_autolinks":"","footnotes":""},"categories":[12712,2307],"tags":[574,24],"class_list":["post-131810","post","type-post","status-publish","format-standard","has-post-thumbnail","hentry","category-carnet-noir","category-cyclisme","tag-cyclisme","tag-sport"],"acf":[],"yoast_head":"<!-- This site is optimized with the Yoast SEO Premium plugin v26.7 (Yoast SEO v26.7) - https:\/\/yoast.com\/wordpress\/plugins\/seo\/ -->\n<title>D\u00e9tenteur de plusieurs records chez les centenaires, Robert Marchand est mort<\/title>\n<meta name=\"description\" content=\"CYCLISME - Triste nouvelle ce samedi matin. \u00c2g\u00e9 de 109 ans, Robert Marchand est d\u00e9c\u00e9d\u00e9 dans la nuit de vendredi \u00e0 samedi, dans l&#039;EHPAD de Mitry-Mory, l\u00e0 o\u00f9 il vivait depuis quelques ann\u00e9es.\" \/>\n<meta name=\"robots\" content=\"index, follow, max-snippet:-1, max-image-preview:large, max-video-preview:-1\" \/>\n<link rel=\"canonical\" href=\"https:\/\/dicodusport.fr\/blog\/detenteur-de-plusieurs-records-chez-les-centenaires-robert-marchand-est-mort\/\" \/>\n<meta property=\"og:locale\" content=\"fr_FR\" \/>\n<meta property=\"og:type\" content=\"article\" \/>\n<meta property=\"og:title\" content=\"D\u00e9tenteur de plusieurs records chez les centenaires, Robert Marchand est mort\" \/>\n<meta property=\"og:description\" content=\"CYCLISME - Triste nouvelle ce samedi matin. \u00c2g\u00e9 de 109 ans, Robert Marchand est d\u00e9c\u00e9d\u00e9 dans la nuit de vendredi \u00e0 samedi, dans l&#039;EHPAD de Mitry-Mory, l\u00e0 o\u00f9 il vivait depuis quelques ann\u00e9es.\" \/>\n<meta property=\"og:url\" content=\"https:\/\/dicodusport.fr\/blog\/detenteur-de-plusieurs-records-chez-les-centenaires-robert-marchand-est-mort\/\" \/>\n<meta property=\"og:site_name\" content=\"Dicodusport\" \/>\n<meta property=\"article:publisher\" content=\"https:\/\/www.facebook.com\/dicodusport\" \/>\n<meta property=\"article:author\" content=\"https:\/\/www.facebook.com\/florent.ostermann\" \/>\n<meta property=\"article:published_time\" content=\"2021-05-22T09:32:18+00:00\" \/>\n<meta property=\"article:modified_time\" content=\"2021-05-22T17:38:20+00:00\" \/>\n<meta property=\"og:image\" content=\"https:\/\/dicodusport.fr\/blog\/wp-content\/uploads\/2021\/05\/Detenteur-de-plusieurs-records-chez-les-centenaires-Robert-Marchand-est-mort.png\" \/>\n\t<meta property=\"og:image:width\" content=\"800\" \/>\n\t<meta property=\"og:image:height\" content=\"445\" \/>\n\t<meta property=\"og:image:type\" content=\"image\/png\" \/>\n<meta name=\"author\" content=\"Flo Ostermann\" \/>\n<meta name=\"twitter:card\" content=\"summary_large_image\" \/>\n<meta name=\"twitter:title\" content=\"D\u00e9tenteur de plusieurs records chez les centenaires, Robert Marchand est mort\" \/>\n<meta name=\"twitter:creator\" content=\"@https:\/\/twitter.com\/FlOstermann\" \/>\n<meta name=\"twitter:site\" content=\"@dicodusport\" \/>\n<script type=\"application\/ld+json\" class=\"yoast-schema-graph\">{\"@context\":\"https:\/\/schema.org\",\"@graph\":[{\"@type\":\"NewsArticle\",\"@id\":\"https:\/\/dicodusport.fr\/blog\/detenteur-de-plusieurs-records-chez-les-centenaires-robert-marchand-est-mort\/#article\",\"isPartOf\":{\"@id\":\"https:\/\/dicodusport.fr\/blog\/detenteur-de-plusieurs-records-chez-les-centenaires-robert-marchand-est-mort\/\"},\"author\":{\"name\":\"Flo Ostermann\",\"@id\":\"https:\/\/dicodusport.fr\/blog\/#\/schema\/person\/cb02af4c173ce4a653b55e9baf388d4a\"},\"headline\":\"D\u00e9tenteur de plusieurs records chez les centenaires, Robert Marchand est mort\",\"datePublished\":\"2021-05-22T09:32:18+00:00\",\"dateModified\":\"2021-05-22T17:38:20+00:00\",\"mainEntityOfPage\":{\"@id\":\"https:\/\/dicodusport.fr\/blog\/detenteur-de-plusieurs-records-chez-les-centenaires-robert-marchand-est-mort\/\"},\"wordCount\":367,\"commentCount\":0,\"publisher\":{\"@id\":\"https:\/\/dicodusport.fr\/blog\/#organization\"},\"image\":{\"@id\":\"https:\/\/dicodusport.fr\/blog\/detenteur-de-plusieurs-records-chez-les-centenaires-robert-marchand-est-mort\/#primaryimage\"},\"thumbnailUrl\":\"https:\/\/dicodusport.fr\/blog\/wp-content\/uploads\/2021\/05\/Detenteur-de-plusieurs-records-chez-les-centenaires-Robert-Marchand-est-mort.png\",\"keywords\":[\"Cyclisme\",\"sport\"],\"articleSection\":[\"Carnet noir\",\"Cyclisme\"],\"inLanguage\":\"fr-FR\",\"potentialAction\":[{\"@type\":\"CommentAction\",\"name\":\"Comment\",\"target\":[\"https:\/\/dicodusport.fr\/blog\/detenteur-de-plusieurs-records-chez-les-centenaires-robert-marchand-est-mort\/#respond\"]}],\"copyrightYear\":\"2021\",\"copyrightHolder\":{\"@id\":\"https:\/\/dicodusport.fr\/blog\/#organization\"}},{\"@type\":\"WebPage\",\"@id\":\"https:\/\/dicodusport.fr\/blog\/detenteur-de-plusieurs-records-chez-les-centenaires-robert-marchand-est-mort\/\",\"url\":\"https:\/\/dicodusport.fr\/blog\/detenteur-de-plusieurs-records-chez-les-centenaires-robert-marchand-est-mort\/\",\"name\":\"D\u00e9tenteur de plusieurs records chez les centenaires, Robert Marchand est mort\",\"isPartOf\":{\"@id\":\"https:\/\/dicodusport.fr\/blog\/#website\"},\"primaryImageOfPage\":{\"@id\":\"https:\/\/dicodusport.fr\/blog\/detenteur-de-plusieurs-records-chez-les-centenaires-robert-marchand-est-mort\/#primaryimage\"},\"image\":{\"@id\":\"https:\/\/dicodusport.fr\/blog\/detenteur-de-plusieurs-records-chez-les-centenaires-robert-marchand-est-mort\/#primaryimage\"},\"thumbnailUrl\":\"https:\/\/dicodusport.fr\/blog\/wp-content\/uploads\/2021\/05\/Detenteur-de-plusieurs-records-chez-les-centenaires-Robert-Marchand-est-mort.png\",\"datePublished\":\"2021-05-22T09:32:18+00:00\",\"dateModified\":\"2021-05-22T17:38:20+00:00\",\"description\":\"CYCLISME - Triste nouvelle ce samedi matin. \u00c2g\u00e9 de 109 ans, Robert Marchand est d\u00e9c\u00e9d\u00e9 dans la nuit de vendredi \u00e0 samedi, dans l'EHPAD de Mitry-Mory, l\u00e0 o\u00f9 il vivait depuis quelques ann\u00e9es.\",\"breadcrumb\":{\"@id\":\"https:\/\/dicodusport.fr\/blog\/detenteur-de-plusieurs-records-chez-les-centenaires-robert-marchand-est-mort\/#breadcrumb\"},\"inLanguage\":\"fr-FR\",\"potentialAction\":[{\"@type\":\"ReadAction\",\"target\":[\"https:\/\/dicodusport.fr\/blog\/detenteur-de-plusieurs-records-chez-les-centenaires-robert-marchand-est-mort\/\"]}]},{\"@type\":\"ImageObject\",\"inLanguage\":\"fr-FR\",\"@id\":\"https:\/\/dicodusport.fr\/blog\/detenteur-de-plusieurs-records-chez-les-centenaires-robert-marchand-est-mort\/#primaryimage\",\"url\":\"https:\/\/dicodusport.fr\/blog\/wp-content\/uploads\/2021\/05\/Detenteur-de-plusieurs-records-chez-les-centenaires-Robert-Marchand-est-mort.png\",\"contentUrl\":\"https:\/\/dicodusport.fr\/blog\/wp-content\/uploads\/2021\/05\/Detenteur-de-plusieurs-records-chez-les-centenaires-Robert-Marchand-est-mort.png\",\"width\":800,\"height\":445,\"caption\":\"D\u00e9tenteur de plusieurs records chez les centenaires, Robert Marchand est mort\"},{\"@type\":\"BreadcrumbList\",\"@id\":\"https:\/\/dicodusport.fr\/blog\/detenteur-de-plusieurs-records-chez-les-centenaires-robert-marchand-est-mort\/#breadcrumb\",\"itemListElement\":[{\"@type\":\"ListItem\",\"position\":1,\"name\":\"Accueil\",\"item\":\"https:\/\/dicodusport.fr\/blog\/\"},{\"@type\":\"ListItem\",\"position\":2,\"name\":\"D\u00e9tenteur de plusieurs records chez les centenaires, Robert Marchand est mort\"}]},{\"@type\":\"WebSite\",\"@id\":\"https:\/\/dicodusport.fr\/blog\/#website\",\"url\":\"https:\/\/dicodusport.fr\/blog\/\",\"name\":\"Dicodusport\",\"description\":\"L&#039;encyclop\u00e9die de l&#039;actualit\u00e9 sportive\",\"publisher\":{\"@id\":\"https:\/\/dicodusport.fr\/blog\/#organization\"},\"potentialAction\":[{\"@type\":\"SearchAction\",\"target\":{\"@type\":\"EntryPoint\",\"urlTemplate\":\"https:\/\/dicodusport.fr\/blog\/?s={search_term_string}\"},\"query-input\":{\"@type\":\"PropertyValueSpecification\",\"valueRequired\":true,\"valueName\":\"search_term_string\"}}],\"inLanguage\":\"fr-FR\"},{\"@type\":\"NewsMediaOrganization\",\"@id\":\"https:\/\/dicodusport.fr\/blog\/#organization\",\"name\":\"Dicodusport\",\"url\":\"https:\/\/dicodusport.fr\/blog\/\",\"logo\":{\"@type\":\"ImageObject\",\"inLanguage\":\"fr-FR\",\"@id\":\"https:\/\/dicodusport.fr\/blog\/#\/schema\/logo\/image\/\",\"url\":\"https:\/\/dicodusport.fr\/blog\/wp-content\/uploads\/2020\/06\/cropped-LOGO-DICODUSPORT-2020-SANS-FOND-SANS-TEXTE.png\",\"contentUrl\":\"https:\/\/dicodusport.fr\/blog\/wp-content\/uploads\/2020\/06\/cropped-LOGO-DICODUSPORT-2020-SANS-FOND-SANS-TEXTE.png\",\"width\":512,\"height\":512,\"caption\":\"Dicodusport\"},\"image\":{\"@id\":\"https:\/\/dicodusport.fr\/blog\/#\/schema\/logo\/image\/\"},\"sameAs\":[\"https:\/\/www.facebook.com\/dicodusport\",\"https:\/\/x.com\/dicodusport\",\"https:\/\/www.instagram.com\/dicodusport\/\",\"https:\/\/www.youtube.com\/channel\/UC7V2KZ5sd3htJivAbA4ZG3w\"],\"description\":\"Dicodusport est l'encyclop\u00e9die de l'actualit\u00e9 sportive.\",\"email\":\"bonjour@dicodusport.fr\",\"legalName\":\"DICODUSPORT\",\"foundingDate\":\"2018-01-14\",\"vatID\":\"FR71834470973\",\"taxID\":\"83447097300043\",\"numberOfEmployees\":{\"@type\":\"QuantitativeValue\",\"minValue\":\"1\",\"maxValue\":\"10\"}},{\"@type\":\"Person\",\"@id\":\"https:\/\/dicodusport.fr\/blog\/#\/schema\/person\/cb02af4c173ce4a653b55e9baf388d4a\",\"name\":\"Flo Ostermann\",\"image\":{\"@type\":\"ImageObject\",\"inLanguage\":\"fr-FR\",\"@id\":\"https:\/\/dicodusport.fr\/blog\/#\/schema\/person\/image\/\",\"url\":\"https:\/\/dicodusport.fr\/blog\/wp-content\/uploads\/2021\/05\/Flo-Ostermann-150x150.jpg\",\"contentUrl\":\"https:\/\/dicodusport.fr\/blog\/wp-content\/uploads\/2021\/05\/Flo-Ostermann-150x150.jpg\",\"caption\":\"Flo Ostermann\"},\"description\":\"Journaliste\/R\u00e9dacteur depuis septembre 2015 - Mes premiers souvenirs dans le sport ? Les envol\u00e9es du Stade Toulousain et les duels Villeneuve-Schumacher et H\u00e4kkinen-Schumacher \u00e0 la fin des ann\u00e9es 90, la Coupe du monde de football en 1998, l\u2019exploit du XV de France face aux All Blacks en 1999, mais aussi Richard C\u0153ur de Lion qui vole sur les montagnes du Tour de France. Bien parti pour devenir professeur d\u2019EPS, les \u00e9v\u00e9nements de la vie (et la flemme d\u2019animer des s\u00e9ances de 3x500 m\u00e8tres toute ma vie) m\u2019ont conduit \u00e0 revoir mes plans. Me voil\u00e0 depuis fin 2017 sur Dicodusport, m\u00e9dia gr\u00e2ce (et pour) lequel je partage ma passion : le sport dans tous ses \u00e9tats. Le tout accompagn\u00e9 par les fous furieux et folles furieuses cit\u00e9s sur cette page !\",\"sameAs\":[\"https:\/\/www.facebook.com\/florent.ostermann\",\"https:\/\/x.com\/https:\/\/twitter.com\/FlOstermann\",\"admin\"],\"url\":\"https:\/\/dicodusport.fr\/blog\/author\/flo\/\"}]}<\/script>\n<!-- \/ Yoast SEO Premium plugin. -->","yoast_head_json":{"title":"D\u00e9tenteur de plusieurs records chez les centenaires, Robert Marchand est mort","description":"CYCLISME - Triste nouvelle ce samedi matin. \u00c2g\u00e9 de 109 ans, Robert Marchand est d\u00e9c\u00e9d\u00e9 dans la nuit de vendredi \u00e0 samedi, dans l'EHPAD de Mitry-Mory, l\u00e0 o\u00f9 il vivait depuis quelques ann\u00e9es.","robots":{"index":"index","follow":"follow","max-snippet":"max-snippet:-1","max-image-preview":"max-image-preview:large","max-video-preview":"max-video-preview:-1"},"canonical":"https:\/\/dicodusport.fr\/blog\/detenteur-de-plusieurs-records-chez-les-centenaires-robert-marchand-est-mort\/","og_locale":"fr_FR","og_type":"article","og_title":"D\u00e9tenteur de plusieurs records chez les centenaires, Robert Marchand est mort","og_description":"CYCLISME - Triste nouvelle ce samedi matin. \u00c2g\u00e9 de 109 ans, Robert Marchand est d\u00e9c\u00e9d\u00e9 dans la nuit de vendredi \u00e0 samedi, dans l'EHPAD de Mitry-Mory, l\u00e0 o\u00f9 il vivait depuis quelques ann\u00e9es.","og_url":"https:\/\/dicodusport.fr\/blog\/detenteur-de-plusieurs-records-chez-les-centenaires-robert-marchand-est-mort\/","og_site_name":"Dicodusport","article_publisher":"https:\/\/www.facebook.com\/dicodusport","article_author":"https:\/\/www.facebook.com\/florent.ostermann","article_published_time":"2021-05-22T09:32:18+00:00","article_modified_time":"2021-05-22T17:38:20+00:00","og_image":[{"width":800,"height":445,"url":"https:\/\/dicodusport.fr\/blog\/wp-content\/uploads\/2021\/05\/Detenteur-de-plusieurs-records-chez-les-centenaires-Robert-Marchand-est-mort.png","type":"image\/png"}],"author":"Flo Ostermann","twitter_card":"summary_large_image","twitter_title":"D\u00e9tenteur de plusieurs records chez les centenaires, Robert Marchand est mort","twitter_creator":"@https:\/\/twitter.com\/FlOstermann","twitter_site":"@dicodusport","schema":{"@context":"https:\/\/schema.org","@graph":[{"@type":"NewsArticle","@id":"https:\/\/dicodusport.fr\/blog\/detenteur-de-plusieurs-records-chez-les-centenaires-robert-marchand-est-mort\/#article","isPartOf":{"@id":"https:\/\/dicodusport.fr\/blog\/detenteur-de-plusieurs-records-chez-les-centenaires-robert-marchand-est-mort\/"},"author":{"name":"Flo Ostermann","@id":"https:\/\/dicodusport.fr\/blog\/#\/schema\/person\/cb02af4c173ce4a653b55e9baf388d4a"},"headline":"D\u00e9tenteur de plusieurs records chez les centenaires, Robert Marchand est mort","datePublished":"2021-05-22T09:32:18+00:00","dateModified":"2021-05-22T17:38:20+00:00","mainEntityOfPage":{"@id":"https:\/\/dicodusport.fr\/blog\/detenteur-de-plusieurs-records-chez-les-centenaires-robert-marchand-est-mort\/"},"wordCount":367,"commentCount":0,"publisher":{"@id":"https:\/\/dicodusport.fr\/blog\/#organization"},"image":{"@id":"https:\/\/dicodusport.fr\/blog\/detenteur-de-plusieurs-records-chez-les-centenaires-robert-marchand-est-mort\/#primaryimage"},"thumbnailUrl":"https:\/\/dicodusport.fr\/blog\/wp-content\/uploads\/2021\/05\/Detenteur-de-plusieurs-records-chez-les-centenaires-Robert-Marchand-est-mort.png","keywords":["Cyclisme","sport"],"articleSection":["Carnet noir","Cyclisme"],"inLanguage":"fr-FR","potentialAction":[{"@type":"CommentAction","name":"Comment","target":["https:\/\/dicodusport.fr\/blog\/detenteur-de-plusieurs-records-chez-les-centenaires-robert-marchand-est-mort\/#respond"]}],"copyrightYear":"2021","copyrightHolder":{"@id":"https:\/\/dicodusport.fr\/blog\/#organization"}},{"@type":"WebPage","@id":"https:\/\/dicodusport.fr\/blog\/detenteur-de-plusieurs-records-chez-les-centenaires-robert-marchand-est-mort\/","url":"https:\/\/dicodusport.fr\/blog\/detenteur-de-plusieurs-records-chez-les-centenaires-robert-marchand-est-mort\/","name":"D\u00e9tenteur de plusieurs records chez les centenaires, Robert Marchand est mort","isPartOf":{"@id":"https:\/\/dicodusport.fr\/blog\/#website"},"primaryImageOfPage":{"@id":"https:\/\/dicodusport.fr\/blog\/detenteur-de-plusieurs-records-chez-les-centenaires-robert-marchand-est-mort\/#primaryimage"},"image":{"@id":"https:\/\/dicodusport.fr\/blog\/detenteur-de-plusieurs-records-chez-les-centenaires-robert-marchand-est-mort\/#primaryimage"},"thumbnailUrl":"https:\/\/dicodusport.fr\/blog\/wp-content\/uploads\/2021\/05\/Detenteur-de-plusieurs-records-chez-les-centenaires-Robert-Marchand-est-mort.png","datePublished":"2021-05-22T09:32:18+00:00","dateModified":"2021-05-22T17:38:20+00:00","description":"CYCLISME - Triste nouvelle ce samedi matin. \u00c2g\u00e9 de 109 ans, Robert Marchand est d\u00e9c\u00e9d\u00e9 dans la nuit de vendredi \u00e0 samedi, dans l'EHPAD de Mitry-Mory, l\u00e0 o\u00f9 il vivait depuis quelques ann\u00e9es.","breadcrumb":{"@id":"https:\/\/dicodusport.fr\/blog\/detenteur-de-plusieurs-records-chez-les-centenaires-robert-marchand-est-mort\/#breadcrumb"},"inLanguage":"fr-FR","potentialAction":[{"@type":"ReadAction","target":["https:\/\/dicodusport.fr\/blog\/detenteur-de-plusieurs-records-chez-les-centenaires-robert-marchand-est-mort\/"]}]},{"@type":"ImageObject","inLanguage":"fr-FR","@id":"https:\/\/dicodusport.fr\/blog\/detenteur-de-plusieurs-records-chez-les-centenaires-robert-marchand-est-mort\/#primaryimage","url":"https:\/\/dicodusport.fr\/blog\/wp-content\/uploads\/2021\/05\/Detenteur-de-plusieurs-records-chez-les-centenaires-Robert-Marchand-est-mort.png","contentUrl":"https:\/\/dicodusport.fr\/blog\/wp-content\/uploads\/2021\/05\/Detenteur-de-plusieurs-records-chez-les-centenaires-Robert-Marchand-est-mort.png","width":800,"height":445,"caption":"D\u00e9tenteur de plusieurs records chez les centenaires, Robert Marchand est mort"},{"@type":"BreadcrumbList","@id":"https:\/\/dicodusport.fr\/blog\/detenteur-de-plusieurs-records-chez-les-centenaires-robert-marchand-est-mort\/#breadcrumb","itemListElement":[{"@type":"ListItem","position":1,"name":"Accueil","item":"https:\/\/dicodusport.fr\/blog\/"},{"@type":"ListItem","position":2,"name":"D\u00e9tenteur de plusieurs records chez les centenaires, Robert Marchand est mort"}]},{"@type":"WebSite","@id":"https:\/\/dicodusport.fr\/blog\/#website","url":"https:\/\/dicodusport.fr\/blog\/","name":"Dicodusport","description":"L&#039;encyclop\u00e9die de l&#039;actualit\u00e9 sportive","publisher":{"@id":"https:\/\/dicodusport.fr\/blog\/#organization"},"potentialAction":[{"@type":"SearchAction","target":{"@type":"EntryPoint","urlTemplate":"https:\/\/dicodusport.fr\/blog\/?s={search_term_string}"},"query-input":{"@type":"PropertyValueSpecification","valueRequired":true,"valueName":"search_term_string"}}],"inLanguage":"fr-FR"},{"@type":"NewsMediaOrganization","@id":"https:\/\/dicodusport.fr\/blog\/#organization","name":"Dicodusport","url":"https:\/\/dicodusport.fr\/blog\/","logo":{"@type":"ImageObject","inLanguage":"fr-FR","@id":"https:\/\/dicodusport.fr\/blog\/#\/schema\/logo\/image\/","url":"https:\/\/dicodusport.fr\/blog\/wp-content\/uploads\/2020\/06\/cropped-LOGO-DICODUSPORT-2020-SANS-FOND-SANS-TEXTE.png","contentUrl":"https:\/\/dicodusport.fr\/blog\/wp-content\/uploads\/2020\/06\/cropped-LOGO-DICODUSPORT-2020-SANS-FOND-SANS-TEXTE.png","width":512,"height":512,"caption":"Dicodusport"},"image":{"@id":"https:\/\/dicodusport.fr\/blog\/#\/schema\/logo\/image\/"},"sameAs":["https:\/\/www.facebook.com\/dicodusport","https:\/\/x.com\/dicodusport","https:\/\/www.instagram.com\/dicodusport\/","https:\/\/www.youtube.com\/channel\/UC7V2KZ5sd3htJivAbA4ZG3w"],"description":"Dicodusport est l'encyclop\u00e9die de l'actualit\u00e9 sportive.","email":"bonjour@dicodusport.fr","legalName":"DICODUSPORT","foundingDate":"2018-01-14","vatID":"FR71834470973","taxID":"83447097300043","numberOfEmployees":{"@type":"QuantitativeValue","minValue":"1","maxValue":"10"}},{"@type":"Person","@id":"https:\/\/dicodusport.fr\/blog\/#\/schema\/person\/cb02af4c173ce4a653b55e9baf388d4a","name":"Flo Ostermann","image":{"@type":"ImageObject","inLanguage":"fr-FR","@id":"https:\/\/dicodusport.fr\/blog\/#\/schema\/person\/image\/","url":"https:\/\/dicodusport.fr\/blog\/wp-content\/uploads\/2021\/05\/Flo-Ostermann-150x150.jpg","contentUrl":"https:\/\/dicodusport.fr\/blog\/wp-content\/uploads\/2021\/05\/Flo-Ostermann-150x150.jpg","caption":"Flo Ostermann"},"description":"Journaliste\/R\u00e9dacteur depuis septembre 2015 - Mes premiers souvenirs dans le sport ? Les envol\u00e9es du Stade Toulousain et les duels Villeneuve-Schumacher et H\u00e4kkinen-Schumacher \u00e0 la fin des ann\u00e9es 90, la Coupe du monde de football en 1998, l\u2019exploit du XV de France face aux All Blacks en 1999, mais aussi Richard C\u0153ur de Lion qui vole sur les montagnes du Tour de France. Bien parti pour devenir professeur d\u2019EPS, les \u00e9v\u00e9nements de la vie (et la flemme d\u2019animer des s\u00e9ances de 3x500 m\u00e8tres toute ma vie) m\u2019ont conduit \u00e0 revoir mes plans. Me voil\u00e0 depuis fin 2017 sur Dicodusport, m\u00e9dia gr\u00e2ce (et pour) lequel je partage ma passion : le sport dans tous ses \u00e9tats. Le tout accompagn\u00e9 par les fous furieux et folles furieuses cit\u00e9s sur cette page !","sameAs":["https:\/\/www.facebook.com\/florent.ostermann","https:\/\/x.com\/https:\/\/twitter.com\/FlOstermann","admin"],"url":"https:\/\/dicodusport.fr\/blog\/author\/flo\/"}]}},"_links":{"self":[{"href":"https:\/\/dicodusport.fr\/blog\/wp-json\/wp\/v2\/posts\/131810","targetHints":{"allow":["GET"]}}],"collection":[{"href":"https:\/\/dicodusport.fr\/blog\/wp-json\/wp\/v2\/posts"}],"about":[{"href":"https:\/\/dicodusport.fr\/blog\/wp-json\/wp\/v2\/types\/post"}],"author":[{"embeddable":true,"href":"https:\/\/dicodusport.fr\/blog\/wp-json\/wp\/v2\/users\/4"}],"replies":[{"embeddable":true,"href":"https:\/\/dicodusport.fr\/blog\/wp-json\/wp\/v2\/comments?post=131810"}],"version-history":[{"count":0,"href":"https:\/\/dicodusport.fr\/blog\/wp-json\/wp\/v2\/posts\/131810\/revisions"}],"wp:featuredmedia":[{"embeddable":true,"href":"https:\/\/dicodusport.fr\/blog\/wp-json\/wp\/v2\/media\/131812"}],"wp:attachment":[{"href":"https:\/\/dicodusport.fr\/blog\/wp-json\/wp\/v2\/media?parent=131810"}],"wp:term":[{"taxonomy":"category","embeddable":true,"href":"https:\/\/dicodusport.fr\/blog\/wp-json\/wp\/v2\/categories?post=131810"},{"taxonomy":"post_tag","embeddable":true,"href":"https:\/\/dicodusport.fr\/blog\/wp-json\/wp\/v2\/tags?post=131810"}],"curies":[{"name":"wp","href":"https:\/\/api.w.org\/{rel}","templated":true}]}}