{"id":131836,"date":"2021-05-22T13:06:08","date_gmt":"2021-05-22T11:06:08","guid":{"rendered":"https:\/\/dicodusport.fr\/blog\/?p=131836&#038;preview=true&#038;preview_id=131836"},"modified":"2021-05-22T13:20:11","modified_gmt":"2021-05-22T11:20:11","slug":"grand-prix-de-monaco-max-verstappen-le-plus-rapide-des-el3","status":"publish","type":"post","link":"https:\/\/dicodusport.fr\/blog\/grand-prix-de-monaco-max-verstappen-le-plus-rapide-des-el3\/","title":{"rendered":"Grand Prix de Monaco : Max Verstappen le plus rapide lors des EL3"},"content":{"rendered":"<p style=\"text-align: justify;\"><strong><em><a href=\"https:\/\/dicodusport.fr\/blog\/f1-grand-prix-de-monaco-2021-horaires-et-programme-tv-complet\/\">F1 &#8211; GRAND PRIX DE MONACO 2021<\/a> &#8211; Max Verstappen (Red Bull) a r\u00e9alis\u00e9 le meilleur temps des essais libres 3 \u00e0 Monaco ce samedi. Le N\u00e9erlandais devance les deux Ferrari de Carlos Sainz et Charles Leclerc. Bottas (4\u00e8me) et Hamilton (7\u00e8me) n&rsquo;ont, pour le moment, pas trouv\u00e9 les solutions pour rivaliser avec les Red Bull et les Scuderia Ferrari.<\/em><\/strong><\/p>\n<p style=\"text-align: justify;\">Red Bull et Ferrari continuent de mener la vie dure aux Mercedes \u00e0 Monaco. Apr\u00e8s la domination des Ferrari jeudi, c&rsquo;est <strong>Max Verstappen<\/strong> (Red Bull) qui a r\u00e9alis\u00e9 le meilleur temps des EL3 ce samedi matin. Le N\u00e9erlandais (1:11.294) a \u00e9t\u00e9 efficace pour devancer les deux Scuderia de <strong>Carlos Sainz<\/strong> (+0.047) et <strong>Charles Leclerc<\/strong> (0.258). Derri\u00e8re, les Mercedes restent en retrait. <strong>Bottas<\/strong>, 4\u00e8me (+0.471) et <strong>Hamilton<\/strong> (+0.726) vont devoir cravacher pour esp\u00e9rer r\u00e9ussir leur week-end mon\u00e9gasque.<\/p>\n<p style=\"text-align: justify;\">Grosses inqui\u00e9tudes \u00e9galement pour Alpine. Comme jeudi, <strong>Fernando Alonso<\/strong> et <strong>Esteban Ocon<\/strong> sont tr\u00e8s loin du compte ! L&rsquo;Espagnol doit se contenter du 15\u00e8me temps (+2.035), le Fran\u00e7ais du&#8230; dernier chrono, \u00e0 2.3 secondes de <strong>Verstappen<\/strong>. \u00c0 noter que la s\u00e9ance a \u00e9t\u00e9 interrompue \u00e0 deux reprises, la premi\u00e8re fois apr\u00e8s le crash de <strong>Nicholas Latifi<\/strong> (Williams), et la seconde, de fa\u00e7on d\u00e9finitive, suite au gros choc de <strong>Mick Schumacher<\/strong> (Haas) \u00e0 la sortie du casino.<\/p>\n<blockquote class=\"twitter-tweet\">\n<p dir=\"ltr\" lang=\"fr\">Plus de peur que de mal pour <a href=\"https:\/\/twitter.com\/SchumacherMick?ref_src=twsrc%5Etfw\">@SchumacherMick<\/a> apr\u00e8s cet \u00e9norme crash &#x1f4a5;<\/p>\n<p>Pilote OK &#x2705;<a href=\"https:\/\/twitter.com\/hashtag\/MonacoGP?src=hash&amp;ref_src=twsrc%5Etfw\">#MonacoGP<\/a> &#x1f1f2;&#x1f1e8;<\/p>\n<p>&#x25b6;&#xfe0f; <a href=\"https:\/\/t.co\/7plkVVV12v\">https:\/\/t.co\/7plkVVV12v<\/a> <a href=\"https:\/\/t.co\/R0VvoVRmL4\">pic.twitter.com\/R0VvoVRmL4<\/a><\/p>\n<p>\u2014 CANAL+ F1\u00ae (@CanalplusF1) <a href=\"https:\/\/twitter.com\/CanalplusF1\/status\/1396059808864874496?ref_src=twsrc%5Etfw\">May 22, 2021<\/a><\/p><\/blockquote>\n<p><script async src=\"https:\/\/platform.twitter.com\/widgets.js\" charset=\"utf-8\"><\/script><\/p>\n<ul>\n<li style=\"text-align: justify;\"><strong>\u00c0 lire aussi &#8211; <a href=\"https:\/\/dicodusport.fr\/blog\/f1-grand-prix-de-monaco-classement-essais-libres-3\/\" target=\"_blank\" rel=\"nofollow noopener\">Le classement des essais libres 3<\/a><\/strong><\/li>\n<\/ul>\n","protected":false},"excerpt":{"rendered":"<p>F1 &#8211; GRAND PRIX DE MONACO 2021 &#8211; Max Verstappen (Red Bull) a r\u00e9alis\u00e9 le meilleur temps des essais libres 3 \u00e0 Monaco ce samedi. Le N\u00e9erlandais devance les deux Ferrari de Carlos Sainz et Charles Leclerc. Bottas (4\u00e8me) et Hamilton (7\u00e8me) n&rsquo;ont, pour le moment, pas trouv\u00e9 les solutions pour rivaliser avec les Red Bull et les Scuderia Ferrari.<\/p>\n","protected":false},"author":4,"featured_media":131841,"comment_status":"open","ping_status":"closed","sticky":false,"template":"","format":"standard","meta":{"_acf_changed":false,"_daextam_enable_autolinks":"","footnotes":""},"categories":[8653],"tags":[3166,7951],"class_list":["post-131836","post","type-post","status-publish","format-standard","has-post-thumbnail","hentry","category-formule-1","tag-f1","tag-grand-prix-de-monaco"],"acf":[],"yoast_head":"<!-- This site is optimized with the Yoast SEO Premium plugin v26.7 (Yoast SEO v26.7) - https:\/\/yoast.com\/wordpress\/plugins\/seo\/ -->\n<title>Grand Prix de Monaco : Max Verstappen le plus rapide lors des EL3<\/title>\n<meta name=\"description\" content=\"F1 - GRAND PRIX DE MONACO 2021 - Max Verstappen (Red Bull) a r\u00e9alis\u00e9 le meilleur temps des essais libres 3 \u00e0 Monaco ce samedi.\" \/>\n<meta name=\"robots\" content=\"index, follow, max-snippet:-1, max-image-preview:large, max-video-preview:-1\" \/>\n<link rel=\"canonical\" href=\"https:\/\/dicodusport.fr\/blog\/grand-prix-de-monaco-max-verstappen-le-plus-rapide-des-el3\/\" \/>\n<meta property=\"og:locale\" content=\"fr_FR\" \/>\n<meta property=\"og:type\" content=\"article\" \/>\n<meta property=\"og:title\" content=\"Grand Prix de Monaco : Max Verstappen le plus rapide lors des EL3\" \/>\n<meta property=\"og:description\" content=\"F1 - GRAND PRIX DE MONACO 2021 - Max Verstappen (Red Bull) a r\u00e9alis\u00e9 le meilleur temps des essais libres 3 \u00e0 Monaco ce samedi.\" \/>\n<meta property=\"og:url\" content=\"https:\/\/dicodusport.fr\/blog\/grand-prix-de-monaco-max-verstappen-le-plus-rapide-des-el3\/\" \/>\n<meta property=\"og:site_name\" content=\"Dicodusport\" \/>\n<meta property=\"article:publisher\" content=\"https:\/\/www.facebook.com\/dicodusport\" \/>\n<meta property=\"article:author\" content=\"https:\/\/www.facebook.com\/florent.ostermann\" \/>\n<meta property=\"article:published_time\" content=\"2021-05-22T11:06:08+00:00\" \/>\n<meta property=\"article:modified_time\" content=\"2021-05-22T11:20:11+00:00\" \/>\n<meta property=\"og:image\" content=\"https:\/\/dicodusport.fr\/blog\/wp-content\/uploads\/2021\/05\/Grand-Prix-de-Monaco-Max-Verstappen-le-plus-rapide-lors-des-EL3.png\" \/>\n\t<meta property=\"og:image:width\" content=\"800\" \/>\n\t<meta property=\"og:image:height\" content=\"445\" \/>\n\t<meta property=\"og:image:type\" content=\"image\/png\" \/>\n<meta name=\"author\" content=\"Flo Ostermann\" \/>\n<meta name=\"twitter:card\" content=\"summary_large_image\" \/>\n<meta name=\"twitter:title\" content=\"Grand Prix de Monaco : Max Verstappen le plus rapide lors des EL3\" \/>\n<meta name=\"twitter:creator\" content=\"@https:\/\/twitter.com\/FlOstermann\" \/>\n<meta name=\"twitter:site\" content=\"@dicodusport\" \/>\n<script type=\"application\/ld+json\" class=\"yoast-schema-graph\">{\"@context\":\"https:\/\/schema.org\",\"@graph\":[{\"@type\":\"NewsArticle\",\"@id\":\"https:\/\/dicodusport.fr\/blog\/grand-prix-de-monaco-max-verstappen-le-plus-rapide-des-el3\/#article\",\"isPartOf\":{\"@id\":\"https:\/\/dicodusport.fr\/blog\/grand-prix-de-monaco-max-verstappen-le-plus-rapide-des-el3\/\"},\"author\":{\"name\":\"Flo Ostermann\",\"@id\":\"https:\/\/dicodusport.fr\/blog\/#\/schema\/person\/cb02af4c173ce4a653b55e9baf388d4a\"},\"headline\":\"Grand Prix de Monaco : Max Verstappen le plus rapide lors des EL3\",\"datePublished\":\"2021-05-22T11:06:08+00:00\",\"dateModified\":\"2021-05-22T11:20:11+00:00\",\"mainEntityOfPage\":{\"@id\":\"https:\/\/dicodusport.fr\/blog\/grand-prix-de-monaco-max-verstappen-le-plus-rapide-des-el3\/\"},\"wordCount\":280,\"commentCount\":0,\"publisher\":{\"@id\":\"https:\/\/dicodusport.fr\/blog\/#organization\"},\"image\":{\"@id\":\"https:\/\/dicodusport.fr\/blog\/grand-prix-de-monaco-max-verstappen-le-plus-rapide-des-el3\/#primaryimage\"},\"thumbnailUrl\":\"https:\/\/dicodusport.fr\/blog\/wp-content\/uploads\/2021\/05\/Grand-Prix-de-Monaco-Max-Verstappen-le-plus-rapide-lors-des-EL3.png\",\"keywords\":[\"F1\",\"Grand Prix de Monaco\"],\"articleSection\":[\"Formule 1\"],\"inLanguage\":\"fr-FR\",\"potentialAction\":[{\"@type\":\"CommentAction\",\"name\":\"Comment\",\"target\":[\"https:\/\/dicodusport.fr\/blog\/grand-prix-de-monaco-max-verstappen-le-plus-rapide-des-el3\/#respond\"]}],\"copyrightYear\":\"2021\",\"copyrightHolder\":{\"@id\":\"https:\/\/dicodusport.fr\/blog\/#organization\"}},{\"@type\":\"WebPage\",\"@id\":\"https:\/\/dicodusport.fr\/blog\/grand-prix-de-monaco-max-verstappen-le-plus-rapide-des-el3\/\",\"url\":\"https:\/\/dicodusport.fr\/blog\/grand-prix-de-monaco-max-verstappen-le-plus-rapide-des-el3\/\",\"name\":\"Grand Prix de Monaco : Max Verstappen le plus rapide lors des EL3\",\"isPartOf\":{\"@id\":\"https:\/\/dicodusport.fr\/blog\/#website\"},\"primaryImageOfPage\":{\"@id\":\"https:\/\/dicodusport.fr\/blog\/grand-prix-de-monaco-max-verstappen-le-plus-rapide-des-el3\/#primaryimage\"},\"image\":{\"@id\":\"https:\/\/dicodusport.fr\/blog\/grand-prix-de-monaco-max-verstappen-le-plus-rapide-des-el3\/#primaryimage\"},\"thumbnailUrl\":\"https:\/\/dicodusport.fr\/blog\/wp-content\/uploads\/2021\/05\/Grand-Prix-de-Monaco-Max-Verstappen-le-plus-rapide-lors-des-EL3.png\",\"datePublished\":\"2021-05-22T11:06:08+00:00\",\"dateModified\":\"2021-05-22T11:20:11+00:00\",\"description\":\"F1 - GRAND PRIX DE MONACO 2021 - Max Verstappen (Red Bull) a r\u00e9alis\u00e9 le meilleur temps des essais libres 3 \u00e0 Monaco ce samedi.\",\"breadcrumb\":{\"@id\":\"https:\/\/dicodusport.fr\/blog\/grand-prix-de-monaco-max-verstappen-le-plus-rapide-des-el3\/#breadcrumb\"},\"inLanguage\":\"fr-FR\",\"potentialAction\":[{\"@type\":\"ReadAction\",\"target\":[\"https:\/\/dicodusport.fr\/blog\/grand-prix-de-monaco-max-verstappen-le-plus-rapide-des-el3\/\"]}]},{\"@type\":\"ImageObject\",\"inLanguage\":\"fr-FR\",\"@id\":\"https:\/\/dicodusport.fr\/blog\/grand-prix-de-monaco-max-verstappen-le-plus-rapide-des-el3\/#primaryimage\",\"url\":\"https:\/\/dicodusport.fr\/blog\/wp-content\/uploads\/2021\/05\/Grand-Prix-de-Monaco-Max-Verstappen-le-plus-rapide-lors-des-EL3.png\",\"contentUrl\":\"https:\/\/dicodusport.fr\/blog\/wp-content\/uploads\/2021\/05\/Grand-Prix-de-Monaco-Max-Verstappen-le-plus-rapide-lors-des-EL3.png\",\"width\":800,\"height\":445,\"caption\":\"Grand Prix de Monaco : Max Verstappen le plus rapide lors des EL3\"},{\"@type\":\"BreadcrumbList\",\"@id\":\"https:\/\/dicodusport.fr\/blog\/grand-prix-de-monaco-max-verstappen-le-plus-rapide-des-el3\/#breadcrumb\",\"itemListElement\":[{\"@type\":\"ListItem\",\"position\":1,\"name\":\"Accueil\",\"item\":\"https:\/\/dicodusport.fr\/blog\/\"},{\"@type\":\"ListItem\",\"position\":2,\"name\":\"Grand Prix de Monaco : Max Verstappen le plus rapide lors des EL3\"}]},{\"@type\":\"WebSite\",\"@id\":\"https:\/\/dicodusport.fr\/blog\/#website\",\"url\":\"https:\/\/dicodusport.fr\/blog\/\",\"name\":\"Dicodusport\",\"description\":\"L&#039;encyclop\u00e9die de l&#039;actualit\u00e9 sportive\",\"publisher\":{\"@id\":\"https:\/\/dicodusport.fr\/blog\/#organization\"},\"potentialAction\":[{\"@type\":\"SearchAction\",\"target\":{\"@type\":\"EntryPoint\",\"urlTemplate\":\"https:\/\/dicodusport.fr\/blog\/?s={search_term_string}\"},\"query-input\":{\"@type\":\"PropertyValueSpecification\",\"valueRequired\":true,\"valueName\":\"search_term_string\"}}],\"inLanguage\":\"fr-FR\"},{\"@type\":\"NewsMediaOrganization\",\"@id\":\"https:\/\/dicodusport.fr\/blog\/#organization\",\"name\":\"Dicodusport\",\"url\":\"https:\/\/dicodusport.fr\/blog\/\",\"logo\":{\"@type\":\"ImageObject\",\"inLanguage\":\"fr-FR\",\"@id\":\"https:\/\/dicodusport.fr\/blog\/#\/schema\/logo\/image\/\",\"url\":\"https:\/\/dicodusport.fr\/blog\/wp-content\/uploads\/2020\/06\/cropped-LOGO-DICODUSPORT-2020-SANS-FOND-SANS-TEXTE.png\",\"contentUrl\":\"https:\/\/dicodusport.fr\/blog\/wp-content\/uploads\/2020\/06\/cropped-LOGO-DICODUSPORT-2020-SANS-FOND-SANS-TEXTE.png\",\"width\":512,\"height\":512,\"caption\":\"Dicodusport\"},\"image\":{\"@id\":\"https:\/\/dicodusport.fr\/blog\/#\/schema\/logo\/image\/\"},\"sameAs\":[\"https:\/\/www.facebook.com\/dicodusport\",\"https:\/\/x.com\/dicodusport\",\"https:\/\/www.instagram.com\/dicodusport\/\",\"https:\/\/www.youtube.com\/channel\/UC7V2KZ5sd3htJivAbA4ZG3w\"],\"description\":\"Dicodusport est l'encyclop\u00e9die de l'actualit\u00e9 sportive.\",\"email\":\"bonjour@dicodusport.fr\",\"legalName\":\"DICODUSPORT\",\"foundingDate\":\"2018-01-14\",\"vatID\":\"FR71834470973\",\"taxID\":\"83447097300043\",\"numberOfEmployees\":{\"@type\":\"QuantitativeValue\",\"minValue\":\"1\",\"maxValue\":\"10\"}},{\"@type\":\"Person\",\"@id\":\"https:\/\/dicodusport.fr\/blog\/#\/schema\/person\/cb02af4c173ce4a653b55e9baf388d4a\",\"name\":\"Flo Ostermann\",\"image\":{\"@type\":\"ImageObject\",\"inLanguage\":\"fr-FR\",\"@id\":\"https:\/\/dicodusport.fr\/blog\/#\/schema\/person\/image\/\",\"url\":\"https:\/\/dicodusport.fr\/blog\/wp-content\/uploads\/2021\/05\/Flo-Ostermann-150x150.jpg\",\"contentUrl\":\"https:\/\/dicodusport.fr\/blog\/wp-content\/uploads\/2021\/05\/Flo-Ostermann-150x150.jpg\",\"caption\":\"Flo Ostermann\"},\"description\":\"Journaliste\/R\u00e9dacteur depuis septembre 2015 - Mes premiers souvenirs dans le sport ? Les envol\u00e9es du Stade Toulousain et les duels Villeneuve-Schumacher et H\u00e4kkinen-Schumacher \u00e0 la fin des ann\u00e9es 90, la Coupe du monde de football en 1998, l\u2019exploit du XV de France face aux All Blacks en 1999, mais aussi Richard C\u0153ur de Lion qui vole sur les montagnes du Tour de France. Bien parti pour devenir professeur d\u2019EPS, les \u00e9v\u00e9nements de la vie (et la flemme d\u2019animer des s\u00e9ances de 3x500 m\u00e8tres toute ma vie) m\u2019ont conduit \u00e0 revoir mes plans. Me voil\u00e0 depuis fin 2017 sur Dicodusport, m\u00e9dia gr\u00e2ce (et pour) lequel je partage ma passion : le sport dans tous ses \u00e9tats. Le tout accompagn\u00e9 par les fous furieux et folles furieuses cit\u00e9s sur cette page !\",\"sameAs\":[\"https:\/\/www.facebook.com\/florent.ostermann\",\"https:\/\/x.com\/https:\/\/twitter.com\/FlOstermann\",\"admin\"],\"url\":\"https:\/\/dicodusport.fr\/blog\/author\/flo\/\"}]}<\/script>\n<!-- \/ Yoast SEO Premium plugin. -->","yoast_head_json":{"title":"Grand Prix de Monaco : Max Verstappen le plus rapide lors des EL3","description":"F1 - GRAND PRIX DE MONACO 2021 - Max Verstappen (Red Bull) a r\u00e9alis\u00e9 le meilleur temps des essais libres 3 \u00e0 Monaco ce samedi.","robots":{"index":"index","follow":"follow","max-snippet":"max-snippet:-1","max-image-preview":"max-image-preview:large","max-video-preview":"max-video-preview:-1"},"canonical":"https:\/\/dicodusport.fr\/blog\/grand-prix-de-monaco-max-verstappen-le-plus-rapide-des-el3\/","og_locale":"fr_FR","og_type":"article","og_title":"Grand Prix de Monaco : Max Verstappen le plus rapide lors des EL3","og_description":"F1 - GRAND PRIX DE MONACO 2021 - Max Verstappen (Red Bull) a r\u00e9alis\u00e9 le meilleur temps des essais libres 3 \u00e0 Monaco ce samedi.","og_url":"https:\/\/dicodusport.fr\/blog\/grand-prix-de-monaco-max-verstappen-le-plus-rapide-des-el3\/","og_site_name":"Dicodusport","article_publisher":"https:\/\/www.facebook.com\/dicodusport","article_author":"https:\/\/www.facebook.com\/florent.ostermann","article_published_time":"2021-05-22T11:06:08+00:00","article_modified_time":"2021-05-22T11:20:11+00:00","og_image":[{"width":800,"height":445,"url":"https:\/\/dicodusport.fr\/blog\/wp-content\/uploads\/2021\/05\/Grand-Prix-de-Monaco-Max-Verstappen-le-plus-rapide-lors-des-EL3.png","type":"image\/png"}],"author":"Flo Ostermann","twitter_card":"summary_large_image","twitter_title":"Grand Prix de Monaco : Max Verstappen le plus rapide lors des EL3","twitter_creator":"@https:\/\/twitter.com\/FlOstermann","twitter_site":"@dicodusport","schema":{"@context":"https:\/\/schema.org","@graph":[{"@type":"NewsArticle","@id":"https:\/\/dicodusport.fr\/blog\/grand-prix-de-monaco-max-verstappen-le-plus-rapide-des-el3\/#article","isPartOf":{"@id":"https:\/\/dicodusport.fr\/blog\/grand-prix-de-monaco-max-verstappen-le-plus-rapide-des-el3\/"},"author":{"name":"Flo Ostermann","@id":"https:\/\/dicodusport.fr\/blog\/#\/schema\/person\/cb02af4c173ce4a653b55e9baf388d4a"},"headline":"Grand Prix de Monaco : Max Verstappen le plus rapide lors des EL3","datePublished":"2021-05-22T11:06:08+00:00","dateModified":"2021-05-22T11:20:11+00:00","mainEntityOfPage":{"@id":"https:\/\/dicodusport.fr\/blog\/grand-prix-de-monaco-max-verstappen-le-plus-rapide-des-el3\/"},"wordCount":280,"commentCount":0,"publisher":{"@id":"https:\/\/dicodusport.fr\/blog\/#organization"},"image":{"@id":"https:\/\/dicodusport.fr\/blog\/grand-prix-de-monaco-max-verstappen-le-plus-rapide-des-el3\/#primaryimage"},"thumbnailUrl":"https:\/\/dicodusport.fr\/blog\/wp-content\/uploads\/2021\/05\/Grand-Prix-de-Monaco-Max-Verstappen-le-plus-rapide-lors-des-EL3.png","keywords":["F1","Grand Prix de Monaco"],"articleSection":["Formule 1"],"inLanguage":"fr-FR","potentialAction":[{"@type":"CommentAction","name":"Comment","target":["https:\/\/dicodusport.fr\/blog\/grand-prix-de-monaco-max-verstappen-le-plus-rapide-des-el3\/#respond"]}],"copyrightYear":"2021","copyrightHolder":{"@id":"https:\/\/dicodusport.fr\/blog\/#organization"}},{"@type":"WebPage","@id":"https:\/\/dicodusport.fr\/blog\/grand-prix-de-monaco-max-verstappen-le-plus-rapide-des-el3\/","url":"https:\/\/dicodusport.fr\/blog\/grand-prix-de-monaco-max-verstappen-le-plus-rapide-des-el3\/","name":"Grand Prix de Monaco : Max Verstappen le plus rapide lors des EL3","isPartOf":{"@id":"https:\/\/dicodusport.fr\/blog\/#website"},"primaryImageOfPage":{"@id":"https:\/\/dicodusport.fr\/blog\/grand-prix-de-monaco-max-verstappen-le-plus-rapide-des-el3\/#primaryimage"},"image":{"@id":"https:\/\/dicodusport.fr\/blog\/grand-prix-de-monaco-max-verstappen-le-plus-rapide-des-el3\/#primaryimage"},"thumbnailUrl":"https:\/\/dicodusport.fr\/blog\/wp-content\/uploads\/2021\/05\/Grand-Prix-de-Monaco-Max-Verstappen-le-plus-rapide-lors-des-EL3.png","datePublished":"2021-05-22T11:06:08+00:00","dateModified":"2021-05-22T11:20:11+00:00","description":"F1 - GRAND PRIX DE MONACO 2021 - Max Verstappen (Red Bull) a r\u00e9alis\u00e9 le meilleur temps des essais libres 3 \u00e0 Monaco ce samedi.","breadcrumb":{"@id":"https:\/\/dicodusport.fr\/blog\/grand-prix-de-monaco-max-verstappen-le-plus-rapide-des-el3\/#breadcrumb"},"inLanguage":"fr-FR","potentialAction":[{"@type":"ReadAction","target":["https:\/\/dicodusport.fr\/blog\/grand-prix-de-monaco-max-verstappen-le-plus-rapide-des-el3\/"]}]},{"@type":"ImageObject","inLanguage":"fr-FR","@id":"https:\/\/dicodusport.fr\/blog\/grand-prix-de-monaco-max-verstappen-le-plus-rapide-des-el3\/#primaryimage","url":"https:\/\/dicodusport.fr\/blog\/wp-content\/uploads\/2021\/05\/Grand-Prix-de-Monaco-Max-Verstappen-le-plus-rapide-lors-des-EL3.png","contentUrl":"https:\/\/dicodusport.fr\/blog\/wp-content\/uploads\/2021\/05\/Grand-Prix-de-Monaco-Max-Verstappen-le-plus-rapide-lors-des-EL3.png","width":800,"height":445,"caption":"Grand Prix de Monaco : Max Verstappen le plus rapide lors des EL3"},{"@type":"BreadcrumbList","@id":"https:\/\/dicodusport.fr\/blog\/grand-prix-de-monaco-max-verstappen-le-plus-rapide-des-el3\/#breadcrumb","itemListElement":[{"@type":"ListItem","position":1,"name":"Accueil","item":"https:\/\/dicodusport.fr\/blog\/"},{"@type":"ListItem","position":2,"name":"Grand Prix de Monaco : Max Verstappen le plus rapide lors des EL3"}]},{"@type":"WebSite","@id":"https:\/\/dicodusport.fr\/blog\/#website","url":"https:\/\/dicodusport.fr\/blog\/","name":"Dicodusport","description":"L&#039;encyclop\u00e9die de l&#039;actualit\u00e9 sportive","publisher":{"@id":"https:\/\/dicodusport.fr\/blog\/#organization"},"potentialAction":[{"@type":"SearchAction","target":{"@type":"EntryPoint","urlTemplate":"https:\/\/dicodusport.fr\/blog\/?s={search_term_string}"},"query-input":{"@type":"PropertyValueSpecification","valueRequired":true,"valueName":"search_term_string"}}],"inLanguage":"fr-FR"},{"@type":"NewsMediaOrganization","@id":"https:\/\/dicodusport.fr\/blog\/#organization","name":"Dicodusport","url":"https:\/\/dicodusport.fr\/blog\/","logo":{"@type":"ImageObject","inLanguage":"fr-FR","@id":"https:\/\/dicodusport.fr\/blog\/#\/schema\/logo\/image\/","url":"https:\/\/dicodusport.fr\/blog\/wp-content\/uploads\/2020\/06\/cropped-LOGO-DICODUSPORT-2020-SANS-FOND-SANS-TEXTE.png","contentUrl":"https:\/\/dicodusport.fr\/blog\/wp-content\/uploads\/2020\/06\/cropped-LOGO-DICODUSPORT-2020-SANS-FOND-SANS-TEXTE.png","width":512,"height":512,"caption":"Dicodusport"},"image":{"@id":"https:\/\/dicodusport.fr\/blog\/#\/schema\/logo\/image\/"},"sameAs":["https:\/\/www.facebook.com\/dicodusport","https:\/\/x.com\/dicodusport","https:\/\/www.instagram.com\/dicodusport\/","https:\/\/www.youtube.com\/channel\/UC7V2KZ5sd3htJivAbA4ZG3w"],"description":"Dicodusport est l'encyclop\u00e9die de l'actualit\u00e9 sportive.","email":"bonjour@dicodusport.fr","legalName":"DICODUSPORT","foundingDate":"2018-01-14","vatID":"FR71834470973","taxID":"83447097300043","numberOfEmployees":{"@type":"QuantitativeValue","minValue":"1","maxValue":"10"}},{"@type":"Person","@id":"https:\/\/dicodusport.fr\/blog\/#\/schema\/person\/cb02af4c173ce4a653b55e9baf388d4a","name":"Flo Ostermann","image":{"@type":"ImageObject","inLanguage":"fr-FR","@id":"https:\/\/dicodusport.fr\/blog\/#\/schema\/person\/image\/","url":"https:\/\/dicodusport.fr\/blog\/wp-content\/uploads\/2021\/05\/Flo-Ostermann-150x150.jpg","contentUrl":"https:\/\/dicodusport.fr\/blog\/wp-content\/uploads\/2021\/05\/Flo-Ostermann-150x150.jpg","caption":"Flo Ostermann"},"description":"Journaliste\/R\u00e9dacteur depuis septembre 2015 - Mes premiers souvenirs dans le sport ? Les envol\u00e9es du Stade Toulousain et les duels Villeneuve-Schumacher et H\u00e4kkinen-Schumacher \u00e0 la fin des ann\u00e9es 90, la Coupe du monde de football en 1998, l\u2019exploit du XV de France face aux All Blacks en 1999, mais aussi Richard C\u0153ur de Lion qui vole sur les montagnes du Tour de France. Bien parti pour devenir professeur d\u2019EPS, les \u00e9v\u00e9nements de la vie (et la flemme d\u2019animer des s\u00e9ances de 3x500 m\u00e8tres toute ma vie) m\u2019ont conduit \u00e0 revoir mes plans. Me voil\u00e0 depuis fin 2017 sur Dicodusport, m\u00e9dia gr\u00e2ce (et pour) lequel je partage ma passion : le sport dans tous ses \u00e9tats. Le tout accompagn\u00e9 par les fous furieux et folles furieuses cit\u00e9s sur cette page !","sameAs":["https:\/\/www.facebook.com\/florent.ostermann","https:\/\/x.com\/https:\/\/twitter.com\/FlOstermann","admin"],"url":"https:\/\/dicodusport.fr\/blog\/author\/flo\/"}]}},"_links":{"self":[{"href":"https:\/\/dicodusport.fr\/blog\/wp-json\/wp\/v2\/posts\/131836","targetHints":{"allow":["GET"]}}],"collection":[{"href":"https:\/\/dicodusport.fr\/blog\/wp-json\/wp\/v2\/posts"}],"about":[{"href":"https:\/\/dicodusport.fr\/blog\/wp-json\/wp\/v2\/types\/post"}],"author":[{"embeddable":true,"href":"https:\/\/dicodusport.fr\/blog\/wp-json\/wp\/v2\/users\/4"}],"replies":[{"embeddable":true,"href":"https:\/\/dicodusport.fr\/blog\/wp-json\/wp\/v2\/comments?post=131836"}],"version-history":[{"count":0,"href":"https:\/\/dicodusport.fr\/blog\/wp-json\/wp\/v2\/posts\/131836\/revisions"}],"wp:featuredmedia":[{"embeddable":true,"href":"https:\/\/dicodusport.fr\/blog\/wp-json\/wp\/v2\/media\/131841"}],"wp:attachment":[{"href":"https:\/\/dicodusport.fr\/blog\/wp-json\/wp\/v2\/media?parent=131836"}],"wp:term":[{"taxonomy":"category","embeddable":true,"href":"https:\/\/dicodusport.fr\/blog\/wp-json\/wp\/v2\/categories?post=131836"},{"taxonomy":"post_tag","embeddable":true,"href":"https:\/\/dicodusport.fr\/blog\/wp-json\/wp\/v2\/tags?post=131836"}],"curies":[{"name":"wp","href":"https:\/\/api.w.org\/{rel}","templated":true}]}}