{"id":13189,"date":"2018-02-22T14:00:01","date_gmt":"2018-02-22T13:00:01","guid":{"rendered":"http:\/\/dicodusport.fr\/blog\/?p=13189"},"modified":"2018-02-22T13:08:03","modified_gmt":"2018-02-22T12:08:03","slug":"elodie-beltrame-seul-on-va-plus-vite-ensemble-on-va-plus-loin","status":"publish","type":"post","link":"https:\/\/dicodusport.fr\/blog\/elodie-beltrame-seul-on-va-plus-vite-ensemble-on-va-plus-loin\/","title":{"rendered":"\u00c9lodie Beltrame : \u00ab\u00a0Seul on va plus vite, ensemble on va plus loin\u00a0\u00bb"},"content":{"rendered":"<p style=\"text-align: justify;\"><strong><em>Rencontre avec \u00c9lodie Beltrame, joueuse de l&rsquo;AS Monaco Football F\u00e9minin, qui revient sur le d\u00e9but de saison de son \u00e9quipe et sur les premiers matchs de la phase retour.<\/em><\/strong><\/p>\n<h5>\u00c9lodie, tu es une des joueuses qui fait partie de l\u2019effectif de l\u2019an dernier. Tu as connu sa restructuration cette ann\u00e9e. Qu\u2019est-ce que le coach et les nouvelles joueuses t\u2019ont apport\u00e9 ?<\/h5>\n<p style=\"text-align: justify;\">Effectivement j\u2019ai rejoint l&rsquo;\u00e9quipe la saison derni\u00e8re mais en tout cas tr\u00e8s bien int\u00e9gr\u00e9e par les anciennes c&rsquo;est certain. J&rsquo;ai donc aussi d\u00e9couvert un autre fonctionnement apr\u00e8s 4 ans \u00e0 Nice mais avec des objecifs pr\u00e9cis et des ambitions. Concernant cette ann\u00e9e, je connaissais d\u00e9j\u00e0 St\u00e9phane l&rsquo;ayant c\u00f4toy\u00e9 quelques mois \u00e0 Nice donc je savais que c&rsquo;\u00e9tait un coach passionn\u00e9, ambitieux, connaissant le foot f\u00e9minin et qu&rsquo;il allait donc apporter son exp\u00e9rience. A propos des nouvelles, malheureusement certaines nous ont quitt\u00e9 rapidement mais pour celles qui sont encore l\u00e0, cela a apport\u00e9 un plus de par leurs exp\u00e9riences respectives et j&rsquo;esp\u00e8re qu&rsquo;elles se sentent aussi bien int\u00e9gr\u00e9es que moi la saison pr\u00e9c\u00e9dente.<\/p>\n<h5 style=\"text-align: justify;\">L\u2019\u00e9quipe finit milieu de tableau pour la premi\u00e8re partie de saison, d\u2019apr\u00e8s toi bilan mitig\u00e9 ou m\u00e9rit\u00e9 ?<\/h5>\n<p style=\"text-align: justify;\">Les deux. M\u00e9rit\u00e9 car si on en est l\u00e0 c&rsquo;est qu&rsquo;il y a des raisons. On a altern\u00e9 le bon et moins bon en fonction des p\u00e9riodes donc forc\u00e9ment cela a influenc\u00e9 sur nos r\u00e9sultats. Mitig\u00e9 car sur l&rsquo;\u00e9volution du jeu et notre travail on aurait pu \u00eatre plus haut. Mais les saisons sont longues et on ne contr\u00f4le pas les blessures, absences, d\u00e9parts&#8230;. qui ont aussi jou\u00e9 un r\u00f4le sur cette partie de saison et sur ce que St\u00e9phane essaie de construire. Cependant ce qui est s\u00fbr, c&rsquo;est qu&rsquo;entre le d\u00e9but de la saison et aujourd&rsquo;hui,\u00a0notre qualit\u00e9 de jeu est meilleure.<\/p>\n<h5 style=\"text-align: justify;\">Depuis le premier match de la\u00a0phase retour, on sent un petit manque d\u2019investissement des filles qui conduit \u00e0 une d\u00e9faite et un nul en championnat. Qu\u2019en penses-tu ?<\/h5>\n<p style=\"text-align: justify;\">J&rsquo;ai \u00e9t\u00e9 en partie absente ces derni\u00e8res semaines mais je ne pense pas que \u00e7a soit forc\u00e9ment un manque d&rsquo;investissement qui explique ces r\u00e9sultats. Un tas de param\u00e8tres influent et chaque week-end on doit composer avec les absences et les blessures donc ce n&rsquo;est pas toujours \u00e9vident et de m\u00eame on a recommenc\u00e9 cette phase avec des clubs exp\u00e9riment\u00e9s de DH qui aspirent au haut de tableau. Ce n&rsquo;est jamais une chose ais\u00e9e. Maintenant tout passe par le travail donc \u00e0 nous de redoubler d&rsquo;effort pour que ce qu&rsquo;on arrive \u00e0 produire aux entra\u00eenements soit aussi mis en application en match.<\/p>\n<h5 style=\"text-align: justify;\">Des blessures de joueuses perturbent \u00e9galement l\u2019effectif, penses-tu que l\u2019absence de certaines joueuses fait d\u00e9faut \u00e0 l\u2019\u00e9quipe ?<\/h5>\n<p style=\"text-align: justify;\">Ce sont les al\u00e9as du sport collectif. Mais chacune de nous a ses qualit\u00e9s donc je consid\u00e8re que l&rsquo;on peut toutes apporter quelque chose pour essayer de garder la dynamique malgr\u00e9 les absences. Une \u00e9quipe ce n&rsquo;est pas pour moi les 11 titulaires du dimanche mais toutes les filles qui composent un groupe, district y compris car la preuve :\u00a0certaines sont venues jouer avec nous donc c&rsquo;est qu&rsquo;elles peuvent aussi amener un plus \u00e0 l&rsquo;\u00e9quipe.<\/p>\n<h5 style=\"text-align: justify;\">On apprend r\u00e9cemment que l\u2019ancienne capitaine perd son capitanat, d\u00e9cision juste d\u2019apr\u00e8s toi de la part de St\u00e9phane, le coach ?<\/h5>\n<p style=\"text-align: justify;\">Cela concerne les choix de St\u00e9phane. Le capitaine \u00e9tant le lien entre lui et le groupe et l&rsquo;arbitre en match. Apr\u00e8s peu importe pour moi qui a le brassard car il faut savoir faire confiance \u00e0 chacune d&rsquo;entre nous pour \u00e9voluer et progresser ensemble afin d&rsquo;atteindre des objectifs communs : \u00ab\u00a0Seul on va plus vite, ensemble on va plus loin \u00bb.<\/p>\n<p style=\"text-align: justify;\"><em><strong>AS Monaco Football F\u00e9minin<br \/>\n<\/strong><\/em><a style=\"color: #000000;\" href=\"https:\/\/www.facebook.com\/ASMFootFeminin\/\" target=\"_blank\" rel=\"noopener noreferrer\"><img loading=\"lazy\" decoding=\"async\" class=\"alignnone wp-image-2909\" src=\"http:\/\/dicodusport.fr\/blog\/wp-content\/uploads\/2017\/07\/logo-facebook-150x150.png\" alt=\"\" width=\"40\" height=\"40\" \/><\/a><a style=\"color: #000000;\" href=\"https:\/\/twitter.com\/ASMFootFem\" target=\"_blank\" rel=\"noopener noreferrer\"><img loading=\"lazy\" decoding=\"async\" class=\"alignnone wp-image-2908\" src=\"http:\/\/dicodusport.fr\/blog\/wp-content\/uploads\/2017\/07\/logo-twitter-150x150.png\" alt=\"\" width=\"39\" height=\"39\" \/><\/a><a href=\"https:\/\/www.instagram.com\/asmonaco_feminines\/\" target=\"_blank\" rel=\"noopener\"><img loading=\"lazy\" decoding=\"async\" class=\"alignnone wp-image-3709\" src=\"http:\/\/dicodusport.fr\/blog\/wp-content\/uploads\/2017\/08\/signature-instagram-150x150.png\" alt=\"\" width=\"39\" height=\"39\" srcset=\"https:\/\/dicodusport.fr\/blog\/wp-content\/uploads\/2017\/08\/signature-instagram-150x150.png 150w, https:\/\/dicodusport.fr\/blog\/wp-content\/uploads\/2017\/08\/signature-instagram.png 283w\" sizes=\"auto, (max-width: 39px) 100vw, 39px\" \/><\/a><\/p>\n<p style=\"text-align: justify;\"><a href=\"http:\/\/asm-ff.com\/\"><img loading=\"lazy\" decoding=\"async\" class=\"size-full wp-image-7848 aligncenter\" src=\"http:\/\/dicodusport.fr\/blog\/wp-content\/uploads\/2017\/11\/logo-ASM-FF.png\" alt=\"logo ASM FF\" width=\"118\" height=\"118\" \/><\/a><\/p>\n","protected":false},"excerpt":{"rendered":"<p>Rencontre avec \u00c9lodie Beltrame, joueuse de l&rsquo;AS Monaco Football F\u00e9minin, qui revient sur le d\u00e9but de saison de son \u00e9quipe et sur les premiers matchs de la phase retour.<\/p>\n","protected":false},"author":1,"featured_media":13253,"comment_status":"open","ping_status":"closed","sticky":false,"template":"","format":"standard","meta":{"_acf_changed":false,"_daextam_enable_autolinks":"","footnotes":""},"categories":[2301,4],"tags":[1690,75,1354,1678,1398],"class_list":["post-13189","post","type-post","status-publish","format-standard","has-post-thumbnail","hentry","category-football","category-portraits","tag-as-monaco-feminin","tag-football","tag-football-feminin","tag-monaco","tag-sport-feminin"],"acf":[],"yoast_head":"<!-- This site is optimized with the Yoast SEO Premium plugin v26.7 (Yoast SEO v26.7) - https:\/\/yoast.com\/wordpress\/plugins\/seo\/ -->\n<title>\u00c9lodie Beltrame : &quot;Seul on va plus vite, ensemble on va plus loin&quot;<\/title>\n<meta name=\"description\" content=\"Rencontre avec \u00c9lodie Beltrame, joueuse de l&#039;AS Monaco Football F\u00e9minin, qui revient sur le d\u00e9but de saison de son \u00e9quipe et sur les premiers matchs de la phase retour.\" \/>\n<meta name=\"robots\" content=\"index, follow, max-snippet:-1, max-image-preview:large, max-video-preview:-1\" \/>\n<link rel=\"canonical\" href=\"https:\/\/dicodusport.fr\/blog\/elodie-beltrame-seul-on-va-plus-vite-ensemble-on-va-plus-loin\/\" \/>\n<meta property=\"og:locale\" content=\"fr_FR\" \/>\n<meta property=\"og:type\" content=\"article\" \/>\n<meta property=\"og:title\" content=\"\u00c9lodie Beltrame : &quot;Seul on va plus vite, ensemble on va plus loin&quot;\" \/>\n<meta property=\"og:description\" content=\"Rencontre avec \u00c9lodie Beltrame, joueuse de l&#039;AS Monaco Football F\u00e9minin, qui revient sur le d\u00e9but de saison de son \u00e9quipe et sur les premiers matchs de la phase retour.\" \/>\n<meta property=\"og:url\" content=\"https:\/\/dicodusport.fr\/blog\/elodie-beltrame-seul-on-va-plus-vite-ensemble-on-va-plus-loin\/\" \/>\n<meta property=\"og:site_name\" content=\"Dicodusport\" \/>\n<meta property=\"article:publisher\" content=\"https:\/\/www.facebook.com\/dicodusport\" \/>\n<meta property=\"article:author\" content=\"https:\/\/www.facebook.com\/dicodusport\" \/>\n<meta property=\"article:published_time\" content=\"2018-02-22T13:00:01+00:00\" \/>\n<meta property=\"og:image\" content=\"https:\/\/dicodusport.fr\/blog\/wp-content\/uploads\/2018\/02\/\u00c9lodie-Beltrame-AS-Monaco-Football-F\u00e9minin.png\" \/>\n\t<meta property=\"og:image:width\" content=\"1200\" \/>\n\t<meta property=\"og:image:height\" content=\"670\" \/>\n\t<meta property=\"og:image:type\" content=\"image\/png\" \/>\n<meta name=\"author\" content=\"Nicolas Jacquemard\" \/>\n<meta name=\"twitter:card\" content=\"summary_large_image\" \/>\n<meta name=\"twitter:creator\" content=\"@https:\/\/twitter.com\/Nico_Jacquemard\" \/>\n<meta name=\"twitter:site\" content=\"@dicodusport\" \/>\n<script type=\"application\/ld+json\" class=\"yoast-schema-graph\">{\"@context\":\"https:\/\/schema.org\",\"@graph\":[{\"@type\":\"NewsArticle\",\"@id\":\"https:\/\/dicodusport.fr\/blog\/elodie-beltrame-seul-on-va-plus-vite-ensemble-on-va-plus-loin\/#article\",\"isPartOf\":{\"@id\":\"https:\/\/dicodusport.fr\/blog\/elodie-beltrame-seul-on-va-plus-vite-ensemble-on-va-plus-loin\/\"},\"author\":{\"name\":\"Nicolas Jacquemard\",\"@id\":\"https:\/\/dicodusport.fr\/blog\/#\/schema\/person\/55dcb50ad410894e431ed812bbb70191\"},\"headline\":\"\u00c9lodie Beltrame : \u00ab\u00a0Seul on va plus vite, ensemble on va plus loin\u00a0\u00bb\",\"datePublished\":\"2018-02-22T13:00:01+00:00\",\"mainEntityOfPage\":{\"@id\":\"https:\/\/dicodusport.fr\/blog\/elodie-beltrame-seul-on-va-plus-vite-ensemble-on-va-plus-loin\/\"},\"wordCount\":697,\"commentCount\":0,\"publisher\":{\"@id\":\"https:\/\/dicodusport.fr\/blog\/#organization\"},\"image\":{\"@id\":\"https:\/\/dicodusport.fr\/blog\/elodie-beltrame-seul-on-va-plus-vite-ensemble-on-va-plus-loin\/#primaryimage\"},\"thumbnailUrl\":\"https:\/\/dicodusport.fr\/blog\/wp-content\/uploads\/2018\/02\/\u00c9lodie-Beltrame-AS-Monaco-Football-F\u00e9minin.png\",\"keywords\":[\"AS Monaco f\u00e9minin\",\"Football\",\"football f\u00e9minin\",\"Monaco\",\"sport f\u00e9minin\"],\"articleSection\":[\"Football\",\"Portraits\"],\"inLanguage\":\"fr-FR\",\"potentialAction\":[{\"@type\":\"CommentAction\",\"name\":\"Comment\",\"target\":[\"https:\/\/dicodusport.fr\/blog\/elodie-beltrame-seul-on-va-plus-vite-ensemble-on-va-plus-loin\/#respond\"]}],\"copyrightYear\":\"2018\",\"copyrightHolder\":{\"@id\":\"https:\/\/dicodusport.fr\/blog\/#organization\"}},{\"@type\":\"WebPage\",\"@id\":\"https:\/\/dicodusport.fr\/blog\/elodie-beltrame-seul-on-va-plus-vite-ensemble-on-va-plus-loin\/\",\"url\":\"https:\/\/dicodusport.fr\/blog\/elodie-beltrame-seul-on-va-plus-vite-ensemble-on-va-plus-loin\/\",\"name\":\"\u00c9lodie Beltrame : \\\"Seul on va plus vite, ensemble on va plus loin\\\"\",\"isPartOf\":{\"@id\":\"https:\/\/dicodusport.fr\/blog\/#website\"},\"primaryImageOfPage\":{\"@id\":\"https:\/\/dicodusport.fr\/blog\/elodie-beltrame-seul-on-va-plus-vite-ensemble-on-va-plus-loin\/#primaryimage\"},\"image\":{\"@id\":\"https:\/\/dicodusport.fr\/blog\/elodie-beltrame-seul-on-va-plus-vite-ensemble-on-va-plus-loin\/#primaryimage\"},\"thumbnailUrl\":\"https:\/\/dicodusport.fr\/blog\/wp-content\/uploads\/2018\/02\/\u00c9lodie-Beltrame-AS-Monaco-Football-F\u00e9minin.png\",\"datePublished\":\"2018-02-22T13:00:01+00:00\",\"description\":\"Rencontre avec \u00c9lodie Beltrame, joueuse de l'AS Monaco Football F\u00e9minin, qui revient sur le d\u00e9but de saison de son \u00e9quipe et sur les premiers matchs de la phase retour.\",\"breadcrumb\":{\"@id\":\"https:\/\/dicodusport.fr\/blog\/elodie-beltrame-seul-on-va-plus-vite-ensemble-on-va-plus-loin\/#breadcrumb\"},\"inLanguage\":\"fr-FR\",\"potentialAction\":[{\"@type\":\"ReadAction\",\"target\":[\"https:\/\/dicodusport.fr\/blog\/elodie-beltrame-seul-on-va-plus-vite-ensemble-on-va-plus-loin\/\"]}]},{\"@type\":\"ImageObject\",\"inLanguage\":\"fr-FR\",\"@id\":\"https:\/\/dicodusport.fr\/blog\/elodie-beltrame-seul-on-va-plus-vite-ensemble-on-va-plus-loin\/#primaryimage\",\"url\":\"https:\/\/dicodusport.fr\/blog\/wp-content\/uploads\/2018\/02\/\u00c9lodie-Beltrame-AS-Monaco-Football-F\u00e9minin.png\",\"contentUrl\":\"https:\/\/dicodusport.fr\/blog\/wp-content\/uploads\/2018\/02\/\u00c9lodie-Beltrame-AS-Monaco-Football-F\u00e9minin.png\",\"width\":1200,\"height\":670,\"caption\":\"\u00c9lodie Beltrame - AS Monaco Football F\u00e9minin\"},{\"@type\":\"BreadcrumbList\",\"@id\":\"https:\/\/dicodusport.fr\/blog\/elodie-beltrame-seul-on-va-plus-vite-ensemble-on-va-plus-loin\/#breadcrumb\",\"itemListElement\":[{\"@type\":\"ListItem\",\"position\":1,\"name\":\"Accueil\",\"item\":\"https:\/\/dicodusport.fr\/blog\/\"},{\"@type\":\"ListItem\",\"position\":2,\"name\":\"\u00c9lodie Beltrame : \u00ab\u00a0Seul on va plus vite, ensemble on va plus loin\u00a0\u00bb\"}]},{\"@type\":\"WebSite\",\"@id\":\"https:\/\/dicodusport.fr\/blog\/#website\",\"url\":\"https:\/\/dicodusport.fr\/blog\/\",\"name\":\"Dicodusport\",\"description\":\"L&#039;encyclop\u00e9die de l&#039;actualit\u00e9 sportive\",\"publisher\":{\"@id\":\"https:\/\/dicodusport.fr\/blog\/#organization\"},\"potentialAction\":[{\"@type\":\"SearchAction\",\"target\":{\"@type\":\"EntryPoint\",\"urlTemplate\":\"https:\/\/dicodusport.fr\/blog\/?s={search_term_string}\"},\"query-input\":{\"@type\":\"PropertyValueSpecification\",\"valueRequired\":true,\"valueName\":\"search_term_string\"}}],\"inLanguage\":\"fr-FR\"},{\"@type\":\"NewsMediaOrganization\",\"@id\":\"https:\/\/dicodusport.fr\/blog\/#organization\",\"name\":\"Dicodusport\",\"url\":\"https:\/\/dicodusport.fr\/blog\/\",\"logo\":{\"@type\":\"ImageObject\",\"inLanguage\":\"fr-FR\",\"@id\":\"https:\/\/dicodusport.fr\/blog\/#\/schema\/logo\/image\/\",\"url\":\"https:\/\/dicodusport.fr\/blog\/wp-content\/uploads\/2020\/06\/cropped-LOGO-DICODUSPORT-2020-SANS-FOND-SANS-TEXTE.png\",\"contentUrl\":\"https:\/\/dicodusport.fr\/blog\/wp-content\/uploads\/2020\/06\/cropped-LOGO-DICODUSPORT-2020-SANS-FOND-SANS-TEXTE.png\",\"width\":512,\"height\":512,\"caption\":\"Dicodusport\"},\"image\":{\"@id\":\"https:\/\/dicodusport.fr\/blog\/#\/schema\/logo\/image\/\"},\"sameAs\":[\"https:\/\/www.facebook.com\/dicodusport\",\"https:\/\/x.com\/dicodusport\",\"https:\/\/www.instagram.com\/dicodusport\/\",\"https:\/\/www.youtube.com\/channel\/UC7V2KZ5sd3htJivAbA4ZG3w\"],\"description\":\"Dicodusport est l'encyclop\u00e9die de l'actualit\u00e9 sportive.\",\"email\":\"bonjour@dicodusport.fr\",\"legalName\":\"DICODUSPORT\",\"foundingDate\":\"2018-01-14\",\"vatID\":\"FR71834470973\",\"taxID\":\"83447097300043\",\"numberOfEmployees\":{\"@type\":\"QuantitativeValue\",\"minValue\":\"1\",\"maxValue\":\"10\"}},{\"@type\":\"Person\",\"@id\":\"https:\/\/dicodusport.fr\/blog\/#\/schema\/person\/55dcb50ad410894e431ed812bbb70191\",\"name\":\"Nicolas Jacquemard\",\"image\":{\"@type\":\"ImageObject\",\"inLanguage\":\"fr-FR\",\"@id\":\"https:\/\/dicodusport.fr\/blog\/#\/schema\/person\/image\/\",\"url\":\"https:\/\/dicodusport.fr\/blog\/wp-content\/uploads\/2021\/05\/Nicolas-Jacquemard-150x150.jpeg\",\"contentUrl\":\"https:\/\/dicodusport.fr\/blog\/wp-content\/uploads\/2021\/05\/Nicolas-Jacquemard-150x150.jpeg\",\"caption\":\"Nicolas Jacquemard\"},\"description\":\"Passionn\u00e9 de sport et entrepreneur depuis mes 18 ans, la cr\u00e9ation de Dicodusport m'a sembl\u00e9 \u00e9vidente pour participer \u00e0 la m\u00e9diatisation d'un plus grand nombre de sports. Le chemin est long mais avec une \u00e9quipe des plus motiv\u00e9es et les Jeux Olympiques de Paris 2024 en point de mire, nous y arriverons ! Journaliste dans le monde du sport depuis plus de 5 ans, je traite aussi bien de football, de rugby, de biathlon que de cyclisme.\",\"sameAs\":[\"https:\/\/www.facebook.com\/dicodusport\",\"https:\/\/x.com\/https:\/\/twitter.com\/Nico_Jacquemard\"],\"url\":\"https:\/\/dicodusport.fr\/blog\/author\/dicodusport\/\"}]}<\/script>\n<!-- \/ Yoast SEO Premium plugin. -->","yoast_head_json":{"title":"\u00c9lodie Beltrame : \"Seul on va plus vite, ensemble on va plus loin\"","description":"Rencontre avec \u00c9lodie Beltrame, joueuse de l'AS Monaco Football F\u00e9minin, qui revient sur le d\u00e9but de saison de son \u00e9quipe et sur les premiers matchs de la phase retour.","robots":{"index":"index","follow":"follow","max-snippet":"max-snippet:-1","max-image-preview":"max-image-preview:large","max-video-preview":"max-video-preview:-1"},"canonical":"https:\/\/dicodusport.fr\/blog\/elodie-beltrame-seul-on-va-plus-vite-ensemble-on-va-plus-loin\/","og_locale":"fr_FR","og_type":"article","og_title":"\u00c9lodie Beltrame : \"Seul on va plus vite, ensemble on va plus loin\"","og_description":"Rencontre avec \u00c9lodie Beltrame, joueuse de l'AS Monaco Football F\u00e9minin, qui revient sur le d\u00e9but de saison de son \u00e9quipe et sur les premiers matchs de la phase retour.","og_url":"https:\/\/dicodusport.fr\/blog\/elodie-beltrame-seul-on-va-plus-vite-ensemble-on-va-plus-loin\/","og_site_name":"Dicodusport","article_publisher":"https:\/\/www.facebook.com\/dicodusport","article_author":"https:\/\/www.facebook.com\/dicodusport","article_published_time":"2018-02-22T13:00:01+00:00","og_image":[{"width":1200,"height":670,"url":"https:\/\/dicodusport.fr\/blog\/wp-content\/uploads\/2018\/02\/\u00c9lodie-Beltrame-AS-Monaco-Football-F\u00e9minin.png","type":"image\/png"}],"author":"Nicolas Jacquemard","twitter_card":"summary_large_image","twitter_creator":"@https:\/\/twitter.com\/Nico_Jacquemard","twitter_site":"@dicodusport","schema":{"@context":"https:\/\/schema.org","@graph":[{"@type":"NewsArticle","@id":"https:\/\/dicodusport.fr\/blog\/elodie-beltrame-seul-on-va-plus-vite-ensemble-on-va-plus-loin\/#article","isPartOf":{"@id":"https:\/\/dicodusport.fr\/blog\/elodie-beltrame-seul-on-va-plus-vite-ensemble-on-va-plus-loin\/"},"author":{"name":"Nicolas Jacquemard","@id":"https:\/\/dicodusport.fr\/blog\/#\/schema\/person\/55dcb50ad410894e431ed812bbb70191"},"headline":"\u00c9lodie Beltrame : \u00ab\u00a0Seul on va plus vite, ensemble on va plus loin\u00a0\u00bb","datePublished":"2018-02-22T13:00:01+00:00","mainEntityOfPage":{"@id":"https:\/\/dicodusport.fr\/blog\/elodie-beltrame-seul-on-va-plus-vite-ensemble-on-va-plus-loin\/"},"wordCount":697,"commentCount":0,"publisher":{"@id":"https:\/\/dicodusport.fr\/blog\/#organization"},"image":{"@id":"https:\/\/dicodusport.fr\/blog\/elodie-beltrame-seul-on-va-plus-vite-ensemble-on-va-plus-loin\/#primaryimage"},"thumbnailUrl":"https:\/\/dicodusport.fr\/blog\/wp-content\/uploads\/2018\/02\/\u00c9lodie-Beltrame-AS-Monaco-Football-F\u00e9minin.png","keywords":["AS Monaco f\u00e9minin","Football","football f\u00e9minin","Monaco","sport f\u00e9minin"],"articleSection":["Football","Portraits"],"inLanguage":"fr-FR","potentialAction":[{"@type":"CommentAction","name":"Comment","target":["https:\/\/dicodusport.fr\/blog\/elodie-beltrame-seul-on-va-plus-vite-ensemble-on-va-plus-loin\/#respond"]}],"copyrightYear":"2018","copyrightHolder":{"@id":"https:\/\/dicodusport.fr\/blog\/#organization"}},{"@type":"WebPage","@id":"https:\/\/dicodusport.fr\/blog\/elodie-beltrame-seul-on-va-plus-vite-ensemble-on-va-plus-loin\/","url":"https:\/\/dicodusport.fr\/blog\/elodie-beltrame-seul-on-va-plus-vite-ensemble-on-va-plus-loin\/","name":"\u00c9lodie Beltrame : \"Seul on va plus vite, ensemble on va plus loin\"","isPartOf":{"@id":"https:\/\/dicodusport.fr\/blog\/#website"},"primaryImageOfPage":{"@id":"https:\/\/dicodusport.fr\/blog\/elodie-beltrame-seul-on-va-plus-vite-ensemble-on-va-plus-loin\/#primaryimage"},"image":{"@id":"https:\/\/dicodusport.fr\/blog\/elodie-beltrame-seul-on-va-plus-vite-ensemble-on-va-plus-loin\/#primaryimage"},"thumbnailUrl":"https:\/\/dicodusport.fr\/blog\/wp-content\/uploads\/2018\/02\/\u00c9lodie-Beltrame-AS-Monaco-Football-F\u00e9minin.png","datePublished":"2018-02-22T13:00:01+00:00","description":"Rencontre avec \u00c9lodie Beltrame, joueuse de l'AS Monaco Football F\u00e9minin, qui revient sur le d\u00e9but de saison de son \u00e9quipe et sur les premiers matchs de la phase retour.","breadcrumb":{"@id":"https:\/\/dicodusport.fr\/blog\/elodie-beltrame-seul-on-va-plus-vite-ensemble-on-va-plus-loin\/#breadcrumb"},"inLanguage":"fr-FR","potentialAction":[{"@type":"ReadAction","target":["https:\/\/dicodusport.fr\/blog\/elodie-beltrame-seul-on-va-plus-vite-ensemble-on-va-plus-loin\/"]}]},{"@type":"ImageObject","inLanguage":"fr-FR","@id":"https:\/\/dicodusport.fr\/blog\/elodie-beltrame-seul-on-va-plus-vite-ensemble-on-va-plus-loin\/#primaryimage","url":"https:\/\/dicodusport.fr\/blog\/wp-content\/uploads\/2018\/02\/\u00c9lodie-Beltrame-AS-Monaco-Football-F\u00e9minin.png","contentUrl":"https:\/\/dicodusport.fr\/blog\/wp-content\/uploads\/2018\/02\/\u00c9lodie-Beltrame-AS-Monaco-Football-F\u00e9minin.png","width":1200,"height":670,"caption":"\u00c9lodie Beltrame - AS Monaco Football F\u00e9minin"},{"@type":"BreadcrumbList","@id":"https:\/\/dicodusport.fr\/blog\/elodie-beltrame-seul-on-va-plus-vite-ensemble-on-va-plus-loin\/#breadcrumb","itemListElement":[{"@type":"ListItem","position":1,"name":"Accueil","item":"https:\/\/dicodusport.fr\/blog\/"},{"@type":"ListItem","position":2,"name":"\u00c9lodie Beltrame : \u00ab\u00a0Seul on va plus vite, ensemble on va plus loin\u00a0\u00bb"}]},{"@type":"WebSite","@id":"https:\/\/dicodusport.fr\/blog\/#website","url":"https:\/\/dicodusport.fr\/blog\/","name":"Dicodusport","description":"L&#039;encyclop\u00e9die de l&#039;actualit\u00e9 sportive","publisher":{"@id":"https:\/\/dicodusport.fr\/blog\/#organization"},"potentialAction":[{"@type":"SearchAction","target":{"@type":"EntryPoint","urlTemplate":"https:\/\/dicodusport.fr\/blog\/?s={search_term_string}"},"query-input":{"@type":"PropertyValueSpecification","valueRequired":true,"valueName":"search_term_string"}}],"inLanguage":"fr-FR"},{"@type":"NewsMediaOrganization","@id":"https:\/\/dicodusport.fr\/blog\/#organization","name":"Dicodusport","url":"https:\/\/dicodusport.fr\/blog\/","logo":{"@type":"ImageObject","inLanguage":"fr-FR","@id":"https:\/\/dicodusport.fr\/blog\/#\/schema\/logo\/image\/","url":"https:\/\/dicodusport.fr\/blog\/wp-content\/uploads\/2020\/06\/cropped-LOGO-DICODUSPORT-2020-SANS-FOND-SANS-TEXTE.png","contentUrl":"https:\/\/dicodusport.fr\/blog\/wp-content\/uploads\/2020\/06\/cropped-LOGO-DICODUSPORT-2020-SANS-FOND-SANS-TEXTE.png","width":512,"height":512,"caption":"Dicodusport"},"image":{"@id":"https:\/\/dicodusport.fr\/blog\/#\/schema\/logo\/image\/"},"sameAs":["https:\/\/www.facebook.com\/dicodusport","https:\/\/x.com\/dicodusport","https:\/\/www.instagram.com\/dicodusport\/","https:\/\/www.youtube.com\/channel\/UC7V2KZ5sd3htJivAbA4ZG3w"],"description":"Dicodusport est l'encyclop\u00e9die de l'actualit\u00e9 sportive.","email":"bonjour@dicodusport.fr","legalName":"DICODUSPORT","foundingDate":"2018-01-14","vatID":"FR71834470973","taxID":"83447097300043","numberOfEmployees":{"@type":"QuantitativeValue","minValue":"1","maxValue":"10"}},{"@type":"Person","@id":"https:\/\/dicodusport.fr\/blog\/#\/schema\/person\/55dcb50ad410894e431ed812bbb70191","name":"Nicolas Jacquemard","image":{"@type":"ImageObject","inLanguage":"fr-FR","@id":"https:\/\/dicodusport.fr\/blog\/#\/schema\/person\/image\/","url":"https:\/\/dicodusport.fr\/blog\/wp-content\/uploads\/2021\/05\/Nicolas-Jacquemard-150x150.jpeg","contentUrl":"https:\/\/dicodusport.fr\/blog\/wp-content\/uploads\/2021\/05\/Nicolas-Jacquemard-150x150.jpeg","caption":"Nicolas Jacquemard"},"description":"Passionn\u00e9 de sport et entrepreneur depuis mes 18 ans, la cr\u00e9ation de Dicodusport m'a sembl\u00e9 \u00e9vidente pour participer \u00e0 la m\u00e9diatisation d'un plus grand nombre de sports. Le chemin est long mais avec une \u00e9quipe des plus motiv\u00e9es et les Jeux Olympiques de Paris 2024 en point de mire, nous y arriverons ! Journaliste dans le monde du sport depuis plus de 5 ans, je traite aussi bien de football, de rugby, de biathlon que de cyclisme.","sameAs":["https:\/\/www.facebook.com\/dicodusport","https:\/\/x.com\/https:\/\/twitter.com\/Nico_Jacquemard"],"url":"https:\/\/dicodusport.fr\/blog\/author\/dicodusport\/"}]}},"_links":{"self":[{"href":"https:\/\/dicodusport.fr\/blog\/wp-json\/wp\/v2\/posts\/13189","targetHints":{"allow":["GET"]}}],"collection":[{"href":"https:\/\/dicodusport.fr\/blog\/wp-json\/wp\/v2\/posts"}],"about":[{"href":"https:\/\/dicodusport.fr\/blog\/wp-json\/wp\/v2\/types\/post"}],"author":[{"embeddable":true,"href":"https:\/\/dicodusport.fr\/blog\/wp-json\/wp\/v2\/users\/1"}],"replies":[{"embeddable":true,"href":"https:\/\/dicodusport.fr\/blog\/wp-json\/wp\/v2\/comments?post=13189"}],"version-history":[{"count":0,"href":"https:\/\/dicodusport.fr\/blog\/wp-json\/wp\/v2\/posts\/13189\/revisions"}],"wp:featuredmedia":[{"embeddable":true,"href":"https:\/\/dicodusport.fr\/blog\/wp-json\/wp\/v2\/media\/13253"}],"wp:attachment":[{"href":"https:\/\/dicodusport.fr\/blog\/wp-json\/wp\/v2\/media?parent=13189"}],"wp:term":[{"taxonomy":"category","embeddable":true,"href":"https:\/\/dicodusport.fr\/blog\/wp-json\/wp\/v2\/categories?post=13189"},{"taxonomy":"post_tag","embeddable":true,"href":"https:\/\/dicodusport.fr\/blog\/wp-json\/wp\/v2\/tags?post=13189"}],"curies":[{"name":"wp","href":"https:\/\/api.w.org\/{rel}","templated":true}]}}