{"id":13200,"date":"2018-02-22T12:00:56","date_gmt":"2018-02-22T11:00:56","guid":{"rendered":"http:\/\/dicodusport.fr\/blog\/?p=13200"},"modified":"2018-02-22T17:59:09","modified_gmt":"2018-02-22T16:59:09","slug":"ligue-1-dimanche-sainte-va-vouloir-se-venger-derby","status":"publish","type":"post","link":"https:\/\/dicodusport.fr\/blog\/ligue-1-dimanche-sainte-va-vouloir-se-venger-derby\/","title":{"rendered":"Ligue 1 : dimanche, Saint\u00e9 va vouloir se venger lors du derby"},"content":{"rendered":"<p style=\"text-align: justify;\"><em><strong>\u00c0 17h ce dimanche, l\u2019AS Saint-\u00c9tienne se d\u00e9placera au Groupama Stadium de son \u00ab\u00a0ennemi\u00a0\u00bb lyonnais avec plusieurs objectifs : confirmer sa bonne forme actuelle, gommer le 0-5 encaiss\u00e9 \u00e0 l\u2019aller et laisser Lyon dans d\u2019\u00e9normes doutes (4 d\u00e9faites d\u2019affil\u00e9e).<\/strong><\/em><\/p>\n<h4 style=\"text-align: justify;\"><strong>Les Verts ne sont plus les m\u00eames qu\u2019au match aller\u2026 et Lyon non plus<\/strong><\/h4>\n<p style=\"text-align: justify;\">Un affront. Au fond du trou, l\u2019ASSE s\u2019\u00e9tait inclin\u00e9 0-5 \u00e0 Geoffroy Guichard un soir de novembre glacial pour tout un peuple, qui se demandait vers o\u00f9 s\u2019orientait son \u00e9quipe. Oscar Garcia parti, un mercato d\u2019hiver pass\u00e9, Jean-Louis Gasset et Ghislain Printant aux commandes, et Saint-\u00c9tienne va beaucoup mieux. Les Verts restent sur une dynamique totalement oppos\u00e9e \u00e0 celle de son rival (3 victoires un nul, contre Marseille). De quoi arriver avec de l\u2019ambition \u00e0 Lyon, sachant que les St\u00e9phanois n\u2019ont rien \u00e0 perdre. Dans l\u2019ambiance bouillante du nouveau stade de Lyon, Saint-\u00c9tienne s\u2019est promis de ne pas revivre une telle d\u00e9sillusion.<\/p>\n<p style=\"text-align: justify;\">Quant \u00e0 Lyon, le match semble id\u00e9al pour se relancer et rattraper Marseille et Monaco dans la course \u00e0 la Ligue des Champions. Le derby s\u2019annonce chaud au Groupama Stadium, \u00e0 l\u2019OL d\u2019en profiter dans un stade acquis \u00e0 sa cause. Si d\u00e9faite il y a, Lyon pourrait oublier toute ambition de Ligue des Champions, m\u00eame si la route semble encore longue.<\/p>\n<div id=\"attachment_13201\" style=\"width: 610px\" class=\"wp-caption aligncenter\"><img loading=\"lazy\" decoding=\"async\" aria-describedby=\"caption-attachment-13201\" class=\"size-full wp-image-13201\" src=\"http:\/\/dicodusport.fr\/blog\/wp-content\/uploads\/2018\/02\/Jean-Louis-Gasset.jpg\" alt=\"\" width=\"600\" height=\"338\" srcset=\"https:\/\/dicodusport.fr\/blog\/wp-content\/uploads\/2018\/02\/Jean-Louis-Gasset.jpg 600w, https:\/\/dicodusport.fr\/blog\/wp-content\/uploads\/2018\/02\/Jean-Louis-Gasset-300x169.jpg 300w\" sizes=\"auto, (max-width: 600px) 100vw, 600px\" \/><p id=\"caption-attachment-13201\" class=\"wp-caption-text\">Jean-Louis Gasset a redress\u00e9 l&rsquo;ASSE &#8211; 10sport<\/p><\/div>\n<h4 style=\"text-align: justify;\"><strong>Un mercato d\u2019hiver finalement tr\u00e8s utile<\/strong><\/h4>\n<p style=\"text-align: justify;\">La situation devenait critique, l\u2019ASSE a d\u00fb r\u00e9agir. Justement, le mercato d\u2019hiver est construit pour la r\u00e9action, la reconstruction rapide. Autour de l\u2019exp\u00e9riment\u00e9 Fr\u00e9d\u00e9ric Paquet, nouveau directeur g\u00e9n\u00e9ral, un nouveau souffle s\u2019est install\u00e9 dans le Forez. D\u2019un seul coup, l\u2019ASSE est devenue attractif sur le march\u00e9 des transferts. Ntep, Debuchy, M\u2019Vila, Subotic\u2026 Plusieurs paris qui pour l\u2019instant ont l\u2019odeur de la r\u00e9ussite pour Saint-\u00c9tienne. 3 internationaux fran\u00e7ais, 1 international serbe, tous pass\u00e9s par des clubs europ\u00e9ens importants, les choix payent. De plus, des d\u00e9parts de joueurs (Diony, Lacroix) \u00a0qui ne trouvaient plus leur place ont permis de lancer une nouvelle dynamique \u00e0 l&rsquo;int\u00e9rieur du groupe, que R\u00e9my Cabella, pr\u00eat\u00e9 par Marseille, disait ne plus reconna\u00eetre. \u00c0 confirmer maintenant hors de ses bases, face au haut de tableau de Ligue 1 et surtout ce dimanche, face au rival lyonnais.<\/p>\n<div id=\"attachment_13202\" style=\"width: 634px\" class=\"wp-caption aligncenter\"><img loading=\"lazy\" decoding=\"async\" aria-describedby=\"caption-attachment-13202\" class=\"size-full wp-image-13202\" src=\"http:\/\/dicodusport.fr\/blog\/wp-content\/uploads\/2018\/02\/Lois-Diony.jpg\" alt=\"\" width=\"624\" height=\"416\" srcset=\"https:\/\/dicodusport.fr\/blog\/wp-content\/uploads\/2018\/02\/Lois-Diony.jpg 624w, https:\/\/dicodusport.fr\/blog\/wp-content\/uploads\/2018\/02\/Lois-Diony-300x200.jpg 300w\" sizes=\"auto, (max-width: 624px) 100vw, 624px\" \/><p id=\"caption-attachment-13202\" class=\"wp-caption-text\">Avec aucun but en 17 matches avec Saint Etienne, Lo\u00efs Diony a rejoint Bristol City cet hiver- L\u2019\u00e9quipe<\/p><\/div>\n<p><em><strong>Romain Delanis<br \/>\n<a href=\"https:\/\/twitter.com\/RDelanis\" target=\"_blank\" rel=\"noopener noreferrer\"><img loading=\"lazy\" decoding=\"async\" class=\"alignnone wp-image-2908\" src=\"http:\/\/dicodusport.fr\/blog\/wp-content\/uploads\/2017\/07\/logo-twitter-150x150.png\" alt=\"\" width=\"39\" height=\"39\" \/><\/a><\/strong><\/em><\/p>\n","protected":false},"excerpt":{"rendered":"<p>\u00c0 17h ce dimanche, l\u2019AS Saint-\u00c9tienne se d\u00e9placera au Groupama Stadium de son \u00ab ennemi \u00bb lyonnais avec plusieurs objectifs : confirmer sa bonne forme actuelle, gommer le 0-5 encaiss\u00e9 \u00e0 l\u2019aller et laisser Lyon dans d\u2019\u00e9normes doutes (4 d\u00e9faites d\u2019affil\u00e9e).<\/p>\n","protected":false},"author":14,"featured_media":13220,"comment_status":"open","ping_status":"closed","sticky":false,"template":"","format":"standard","meta":{"_acf_changed":false,"_daextam_enable_autolinks":"","footnotes":""},"categories":[2,2301],"tags":[1206,75,2816,1554,449,1145,457],"class_list":["post-13200","post","type-post","status-publish","format-standard","has-post-thumbnail","hentry","category-actualites","category-football","tag-asse","tag-football","tag-groupama-stadium","tag-ligue-1","tag-lyon","tag-ol","tag-saint-etienne"],"acf":[],"yoast_head":"<!-- This site is optimized with the Yoast SEO Premium plugin v26.7 (Yoast SEO v26.7) - https:\/\/yoast.com\/wordpress\/plugins\/seo\/ -->\n<title>Ligue 1 : dimanche, Saint\u00e9 va vouloir se venger lors du derby<\/title>\n<meta name=\"description\" content=\"\u00c0 17h ce dimanche, l\u2019AS Saint-\u00c9tienne se d\u00e9placera au Groupama Stadium de son \u00ab ennemi \u00bb lyonnais avec plusieurs objectifs : confirmer sa bonne forme actuelle, gommer le 0-5 encaiss\u00e9 \u00e0 l\u2019aller et laisser Lyon dans d\u2019\u00e9normes doutes (4 d\u00e9faites d\u2019affil\u00e9e).\" \/>\n<meta name=\"robots\" content=\"index, follow, max-snippet:-1, max-image-preview:large, max-video-preview:-1\" \/>\n<link rel=\"canonical\" href=\"https:\/\/dicodusport.fr\/blog\/ligue-1-dimanche-sainte-va-vouloir-se-venger-derby\/\" \/>\n<meta property=\"og:locale\" content=\"fr_FR\" \/>\n<meta property=\"og:type\" content=\"article\" \/>\n<meta property=\"og:title\" content=\"Ligue 1 : dimanche, Saint\u00e9 va vouloir se venger lors du derby\" \/>\n<meta property=\"og:description\" content=\"\u00c0 17h ce dimanche, l\u2019AS Saint-\u00c9tienne se d\u00e9placera au Groupama Stadium de son \u00ab ennemi \u00bb lyonnais avec plusieurs objectifs : confirmer sa bonne forme actuelle, gommer le 0-5 encaiss\u00e9 \u00e0 l\u2019aller et laisser Lyon dans d\u2019\u00e9normes doutes (4 d\u00e9faites d\u2019affil\u00e9e).\" \/>\n<meta property=\"og:url\" content=\"https:\/\/dicodusport.fr\/blog\/ligue-1-dimanche-sainte-va-vouloir-se-venger-derby\/\" \/>\n<meta property=\"og:site_name\" content=\"Dicodusport\" \/>\n<meta property=\"article:publisher\" content=\"https:\/\/www.facebook.com\/dicodusport\" \/>\n<meta property=\"article:published_time\" content=\"2018-02-22T11:00:56+00:00\" \/>\n<meta property=\"article:modified_time\" content=\"2018-02-22T16:59:09+00:00\" \/>\n<meta property=\"og:image\" content=\"https:\/\/dicodusport.fr\/blog\/wp-content\/uploads\/2018\/02\/Yann-mvila.png\" \/>\n\t<meta property=\"og:image:width\" content=\"1200\" \/>\n\t<meta property=\"og:image:height\" content=\"670\" \/>\n\t<meta property=\"og:image:type\" content=\"image\/png\" \/>\n<meta name=\"author\" content=\"Romain Delanis\" \/>\n<meta name=\"twitter:card\" content=\"summary_large_image\" \/>\n<meta name=\"twitter:creator\" content=\"@https:\/\/twitter.com\/RDelanis\" \/>\n<meta name=\"twitter:site\" content=\"@dicodusport\" \/>\n<script type=\"application\/ld+json\" class=\"yoast-schema-graph\">{\"@context\":\"https:\/\/schema.org\",\"@graph\":[{\"@type\":\"NewsArticle\",\"@id\":\"https:\/\/dicodusport.fr\/blog\/ligue-1-dimanche-sainte-va-vouloir-se-venger-derby\/#article\",\"isPartOf\":{\"@id\":\"https:\/\/dicodusport.fr\/blog\/ligue-1-dimanche-sainte-va-vouloir-se-venger-derby\/\"},\"author\":{\"name\":\"Romain Delanis\",\"@id\":\"https:\/\/dicodusport.fr\/blog\/#\/schema\/person\/8c78730a59f8a1e617f7a19026ebc14a\"},\"headline\":\"Ligue 1 : dimanche, Saint\u00e9 va vouloir se venger lors du derby\",\"datePublished\":\"2018-02-22T11:00:56+00:00\",\"dateModified\":\"2018-02-22T16:59:09+00:00\",\"mainEntityOfPage\":{\"@id\":\"https:\/\/dicodusport.fr\/blog\/ligue-1-dimanche-sainte-va-vouloir-se-venger-derby\/\"},\"wordCount\":454,\"commentCount\":0,\"publisher\":{\"@id\":\"https:\/\/dicodusport.fr\/blog\/#organization\"},\"image\":{\"@id\":\"https:\/\/dicodusport.fr\/blog\/ligue-1-dimanche-sainte-va-vouloir-se-venger-derby\/#primaryimage\"},\"thumbnailUrl\":\"https:\/\/dicodusport.fr\/blog\/wp-content\/uploads\/2018\/02\/Yann-mvila.png\",\"keywords\":[\"ASSE\",\"Football\",\"Groupama Stadium\",\"Ligue 1\",\"Lyon\",\"OL\",\"Saint-Etienne\"],\"articleSection\":[\"Actualit\u00e9s\",\"Football\"],\"inLanguage\":\"fr-FR\",\"potentialAction\":[{\"@type\":\"CommentAction\",\"name\":\"Comment\",\"target\":[\"https:\/\/dicodusport.fr\/blog\/ligue-1-dimanche-sainte-va-vouloir-se-venger-derby\/#respond\"]}],\"copyrightYear\":\"2018\",\"copyrightHolder\":{\"@id\":\"https:\/\/dicodusport.fr\/blog\/#organization\"}},{\"@type\":\"WebPage\",\"@id\":\"https:\/\/dicodusport.fr\/blog\/ligue-1-dimanche-sainte-va-vouloir-se-venger-derby\/\",\"url\":\"https:\/\/dicodusport.fr\/blog\/ligue-1-dimanche-sainte-va-vouloir-se-venger-derby\/\",\"name\":\"Ligue 1 : dimanche, Saint\u00e9 va vouloir se venger lors du derby\",\"isPartOf\":{\"@id\":\"https:\/\/dicodusport.fr\/blog\/#website\"},\"primaryImageOfPage\":{\"@id\":\"https:\/\/dicodusport.fr\/blog\/ligue-1-dimanche-sainte-va-vouloir-se-venger-derby\/#primaryimage\"},\"image\":{\"@id\":\"https:\/\/dicodusport.fr\/blog\/ligue-1-dimanche-sainte-va-vouloir-se-venger-derby\/#primaryimage\"},\"thumbnailUrl\":\"https:\/\/dicodusport.fr\/blog\/wp-content\/uploads\/2018\/02\/Yann-mvila.png\",\"datePublished\":\"2018-02-22T11:00:56+00:00\",\"dateModified\":\"2018-02-22T16:59:09+00:00\",\"description\":\"\u00c0 17h ce dimanche, l\u2019AS Saint-\u00c9tienne se d\u00e9placera au Groupama Stadium de son \u00ab ennemi \u00bb lyonnais avec plusieurs objectifs : confirmer sa bonne forme actuelle, gommer le 0-5 encaiss\u00e9 \u00e0 l\u2019aller et laisser Lyon dans d\u2019\u00e9normes doutes (4 d\u00e9faites d\u2019affil\u00e9e).\",\"breadcrumb\":{\"@id\":\"https:\/\/dicodusport.fr\/blog\/ligue-1-dimanche-sainte-va-vouloir-se-venger-derby\/#breadcrumb\"},\"inLanguage\":\"fr-FR\",\"potentialAction\":[{\"@type\":\"ReadAction\",\"target\":[\"https:\/\/dicodusport.fr\/blog\/ligue-1-dimanche-sainte-va-vouloir-se-venger-derby\/\"]}]},{\"@type\":\"ImageObject\",\"inLanguage\":\"fr-FR\",\"@id\":\"https:\/\/dicodusport.fr\/blog\/ligue-1-dimanche-sainte-va-vouloir-se-venger-derby\/#primaryimage\",\"url\":\"https:\/\/dicodusport.fr\/blog\/wp-content\/uploads\/2018\/02\/Yann-mvila.png\",\"contentUrl\":\"https:\/\/dicodusport.fr\/blog\/wp-content\/uploads\/2018\/02\/Yann-mvila.png\",\"width\":1200,\"height\":670},{\"@type\":\"BreadcrumbList\",\"@id\":\"https:\/\/dicodusport.fr\/blog\/ligue-1-dimanche-sainte-va-vouloir-se-venger-derby\/#breadcrumb\",\"itemListElement\":[{\"@type\":\"ListItem\",\"position\":1,\"name\":\"Accueil\",\"item\":\"https:\/\/dicodusport.fr\/blog\/\"},{\"@type\":\"ListItem\",\"position\":2,\"name\":\"Ligue 1 : dimanche, Saint\u00e9 va vouloir se venger lors du derby\"}]},{\"@type\":\"WebSite\",\"@id\":\"https:\/\/dicodusport.fr\/blog\/#website\",\"url\":\"https:\/\/dicodusport.fr\/blog\/\",\"name\":\"Dicodusport\",\"description\":\"L&#039;encyclop\u00e9die de l&#039;actualit\u00e9 sportive\",\"publisher\":{\"@id\":\"https:\/\/dicodusport.fr\/blog\/#organization\"},\"potentialAction\":[{\"@type\":\"SearchAction\",\"target\":{\"@type\":\"EntryPoint\",\"urlTemplate\":\"https:\/\/dicodusport.fr\/blog\/?s={search_term_string}\"},\"query-input\":{\"@type\":\"PropertyValueSpecification\",\"valueRequired\":true,\"valueName\":\"search_term_string\"}}],\"inLanguage\":\"fr-FR\"},{\"@type\":\"NewsMediaOrganization\",\"@id\":\"https:\/\/dicodusport.fr\/blog\/#organization\",\"name\":\"Dicodusport\",\"url\":\"https:\/\/dicodusport.fr\/blog\/\",\"logo\":{\"@type\":\"ImageObject\",\"inLanguage\":\"fr-FR\",\"@id\":\"https:\/\/dicodusport.fr\/blog\/#\/schema\/logo\/image\/\",\"url\":\"https:\/\/dicodusport.fr\/blog\/wp-content\/uploads\/2020\/06\/cropped-LOGO-DICODUSPORT-2020-SANS-FOND-SANS-TEXTE.png\",\"contentUrl\":\"https:\/\/dicodusport.fr\/blog\/wp-content\/uploads\/2020\/06\/cropped-LOGO-DICODUSPORT-2020-SANS-FOND-SANS-TEXTE.png\",\"width\":512,\"height\":512,\"caption\":\"Dicodusport\"},\"image\":{\"@id\":\"https:\/\/dicodusport.fr\/blog\/#\/schema\/logo\/image\/\"},\"sameAs\":[\"https:\/\/www.facebook.com\/dicodusport\",\"https:\/\/x.com\/dicodusport\",\"https:\/\/www.instagram.com\/dicodusport\/\",\"https:\/\/www.youtube.com\/channel\/UC7V2KZ5sd3htJivAbA4ZG3w\"],\"description\":\"Dicodusport est l'encyclop\u00e9die de l'actualit\u00e9 sportive.\",\"email\":\"bonjour@dicodusport.fr\",\"legalName\":\"DICODUSPORT\",\"foundingDate\":\"2018-01-14\",\"vatID\":\"FR71834470973\",\"taxID\":\"83447097300043\",\"numberOfEmployees\":{\"@type\":\"QuantitativeValue\",\"minValue\":\"1\",\"maxValue\":\"10\"}},{\"@type\":\"Person\",\"@id\":\"https:\/\/dicodusport.fr\/blog\/#\/schema\/person\/8c78730a59f8a1e617f7a19026ebc14a\",\"name\":\"Romain Delanis\",\"image\":{\"@type\":\"ImageObject\",\"inLanguage\":\"fr-FR\",\"@id\":\"https:\/\/dicodusport.fr\/blog\/#\/schema\/person\/image\/\",\"url\":\"https:\/\/dicodusport.fr\/blog\/wp-content\/uploads\/2021\/05\/Romain-Delanis-150x150.jpg\",\"contentUrl\":\"https:\/\/dicodusport.fr\/blog\/wp-content\/uploads\/2021\/05\/Romain-Delanis-150x150.jpg\",\"caption\":\"Romain Delanis\"},\"description\":\"Journaliste\/R\u00e9dacteur depuis novembre 2015 - Capable de passer un samedi apr\u00e8s-midi devant la Ligue 2 puis le biathlon sans oublier la finale de l\u2019ATP Rotterdam, j\u2019aime aussi mettre mon r\u00e9veil pour me faire un Pistons\/Bulls qui rappelle de bons souvenirs. Tout cela, j\u2019ai choisi il y a maintenant quelques temps de vous le raconter avec Dicodusport, pour vous faire vivre ma passion parfois inconsid\u00e9r\u00e9e pour le sport en g\u00e9n\u00e9ral (mais surtout le foot faut se l\u2019avouer).\",\"sameAs\":[\"https:\/\/x.com\/https:\/\/twitter.com\/RDelanis\"],\"url\":\"https:\/\/dicodusport.fr\/blog\/author\/romain\/\"}]}<\/script>\n<!-- \/ Yoast SEO Premium plugin. -->","yoast_head_json":{"title":"Ligue 1 : dimanche, Saint\u00e9 va vouloir se venger lors du derby","description":"\u00c0 17h ce dimanche, l\u2019AS Saint-\u00c9tienne se d\u00e9placera au Groupama Stadium de son \u00ab ennemi \u00bb lyonnais avec plusieurs objectifs : confirmer sa bonne forme actuelle, gommer le 0-5 encaiss\u00e9 \u00e0 l\u2019aller et laisser Lyon dans d\u2019\u00e9normes doutes (4 d\u00e9faites d\u2019affil\u00e9e).","robots":{"index":"index","follow":"follow","max-snippet":"max-snippet:-1","max-image-preview":"max-image-preview:large","max-video-preview":"max-video-preview:-1"},"canonical":"https:\/\/dicodusport.fr\/blog\/ligue-1-dimanche-sainte-va-vouloir-se-venger-derby\/","og_locale":"fr_FR","og_type":"article","og_title":"Ligue 1 : dimanche, Saint\u00e9 va vouloir se venger lors du derby","og_description":"\u00c0 17h ce dimanche, l\u2019AS Saint-\u00c9tienne se d\u00e9placera au Groupama Stadium de son \u00ab ennemi \u00bb lyonnais avec plusieurs objectifs : confirmer sa bonne forme actuelle, gommer le 0-5 encaiss\u00e9 \u00e0 l\u2019aller et laisser Lyon dans d\u2019\u00e9normes doutes (4 d\u00e9faites d\u2019affil\u00e9e).","og_url":"https:\/\/dicodusport.fr\/blog\/ligue-1-dimanche-sainte-va-vouloir-se-venger-derby\/","og_site_name":"Dicodusport","article_publisher":"https:\/\/www.facebook.com\/dicodusport","article_published_time":"2018-02-22T11:00:56+00:00","article_modified_time":"2018-02-22T16:59:09+00:00","og_image":[{"width":1200,"height":670,"url":"https:\/\/dicodusport.fr\/blog\/wp-content\/uploads\/2018\/02\/Yann-mvila.png","type":"image\/png"}],"author":"Romain Delanis","twitter_card":"summary_large_image","twitter_creator":"@https:\/\/twitter.com\/RDelanis","twitter_site":"@dicodusport","schema":{"@context":"https:\/\/schema.org","@graph":[{"@type":"NewsArticle","@id":"https:\/\/dicodusport.fr\/blog\/ligue-1-dimanche-sainte-va-vouloir-se-venger-derby\/#article","isPartOf":{"@id":"https:\/\/dicodusport.fr\/blog\/ligue-1-dimanche-sainte-va-vouloir-se-venger-derby\/"},"author":{"name":"Romain Delanis","@id":"https:\/\/dicodusport.fr\/blog\/#\/schema\/person\/8c78730a59f8a1e617f7a19026ebc14a"},"headline":"Ligue 1 : dimanche, Saint\u00e9 va vouloir se venger lors du derby","datePublished":"2018-02-22T11:00:56+00:00","dateModified":"2018-02-22T16:59:09+00:00","mainEntityOfPage":{"@id":"https:\/\/dicodusport.fr\/blog\/ligue-1-dimanche-sainte-va-vouloir-se-venger-derby\/"},"wordCount":454,"commentCount":0,"publisher":{"@id":"https:\/\/dicodusport.fr\/blog\/#organization"},"image":{"@id":"https:\/\/dicodusport.fr\/blog\/ligue-1-dimanche-sainte-va-vouloir-se-venger-derby\/#primaryimage"},"thumbnailUrl":"https:\/\/dicodusport.fr\/blog\/wp-content\/uploads\/2018\/02\/Yann-mvila.png","keywords":["ASSE","Football","Groupama Stadium","Ligue 1","Lyon","OL","Saint-Etienne"],"articleSection":["Actualit\u00e9s","Football"],"inLanguage":"fr-FR","potentialAction":[{"@type":"CommentAction","name":"Comment","target":["https:\/\/dicodusport.fr\/blog\/ligue-1-dimanche-sainte-va-vouloir-se-venger-derby\/#respond"]}],"copyrightYear":"2018","copyrightHolder":{"@id":"https:\/\/dicodusport.fr\/blog\/#organization"}},{"@type":"WebPage","@id":"https:\/\/dicodusport.fr\/blog\/ligue-1-dimanche-sainte-va-vouloir-se-venger-derby\/","url":"https:\/\/dicodusport.fr\/blog\/ligue-1-dimanche-sainte-va-vouloir-se-venger-derby\/","name":"Ligue 1 : dimanche, Saint\u00e9 va vouloir se venger lors du derby","isPartOf":{"@id":"https:\/\/dicodusport.fr\/blog\/#website"},"primaryImageOfPage":{"@id":"https:\/\/dicodusport.fr\/blog\/ligue-1-dimanche-sainte-va-vouloir-se-venger-derby\/#primaryimage"},"image":{"@id":"https:\/\/dicodusport.fr\/blog\/ligue-1-dimanche-sainte-va-vouloir-se-venger-derby\/#primaryimage"},"thumbnailUrl":"https:\/\/dicodusport.fr\/blog\/wp-content\/uploads\/2018\/02\/Yann-mvila.png","datePublished":"2018-02-22T11:00:56+00:00","dateModified":"2018-02-22T16:59:09+00:00","description":"\u00c0 17h ce dimanche, l\u2019AS Saint-\u00c9tienne se d\u00e9placera au Groupama Stadium de son \u00ab ennemi \u00bb lyonnais avec plusieurs objectifs : confirmer sa bonne forme actuelle, gommer le 0-5 encaiss\u00e9 \u00e0 l\u2019aller et laisser Lyon dans d\u2019\u00e9normes doutes (4 d\u00e9faites d\u2019affil\u00e9e).","breadcrumb":{"@id":"https:\/\/dicodusport.fr\/blog\/ligue-1-dimanche-sainte-va-vouloir-se-venger-derby\/#breadcrumb"},"inLanguage":"fr-FR","potentialAction":[{"@type":"ReadAction","target":["https:\/\/dicodusport.fr\/blog\/ligue-1-dimanche-sainte-va-vouloir-se-venger-derby\/"]}]},{"@type":"ImageObject","inLanguage":"fr-FR","@id":"https:\/\/dicodusport.fr\/blog\/ligue-1-dimanche-sainte-va-vouloir-se-venger-derby\/#primaryimage","url":"https:\/\/dicodusport.fr\/blog\/wp-content\/uploads\/2018\/02\/Yann-mvila.png","contentUrl":"https:\/\/dicodusport.fr\/blog\/wp-content\/uploads\/2018\/02\/Yann-mvila.png","width":1200,"height":670},{"@type":"BreadcrumbList","@id":"https:\/\/dicodusport.fr\/blog\/ligue-1-dimanche-sainte-va-vouloir-se-venger-derby\/#breadcrumb","itemListElement":[{"@type":"ListItem","position":1,"name":"Accueil","item":"https:\/\/dicodusport.fr\/blog\/"},{"@type":"ListItem","position":2,"name":"Ligue 1 : dimanche, Saint\u00e9 va vouloir se venger lors du derby"}]},{"@type":"WebSite","@id":"https:\/\/dicodusport.fr\/blog\/#website","url":"https:\/\/dicodusport.fr\/blog\/","name":"Dicodusport","description":"L&#039;encyclop\u00e9die de l&#039;actualit\u00e9 sportive","publisher":{"@id":"https:\/\/dicodusport.fr\/blog\/#organization"},"potentialAction":[{"@type":"SearchAction","target":{"@type":"EntryPoint","urlTemplate":"https:\/\/dicodusport.fr\/blog\/?s={search_term_string}"},"query-input":{"@type":"PropertyValueSpecification","valueRequired":true,"valueName":"search_term_string"}}],"inLanguage":"fr-FR"},{"@type":"NewsMediaOrganization","@id":"https:\/\/dicodusport.fr\/blog\/#organization","name":"Dicodusport","url":"https:\/\/dicodusport.fr\/blog\/","logo":{"@type":"ImageObject","inLanguage":"fr-FR","@id":"https:\/\/dicodusport.fr\/blog\/#\/schema\/logo\/image\/","url":"https:\/\/dicodusport.fr\/blog\/wp-content\/uploads\/2020\/06\/cropped-LOGO-DICODUSPORT-2020-SANS-FOND-SANS-TEXTE.png","contentUrl":"https:\/\/dicodusport.fr\/blog\/wp-content\/uploads\/2020\/06\/cropped-LOGO-DICODUSPORT-2020-SANS-FOND-SANS-TEXTE.png","width":512,"height":512,"caption":"Dicodusport"},"image":{"@id":"https:\/\/dicodusport.fr\/blog\/#\/schema\/logo\/image\/"},"sameAs":["https:\/\/www.facebook.com\/dicodusport","https:\/\/x.com\/dicodusport","https:\/\/www.instagram.com\/dicodusport\/","https:\/\/www.youtube.com\/channel\/UC7V2KZ5sd3htJivAbA4ZG3w"],"description":"Dicodusport est l'encyclop\u00e9die de l'actualit\u00e9 sportive.","email":"bonjour@dicodusport.fr","legalName":"DICODUSPORT","foundingDate":"2018-01-14","vatID":"FR71834470973","taxID":"83447097300043","numberOfEmployees":{"@type":"QuantitativeValue","minValue":"1","maxValue":"10"}},{"@type":"Person","@id":"https:\/\/dicodusport.fr\/blog\/#\/schema\/person\/8c78730a59f8a1e617f7a19026ebc14a","name":"Romain Delanis","image":{"@type":"ImageObject","inLanguage":"fr-FR","@id":"https:\/\/dicodusport.fr\/blog\/#\/schema\/person\/image\/","url":"https:\/\/dicodusport.fr\/blog\/wp-content\/uploads\/2021\/05\/Romain-Delanis-150x150.jpg","contentUrl":"https:\/\/dicodusport.fr\/blog\/wp-content\/uploads\/2021\/05\/Romain-Delanis-150x150.jpg","caption":"Romain Delanis"},"description":"Journaliste\/R\u00e9dacteur depuis novembre 2015 - Capable de passer un samedi apr\u00e8s-midi devant la Ligue 2 puis le biathlon sans oublier la finale de l\u2019ATP Rotterdam, j\u2019aime aussi mettre mon r\u00e9veil pour me faire un Pistons\/Bulls qui rappelle de bons souvenirs. Tout cela, j\u2019ai choisi il y a maintenant quelques temps de vous le raconter avec Dicodusport, pour vous faire vivre ma passion parfois inconsid\u00e9r\u00e9e pour le sport en g\u00e9n\u00e9ral (mais surtout le foot faut se l\u2019avouer).","sameAs":["https:\/\/x.com\/https:\/\/twitter.com\/RDelanis"],"url":"https:\/\/dicodusport.fr\/blog\/author\/romain\/"}]}},"_links":{"self":[{"href":"https:\/\/dicodusport.fr\/blog\/wp-json\/wp\/v2\/posts\/13200","targetHints":{"allow":["GET"]}}],"collection":[{"href":"https:\/\/dicodusport.fr\/blog\/wp-json\/wp\/v2\/posts"}],"about":[{"href":"https:\/\/dicodusport.fr\/blog\/wp-json\/wp\/v2\/types\/post"}],"author":[{"embeddable":true,"href":"https:\/\/dicodusport.fr\/blog\/wp-json\/wp\/v2\/users\/14"}],"replies":[{"embeddable":true,"href":"https:\/\/dicodusport.fr\/blog\/wp-json\/wp\/v2\/comments?post=13200"}],"version-history":[{"count":0,"href":"https:\/\/dicodusport.fr\/blog\/wp-json\/wp\/v2\/posts\/13200\/revisions"}],"wp:featuredmedia":[{"embeddable":true,"href":"https:\/\/dicodusport.fr\/blog\/wp-json\/wp\/v2\/media\/13220"}],"wp:attachment":[{"href":"https:\/\/dicodusport.fr\/blog\/wp-json\/wp\/v2\/media?parent=13200"}],"wp:term":[{"taxonomy":"category","embeddable":true,"href":"https:\/\/dicodusport.fr\/blog\/wp-json\/wp\/v2\/categories?post=13200"},{"taxonomy":"post_tag","embeddable":true,"href":"https:\/\/dicodusport.fr\/blog\/wp-json\/wp\/v2\/tags?post=13200"}],"curies":[{"name":"wp","href":"https:\/\/api.w.org\/{rel}","templated":true}]}}